{"id":25538,"date":"2026-03-08T08:50:00","date_gmt":"2026-03-08T08:50:00","guid":{"rendered":"https:\/\/dpress.ma\/fr\/?p=25538"},"modified":"2026-03-08T11:43:07","modified_gmt":"2026-03-08T11:43:07","slug":"liga-le-barca-bat-lathletic-et-creuse-lecart-avec-le-real-madrid","status":"publish","type":"post","link":"https:\/\/dpress.ma\/fr\/2026\/03\/08\/liga-le-barca-bat-lathletic-et-creuse-lecart-avec-le-real-madrid\/","title":{"rendered":"Liga : le Bar\u00e7a bat l\u2019Athletic et creuse l\u2019\u00e9cart avec le Real Madrid"},"content":{"rendered":"\n<p>Dpress<\/p>\n\n\n\n<p>Le FC Barcelone, champion d\u2019Espagne en titre et leader de la Liga, a battu samedi l\u2019Athletic Bilbao sur sa pelouse (1-0), reprenant ses distances avec le Real Madrid gr\u00e2ce \u00e0 un nouveau coup de g\u00e9nie de Lamine Yamal.<\/p>\n\n\n\n<p>La frappe inspir\u00e9e du jeune prodige espagnol (68e), d\u00e9j\u00e0 auteur d\u2019un tripl\u00e9 le week-end dernier face \u00e0 Villarreal (4-1), permet au g\u00e9ant catalan (1er, 67 points) de creuser l\u2019\u00e9cart \u00e0 quatre longueurs sur son rival madril\u00e8ne, \u00e0 onze journ\u00e9es de la fin du championnat.<\/p>\n\n\n\n<p>Trois jours seulement apr\u00e8s l\u2019effort colossal fourni lors de la remontada finalement inaboutie jeudi face \u00e0 l\u2019Atl\u00e9tico Madrid (4-0, 3-0), les hommes d\u2019Hansi Flick ont logiquement souffert face aux Lions basques (9e, 35 points).<\/p>\n\n\n\n<p>Le club blaugrana, \u00e9limin\u00e9 aux portes de la finale par l\u2019Inter la saison derni\u00e8re, se d\u00e9placera mardi \u00e0 Newcastle pour le huiti\u00e8me de finale aller de la Ligue des champions, avec l\u2019ambition de prendre une option avant le match retour.<\/p>\n\n\n\n<p>Plus t\u00f4t dans la soir\u00e9e, l\u2019Atl\u00e9tico Madrid d\u2019Antoine Griezmann, qui recevra Tottenham mardi en C1, s\u2019est impos\u00e9 face \u00e0 la Real Sociedad (3-2) gr\u00e2ce notamment \u00e0 un doubl\u00e9 de l\u2019Argentin Nico Gonz\u00e1lez.<\/p>\n\n\n\n<p>Dans l\u2019apr\u00e8s-midi, Osasuna (10e, 34 points) a arrach\u00e9 le nul (2-2) face \u00e0 Majorque (18e, 25 points) en inscrivant deux buts dans les cinq derni\u00e8res minutes (89e, 90e+4).<\/p>\n\n\n\n<p>G\u00e9rone (12e, 31 points) a \u00e9galement sauv\u00e9 un point in extremis (1-1) sur la pelouse de Levante (19e, 22 points), gr\u00e2ce au jeune milieu espagnol Joel Roca dans le temps additionnel (90e+4).<\/p>\n","protected":false},"excerpt":{"rendered":"<p>Dpress Le FC Barcelone, champion d\u2019Espagne en titre et leader de la Liga, a battu samedi l\u2019Athletic Bilbao sur sa pelouse (1-0), reprenant ses distances avec le Real Madrid gr\u00e2ce \u00e0 un nouveau coup de g\u00e9nie de Lamine Yamal. La frappe inspir\u00e9e du jeune prodige espagnol (68e), d\u00e9j\u00e0 auteur d\u2019un tripl\u00e9 le week-end dernier face &hellip;<\/p>\n","protected":false},"author":2,"featured_media":25539,"comment_status":"open","ping_status":"open","sticky":false,"template":"","format":"standard","meta":{"footnotes":""},"categories":[27],"tags":[],"class_list":["post-25538","post","type-post","status-publish","format-standard","has-post-thumbnail","hentry","category-sport"],"yoast_head":"<!-- This site is optimized with the Yoast SEO plugin v27.5 - https:\/\/yoast.com\/product\/yoast-seo-wordpress\/ -->\n<title>Liga : le Bar\u00e7a bat l\u2019Athletic et creuse l\u2019\u00e9cart avec le Real Madrid - Dpress.ma\/fr<\/title>\n<meta name=\"robots\" content=\"index, follow, max-snippet:-1, max-image-preview:large, max-video-preview:-1\" \/>\n<link rel=\"canonical\" href=\"https:\/\/dpress.ma\/fr\/2026\/03\/08\/liga-le-barca-bat-lathletic-et-creuse-lecart-avec-le-real-madrid\/\" \/>\n<meta property=\"og:locale\" content=\"fr_FR\" \/>\n<meta property=\"og:type\" content=\"article\" \/>\n<meta property=\"og:title\" content=\"Liga : le Bar\u00e7a bat l\u2019Athletic et creuse l\u2019\u00e9cart avec le Real Madrid - Dpress.ma\/fr\" \/>\n<meta property=\"og:description\" content=\"Dpress Le FC Barcelone, champion d\u2019Espagne en titre et leader de la Liga, a battu samedi l\u2019Athletic Bilbao sur sa pelouse (1-0), reprenant ses distances avec le Real Madrid gr\u00e2ce \u00e0 un nouveau coup de g\u00e9nie de Lamine Yamal. La frappe inspir\u00e9e du jeune prodige espagnol (68e), d\u00e9j\u00e0 auteur d\u2019un tripl\u00e9 le week-end dernier face &hellip;\" \/>\n<meta property=\"og:url\" content=\"https:\/\/dpress.ma\/fr\/2026\/03\/08\/liga-le-barca-bat-lathletic-et-creuse-lecart-avec-le-real-madrid\/\" \/>\n<meta property=\"og:site_name\" content=\"Dpress.ma\/fr\" \/>\n<meta property=\"article:published_time\" content=\"2026-03-08T08:50:00+00:00\" \/>\n<meta property=\"article:modified_time\" content=\"2026-03-08T11:43:07+00:00\" \/>\n<meta property=\"og:image\" content=\"https:\/\/dpress.ma\/fr\/wp-content\/uploads\/sites\/2\/2026\/03\/FC-Barcelone.png\" \/>\n\t<meta property=\"og:image:width\" content=\"780\" \/>\n\t<meta property=\"og:image:height\" content=\"470\" \/>\n\t<meta property=\"og:image:type\" content=\"image\/png\" \/>\n<meta name=\"author\" content=\"Dpress.ma\" \/>\n<meta name=\"twitter:card\" content=\"summary_large_image\" \/>\n<meta name=\"twitter:label1\" content=\"\u00c9crit par\" \/>\n\t<meta name=\"twitter:data1\" content=\"Dpress.ma\" \/>\n\t<meta name=\"twitter:label2\" content=\"Dur\u00e9e de lecture estim\u00e9e\" \/>\n\t<meta name=\"twitter:data2\" content=\"2 minutes\" \/>\n<script type=\"application\/ld+json\" class=\"yoast-schema-graph\">{\"@context\":\"https:\\\/\\\/schema.org\",\"@graph\":[{\"@type\":\"Article\",\"@id\":\"https:\\\/\\\/dpress.ma\\\/fr\\\/2026\\\/03\\\/08\\\/liga-le-barca-bat-lathletic-et-creuse-lecart-avec-le-real-madrid\\\/#article\",\"isPartOf\":{\"@id\":\"https:\\\/\\\/dpress.ma\\\/fr\\\/2026\\\/03\\\/08\\\/liga-le-barca-bat-lathletic-et-creuse-lecart-avec-le-real-madrid\\\/\"},\"author\":{\"name\":\"Dpress.ma\",\"@id\":\"https:\\\/\\\/dpress.ma\\\/fr\\\/#\\\/schema\\\/person\\\/4898febf3ccd59e6578d838656a306a0\"},\"headline\":\"Liga : le Bar\u00e7a bat l\u2019Athletic et creuse l\u2019\u00e9cart avec le Real Madrid\",\"datePublished\":\"2026-03-08T08:50:00+00:00\",\"dateModified\":\"2026-03-08T11:43:07+00:00\",\"mainEntityOfPage\":{\"@id\":\"https:\\\/\\\/dpress.ma\\\/fr\\\/2026\\\/03\\\/08\\\/liga-le-barca-bat-lathletic-et-creuse-lecart-avec-le-real-madrid\\\/\"},\"wordCount\":284,\"commentCount\":0,\"image\":{\"@id\":\"https:\\\/\\\/dpress.ma\\\/fr\\\/2026\\\/03\\\/08\\\/liga-le-barca-bat-lathletic-et-creuse-lecart-avec-le-real-madrid\\\/#primaryimage\"},\"thumbnailUrl\":\"https:\\\/\\\/dpress.ma\\\/fr\\\/wp-content\\\/uploads\\\/sites\\\/2\\\/2026\\\/03\\\/FC-Barcelone.png\",\"articleSection\":[\"Sport\"],\"inLanguage\":\"fr-FR\",\"potentialAction\":[{\"@type\":\"CommentAction\",\"name\":\"Comment\",\"target\":[\"https:\\\/\\\/dpress.ma\\\/fr\\\/2026\\\/03\\\/08\\\/liga-le-barca-bat-lathletic-et-creuse-lecart-avec-le-real-madrid\\\/#respond\"]}]},{\"@type\":\"WebPage\",\"@id\":\"https:\\\/\\\/dpress.ma\\\/fr\\\/2026\\\/03\\\/08\\\/liga-le-barca-bat-lathletic-et-creuse-lecart-avec-le-real-madrid\\\/\",\"url\":\"https:\\\/\\\/dpress.ma\\\/fr\\\/2026\\\/03\\\/08\\\/liga-le-barca-bat-lathletic-et-creuse-lecart-avec-le-real-madrid\\\/\",\"name\":\"Liga : le Bar\u00e7a bat l\u2019Athletic et creuse l\u2019\u00e9cart avec le Real Madrid - Dpress.ma\\\/fr\",\"isPartOf\":{\"@id\":\"https:\\\/\\\/dpress.ma\\\/fr\\\/#website\"},\"primaryImageOfPage\":{\"@id\":\"https:\\\/\\\/dpress.ma\\\/fr\\\/2026\\\/03\\\/08\\\/liga-le-barca-bat-lathletic-et-creuse-lecart-avec-le-real-madrid\\\/#primaryimage\"},\"image\":{\"@id\":\"https:\\\/\\\/dpress.ma\\\/fr\\\/2026\\\/03\\\/08\\\/liga-le-barca-bat-lathletic-et-creuse-lecart-avec-le-real-madrid\\\/#primaryimage\"},\"thumbnailUrl\":\"https:\\\/\\\/dpress.ma\\\/fr\\\/wp-content\\\/uploads\\\/sites\\\/2\\\/2026\\\/03\\\/FC-Barcelone.png\",\"datePublished\":\"2026-03-08T08:50:00+00:00\",\"dateModified\":\"2026-03-08T11:43:07+00:00\",\"author\":{\"@id\":\"https:\\\/\\\/dpress.ma\\\/fr\\\/#\\\/schema\\\/person\\\/4898febf3ccd59e6578d838656a306a0\"},\"breadcrumb\":{\"@id\":\"https:\\\/\\\/dpress.ma\\\/fr\\\/2026\\\/03\\\/08\\\/liga-le-barca-bat-lathletic-et-creuse-lecart-avec-le-real-madrid\\\/#breadcrumb\"},\"inLanguage\":\"fr-FR\",\"potentialAction\":[{\"@type\":\"ReadAction\",\"target\":[\"https:\\\/\\\/dpress.ma\\\/fr\\\/2026\\\/03\\\/08\\\/liga-le-barca-bat-lathletic-et-creuse-lecart-avec-le-real-madrid\\\/\"]}]},{\"@type\":\"ImageObject\",\"inLanguage\":\"fr-FR\",\"@id\":\"https:\\\/\\\/dpress.ma\\\/fr\\\/2026\\\/03\\\/08\\\/liga-le-barca-bat-lathletic-et-creuse-lecart-avec-le-real-madrid\\\/#primaryimage\",\"url\":\"https:\\\/\\\/dpress.ma\\\/fr\\\/wp-content\\\/uploads\\\/sites\\\/2\\\/2026\\\/03\\\/FC-Barcelone.png\",\"contentUrl\":\"https:\\\/\\\/dpress.ma\\\/fr\\\/wp-content\\\/uploads\\\/sites\\\/2\\\/2026\\\/03\\\/FC-Barcelone.png\",\"width\":780,\"height\":470},{\"@type\":\"BreadcrumbList\",\"@id\":\"https:\\\/\\\/dpress.ma\\\/fr\\\/2026\\\/03\\\/08\\\/liga-le-barca-bat-lathletic-et-creuse-lecart-avec-le-real-madrid\\\/#breadcrumb\",\"itemListElement\":[{\"@type\":\"ListItem\",\"position\":1,\"name\":\"Home\",\"item\":\"https:\\\/\\\/dpress.ma\\\/fr\\\/\"},{\"@type\":\"ListItem\",\"position\":2,\"name\":\"Liga : le Bar\u00e7a bat l\u2019Athletic et creuse l\u2019\u00e9cart avec le Real Madrid\"}]},{\"@type\":\"WebSite\",\"@id\":\"https:\\\/\\\/dpress.ma\\\/fr\\\/#website\",\"url\":\"https:\\\/\\\/dpress.ma\\\/fr\\\/\",\"name\":\"Dpress.ma\\\/fr\",\"description\":\"\",\"potentialAction\":[{\"@type\":\"SearchAction\",\"target\":{\"@type\":\"EntryPoint\",\"urlTemplate\":\"https:\\\/\\\/dpress.ma\\\/fr\\\/?s={search_term_string}\"},\"query-input\":{\"@type\":\"PropertyValueSpecification\",\"valueRequired\":true,\"valueName\":\"search_term_string\"}}],\"inLanguage\":\"fr-FR\"},{\"@type\":\"Person\",\"@id\":\"https:\\\/\\\/dpress.ma\\\/fr\\\/#\\\/schema\\\/person\\\/4898febf3ccd59e6578d838656a306a0\",\"name\":\"Dpress.ma\",\"image\":{\"@type\":\"ImageObject\",\"inLanguage\":\"fr-FR\",\"@id\":\"https:\\\/\\\/secure.gravatar.com\\\/avatar\\\/72ecc30e9db047a2e0e7176561eb9d564ed77c8108376495b19bd8336405198a?s=96&d=mm&r=g\",\"url\":\"https:\\\/\\\/secure.gravatar.com\\\/avatar\\\/72ecc30e9db047a2e0e7176561eb9d564ed77c8108376495b19bd8336405198a?s=96&d=mm&r=g\",\"contentUrl\":\"https:\\\/\\\/secure.gravatar.com\\\/avatar\\\/72ecc30e9db047a2e0e7176561eb9d564ed77c8108376495b19bd8336405198a?s=96&d=mm&r=g\",\"caption\":\"Dpress.ma\"},\"sameAs\":[\"https:\\\/\\\/www.dpress.ma\"],\"url\":\"https:\\\/\\\/dpress.ma\\\/fr\\\/author\\\/dpress-ma\\\/\"}]}<\/script>\n<!-- \/ Yoast SEO plugin. -->","yoast_head_json":{"title":"Liga : le Bar\u00e7a bat l\u2019Athletic et creuse l\u2019\u00e9cart avec le Real Madrid - Dpress.ma\/fr","robots":{"index":"index","follow":"follow","max-snippet":"max-snippet:-1","max-image-preview":"max-image-preview:large","max-video-preview":"max-video-preview:-1"},"canonical":"https:\/\/dpress.ma\/fr\/2026\/03\/08\/liga-le-barca-bat-lathletic-et-creuse-lecart-avec-le-real-madrid\/","og_locale":"fr_FR","og_type":"article","og_title":"Liga : le Bar\u00e7a bat l\u2019Athletic et creuse l\u2019\u00e9cart avec le Real Madrid - Dpress.ma\/fr","og_description":"Dpress Le FC Barcelone, champion d\u2019Espagne en titre et leader de la Liga, a battu samedi l\u2019Athletic Bilbao sur sa pelouse (1-0), reprenant ses distances avec le Real Madrid gr\u00e2ce \u00e0 un nouveau coup de g\u00e9nie de Lamine Yamal. La frappe inspir\u00e9e du jeune prodige espagnol (68e), d\u00e9j\u00e0 auteur d\u2019un tripl\u00e9 le week-end dernier face &hellip;","og_url":"https:\/\/dpress.ma\/fr\/2026\/03\/08\/liga-le-barca-bat-lathletic-et-creuse-lecart-avec-le-real-madrid\/","og_site_name":"Dpress.ma\/fr","article_published_time":"2026-03-08T08:50:00+00:00","article_modified_time":"2026-03-08T11:43:07+00:00","og_image":[{"width":780,"height":470,"url":"https:\/\/dpress.ma\/fr\/wp-content\/uploads\/sites\/2\/2026\/03\/FC-Barcelone.png","type":"image\/png"}],"author":"Dpress.ma","twitter_card":"summary_large_image","twitter_misc":{"\u00c9crit par":"Dpress.ma","Dur\u00e9e de lecture estim\u00e9e":"2 minutes"},"schema":{"@context":"https:\/\/schema.org","@graph":[{"@type":"Article","@id":"https:\/\/dpress.ma\/fr\/2026\/03\/08\/liga-le-barca-bat-lathletic-et-creuse-lecart-avec-le-real-madrid\/#article","isPartOf":{"@id":"https:\/\/dpress.ma\/fr\/2026\/03\/08\/liga-le-barca-bat-lathletic-et-creuse-lecart-avec-le-real-madrid\/"},"author":{"name":"Dpress.ma","@id":"https:\/\/dpress.ma\/fr\/#\/schema\/person\/4898febf3ccd59e6578d838656a306a0"},"headline":"Liga : le Bar\u00e7a bat l\u2019Athletic et creuse l\u2019\u00e9cart avec le Real Madrid","datePublished":"2026-03-08T08:50:00+00:00","dateModified":"2026-03-08T11:43:07+00:00","mainEntityOfPage":{"@id":"https:\/\/dpress.ma\/fr\/2026\/03\/08\/liga-le-barca-bat-lathletic-et-creuse-lecart-avec-le-real-madrid\/"},"wordCount":284,"commentCount":0,"image":{"@id":"https:\/\/dpress.ma\/fr\/2026\/03\/08\/liga-le-barca-bat-lathletic-et-creuse-lecart-avec-le-real-madrid\/#primaryimage"},"thumbnailUrl":"https:\/\/dpress.ma\/fr\/wp-content\/uploads\/sites\/2\/2026\/03\/FC-Barcelone.png","articleSection":["Sport"],"inLanguage":"fr-FR","potentialAction":[{"@type":"CommentAction","name":"Comment","target":["https:\/\/dpress.ma\/fr\/2026\/03\/08\/liga-le-barca-bat-lathletic-et-creuse-lecart-avec-le-real-madrid\/#respond"]}]},{"@type":"WebPage","@id":"https:\/\/dpress.ma\/fr\/2026\/03\/08\/liga-le-barca-bat-lathletic-et-creuse-lecart-avec-le-real-madrid\/","url":"https:\/\/dpress.ma\/fr\/2026\/03\/08\/liga-le-barca-bat-lathletic-et-creuse-lecart-avec-le-real-madrid\/","name":"Liga : le Bar\u00e7a bat l\u2019Athletic et creuse l\u2019\u00e9cart avec le Real Madrid - Dpress.ma\/fr","isPartOf":{"@id":"https:\/\/dpress.ma\/fr\/#website"},"primaryImageOfPage":{"@id":"https:\/\/dpress.ma\/fr\/2026\/03\/08\/liga-le-barca-bat-lathletic-et-creuse-lecart-avec-le-real-madrid\/#primaryimage"},"image":{"@id":"https:\/\/dpress.ma\/fr\/2026\/03\/08\/liga-le-barca-bat-lathletic-et-creuse-lecart-avec-le-real-madrid\/#primaryimage"},"thumbnailUrl":"https:\/\/dpress.ma\/fr\/wp-content\/uploads\/sites\/2\/2026\/03\/FC-Barcelone.png","datePublished":"2026-03-08T08:50:00+00:00","dateModified":"2026-03-08T11:43:07+00:00","author":{"@id":"https:\/\/dpress.ma\/fr\/#\/schema\/person\/4898febf3ccd59e6578d838656a306a0"},"breadcrumb":{"@id":"https:\/\/dpress.ma\/fr\/2026\/03\/08\/liga-le-barca-bat-lathletic-et-creuse-lecart-avec-le-real-madrid\/#breadcrumb"},"inLanguage":"fr-FR","potentialAction":[{"@type":"ReadAction","target":["https:\/\/dpress.ma\/fr\/2026\/03\/08\/liga-le-barca-bat-lathletic-et-creuse-lecart-avec-le-real-madrid\/"]}]},{"@type":"ImageObject","inLanguage":"fr-FR","@id":"https:\/\/dpress.ma\/fr\/2026\/03\/08\/liga-le-barca-bat-lathletic-et-creuse-lecart-avec-le-real-madrid\/#primaryimage","url":"https:\/\/dpress.ma\/fr\/wp-content\/uploads\/sites\/2\/2026\/03\/FC-Barcelone.png","contentUrl":"https:\/\/dpress.ma\/fr\/wp-content\/uploads\/sites\/2\/2026\/03\/FC-Barcelone.png","width":780,"height":470},{"@type":"BreadcrumbList","@id":"https:\/\/dpress.ma\/fr\/2026\/03\/08\/liga-le-barca-bat-lathletic-et-creuse-lecart-avec-le-real-madrid\/#breadcrumb","itemListElement":[{"@type":"ListItem","position":1,"name":"Home","item":"https:\/\/dpress.ma\/fr\/"},{"@type":"ListItem","position":2,"name":"Liga : le Bar\u00e7a bat l\u2019Athletic et creuse l\u2019\u00e9cart avec le Real Madrid"}]},{"@type":"WebSite","@id":"https:\/\/dpress.ma\/fr\/#website","url":"https:\/\/dpress.ma\/fr\/","name":"Dpress.ma\/fr","description":"","potentialAction":[{"@type":"SearchAction","target":{"@type":"EntryPoint","urlTemplate":"https:\/\/dpress.ma\/fr\/?s={search_term_string}"},"query-input":{"@type":"PropertyValueSpecification","valueRequired":true,"valueName":"search_term_string"}}],"inLanguage":"fr-FR"},{"@type":"Person","@id":"https:\/\/dpress.ma\/fr\/#\/schema\/person\/4898febf3ccd59e6578d838656a306a0","name":"Dpress.ma","image":{"@type":"ImageObject","inLanguage":"fr-FR","@id":"https:\/\/secure.gravatar.com\/avatar\/72ecc30e9db047a2e0e7176561eb9d564ed77c8108376495b19bd8336405198a?s=96&d=mm&r=g","url":"https:\/\/secure.gravatar.com\/avatar\/72ecc30e9db047a2e0e7176561eb9d564ed77c8108376495b19bd8336405198a?s=96&d=mm&r=g","contentUrl":"https:\/\/secure.gravatar.com\/avatar\/72ecc30e9db047a2e0e7176561eb9d564ed77c8108376495b19bd8336405198a?s=96&d=mm&r=g","caption":"Dpress.ma"},"sameAs":["https:\/\/www.dpress.ma"],"url":"https:\/\/dpress.ma\/fr\/author\/dpress-ma\/"}]}},"amp_enabled":true,"_links":{"self":[{"href":"https:\/\/dpress.ma\/fr\/wp-json\/wp\/v2\/posts\/25538","targetHints":{"allow":["GET"]}}],"collection":[{"href":"https:\/\/dpress.ma\/fr\/wp-json\/wp\/v2\/posts"}],"about":[{"href":"https:\/\/dpress.ma\/fr\/wp-json\/wp\/v2\/types\/post"}],"author":[{"embeddable":true,"href":"https:\/\/dpress.ma\/fr\/wp-json\/wp\/v2\/users\/2"}],"replies":[{"embeddable":true,"href":"https:\/\/dpress.ma\/fr\/wp-json\/wp\/v2\/comments?post=25538"}],"version-history":[{"count":1,"href":"https:\/\/dpress.ma\/fr\/wp-json\/wp\/v2\/posts\/25538\/revisions"}],"predecessor-version":[{"id":25540,"href":"https:\/\/dpress.ma\/fr\/wp-json\/wp\/v2\/posts\/25538\/revisions\/25540"}],"wp:featuredmedia":[{"embeddable":true,"href":"https:\/\/dpress.ma\/fr\/wp-json\/wp\/v2\/media\/25539"}],"wp:attachment":[{"href":"https:\/\/dpress.ma\/fr\/wp-json\/wp\/v2\/media?parent=25538"}],"wp:term":[{"taxonomy":"category","embeddable":true,"href":"https:\/\/dpress.ma\/fr\/wp-json\/wp\/v2\/categories?post=25538"},{"taxonomy":"post_tag","embeddable":true,"href":"https:\/\/dpress.ma\/fr\/wp-json\/wp\/v2\/tags?post=25538"}],"curies":[{"name":"wp","href":"https:\/\/api.w.org\/{rel}","templated":true}]}}