{"id":25466,"date":"2026-03-07T09:52:28","date_gmt":"2026-03-07T09:52:28","guid":{"rendered":"https:\/\/dpress.ma\/fr\/?p=25466"},"modified":"2026-03-07T09:52:32","modified_gmt":"2026-03-07T09:52:32","slug":"rabat-hommage-a-des-competences-feminines-du-secteur-des-travaux-publics","status":"publish","type":"post","link":"https:\/\/dpress.ma\/fr\/2026\/03\/07\/rabat-hommage-a-des-competences-feminines-du-secteur-des-travaux-publics\/","title":{"rendered":"Rabat : Hommage \u00e0 des comp\u00e9tences f\u00e9minines du secteur des travaux publics"},"content":{"rendered":"\n<p>Dpress<\/p>\n\n\n\n<p>Une c\u00e9r\u00e9monie d\u2019hommage en l\u2019honneur de comp\u00e9tences f\u00e9minines \u0153uvrant dans le secteur des travaux publics s\u2019est tenue, vendredi \u00e0 Rabat, \u00e0 l\u2019occasion de la c\u00e9l\u00e9bration de la Journ\u00e9e internationale des femmes.<\/p>\n\n\n\n<p>Organis\u00e9 par la Fondation des \u0153uvres sociales des travaux publics (FOSTP) sous le th\u00e8me \u201cFemmes des travaux publics : comp\u00e9tence, engagement et continuit\u00e9\u201d, cet \u00e9v\u00e9nement s\u2019inscrit dans une d\u00e9marche visant \u00e0 ancrer une culture de reconnaissance et de valorisation en tant que levier de motivation institutionnelle, d\u2019am\u00e9lioration de la qualit\u00e9 des performances ainsi que de promotion des valeurs d\u2019\u00e9quit\u00e9, d\u2019\u00e9galit\u00e9 des chances et d\u2019autonomisation professionnelle des femmes.<\/p>\n\n\n\n<p>Il vise \u00e9galement \u00e0 mettre en valeur les contributions qualitatives des femmes dans l\u2019accompagnement des grands chantiers nationaux et des projets strat\u00e9giques ainsi que leur participation \u00e0 la r\u00e9alisation des objectifs de d\u00e9veloppement durable, tout en instaurant une tradition annuelle favorisant la culture de l\u2019excellence et l\u2019esprit d\u2019engagement et de responsabilit\u00e9 au sein du secteur des travaux publics.<\/p>\n\n\n\n<p>A cette occasion, le ministre de l\u2019\u00c9quipement et de l\u2019Eau, Nizar Baraka, a indiqu\u00e9 que le th\u00e8me de cette c\u00e9r\u00e9monie est porteur de significations profondes qui d\u00e9passent la dimension symbolique pour s\u2019inscrire dans une perspective strat\u00e9gique refl\u00e9tant les transformations en la mati\u00e8re.<\/p>\n\n\n\n<p>Il a expliqu\u00e9 que la notion de \u201ccomp\u00e9tence\u201d renvoie au capital d\u2019expertise scientifique, technique et administrative accumul\u00e9 par les femmes, qui leur permet aujourd\u2019hui d\u2019assumer des r\u00f4les de premier plan dans l\u2019accompagnement de grands chantiers exigeant pr\u00e9cision et sens \u00e9lev\u00e9 de responsabilit\u00e9.<\/p>\n\n\n\n<p>Le ministre a ajout\u00e9 que \u201cl\u2019engagement\u201d traduit le d\u00e9vouement quotidien des femmes sur le terrain et dans les diff\u00e9rents espaces de travail, anim\u00e9es par un esprit de s\u00e9rieux, de discipline et de service de l\u2019int\u00e9r\u00eat g\u00e9n\u00e9ral, tandis que la \u201ccontinuit\u00e9\u201d refl\u00e8te une pr\u00e9sence durable et solidement ancr\u00e9e de la gente f\u00e9minine.<\/p>\n\n\n\n<p>De son c\u00f4t\u00e9, le ministre du Transport et de la Logistique, Abdessamad Kayouh, a indiqu\u00e9 que la c\u00e9l\u00e9bration de cette Journ\u00e9e internationale constitue une occasion privil\u00e9gi\u00e9e de renouveler la reconnaissance du r\u00f4le central jou\u00e9 par les femmes dans divers domaines, saluant leurs contributions pr\u00e9cieuses au d\u00e9veloppement et au progr\u00e8s.<\/p>\n\n\n\n<p>La femme marocaine a d\u00e9montr\u00e9 sa capacit\u00e9 \u00e0 assumer des responsabilit\u00e9s et \u00e0 contribuer activement \u00e0 la dynamique du d\u00e9veloppement, a assur\u00e9 M. Kayouh, soulignant que l\u2019\u00e9dification du Maroc du progr\u00e8s et de la dignit\u00e9 est tributaire de la pleine participation des femmes dans tous les domaines.<\/p>\n\n\n\n<p>Pour sa part, la pr\u00e9sidente de la FOSTP, Zineb Benhabiba, a fait remarquer qu\u2019il s\u2019agit d\u2019une \u00e9tape importante pour reconna\u00eetre le r\u00f4le pionnier des femmes \u0153uvrant dans le renforcement de la dynamique du secteur des travaux publics, mettant en avant l\u2019engagement de la Fondation \u00e0 poursuivre le soutien aux programmes sociaux destin\u00e9s \u00e0 ses adh\u00e9rentes et \u00e0 renforcer leur place au sein du syst\u00e8me professionnel et social.<\/p>\n\n\n\n<p>La th\u00e9matique de cette c\u00e9r\u00e9monie met en avant l\u2019exp\u00e9rience et les comp\u00e9tences accumul\u00e9es par les femmes du secteur, leur ayant permis de contribuer activement \u00e0 la r\u00e9alisation de grands projets et au d\u00e9veloppement d\u2019infrastructures, a-t-elle dit, se f\u00e9licitant de la pr\u00e9sence croissante de la gente f\u00e9minine au sein de la Fondation et du secteur en g\u00e9n\u00e9ral.<\/p>\n","protected":false},"excerpt":{"rendered":"<p>Dpress Une c\u00e9r\u00e9monie d\u2019hommage en l\u2019honneur de comp\u00e9tences f\u00e9minines \u0153uvrant dans le secteur des travaux publics s\u2019est tenue, vendredi \u00e0 Rabat, \u00e0 l\u2019occasion de la c\u00e9l\u00e9bration de la Journ\u00e9e internationale des femmes. Organis\u00e9 par la Fondation des \u0153uvres sociales des travaux publics (FOSTP) sous le th\u00e8me \u201cFemmes des travaux publics : comp\u00e9tence, engagement et continuit\u00e9\u201d, &hellip;<\/p>\n","protected":false},"author":2,"featured_media":25467,"comment_status":"open","ping_status":"open","sticky":false,"template":"","format":"standard","meta":{"footnotes":""},"categories":[40],"tags":[],"class_list":["post-25466","post","type-post","status-publish","format-standard","has-post-thumbnail","hentry","category-societe-et-regions"],"yoast_head":"<!-- This site is optimized with the Yoast SEO plugin v27.5 - https:\/\/yoast.com\/product\/yoast-seo-wordpress\/ -->\n<title>Rabat : Hommage \u00e0 des comp\u00e9tences f\u00e9minines du secteur des travaux publics - Dpress.ma\/fr<\/title>\n<meta name=\"robots\" content=\"index, follow, max-snippet:-1, max-image-preview:large, max-video-preview:-1\" \/>\n<link rel=\"canonical\" href=\"https:\/\/dpress.ma\/fr\/2026\/03\/07\/rabat-hommage-a-des-competences-feminines-du-secteur-des-travaux-publics\/\" \/>\n<meta property=\"og:locale\" content=\"fr_FR\" \/>\n<meta property=\"og:type\" content=\"article\" \/>\n<meta property=\"og:title\" content=\"Rabat : Hommage \u00e0 des comp\u00e9tences f\u00e9minines du secteur des travaux publics - Dpress.ma\/fr\" \/>\n<meta property=\"og:description\" content=\"Dpress Une c\u00e9r\u00e9monie d\u2019hommage en l\u2019honneur de comp\u00e9tences f\u00e9minines \u0153uvrant dans le secteur des travaux publics s\u2019est tenue, vendredi \u00e0 Rabat, \u00e0 l\u2019occasion de la c\u00e9l\u00e9bration de la Journ\u00e9e internationale des femmes. Organis\u00e9 par la Fondation des \u0153uvres sociales des travaux publics (FOSTP) sous le th\u00e8me \u201cFemmes des travaux publics : comp\u00e9tence, engagement et continuit\u00e9\u201d, &hellip;\" \/>\n<meta property=\"og:url\" content=\"https:\/\/dpress.ma\/fr\/2026\/03\/07\/rabat-hommage-a-des-competences-feminines-du-secteur-des-travaux-publics\/\" \/>\n<meta property=\"og:site_name\" content=\"Dpress.ma\/fr\" \/>\n<meta property=\"article:published_time\" content=\"2026-03-07T09:52:28+00:00\" \/>\n<meta property=\"article:modified_time\" content=\"2026-03-07T09:52:32+00:00\" \/>\n<meta property=\"og:image\" content=\"https:\/\/dpress.ma\/fr\/wp-content\/uploads\/sites\/2\/2026\/03\/32-4.jpg\" \/>\n\t<meta property=\"og:image:width\" content=\"2539\" \/>\n\t<meta property=\"og:image:height\" content=\"1594\" \/>\n\t<meta property=\"og:image:type\" content=\"image\/jpeg\" \/>\n<meta name=\"author\" content=\"Dpress.ma\" \/>\n<meta name=\"twitter:card\" content=\"summary_large_image\" \/>\n<meta name=\"twitter:label1\" content=\"\u00c9crit par\" \/>\n\t<meta name=\"twitter:data1\" content=\"Dpress.ma\" \/>\n\t<meta name=\"twitter:label2\" content=\"Dur\u00e9e de lecture estim\u00e9e\" \/>\n\t<meta name=\"twitter:data2\" content=\"3 minutes\" \/>\n<script type=\"application\/ld+json\" class=\"yoast-schema-graph\">{\"@context\":\"https:\\\/\\\/schema.org\",\"@graph\":[{\"@type\":\"Article\",\"@id\":\"https:\\\/\\\/dpress.ma\\\/fr\\\/2026\\\/03\\\/07\\\/rabat-hommage-a-des-competences-feminines-du-secteur-des-travaux-publics\\\/#article\",\"isPartOf\":{\"@id\":\"https:\\\/\\\/dpress.ma\\\/fr\\\/2026\\\/03\\\/07\\\/rabat-hommage-a-des-competences-feminines-du-secteur-des-travaux-publics\\\/\"},\"author\":{\"name\":\"Dpress.ma\",\"@id\":\"https:\\\/\\\/dpress.ma\\\/fr\\\/#\\\/schema\\\/person\\\/4898febf3ccd59e6578d838656a306a0\"},\"headline\":\"Rabat : Hommage \u00e0 des comp\u00e9tences f\u00e9minines du secteur des travaux publics\",\"datePublished\":\"2026-03-07T09:52:28+00:00\",\"dateModified\":\"2026-03-07T09:52:32+00:00\",\"mainEntityOfPage\":{\"@id\":\"https:\\\/\\\/dpress.ma\\\/fr\\\/2026\\\/03\\\/07\\\/rabat-hommage-a-des-competences-feminines-du-secteur-des-travaux-publics\\\/\"},\"wordCount\":609,\"commentCount\":0,\"image\":{\"@id\":\"https:\\\/\\\/dpress.ma\\\/fr\\\/2026\\\/03\\\/07\\\/rabat-hommage-a-des-competences-feminines-du-secteur-des-travaux-publics\\\/#primaryimage\"},\"thumbnailUrl\":\"https:\\\/\\\/dpress.ma\\\/fr\\\/wp-content\\\/uploads\\\/sites\\\/2\\\/2026\\\/03\\\/32-4.jpg\",\"articleSection\":[\"societe et regions\"],\"inLanguage\":\"fr-FR\",\"potentialAction\":[{\"@type\":\"CommentAction\",\"name\":\"Comment\",\"target\":[\"https:\\\/\\\/dpress.ma\\\/fr\\\/2026\\\/03\\\/07\\\/rabat-hommage-a-des-competences-feminines-du-secteur-des-travaux-publics\\\/#respond\"]}]},{\"@type\":\"WebPage\",\"@id\":\"https:\\\/\\\/dpress.ma\\\/fr\\\/2026\\\/03\\\/07\\\/rabat-hommage-a-des-competences-feminines-du-secteur-des-travaux-publics\\\/\",\"url\":\"https:\\\/\\\/dpress.ma\\\/fr\\\/2026\\\/03\\\/07\\\/rabat-hommage-a-des-competences-feminines-du-secteur-des-travaux-publics\\\/\",\"name\":\"Rabat : Hommage \u00e0 des comp\u00e9tences f\u00e9minines du secteur des travaux publics - Dpress.ma\\\/fr\",\"isPartOf\":{\"@id\":\"https:\\\/\\\/dpress.ma\\\/fr\\\/#website\"},\"primaryImageOfPage\":{\"@id\":\"https:\\\/\\\/dpress.ma\\\/fr\\\/2026\\\/03\\\/07\\\/rabat-hommage-a-des-competences-feminines-du-secteur-des-travaux-publics\\\/#primaryimage\"},\"image\":{\"@id\":\"https:\\\/\\\/dpress.ma\\\/fr\\\/2026\\\/03\\\/07\\\/rabat-hommage-a-des-competences-feminines-du-secteur-des-travaux-publics\\\/#primaryimage\"},\"thumbnailUrl\":\"https:\\\/\\\/dpress.ma\\\/fr\\\/wp-content\\\/uploads\\\/sites\\\/2\\\/2026\\\/03\\\/32-4.jpg\",\"datePublished\":\"2026-03-07T09:52:28+00:00\",\"dateModified\":\"2026-03-07T09:52:32+00:00\",\"author\":{\"@id\":\"https:\\\/\\\/dpress.ma\\\/fr\\\/#\\\/schema\\\/person\\\/4898febf3ccd59e6578d838656a306a0\"},\"breadcrumb\":{\"@id\":\"https:\\\/\\\/dpress.ma\\\/fr\\\/2026\\\/03\\\/07\\\/rabat-hommage-a-des-competences-feminines-du-secteur-des-travaux-publics\\\/#breadcrumb\"},\"inLanguage\":\"fr-FR\",\"potentialAction\":[{\"@type\":\"ReadAction\",\"target\":[\"https:\\\/\\\/dpress.ma\\\/fr\\\/2026\\\/03\\\/07\\\/rabat-hommage-a-des-competences-feminines-du-secteur-des-travaux-publics\\\/\"]}]},{\"@type\":\"ImageObject\",\"inLanguage\":\"fr-FR\",\"@id\":\"https:\\\/\\\/dpress.ma\\\/fr\\\/2026\\\/03\\\/07\\\/rabat-hommage-a-des-competences-feminines-du-secteur-des-travaux-publics\\\/#primaryimage\",\"url\":\"https:\\\/\\\/dpress.ma\\\/fr\\\/wp-content\\\/uploads\\\/sites\\\/2\\\/2026\\\/03\\\/32-4.jpg\",\"contentUrl\":\"https:\\\/\\\/dpress.ma\\\/fr\\\/wp-content\\\/uploads\\\/sites\\\/2\\\/2026\\\/03\\\/32-4.jpg\",\"width\":2539,\"height\":1594},{\"@type\":\"BreadcrumbList\",\"@id\":\"https:\\\/\\\/dpress.ma\\\/fr\\\/2026\\\/03\\\/07\\\/rabat-hommage-a-des-competences-feminines-du-secteur-des-travaux-publics\\\/#breadcrumb\",\"itemListElement\":[{\"@type\":\"ListItem\",\"position\":1,\"name\":\"Home\",\"item\":\"https:\\\/\\\/dpress.ma\\\/fr\\\/\"},{\"@type\":\"ListItem\",\"position\":2,\"name\":\"Rabat : Hommage \u00e0 des comp\u00e9tences f\u00e9minines du secteur des travaux publics\"}]},{\"@type\":\"WebSite\",\"@id\":\"https:\\\/\\\/dpress.ma\\\/fr\\\/#website\",\"url\":\"https:\\\/\\\/dpress.ma\\\/fr\\\/\",\"name\":\"Dpress.ma\\\/fr\",\"description\":\"\",\"potentialAction\":[{\"@type\":\"SearchAction\",\"target\":{\"@type\":\"EntryPoint\",\"urlTemplate\":\"https:\\\/\\\/dpress.ma\\\/fr\\\/?s={search_term_string}\"},\"query-input\":{\"@type\":\"PropertyValueSpecification\",\"valueRequired\":true,\"valueName\":\"search_term_string\"}}],\"inLanguage\":\"fr-FR\"},{\"@type\":\"Person\",\"@id\":\"https:\\\/\\\/dpress.ma\\\/fr\\\/#\\\/schema\\\/person\\\/4898febf3ccd59e6578d838656a306a0\",\"name\":\"Dpress.ma\",\"image\":{\"@type\":\"ImageObject\",\"inLanguage\":\"fr-FR\",\"@id\":\"https:\\\/\\\/secure.gravatar.com\\\/avatar\\\/72ecc30e9db047a2e0e7176561eb9d564ed77c8108376495b19bd8336405198a?s=96&d=mm&r=g\",\"url\":\"https:\\\/\\\/secure.gravatar.com\\\/avatar\\\/72ecc30e9db047a2e0e7176561eb9d564ed77c8108376495b19bd8336405198a?s=96&d=mm&r=g\",\"contentUrl\":\"https:\\\/\\\/secure.gravatar.com\\\/avatar\\\/72ecc30e9db047a2e0e7176561eb9d564ed77c8108376495b19bd8336405198a?s=96&d=mm&r=g\",\"caption\":\"Dpress.ma\"},\"sameAs\":[\"https:\\\/\\\/www.dpress.ma\"],\"url\":\"https:\\\/\\\/dpress.ma\\\/fr\\\/author\\\/dpress-ma\\\/\"}]}<\/script>\n<!-- \/ Yoast SEO plugin. -->","yoast_head_json":{"title":"Rabat : Hommage \u00e0 des comp\u00e9tences f\u00e9minines du secteur des travaux publics - Dpress.ma\/fr","robots":{"index":"index","follow":"follow","max-snippet":"max-snippet:-1","max-image-preview":"max-image-preview:large","max-video-preview":"max-video-preview:-1"},"canonical":"https:\/\/dpress.ma\/fr\/2026\/03\/07\/rabat-hommage-a-des-competences-feminines-du-secteur-des-travaux-publics\/","og_locale":"fr_FR","og_type":"article","og_title":"Rabat : Hommage \u00e0 des comp\u00e9tences f\u00e9minines du secteur des travaux publics - Dpress.ma\/fr","og_description":"Dpress Une c\u00e9r\u00e9monie d\u2019hommage en l\u2019honneur de comp\u00e9tences f\u00e9minines \u0153uvrant dans le secteur des travaux publics s\u2019est tenue, vendredi \u00e0 Rabat, \u00e0 l\u2019occasion de la c\u00e9l\u00e9bration de la Journ\u00e9e internationale des femmes. Organis\u00e9 par la Fondation des \u0153uvres sociales des travaux publics (FOSTP) sous le th\u00e8me \u201cFemmes des travaux publics : comp\u00e9tence, engagement et continuit\u00e9\u201d, &hellip;","og_url":"https:\/\/dpress.ma\/fr\/2026\/03\/07\/rabat-hommage-a-des-competences-feminines-du-secteur-des-travaux-publics\/","og_site_name":"Dpress.ma\/fr","article_published_time":"2026-03-07T09:52:28+00:00","article_modified_time":"2026-03-07T09:52:32+00:00","og_image":[{"width":2539,"height":1594,"url":"https:\/\/dpress.ma\/fr\/wp-content\/uploads\/sites\/2\/2026\/03\/32-4.jpg","type":"image\/jpeg"}],"author":"Dpress.ma","twitter_card":"summary_large_image","twitter_misc":{"\u00c9crit par":"Dpress.ma","Dur\u00e9e de lecture estim\u00e9e":"3 minutes"},"schema":{"@context":"https:\/\/schema.org","@graph":[{"@type":"Article","@id":"https:\/\/dpress.ma\/fr\/2026\/03\/07\/rabat-hommage-a-des-competences-feminines-du-secteur-des-travaux-publics\/#article","isPartOf":{"@id":"https:\/\/dpress.ma\/fr\/2026\/03\/07\/rabat-hommage-a-des-competences-feminines-du-secteur-des-travaux-publics\/"},"author":{"name":"Dpress.ma","@id":"https:\/\/dpress.ma\/fr\/#\/schema\/person\/4898febf3ccd59e6578d838656a306a0"},"headline":"Rabat : Hommage \u00e0 des comp\u00e9tences f\u00e9minines du secteur des travaux publics","datePublished":"2026-03-07T09:52:28+00:00","dateModified":"2026-03-07T09:52:32+00:00","mainEntityOfPage":{"@id":"https:\/\/dpress.ma\/fr\/2026\/03\/07\/rabat-hommage-a-des-competences-feminines-du-secteur-des-travaux-publics\/"},"wordCount":609,"commentCount":0,"image":{"@id":"https:\/\/dpress.ma\/fr\/2026\/03\/07\/rabat-hommage-a-des-competences-feminines-du-secteur-des-travaux-publics\/#primaryimage"},"thumbnailUrl":"https:\/\/dpress.ma\/fr\/wp-content\/uploads\/sites\/2\/2026\/03\/32-4.jpg","articleSection":["societe et regions"],"inLanguage":"fr-FR","potentialAction":[{"@type":"CommentAction","name":"Comment","target":["https:\/\/dpress.ma\/fr\/2026\/03\/07\/rabat-hommage-a-des-competences-feminines-du-secteur-des-travaux-publics\/#respond"]}]},{"@type":"WebPage","@id":"https:\/\/dpress.ma\/fr\/2026\/03\/07\/rabat-hommage-a-des-competences-feminines-du-secteur-des-travaux-publics\/","url":"https:\/\/dpress.ma\/fr\/2026\/03\/07\/rabat-hommage-a-des-competences-feminines-du-secteur-des-travaux-publics\/","name":"Rabat : Hommage \u00e0 des comp\u00e9tences f\u00e9minines du secteur des travaux publics - Dpress.ma\/fr","isPartOf":{"@id":"https:\/\/dpress.ma\/fr\/#website"},"primaryImageOfPage":{"@id":"https:\/\/dpress.ma\/fr\/2026\/03\/07\/rabat-hommage-a-des-competences-feminines-du-secteur-des-travaux-publics\/#primaryimage"},"image":{"@id":"https:\/\/dpress.ma\/fr\/2026\/03\/07\/rabat-hommage-a-des-competences-feminines-du-secteur-des-travaux-publics\/#primaryimage"},"thumbnailUrl":"https:\/\/dpress.ma\/fr\/wp-content\/uploads\/sites\/2\/2026\/03\/32-4.jpg","datePublished":"2026-03-07T09:52:28+00:00","dateModified":"2026-03-07T09:52:32+00:00","author":{"@id":"https:\/\/dpress.ma\/fr\/#\/schema\/person\/4898febf3ccd59e6578d838656a306a0"},"breadcrumb":{"@id":"https:\/\/dpress.ma\/fr\/2026\/03\/07\/rabat-hommage-a-des-competences-feminines-du-secteur-des-travaux-publics\/#breadcrumb"},"inLanguage":"fr-FR","potentialAction":[{"@type":"ReadAction","target":["https:\/\/dpress.ma\/fr\/2026\/03\/07\/rabat-hommage-a-des-competences-feminines-du-secteur-des-travaux-publics\/"]}]},{"@type":"ImageObject","inLanguage":"fr-FR","@id":"https:\/\/dpress.ma\/fr\/2026\/03\/07\/rabat-hommage-a-des-competences-feminines-du-secteur-des-travaux-publics\/#primaryimage","url":"https:\/\/dpress.ma\/fr\/wp-content\/uploads\/sites\/2\/2026\/03\/32-4.jpg","contentUrl":"https:\/\/dpress.ma\/fr\/wp-content\/uploads\/sites\/2\/2026\/03\/32-4.jpg","width":2539,"height":1594},{"@type":"BreadcrumbList","@id":"https:\/\/dpress.ma\/fr\/2026\/03\/07\/rabat-hommage-a-des-competences-feminines-du-secteur-des-travaux-publics\/#breadcrumb","itemListElement":[{"@type":"ListItem","position":1,"name":"Home","item":"https:\/\/dpress.ma\/fr\/"},{"@type":"ListItem","position":2,"name":"Rabat : Hommage \u00e0 des comp\u00e9tences f\u00e9minines du secteur des travaux publics"}]},{"@type":"WebSite","@id":"https:\/\/dpress.ma\/fr\/#website","url":"https:\/\/dpress.ma\/fr\/","name":"Dpress.ma\/fr","description":"","potentialAction":[{"@type":"SearchAction","target":{"@type":"EntryPoint","urlTemplate":"https:\/\/dpress.ma\/fr\/?s={search_term_string}"},"query-input":{"@type":"PropertyValueSpecification","valueRequired":true,"valueName":"search_term_string"}}],"inLanguage":"fr-FR"},{"@type":"Person","@id":"https:\/\/dpress.ma\/fr\/#\/schema\/person\/4898febf3ccd59e6578d838656a306a0","name":"Dpress.ma","image":{"@type":"ImageObject","inLanguage":"fr-FR","@id":"https:\/\/secure.gravatar.com\/avatar\/72ecc30e9db047a2e0e7176561eb9d564ed77c8108376495b19bd8336405198a?s=96&d=mm&r=g","url":"https:\/\/secure.gravatar.com\/avatar\/72ecc30e9db047a2e0e7176561eb9d564ed77c8108376495b19bd8336405198a?s=96&d=mm&r=g","contentUrl":"https:\/\/secure.gravatar.com\/avatar\/72ecc30e9db047a2e0e7176561eb9d564ed77c8108376495b19bd8336405198a?s=96&d=mm&r=g","caption":"Dpress.ma"},"sameAs":["https:\/\/www.dpress.ma"],"url":"https:\/\/dpress.ma\/fr\/author\/dpress-ma\/"}]}},"amp_enabled":true,"_links":{"self":[{"href":"https:\/\/dpress.ma\/fr\/wp-json\/wp\/v2\/posts\/25466","targetHints":{"allow":["GET"]}}],"collection":[{"href":"https:\/\/dpress.ma\/fr\/wp-json\/wp\/v2\/posts"}],"about":[{"href":"https:\/\/dpress.ma\/fr\/wp-json\/wp\/v2\/types\/post"}],"author":[{"embeddable":true,"href":"https:\/\/dpress.ma\/fr\/wp-json\/wp\/v2\/users\/2"}],"replies":[{"embeddable":true,"href":"https:\/\/dpress.ma\/fr\/wp-json\/wp\/v2\/comments?post=25466"}],"version-history":[{"count":1,"href":"https:\/\/dpress.ma\/fr\/wp-json\/wp\/v2\/posts\/25466\/revisions"}],"predecessor-version":[{"id":25468,"href":"https:\/\/dpress.ma\/fr\/wp-json\/wp\/v2\/posts\/25466\/revisions\/25468"}],"wp:featuredmedia":[{"embeddable":true,"href":"https:\/\/dpress.ma\/fr\/wp-json\/wp\/v2\/media\/25467"}],"wp:attachment":[{"href":"https:\/\/dpress.ma\/fr\/wp-json\/wp\/v2\/media?parent=25466"}],"wp:term":[{"taxonomy":"category","embeddable":true,"href":"https:\/\/dpress.ma\/fr\/wp-json\/wp\/v2\/categories?post=25466"},{"taxonomy":"post_tag","embeddable":true,"href":"https:\/\/dpress.ma\/fr\/wp-json\/wp\/v2\/tags?post=25466"}],"curies":[{"name":"wp","href":"https:\/\/api.w.org\/{rel}","templated":true}]}}