{"id":25457,"date":"2026-03-07T09:49:01","date_gmt":"2026-03-07T09:49:01","guid":{"rendered":"https:\/\/dpress.ma\/fr\/?p=25457"},"modified":"2026-03-07T09:49:06","modified_gmt":"2026-03-07T09:49:06","slug":"yasmina-benchekroun-quand-le-leadership-marocain-redessine-les-codes-de-la-cybersecurite-a-linternational","status":"publish","type":"post","link":"https:\/\/dpress.ma\/fr\/2026\/03\/07\/yasmina-benchekroun-quand-le-leadership-marocain-redessine-les-codes-de-la-cybersecurite-a-linternational\/","title":{"rendered":"Yasmina Benchekroun, quand le leadership marocain redessine les codes de la cybers\u00e9curit\u00e9 \u00e0 l\u2019international"},"content":{"rendered":"\n<p>Dpress<\/p>\n\n\n\n<p>Install\u00e9e \u00e0 Washington, Yasmina Benchekroun, directrice Maroc et Afrique chez Hornetsecurity by Proofpoint, incarne une expertise marocaine affirm\u00e9e qui conjugue leadership, rigueur et vision strat\u00e9gique, contribuant \u00e0 red\u00e9finir les codes du secteur de la cybers\u00e9curit\u00e9 \u00e0 l\u2019\u00e9chelle internationale.<\/p>\n\n\n\n<p>Avec un parcours \u00e0 l\u2019intersection du management des syst\u00e8mes et de la cybers\u00e9curit\u00e9, cette jeune marocaine d\u00e9veloppe tr\u00e8s t\u00f4t un int\u00e9r\u00eat marqu\u00e9 pour les enjeux li\u00e9s \u00e0 la transformation num\u00e9rique et construit progressivement un socle acad\u00e9mique et professionnel structur\u00e9, orient\u00e9 vers l\u2019innovation et la s\u00e9curisation des environnements digitaux.<\/p>\n\n\n\n<p>Apr\u00e8s ses \u00e9tudes en syst\u00e8mes d\u2019information \u00e0 l\u2019Universit\u00e9 de Poitiers, en France, elle poursuit sa formation \u00e0 Washington, \u00e0 l\u2019Universit\u00e9 du District of Columbia (UDC), o\u00f9 elle se sp\u00e9cialise en cybers\u00e9curit\u00e9. Elle est ensuite s\u00e9lectionn\u00e9e pour participer au programme STEM de l\u2019UDC, ax\u00e9 sur la conception et le lancement d\u2019un mod\u00e8le de fus\u00e9e, organis\u00e9 par le CAM\u2011STAR (Center for Advanced Manufacturing in Space Technology &amp; Applied Research) avec le soutien de la NASA, et termine le programme avec mention d\u2019honneur.<\/p>\n\n\n\n<p>Cette polyvalence lui permet d\u2019aborder la cybers\u00e9curit\u00e9 avec une compr\u00e9hension globale, m\u00ealant expertise technique et sens aigu des enjeux humains et organisationnels.<\/p>\n\n\n\n<p>\u201cJe me suis d\u2019abord int\u00e9ress\u00e9e au secteur des technologies de l\u2019information. J\u2019ai rapidement compris que ce domaine est \u00e9troitement li\u00e9 au monde du business et de la communication\u201d, a-t-elle confi\u00e9 \u00e0 la MAP, soulignant qu\u2019il ne suffit pas \u201cde construire une technologie efficace, mais aussi savoir l\u2019expliquer clairement \u00e0 ceux qui ne sont pas sp\u00e9cialistes\u201d.<\/p>\n\n\n\n<p>\u201cMon parcours se situe \u00e0 l\u2019intersection de trois univers qui me passionnent : le commerce, les technologies de l\u2019information et la communication. J\u2019ai pris le temps d\u2019explorer chacun de ces domaines, avec un int\u00e9r\u00eat particulier pour la mani\u00e8re dont le commerce et la technologie peuvent se compl\u00e9ter et se renforcer mutuellement\u201d, a-t-elle ajout\u00e9.<\/p>\n\n\n\n<p>C\u2019est d\u2019ailleurs dans le cadre de ses premi\u00e8res exp\u00e9riences professionnelles au Maroc que Mme Benchekroun d\u00e9couvre l\u2019importance de la digitalisation et accompagne plusieurs entreprises marocaines et \u00e9trang\u00e8res dans leurs projets de transformation num\u00e9rique, en particulier dans la d\u00e9mat\u00e9rialisation des processus et la modernisation des syst\u00e8mes d\u2019archivage.<\/p>\n\n\n\n<p>\u201cJ\u2019ai accompagn\u00e9 la mise en \u0153uvre de plusieurs projets internationaux au Maroc, dans les domaines de la digitalisation et de la cybers\u00e9curit\u00e9, avec pour objectif non seulement d\u2019acc\u00e9l\u00e9rer le d\u00e9veloppement technologique, mais aussi de contribuer \u00e0 l\u2019\u00e9mergence d\u2019un Maroc digitalis\u00e9 et s\u00e9curis\u00e9\u201d, a-t-elle confi\u00e9.<br>Cette immersion dans le num\u00e9rique l\u2019am\u00e8ne, naturellement, \u00e0 s\u2019int\u00e9resser au domaine strat\u00e9gique de la cybers\u00e9curit\u00e9, qu\u2019elle d\u00e9cide de suivre et de ma\u00eetriser pleinement.<\/p>\n\n\n\n<p>\u201cJ\u2019ai compris que c\u2019\u00e9tait l\u2019avenir, et c\u2019\u00e9tait le sujet qui ne me lassait jamais \u00e0 l\u2019\u00e9cole. La cybers\u00e9curit\u00e9 est rapidement devenue le domaine que je voulais r\u00e9ellement ma\u00eetriser\u201d, a-t-elle dit, \u00e9voquant un choix dict\u00e9 par une inclination naturelle plus que par un \u00e9v\u00e9nement ponctuel.<\/p>\n\n\n\n<p>Si peu de jeunes femmes s\u2019orientent vers ce secteur, Yasmina affirme avoir fait le choix d\u2019y approfondir ses connaissances apr\u00e8s les classes pr\u00e9paratoires tout en privil\u00e9giant les syst\u00e8mes d\u2019information et la cybers\u00e9curit\u00e9.<\/p>\n\n\n\n<p>Cette d\u00e9termination s\u2019\u00e9tend \u00e9galement \u00e0 son parcours international. Son installation aux \u00c9tats-Unis r\u00e9pond \u00e0 la volont\u00e9 de d\u00e9couvrir de nouveaux environnements et d\u2019enrichir son exp\u00e9rience professionnelle.<\/p>\n\n\n\n<p>Selon elle, \u201con apprend parfois davantage lorsqu\u2019on \u00e9volue dans des environnements \u00e9trangers, car on est hors zone confort et on s\u2019expose a plus d\u2019adversit\u00e9\u201d, mais l\u2019essentiel reste la valeur accord\u00e9e \u00e0 chaque \u00e9tape de son parcours et aux comp\u00e9tences acquises au fil du temps.<\/p>\n\n\n\n<p>\u00c9voluer dans le secteur de la cybers\u00e9curit\u00e9 implique n\u00e9anmoins de composer avec une r\u00e9alit\u00e9 bien \u00e9tablie, celle d\u2019un domaine historiquement domin\u00e9 par une forte pr\u00e9sence masculine. Une r\u00e9alit\u00e9 qui ne d\u00e9courage pas l\u2019experte marocaine, mais l\u2019incite au contraire \u00e0 s\u2019affirmer avec justesse.<\/p>\n\n\n\n<p>Dans un environnement marqu\u00e9 par une telle disparit\u00e9, elle insiste sur l\u2019importance de ne pas rester passive et d\u2019\u00eatre un acteur pleinement engag\u00e9, non seulement pour participer et contribuer \u00e0 la soci\u00e9t\u00e9, mais surtout pour prendre part activement aux d\u00e9cisions.<\/p>\n\n\n\n<p>Attach\u00e9e \u00e0 ses racines marocaines, Yasmina Benchekroun veille \u00e0 conserver et transmettre les valeurs qui lui ont \u00e9t\u00e9 inculqu\u00e9es. Au-del\u00e0 des traditions culturelles auxquelles elle demeure fid\u00e8le, elle met en avant la rigueur et le sens du travail, ses principes de conviction et ses approches professionnelles.<br>\u201cM\u00eame \u00e0 l\u2019\u00e9tranger, ces valeurs restent profond\u00e9ment ancr\u00e9es et guident ma mani\u00e8re de travailler et d\u2019interagir. Le s\u00e9rieux paie : si l\u2019on s\u2019investit pleinement, les r\u00e9sultats suivent\u201d, a-t-elle assur\u00e9.<br>\u00c0 l\u2019occasion de la Journ\u00e9e internationale des droits des femmes, elle a voulu adresser un message sinc\u00e8re aux jeunes talents, et tout particuli\u00e8rement aux jeunes femmes marocaines. \u201cIl est essentiel de rester attentif aux opportunit\u00e9s qui se pr\u00e9sentent, tout en sachant qu\u2019il est aussi possible de cr\u00e9er ses propres opportunit\u00e9s\u201d, a-t-elle conseill\u00e9.<br>Et d\u2019ajouter qu\u2019il faut \u00eatre \u201cextr\u00eamement attentif \u00e0 son environnement. Savoir identifier une opportunit\u00e9, c\u2019est aussi comprendre qu\u2019elle peut devenir la n\u00f4tre si l\u2019on agit avec d\u00e9termination\u201d, invitant \u00e0 saisir chaque occasion avec discernement.<br>Le parcours de Yasmina Benchekroun illustre ainsi la capacit\u00e9 d\u2019une femme marocaine \u00e0 conjuguer expertise technologique et leadership, tout en red\u00e9finissant les codes d\u2019un secteur strat\u00e9gique, jusque-l\u00e0 majoritairement masculin.<\/p>\n","protected":false},"excerpt":{"rendered":"<p>Dpress Install\u00e9e \u00e0 Washington, Yasmina Benchekroun, directrice Maroc et Afrique chez Hornetsecurity by Proofpoint, incarne une expertise marocaine affirm\u00e9e qui conjugue leadership, rigueur et vision strat\u00e9gique, contribuant \u00e0 red\u00e9finir les codes du secteur de la cybers\u00e9curit\u00e9 \u00e0 l\u2019\u00e9chelle internationale. Avec un parcours \u00e0 l\u2019intersection du management des syst\u00e8mes et de la cybers\u00e9curit\u00e9, cette jeune marocaine &hellip;<\/p>\n","protected":false},"author":2,"featured_media":25458,"comment_status":"open","ping_status":"open","sticky":false,"template":"","format":"standard","meta":{"footnotes":""},"categories":[32,40],"tags":[],"class_list":["post-25457","post","type-post","status-publish","format-standard","has-post-thumbnail","hentry","category-espace-marocain-du-monde","category-societe-et-regions"],"yoast_head":"<!-- This site is optimized with the Yoast SEO plugin v27.5 - https:\/\/yoast.com\/product\/yoast-seo-wordpress\/ -->\n<title>Yasmina Benchekroun, quand le leadership marocain redessine les codes de la cybers\u00e9curit\u00e9 \u00e0 l\u2019international - Dpress.ma\/fr<\/title>\n<meta name=\"robots\" content=\"index, follow, max-snippet:-1, max-image-preview:large, max-video-preview:-1\" \/>\n<link rel=\"canonical\" href=\"https:\/\/dpress.ma\/fr\/2026\/03\/07\/yasmina-benchekroun-quand-le-leadership-marocain-redessine-les-codes-de-la-cybersecurite-a-linternational\/\" \/>\n<meta property=\"og:locale\" content=\"fr_FR\" \/>\n<meta property=\"og:type\" content=\"article\" \/>\n<meta property=\"og:title\" content=\"Yasmina Benchekroun, quand le leadership marocain redessine les codes de la cybers\u00e9curit\u00e9 \u00e0 l\u2019international - Dpress.ma\/fr\" \/>\n<meta property=\"og:description\" content=\"Dpress Install\u00e9e \u00e0 Washington, Yasmina Benchekroun, directrice Maroc et Afrique chez Hornetsecurity by Proofpoint, incarne une expertise marocaine affirm\u00e9e qui conjugue leadership, rigueur et vision strat\u00e9gique, contribuant \u00e0 red\u00e9finir les codes du secteur de la cybers\u00e9curit\u00e9 \u00e0 l\u2019\u00e9chelle internationale. Avec un parcours \u00e0 l\u2019intersection du management des syst\u00e8mes et de la cybers\u00e9curit\u00e9, cette jeune marocaine &hellip;\" \/>\n<meta property=\"og:url\" content=\"https:\/\/dpress.ma\/fr\/2026\/03\/07\/yasmina-benchekroun-quand-le-leadership-marocain-redessine-les-codes-de-la-cybersecurite-a-linternational\/\" \/>\n<meta property=\"og:site_name\" content=\"Dpress.ma\/fr\" \/>\n<meta property=\"article:published_time\" content=\"2026-03-07T09:49:01+00:00\" \/>\n<meta property=\"article:modified_time\" content=\"2026-03-07T09:49:06+00:00\" \/>\n<meta property=\"og:image\" content=\"https:\/\/dpress.ma\/fr\/wp-content\/uploads\/sites\/2\/2026\/03\/29-3.jpg\" \/>\n\t<meta property=\"og:image:width\" content=\"2539\" \/>\n\t<meta property=\"og:image:height\" content=\"1594\" \/>\n\t<meta property=\"og:image:type\" content=\"image\/jpeg\" \/>\n<meta name=\"author\" content=\"Dpress.ma\" \/>\n<meta name=\"twitter:card\" content=\"summary_large_image\" \/>\n<meta name=\"twitter:label1\" content=\"\u00c9crit par\" \/>\n\t<meta name=\"twitter:data1\" content=\"Dpress.ma\" \/>\n\t<meta name=\"twitter:label2\" content=\"Dur\u00e9e de lecture estim\u00e9e\" \/>\n\t<meta name=\"twitter:data2\" content=\"5 minutes\" \/>\n<script type=\"application\/ld+json\" class=\"yoast-schema-graph\">{\"@context\":\"https:\\\/\\\/schema.org\",\"@graph\":[{\"@type\":\"Article\",\"@id\":\"https:\\\/\\\/dpress.ma\\\/fr\\\/2026\\\/03\\\/07\\\/yasmina-benchekroun-quand-le-leadership-marocain-redessine-les-codes-de-la-cybersecurite-a-linternational\\\/#article\",\"isPartOf\":{\"@id\":\"https:\\\/\\\/dpress.ma\\\/fr\\\/2026\\\/03\\\/07\\\/yasmina-benchekroun-quand-le-leadership-marocain-redessine-les-codes-de-la-cybersecurite-a-linternational\\\/\"},\"author\":{\"name\":\"Dpress.ma\",\"@id\":\"https:\\\/\\\/dpress.ma\\\/fr\\\/#\\\/schema\\\/person\\\/4898febf3ccd59e6578d838656a306a0\"},\"headline\":\"Yasmina Benchekroun, quand le leadership marocain redessine les codes de la cybers\u00e9curit\u00e9 \u00e0 l\u2019international\",\"datePublished\":\"2026-03-07T09:49:01+00:00\",\"dateModified\":\"2026-03-07T09:49:06+00:00\",\"mainEntityOfPage\":{\"@id\":\"https:\\\/\\\/dpress.ma\\\/fr\\\/2026\\\/03\\\/07\\\/yasmina-benchekroun-quand-le-leadership-marocain-redessine-les-codes-de-la-cybersecurite-a-linternational\\\/\"},\"wordCount\":977,\"commentCount\":0,\"image\":{\"@id\":\"https:\\\/\\\/dpress.ma\\\/fr\\\/2026\\\/03\\\/07\\\/yasmina-benchekroun-quand-le-leadership-marocain-redessine-les-codes-de-la-cybersecurite-a-linternational\\\/#primaryimage\"},\"thumbnailUrl\":\"https:\\\/\\\/dpress.ma\\\/fr\\\/wp-content\\\/uploads\\\/sites\\\/2\\\/2026\\\/03\\\/29-3.jpg\",\"articleSection\":[\"Espace Marocain du Monde\",\"societe et regions\"],\"inLanguage\":\"fr-FR\",\"potentialAction\":[{\"@type\":\"CommentAction\",\"name\":\"Comment\",\"target\":[\"https:\\\/\\\/dpress.ma\\\/fr\\\/2026\\\/03\\\/07\\\/yasmina-benchekroun-quand-le-leadership-marocain-redessine-les-codes-de-la-cybersecurite-a-linternational\\\/#respond\"]}]},{\"@type\":\"WebPage\",\"@id\":\"https:\\\/\\\/dpress.ma\\\/fr\\\/2026\\\/03\\\/07\\\/yasmina-benchekroun-quand-le-leadership-marocain-redessine-les-codes-de-la-cybersecurite-a-linternational\\\/\",\"url\":\"https:\\\/\\\/dpress.ma\\\/fr\\\/2026\\\/03\\\/07\\\/yasmina-benchekroun-quand-le-leadership-marocain-redessine-les-codes-de-la-cybersecurite-a-linternational\\\/\",\"name\":\"Yasmina Benchekroun, quand le leadership marocain redessine les codes de la cybers\u00e9curit\u00e9 \u00e0 l\u2019international - Dpress.ma\\\/fr\",\"isPartOf\":{\"@id\":\"https:\\\/\\\/dpress.ma\\\/fr\\\/#website\"},\"primaryImageOfPage\":{\"@id\":\"https:\\\/\\\/dpress.ma\\\/fr\\\/2026\\\/03\\\/07\\\/yasmina-benchekroun-quand-le-leadership-marocain-redessine-les-codes-de-la-cybersecurite-a-linternational\\\/#primaryimage\"},\"image\":{\"@id\":\"https:\\\/\\\/dpress.ma\\\/fr\\\/2026\\\/03\\\/07\\\/yasmina-benchekroun-quand-le-leadership-marocain-redessine-les-codes-de-la-cybersecurite-a-linternational\\\/#primaryimage\"},\"thumbnailUrl\":\"https:\\\/\\\/dpress.ma\\\/fr\\\/wp-content\\\/uploads\\\/sites\\\/2\\\/2026\\\/03\\\/29-3.jpg\",\"datePublished\":\"2026-03-07T09:49:01+00:00\",\"dateModified\":\"2026-03-07T09:49:06+00:00\",\"author\":{\"@id\":\"https:\\\/\\\/dpress.ma\\\/fr\\\/#\\\/schema\\\/person\\\/4898febf3ccd59e6578d838656a306a0\"},\"breadcrumb\":{\"@id\":\"https:\\\/\\\/dpress.ma\\\/fr\\\/2026\\\/03\\\/07\\\/yasmina-benchekroun-quand-le-leadership-marocain-redessine-les-codes-de-la-cybersecurite-a-linternational\\\/#breadcrumb\"},\"inLanguage\":\"fr-FR\",\"potentialAction\":[{\"@type\":\"ReadAction\",\"target\":[\"https:\\\/\\\/dpress.ma\\\/fr\\\/2026\\\/03\\\/07\\\/yasmina-benchekroun-quand-le-leadership-marocain-redessine-les-codes-de-la-cybersecurite-a-linternational\\\/\"]}]},{\"@type\":\"ImageObject\",\"inLanguage\":\"fr-FR\",\"@id\":\"https:\\\/\\\/dpress.ma\\\/fr\\\/2026\\\/03\\\/07\\\/yasmina-benchekroun-quand-le-leadership-marocain-redessine-les-codes-de-la-cybersecurite-a-linternational\\\/#primaryimage\",\"url\":\"https:\\\/\\\/dpress.ma\\\/fr\\\/wp-content\\\/uploads\\\/sites\\\/2\\\/2026\\\/03\\\/29-3.jpg\",\"contentUrl\":\"https:\\\/\\\/dpress.ma\\\/fr\\\/wp-content\\\/uploads\\\/sites\\\/2\\\/2026\\\/03\\\/29-3.jpg\",\"width\":2539,\"height\":1594},{\"@type\":\"BreadcrumbList\",\"@id\":\"https:\\\/\\\/dpress.ma\\\/fr\\\/2026\\\/03\\\/07\\\/yasmina-benchekroun-quand-le-leadership-marocain-redessine-les-codes-de-la-cybersecurite-a-linternational\\\/#breadcrumb\",\"itemListElement\":[{\"@type\":\"ListItem\",\"position\":1,\"name\":\"Home\",\"item\":\"https:\\\/\\\/dpress.ma\\\/fr\\\/\"},{\"@type\":\"ListItem\",\"position\":2,\"name\":\"Yasmina Benchekroun, quand le leadership marocain redessine les codes de la cybers\u00e9curit\u00e9 \u00e0 l\u2019international\"}]},{\"@type\":\"WebSite\",\"@id\":\"https:\\\/\\\/dpress.ma\\\/fr\\\/#website\",\"url\":\"https:\\\/\\\/dpress.ma\\\/fr\\\/\",\"name\":\"Dpress.ma\\\/fr\",\"description\":\"\",\"potentialAction\":[{\"@type\":\"SearchAction\",\"target\":{\"@type\":\"EntryPoint\",\"urlTemplate\":\"https:\\\/\\\/dpress.ma\\\/fr\\\/?s={search_term_string}\"},\"query-input\":{\"@type\":\"PropertyValueSpecification\",\"valueRequired\":true,\"valueName\":\"search_term_string\"}}],\"inLanguage\":\"fr-FR\"},{\"@type\":\"Person\",\"@id\":\"https:\\\/\\\/dpress.ma\\\/fr\\\/#\\\/schema\\\/person\\\/4898febf3ccd59e6578d838656a306a0\",\"name\":\"Dpress.ma\",\"image\":{\"@type\":\"ImageObject\",\"inLanguage\":\"fr-FR\",\"@id\":\"https:\\\/\\\/secure.gravatar.com\\\/avatar\\\/72ecc30e9db047a2e0e7176561eb9d564ed77c8108376495b19bd8336405198a?s=96&d=mm&r=g\",\"url\":\"https:\\\/\\\/secure.gravatar.com\\\/avatar\\\/72ecc30e9db047a2e0e7176561eb9d564ed77c8108376495b19bd8336405198a?s=96&d=mm&r=g\",\"contentUrl\":\"https:\\\/\\\/secure.gravatar.com\\\/avatar\\\/72ecc30e9db047a2e0e7176561eb9d564ed77c8108376495b19bd8336405198a?s=96&d=mm&r=g\",\"caption\":\"Dpress.ma\"},\"sameAs\":[\"https:\\\/\\\/www.dpress.ma\"],\"url\":\"https:\\\/\\\/dpress.ma\\\/fr\\\/author\\\/dpress-ma\\\/\"}]}<\/script>\n<!-- \/ Yoast SEO plugin. -->","yoast_head_json":{"title":"Yasmina Benchekroun, quand le leadership marocain redessine les codes de la cybers\u00e9curit\u00e9 \u00e0 l\u2019international - Dpress.ma\/fr","robots":{"index":"index","follow":"follow","max-snippet":"max-snippet:-1","max-image-preview":"max-image-preview:large","max-video-preview":"max-video-preview:-1"},"canonical":"https:\/\/dpress.ma\/fr\/2026\/03\/07\/yasmina-benchekroun-quand-le-leadership-marocain-redessine-les-codes-de-la-cybersecurite-a-linternational\/","og_locale":"fr_FR","og_type":"article","og_title":"Yasmina Benchekroun, quand le leadership marocain redessine les codes de la cybers\u00e9curit\u00e9 \u00e0 l\u2019international - Dpress.ma\/fr","og_description":"Dpress Install\u00e9e \u00e0 Washington, Yasmina Benchekroun, directrice Maroc et Afrique chez Hornetsecurity by Proofpoint, incarne une expertise marocaine affirm\u00e9e qui conjugue leadership, rigueur et vision strat\u00e9gique, contribuant \u00e0 red\u00e9finir les codes du secteur de la cybers\u00e9curit\u00e9 \u00e0 l\u2019\u00e9chelle internationale. Avec un parcours \u00e0 l\u2019intersection du management des syst\u00e8mes et de la cybers\u00e9curit\u00e9, cette jeune marocaine &hellip;","og_url":"https:\/\/dpress.ma\/fr\/2026\/03\/07\/yasmina-benchekroun-quand-le-leadership-marocain-redessine-les-codes-de-la-cybersecurite-a-linternational\/","og_site_name":"Dpress.ma\/fr","article_published_time":"2026-03-07T09:49:01+00:00","article_modified_time":"2026-03-07T09:49:06+00:00","og_image":[{"width":2539,"height":1594,"url":"https:\/\/dpress.ma\/fr\/wp-content\/uploads\/sites\/2\/2026\/03\/29-3.jpg","type":"image\/jpeg"}],"author":"Dpress.ma","twitter_card":"summary_large_image","twitter_misc":{"\u00c9crit par":"Dpress.ma","Dur\u00e9e de lecture estim\u00e9e":"5 minutes"},"schema":{"@context":"https:\/\/schema.org","@graph":[{"@type":"Article","@id":"https:\/\/dpress.ma\/fr\/2026\/03\/07\/yasmina-benchekroun-quand-le-leadership-marocain-redessine-les-codes-de-la-cybersecurite-a-linternational\/#article","isPartOf":{"@id":"https:\/\/dpress.ma\/fr\/2026\/03\/07\/yasmina-benchekroun-quand-le-leadership-marocain-redessine-les-codes-de-la-cybersecurite-a-linternational\/"},"author":{"name":"Dpress.ma","@id":"https:\/\/dpress.ma\/fr\/#\/schema\/person\/4898febf3ccd59e6578d838656a306a0"},"headline":"Yasmina Benchekroun, quand le leadership marocain redessine les codes de la cybers\u00e9curit\u00e9 \u00e0 l\u2019international","datePublished":"2026-03-07T09:49:01+00:00","dateModified":"2026-03-07T09:49:06+00:00","mainEntityOfPage":{"@id":"https:\/\/dpress.ma\/fr\/2026\/03\/07\/yasmina-benchekroun-quand-le-leadership-marocain-redessine-les-codes-de-la-cybersecurite-a-linternational\/"},"wordCount":977,"commentCount":0,"image":{"@id":"https:\/\/dpress.ma\/fr\/2026\/03\/07\/yasmina-benchekroun-quand-le-leadership-marocain-redessine-les-codes-de-la-cybersecurite-a-linternational\/#primaryimage"},"thumbnailUrl":"https:\/\/dpress.ma\/fr\/wp-content\/uploads\/sites\/2\/2026\/03\/29-3.jpg","articleSection":["Espace Marocain du Monde","societe et regions"],"inLanguage":"fr-FR","potentialAction":[{"@type":"CommentAction","name":"Comment","target":["https:\/\/dpress.ma\/fr\/2026\/03\/07\/yasmina-benchekroun-quand-le-leadership-marocain-redessine-les-codes-de-la-cybersecurite-a-linternational\/#respond"]}]},{"@type":"WebPage","@id":"https:\/\/dpress.ma\/fr\/2026\/03\/07\/yasmina-benchekroun-quand-le-leadership-marocain-redessine-les-codes-de-la-cybersecurite-a-linternational\/","url":"https:\/\/dpress.ma\/fr\/2026\/03\/07\/yasmina-benchekroun-quand-le-leadership-marocain-redessine-les-codes-de-la-cybersecurite-a-linternational\/","name":"Yasmina Benchekroun, quand le leadership marocain redessine les codes de la cybers\u00e9curit\u00e9 \u00e0 l\u2019international - Dpress.ma\/fr","isPartOf":{"@id":"https:\/\/dpress.ma\/fr\/#website"},"primaryImageOfPage":{"@id":"https:\/\/dpress.ma\/fr\/2026\/03\/07\/yasmina-benchekroun-quand-le-leadership-marocain-redessine-les-codes-de-la-cybersecurite-a-linternational\/#primaryimage"},"image":{"@id":"https:\/\/dpress.ma\/fr\/2026\/03\/07\/yasmina-benchekroun-quand-le-leadership-marocain-redessine-les-codes-de-la-cybersecurite-a-linternational\/#primaryimage"},"thumbnailUrl":"https:\/\/dpress.ma\/fr\/wp-content\/uploads\/sites\/2\/2026\/03\/29-3.jpg","datePublished":"2026-03-07T09:49:01+00:00","dateModified":"2026-03-07T09:49:06+00:00","author":{"@id":"https:\/\/dpress.ma\/fr\/#\/schema\/person\/4898febf3ccd59e6578d838656a306a0"},"breadcrumb":{"@id":"https:\/\/dpress.ma\/fr\/2026\/03\/07\/yasmina-benchekroun-quand-le-leadership-marocain-redessine-les-codes-de-la-cybersecurite-a-linternational\/#breadcrumb"},"inLanguage":"fr-FR","potentialAction":[{"@type":"ReadAction","target":["https:\/\/dpress.ma\/fr\/2026\/03\/07\/yasmina-benchekroun-quand-le-leadership-marocain-redessine-les-codes-de-la-cybersecurite-a-linternational\/"]}]},{"@type":"ImageObject","inLanguage":"fr-FR","@id":"https:\/\/dpress.ma\/fr\/2026\/03\/07\/yasmina-benchekroun-quand-le-leadership-marocain-redessine-les-codes-de-la-cybersecurite-a-linternational\/#primaryimage","url":"https:\/\/dpress.ma\/fr\/wp-content\/uploads\/sites\/2\/2026\/03\/29-3.jpg","contentUrl":"https:\/\/dpress.ma\/fr\/wp-content\/uploads\/sites\/2\/2026\/03\/29-3.jpg","width":2539,"height":1594},{"@type":"BreadcrumbList","@id":"https:\/\/dpress.ma\/fr\/2026\/03\/07\/yasmina-benchekroun-quand-le-leadership-marocain-redessine-les-codes-de-la-cybersecurite-a-linternational\/#breadcrumb","itemListElement":[{"@type":"ListItem","position":1,"name":"Home","item":"https:\/\/dpress.ma\/fr\/"},{"@type":"ListItem","position":2,"name":"Yasmina Benchekroun, quand le leadership marocain redessine les codes de la cybers\u00e9curit\u00e9 \u00e0 l\u2019international"}]},{"@type":"WebSite","@id":"https:\/\/dpress.ma\/fr\/#website","url":"https:\/\/dpress.ma\/fr\/","name":"Dpress.ma\/fr","description":"","potentialAction":[{"@type":"SearchAction","target":{"@type":"EntryPoint","urlTemplate":"https:\/\/dpress.ma\/fr\/?s={search_term_string}"},"query-input":{"@type":"PropertyValueSpecification","valueRequired":true,"valueName":"search_term_string"}}],"inLanguage":"fr-FR"},{"@type":"Person","@id":"https:\/\/dpress.ma\/fr\/#\/schema\/person\/4898febf3ccd59e6578d838656a306a0","name":"Dpress.ma","image":{"@type":"ImageObject","inLanguage":"fr-FR","@id":"https:\/\/secure.gravatar.com\/avatar\/72ecc30e9db047a2e0e7176561eb9d564ed77c8108376495b19bd8336405198a?s=96&d=mm&r=g","url":"https:\/\/secure.gravatar.com\/avatar\/72ecc30e9db047a2e0e7176561eb9d564ed77c8108376495b19bd8336405198a?s=96&d=mm&r=g","contentUrl":"https:\/\/secure.gravatar.com\/avatar\/72ecc30e9db047a2e0e7176561eb9d564ed77c8108376495b19bd8336405198a?s=96&d=mm&r=g","caption":"Dpress.ma"},"sameAs":["https:\/\/www.dpress.ma"],"url":"https:\/\/dpress.ma\/fr\/author\/dpress-ma\/"}]}},"amp_enabled":true,"_links":{"self":[{"href":"https:\/\/dpress.ma\/fr\/wp-json\/wp\/v2\/posts\/25457","targetHints":{"allow":["GET"]}}],"collection":[{"href":"https:\/\/dpress.ma\/fr\/wp-json\/wp\/v2\/posts"}],"about":[{"href":"https:\/\/dpress.ma\/fr\/wp-json\/wp\/v2\/types\/post"}],"author":[{"embeddable":true,"href":"https:\/\/dpress.ma\/fr\/wp-json\/wp\/v2\/users\/2"}],"replies":[{"embeddable":true,"href":"https:\/\/dpress.ma\/fr\/wp-json\/wp\/v2\/comments?post=25457"}],"version-history":[{"count":1,"href":"https:\/\/dpress.ma\/fr\/wp-json\/wp\/v2\/posts\/25457\/revisions"}],"predecessor-version":[{"id":25459,"href":"https:\/\/dpress.ma\/fr\/wp-json\/wp\/v2\/posts\/25457\/revisions\/25459"}],"wp:featuredmedia":[{"embeddable":true,"href":"https:\/\/dpress.ma\/fr\/wp-json\/wp\/v2\/media\/25458"}],"wp:attachment":[{"href":"https:\/\/dpress.ma\/fr\/wp-json\/wp\/v2\/media?parent=25457"}],"wp:term":[{"taxonomy":"category","embeddable":true,"href":"https:\/\/dpress.ma\/fr\/wp-json\/wp\/v2\/categories?post=25457"},{"taxonomy":"post_tag","embeddable":true,"href":"https:\/\/dpress.ma\/fr\/wp-json\/wp\/v2\/tags?post=25457"}],"curies":[{"name":"wp","href":"https:\/\/api.w.org\/{rel}","templated":true}]}}