{"id":25411,"date":"2026-03-06T12:29:31","date_gmt":"2026-03-06T12:29:31","guid":{"rendered":"https:\/\/dpress.ma\/fr\/?p=25411"},"modified":"2026-03-06T12:29:38","modified_gmt":"2026-03-06T12:29:38","slug":"errachidia-remise-des-prix-aux-laureats-des-concours-regionaux-du-saint-coran-et-de-la-sira-nabawiya","status":"publish","type":"post","link":"https:\/\/dpress.ma\/fr\/2026\/03\/06\/errachidia-remise-des-prix-aux-laureats-des-concours-regionaux-du-saint-coran-et-de-la-sira-nabawiya\/","title":{"rendered":"Errachidia : Remise des prix aux laur\u00e9ats des Concours r\u00e9gionaux du Saint Coran et de la Sira Nabawiya"},"content":{"rendered":"\n<p>Dpress<\/p>\n\n\n\n<p>La sixi\u00e8me \u00e9dition du Concours r\u00e9gional de m\u00e9morisation et de psalmodie du Saint Coran s\u2019est cl\u00f4tur\u00e9e, jeudi soir \u00e0 Errachidia, par une c\u00e9r\u00e9monie de remise des prix aux laur\u00e9ats de cette comp\u00e9tition.<\/p>\n\n\n\n<p>Cette soir\u00e9e a \u00e9t\u00e9 \u00e9galement l\u2019occasion de r\u00e9compenser les \u00e9l\u00e8ves qui ont brill\u00e9 lors de la premi\u00e8re \u00e9dition du Concours r\u00e9gional de la Sira Nabawiya.<\/p>\n\n\n\n<p>Initi\u00e9es par l\u2019Acad\u00e9mie r\u00e9gionale d\u2019\u00e9ducation et de formation (AREF) de Dr\u00e2a-Tafilalet en coordination avec le Conseil r\u00e9gional des oul\u00e9mas, ces deux comp\u00e9titions, auxquelles ont pris part des \u00e9l\u00e8ves des niveaux dipl\u00f4mants relevant des cinq provinces de la r\u00e9gion de Dr\u00e2a-Tafilalet, ont \u00e9t\u00e9 supervis\u00e9es par un jury charg\u00e9 d\u2019\u00e9valuer la performance des candidats selon des crit\u00e8res pr\u00e9cis.<\/p>\n\n\n\n<p>Ainsi, dans la cat\u00e9gorie du niveau de la sixi\u00e8me ann\u00e9e du primaire, le premier prix a \u00e9t\u00e9 remport\u00e9 par la r\u00e9citante Yassmine Saidi (Errachidia), tandis que la premi\u00e8re place dans la cat\u00e9gorie de la 3e ann\u00e9e secondaire coll\u00e9gial est revenue \u00e0 Maria Alami (Errachidia).<\/p>\n\n\n\n<p>S\u2019agissant de la premi\u00e8re ann\u00e9e (cycle Bac), le r\u00e9citant Ismail Ajni (Midelt) s\u2019est adjug\u00e9 le premier prix, alors que Naim Hamzaoui (Zagora) s\u2019est vu discerner le premier prix dans la cat\u00e9gorie de la 2\u00e8 ann\u00e9e bac.<\/p>\n\n\n\n<p>Pour ce qui est du prix de la Sira Nabawiya, l\u2019\u00e9l\u00e8ve Ayoub Bouha (Tinghir) a remport\u00e9 le premier prix dans la cat\u00e9gorie du secondaire coll\u00e9gial, alors que Nassira Oukhrou (Tinghir) s\u2019est vue octroyer le premier prix dans la cat\u00e9gorie du secondaire qualifiant.<\/p>\n\n\n\n<p>Dans une allocution de circonstance, le directeur de l\u2019AREF de Dr\u00e2a-Tafilalet, Abdelati El Asfar a indiqu\u00e9 que cet \u00e9v\u00e9nement a pour objectifs de consolider les traditions de m\u00e9morisation et de psalmodie du Saint Coran, de d\u00e9velopper les connaissances et les comp\u00e9tences des \u00e9l\u00e8ves et d\u2019assurer l\u2019ouverture de l\u2019\u00e9cole sur son environnement.<\/p>\n\n\n\n<p>Ces deux concours r\u00e9gionaux interviennent, a-t-il poursuivi, conform\u00e9ment \u00e0 la Lettre Royale adress\u00e9e par Sa Majest\u00e9 le Roi Mohammed VI, Amir Al-Mouminine, au Conseil Sup\u00e9rieur des Oul\u00e9mas au sujet de la comm\u00e9moration de l\u2019anniversaire du 15e si\u00e8cle de la naissance du Proph\u00e8te Sidna Mohammed, que la Pri\u00e8re et la Paix soient sur Lui.<\/p>\n\n\n\n<p>L\u2019organisation de ces deux Prix s\u2019inscrit, \u00e9galement, explique M. El Asfar, dans le cadre de la mise en \u0153uvre de la loi cadre 51-17 relative au syst\u00e8me d\u2019\u00e9ducation, de formation et de recherche scientifique et dans le cadre de la feuille de route 2022-2026 et son cadre proc\u00e9dural au titre de l\u2019ann\u00e9e 2025-2026 notamment le programme IV relatif aux activit\u00e9s \u00e9ducatives parall\u00e8les.<\/p>\n","protected":false},"excerpt":{"rendered":"<p>Dpress La sixi\u00e8me \u00e9dition du Concours r\u00e9gional de m\u00e9morisation et de psalmodie du Saint Coran s\u2019est cl\u00f4tur\u00e9e, jeudi soir \u00e0 Errachidia, par une c\u00e9r\u00e9monie de remise des prix aux laur\u00e9ats de cette comp\u00e9tition. Cette soir\u00e9e a \u00e9t\u00e9 \u00e9galement l\u2019occasion de r\u00e9compenser les \u00e9l\u00e8ves qui ont brill\u00e9 lors de la premi\u00e8re \u00e9dition du Concours r\u00e9gional de &hellip;<\/p>\n","protected":false},"author":2,"featured_media":25412,"comment_status":"open","ping_status":"open","sticky":false,"template":"","format":"standard","meta":{"footnotes":""},"categories":[40],"tags":[],"class_list":["post-25411","post","type-post","status-publish","format-standard","has-post-thumbnail","hentry","category-societe-et-regions"],"yoast_head":"<!-- This site is optimized with the Yoast SEO plugin v27.5 - https:\/\/yoast.com\/product\/yoast-seo-wordpress\/ -->\n<title>Errachidia : Remise des prix aux laur\u00e9ats des Concours r\u00e9gionaux du Saint Coran et de la Sira Nabawiya - Dpress.ma\/fr<\/title>\n<meta name=\"robots\" content=\"index, follow, max-snippet:-1, max-image-preview:large, max-video-preview:-1\" \/>\n<link rel=\"canonical\" href=\"https:\/\/dpress.ma\/fr\/2026\/03\/06\/errachidia-remise-des-prix-aux-laureats-des-concours-regionaux-du-saint-coran-et-de-la-sira-nabawiya\/\" \/>\n<meta property=\"og:locale\" content=\"fr_FR\" \/>\n<meta property=\"og:type\" content=\"article\" \/>\n<meta property=\"og:title\" content=\"Errachidia : Remise des prix aux laur\u00e9ats des Concours r\u00e9gionaux du Saint Coran et de la Sira Nabawiya - Dpress.ma\/fr\" \/>\n<meta property=\"og:description\" content=\"Dpress La sixi\u00e8me \u00e9dition du Concours r\u00e9gional de m\u00e9morisation et de psalmodie du Saint Coran s\u2019est cl\u00f4tur\u00e9e, jeudi soir \u00e0 Errachidia, par une c\u00e9r\u00e9monie de remise des prix aux laur\u00e9ats de cette comp\u00e9tition. Cette soir\u00e9e a \u00e9t\u00e9 \u00e9galement l\u2019occasion de r\u00e9compenser les \u00e9l\u00e8ves qui ont brill\u00e9 lors de la premi\u00e8re \u00e9dition du Concours r\u00e9gional de &hellip;\" \/>\n<meta property=\"og:url\" content=\"https:\/\/dpress.ma\/fr\/2026\/03\/06\/errachidia-remise-des-prix-aux-laureats-des-concours-regionaux-du-saint-coran-et-de-la-sira-nabawiya\/\" \/>\n<meta property=\"og:site_name\" content=\"Dpress.ma\/fr\" \/>\n<meta property=\"article:published_time\" content=\"2026-03-06T12:29:31+00:00\" \/>\n<meta property=\"article:modified_time\" content=\"2026-03-06T12:29:38+00:00\" \/>\n<meta property=\"og:image\" content=\"https:\/\/dpress.ma\/fr\/wp-content\/uploads\/sites\/2\/2026\/03\/47-2.jpg\" \/>\n\t<meta property=\"og:image:width\" content=\"2539\" \/>\n\t<meta property=\"og:image:height\" content=\"1594\" \/>\n\t<meta property=\"og:image:type\" content=\"image\/jpeg\" \/>\n<meta name=\"author\" content=\"Dpress.ma\" \/>\n<meta name=\"twitter:card\" content=\"summary_large_image\" \/>\n<meta name=\"twitter:label1\" content=\"\u00c9crit par\" \/>\n\t<meta name=\"twitter:data1\" content=\"Dpress.ma\" \/>\n\t<meta name=\"twitter:label2\" content=\"Dur\u00e9e de lecture estim\u00e9e\" \/>\n\t<meta name=\"twitter:data2\" content=\"3 minutes\" \/>\n<script type=\"application\/ld+json\" class=\"yoast-schema-graph\">{\"@context\":\"https:\\\/\\\/schema.org\",\"@graph\":[{\"@type\":\"Article\",\"@id\":\"https:\\\/\\\/dpress.ma\\\/fr\\\/2026\\\/03\\\/06\\\/errachidia-remise-des-prix-aux-laureats-des-concours-regionaux-du-saint-coran-et-de-la-sira-nabawiya\\\/#article\",\"isPartOf\":{\"@id\":\"https:\\\/\\\/dpress.ma\\\/fr\\\/2026\\\/03\\\/06\\\/errachidia-remise-des-prix-aux-laureats-des-concours-regionaux-du-saint-coran-et-de-la-sira-nabawiya\\\/\"},\"author\":{\"name\":\"Dpress.ma\",\"@id\":\"https:\\\/\\\/dpress.ma\\\/fr\\\/#\\\/schema\\\/person\\\/4898febf3ccd59e6578d838656a306a0\"},\"headline\":\"Errachidia : Remise des prix aux laur\u00e9ats des Concours r\u00e9gionaux du Saint Coran et de la Sira Nabawiya\",\"datePublished\":\"2026-03-06T12:29:31+00:00\",\"dateModified\":\"2026-03-06T12:29:38+00:00\",\"mainEntityOfPage\":{\"@id\":\"https:\\\/\\\/dpress.ma\\\/fr\\\/2026\\\/03\\\/06\\\/errachidia-remise-des-prix-aux-laureats-des-concours-regionaux-du-saint-coran-et-de-la-sira-nabawiya\\\/\"},\"wordCount\":501,\"commentCount\":0,\"image\":{\"@id\":\"https:\\\/\\\/dpress.ma\\\/fr\\\/2026\\\/03\\\/06\\\/errachidia-remise-des-prix-aux-laureats-des-concours-regionaux-du-saint-coran-et-de-la-sira-nabawiya\\\/#primaryimage\"},\"thumbnailUrl\":\"https:\\\/\\\/dpress.ma\\\/fr\\\/wp-content\\\/uploads\\\/sites\\\/2\\\/2026\\\/03\\\/47-2.jpg\",\"articleSection\":[\"societe et regions\"],\"inLanguage\":\"fr-FR\",\"potentialAction\":[{\"@type\":\"CommentAction\",\"name\":\"Comment\",\"target\":[\"https:\\\/\\\/dpress.ma\\\/fr\\\/2026\\\/03\\\/06\\\/errachidia-remise-des-prix-aux-laureats-des-concours-regionaux-du-saint-coran-et-de-la-sira-nabawiya\\\/#respond\"]}]},{\"@type\":\"WebPage\",\"@id\":\"https:\\\/\\\/dpress.ma\\\/fr\\\/2026\\\/03\\\/06\\\/errachidia-remise-des-prix-aux-laureats-des-concours-regionaux-du-saint-coran-et-de-la-sira-nabawiya\\\/\",\"url\":\"https:\\\/\\\/dpress.ma\\\/fr\\\/2026\\\/03\\\/06\\\/errachidia-remise-des-prix-aux-laureats-des-concours-regionaux-du-saint-coran-et-de-la-sira-nabawiya\\\/\",\"name\":\"Errachidia : Remise des prix aux laur\u00e9ats des Concours r\u00e9gionaux du Saint Coran et de la Sira Nabawiya - Dpress.ma\\\/fr\",\"isPartOf\":{\"@id\":\"https:\\\/\\\/dpress.ma\\\/fr\\\/#website\"},\"primaryImageOfPage\":{\"@id\":\"https:\\\/\\\/dpress.ma\\\/fr\\\/2026\\\/03\\\/06\\\/errachidia-remise-des-prix-aux-laureats-des-concours-regionaux-du-saint-coran-et-de-la-sira-nabawiya\\\/#primaryimage\"},\"image\":{\"@id\":\"https:\\\/\\\/dpress.ma\\\/fr\\\/2026\\\/03\\\/06\\\/errachidia-remise-des-prix-aux-laureats-des-concours-regionaux-du-saint-coran-et-de-la-sira-nabawiya\\\/#primaryimage\"},\"thumbnailUrl\":\"https:\\\/\\\/dpress.ma\\\/fr\\\/wp-content\\\/uploads\\\/sites\\\/2\\\/2026\\\/03\\\/47-2.jpg\",\"datePublished\":\"2026-03-06T12:29:31+00:00\",\"dateModified\":\"2026-03-06T12:29:38+00:00\",\"author\":{\"@id\":\"https:\\\/\\\/dpress.ma\\\/fr\\\/#\\\/schema\\\/person\\\/4898febf3ccd59e6578d838656a306a0\"},\"breadcrumb\":{\"@id\":\"https:\\\/\\\/dpress.ma\\\/fr\\\/2026\\\/03\\\/06\\\/errachidia-remise-des-prix-aux-laureats-des-concours-regionaux-du-saint-coran-et-de-la-sira-nabawiya\\\/#breadcrumb\"},\"inLanguage\":\"fr-FR\",\"potentialAction\":[{\"@type\":\"ReadAction\",\"target\":[\"https:\\\/\\\/dpress.ma\\\/fr\\\/2026\\\/03\\\/06\\\/errachidia-remise-des-prix-aux-laureats-des-concours-regionaux-du-saint-coran-et-de-la-sira-nabawiya\\\/\"]}]},{\"@type\":\"ImageObject\",\"inLanguage\":\"fr-FR\",\"@id\":\"https:\\\/\\\/dpress.ma\\\/fr\\\/2026\\\/03\\\/06\\\/errachidia-remise-des-prix-aux-laureats-des-concours-regionaux-du-saint-coran-et-de-la-sira-nabawiya\\\/#primaryimage\",\"url\":\"https:\\\/\\\/dpress.ma\\\/fr\\\/wp-content\\\/uploads\\\/sites\\\/2\\\/2026\\\/03\\\/47-2.jpg\",\"contentUrl\":\"https:\\\/\\\/dpress.ma\\\/fr\\\/wp-content\\\/uploads\\\/sites\\\/2\\\/2026\\\/03\\\/47-2.jpg\",\"width\":2539,\"height\":1594},{\"@type\":\"BreadcrumbList\",\"@id\":\"https:\\\/\\\/dpress.ma\\\/fr\\\/2026\\\/03\\\/06\\\/errachidia-remise-des-prix-aux-laureats-des-concours-regionaux-du-saint-coran-et-de-la-sira-nabawiya\\\/#breadcrumb\",\"itemListElement\":[{\"@type\":\"ListItem\",\"position\":1,\"name\":\"Home\",\"item\":\"https:\\\/\\\/dpress.ma\\\/fr\\\/\"},{\"@type\":\"ListItem\",\"position\":2,\"name\":\"Errachidia : Remise des prix aux laur\u00e9ats des Concours r\u00e9gionaux du Saint Coran et de la Sira Nabawiya\"}]},{\"@type\":\"WebSite\",\"@id\":\"https:\\\/\\\/dpress.ma\\\/fr\\\/#website\",\"url\":\"https:\\\/\\\/dpress.ma\\\/fr\\\/\",\"name\":\"Dpress.ma\\\/fr\",\"description\":\"\",\"potentialAction\":[{\"@type\":\"SearchAction\",\"target\":{\"@type\":\"EntryPoint\",\"urlTemplate\":\"https:\\\/\\\/dpress.ma\\\/fr\\\/?s={search_term_string}\"},\"query-input\":{\"@type\":\"PropertyValueSpecification\",\"valueRequired\":true,\"valueName\":\"search_term_string\"}}],\"inLanguage\":\"fr-FR\"},{\"@type\":\"Person\",\"@id\":\"https:\\\/\\\/dpress.ma\\\/fr\\\/#\\\/schema\\\/person\\\/4898febf3ccd59e6578d838656a306a0\",\"name\":\"Dpress.ma\",\"image\":{\"@type\":\"ImageObject\",\"inLanguage\":\"fr-FR\",\"@id\":\"https:\\\/\\\/secure.gravatar.com\\\/avatar\\\/72ecc30e9db047a2e0e7176561eb9d564ed77c8108376495b19bd8336405198a?s=96&d=mm&r=g\",\"url\":\"https:\\\/\\\/secure.gravatar.com\\\/avatar\\\/72ecc30e9db047a2e0e7176561eb9d564ed77c8108376495b19bd8336405198a?s=96&d=mm&r=g\",\"contentUrl\":\"https:\\\/\\\/secure.gravatar.com\\\/avatar\\\/72ecc30e9db047a2e0e7176561eb9d564ed77c8108376495b19bd8336405198a?s=96&d=mm&r=g\",\"caption\":\"Dpress.ma\"},\"sameAs\":[\"https:\\\/\\\/www.dpress.ma\"],\"url\":\"https:\\\/\\\/dpress.ma\\\/fr\\\/author\\\/dpress-ma\\\/\"}]}<\/script>\n<!-- \/ Yoast SEO plugin. -->","yoast_head_json":{"title":"Errachidia : Remise des prix aux laur\u00e9ats des Concours r\u00e9gionaux du Saint Coran et de la Sira Nabawiya - Dpress.ma\/fr","robots":{"index":"index","follow":"follow","max-snippet":"max-snippet:-1","max-image-preview":"max-image-preview:large","max-video-preview":"max-video-preview:-1"},"canonical":"https:\/\/dpress.ma\/fr\/2026\/03\/06\/errachidia-remise-des-prix-aux-laureats-des-concours-regionaux-du-saint-coran-et-de-la-sira-nabawiya\/","og_locale":"fr_FR","og_type":"article","og_title":"Errachidia : Remise des prix aux laur\u00e9ats des Concours r\u00e9gionaux du Saint Coran et de la Sira Nabawiya - Dpress.ma\/fr","og_description":"Dpress La sixi\u00e8me \u00e9dition du Concours r\u00e9gional de m\u00e9morisation et de psalmodie du Saint Coran s\u2019est cl\u00f4tur\u00e9e, jeudi soir \u00e0 Errachidia, par une c\u00e9r\u00e9monie de remise des prix aux laur\u00e9ats de cette comp\u00e9tition. Cette soir\u00e9e a \u00e9t\u00e9 \u00e9galement l\u2019occasion de r\u00e9compenser les \u00e9l\u00e8ves qui ont brill\u00e9 lors de la premi\u00e8re \u00e9dition du Concours r\u00e9gional de &hellip;","og_url":"https:\/\/dpress.ma\/fr\/2026\/03\/06\/errachidia-remise-des-prix-aux-laureats-des-concours-regionaux-du-saint-coran-et-de-la-sira-nabawiya\/","og_site_name":"Dpress.ma\/fr","article_published_time":"2026-03-06T12:29:31+00:00","article_modified_time":"2026-03-06T12:29:38+00:00","og_image":[{"width":2539,"height":1594,"url":"https:\/\/dpress.ma\/fr\/wp-content\/uploads\/sites\/2\/2026\/03\/47-2.jpg","type":"image\/jpeg"}],"author":"Dpress.ma","twitter_card":"summary_large_image","twitter_misc":{"\u00c9crit par":"Dpress.ma","Dur\u00e9e de lecture estim\u00e9e":"3 minutes"},"schema":{"@context":"https:\/\/schema.org","@graph":[{"@type":"Article","@id":"https:\/\/dpress.ma\/fr\/2026\/03\/06\/errachidia-remise-des-prix-aux-laureats-des-concours-regionaux-du-saint-coran-et-de-la-sira-nabawiya\/#article","isPartOf":{"@id":"https:\/\/dpress.ma\/fr\/2026\/03\/06\/errachidia-remise-des-prix-aux-laureats-des-concours-regionaux-du-saint-coran-et-de-la-sira-nabawiya\/"},"author":{"name":"Dpress.ma","@id":"https:\/\/dpress.ma\/fr\/#\/schema\/person\/4898febf3ccd59e6578d838656a306a0"},"headline":"Errachidia : Remise des prix aux laur\u00e9ats des Concours r\u00e9gionaux du Saint Coran et de la Sira Nabawiya","datePublished":"2026-03-06T12:29:31+00:00","dateModified":"2026-03-06T12:29:38+00:00","mainEntityOfPage":{"@id":"https:\/\/dpress.ma\/fr\/2026\/03\/06\/errachidia-remise-des-prix-aux-laureats-des-concours-regionaux-du-saint-coran-et-de-la-sira-nabawiya\/"},"wordCount":501,"commentCount":0,"image":{"@id":"https:\/\/dpress.ma\/fr\/2026\/03\/06\/errachidia-remise-des-prix-aux-laureats-des-concours-regionaux-du-saint-coran-et-de-la-sira-nabawiya\/#primaryimage"},"thumbnailUrl":"https:\/\/dpress.ma\/fr\/wp-content\/uploads\/sites\/2\/2026\/03\/47-2.jpg","articleSection":["societe et regions"],"inLanguage":"fr-FR","potentialAction":[{"@type":"CommentAction","name":"Comment","target":["https:\/\/dpress.ma\/fr\/2026\/03\/06\/errachidia-remise-des-prix-aux-laureats-des-concours-regionaux-du-saint-coran-et-de-la-sira-nabawiya\/#respond"]}]},{"@type":"WebPage","@id":"https:\/\/dpress.ma\/fr\/2026\/03\/06\/errachidia-remise-des-prix-aux-laureats-des-concours-regionaux-du-saint-coran-et-de-la-sira-nabawiya\/","url":"https:\/\/dpress.ma\/fr\/2026\/03\/06\/errachidia-remise-des-prix-aux-laureats-des-concours-regionaux-du-saint-coran-et-de-la-sira-nabawiya\/","name":"Errachidia : Remise des prix aux laur\u00e9ats des Concours r\u00e9gionaux du Saint Coran et de la Sira Nabawiya - Dpress.ma\/fr","isPartOf":{"@id":"https:\/\/dpress.ma\/fr\/#website"},"primaryImageOfPage":{"@id":"https:\/\/dpress.ma\/fr\/2026\/03\/06\/errachidia-remise-des-prix-aux-laureats-des-concours-regionaux-du-saint-coran-et-de-la-sira-nabawiya\/#primaryimage"},"image":{"@id":"https:\/\/dpress.ma\/fr\/2026\/03\/06\/errachidia-remise-des-prix-aux-laureats-des-concours-regionaux-du-saint-coran-et-de-la-sira-nabawiya\/#primaryimage"},"thumbnailUrl":"https:\/\/dpress.ma\/fr\/wp-content\/uploads\/sites\/2\/2026\/03\/47-2.jpg","datePublished":"2026-03-06T12:29:31+00:00","dateModified":"2026-03-06T12:29:38+00:00","author":{"@id":"https:\/\/dpress.ma\/fr\/#\/schema\/person\/4898febf3ccd59e6578d838656a306a0"},"breadcrumb":{"@id":"https:\/\/dpress.ma\/fr\/2026\/03\/06\/errachidia-remise-des-prix-aux-laureats-des-concours-regionaux-du-saint-coran-et-de-la-sira-nabawiya\/#breadcrumb"},"inLanguage":"fr-FR","potentialAction":[{"@type":"ReadAction","target":["https:\/\/dpress.ma\/fr\/2026\/03\/06\/errachidia-remise-des-prix-aux-laureats-des-concours-regionaux-du-saint-coran-et-de-la-sira-nabawiya\/"]}]},{"@type":"ImageObject","inLanguage":"fr-FR","@id":"https:\/\/dpress.ma\/fr\/2026\/03\/06\/errachidia-remise-des-prix-aux-laureats-des-concours-regionaux-du-saint-coran-et-de-la-sira-nabawiya\/#primaryimage","url":"https:\/\/dpress.ma\/fr\/wp-content\/uploads\/sites\/2\/2026\/03\/47-2.jpg","contentUrl":"https:\/\/dpress.ma\/fr\/wp-content\/uploads\/sites\/2\/2026\/03\/47-2.jpg","width":2539,"height":1594},{"@type":"BreadcrumbList","@id":"https:\/\/dpress.ma\/fr\/2026\/03\/06\/errachidia-remise-des-prix-aux-laureats-des-concours-regionaux-du-saint-coran-et-de-la-sira-nabawiya\/#breadcrumb","itemListElement":[{"@type":"ListItem","position":1,"name":"Home","item":"https:\/\/dpress.ma\/fr\/"},{"@type":"ListItem","position":2,"name":"Errachidia : Remise des prix aux laur\u00e9ats des Concours r\u00e9gionaux du Saint Coran et de la Sira Nabawiya"}]},{"@type":"WebSite","@id":"https:\/\/dpress.ma\/fr\/#website","url":"https:\/\/dpress.ma\/fr\/","name":"Dpress.ma\/fr","description":"","potentialAction":[{"@type":"SearchAction","target":{"@type":"EntryPoint","urlTemplate":"https:\/\/dpress.ma\/fr\/?s={search_term_string}"},"query-input":{"@type":"PropertyValueSpecification","valueRequired":true,"valueName":"search_term_string"}}],"inLanguage":"fr-FR"},{"@type":"Person","@id":"https:\/\/dpress.ma\/fr\/#\/schema\/person\/4898febf3ccd59e6578d838656a306a0","name":"Dpress.ma","image":{"@type":"ImageObject","inLanguage":"fr-FR","@id":"https:\/\/secure.gravatar.com\/avatar\/72ecc30e9db047a2e0e7176561eb9d564ed77c8108376495b19bd8336405198a?s=96&d=mm&r=g","url":"https:\/\/secure.gravatar.com\/avatar\/72ecc30e9db047a2e0e7176561eb9d564ed77c8108376495b19bd8336405198a?s=96&d=mm&r=g","contentUrl":"https:\/\/secure.gravatar.com\/avatar\/72ecc30e9db047a2e0e7176561eb9d564ed77c8108376495b19bd8336405198a?s=96&d=mm&r=g","caption":"Dpress.ma"},"sameAs":["https:\/\/www.dpress.ma"],"url":"https:\/\/dpress.ma\/fr\/author\/dpress-ma\/"}]}},"amp_enabled":true,"_links":{"self":[{"href":"https:\/\/dpress.ma\/fr\/wp-json\/wp\/v2\/posts\/25411","targetHints":{"allow":["GET"]}}],"collection":[{"href":"https:\/\/dpress.ma\/fr\/wp-json\/wp\/v2\/posts"}],"about":[{"href":"https:\/\/dpress.ma\/fr\/wp-json\/wp\/v2\/types\/post"}],"author":[{"embeddable":true,"href":"https:\/\/dpress.ma\/fr\/wp-json\/wp\/v2\/users\/2"}],"replies":[{"embeddable":true,"href":"https:\/\/dpress.ma\/fr\/wp-json\/wp\/v2\/comments?post=25411"}],"version-history":[{"count":1,"href":"https:\/\/dpress.ma\/fr\/wp-json\/wp\/v2\/posts\/25411\/revisions"}],"predecessor-version":[{"id":25413,"href":"https:\/\/dpress.ma\/fr\/wp-json\/wp\/v2\/posts\/25411\/revisions\/25413"}],"wp:featuredmedia":[{"embeddable":true,"href":"https:\/\/dpress.ma\/fr\/wp-json\/wp\/v2\/media\/25412"}],"wp:attachment":[{"href":"https:\/\/dpress.ma\/fr\/wp-json\/wp\/v2\/media?parent=25411"}],"wp:term":[{"taxonomy":"category","embeddable":true,"href":"https:\/\/dpress.ma\/fr\/wp-json\/wp\/v2\/categories?post=25411"},{"taxonomy":"post_tag","embeddable":true,"href":"https:\/\/dpress.ma\/fr\/wp-json\/wp\/v2\/tags?post=25411"}],"curies":[{"name":"wp","href":"https:\/\/api.w.org\/{rel}","templated":true}]}}