{"id":25408,"date":"2026-03-06T12:18:18","date_gmt":"2026-03-06T12:18:18","guid":{"rendered":"https:\/\/dpress.ma\/fr\/?p=25408"},"modified":"2026-03-06T12:18:21","modified_gmt":"2026-03-06T12:18:21","slug":"qatar-mise-en-echec-dune-attaque-de-drones-contre-la-base-aerienne-dal-udeid","status":"publish","type":"post","link":"https:\/\/dpress.ma\/fr\/2026\/03\/06\/qatar-mise-en-echec-dune-attaque-de-drones-contre-la-base-aerienne-dal-udeid\/","title":{"rendered":"Qatar: mise en \u00e9chec d\u2019une attaque de drones contre la base a\u00e9rienne d\u2019Al-Udeid"},"content":{"rendered":"\n<p>Dpress<\/p>\n\n\n\n<p>Le minist\u00e8re qatari de la D\u00e9fense a annonc\u00e9, vendredi, avoir mis en \u00e9chec une attaque men\u00e9e par des drones contre la base a\u00e9rienne d\u2019Al-Udeid, situ\u00e9e au sud de Doha.<\/p>\n\n\n\n<p>\u201cLes forces de d\u00e9fense a\u00e9rienne \u00e9miriennes du Qatar ont intercept\u00e9 une attaque de drones visant la base a\u00e9rienne d\u2019Al-Udeid\u201d, a indiqu\u00e9 le minist\u00e8re dans un communiqu\u00e9 publi\u00e9 sur son compte sur la plateforme X.<\/p>\n\n\n\n<p>Le Qatar, \u00e0 l\u2019instar de plusieurs autres pays du Golfe, fait face \u00e0 une s\u00e9rie d\u2019attaques iraniennes men\u00e9es \u00e0 l\u2019aide de missiles balistiques et de drones visant des sites et installations strat\u00e9giques.<\/p>\n\n\n\n<p><\/p>\n","protected":false},"excerpt":{"rendered":"<p>Dpress Le minist\u00e8re qatari de la D\u00e9fense a annonc\u00e9, vendredi, avoir mis en \u00e9chec une attaque men\u00e9e par des drones contre la base a\u00e9rienne d\u2019Al-Udeid, situ\u00e9e au sud de Doha. \u201cLes forces de d\u00e9fense a\u00e9rienne \u00e9miriennes du Qatar ont intercept\u00e9 une attaque de drones visant la base a\u00e9rienne d\u2019Al-Udeid\u201d, a indiqu\u00e9 le minist\u00e8re dans un &hellip;<\/p>\n","protected":false},"author":2,"featured_media":25409,"comment_status":"open","ping_status":"open","sticky":false,"template":"","format":"standard","meta":{"footnotes":""},"categories":[42],"tags":[],"class_list":["post-25408","post","type-post","status-publish","format-standard","has-post-thumbnail","hentry","category-monde"],"yoast_head":"<!-- This site is optimized with the Yoast SEO plugin v27.5 - https:\/\/yoast.com\/product\/yoast-seo-wordpress\/ -->\n<title>Qatar: mise en \u00e9chec d\u2019une attaque de drones contre la base a\u00e9rienne d\u2019Al-Udeid - Dpress.ma\/fr<\/title>\n<meta name=\"robots\" content=\"index, follow, max-snippet:-1, max-image-preview:large, max-video-preview:-1\" \/>\n<link rel=\"canonical\" href=\"https:\/\/dpress.ma\/fr\/2026\/03\/06\/qatar-mise-en-echec-dune-attaque-de-drones-contre-la-base-aerienne-dal-udeid\/\" \/>\n<meta property=\"og:locale\" content=\"fr_FR\" \/>\n<meta property=\"og:type\" content=\"article\" \/>\n<meta property=\"og:title\" content=\"Qatar: mise en \u00e9chec d\u2019une attaque de drones contre la base a\u00e9rienne d\u2019Al-Udeid - Dpress.ma\/fr\" \/>\n<meta property=\"og:description\" content=\"Dpress Le minist\u00e8re qatari de la D\u00e9fense a annonc\u00e9, vendredi, avoir mis en \u00e9chec une attaque men\u00e9e par des drones contre la base a\u00e9rienne d\u2019Al-Udeid, situ\u00e9e au sud de Doha. \u201cLes forces de d\u00e9fense a\u00e9rienne \u00e9miriennes du Qatar ont intercept\u00e9 une attaque de drones visant la base a\u00e9rienne d\u2019Al-Udeid\u201d, a indiqu\u00e9 le minist\u00e8re dans un &hellip;\" \/>\n<meta property=\"og:url\" content=\"https:\/\/dpress.ma\/fr\/2026\/03\/06\/qatar-mise-en-echec-dune-attaque-de-drones-contre-la-base-aerienne-dal-udeid\/\" \/>\n<meta property=\"og:site_name\" content=\"Dpress.ma\/fr\" \/>\n<meta property=\"article:published_time\" content=\"2026-03-06T12:18:18+00:00\" \/>\n<meta property=\"article:modified_time\" content=\"2026-03-06T12:18:21+00:00\" \/>\n<meta property=\"og:image\" content=\"https:\/\/dpress.ma\/fr\/wp-content\/uploads\/sites\/2\/2026\/03\/42-1.jpg\" \/>\n\t<meta property=\"og:image:width\" content=\"2539\" \/>\n\t<meta property=\"og:image:height\" content=\"1594\" \/>\n\t<meta property=\"og:image:type\" content=\"image\/jpeg\" \/>\n<meta name=\"author\" content=\"Dpress.ma\" \/>\n<meta name=\"twitter:card\" content=\"summary_large_image\" \/>\n<meta name=\"twitter:label1\" content=\"\u00c9crit par\" \/>\n\t<meta name=\"twitter:data1\" content=\"Dpress.ma\" \/>\n\t<meta name=\"twitter:label2\" content=\"Dur\u00e9e de lecture estim\u00e9e\" \/>\n\t<meta name=\"twitter:data2\" content=\"1 minute\" \/>\n<script type=\"application\/ld+json\" class=\"yoast-schema-graph\">{\"@context\":\"https:\\\/\\\/schema.org\",\"@graph\":[{\"@type\":\"Article\",\"@id\":\"https:\\\/\\\/dpress.ma\\\/fr\\\/2026\\\/03\\\/06\\\/qatar-mise-en-echec-dune-attaque-de-drones-contre-la-base-aerienne-dal-udeid\\\/#article\",\"isPartOf\":{\"@id\":\"https:\\\/\\\/dpress.ma\\\/fr\\\/2026\\\/03\\\/06\\\/qatar-mise-en-echec-dune-attaque-de-drones-contre-la-base-aerienne-dal-udeid\\\/\"},\"author\":{\"name\":\"Dpress.ma\",\"@id\":\"https:\\\/\\\/dpress.ma\\\/fr\\\/#\\\/schema\\\/person\\\/4898febf3ccd59e6578d838656a306a0\"},\"headline\":\"Qatar: mise en \u00e9chec d\u2019une attaque de drones contre la base a\u00e9rienne d\u2019Al-Udeid\",\"datePublished\":\"2026-03-06T12:18:18+00:00\",\"dateModified\":\"2026-03-06T12:18:21+00:00\",\"mainEntityOfPage\":{\"@id\":\"https:\\\/\\\/dpress.ma\\\/fr\\\/2026\\\/03\\\/06\\\/qatar-mise-en-echec-dune-attaque-de-drones-contre-la-base-aerienne-dal-udeid\\\/\"},\"wordCount\":126,\"commentCount\":0,\"image\":{\"@id\":\"https:\\\/\\\/dpress.ma\\\/fr\\\/2026\\\/03\\\/06\\\/qatar-mise-en-echec-dune-attaque-de-drones-contre-la-base-aerienne-dal-udeid\\\/#primaryimage\"},\"thumbnailUrl\":\"https:\\\/\\\/dpress.ma\\\/fr\\\/wp-content\\\/uploads\\\/sites\\\/2\\\/2026\\\/03\\\/42-1.jpg\",\"articleSection\":[\"monde\"],\"inLanguage\":\"fr-FR\",\"potentialAction\":[{\"@type\":\"CommentAction\",\"name\":\"Comment\",\"target\":[\"https:\\\/\\\/dpress.ma\\\/fr\\\/2026\\\/03\\\/06\\\/qatar-mise-en-echec-dune-attaque-de-drones-contre-la-base-aerienne-dal-udeid\\\/#respond\"]}]},{\"@type\":\"WebPage\",\"@id\":\"https:\\\/\\\/dpress.ma\\\/fr\\\/2026\\\/03\\\/06\\\/qatar-mise-en-echec-dune-attaque-de-drones-contre-la-base-aerienne-dal-udeid\\\/\",\"url\":\"https:\\\/\\\/dpress.ma\\\/fr\\\/2026\\\/03\\\/06\\\/qatar-mise-en-echec-dune-attaque-de-drones-contre-la-base-aerienne-dal-udeid\\\/\",\"name\":\"Qatar: mise en \u00e9chec d\u2019une attaque de drones contre la base a\u00e9rienne d\u2019Al-Udeid - Dpress.ma\\\/fr\",\"isPartOf\":{\"@id\":\"https:\\\/\\\/dpress.ma\\\/fr\\\/#website\"},\"primaryImageOfPage\":{\"@id\":\"https:\\\/\\\/dpress.ma\\\/fr\\\/2026\\\/03\\\/06\\\/qatar-mise-en-echec-dune-attaque-de-drones-contre-la-base-aerienne-dal-udeid\\\/#primaryimage\"},\"image\":{\"@id\":\"https:\\\/\\\/dpress.ma\\\/fr\\\/2026\\\/03\\\/06\\\/qatar-mise-en-echec-dune-attaque-de-drones-contre-la-base-aerienne-dal-udeid\\\/#primaryimage\"},\"thumbnailUrl\":\"https:\\\/\\\/dpress.ma\\\/fr\\\/wp-content\\\/uploads\\\/sites\\\/2\\\/2026\\\/03\\\/42-1.jpg\",\"datePublished\":\"2026-03-06T12:18:18+00:00\",\"dateModified\":\"2026-03-06T12:18:21+00:00\",\"author\":{\"@id\":\"https:\\\/\\\/dpress.ma\\\/fr\\\/#\\\/schema\\\/person\\\/4898febf3ccd59e6578d838656a306a0\"},\"breadcrumb\":{\"@id\":\"https:\\\/\\\/dpress.ma\\\/fr\\\/2026\\\/03\\\/06\\\/qatar-mise-en-echec-dune-attaque-de-drones-contre-la-base-aerienne-dal-udeid\\\/#breadcrumb\"},\"inLanguage\":\"fr-FR\",\"potentialAction\":[{\"@type\":\"ReadAction\",\"target\":[\"https:\\\/\\\/dpress.ma\\\/fr\\\/2026\\\/03\\\/06\\\/qatar-mise-en-echec-dune-attaque-de-drones-contre-la-base-aerienne-dal-udeid\\\/\"]}]},{\"@type\":\"ImageObject\",\"inLanguage\":\"fr-FR\",\"@id\":\"https:\\\/\\\/dpress.ma\\\/fr\\\/2026\\\/03\\\/06\\\/qatar-mise-en-echec-dune-attaque-de-drones-contre-la-base-aerienne-dal-udeid\\\/#primaryimage\",\"url\":\"https:\\\/\\\/dpress.ma\\\/fr\\\/wp-content\\\/uploads\\\/sites\\\/2\\\/2026\\\/03\\\/42-1.jpg\",\"contentUrl\":\"https:\\\/\\\/dpress.ma\\\/fr\\\/wp-content\\\/uploads\\\/sites\\\/2\\\/2026\\\/03\\\/42-1.jpg\",\"width\":2539,\"height\":1594},{\"@type\":\"BreadcrumbList\",\"@id\":\"https:\\\/\\\/dpress.ma\\\/fr\\\/2026\\\/03\\\/06\\\/qatar-mise-en-echec-dune-attaque-de-drones-contre-la-base-aerienne-dal-udeid\\\/#breadcrumb\",\"itemListElement\":[{\"@type\":\"ListItem\",\"position\":1,\"name\":\"Home\",\"item\":\"https:\\\/\\\/dpress.ma\\\/fr\\\/\"},{\"@type\":\"ListItem\",\"position\":2,\"name\":\"Qatar: mise en \u00e9chec d\u2019une attaque de drones contre la base a\u00e9rienne d\u2019Al-Udeid\"}]},{\"@type\":\"WebSite\",\"@id\":\"https:\\\/\\\/dpress.ma\\\/fr\\\/#website\",\"url\":\"https:\\\/\\\/dpress.ma\\\/fr\\\/\",\"name\":\"Dpress.ma\\\/fr\",\"description\":\"\",\"potentialAction\":[{\"@type\":\"SearchAction\",\"target\":{\"@type\":\"EntryPoint\",\"urlTemplate\":\"https:\\\/\\\/dpress.ma\\\/fr\\\/?s={search_term_string}\"},\"query-input\":{\"@type\":\"PropertyValueSpecification\",\"valueRequired\":true,\"valueName\":\"search_term_string\"}}],\"inLanguage\":\"fr-FR\"},{\"@type\":\"Person\",\"@id\":\"https:\\\/\\\/dpress.ma\\\/fr\\\/#\\\/schema\\\/person\\\/4898febf3ccd59e6578d838656a306a0\",\"name\":\"Dpress.ma\",\"image\":{\"@type\":\"ImageObject\",\"inLanguage\":\"fr-FR\",\"@id\":\"https:\\\/\\\/secure.gravatar.com\\\/avatar\\\/72ecc30e9db047a2e0e7176561eb9d564ed77c8108376495b19bd8336405198a?s=96&d=mm&r=g\",\"url\":\"https:\\\/\\\/secure.gravatar.com\\\/avatar\\\/72ecc30e9db047a2e0e7176561eb9d564ed77c8108376495b19bd8336405198a?s=96&d=mm&r=g\",\"contentUrl\":\"https:\\\/\\\/secure.gravatar.com\\\/avatar\\\/72ecc30e9db047a2e0e7176561eb9d564ed77c8108376495b19bd8336405198a?s=96&d=mm&r=g\",\"caption\":\"Dpress.ma\"},\"sameAs\":[\"https:\\\/\\\/www.dpress.ma\"],\"url\":\"https:\\\/\\\/dpress.ma\\\/fr\\\/author\\\/dpress-ma\\\/\"}]}<\/script>\n<!-- \/ Yoast SEO plugin. -->","yoast_head_json":{"title":"Qatar: mise en \u00e9chec d\u2019une attaque de drones contre la base a\u00e9rienne d\u2019Al-Udeid - Dpress.ma\/fr","robots":{"index":"index","follow":"follow","max-snippet":"max-snippet:-1","max-image-preview":"max-image-preview:large","max-video-preview":"max-video-preview:-1"},"canonical":"https:\/\/dpress.ma\/fr\/2026\/03\/06\/qatar-mise-en-echec-dune-attaque-de-drones-contre-la-base-aerienne-dal-udeid\/","og_locale":"fr_FR","og_type":"article","og_title":"Qatar: mise en \u00e9chec d\u2019une attaque de drones contre la base a\u00e9rienne d\u2019Al-Udeid - Dpress.ma\/fr","og_description":"Dpress Le minist\u00e8re qatari de la D\u00e9fense a annonc\u00e9, vendredi, avoir mis en \u00e9chec une attaque men\u00e9e par des drones contre la base a\u00e9rienne d\u2019Al-Udeid, situ\u00e9e au sud de Doha. \u201cLes forces de d\u00e9fense a\u00e9rienne \u00e9miriennes du Qatar ont intercept\u00e9 une attaque de drones visant la base a\u00e9rienne d\u2019Al-Udeid\u201d, a indiqu\u00e9 le minist\u00e8re dans un &hellip;","og_url":"https:\/\/dpress.ma\/fr\/2026\/03\/06\/qatar-mise-en-echec-dune-attaque-de-drones-contre-la-base-aerienne-dal-udeid\/","og_site_name":"Dpress.ma\/fr","article_published_time":"2026-03-06T12:18:18+00:00","article_modified_time":"2026-03-06T12:18:21+00:00","og_image":[{"width":2539,"height":1594,"url":"https:\/\/dpress.ma\/fr\/wp-content\/uploads\/sites\/2\/2026\/03\/42-1.jpg","type":"image\/jpeg"}],"author":"Dpress.ma","twitter_card":"summary_large_image","twitter_misc":{"\u00c9crit par":"Dpress.ma","Dur\u00e9e de lecture estim\u00e9e":"1 minute"},"schema":{"@context":"https:\/\/schema.org","@graph":[{"@type":"Article","@id":"https:\/\/dpress.ma\/fr\/2026\/03\/06\/qatar-mise-en-echec-dune-attaque-de-drones-contre-la-base-aerienne-dal-udeid\/#article","isPartOf":{"@id":"https:\/\/dpress.ma\/fr\/2026\/03\/06\/qatar-mise-en-echec-dune-attaque-de-drones-contre-la-base-aerienne-dal-udeid\/"},"author":{"name":"Dpress.ma","@id":"https:\/\/dpress.ma\/fr\/#\/schema\/person\/4898febf3ccd59e6578d838656a306a0"},"headline":"Qatar: mise en \u00e9chec d\u2019une attaque de drones contre la base a\u00e9rienne d\u2019Al-Udeid","datePublished":"2026-03-06T12:18:18+00:00","dateModified":"2026-03-06T12:18:21+00:00","mainEntityOfPage":{"@id":"https:\/\/dpress.ma\/fr\/2026\/03\/06\/qatar-mise-en-echec-dune-attaque-de-drones-contre-la-base-aerienne-dal-udeid\/"},"wordCount":126,"commentCount":0,"image":{"@id":"https:\/\/dpress.ma\/fr\/2026\/03\/06\/qatar-mise-en-echec-dune-attaque-de-drones-contre-la-base-aerienne-dal-udeid\/#primaryimage"},"thumbnailUrl":"https:\/\/dpress.ma\/fr\/wp-content\/uploads\/sites\/2\/2026\/03\/42-1.jpg","articleSection":["monde"],"inLanguage":"fr-FR","potentialAction":[{"@type":"CommentAction","name":"Comment","target":["https:\/\/dpress.ma\/fr\/2026\/03\/06\/qatar-mise-en-echec-dune-attaque-de-drones-contre-la-base-aerienne-dal-udeid\/#respond"]}]},{"@type":"WebPage","@id":"https:\/\/dpress.ma\/fr\/2026\/03\/06\/qatar-mise-en-echec-dune-attaque-de-drones-contre-la-base-aerienne-dal-udeid\/","url":"https:\/\/dpress.ma\/fr\/2026\/03\/06\/qatar-mise-en-echec-dune-attaque-de-drones-contre-la-base-aerienne-dal-udeid\/","name":"Qatar: mise en \u00e9chec d\u2019une attaque de drones contre la base a\u00e9rienne d\u2019Al-Udeid - Dpress.ma\/fr","isPartOf":{"@id":"https:\/\/dpress.ma\/fr\/#website"},"primaryImageOfPage":{"@id":"https:\/\/dpress.ma\/fr\/2026\/03\/06\/qatar-mise-en-echec-dune-attaque-de-drones-contre-la-base-aerienne-dal-udeid\/#primaryimage"},"image":{"@id":"https:\/\/dpress.ma\/fr\/2026\/03\/06\/qatar-mise-en-echec-dune-attaque-de-drones-contre-la-base-aerienne-dal-udeid\/#primaryimage"},"thumbnailUrl":"https:\/\/dpress.ma\/fr\/wp-content\/uploads\/sites\/2\/2026\/03\/42-1.jpg","datePublished":"2026-03-06T12:18:18+00:00","dateModified":"2026-03-06T12:18:21+00:00","author":{"@id":"https:\/\/dpress.ma\/fr\/#\/schema\/person\/4898febf3ccd59e6578d838656a306a0"},"breadcrumb":{"@id":"https:\/\/dpress.ma\/fr\/2026\/03\/06\/qatar-mise-en-echec-dune-attaque-de-drones-contre-la-base-aerienne-dal-udeid\/#breadcrumb"},"inLanguage":"fr-FR","potentialAction":[{"@type":"ReadAction","target":["https:\/\/dpress.ma\/fr\/2026\/03\/06\/qatar-mise-en-echec-dune-attaque-de-drones-contre-la-base-aerienne-dal-udeid\/"]}]},{"@type":"ImageObject","inLanguage":"fr-FR","@id":"https:\/\/dpress.ma\/fr\/2026\/03\/06\/qatar-mise-en-echec-dune-attaque-de-drones-contre-la-base-aerienne-dal-udeid\/#primaryimage","url":"https:\/\/dpress.ma\/fr\/wp-content\/uploads\/sites\/2\/2026\/03\/42-1.jpg","contentUrl":"https:\/\/dpress.ma\/fr\/wp-content\/uploads\/sites\/2\/2026\/03\/42-1.jpg","width":2539,"height":1594},{"@type":"BreadcrumbList","@id":"https:\/\/dpress.ma\/fr\/2026\/03\/06\/qatar-mise-en-echec-dune-attaque-de-drones-contre-la-base-aerienne-dal-udeid\/#breadcrumb","itemListElement":[{"@type":"ListItem","position":1,"name":"Home","item":"https:\/\/dpress.ma\/fr\/"},{"@type":"ListItem","position":2,"name":"Qatar: mise en \u00e9chec d\u2019une attaque de drones contre la base a\u00e9rienne d\u2019Al-Udeid"}]},{"@type":"WebSite","@id":"https:\/\/dpress.ma\/fr\/#website","url":"https:\/\/dpress.ma\/fr\/","name":"Dpress.ma\/fr","description":"","potentialAction":[{"@type":"SearchAction","target":{"@type":"EntryPoint","urlTemplate":"https:\/\/dpress.ma\/fr\/?s={search_term_string}"},"query-input":{"@type":"PropertyValueSpecification","valueRequired":true,"valueName":"search_term_string"}}],"inLanguage":"fr-FR"},{"@type":"Person","@id":"https:\/\/dpress.ma\/fr\/#\/schema\/person\/4898febf3ccd59e6578d838656a306a0","name":"Dpress.ma","image":{"@type":"ImageObject","inLanguage":"fr-FR","@id":"https:\/\/secure.gravatar.com\/avatar\/72ecc30e9db047a2e0e7176561eb9d564ed77c8108376495b19bd8336405198a?s=96&d=mm&r=g","url":"https:\/\/secure.gravatar.com\/avatar\/72ecc30e9db047a2e0e7176561eb9d564ed77c8108376495b19bd8336405198a?s=96&d=mm&r=g","contentUrl":"https:\/\/secure.gravatar.com\/avatar\/72ecc30e9db047a2e0e7176561eb9d564ed77c8108376495b19bd8336405198a?s=96&d=mm&r=g","caption":"Dpress.ma"},"sameAs":["https:\/\/www.dpress.ma"],"url":"https:\/\/dpress.ma\/fr\/author\/dpress-ma\/"}]}},"amp_enabled":true,"_links":{"self":[{"href":"https:\/\/dpress.ma\/fr\/wp-json\/wp\/v2\/posts\/25408","targetHints":{"allow":["GET"]}}],"collection":[{"href":"https:\/\/dpress.ma\/fr\/wp-json\/wp\/v2\/posts"}],"about":[{"href":"https:\/\/dpress.ma\/fr\/wp-json\/wp\/v2\/types\/post"}],"author":[{"embeddable":true,"href":"https:\/\/dpress.ma\/fr\/wp-json\/wp\/v2\/users\/2"}],"replies":[{"embeddable":true,"href":"https:\/\/dpress.ma\/fr\/wp-json\/wp\/v2\/comments?post=25408"}],"version-history":[{"count":1,"href":"https:\/\/dpress.ma\/fr\/wp-json\/wp\/v2\/posts\/25408\/revisions"}],"predecessor-version":[{"id":25410,"href":"https:\/\/dpress.ma\/fr\/wp-json\/wp\/v2\/posts\/25408\/revisions\/25410"}],"wp:featuredmedia":[{"embeddable":true,"href":"https:\/\/dpress.ma\/fr\/wp-json\/wp\/v2\/media\/25409"}],"wp:attachment":[{"href":"https:\/\/dpress.ma\/fr\/wp-json\/wp\/v2\/media?parent=25408"}],"wp:term":[{"taxonomy":"category","embeddable":true,"href":"https:\/\/dpress.ma\/fr\/wp-json\/wp\/v2\/categories?post=25408"},{"taxonomy":"post_tag","embeddable":true,"href":"https:\/\/dpress.ma\/fr\/wp-json\/wp\/v2\/tags?post=25408"}],"curies":[{"name":"wp","href":"https:\/\/api.w.org\/{rel}","templated":true}]}}