{"id":25404,"date":"2026-03-06T11:54:14","date_gmt":"2026-03-06T11:54:14","guid":{"rendered":"https:\/\/dpress.ma\/fr\/?p=25404"},"modified":"2026-03-06T11:54:17","modified_gmt":"2026-03-06T11:54:17","slug":"batisseuse-dans-lame-zineb-hatim-promeut-la-creation-de-ponts-humains-entre-le-maroc-et-la-france","status":"publish","type":"post","link":"https:\/\/dpress.ma\/fr\/2026\/03\/06\/batisseuse-dans-lame-zineb-hatim-promeut-la-creation-de-ponts-humains-entre-le-maroc-et-la-france\/","title":{"rendered":"B\u00e2tisseuse dans l\u2019\u00e2me, Zineb Hatim promeut la cr\u00e9ation de ponts \u00ab humains \u00bb entre le Maroc et la France"},"content":{"rendered":"\n<p>Dpress<\/p>\n\n\n\n<p>De grands chantiers de b\u00e2timent et non des moindres ont r\u00e9v\u00e9l\u00e9 les talents d\u2019une manager hors-pair&nbsp;: Zineb Hatim, l\u2019un des visages de la r\u00e9ussite au f\u00e9minin de la diaspora marocaine de France. Sa contribution en tant qu\u2019ing\u00e9nieure cheffe de projet aux travaux de restauration de l\u2019institution militaire des Invalides, l\u2019un des monuments embl\u00e9matiques de la capitale fran\u00e7aise, en est l\u2019exemple le plus saillant.<\/p>\n\n\n\n<p>A 33 ans, Zineb n\u2019en est pas moins fi\u00e8re. Elle continue \u00e0 \u00ab&nbsp;r\u00eaver grand&nbsp;\u00bb et \u00e0 se donner les moyens de r\u00e9aliser ses ambitions. Mais, elle tient aussi \u00e0 donner un \u00e9quilibre \u00e0 sa vie en tant que Marocaine du monde, riche de sa double culture, avec toujours comme mot d\u2019ordre \u00ab&nbsp;construire&nbsp;\u00bb. L\u00e0 c\u2019est sa passion qui prend le dessus, celle de b\u00e2tir des ponts \u00ab&nbsp;humains&nbsp;\u00bb entre le Maroc et la France.<\/p>\n\n\n\n<p>D\u00e9j\u00e0 au c\u0153ur de son action comme pr\u00e9sidente de l\u2019association \u00ab&nbsp;Maroc Entrepreneurs&nbsp;\u00bb, l\u2019un des plus grands r\u00e9seaux de comp\u00e9tences marocaines d\u2019Europe, avec pour vocation de contribuer au d\u00e9veloppement socio-\u00e9conomique du Royaume, cet engagement, mu autant par \u00ab&nbsp;le lien&nbsp;du c\u0153ur&nbsp;\u00bb que l\u2019attachement \u00e0 la m\u00e8re-patrie, vient de franchir un nouveau cap avec la d\u00e9cision de Zineb Hatim de rejoindre l\u2019\u00e9cosyst\u00e8me de l\u2019Universit\u00e9 Mohammed VI Polytechnique (UM6P) au sein de son antenne europ\u00e9enne en France. Elle y dirige le p\u00f4le \u00ab Ponts et Talents \u00bb.<\/p>\n\n\n\n<p>Sa mission : cr\u00e9er des passerelles entre les diasporas marocaines et africaines et les projets port\u00e9s par l\u2019universit\u00e9. Il s\u2019agit de favoriser la circulation des savoirs, encourager la contribution \u00e0 distance, rappeler qu\u2019il n\u2019est pas n\u00e9cessaire de s\u2019installer au Maroc pour participer \u00e0 son d\u00e9veloppement, \u00e9num\u00e8re-t-elle entre autres.<\/p>\n\n\n\n<p>\u00ab Avant, je b\u00e2tissais de vrais ponts. Aujourd\u2019hui, je b\u00e2tis des ponts humains. Des ponts d\u2019excellence, de coop\u00e9ration, de talents, entre deux pays qui m\u2019ont beaucoup donn\u00e9 et qui ont fait de moi la femme que je suis \u00bb, confie au micro de la MAP l\u2019ing\u00e9nieure marocaine.<\/p>\n\n\n\n<p>L\u2019appel du c\u0153ur \u00e9tait si puissant pour ne pas y r\u00e9pondre, assure-t-elle.<\/p>\n\n\n\n<p>Il faut dire qu\u2019il n\u2019\u00e9tait pas \u00e9vident pour cette \u00e9narque (dipl\u00f4m\u00e9e de la prestigieuse Ecole nationale d\u2019administration-ENA \u00e0 Paris) de quitter&nbsp;son ancien poste sous statut militaire (2021-2025)&nbsp;\u00e0l\u2019Institution nationale des Invalides (INI) o\u00f9 elle dirigeait une phase majeure du chantier de restauration de ce lieu charg\u00e9 d\u2019histoire, engag\u00e9 depuis 2012 et pr\u00e9vu jusqu\u2019en 2030.<\/p>\n\n\n\n<p>Zineb a les yeux qui p\u00e9tillent quand elle \u00e9voque cette \u00e9tape phare de sa carri\u00e8re, se disant honor\u00e9e de se voir confier par l\u2019arm\u00e9e fran\u00e7aise le privil\u00e8ge de contribuer \u00e0 ce projet d\u2019autant plus qu\u2019il s\u2019agit de \u00ab&nbsp;la restauration d\u2019un monument historique&nbsp;\u00bb.<\/p>\n\n\n\n<p>\u00abCe n\u2019est pas juste restaurer des murs, c\u2019est restaurer une histoire&nbsp;! \u00bb, insiste-t-elle.<\/p>\n\n\n\n<p>Depuis plus de trois si\u00e8cles, l\u2019INI fait office de maison de retraite pour grands bless\u00e9s de guerre, des anciens combattants, mais aussi des civils gri\u00e8vement bless\u00e9s.<\/p>\n\n\n\n<p>Sous le d\u00f4me dor\u00e9 des Invalides, Zineb d\u00e9couvre \u00ab&nbsp;l\u2019esprit de corps&nbsp;\u00bb, \u00ab&nbsp;le sens du collectif&nbsp;\u00bb et \u00ab&nbsp;le service de la nation&nbsp;\u00bb. Elle participe notamment \u00e0 la livraison du premier h\u00f4pital post-traumatique d\u2019Europe, inaugur\u00e9 en d\u00e9cembre dernier par Mme Brigitte Macron.<\/p>\n\n\n\n<p>Invit\u00e9e \u00e0 l\u2019inauguration malgr\u00e9 son d\u00e9part quelques mois plus t\u00f4t, elle y voit une reconnaissance et un attachement r\u00e9ciproque. \u00ab J\u2019\u00e9tais chez moi aux Invalides. Je le serai toujours\u00bb, dit-elle.<\/p>\n\n\n\n<p>Originaire d\u2019Oujda, Zineb Hatim \u00e9tait arriv\u00e9e en France en 2009 pour poursuivre son parcours brillant classes pr\u00e9paratoires \u2013 \u00e9cole d\u2019ing\u00e9nieur, avant de faire ses premiers pas dans le secteur du b\u00e2timent, \u00ab&nbsp;univers encore largement masculin&nbsp;\u00bb, rel\u00e8ve-t-elle.<\/p>\n\n\n\n<p>Jeune ing\u00e9nieure \u00e0 la t\u00eate d\u2019\u00e9quipes plus exp\u00e9riment\u00e9es, elle apprend vite. \u00ab J\u2019ai appris le savoir-faire, mais surtout le savoir-\u00eatre \u00bb, affirme celle qui a su trouver sa place, imposer son style de management, gagner la l\u00e9gitimit\u00e9 sans la revendiquer dans cette&nbsp;\u00ab&nbsp;\u00e9cole d\u2019exigence et d\u2019humilit\u00e9&nbsp;\u00bb.<\/p>\n\n\n\n<p>Apr\u00e8s plusieurs ann\u00e9es dans de grands groupes, une exp\u00e9rience d\u2019expatriation aux \u00c9mirats, et des projets d\u2019envergure, elle table sur sa nouvelle mission \u00e0 l\u2019UM6P pour continuer \u00e0 cr\u00e9er de l\u2019impact, au-del\u00e0 de la performance \u00e9conomique, en focalisant sur l\u2019humain.<\/p>\n\n\n\n<p>\u00c0 l\u2019occasion du 8 mars, son message aux femmes est limpide : \u00ab R\u00eavez grand\u00bb.<\/p>\n\n\n\n<p>Sa conviction&nbsp;: il n\u2019y a pas de m\u00e9tiers d\u2019hommes ou de femmes, seulement des m\u00e9tiers pour des personnes comp\u00e9tentes. Astronaute, m\u00e9decin, ing\u00e9nieure ou entrepreneure, tout est possible \u00e0 condition de chercher l\u2019excellence et de croire en soi.<\/p>\n\n\n\n<p>En ce qui la concerne, elle n\u2019a jamais planifi\u00e9 les \u00e9tapes de son parcours. Elle a saisi les opportunit\u00e9s, fait confiance \u00e0 son instinct, accept\u00e9 de ne pas tout ma\u00eetriser. \u00ab Parfois, il faut juste se laisser aller et croire que si quelque chose arrive, c\u2019est qu\u2019il y a une bonne raison. \u00bb, conclut-elle.<\/p>\n","protected":false},"excerpt":{"rendered":"<p>Dpress De grands chantiers de b\u00e2timent et non des moindres ont r\u00e9v\u00e9l\u00e9 les talents d\u2019une manager hors-pair&nbsp;: Zineb Hatim, l\u2019un des visages de la r\u00e9ussite au f\u00e9minin de la diaspora marocaine de France. Sa contribution en tant qu\u2019ing\u00e9nieure cheffe de projet aux travaux de restauration de l\u2019institution militaire des Invalides, l\u2019un des monuments embl\u00e9matiques de &hellip;<\/p>\n","protected":false},"author":2,"featured_media":25405,"comment_status":"open","ping_status":"open","sticky":false,"template":"","format":"standard","meta":{"footnotes":""},"categories":[40],"tags":[],"class_list":["post-25404","post","type-post","status-publish","format-standard","has-post-thumbnail","hentry","category-societe-et-regions"],"yoast_head":"<!-- This site is optimized with the Yoast SEO plugin v27.5 - https:\/\/yoast.com\/product\/yoast-seo-wordpress\/ -->\n<title>B\u00e2tisseuse dans l\u2019\u00e2me, Zineb Hatim promeut la cr\u00e9ation de ponts \u00ab humains \u00bb entre le Maroc et la France - Dpress.ma\/fr<\/title>\n<meta name=\"robots\" content=\"index, follow, max-snippet:-1, max-image-preview:large, max-video-preview:-1\" \/>\n<link rel=\"canonical\" href=\"https:\/\/dpress.ma\/fr\/2026\/03\/06\/batisseuse-dans-lame-zineb-hatim-promeut-la-creation-de-ponts-humains-entre-le-maroc-et-la-france\/\" \/>\n<meta property=\"og:locale\" content=\"fr_FR\" \/>\n<meta property=\"og:type\" content=\"article\" \/>\n<meta property=\"og:title\" content=\"B\u00e2tisseuse dans l\u2019\u00e2me, Zineb Hatim promeut la cr\u00e9ation de ponts \u00ab humains \u00bb entre le Maroc et la France - Dpress.ma\/fr\" \/>\n<meta property=\"og:description\" content=\"Dpress De grands chantiers de b\u00e2timent et non des moindres ont r\u00e9v\u00e9l\u00e9 les talents d\u2019une manager hors-pair&nbsp;: Zineb Hatim, l\u2019un des visages de la r\u00e9ussite au f\u00e9minin de la diaspora marocaine de France. Sa contribution en tant qu\u2019ing\u00e9nieure cheffe de projet aux travaux de restauration de l\u2019institution militaire des Invalides, l\u2019un des monuments embl\u00e9matiques de &hellip;\" \/>\n<meta property=\"og:url\" content=\"https:\/\/dpress.ma\/fr\/2026\/03\/06\/batisseuse-dans-lame-zineb-hatim-promeut-la-creation-de-ponts-humains-entre-le-maroc-et-la-france\/\" \/>\n<meta property=\"og:site_name\" content=\"Dpress.ma\/fr\" \/>\n<meta property=\"article:published_time\" content=\"2026-03-06T11:54:14+00:00\" \/>\n<meta property=\"article:modified_time\" content=\"2026-03-06T11:54:17+00:00\" \/>\n<meta property=\"og:image\" content=\"https:\/\/dpress.ma\/fr\/wp-content\/uploads\/sites\/2\/2026\/03\/37-1.jpg\" \/>\n\t<meta property=\"og:image:width\" content=\"2539\" \/>\n\t<meta property=\"og:image:height\" content=\"1594\" \/>\n\t<meta property=\"og:image:type\" content=\"image\/jpeg\" \/>\n<meta name=\"author\" content=\"Dpress.ma\" \/>\n<meta name=\"twitter:card\" content=\"summary_large_image\" \/>\n<meta name=\"twitter:label1\" content=\"\u00c9crit par\" \/>\n\t<meta name=\"twitter:data1\" content=\"Dpress.ma\" \/>\n\t<meta name=\"twitter:label2\" content=\"Dur\u00e9e de lecture estim\u00e9e\" \/>\n\t<meta name=\"twitter:data2\" content=\"4 minutes\" \/>\n<script type=\"application\/ld+json\" class=\"yoast-schema-graph\">{\"@context\":\"https:\\\/\\\/schema.org\",\"@graph\":[{\"@type\":\"Article\",\"@id\":\"https:\\\/\\\/dpress.ma\\\/fr\\\/2026\\\/03\\\/06\\\/batisseuse-dans-lame-zineb-hatim-promeut-la-creation-de-ponts-humains-entre-le-maroc-et-la-france\\\/#article\",\"isPartOf\":{\"@id\":\"https:\\\/\\\/dpress.ma\\\/fr\\\/2026\\\/03\\\/06\\\/batisseuse-dans-lame-zineb-hatim-promeut-la-creation-de-ponts-humains-entre-le-maroc-et-la-france\\\/\"},\"author\":{\"name\":\"Dpress.ma\",\"@id\":\"https:\\\/\\\/dpress.ma\\\/fr\\\/#\\\/schema\\\/person\\\/4898febf3ccd59e6578d838656a306a0\"},\"headline\":\"B\u00e2tisseuse dans l\u2019\u00e2me, Zineb Hatim promeut la cr\u00e9ation de ponts \u00ab humains \u00bb entre le Maroc et la France\",\"datePublished\":\"2026-03-06T11:54:14+00:00\",\"dateModified\":\"2026-03-06T11:54:17+00:00\",\"mainEntityOfPage\":{\"@id\":\"https:\\\/\\\/dpress.ma\\\/fr\\\/2026\\\/03\\\/06\\\/batisseuse-dans-lame-zineb-hatim-promeut-la-creation-de-ponts-humains-entre-le-maroc-et-la-france\\\/\"},\"wordCount\":916,\"commentCount\":0,\"image\":{\"@id\":\"https:\\\/\\\/dpress.ma\\\/fr\\\/2026\\\/03\\\/06\\\/batisseuse-dans-lame-zineb-hatim-promeut-la-creation-de-ponts-humains-entre-le-maroc-et-la-france\\\/#primaryimage\"},\"thumbnailUrl\":\"https:\\\/\\\/dpress.ma\\\/fr\\\/wp-content\\\/uploads\\\/sites\\\/2\\\/2026\\\/03\\\/37-1.jpg\",\"articleSection\":[\"societe et regions\"],\"inLanguage\":\"fr-FR\",\"potentialAction\":[{\"@type\":\"CommentAction\",\"name\":\"Comment\",\"target\":[\"https:\\\/\\\/dpress.ma\\\/fr\\\/2026\\\/03\\\/06\\\/batisseuse-dans-lame-zineb-hatim-promeut-la-creation-de-ponts-humains-entre-le-maroc-et-la-france\\\/#respond\"]}]},{\"@type\":\"WebPage\",\"@id\":\"https:\\\/\\\/dpress.ma\\\/fr\\\/2026\\\/03\\\/06\\\/batisseuse-dans-lame-zineb-hatim-promeut-la-creation-de-ponts-humains-entre-le-maroc-et-la-france\\\/\",\"url\":\"https:\\\/\\\/dpress.ma\\\/fr\\\/2026\\\/03\\\/06\\\/batisseuse-dans-lame-zineb-hatim-promeut-la-creation-de-ponts-humains-entre-le-maroc-et-la-france\\\/\",\"name\":\"B\u00e2tisseuse dans l\u2019\u00e2me, Zineb Hatim promeut la cr\u00e9ation de ponts \u00ab humains \u00bb entre le Maroc et la France - Dpress.ma\\\/fr\",\"isPartOf\":{\"@id\":\"https:\\\/\\\/dpress.ma\\\/fr\\\/#website\"},\"primaryImageOfPage\":{\"@id\":\"https:\\\/\\\/dpress.ma\\\/fr\\\/2026\\\/03\\\/06\\\/batisseuse-dans-lame-zineb-hatim-promeut-la-creation-de-ponts-humains-entre-le-maroc-et-la-france\\\/#primaryimage\"},\"image\":{\"@id\":\"https:\\\/\\\/dpress.ma\\\/fr\\\/2026\\\/03\\\/06\\\/batisseuse-dans-lame-zineb-hatim-promeut-la-creation-de-ponts-humains-entre-le-maroc-et-la-france\\\/#primaryimage\"},\"thumbnailUrl\":\"https:\\\/\\\/dpress.ma\\\/fr\\\/wp-content\\\/uploads\\\/sites\\\/2\\\/2026\\\/03\\\/37-1.jpg\",\"datePublished\":\"2026-03-06T11:54:14+00:00\",\"dateModified\":\"2026-03-06T11:54:17+00:00\",\"author\":{\"@id\":\"https:\\\/\\\/dpress.ma\\\/fr\\\/#\\\/schema\\\/person\\\/4898febf3ccd59e6578d838656a306a0\"},\"breadcrumb\":{\"@id\":\"https:\\\/\\\/dpress.ma\\\/fr\\\/2026\\\/03\\\/06\\\/batisseuse-dans-lame-zineb-hatim-promeut-la-creation-de-ponts-humains-entre-le-maroc-et-la-france\\\/#breadcrumb\"},\"inLanguage\":\"fr-FR\",\"potentialAction\":[{\"@type\":\"ReadAction\",\"target\":[\"https:\\\/\\\/dpress.ma\\\/fr\\\/2026\\\/03\\\/06\\\/batisseuse-dans-lame-zineb-hatim-promeut-la-creation-de-ponts-humains-entre-le-maroc-et-la-france\\\/\"]}]},{\"@type\":\"ImageObject\",\"inLanguage\":\"fr-FR\",\"@id\":\"https:\\\/\\\/dpress.ma\\\/fr\\\/2026\\\/03\\\/06\\\/batisseuse-dans-lame-zineb-hatim-promeut-la-creation-de-ponts-humains-entre-le-maroc-et-la-france\\\/#primaryimage\",\"url\":\"https:\\\/\\\/dpress.ma\\\/fr\\\/wp-content\\\/uploads\\\/sites\\\/2\\\/2026\\\/03\\\/37-1.jpg\",\"contentUrl\":\"https:\\\/\\\/dpress.ma\\\/fr\\\/wp-content\\\/uploads\\\/sites\\\/2\\\/2026\\\/03\\\/37-1.jpg\",\"width\":2539,\"height\":1594},{\"@type\":\"BreadcrumbList\",\"@id\":\"https:\\\/\\\/dpress.ma\\\/fr\\\/2026\\\/03\\\/06\\\/batisseuse-dans-lame-zineb-hatim-promeut-la-creation-de-ponts-humains-entre-le-maroc-et-la-france\\\/#breadcrumb\",\"itemListElement\":[{\"@type\":\"ListItem\",\"position\":1,\"name\":\"Home\",\"item\":\"https:\\\/\\\/dpress.ma\\\/fr\\\/\"},{\"@type\":\"ListItem\",\"position\":2,\"name\":\"B\u00e2tisseuse dans l\u2019\u00e2me, Zineb Hatim promeut la cr\u00e9ation de ponts \u00ab humains \u00bb entre le Maroc et la France\"}]},{\"@type\":\"WebSite\",\"@id\":\"https:\\\/\\\/dpress.ma\\\/fr\\\/#website\",\"url\":\"https:\\\/\\\/dpress.ma\\\/fr\\\/\",\"name\":\"Dpress.ma\\\/fr\",\"description\":\"\",\"potentialAction\":[{\"@type\":\"SearchAction\",\"target\":{\"@type\":\"EntryPoint\",\"urlTemplate\":\"https:\\\/\\\/dpress.ma\\\/fr\\\/?s={search_term_string}\"},\"query-input\":{\"@type\":\"PropertyValueSpecification\",\"valueRequired\":true,\"valueName\":\"search_term_string\"}}],\"inLanguage\":\"fr-FR\"},{\"@type\":\"Person\",\"@id\":\"https:\\\/\\\/dpress.ma\\\/fr\\\/#\\\/schema\\\/person\\\/4898febf3ccd59e6578d838656a306a0\",\"name\":\"Dpress.ma\",\"image\":{\"@type\":\"ImageObject\",\"inLanguage\":\"fr-FR\",\"@id\":\"https:\\\/\\\/secure.gravatar.com\\\/avatar\\\/72ecc30e9db047a2e0e7176561eb9d564ed77c8108376495b19bd8336405198a?s=96&d=mm&r=g\",\"url\":\"https:\\\/\\\/secure.gravatar.com\\\/avatar\\\/72ecc30e9db047a2e0e7176561eb9d564ed77c8108376495b19bd8336405198a?s=96&d=mm&r=g\",\"contentUrl\":\"https:\\\/\\\/secure.gravatar.com\\\/avatar\\\/72ecc30e9db047a2e0e7176561eb9d564ed77c8108376495b19bd8336405198a?s=96&d=mm&r=g\",\"caption\":\"Dpress.ma\"},\"sameAs\":[\"https:\\\/\\\/www.dpress.ma\"],\"url\":\"https:\\\/\\\/dpress.ma\\\/fr\\\/author\\\/dpress-ma\\\/\"}]}<\/script>\n<!-- \/ Yoast SEO plugin. -->","yoast_head_json":{"title":"B\u00e2tisseuse dans l\u2019\u00e2me, Zineb Hatim promeut la cr\u00e9ation de ponts \u00ab humains \u00bb entre le Maroc et la France - Dpress.ma\/fr","robots":{"index":"index","follow":"follow","max-snippet":"max-snippet:-1","max-image-preview":"max-image-preview:large","max-video-preview":"max-video-preview:-1"},"canonical":"https:\/\/dpress.ma\/fr\/2026\/03\/06\/batisseuse-dans-lame-zineb-hatim-promeut-la-creation-de-ponts-humains-entre-le-maroc-et-la-france\/","og_locale":"fr_FR","og_type":"article","og_title":"B\u00e2tisseuse dans l\u2019\u00e2me, Zineb Hatim promeut la cr\u00e9ation de ponts \u00ab humains \u00bb entre le Maroc et la France - Dpress.ma\/fr","og_description":"Dpress De grands chantiers de b\u00e2timent et non des moindres ont r\u00e9v\u00e9l\u00e9 les talents d\u2019une manager hors-pair&nbsp;: Zineb Hatim, l\u2019un des visages de la r\u00e9ussite au f\u00e9minin de la diaspora marocaine de France. Sa contribution en tant qu\u2019ing\u00e9nieure cheffe de projet aux travaux de restauration de l\u2019institution militaire des Invalides, l\u2019un des monuments embl\u00e9matiques de &hellip;","og_url":"https:\/\/dpress.ma\/fr\/2026\/03\/06\/batisseuse-dans-lame-zineb-hatim-promeut-la-creation-de-ponts-humains-entre-le-maroc-et-la-france\/","og_site_name":"Dpress.ma\/fr","article_published_time":"2026-03-06T11:54:14+00:00","article_modified_time":"2026-03-06T11:54:17+00:00","og_image":[{"width":2539,"height":1594,"url":"https:\/\/dpress.ma\/fr\/wp-content\/uploads\/sites\/2\/2026\/03\/37-1.jpg","type":"image\/jpeg"}],"author":"Dpress.ma","twitter_card":"summary_large_image","twitter_misc":{"\u00c9crit par":"Dpress.ma","Dur\u00e9e de lecture estim\u00e9e":"4 minutes"},"schema":{"@context":"https:\/\/schema.org","@graph":[{"@type":"Article","@id":"https:\/\/dpress.ma\/fr\/2026\/03\/06\/batisseuse-dans-lame-zineb-hatim-promeut-la-creation-de-ponts-humains-entre-le-maroc-et-la-france\/#article","isPartOf":{"@id":"https:\/\/dpress.ma\/fr\/2026\/03\/06\/batisseuse-dans-lame-zineb-hatim-promeut-la-creation-de-ponts-humains-entre-le-maroc-et-la-france\/"},"author":{"name":"Dpress.ma","@id":"https:\/\/dpress.ma\/fr\/#\/schema\/person\/4898febf3ccd59e6578d838656a306a0"},"headline":"B\u00e2tisseuse dans l\u2019\u00e2me, Zineb Hatim promeut la cr\u00e9ation de ponts \u00ab humains \u00bb entre le Maroc et la France","datePublished":"2026-03-06T11:54:14+00:00","dateModified":"2026-03-06T11:54:17+00:00","mainEntityOfPage":{"@id":"https:\/\/dpress.ma\/fr\/2026\/03\/06\/batisseuse-dans-lame-zineb-hatim-promeut-la-creation-de-ponts-humains-entre-le-maroc-et-la-france\/"},"wordCount":916,"commentCount":0,"image":{"@id":"https:\/\/dpress.ma\/fr\/2026\/03\/06\/batisseuse-dans-lame-zineb-hatim-promeut-la-creation-de-ponts-humains-entre-le-maroc-et-la-france\/#primaryimage"},"thumbnailUrl":"https:\/\/dpress.ma\/fr\/wp-content\/uploads\/sites\/2\/2026\/03\/37-1.jpg","articleSection":["societe et regions"],"inLanguage":"fr-FR","potentialAction":[{"@type":"CommentAction","name":"Comment","target":["https:\/\/dpress.ma\/fr\/2026\/03\/06\/batisseuse-dans-lame-zineb-hatim-promeut-la-creation-de-ponts-humains-entre-le-maroc-et-la-france\/#respond"]}]},{"@type":"WebPage","@id":"https:\/\/dpress.ma\/fr\/2026\/03\/06\/batisseuse-dans-lame-zineb-hatim-promeut-la-creation-de-ponts-humains-entre-le-maroc-et-la-france\/","url":"https:\/\/dpress.ma\/fr\/2026\/03\/06\/batisseuse-dans-lame-zineb-hatim-promeut-la-creation-de-ponts-humains-entre-le-maroc-et-la-france\/","name":"B\u00e2tisseuse dans l\u2019\u00e2me, Zineb Hatim promeut la cr\u00e9ation de ponts \u00ab humains \u00bb entre le Maroc et la France - Dpress.ma\/fr","isPartOf":{"@id":"https:\/\/dpress.ma\/fr\/#website"},"primaryImageOfPage":{"@id":"https:\/\/dpress.ma\/fr\/2026\/03\/06\/batisseuse-dans-lame-zineb-hatim-promeut-la-creation-de-ponts-humains-entre-le-maroc-et-la-france\/#primaryimage"},"image":{"@id":"https:\/\/dpress.ma\/fr\/2026\/03\/06\/batisseuse-dans-lame-zineb-hatim-promeut-la-creation-de-ponts-humains-entre-le-maroc-et-la-france\/#primaryimage"},"thumbnailUrl":"https:\/\/dpress.ma\/fr\/wp-content\/uploads\/sites\/2\/2026\/03\/37-1.jpg","datePublished":"2026-03-06T11:54:14+00:00","dateModified":"2026-03-06T11:54:17+00:00","author":{"@id":"https:\/\/dpress.ma\/fr\/#\/schema\/person\/4898febf3ccd59e6578d838656a306a0"},"breadcrumb":{"@id":"https:\/\/dpress.ma\/fr\/2026\/03\/06\/batisseuse-dans-lame-zineb-hatim-promeut-la-creation-de-ponts-humains-entre-le-maroc-et-la-france\/#breadcrumb"},"inLanguage":"fr-FR","potentialAction":[{"@type":"ReadAction","target":["https:\/\/dpress.ma\/fr\/2026\/03\/06\/batisseuse-dans-lame-zineb-hatim-promeut-la-creation-de-ponts-humains-entre-le-maroc-et-la-france\/"]}]},{"@type":"ImageObject","inLanguage":"fr-FR","@id":"https:\/\/dpress.ma\/fr\/2026\/03\/06\/batisseuse-dans-lame-zineb-hatim-promeut-la-creation-de-ponts-humains-entre-le-maroc-et-la-france\/#primaryimage","url":"https:\/\/dpress.ma\/fr\/wp-content\/uploads\/sites\/2\/2026\/03\/37-1.jpg","contentUrl":"https:\/\/dpress.ma\/fr\/wp-content\/uploads\/sites\/2\/2026\/03\/37-1.jpg","width":2539,"height":1594},{"@type":"BreadcrumbList","@id":"https:\/\/dpress.ma\/fr\/2026\/03\/06\/batisseuse-dans-lame-zineb-hatim-promeut-la-creation-de-ponts-humains-entre-le-maroc-et-la-france\/#breadcrumb","itemListElement":[{"@type":"ListItem","position":1,"name":"Home","item":"https:\/\/dpress.ma\/fr\/"},{"@type":"ListItem","position":2,"name":"B\u00e2tisseuse dans l\u2019\u00e2me, Zineb Hatim promeut la cr\u00e9ation de ponts \u00ab humains \u00bb entre le Maroc et la France"}]},{"@type":"WebSite","@id":"https:\/\/dpress.ma\/fr\/#website","url":"https:\/\/dpress.ma\/fr\/","name":"Dpress.ma\/fr","description":"","potentialAction":[{"@type":"SearchAction","target":{"@type":"EntryPoint","urlTemplate":"https:\/\/dpress.ma\/fr\/?s={search_term_string}"},"query-input":{"@type":"PropertyValueSpecification","valueRequired":true,"valueName":"search_term_string"}}],"inLanguage":"fr-FR"},{"@type":"Person","@id":"https:\/\/dpress.ma\/fr\/#\/schema\/person\/4898febf3ccd59e6578d838656a306a0","name":"Dpress.ma","image":{"@type":"ImageObject","inLanguage":"fr-FR","@id":"https:\/\/secure.gravatar.com\/avatar\/72ecc30e9db047a2e0e7176561eb9d564ed77c8108376495b19bd8336405198a?s=96&d=mm&r=g","url":"https:\/\/secure.gravatar.com\/avatar\/72ecc30e9db047a2e0e7176561eb9d564ed77c8108376495b19bd8336405198a?s=96&d=mm&r=g","contentUrl":"https:\/\/secure.gravatar.com\/avatar\/72ecc30e9db047a2e0e7176561eb9d564ed77c8108376495b19bd8336405198a?s=96&d=mm&r=g","caption":"Dpress.ma"},"sameAs":["https:\/\/www.dpress.ma"],"url":"https:\/\/dpress.ma\/fr\/author\/dpress-ma\/"}]}},"amp_enabled":true,"_links":{"self":[{"href":"https:\/\/dpress.ma\/fr\/wp-json\/wp\/v2\/posts\/25404","targetHints":{"allow":["GET"]}}],"collection":[{"href":"https:\/\/dpress.ma\/fr\/wp-json\/wp\/v2\/posts"}],"about":[{"href":"https:\/\/dpress.ma\/fr\/wp-json\/wp\/v2\/types\/post"}],"author":[{"embeddable":true,"href":"https:\/\/dpress.ma\/fr\/wp-json\/wp\/v2\/users\/2"}],"replies":[{"embeddable":true,"href":"https:\/\/dpress.ma\/fr\/wp-json\/wp\/v2\/comments?post=25404"}],"version-history":[{"count":1,"href":"https:\/\/dpress.ma\/fr\/wp-json\/wp\/v2\/posts\/25404\/revisions"}],"predecessor-version":[{"id":25406,"href":"https:\/\/dpress.ma\/fr\/wp-json\/wp\/v2\/posts\/25404\/revisions\/25406"}],"wp:featuredmedia":[{"embeddable":true,"href":"https:\/\/dpress.ma\/fr\/wp-json\/wp\/v2\/media\/25405"}],"wp:attachment":[{"href":"https:\/\/dpress.ma\/fr\/wp-json\/wp\/v2\/media?parent=25404"}],"wp:term":[{"taxonomy":"category","embeddable":true,"href":"https:\/\/dpress.ma\/fr\/wp-json\/wp\/v2\/categories?post=25404"},{"taxonomy":"post_tag","embeddable":true,"href":"https:\/\/dpress.ma\/fr\/wp-json\/wp\/v2\/tags?post=25404"}],"curies":[{"name":"wp","href":"https:\/\/api.w.org\/{rel}","templated":true}]}}