{"id":25388,"date":"2026-03-06T10:30:30","date_gmt":"2026-03-06T10:30:30","guid":{"rendered":"https:\/\/dpress.ma\/fr\/?p=25388"},"modified":"2026-03-06T10:30:33","modified_gmt":"2026-03-06T10:30:33","slug":"france-les-etudiants-marocains-reunis-autour-dun-ftour-sous-le-signe-du-partage-et-du-vivre-ensemble","status":"publish","type":"post","link":"https:\/\/dpress.ma\/fr\/2026\/03\/06\/france-les-etudiants-marocains-reunis-autour-dun-ftour-sous-le-signe-du-partage-et-du-vivre-ensemble\/","title":{"rendered":"France: Les \u00e9tudiants marocains r\u00e9unis autour d\u2019un ftour sous le signe du partage et du vivre-ensemble"},"content":{"rendered":"\n<p>Dpress<\/p>\n\n\n\n<p>L\u2019ambassade du Maroc en France a organis\u00e9, jeudi \u00e0 la Maison du Maroc \u00e0 Paris, un ftour en l\u2019honneur des \u00e9tudiants marocains inscrits dans les diff\u00e9rentes universit\u00e9s et \u00e9coles sup\u00e9rieures de l\u2019Hexagone, r\u00e9unis sous le signe du partage, de la communion et du vivre-ensemble marquant le mois sacr\u00e9.<\/p>\n\n\n\n<p>Dans une ambiance conviviale, fid\u00e8le \u00e0 la tradition marocaine, le ftour a rassembl\u00e9 de nombreux \u00e9tudiants marocains et franco-marocains, de diff\u00e9rentes confessions, en pr\u00e9sence de plusieurs acteurs politiques, acad\u00e9miques et de la soci\u00e9t\u00e9 civile marocaine et fran\u00e7aise.<\/p>\n\n\n\n<p>Dans une allocution \u00e0 cette occasion, l\u2019ambassadeure de Sa Majest\u00e9 le Roi \u00e0 Paris, Samira Sitail a salu\u00e9 la pr\u00e9sence \u00e0 cet \u00e9v\u00e8nement de plus de 250 \u00e9tudiants passant le mois sacr\u00e9 loin de leurs familles, soulignant que cette rencontre se veut un moment de proximit\u00e9 et de solidarit\u00e9.<\/p>\n\n\n\n<p>Mme Sitail a, en outre, mis en avant l\u2019identit\u00e9 plurielle du Maroc, marqu\u00e9e par la coexistence de ses composantes arabe, amazighe, juive, africaine, andalouse et hassanie notamment, se f\u00e9licitant de la pr\u00e9sence de diff\u00e9rentes confessions r\u00e9unies autour des valeurs de dialogue, de respect, de partage et de vivre-ensemble.<\/p>\n\n\n\n<p>Dans un contexte international marqu\u00e9 par les tensions et les conflits, Mme Sitail a appel\u00e9 \u00e0 pr\u00e9server cet esprit d\u2019ouverture et de coexistence, rappelant l\u2019attachement du Maroc, sous la conduite \u00e9clair\u00e9e de Sa Majest\u00e9 le Roi Mohammed VI, Amir Al Mouminine, au dialogue des civilisations et au respect de toutes les religions.<\/p>\n\n\n\n<p>Ce mod\u00e8le de pluralisme, de tol\u00e9rance et d\u2019alt\u00e9rit\u00e9 t\u00e9moigne de la singularit\u00e9 et de la richesse du Royaume, a-t-elle ajout\u00e9.<\/p>\n\n\n\n<p>De son c\u00f4t\u00e9, le pr\u00e9sident de la communaut\u00e9 juive de Cr\u00e9teil, Albert El Harrar, a salu\u00e9 cette initiative \u201cexceptionnelle\u201d de l\u2019ambassade, estimant qu\u2019elle refl\u00e8te l\u2019esprit du Maroc fond\u00e9 sur la g\u00e9n\u00e9rosit\u00e9, le partage et la convivialit\u00e9.<\/p>\n\n\n\n<p>\u00c9voquant le ftour comme un moment symbolique de rapprochement, il a soulign\u00e9 que le partage d\u2019un repas constitue une expression forte de l\u2019amiti\u00e9 et du vivre-ensemble, rappelant que ces valeurs sont profond\u00e9ment ancr\u00e9es dans la tradition marocaine.<\/p>\n\n\n\n<p>Cet \u00e9v\u00e9nement a \u00e9t\u00e9 \u00e9galement l\u2019occasion de rappeler, surtout aux jeunes g\u00e9n\u00e9rations, les fondamentaux du mod\u00e8le religieux marocain, bas\u00e9 sur un islam de mod\u00e9ration et du juste-milieu, pr\u00f4nant la tol\u00e9rance et la coexistence entre les religions et les communaut\u00e9s.<\/p>\n","protected":false},"excerpt":{"rendered":"<p>Dpress L\u2019ambassade du Maroc en France a organis\u00e9, jeudi \u00e0 la Maison du Maroc \u00e0 Paris, un ftour en l\u2019honneur des \u00e9tudiants marocains inscrits dans les diff\u00e9rentes universit\u00e9s et \u00e9coles sup\u00e9rieures de l\u2019Hexagone, r\u00e9unis sous le signe du partage, de la communion et du vivre-ensemble marquant le mois sacr\u00e9. Dans une ambiance conviviale, fid\u00e8le \u00e0 &hellip;<\/p>\n","protected":false},"author":2,"featured_media":25389,"comment_status":"open","ping_status":"open","sticky":false,"template":"","format":"standard","meta":{"footnotes":""},"categories":[32],"tags":[],"class_list":["post-25388","post","type-post","status-publish","format-standard","has-post-thumbnail","hentry","category-espace-marocain-du-monde"],"yoast_head":"<!-- This site is optimized with the Yoast SEO plugin v27.5 - https:\/\/yoast.com\/product\/yoast-seo-wordpress\/ -->\n<title>France: Les \u00e9tudiants marocains r\u00e9unis autour d\u2019un ftour sous le signe du partage et du vivre-ensemble - Dpress.ma\/fr<\/title>\n<meta name=\"robots\" content=\"index, follow, max-snippet:-1, max-image-preview:large, max-video-preview:-1\" \/>\n<link rel=\"canonical\" href=\"https:\/\/dpress.ma\/fr\/2026\/03\/06\/france-les-etudiants-marocains-reunis-autour-dun-ftour-sous-le-signe-du-partage-et-du-vivre-ensemble\/\" \/>\n<meta property=\"og:locale\" content=\"fr_FR\" \/>\n<meta property=\"og:type\" content=\"article\" \/>\n<meta property=\"og:title\" content=\"France: Les \u00e9tudiants marocains r\u00e9unis autour d\u2019un ftour sous le signe du partage et du vivre-ensemble - Dpress.ma\/fr\" \/>\n<meta property=\"og:description\" content=\"Dpress L\u2019ambassade du Maroc en France a organis\u00e9, jeudi \u00e0 la Maison du Maroc \u00e0 Paris, un ftour en l\u2019honneur des \u00e9tudiants marocains inscrits dans les diff\u00e9rentes universit\u00e9s et \u00e9coles sup\u00e9rieures de l\u2019Hexagone, r\u00e9unis sous le signe du partage, de la communion et du vivre-ensemble marquant le mois sacr\u00e9. Dans une ambiance conviviale, fid\u00e8le \u00e0 &hellip;\" \/>\n<meta property=\"og:url\" content=\"https:\/\/dpress.ma\/fr\/2026\/03\/06\/france-les-etudiants-marocains-reunis-autour-dun-ftour-sous-le-signe-du-partage-et-du-vivre-ensemble\/\" \/>\n<meta property=\"og:site_name\" content=\"Dpress.ma\/fr\" \/>\n<meta property=\"article:published_time\" content=\"2026-03-06T10:30:30+00:00\" \/>\n<meta property=\"article:modified_time\" content=\"2026-03-06T10:30:33+00:00\" \/>\n<meta property=\"og:image\" content=\"https:\/\/dpress.ma\/fr\/wp-content\/uploads\/sites\/2\/2026\/03\/31-2.jpg\" \/>\n\t<meta property=\"og:image:width\" content=\"2539\" \/>\n\t<meta property=\"og:image:height\" content=\"1594\" \/>\n\t<meta property=\"og:image:type\" content=\"image\/jpeg\" \/>\n<meta name=\"author\" content=\"Dpress.ma\" \/>\n<meta name=\"twitter:card\" content=\"summary_large_image\" \/>\n<meta name=\"twitter:label1\" content=\"\u00c9crit par\" \/>\n\t<meta name=\"twitter:data1\" content=\"Dpress.ma\" \/>\n\t<meta name=\"twitter:label2\" content=\"Dur\u00e9e de lecture estim\u00e9e\" \/>\n\t<meta name=\"twitter:data2\" content=\"3 minutes\" \/>\n<script type=\"application\/ld+json\" class=\"yoast-schema-graph\">{\"@context\":\"https:\\\/\\\/schema.org\",\"@graph\":[{\"@type\":\"Article\",\"@id\":\"https:\\\/\\\/dpress.ma\\\/fr\\\/2026\\\/03\\\/06\\\/france-les-etudiants-marocains-reunis-autour-dun-ftour-sous-le-signe-du-partage-et-du-vivre-ensemble\\\/#article\",\"isPartOf\":{\"@id\":\"https:\\\/\\\/dpress.ma\\\/fr\\\/2026\\\/03\\\/06\\\/france-les-etudiants-marocains-reunis-autour-dun-ftour-sous-le-signe-du-partage-et-du-vivre-ensemble\\\/\"},\"author\":{\"name\":\"Dpress.ma\",\"@id\":\"https:\\\/\\\/dpress.ma\\\/fr\\\/#\\\/schema\\\/person\\\/4898febf3ccd59e6578d838656a306a0\"},\"headline\":\"France: Les \u00e9tudiants marocains r\u00e9unis autour d\u2019un ftour sous le signe du partage et du vivre-ensemble\",\"datePublished\":\"2026-03-06T10:30:30+00:00\",\"dateModified\":\"2026-03-06T10:30:33+00:00\",\"mainEntityOfPage\":{\"@id\":\"https:\\\/\\\/dpress.ma\\\/fr\\\/2026\\\/03\\\/06\\\/france-les-etudiants-marocains-reunis-autour-dun-ftour-sous-le-signe-du-partage-et-du-vivre-ensemble\\\/\"},\"wordCount\":430,\"commentCount\":0,\"image\":{\"@id\":\"https:\\\/\\\/dpress.ma\\\/fr\\\/2026\\\/03\\\/06\\\/france-les-etudiants-marocains-reunis-autour-dun-ftour-sous-le-signe-du-partage-et-du-vivre-ensemble\\\/#primaryimage\"},\"thumbnailUrl\":\"https:\\\/\\\/dpress.ma\\\/fr\\\/wp-content\\\/uploads\\\/sites\\\/2\\\/2026\\\/03\\\/31-2.jpg\",\"articleSection\":[\"Espace Marocain du Monde\"],\"inLanguage\":\"fr-FR\",\"potentialAction\":[{\"@type\":\"CommentAction\",\"name\":\"Comment\",\"target\":[\"https:\\\/\\\/dpress.ma\\\/fr\\\/2026\\\/03\\\/06\\\/france-les-etudiants-marocains-reunis-autour-dun-ftour-sous-le-signe-du-partage-et-du-vivre-ensemble\\\/#respond\"]}]},{\"@type\":\"WebPage\",\"@id\":\"https:\\\/\\\/dpress.ma\\\/fr\\\/2026\\\/03\\\/06\\\/france-les-etudiants-marocains-reunis-autour-dun-ftour-sous-le-signe-du-partage-et-du-vivre-ensemble\\\/\",\"url\":\"https:\\\/\\\/dpress.ma\\\/fr\\\/2026\\\/03\\\/06\\\/france-les-etudiants-marocains-reunis-autour-dun-ftour-sous-le-signe-du-partage-et-du-vivre-ensemble\\\/\",\"name\":\"France: Les \u00e9tudiants marocains r\u00e9unis autour d\u2019un ftour sous le signe du partage et du vivre-ensemble - Dpress.ma\\\/fr\",\"isPartOf\":{\"@id\":\"https:\\\/\\\/dpress.ma\\\/fr\\\/#website\"},\"primaryImageOfPage\":{\"@id\":\"https:\\\/\\\/dpress.ma\\\/fr\\\/2026\\\/03\\\/06\\\/france-les-etudiants-marocains-reunis-autour-dun-ftour-sous-le-signe-du-partage-et-du-vivre-ensemble\\\/#primaryimage\"},\"image\":{\"@id\":\"https:\\\/\\\/dpress.ma\\\/fr\\\/2026\\\/03\\\/06\\\/france-les-etudiants-marocains-reunis-autour-dun-ftour-sous-le-signe-du-partage-et-du-vivre-ensemble\\\/#primaryimage\"},\"thumbnailUrl\":\"https:\\\/\\\/dpress.ma\\\/fr\\\/wp-content\\\/uploads\\\/sites\\\/2\\\/2026\\\/03\\\/31-2.jpg\",\"datePublished\":\"2026-03-06T10:30:30+00:00\",\"dateModified\":\"2026-03-06T10:30:33+00:00\",\"author\":{\"@id\":\"https:\\\/\\\/dpress.ma\\\/fr\\\/#\\\/schema\\\/person\\\/4898febf3ccd59e6578d838656a306a0\"},\"breadcrumb\":{\"@id\":\"https:\\\/\\\/dpress.ma\\\/fr\\\/2026\\\/03\\\/06\\\/france-les-etudiants-marocains-reunis-autour-dun-ftour-sous-le-signe-du-partage-et-du-vivre-ensemble\\\/#breadcrumb\"},\"inLanguage\":\"fr-FR\",\"potentialAction\":[{\"@type\":\"ReadAction\",\"target\":[\"https:\\\/\\\/dpress.ma\\\/fr\\\/2026\\\/03\\\/06\\\/france-les-etudiants-marocains-reunis-autour-dun-ftour-sous-le-signe-du-partage-et-du-vivre-ensemble\\\/\"]}]},{\"@type\":\"ImageObject\",\"inLanguage\":\"fr-FR\",\"@id\":\"https:\\\/\\\/dpress.ma\\\/fr\\\/2026\\\/03\\\/06\\\/france-les-etudiants-marocains-reunis-autour-dun-ftour-sous-le-signe-du-partage-et-du-vivre-ensemble\\\/#primaryimage\",\"url\":\"https:\\\/\\\/dpress.ma\\\/fr\\\/wp-content\\\/uploads\\\/sites\\\/2\\\/2026\\\/03\\\/31-2.jpg\",\"contentUrl\":\"https:\\\/\\\/dpress.ma\\\/fr\\\/wp-content\\\/uploads\\\/sites\\\/2\\\/2026\\\/03\\\/31-2.jpg\",\"width\":2539,\"height\":1594},{\"@type\":\"BreadcrumbList\",\"@id\":\"https:\\\/\\\/dpress.ma\\\/fr\\\/2026\\\/03\\\/06\\\/france-les-etudiants-marocains-reunis-autour-dun-ftour-sous-le-signe-du-partage-et-du-vivre-ensemble\\\/#breadcrumb\",\"itemListElement\":[{\"@type\":\"ListItem\",\"position\":1,\"name\":\"Home\",\"item\":\"https:\\\/\\\/dpress.ma\\\/fr\\\/\"},{\"@type\":\"ListItem\",\"position\":2,\"name\":\"France: Les \u00e9tudiants marocains r\u00e9unis autour d\u2019un ftour sous le signe du partage et du vivre-ensemble\"}]},{\"@type\":\"WebSite\",\"@id\":\"https:\\\/\\\/dpress.ma\\\/fr\\\/#website\",\"url\":\"https:\\\/\\\/dpress.ma\\\/fr\\\/\",\"name\":\"Dpress.ma\\\/fr\",\"description\":\"\",\"potentialAction\":[{\"@type\":\"SearchAction\",\"target\":{\"@type\":\"EntryPoint\",\"urlTemplate\":\"https:\\\/\\\/dpress.ma\\\/fr\\\/?s={search_term_string}\"},\"query-input\":{\"@type\":\"PropertyValueSpecification\",\"valueRequired\":true,\"valueName\":\"search_term_string\"}}],\"inLanguage\":\"fr-FR\"},{\"@type\":\"Person\",\"@id\":\"https:\\\/\\\/dpress.ma\\\/fr\\\/#\\\/schema\\\/person\\\/4898febf3ccd59e6578d838656a306a0\",\"name\":\"Dpress.ma\",\"image\":{\"@type\":\"ImageObject\",\"inLanguage\":\"fr-FR\",\"@id\":\"https:\\\/\\\/secure.gravatar.com\\\/avatar\\\/72ecc30e9db047a2e0e7176561eb9d564ed77c8108376495b19bd8336405198a?s=96&d=mm&r=g\",\"url\":\"https:\\\/\\\/secure.gravatar.com\\\/avatar\\\/72ecc30e9db047a2e0e7176561eb9d564ed77c8108376495b19bd8336405198a?s=96&d=mm&r=g\",\"contentUrl\":\"https:\\\/\\\/secure.gravatar.com\\\/avatar\\\/72ecc30e9db047a2e0e7176561eb9d564ed77c8108376495b19bd8336405198a?s=96&d=mm&r=g\",\"caption\":\"Dpress.ma\"},\"sameAs\":[\"https:\\\/\\\/www.dpress.ma\"],\"url\":\"https:\\\/\\\/dpress.ma\\\/fr\\\/author\\\/dpress-ma\\\/\"}]}<\/script>\n<!-- \/ Yoast SEO plugin. -->","yoast_head_json":{"title":"France: Les \u00e9tudiants marocains r\u00e9unis autour d\u2019un ftour sous le signe du partage et du vivre-ensemble - Dpress.ma\/fr","robots":{"index":"index","follow":"follow","max-snippet":"max-snippet:-1","max-image-preview":"max-image-preview:large","max-video-preview":"max-video-preview:-1"},"canonical":"https:\/\/dpress.ma\/fr\/2026\/03\/06\/france-les-etudiants-marocains-reunis-autour-dun-ftour-sous-le-signe-du-partage-et-du-vivre-ensemble\/","og_locale":"fr_FR","og_type":"article","og_title":"France: Les \u00e9tudiants marocains r\u00e9unis autour d\u2019un ftour sous le signe du partage et du vivre-ensemble - Dpress.ma\/fr","og_description":"Dpress L\u2019ambassade du Maroc en France a organis\u00e9, jeudi \u00e0 la Maison du Maroc \u00e0 Paris, un ftour en l\u2019honneur des \u00e9tudiants marocains inscrits dans les diff\u00e9rentes universit\u00e9s et \u00e9coles sup\u00e9rieures de l\u2019Hexagone, r\u00e9unis sous le signe du partage, de la communion et du vivre-ensemble marquant le mois sacr\u00e9. Dans une ambiance conviviale, fid\u00e8le \u00e0 &hellip;","og_url":"https:\/\/dpress.ma\/fr\/2026\/03\/06\/france-les-etudiants-marocains-reunis-autour-dun-ftour-sous-le-signe-du-partage-et-du-vivre-ensemble\/","og_site_name":"Dpress.ma\/fr","article_published_time":"2026-03-06T10:30:30+00:00","article_modified_time":"2026-03-06T10:30:33+00:00","og_image":[{"width":2539,"height":1594,"url":"https:\/\/dpress.ma\/fr\/wp-content\/uploads\/sites\/2\/2026\/03\/31-2.jpg","type":"image\/jpeg"}],"author":"Dpress.ma","twitter_card":"summary_large_image","twitter_misc":{"\u00c9crit par":"Dpress.ma","Dur\u00e9e de lecture estim\u00e9e":"3 minutes"},"schema":{"@context":"https:\/\/schema.org","@graph":[{"@type":"Article","@id":"https:\/\/dpress.ma\/fr\/2026\/03\/06\/france-les-etudiants-marocains-reunis-autour-dun-ftour-sous-le-signe-du-partage-et-du-vivre-ensemble\/#article","isPartOf":{"@id":"https:\/\/dpress.ma\/fr\/2026\/03\/06\/france-les-etudiants-marocains-reunis-autour-dun-ftour-sous-le-signe-du-partage-et-du-vivre-ensemble\/"},"author":{"name":"Dpress.ma","@id":"https:\/\/dpress.ma\/fr\/#\/schema\/person\/4898febf3ccd59e6578d838656a306a0"},"headline":"France: Les \u00e9tudiants marocains r\u00e9unis autour d\u2019un ftour sous le signe du partage et du vivre-ensemble","datePublished":"2026-03-06T10:30:30+00:00","dateModified":"2026-03-06T10:30:33+00:00","mainEntityOfPage":{"@id":"https:\/\/dpress.ma\/fr\/2026\/03\/06\/france-les-etudiants-marocains-reunis-autour-dun-ftour-sous-le-signe-du-partage-et-du-vivre-ensemble\/"},"wordCount":430,"commentCount":0,"image":{"@id":"https:\/\/dpress.ma\/fr\/2026\/03\/06\/france-les-etudiants-marocains-reunis-autour-dun-ftour-sous-le-signe-du-partage-et-du-vivre-ensemble\/#primaryimage"},"thumbnailUrl":"https:\/\/dpress.ma\/fr\/wp-content\/uploads\/sites\/2\/2026\/03\/31-2.jpg","articleSection":["Espace Marocain du Monde"],"inLanguage":"fr-FR","potentialAction":[{"@type":"CommentAction","name":"Comment","target":["https:\/\/dpress.ma\/fr\/2026\/03\/06\/france-les-etudiants-marocains-reunis-autour-dun-ftour-sous-le-signe-du-partage-et-du-vivre-ensemble\/#respond"]}]},{"@type":"WebPage","@id":"https:\/\/dpress.ma\/fr\/2026\/03\/06\/france-les-etudiants-marocains-reunis-autour-dun-ftour-sous-le-signe-du-partage-et-du-vivre-ensemble\/","url":"https:\/\/dpress.ma\/fr\/2026\/03\/06\/france-les-etudiants-marocains-reunis-autour-dun-ftour-sous-le-signe-du-partage-et-du-vivre-ensemble\/","name":"France: Les \u00e9tudiants marocains r\u00e9unis autour d\u2019un ftour sous le signe du partage et du vivre-ensemble - Dpress.ma\/fr","isPartOf":{"@id":"https:\/\/dpress.ma\/fr\/#website"},"primaryImageOfPage":{"@id":"https:\/\/dpress.ma\/fr\/2026\/03\/06\/france-les-etudiants-marocains-reunis-autour-dun-ftour-sous-le-signe-du-partage-et-du-vivre-ensemble\/#primaryimage"},"image":{"@id":"https:\/\/dpress.ma\/fr\/2026\/03\/06\/france-les-etudiants-marocains-reunis-autour-dun-ftour-sous-le-signe-du-partage-et-du-vivre-ensemble\/#primaryimage"},"thumbnailUrl":"https:\/\/dpress.ma\/fr\/wp-content\/uploads\/sites\/2\/2026\/03\/31-2.jpg","datePublished":"2026-03-06T10:30:30+00:00","dateModified":"2026-03-06T10:30:33+00:00","author":{"@id":"https:\/\/dpress.ma\/fr\/#\/schema\/person\/4898febf3ccd59e6578d838656a306a0"},"breadcrumb":{"@id":"https:\/\/dpress.ma\/fr\/2026\/03\/06\/france-les-etudiants-marocains-reunis-autour-dun-ftour-sous-le-signe-du-partage-et-du-vivre-ensemble\/#breadcrumb"},"inLanguage":"fr-FR","potentialAction":[{"@type":"ReadAction","target":["https:\/\/dpress.ma\/fr\/2026\/03\/06\/france-les-etudiants-marocains-reunis-autour-dun-ftour-sous-le-signe-du-partage-et-du-vivre-ensemble\/"]}]},{"@type":"ImageObject","inLanguage":"fr-FR","@id":"https:\/\/dpress.ma\/fr\/2026\/03\/06\/france-les-etudiants-marocains-reunis-autour-dun-ftour-sous-le-signe-du-partage-et-du-vivre-ensemble\/#primaryimage","url":"https:\/\/dpress.ma\/fr\/wp-content\/uploads\/sites\/2\/2026\/03\/31-2.jpg","contentUrl":"https:\/\/dpress.ma\/fr\/wp-content\/uploads\/sites\/2\/2026\/03\/31-2.jpg","width":2539,"height":1594},{"@type":"BreadcrumbList","@id":"https:\/\/dpress.ma\/fr\/2026\/03\/06\/france-les-etudiants-marocains-reunis-autour-dun-ftour-sous-le-signe-du-partage-et-du-vivre-ensemble\/#breadcrumb","itemListElement":[{"@type":"ListItem","position":1,"name":"Home","item":"https:\/\/dpress.ma\/fr\/"},{"@type":"ListItem","position":2,"name":"France: Les \u00e9tudiants marocains r\u00e9unis autour d\u2019un ftour sous le signe du partage et du vivre-ensemble"}]},{"@type":"WebSite","@id":"https:\/\/dpress.ma\/fr\/#website","url":"https:\/\/dpress.ma\/fr\/","name":"Dpress.ma\/fr","description":"","potentialAction":[{"@type":"SearchAction","target":{"@type":"EntryPoint","urlTemplate":"https:\/\/dpress.ma\/fr\/?s={search_term_string}"},"query-input":{"@type":"PropertyValueSpecification","valueRequired":true,"valueName":"search_term_string"}}],"inLanguage":"fr-FR"},{"@type":"Person","@id":"https:\/\/dpress.ma\/fr\/#\/schema\/person\/4898febf3ccd59e6578d838656a306a0","name":"Dpress.ma","image":{"@type":"ImageObject","inLanguage":"fr-FR","@id":"https:\/\/secure.gravatar.com\/avatar\/72ecc30e9db047a2e0e7176561eb9d564ed77c8108376495b19bd8336405198a?s=96&d=mm&r=g","url":"https:\/\/secure.gravatar.com\/avatar\/72ecc30e9db047a2e0e7176561eb9d564ed77c8108376495b19bd8336405198a?s=96&d=mm&r=g","contentUrl":"https:\/\/secure.gravatar.com\/avatar\/72ecc30e9db047a2e0e7176561eb9d564ed77c8108376495b19bd8336405198a?s=96&d=mm&r=g","caption":"Dpress.ma"},"sameAs":["https:\/\/www.dpress.ma"],"url":"https:\/\/dpress.ma\/fr\/author\/dpress-ma\/"}]}},"amp_enabled":true,"_links":{"self":[{"href":"https:\/\/dpress.ma\/fr\/wp-json\/wp\/v2\/posts\/25388","targetHints":{"allow":["GET"]}}],"collection":[{"href":"https:\/\/dpress.ma\/fr\/wp-json\/wp\/v2\/posts"}],"about":[{"href":"https:\/\/dpress.ma\/fr\/wp-json\/wp\/v2\/types\/post"}],"author":[{"embeddable":true,"href":"https:\/\/dpress.ma\/fr\/wp-json\/wp\/v2\/users\/2"}],"replies":[{"embeddable":true,"href":"https:\/\/dpress.ma\/fr\/wp-json\/wp\/v2\/comments?post=25388"}],"version-history":[{"count":1,"href":"https:\/\/dpress.ma\/fr\/wp-json\/wp\/v2\/posts\/25388\/revisions"}],"predecessor-version":[{"id":25390,"href":"https:\/\/dpress.ma\/fr\/wp-json\/wp\/v2\/posts\/25388\/revisions\/25390"}],"wp:featuredmedia":[{"embeddable":true,"href":"https:\/\/dpress.ma\/fr\/wp-json\/wp\/v2\/media\/25389"}],"wp:attachment":[{"href":"https:\/\/dpress.ma\/fr\/wp-json\/wp\/v2\/media?parent=25388"}],"wp:term":[{"taxonomy":"category","embeddable":true,"href":"https:\/\/dpress.ma\/fr\/wp-json\/wp\/v2\/categories?post=25388"},{"taxonomy":"post_tag","embeddable":true,"href":"https:\/\/dpress.ma\/fr\/wp-json\/wp\/v2\/tags?post=25388"}],"curies":[{"name":"wp","href":"https:\/\/api.w.org\/{rel}","templated":true}]}}