{"id":2494,"date":"2022-11-12T10:27:41","date_gmt":"2022-11-12T10:27:41","guid":{"rendered":"https:\/\/dpress.ma\/fr\/?p=2494"},"modified":"2022-11-12T10:27:42","modified_gmt":"2022-11-12T10:27:42","slug":"10eme-edition-du-challenge-international-sar-le-prince-heritier-moulay-el-hassan-de-cyclisme-le-marocain-adil-el-arbaoui-remporte-la-derniere-etape","status":"publish","type":"post","link":"https:\/\/dpress.ma\/fr\/2022\/11\/12\/10eme-edition-du-challenge-international-sar-le-prince-heritier-moulay-el-hassan-de-cyclisme-le-marocain-adil-el-arbaoui-remporte-la-derniere-etape\/","title":{"rendered":"10\u00e8me \u00e9dition du Challenge international SAR le Prince H\u00e9ritier Moulay El Hassan de cyclisme: Le Marocain Adil El Arbaoui remporte la derni\u00e8re \u00e9tape"},"content":{"rendered":"\n<p>Dpress<\/p>\n\n\n\n<p>Le cycliste marocain Adil El Arbaoui a remport\u00e9 la 3\u00e8me et derni\u00e8re \u00e9tape de la 10\u00e8me \u00e9dition du Challenge international SAR le Prince H\u00e9ritier Moulay El Hassan de cyclisme, disput\u00e9e vendredi entre Guelmim et Tiznit en passant par Sidi Ifni (130,5 km).<\/p>\n\n\n\n<p>Adil El Arbaoui s\u2019est adjug\u00e9 le Troph\u00e9e de la Maison Royale apr\u00e8s sa victoire lors de cette \u00e9tape en&nbsp;03h 02 min 9 sec&nbsp;devant son compatriote Mohamed Saoud et l\u2019Allemand David Skout.<\/p>\n\n\n\n<p>La premi\u00e8re \u00e9tape, disput\u00e9e mardi entre Guelmim et Tan Tan sur un parcours de 125,5 km, a vu trois cyclistes marocains occuper les trois marches du podium, \u00e0 savoir Achraf Ed-Doghmy, Oussama Khafi et Hassan Saber.<\/p>\n\n\n\n<p>Le cycliste marocain Nasr Eddine Maatougui a remport\u00e9 la 2\u00e8me \u00e9tape disput\u00e9e jeudi entre Guelmim et Sidi Ifni sur un parcours de 121,5 kms.<\/p>\n\n\n\n<p>Organis\u00e9 sous le Haut Patronage de SM le Roi Mohammed VI, le Challenge International SAR le Prince H\u00e9ritier Moulay El Hassan constitue une vitrine qui valorise les atouts touristiques du pays ainsi que ses richesses culturelles, d\u2019autant plus qu\u2019il confirme une fois de plus que le Royaume est un v\u00e9ritable havre de paix et une terre d\u2019hospitalit\u00e9, de dialogue, de tol\u00e9rance et de coexistence.<\/p>\n\n\n\n<p>Cette 10\u00e8me \u00e9dition a \u00e9t\u00e9 marqu\u00e9e par la participation de coureurs-cyclistes repr\u00e9sentant, outre le Maroc, repr\u00e9sent\u00e9 par les trois s\u00e9lections nationales (l\u2019\u00e9quipe premi\u00e8re, l\u2019\u00e9quipe olympique et l\u2019\u00e9quipe r\u00e9gionale), les s\u00e9lections nationales des Emirats Arabes Unis, du Sultanat d\u2019Oman et de Mauritanie, ainsi que des \u00e9quipes continentales d\u2019Allemagne, des Pays-Bas, de Slovaquie, des Emirats Arabes et du Maroc (Sidi Ali Unlock).<\/p>\n","protected":false},"excerpt":{"rendered":"<p>Dpress Le cycliste marocain Adil El Arbaoui a remport\u00e9 la 3\u00e8me et derni\u00e8re \u00e9tape de la 10\u00e8me \u00e9dition du Challenge international SAR le Prince H\u00e9ritier Moulay El Hassan de cyclisme, disput\u00e9e vendredi entre Guelmim et Tiznit en passant par Sidi Ifni (130,5 km). Adil El Arbaoui s\u2019est adjug\u00e9 le Troph\u00e9e de la Maison Royale apr\u00e8s &hellip;<\/p>\n","protected":false},"author":2,"featured_media":2495,"comment_status":"open","ping_status":"open","sticky":false,"template":"","format":"standard","meta":{"footnotes":""},"categories":[27],"tags":[],"class_list":["post-2494","post","type-post","status-publish","format-standard","has-post-thumbnail","hentry","category-sport"],"yoast_head":"<!-- This site is optimized with the Yoast SEO plugin v27.5 - https:\/\/yoast.com\/product\/yoast-seo-wordpress\/ -->\n<title>10\u00e8me \u00e9dition du Challenge international SAR le Prince H\u00e9ritier Moulay El Hassan de cyclisme: Le Marocain Adil El Arbaoui remporte la derni\u00e8re \u00e9tape - Dpress.ma\/fr<\/title>\n<meta name=\"description\" content=\"Le cycliste marocain Adil El Arbaoui a remport\u00e9 la 3\u00e8me et derni\u00e8re \u00e9tape de la 10\u00e8me \u00e9dition du Challenge international SAR le Prince H\u00e9ritier Moulay El Hassan de cyclisme, disput\u00e9e vendredi entre Guelmim et Tiznit en passant par Sidi Ifni (130,5 km).\" \/>\n<meta name=\"robots\" content=\"index, follow, max-snippet:-1, max-image-preview:large, max-video-preview:-1\" \/>\n<link rel=\"canonical\" href=\"https:\/\/dpress.ma\/fr\/2022\/11\/12\/10eme-edition-du-challenge-international-sar-le-prince-heritier-moulay-el-hassan-de-cyclisme-le-marocain-adil-el-arbaoui-remporte-la-derniere-etape\/\" \/>\n<meta property=\"og:locale\" content=\"fr_FR\" \/>\n<meta property=\"og:type\" content=\"article\" \/>\n<meta property=\"og:title\" content=\"10\u00e8me \u00e9dition du Challenge international SAR le Prince H\u00e9ritier Moulay El Hassan de cyclisme: Le Marocain Adil El Arbaoui remporte la derni\u00e8re \u00e9tape - Dpress.ma\/fr\" \/>\n<meta property=\"og:description\" content=\"Le cycliste marocain Adil El Arbaoui a remport\u00e9 la 3\u00e8me et derni\u00e8re \u00e9tape de la 10\u00e8me \u00e9dition du Challenge international SAR le Prince H\u00e9ritier Moulay El Hassan de cyclisme, disput\u00e9e vendredi entre Guelmim et Tiznit en passant par Sidi Ifni (130,5 km).\" \/>\n<meta property=\"og:url\" content=\"https:\/\/dpress.ma\/fr\/2022\/11\/12\/10eme-edition-du-challenge-international-sar-le-prince-heritier-moulay-el-hassan-de-cyclisme-le-marocain-adil-el-arbaoui-remporte-la-derniere-etape\/\" \/>\n<meta property=\"og:site_name\" content=\"Dpress.ma\/fr\" \/>\n<meta property=\"article:published_time\" content=\"2022-11-12T10:27:41+00:00\" \/>\n<meta property=\"article:modified_time\" content=\"2022-11-12T10:27:42+00:00\" \/>\n<meta property=\"og:image\" content=\"https:\/\/dpress.ma\/fr\/wp-content\/uploads\/sites\/2\/2022\/11\/dimensions2-22.jpg\" \/>\n\t<meta property=\"og:image:width\" content=\"2539\" \/>\n\t<meta property=\"og:image:height\" content=\"1594\" \/>\n\t<meta property=\"og:image:type\" content=\"image\/jpeg\" \/>\n<meta name=\"author\" content=\"Dpress.ma\" \/>\n<meta name=\"twitter:card\" content=\"summary_large_image\" \/>\n<meta name=\"twitter:label1\" content=\"\u00c9crit par\" \/>\n\t<meta name=\"twitter:data1\" content=\"Dpress.ma\" \/>\n\t<meta name=\"twitter:label2\" content=\"Dur\u00e9e de lecture estim\u00e9e\" \/>\n\t<meta name=\"twitter:data2\" content=\"2 minutes\" \/>\n<script type=\"application\/ld+json\" class=\"yoast-schema-graph\">{\"@context\":\"https:\\\/\\\/schema.org\",\"@graph\":[{\"@type\":\"Article\",\"@id\":\"https:\\\/\\\/dpress.ma\\\/fr\\\/2022\\\/11\\\/12\\\/10eme-edition-du-challenge-international-sar-le-prince-heritier-moulay-el-hassan-de-cyclisme-le-marocain-adil-el-arbaoui-remporte-la-derniere-etape\\\/#article\",\"isPartOf\":{\"@id\":\"https:\\\/\\\/dpress.ma\\\/fr\\\/2022\\\/11\\\/12\\\/10eme-edition-du-challenge-international-sar-le-prince-heritier-moulay-el-hassan-de-cyclisme-le-marocain-adil-el-arbaoui-remporte-la-derniere-etape\\\/\"},\"author\":{\"name\":\"Dpress.ma\",\"@id\":\"https:\\\/\\\/dpress.ma\\\/fr\\\/#\\\/schema\\\/person\\\/4898febf3ccd59e6578d838656a306a0\"},\"headline\":\"10\u00e8me \u00e9dition du Challenge international SAR le Prince H\u00e9ritier Moulay El Hassan de cyclisme: Le Marocain Adil El Arbaoui remporte la derni\u00e8re \u00e9tape\",\"datePublished\":\"2022-11-12T10:27:41+00:00\",\"dateModified\":\"2022-11-12T10:27:42+00:00\",\"mainEntityOfPage\":{\"@id\":\"https:\\\/\\\/dpress.ma\\\/fr\\\/2022\\\/11\\\/12\\\/10eme-edition-du-challenge-international-sar-le-prince-heritier-moulay-el-hassan-de-cyclisme-le-marocain-adil-el-arbaoui-remporte-la-derniere-etape\\\/\"},\"wordCount\":309,\"commentCount\":0,\"image\":{\"@id\":\"https:\\\/\\\/dpress.ma\\\/fr\\\/2022\\\/11\\\/12\\\/10eme-edition-du-challenge-international-sar-le-prince-heritier-moulay-el-hassan-de-cyclisme-le-marocain-adil-el-arbaoui-remporte-la-derniere-etape\\\/#primaryimage\"},\"thumbnailUrl\":\"https:\\\/\\\/dpress.ma\\\/fr\\\/wp-content\\\/uploads\\\/sites\\\/2\\\/2022\\\/11\\\/dimensions2-22.jpg\",\"articleSection\":[\"Sport\"],\"inLanguage\":\"fr-FR\",\"potentialAction\":[{\"@type\":\"CommentAction\",\"name\":\"Comment\",\"target\":[\"https:\\\/\\\/dpress.ma\\\/fr\\\/2022\\\/11\\\/12\\\/10eme-edition-du-challenge-international-sar-le-prince-heritier-moulay-el-hassan-de-cyclisme-le-marocain-adil-el-arbaoui-remporte-la-derniere-etape\\\/#respond\"]}]},{\"@type\":\"WebPage\",\"@id\":\"https:\\\/\\\/dpress.ma\\\/fr\\\/2022\\\/11\\\/12\\\/10eme-edition-du-challenge-international-sar-le-prince-heritier-moulay-el-hassan-de-cyclisme-le-marocain-adil-el-arbaoui-remporte-la-derniere-etape\\\/\",\"url\":\"https:\\\/\\\/dpress.ma\\\/fr\\\/2022\\\/11\\\/12\\\/10eme-edition-du-challenge-international-sar-le-prince-heritier-moulay-el-hassan-de-cyclisme-le-marocain-adil-el-arbaoui-remporte-la-derniere-etape\\\/\",\"name\":\"10\u00e8me \u00e9dition du Challenge international SAR le Prince H\u00e9ritier Moulay El Hassan de cyclisme: Le Marocain Adil El Arbaoui remporte la derni\u00e8re \u00e9tape - Dpress.ma\\\/fr\",\"isPartOf\":{\"@id\":\"https:\\\/\\\/dpress.ma\\\/fr\\\/#website\"},\"primaryImageOfPage\":{\"@id\":\"https:\\\/\\\/dpress.ma\\\/fr\\\/2022\\\/11\\\/12\\\/10eme-edition-du-challenge-international-sar-le-prince-heritier-moulay-el-hassan-de-cyclisme-le-marocain-adil-el-arbaoui-remporte-la-derniere-etape\\\/#primaryimage\"},\"image\":{\"@id\":\"https:\\\/\\\/dpress.ma\\\/fr\\\/2022\\\/11\\\/12\\\/10eme-edition-du-challenge-international-sar-le-prince-heritier-moulay-el-hassan-de-cyclisme-le-marocain-adil-el-arbaoui-remporte-la-derniere-etape\\\/#primaryimage\"},\"thumbnailUrl\":\"https:\\\/\\\/dpress.ma\\\/fr\\\/wp-content\\\/uploads\\\/sites\\\/2\\\/2022\\\/11\\\/dimensions2-22.jpg\",\"datePublished\":\"2022-11-12T10:27:41+00:00\",\"dateModified\":\"2022-11-12T10:27:42+00:00\",\"author\":{\"@id\":\"https:\\\/\\\/dpress.ma\\\/fr\\\/#\\\/schema\\\/person\\\/4898febf3ccd59e6578d838656a306a0\"},\"description\":\"Le cycliste marocain Adil El Arbaoui a remport\u00e9 la 3\u00e8me et derni\u00e8re \u00e9tape de la 10\u00e8me \u00e9dition du Challenge international SAR le Prince H\u00e9ritier Moulay El Hassan de cyclisme, disput\u00e9e vendredi entre Guelmim et Tiznit en passant par Sidi Ifni (130,5 km).\",\"breadcrumb\":{\"@id\":\"https:\\\/\\\/dpress.ma\\\/fr\\\/2022\\\/11\\\/12\\\/10eme-edition-du-challenge-international-sar-le-prince-heritier-moulay-el-hassan-de-cyclisme-le-marocain-adil-el-arbaoui-remporte-la-derniere-etape\\\/#breadcrumb\"},\"inLanguage\":\"fr-FR\",\"potentialAction\":[{\"@type\":\"ReadAction\",\"target\":[\"https:\\\/\\\/dpress.ma\\\/fr\\\/2022\\\/11\\\/12\\\/10eme-edition-du-challenge-international-sar-le-prince-heritier-moulay-el-hassan-de-cyclisme-le-marocain-adil-el-arbaoui-remporte-la-derniere-etape\\\/\"]}]},{\"@type\":\"ImageObject\",\"inLanguage\":\"fr-FR\",\"@id\":\"https:\\\/\\\/dpress.ma\\\/fr\\\/2022\\\/11\\\/12\\\/10eme-edition-du-challenge-international-sar-le-prince-heritier-moulay-el-hassan-de-cyclisme-le-marocain-adil-el-arbaoui-remporte-la-derniere-etape\\\/#primaryimage\",\"url\":\"https:\\\/\\\/dpress.ma\\\/fr\\\/wp-content\\\/uploads\\\/sites\\\/2\\\/2022\\\/11\\\/dimensions2-22.jpg\",\"contentUrl\":\"https:\\\/\\\/dpress.ma\\\/fr\\\/wp-content\\\/uploads\\\/sites\\\/2\\\/2022\\\/11\\\/dimensions2-22.jpg\",\"width\":2539,\"height\":1594},{\"@type\":\"BreadcrumbList\",\"@id\":\"https:\\\/\\\/dpress.ma\\\/fr\\\/2022\\\/11\\\/12\\\/10eme-edition-du-challenge-international-sar-le-prince-heritier-moulay-el-hassan-de-cyclisme-le-marocain-adil-el-arbaoui-remporte-la-derniere-etape\\\/#breadcrumb\",\"itemListElement\":[{\"@type\":\"ListItem\",\"position\":1,\"name\":\"Home\",\"item\":\"https:\\\/\\\/dpress.ma\\\/fr\\\/\"},{\"@type\":\"ListItem\",\"position\":2,\"name\":\"10\u00e8me \u00e9dition du Challenge international SAR le Prince H\u00e9ritier Moulay El Hassan de cyclisme: Le Marocain Adil El Arbaoui remporte la derni\u00e8re \u00e9tape\"}]},{\"@type\":\"WebSite\",\"@id\":\"https:\\\/\\\/dpress.ma\\\/fr\\\/#website\",\"url\":\"https:\\\/\\\/dpress.ma\\\/fr\\\/\",\"name\":\"Dpress.ma\\\/fr\",\"description\":\"\",\"potentialAction\":[{\"@type\":\"SearchAction\",\"target\":{\"@type\":\"EntryPoint\",\"urlTemplate\":\"https:\\\/\\\/dpress.ma\\\/fr\\\/?s={search_term_string}\"},\"query-input\":{\"@type\":\"PropertyValueSpecification\",\"valueRequired\":true,\"valueName\":\"search_term_string\"}}],\"inLanguage\":\"fr-FR\"},{\"@type\":\"Person\",\"@id\":\"https:\\\/\\\/dpress.ma\\\/fr\\\/#\\\/schema\\\/person\\\/4898febf3ccd59e6578d838656a306a0\",\"name\":\"Dpress.ma\",\"image\":{\"@type\":\"ImageObject\",\"inLanguage\":\"fr-FR\",\"@id\":\"https:\\\/\\\/secure.gravatar.com\\\/avatar\\\/72ecc30e9db047a2e0e7176561eb9d564ed77c8108376495b19bd8336405198a?s=96&d=mm&r=g\",\"url\":\"https:\\\/\\\/secure.gravatar.com\\\/avatar\\\/72ecc30e9db047a2e0e7176561eb9d564ed77c8108376495b19bd8336405198a?s=96&d=mm&r=g\",\"contentUrl\":\"https:\\\/\\\/secure.gravatar.com\\\/avatar\\\/72ecc30e9db047a2e0e7176561eb9d564ed77c8108376495b19bd8336405198a?s=96&d=mm&r=g\",\"caption\":\"Dpress.ma\"},\"sameAs\":[\"https:\\\/\\\/www.dpress.ma\"],\"url\":\"https:\\\/\\\/dpress.ma\\\/fr\\\/author\\\/dpress-ma\\\/\"}]}<\/script>\n<!-- \/ Yoast SEO plugin. -->","yoast_head_json":{"title":"10\u00e8me \u00e9dition du Challenge international SAR le Prince H\u00e9ritier Moulay El Hassan de cyclisme: Le Marocain Adil El Arbaoui remporte la derni\u00e8re \u00e9tape - Dpress.ma\/fr","description":"Le cycliste marocain Adil El Arbaoui a remport\u00e9 la 3\u00e8me et derni\u00e8re \u00e9tape de la 10\u00e8me \u00e9dition du Challenge international SAR le Prince H\u00e9ritier Moulay El Hassan de cyclisme, disput\u00e9e vendredi entre Guelmim et Tiznit en passant par Sidi Ifni (130,5 km).","robots":{"index":"index","follow":"follow","max-snippet":"max-snippet:-1","max-image-preview":"max-image-preview:large","max-video-preview":"max-video-preview:-1"},"canonical":"https:\/\/dpress.ma\/fr\/2022\/11\/12\/10eme-edition-du-challenge-international-sar-le-prince-heritier-moulay-el-hassan-de-cyclisme-le-marocain-adil-el-arbaoui-remporte-la-derniere-etape\/","og_locale":"fr_FR","og_type":"article","og_title":"10\u00e8me \u00e9dition du Challenge international SAR le Prince H\u00e9ritier Moulay El Hassan de cyclisme: Le Marocain Adil El Arbaoui remporte la derni\u00e8re \u00e9tape - Dpress.ma\/fr","og_description":"Le cycliste marocain Adil El Arbaoui a remport\u00e9 la 3\u00e8me et derni\u00e8re \u00e9tape de la 10\u00e8me \u00e9dition du Challenge international SAR le Prince H\u00e9ritier Moulay El Hassan de cyclisme, disput\u00e9e vendredi entre Guelmim et Tiznit en passant par Sidi Ifni (130,5 km).","og_url":"https:\/\/dpress.ma\/fr\/2022\/11\/12\/10eme-edition-du-challenge-international-sar-le-prince-heritier-moulay-el-hassan-de-cyclisme-le-marocain-adil-el-arbaoui-remporte-la-derniere-etape\/","og_site_name":"Dpress.ma\/fr","article_published_time":"2022-11-12T10:27:41+00:00","article_modified_time":"2022-11-12T10:27:42+00:00","og_image":[{"width":2539,"height":1594,"url":"https:\/\/dpress.ma\/fr\/wp-content\/uploads\/sites\/2\/2022\/11\/dimensions2-22.jpg","type":"image\/jpeg"}],"author":"Dpress.ma","twitter_card":"summary_large_image","twitter_misc":{"\u00c9crit par":"Dpress.ma","Dur\u00e9e de lecture estim\u00e9e":"2 minutes"},"schema":{"@context":"https:\/\/schema.org","@graph":[{"@type":"Article","@id":"https:\/\/dpress.ma\/fr\/2022\/11\/12\/10eme-edition-du-challenge-international-sar-le-prince-heritier-moulay-el-hassan-de-cyclisme-le-marocain-adil-el-arbaoui-remporte-la-derniere-etape\/#article","isPartOf":{"@id":"https:\/\/dpress.ma\/fr\/2022\/11\/12\/10eme-edition-du-challenge-international-sar-le-prince-heritier-moulay-el-hassan-de-cyclisme-le-marocain-adil-el-arbaoui-remporte-la-derniere-etape\/"},"author":{"name":"Dpress.ma","@id":"https:\/\/dpress.ma\/fr\/#\/schema\/person\/4898febf3ccd59e6578d838656a306a0"},"headline":"10\u00e8me \u00e9dition du Challenge international SAR le Prince H\u00e9ritier Moulay El Hassan de cyclisme: Le Marocain Adil El Arbaoui remporte la derni\u00e8re \u00e9tape","datePublished":"2022-11-12T10:27:41+00:00","dateModified":"2022-11-12T10:27:42+00:00","mainEntityOfPage":{"@id":"https:\/\/dpress.ma\/fr\/2022\/11\/12\/10eme-edition-du-challenge-international-sar-le-prince-heritier-moulay-el-hassan-de-cyclisme-le-marocain-adil-el-arbaoui-remporte-la-derniere-etape\/"},"wordCount":309,"commentCount":0,"image":{"@id":"https:\/\/dpress.ma\/fr\/2022\/11\/12\/10eme-edition-du-challenge-international-sar-le-prince-heritier-moulay-el-hassan-de-cyclisme-le-marocain-adil-el-arbaoui-remporte-la-derniere-etape\/#primaryimage"},"thumbnailUrl":"https:\/\/dpress.ma\/fr\/wp-content\/uploads\/sites\/2\/2022\/11\/dimensions2-22.jpg","articleSection":["Sport"],"inLanguage":"fr-FR","potentialAction":[{"@type":"CommentAction","name":"Comment","target":["https:\/\/dpress.ma\/fr\/2022\/11\/12\/10eme-edition-du-challenge-international-sar-le-prince-heritier-moulay-el-hassan-de-cyclisme-le-marocain-adil-el-arbaoui-remporte-la-derniere-etape\/#respond"]}]},{"@type":"WebPage","@id":"https:\/\/dpress.ma\/fr\/2022\/11\/12\/10eme-edition-du-challenge-international-sar-le-prince-heritier-moulay-el-hassan-de-cyclisme-le-marocain-adil-el-arbaoui-remporte-la-derniere-etape\/","url":"https:\/\/dpress.ma\/fr\/2022\/11\/12\/10eme-edition-du-challenge-international-sar-le-prince-heritier-moulay-el-hassan-de-cyclisme-le-marocain-adil-el-arbaoui-remporte-la-derniere-etape\/","name":"10\u00e8me \u00e9dition du Challenge international SAR le Prince H\u00e9ritier Moulay El Hassan de cyclisme: Le Marocain Adil El Arbaoui remporte la derni\u00e8re \u00e9tape - Dpress.ma\/fr","isPartOf":{"@id":"https:\/\/dpress.ma\/fr\/#website"},"primaryImageOfPage":{"@id":"https:\/\/dpress.ma\/fr\/2022\/11\/12\/10eme-edition-du-challenge-international-sar-le-prince-heritier-moulay-el-hassan-de-cyclisme-le-marocain-adil-el-arbaoui-remporte-la-derniere-etape\/#primaryimage"},"image":{"@id":"https:\/\/dpress.ma\/fr\/2022\/11\/12\/10eme-edition-du-challenge-international-sar-le-prince-heritier-moulay-el-hassan-de-cyclisme-le-marocain-adil-el-arbaoui-remporte-la-derniere-etape\/#primaryimage"},"thumbnailUrl":"https:\/\/dpress.ma\/fr\/wp-content\/uploads\/sites\/2\/2022\/11\/dimensions2-22.jpg","datePublished":"2022-11-12T10:27:41+00:00","dateModified":"2022-11-12T10:27:42+00:00","author":{"@id":"https:\/\/dpress.ma\/fr\/#\/schema\/person\/4898febf3ccd59e6578d838656a306a0"},"description":"Le cycliste marocain Adil El Arbaoui a remport\u00e9 la 3\u00e8me et derni\u00e8re \u00e9tape de la 10\u00e8me \u00e9dition du Challenge international SAR le Prince H\u00e9ritier Moulay El Hassan de cyclisme, disput\u00e9e vendredi entre Guelmim et Tiznit en passant par Sidi Ifni (130,5 km).","breadcrumb":{"@id":"https:\/\/dpress.ma\/fr\/2022\/11\/12\/10eme-edition-du-challenge-international-sar-le-prince-heritier-moulay-el-hassan-de-cyclisme-le-marocain-adil-el-arbaoui-remporte-la-derniere-etape\/#breadcrumb"},"inLanguage":"fr-FR","potentialAction":[{"@type":"ReadAction","target":["https:\/\/dpress.ma\/fr\/2022\/11\/12\/10eme-edition-du-challenge-international-sar-le-prince-heritier-moulay-el-hassan-de-cyclisme-le-marocain-adil-el-arbaoui-remporte-la-derniere-etape\/"]}]},{"@type":"ImageObject","inLanguage":"fr-FR","@id":"https:\/\/dpress.ma\/fr\/2022\/11\/12\/10eme-edition-du-challenge-international-sar-le-prince-heritier-moulay-el-hassan-de-cyclisme-le-marocain-adil-el-arbaoui-remporte-la-derniere-etape\/#primaryimage","url":"https:\/\/dpress.ma\/fr\/wp-content\/uploads\/sites\/2\/2022\/11\/dimensions2-22.jpg","contentUrl":"https:\/\/dpress.ma\/fr\/wp-content\/uploads\/sites\/2\/2022\/11\/dimensions2-22.jpg","width":2539,"height":1594},{"@type":"BreadcrumbList","@id":"https:\/\/dpress.ma\/fr\/2022\/11\/12\/10eme-edition-du-challenge-international-sar-le-prince-heritier-moulay-el-hassan-de-cyclisme-le-marocain-adil-el-arbaoui-remporte-la-derniere-etape\/#breadcrumb","itemListElement":[{"@type":"ListItem","position":1,"name":"Home","item":"https:\/\/dpress.ma\/fr\/"},{"@type":"ListItem","position":2,"name":"10\u00e8me \u00e9dition du Challenge international SAR le Prince H\u00e9ritier Moulay El Hassan de cyclisme: Le Marocain Adil El Arbaoui remporte la derni\u00e8re \u00e9tape"}]},{"@type":"WebSite","@id":"https:\/\/dpress.ma\/fr\/#website","url":"https:\/\/dpress.ma\/fr\/","name":"Dpress.ma\/fr","description":"","potentialAction":[{"@type":"SearchAction","target":{"@type":"EntryPoint","urlTemplate":"https:\/\/dpress.ma\/fr\/?s={search_term_string}"},"query-input":{"@type":"PropertyValueSpecification","valueRequired":true,"valueName":"search_term_string"}}],"inLanguage":"fr-FR"},{"@type":"Person","@id":"https:\/\/dpress.ma\/fr\/#\/schema\/person\/4898febf3ccd59e6578d838656a306a0","name":"Dpress.ma","image":{"@type":"ImageObject","inLanguage":"fr-FR","@id":"https:\/\/secure.gravatar.com\/avatar\/72ecc30e9db047a2e0e7176561eb9d564ed77c8108376495b19bd8336405198a?s=96&d=mm&r=g","url":"https:\/\/secure.gravatar.com\/avatar\/72ecc30e9db047a2e0e7176561eb9d564ed77c8108376495b19bd8336405198a?s=96&d=mm&r=g","contentUrl":"https:\/\/secure.gravatar.com\/avatar\/72ecc30e9db047a2e0e7176561eb9d564ed77c8108376495b19bd8336405198a?s=96&d=mm&r=g","caption":"Dpress.ma"},"sameAs":["https:\/\/www.dpress.ma"],"url":"https:\/\/dpress.ma\/fr\/author\/dpress-ma\/"}]}},"amp_enabled":true,"_links":{"self":[{"href":"https:\/\/dpress.ma\/fr\/wp-json\/wp\/v2\/posts\/2494","targetHints":{"allow":["GET"]}}],"collection":[{"href":"https:\/\/dpress.ma\/fr\/wp-json\/wp\/v2\/posts"}],"about":[{"href":"https:\/\/dpress.ma\/fr\/wp-json\/wp\/v2\/types\/post"}],"author":[{"embeddable":true,"href":"https:\/\/dpress.ma\/fr\/wp-json\/wp\/v2\/users\/2"}],"replies":[{"embeddable":true,"href":"https:\/\/dpress.ma\/fr\/wp-json\/wp\/v2\/comments?post=2494"}],"version-history":[{"count":1,"href":"https:\/\/dpress.ma\/fr\/wp-json\/wp\/v2\/posts\/2494\/revisions"}],"predecessor-version":[{"id":2496,"href":"https:\/\/dpress.ma\/fr\/wp-json\/wp\/v2\/posts\/2494\/revisions\/2496"}],"wp:featuredmedia":[{"embeddable":true,"href":"https:\/\/dpress.ma\/fr\/wp-json\/wp\/v2\/media\/2495"}],"wp:attachment":[{"href":"https:\/\/dpress.ma\/fr\/wp-json\/wp\/v2\/media?parent=2494"}],"wp:term":[{"taxonomy":"category","embeddable":true,"href":"https:\/\/dpress.ma\/fr\/wp-json\/wp\/v2\/categories?post=2494"},{"taxonomy":"post_tag","embeddable":true,"href":"https:\/\/dpress.ma\/fr\/wp-json\/wp\/v2\/tags?post=2494"}],"curies":[{"name":"wp","href":"https:\/\/api.w.org\/{rel}","templated":true}]}}