{"id":24921,"date":"2026-03-01T11:07:00","date_gmt":"2026-03-01T11:07:00","guid":{"rendered":"https:\/\/dpress.ma\/fr\/?p=24921"},"modified":"2026-03-01T22:28:25","modified_gmt":"2026-03-01T22:28:25","slug":"trump-menace-de-frapper-liran-avec-une-force-sans-precedent-en-cas-de-represailles","status":"publish","type":"post","link":"https:\/\/dpress.ma\/fr\/2026\/03\/01\/trump-menace-de-frapper-liran-avec-une-force-sans-precedent-en-cas-de-represailles\/","title":{"rendered":"Trump menace de frapper l\u2019Iran avec une \u201cforce sans pr\u00e9c\u00e9dent\u201d en cas de repr\u00e9sailles"},"content":{"rendered":"\n<p>Dpress<\/p>\n\n\n\n<p>Le pr\u00e9sident Donald Trump a menac\u00e9 dimanche de frapper l\u2019Iran avec une \u201cforce sans pr\u00e9c\u00e9dent\u201d en cas de repr\u00e9sailles apr\u00e8s la mort du guide supr\u00eame iranien Ali Khamenei dans les frappes men\u00e9es la veille par les Etats-Unis et Isra\u00ebl.<\/p>\n\n\n\n<p>\u201cL\u2019Iran vient de d\u00e9clarer qu\u2019il allait frapper tr\u00e8s fort aujourd\u2019hui, plus fort qu\u2019il ne l\u2019a jamais fait auparavant. IL VAUDRAIT MIEUX QU\u2019IL NE LE FAIT PAS, CAR S\u2019IL LE FAIT, NOUS LE FRAPPERONS AVEC UNE FORCE SANS PR\u00c9C\u00c9DENT !\u201d, a \u00e9crit le pr\u00e9sident am\u00e9ricain sur son r\u00e9seau Truth Social.<\/p>\n\n\n\n<p>Samedi, le pr\u00e9sident Trump a annonc\u00e9 la mort de Khamenei et de plusieurs hauts responsables iraniens dans l\u2019op\u00e9ration am\u00e9ricano-isra\u00e9lienne qui a vis\u00e9 plusieurs villes et installations du pays.<\/p>\n\n\n\n<p>La mort de Ali Khamenei a \u00e9t\u00e9 confirm\u00e9e dimanche par l\u2019Iran, qui a annonc\u00e9 une nouvelle vague d\u2019attaques de missiles et de drones visant des bases militaires am\u00e9ricaines dans la r\u00e9gion et en Isra\u00ebl.<\/p>\n","protected":false},"excerpt":{"rendered":"<p>Dpress Le pr\u00e9sident Donald Trump a menac\u00e9 dimanche de frapper l\u2019Iran avec une \u201cforce sans pr\u00e9c\u00e9dent\u201d en cas de repr\u00e9sailles apr\u00e8s la mort du guide supr\u00eame iranien Ali Khamenei dans les frappes men\u00e9es la veille par les Etats-Unis et Isra\u00ebl. \u201cL\u2019Iran vient de d\u00e9clarer qu\u2019il allait frapper tr\u00e8s fort aujourd\u2019hui, plus fort qu\u2019il ne l\u2019a &hellip;<\/p>\n","protected":false},"author":2,"featured_media":14630,"comment_status":"open","ping_status":"open","sticky":false,"template":"","format":"standard","meta":{"footnotes":""},"categories":[42],"tags":[],"class_list":["post-24921","post","type-post","status-publish","format-standard","has-post-thumbnail","hentry","category-monde"],"yoast_head":"<!-- This site is optimized with the Yoast SEO plugin v27.5 - https:\/\/yoast.com\/product\/yoast-seo-wordpress\/ -->\n<title>Trump menace de frapper l\u2019Iran avec une \u201cforce sans pr\u00e9c\u00e9dent\u201d en cas de repr\u00e9sailles - Dpress.ma\/fr<\/title>\n<meta name=\"robots\" content=\"index, follow, max-snippet:-1, max-image-preview:large, max-video-preview:-1\" \/>\n<link rel=\"canonical\" href=\"https:\/\/dpress.ma\/fr\/2026\/03\/01\/trump-menace-de-frapper-liran-avec-une-force-sans-precedent-en-cas-de-represailles\/\" \/>\n<meta property=\"og:locale\" content=\"fr_FR\" \/>\n<meta property=\"og:type\" content=\"article\" \/>\n<meta property=\"og:title\" content=\"Trump menace de frapper l\u2019Iran avec une \u201cforce sans pr\u00e9c\u00e9dent\u201d en cas de repr\u00e9sailles - Dpress.ma\/fr\" \/>\n<meta property=\"og:description\" content=\"Dpress Le pr\u00e9sident Donald Trump a menac\u00e9 dimanche de frapper l\u2019Iran avec une \u201cforce sans pr\u00e9c\u00e9dent\u201d en cas de repr\u00e9sailles apr\u00e8s la mort du guide supr\u00eame iranien Ali Khamenei dans les frappes men\u00e9es la veille par les Etats-Unis et Isra\u00ebl. \u201cL\u2019Iran vient de d\u00e9clarer qu\u2019il allait frapper tr\u00e8s fort aujourd\u2019hui, plus fort qu\u2019il ne l\u2019a &hellip;\" \/>\n<meta property=\"og:url\" content=\"https:\/\/dpress.ma\/fr\/2026\/03\/01\/trump-menace-de-frapper-liran-avec-une-force-sans-precedent-en-cas-de-represailles\/\" \/>\n<meta property=\"og:site_name\" content=\"Dpress.ma\/fr\" \/>\n<meta property=\"article:published_time\" content=\"2026-03-01T11:07:00+00:00\" \/>\n<meta property=\"article:modified_time\" content=\"2026-03-01T22:28:25+00:00\" \/>\n<meta property=\"og:image\" content=\"https:\/\/dpress.ma\/fr\/wp-content\/uploads\/sites\/2\/2025\/05\/trump.png\" \/>\n\t<meta property=\"og:image:width\" content=\"780\" \/>\n\t<meta property=\"og:image:height\" content=\"470\" \/>\n\t<meta property=\"og:image:type\" content=\"image\/png\" \/>\n<meta name=\"author\" content=\"Dpress.ma\" \/>\n<meta name=\"twitter:card\" content=\"summary_large_image\" \/>\n<meta name=\"twitter:label1\" content=\"\u00c9crit par\" \/>\n\t<meta name=\"twitter:data1\" content=\"Dpress.ma\" \/>\n\t<meta name=\"twitter:label2\" content=\"Dur\u00e9e de lecture estim\u00e9e\" \/>\n\t<meta name=\"twitter:data2\" content=\"1 minute\" \/>\n<script type=\"application\/ld+json\" class=\"yoast-schema-graph\">{\"@context\":\"https:\\\/\\\/schema.org\",\"@graph\":[{\"@type\":\"Article\",\"@id\":\"https:\\\/\\\/dpress.ma\\\/fr\\\/2026\\\/03\\\/01\\\/trump-menace-de-frapper-liran-avec-une-force-sans-precedent-en-cas-de-represailles\\\/#article\",\"isPartOf\":{\"@id\":\"https:\\\/\\\/dpress.ma\\\/fr\\\/2026\\\/03\\\/01\\\/trump-menace-de-frapper-liran-avec-une-force-sans-precedent-en-cas-de-represailles\\\/\"},\"author\":{\"name\":\"Dpress.ma\",\"@id\":\"https:\\\/\\\/dpress.ma\\\/fr\\\/#\\\/schema\\\/person\\\/4898febf3ccd59e6578d838656a306a0\"},\"headline\":\"Trump menace de frapper l\u2019Iran avec une \u201cforce sans pr\u00e9c\u00e9dent\u201d en cas de repr\u00e9sailles\",\"datePublished\":\"2026-03-01T11:07:00+00:00\",\"dateModified\":\"2026-03-01T22:28:25+00:00\",\"mainEntityOfPage\":{\"@id\":\"https:\\\/\\\/dpress.ma\\\/fr\\\/2026\\\/03\\\/01\\\/trump-menace-de-frapper-liran-avec-une-force-sans-precedent-en-cas-de-represailles\\\/\"},\"wordCount\":202,\"commentCount\":0,\"image\":{\"@id\":\"https:\\\/\\\/dpress.ma\\\/fr\\\/2026\\\/03\\\/01\\\/trump-menace-de-frapper-liran-avec-une-force-sans-precedent-en-cas-de-represailles\\\/#primaryimage\"},\"thumbnailUrl\":\"https:\\\/\\\/dpress.ma\\\/fr\\\/wp-content\\\/uploads\\\/sites\\\/2\\\/2025\\\/05\\\/trump.png\",\"articleSection\":[\"monde\"],\"inLanguage\":\"fr-FR\",\"potentialAction\":[{\"@type\":\"CommentAction\",\"name\":\"Comment\",\"target\":[\"https:\\\/\\\/dpress.ma\\\/fr\\\/2026\\\/03\\\/01\\\/trump-menace-de-frapper-liran-avec-une-force-sans-precedent-en-cas-de-represailles\\\/#respond\"]}]},{\"@type\":\"WebPage\",\"@id\":\"https:\\\/\\\/dpress.ma\\\/fr\\\/2026\\\/03\\\/01\\\/trump-menace-de-frapper-liran-avec-une-force-sans-precedent-en-cas-de-represailles\\\/\",\"url\":\"https:\\\/\\\/dpress.ma\\\/fr\\\/2026\\\/03\\\/01\\\/trump-menace-de-frapper-liran-avec-une-force-sans-precedent-en-cas-de-represailles\\\/\",\"name\":\"Trump menace de frapper l\u2019Iran avec une \u201cforce sans pr\u00e9c\u00e9dent\u201d en cas de repr\u00e9sailles - Dpress.ma\\\/fr\",\"isPartOf\":{\"@id\":\"https:\\\/\\\/dpress.ma\\\/fr\\\/#website\"},\"primaryImageOfPage\":{\"@id\":\"https:\\\/\\\/dpress.ma\\\/fr\\\/2026\\\/03\\\/01\\\/trump-menace-de-frapper-liran-avec-une-force-sans-precedent-en-cas-de-represailles\\\/#primaryimage\"},\"image\":{\"@id\":\"https:\\\/\\\/dpress.ma\\\/fr\\\/2026\\\/03\\\/01\\\/trump-menace-de-frapper-liran-avec-une-force-sans-precedent-en-cas-de-represailles\\\/#primaryimage\"},\"thumbnailUrl\":\"https:\\\/\\\/dpress.ma\\\/fr\\\/wp-content\\\/uploads\\\/sites\\\/2\\\/2025\\\/05\\\/trump.png\",\"datePublished\":\"2026-03-01T11:07:00+00:00\",\"dateModified\":\"2026-03-01T22:28:25+00:00\",\"author\":{\"@id\":\"https:\\\/\\\/dpress.ma\\\/fr\\\/#\\\/schema\\\/person\\\/4898febf3ccd59e6578d838656a306a0\"},\"breadcrumb\":{\"@id\":\"https:\\\/\\\/dpress.ma\\\/fr\\\/2026\\\/03\\\/01\\\/trump-menace-de-frapper-liran-avec-une-force-sans-precedent-en-cas-de-represailles\\\/#breadcrumb\"},\"inLanguage\":\"fr-FR\",\"potentialAction\":[{\"@type\":\"ReadAction\",\"target\":[\"https:\\\/\\\/dpress.ma\\\/fr\\\/2026\\\/03\\\/01\\\/trump-menace-de-frapper-liran-avec-une-force-sans-precedent-en-cas-de-represailles\\\/\"]}]},{\"@type\":\"ImageObject\",\"inLanguage\":\"fr-FR\",\"@id\":\"https:\\\/\\\/dpress.ma\\\/fr\\\/2026\\\/03\\\/01\\\/trump-menace-de-frapper-liran-avec-une-force-sans-precedent-en-cas-de-represailles\\\/#primaryimage\",\"url\":\"https:\\\/\\\/dpress.ma\\\/fr\\\/wp-content\\\/uploads\\\/sites\\\/2\\\/2025\\\/05\\\/trump.png\",\"contentUrl\":\"https:\\\/\\\/dpress.ma\\\/fr\\\/wp-content\\\/uploads\\\/sites\\\/2\\\/2025\\\/05\\\/trump.png\",\"width\":780,\"height\":470},{\"@type\":\"BreadcrumbList\",\"@id\":\"https:\\\/\\\/dpress.ma\\\/fr\\\/2026\\\/03\\\/01\\\/trump-menace-de-frapper-liran-avec-une-force-sans-precedent-en-cas-de-represailles\\\/#breadcrumb\",\"itemListElement\":[{\"@type\":\"ListItem\",\"position\":1,\"name\":\"Home\",\"item\":\"https:\\\/\\\/dpress.ma\\\/fr\\\/\"},{\"@type\":\"ListItem\",\"position\":2,\"name\":\"Trump menace de frapper l\u2019Iran avec une \u201cforce sans pr\u00e9c\u00e9dent\u201d en cas de repr\u00e9sailles\"}]},{\"@type\":\"WebSite\",\"@id\":\"https:\\\/\\\/dpress.ma\\\/fr\\\/#website\",\"url\":\"https:\\\/\\\/dpress.ma\\\/fr\\\/\",\"name\":\"Dpress.ma\\\/fr\",\"description\":\"\",\"potentialAction\":[{\"@type\":\"SearchAction\",\"target\":{\"@type\":\"EntryPoint\",\"urlTemplate\":\"https:\\\/\\\/dpress.ma\\\/fr\\\/?s={search_term_string}\"},\"query-input\":{\"@type\":\"PropertyValueSpecification\",\"valueRequired\":true,\"valueName\":\"search_term_string\"}}],\"inLanguage\":\"fr-FR\"},{\"@type\":\"Person\",\"@id\":\"https:\\\/\\\/dpress.ma\\\/fr\\\/#\\\/schema\\\/person\\\/4898febf3ccd59e6578d838656a306a0\",\"name\":\"Dpress.ma\",\"image\":{\"@type\":\"ImageObject\",\"inLanguage\":\"fr-FR\",\"@id\":\"https:\\\/\\\/secure.gravatar.com\\\/avatar\\\/72ecc30e9db047a2e0e7176561eb9d564ed77c8108376495b19bd8336405198a?s=96&d=mm&r=g\",\"url\":\"https:\\\/\\\/secure.gravatar.com\\\/avatar\\\/72ecc30e9db047a2e0e7176561eb9d564ed77c8108376495b19bd8336405198a?s=96&d=mm&r=g\",\"contentUrl\":\"https:\\\/\\\/secure.gravatar.com\\\/avatar\\\/72ecc30e9db047a2e0e7176561eb9d564ed77c8108376495b19bd8336405198a?s=96&d=mm&r=g\",\"caption\":\"Dpress.ma\"},\"sameAs\":[\"https:\\\/\\\/www.dpress.ma\"],\"url\":\"https:\\\/\\\/dpress.ma\\\/fr\\\/author\\\/dpress-ma\\\/\"}]}<\/script>\n<!-- \/ Yoast SEO plugin. -->","yoast_head_json":{"title":"Trump menace de frapper l\u2019Iran avec une \u201cforce sans pr\u00e9c\u00e9dent\u201d en cas de repr\u00e9sailles - Dpress.ma\/fr","robots":{"index":"index","follow":"follow","max-snippet":"max-snippet:-1","max-image-preview":"max-image-preview:large","max-video-preview":"max-video-preview:-1"},"canonical":"https:\/\/dpress.ma\/fr\/2026\/03\/01\/trump-menace-de-frapper-liran-avec-une-force-sans-precedent-en-cas-de-represailles\/","og_locale":"fr_FR","og_type":"article","og_title":"Trump menace de frapper l\u2019Iran avec une \u201cforce sans pr\u00e9c\u00e9dent\u201d en cas de repr\u00e9sailles - Dpress.ma\/fr","og_description":"Dpress Le pr\u00e9sident Donald Trump a menac\u00e9 dimanche de frapper l\u2019Iran avec une \u201cforce sans pr\u00e9c\u00e9dent\u201d en cas de repr\u00e9sailles apr\u00e8s la mort du guide supr\u00eame iranien Ali Khamenei dans les frappes men\u00e9es la veille par les Etats-Unis et Isra\u00ebl. \u201cL\u2019Iran vient de d\u00e9clarer qu\u2019il allait frapper tr\u00e8s fort aujourd\u2019hui, plus fort qu\u2019il ne l\u2019a &hellip;","og_url":"https:\/\/dpress.ma\/fr\/2026\/03\/01\/trump-menace-de-frapper-liran-avec-une-force-sans-precedent-en-cas-de-represailles\/","og_site_name":"Dpress.ma\/fr","article_published_time":"2026-03-01T11:07:00+00:00","article_modified_time":"2026-03-01T22:28:25+00:00","og_image":[{"width":780,"height":470,"url":"https:\/\/dpress.ma\/fr\/wp-content\/uploads\/sites\/2\/2025\/05\/trump.png","type":"image\/png"}],"author":"Dpress.ma","twitter_card":"summary_large_image","twitter_misc":{"\u00c9crit par":"Dpress.ma","Dur\u00e9e de lecture estim\u00e9e":"1 minute"},"schema":{"@context":"https:\/\/schema.org","@graph":[{"@type":"Article","@id":"https:\/\/dpress.ma\/fr\/2026\/03\/01\/trump-menace-de-frapper-liran-avec-une-force-sans-precedent-en-cas-de-represailles\/#article","isPartOf":{"@id":"https:\/\/dpress.ma\/fr\/2026\/03\/01\/trump-menace-de-frapper-liran-avec-une-force-sans-precedent-en-cas-de-represailles\/"},"author":{"name":"Dpress.ma","@id":"https:\/\/dpress.ma\/fr\/#\/schema\/person\/4898febf3ccd59e6578d838656a306a0"},"headline":"Trump menace de frapper l\u2019Iran avec une \u201cforce sans pr\u00e9c\u00e9dent\u201d en cas de repr\u00e9sailles","datePublished":"2026-03-01T11:07:00+00:00","dateModified":"2026-03-01T22:28:25+00:00","mainEntityOfPage":{"@id":"https:\/\/dpress.ma\/fr\/2026\/03\/01\/trump-menace-de-frapper-liran-avec-une-force-sans-precedent-en-cas-de-represailles\/"},"wordCount":202,"commentCount":0,"image":{"@id":"https:\/\/dpress.ma\/fr\/2026\/03\/01\/trump-menace-de-frapper-liran-avec-une-force-sans-precedent-en-cas-de-represailles\/#primaryimage"},"thumbnailUrl":"https:\/\/dpress.ma\/fr\/wp-content\/uploads\/sites\/2\/2025\/05\/trump.png","articleSection":["monde"],"inLanguage":"fr-FR","potentialAction":[{"@type":"CommentAction","name":"Comment","target":["https:\/\/dpress.ma\/fr\/2026\/03\/01\/trump-menace-de-frapper-liran-avec-une-force-sans-precedent-en-cas-de-represailles\/#respond"]}]},{"@type":"WebPage","@id":"https:\/\/dpress.ma\/fr\/2026\/03\/01\/trump-menace-de-frapper-liran-avec-une-force-sans-precedent-en-cas-de-represailles\/","url":"https:\/\/dpress.ma\/fr\/2026\/03\/01\/trump-menace-de-frapper-liran-avec-une-force-sans-precedent-en-cas-de-represailles\/","name":"Trump menace de frapper l\u2019Iran avec une \u201cforce sans pr\u00e9c\u00e9dent\u201d en cas de repr\u00e9sailles - Dpress.ma\/fr","isPartOf":{"@id":"https:\/\/dpress.ma\/fr\/#website"},"primaryImageOfPage":{"@id":"https:\/\/dpress.ma\/fr\/2026\/03\/01\/trump-menace-de-frapper-liran-avec-une-force-sans-precedent-en-cas-de-represailles\/#primaryimage"},"image":{"@id":"https:\/\/dpress.ma\/fr\/2026\/03\/01\/trump-menace-de-frapper-liran-avec-une-force-sans-precedent-en-cas-de-represailles\/#primaryimage"},"thumbnailUrl":"https:\/\/dpress.ma\/fr\/wp-content\/uploads\/sites\/2\/2025\/05\/trump.png","datePublished":"2026-03-01T11:07:00+00:00","dateModified":"2026-03-01T22:28:25+00:00","author":{"@id":"https:\/\/dpress.ma\/fr\/#\/schema\/person\/4898febf3ccd59e6578d838656a306a0"},"breadcrumb":{"@id":"https:\/\/dpress.ma\/fr\/2026\/03\/01\/trump-menace-de-frapper-liran-avec-une-force-sans-precedent-en-cas-de-represailles\/#breadcrumb"},"inLanguage":"fr-FR","potentialAction":[{"@type":"ReadAction","target":["https:\/\/dpress.ma\/fr\/2026\/03\/01\/trump-menace-de-frapper-liran-avec-une-force-sans-precedent-en-cas-de-represailles\/"]}]},{"@type":"ImageObject","inLanguage":"fr-FR","@id":"https:\/\/dpress.ma\/fr\/2026\/03\/01\/trump-menace-de-frapper-liran-avec-une-force-sans-precedent-en-cas-de-represailles\/#primaryimage","url":"https:\/\/dpress.ma\/fr\/wp-content\/uploads\/sites\/2\/2025\/05\/trump.png","contentUrl":"https:\/\/dpress.ma\/fr\/wp-content\/uploads\/sites\/2\/2025\/05\/trump.png","width":780,"height":470},{"@type":"BreadcrumbList","@id":"https:\/\/dpress.ma\/fr\/2026\/03\/01\/trump-menace-de-frapper-liran-avec-une-force-sans-precedent-en-cas-de-represailles\/#breadcrumb","itemListElement":[{"@type":"ListItem","position":1,"name":"Home","item":"https:\/\/dpress.ma\/fr\/"},{"@type":"ListItem","position":2,"name":"Trump menace de frapper l\u2019Iran avec une \u201cforce sans pr\u00e9c\u00e9dent\u201d en cas de repr\u00e9sailles"}]},{"@type":"WebSite","@id":"https:\/\/dpress.ma\/fr\/#website","url":"https:\/\/dpress.ma\/fr\/","name":"Dpress.ma\/fr","description":"","potentialAction":[{"@type":"SearchAction","target":{"@type":"EntryPoint","urlTemplate":"https:\/\/dpress.ma\/fr\/?s={search_term_string}"},"query-input":{"@type":"PropertyValueSpecification","valueRequired":true,"valueName":"search_term_string"}}],"inLanguage":"fr-FR"},{"@type":"Person","@id":"https:\/\/dpress.ma\/fr\/#\/schema\/person\/4898febf3ccd59e6578d838656a306a0","name":"Dpress.ma","image":{"@type":"ImageObject","inLanguage":"fr-FR","@id":"https:\/\/secure.gravatar.com\/avatar\/72ecc30e9db047a2e0e7176561eb9d564ed77c8108376495b19bd8336405198a?s=96&d=mm&r=g","url":"https:\/\/secure.gravatar.com\/avatar\/72ecc30e9db047a2e0e7176561eb9d564ed77c8108376495b19bd8336405198a?s=96&d=mm&r=g","contentUrl":"https:\/\/secure.gravatar.com\/avatar\/72ecc30e9db047a2e0e7176561eb9d564ed77c8108376495b19bd8336405198a?s=96&d=mm&r=g","caption":"Dpress.ma"},"sameAs":["https:\/\/www.dpress.ma"],"url":"https:\/\/dpress.ma\/fr\/author\/dpress-ma\/"}]}},"amp_enabled":true,"_links":{"self":[{"href":"https:\/\/dpress.ma\/fr\/wp-json\/wp\/v2\/posts\/24921","targetHints":{"allow":["GET"]}}],"collection":[{"href":"https:\/\/dpress.ma\/fr\/wp-json\/wp\/v2\/posts"}],"about":[{"href":"https:\/\/dpress.ma\/fr\/wp-json\/wp\/v2\/types\/post"}],"author":[{"embeddable":true,"href":"https:\/\/dpress.ma\/fr\/wp-json\/wp\/v2\/users\/2"}],"replies":[{"embeddable":true,"href":"https:\/\/dpress.ma\/fr\/wp-json\/wp\/v2\/comments?post=24921"}],"version-history":[{"count":1,"href":"https:\/\/dpress.ma\/fr\/wp-json\/wp\/v2\/posts\/24921\/revisions"}],"predecessor-version":[{"id":24922,"href":"https:\/\/dpress.ma\/fr\/wp-json\/wp\/v2\/posts\/24921\/revisions\/24922"}],"wp:featuredmedia":[{"embeddable":true,"href":"https:\/\/dpress.ma\/fr\/wp-json\/wp\/v2\/media\/14630"}],"wp:attachment":[{"href":"https:\/\/dpress.ma\/fr\/wp-json\/wp\/v2\/media?parent=24921"}],"wp:term":[{"taxonomy":"category","embeddable":true,"href":"https:\/\/dpress.ma\/fr\/wp-json\/wp\/v2\/categories?post=24921"},{"taxonomy":"post_tag","embeddable":true,"href":"https:\/\/dpress.ma\/fr\/wp-json\/wp\/v2\/tags?post=24921"}],"curies":[{"name":"wp","href":"https:\/\/api.w.org\/{rel}","templated":true}]}}