{"id":24917,"date":"2026-03-01T15:15:00","date_gmt":"2026-03-01T15:15:00","guid":{"rendered":"https:\/\/dpress.ma\/fr\/?p=24917"},"modified":"2026-03-01T22:25:31","modified_gmt":"2026-03-01T22:25:31","slug":"celebration-de-la-journee-mondiale-de-la-protection-civile-sous-le-theme-gerer-les-risques-environnementaux-pour-un-avenir-resilient-et-durable","status":"publish","type":"post","link":"https:\/\/dpress.ma\/fr\/2026\/03\/01\/celebration-de-la-journee-mondiale-de-la-protection-civile-sous-le-theme-gerer-les-risques-environnementaux-pour-un-avenir-resilient-et-durable\/","title":{"rendered":"C\u00e9l\u00e9bration de la Journ\u00e9e mondiale de la Protection civile sous le th\u00e8me \u201cG\u00e9rer les risques environnementaux pour un avenir r\u00e9silient et durable\u201d"},"content":{"rendered":"\n<p>Dpress<\/p>\n\n\n\n<p>&nbsp;La Direction g\u00e9n\u00e9rale de la Protection civile comm\u00e9more, dimanche, la Journ\u00e9e mondiale de la Protection civile, sous le th\u00e8me \u201cG\u00e9rer les risques environnementaux pour un avenir r\u00e9silient et durable\u201d, retenu par l\u2019Organisation Internationale de la Protection Civile.<\/p>\n\n\n\n<p>Cette c\u00e9l\u00e9bration met en lumi\u00e8re les enjeux croissants li\u00e9s aux risques environnementaux, et intervient dans un contexte marqu\u00e9 par la recrudescence des catastrophes naturelles li\u00e9es au d\u00e9r\u00e8glement climatique, notamment les r\u00e9centes inondations ayant touch\u00e9 plusieurs \u00c9tats, y compris le Maroc, indique la&nbsp;Direction g\u00e9n\u00e9rale de la Protection civile dans&nbsp;un communiqu\u00e9.<\/p>\n\n\n\n<p>Face \u00e0 l\u2019ampleur et \u00e0 la diversit\u00e9 des situations d\u2019urgence g\u00e9n\u00e9r\u00e9es notamment par les changements climatiques, une gestion int\u00e9gr\u00e9e et une coordination renforc\u00e9e entre les diff\u00e9rents acteurs s\u2019imposent, souligne la m\u00eame source, notant que cette approche concert\u00e9e est essentielle pour r\u00e9duire l\u2019impact des catastrophes et consolider les fondements d\u2019un avenir durable, r\u00e9silient et s\u00fbr.<\/p>\n\n\n\n<p>Dans cette perspective, la Direction r\u00e9affirme son engagement ind\u00e9fectible en faveur du renforcement des m\u00e9canismes de gestion des risques et d\u2019intervention, ainsi que de la promotion d\u2019une culture de pr\u00e9vention et de r\u00e9silience au sein de la population.<\/p>\n\n\n\n<p>\u00c0 ce titre, la comm\u00e9moration de cette journ\u00e9e constitue une occasion privil\u00e9gi\u00e9e pour rappeler au grand public le r\u00f4le strat\u00e9gique de la Protection Civile, dont l\u2019action couvre la pr\u00e9vention des risques, la pr\u00e9paration et la gestion efficiente des situations d\u2019urgence ainsi que la conduite des op\u00e9rations de secours et d\u2019assistance. Ces missions s\u2019inscrivent aussi bien dans son cadre statuaire de protection des personnes, des biens et de l\u2019environnement, que dans le cadre de la mobilisation nationale lors de catastrophes de grande ampleur.<\/p>\n\n\n\n<p>Par ailleurs, des journ\u00e9es portes ouvertes seront organis\u00e9es les 1er et 2 mars 2026 au niveau des unit\u00e9s de la Protection Civile du Royaume. Le programme comprendra la pr\u00e9sentation des moyens logistiques et des \u00e9quipements sp\u00e9cialis\u00e9s, des d\u00e9monstrations op\u00e9rationnelles, des exercices simulant des interventions de secours, de sauvetage et d\u2019extinction de feux, ainsi que l\u2019animation des s\u00e9ances d\u2019initiation au secourisme au profit des citoyens.<\/p>\n\n\n\n<p>Des activit\u00e9s de sensibilisation et de communication sont \u00e9galement pr\u00e9vues afin de promouvoir la vigilance et la responsabilit\u00e9 citoyenne, piliers d\u2019une soci\u00e9t\u00e9 plus s\u00fbre, plus r\u00e9siliente et mieux pr\u00e9par\u00e9e aux d\u00e9fis de demain, conclut le communiqu\u00e9.<\/p>\n","protected":false},"excerpt":{"rendered":"<p>Dpress &nbsp;La Direction g\u00e9n\u00e9rale de la Protection civile comm\u00e9more, dimanche, la Journ\u00e9e mondiale de la Protection civile, sous le th\u00e8me \u201cG\u00e9rer les risques environnementaux pour un avenir r\u00e9silient et durable\u201d, retenu par l\u2019Organisation Internationale de la Protection Civile. Cette c\u00e9l\u00e9bration met en lumi\u00e8re les enjeux croissants li\u00e9s aux risques environnementaux, et intervient dans un contexte &hellip;<\/p>\n","protected":false},"author":2,"featured_media":12904,"comment_status":"open","ping_status":"open","sticky":false,"template":"","format":"standard","meta":{"footnotes":""},"categories":[40],"tags":[],"class_list":["post-24917","post","type-post","status-publish","format-standard","has-post-thumbnail","hentry","category-societe-et-regions"],"yoast_head":"<!-- This site is optimized with the Yoast SEO plugin v27.5 - https:\/\/yoast.com\/product\/yoast-seo-wordpress\/ -->\n<title>C\u00e9l\u00e9bration de la Journ\u00e9e mondiale de la Protection civile sous le th\u00e8me \u201cG\u00e9rer les risques environnementaux pour un avenir r\u00e9silient et durable\u201d - Dpress.ma\/fr<\/title>\n<meta name=\"robots\" content=\"index, follow, max-snippet:-1, max-image-preview:large, max-video-preview:-1\" \/>\n<link rel=\"canonical\" href=\"https:\/\/dpress.ma\/fr\/2026\/03\/01\/celebration-de-la-journee-mondiale-de-la-protection-civile-sous-le-theme-gerer-les-risques-environnementaux-pour-un-avenir-resilient-et-durable\/\" \/>\n<meta property=\"og:locale\" content=\"fr_FR\" \/>\n<meta property=\"og:type\" content=\"article\" \/>\n<meta property=\"og:title\" content=\"C\u00e9l\u00e9bration de la Journ\u00e9e mondiale de la Protection civile sous le th\u00e8me \u201cG\u00e9rer les risques environnementaux pour un avenir r\u00e9silient et durable\u201d - Dpress.ma\/fr\" \/>\n<meta property=\"og:description\" content=\"Dpress &nbsp;La Direction g\u00e9n\u00e9rale de la Protection civile comm\u00e9more, dimanche, la Journ\u00e9e mondiale de la Protection civile, sous le th\u00e8me \u201cG\u00e9rer les risques environnementaux pour un avenir r\u00e9silient et durable\u201d, retenu par l\u2019Organisation Internationale de la Protection Civile. Cette c\u00e9l\u00e9bration met en lumi\u00e8re les enjeux croissants li\u00e9s aux risques environnementaux, et intervient dans un contexte &hellip;\" \/>\n<meta property=\"og:url\" content=\"https:\/\/dpress.ma\/fr\/2026\/03\/01\/celebration-de-la-journee-mondiale-de-la-protection-civile-sous-le-theme-gerer-les-risques-environnementaux-pour-un-avenir-resilient-et-durable\/\" \/>\n<meta property=\"og:site_name\" content=\"Dpress.ma\/fr\" \/>\n<meta property=\"article:published_time\" content=\"2026-03-01T15:15:00+00:00\" \/>\n<meta property=\"article:modified_time\" content=\"2026-03-01T22:25:31+00:00\" \/>\n<meta property=\"og:image\" content=\"https:\/\/dpress.ma\/fr\/wp-content\/uploads\/sites\/2\/2025\/03\/PROTECTION-CIVILE.png\" \/>\n\t<meta property=\"og:image:width\" content=\"780\" \/>\n\t<meta property=\"og:image:height\" content=\"470\" \/>\n\t<meta property=\"og:image:type\" content=\"image\/png\" \/>\n<meta name=\"author\" content=\"Dpress.ma\" \/>\n<meta name=\"twitter:card\" content=\"summary_large_image\" \/>\n<meta name=\"twitter:label1\" content=\"\u00c9crit par\" \/>\n\t<meta name=\"twitter:data1\" content=\"Dpress.ma\" \/>\n\t<meta name=\"twitter:label2\" content=\"Dur\u00e9e de lecture estim\u00e9e\" \/>\n\t<meta name=\"twitter:data2\" content=\"3 minutes\" \/>\n<script type=\"application\/ld+json\" class=\"yoast-schema-graph\">{\"@context\":\"https:\\\/\\\/schema.org\",\"@graph\":[{\"@type\":\"Article\",\"@id\":\"https:\\\/\\\/dpress.ma\\\/fr\\\/2026\\\/03\\\/01\\\/celebration-de-la-journee-mondiale-de-la-protection-civile-sous-le-theme-gerer-les-risques-environnementaux-pour-un-avenir-resilient-et-durable\\\/#article\",\"isPartOf\":{\"@id\":\"https:\\\/\\\/dpress.ma\\\/fr\\\/2026\\\/03\\\/01\\\/celebration-de-la-journee-mondiale-de-la-protection-civile-sous-le-theme-gerer-les-risques-environnementaux-pour-un-avenir-resilient-et-durable\\\/\"},\"author\":{\"name\":\"Dpress.ma\",\"@id\":\"https:\\\/\\\/dpress.ma\\\/fr\\\/#\\\/schema\\\/person\\\/4898febf3ccd59e6578d838656a306a0\"},\"headline\":\"C\u00e9l\u00e9bration de la Journ\u00e9e mondiale de la Protection civile sous le th\u00e8me \u201cG\u00e9rer les risques environnementaux pour un avenir r\u00e9silient et durable\u201d\",\"datePublished\":\"2026-03-01T15:15:00+00:00\",\"dateModified\":\"2026-03-01T22:25:31+00:00\",\"mainEntityOfPage\":{\"@id\":\"https:\\\/\\\/dpress.ma\\\/fr\\\/2026\\\/03\\\/01\\\/celebration-de-la-journee-mondiale-de-la-protection-civile-sous-le-theme-gerer-les-risques-environnementaux-pour-un-avenir-resilient-et-durable\\\/\"},\"wordCount\":466,\"commentCount\":0,\"image\":{\"@id\":\"https:\\\/\\\/dpress.ma\\\/fr\\\/2026\\\/03\\\/01\\\/celebration-de-la-journee-mondiale-de-la-protection-civile-sous-le-theme-gerer-les-risques-environnementaux-pour-un-avenir-resilient-et-durable\\\/#primaryimage\"},\"thumbnailUrl\":\"https:\\\/\\\/dpress.ma\\\/fr\\\/wp-content\\\/uploads\\\/sites\\\/2\\\/2025\\\/03\\\/PROTECTION-CIVILE.png\",\"articleSection\":[\"societe et regions\"],\"inLanguage\":\"fr-FR\",\"potentialAction\":[{\"@type\":\"CommentAction\",\"name\":\"Comment\",\"target\":[\"https:\\\/\\\/dpress.ma\\\/fr\\\/2026\\\/03\\\/01\\\/celebration-de-la-journee-mondiale-de-la-protection-civile-sous-le-theme-gerer-les-risques-environnementaux-pour-un-avenir-resilient-et-durable\\\/#respond\"]}]},{\"@type\":\"WebPage\",\"@id\":\"https:\\\/\\\/dpress.ma\\\/fr\\\/2026\\\/03\\\/01\\\/celebration-de-la-journee-mondiale-de-la-protection-civile-sous-le-theme-gerer-les-risques-environnementaux-pour-un-avenir-resilient-et-durable\\\/\",\"url\":\"https:\\\/\\\/dpress.ma\\\/fr\\\/2026\\\/03\\\/01\\\/celebration-de-la-journee-mondiale-de-la-protection-civile-sous-le-theme-gerer-les-risques-environnementaux-pour-un-avenir-resilient-et-durable\\\/\",\"name\":\"C\u00e9l\u00e9bration de la Journ\u00e9e mondiale de la Protection civile sous le th\u00e8me \u201cG\u00e9rer les risques environnementaux pour un avenir r\u00e9silient et durable\u201d - Dpress.ma\\\/fr\",\"isPartOf\":{\"@id\":\"https:\\\/\\\/dpress.ma\\\/fr\\\/#website\"},\"primaryImageOfPage\":{\"@id\":\"https:\\\/\\\/dpress.ma\\\/fr\\\/2026\\\/03\\\/01\\\/celebration-de-la-journee-mondiale-de-la-protection-civile-sous-le-theme-gerer-les-risques-environnementaux-pour-un-avenir-resilient-et-durable\\\/#primaryimage\"},\"image\":{\"@id\":\"https:\\\/\\\/dpress.ma\\\/fr\\\/2026\\\/03\\\/01\\\/celebration-de-la-journee-mondiale-de-la-protection-civile-sous-le-theme-gerer-les-risques-environnementaux-pour-un-avenir-resilient-et-durable\\\/#primaryimage\"},\"thumbnailUrl\":\"https:\\\/\\\/dpress.ma\\\/fr\\\/wp-content\\\/uploads\\\/sites\\\/2\\\/2025\\\/03\\\/PROTECTION-CIVILE.png\",\"datePublished\":\"2026-03-01T15:15:00+00:00\",\"dateModified\":\"2026-03-01T22:25:31+00:00\",\"author\":{\"@id\":\"https:\\\/\\\/dpress.ma\\\/fr\\\/#\\\/schema\\\/person\\\/4898febf3ccd59e6578d838656a306a0\"},\"breadcrumb\":{\"@id\":\"https:\\\/\\\/dpress.ma\\\/fr\\\/2026\\\/03\\\/01\\\/celebration-de-la-journee-mondiale-de-la-protection-civile-sous-le-theme-gerer-les-risques-environnementaux-pour-un-avenir-resilient-et-durable\\\/#breadcrumb\"},\"inLanguage\":\"fr-FR\",\"potentialAction\":[{\"@type\":\"ReadAction\",\"target\":[\"https:\\\/\\\/dpress.ma\\\/fr\\\/2026\\\/03\\\/01\\\/celebration-de-la-journee-mondiale-de-la-protection-civile-sous-le-theme-gerer-les-risques-environnementaux-pour-un-avenir-resilient-et-durable\\\/\"]}]},{\"@type\":\"ImageObject\",\"inLanguage\":\"fr-FR\",\"@id\":\"https:\\\/\\\/dpress.ma\\\/fr\\\/2026\\\/03\\\/01\\\/celebration-de-la-journee-mondiale-de-la-protection-civile-sous-le-theme-gerer-les-risques-environnementaux-pour-un-avenir-resilient-et-durable\\\/#primaryimage\",\"url\":\"https:\\\/\\\/dpress.ma\\\/fr\\\/wp-content\\\/uploads\\\/sites\\\/2\\\/2025\\\/03\\\/PROTECTION-CIVILE.png\",\"contentUrl\":\"https:\\\/\\\/dpress.ma\\\/fr\\\/wp-content\\\/uploads\\\/sites\\\/2\\\/2025\\\/03\\\/PROTECTION-CIVILE.png\",\"width\":780,\"height\":470},{\"@type\":\"BreadcrumbList\",\"@id\":\"https:\\\/\\\/dpress.ma\\\/fr\\\/2026\\\/03\\\/01\\\/celebration-de-la-journee-mondiale-de-la-protection-civile-sous-le-theme-gerer-les-risques-environnementaux-pour-un-avenir-resilient-et-durable\\\/#breadcrumb\",\"itemListElement\":[{\"@type\":\"ListItem\",\"position\":1,\"name\":\"Home\",\"item\":\"https:\\\/\\\/dpress.ma\\\/fr\\\/\"},{\"@type\":\"ListItem\",\"position\":2,\"name\":\"C\u00e9l\u00e9bration de la Journ\u00e9e mondiale de la Protection civile sous le th\u00e8me \u201cG\u00e9rer les risques environnementaux pour un avenir r\u00e9silient et durable\u201d\"}]},{\"@type\":\"WebSite\",\"@id\":\"https:\\\/\\\/dpress.ma\\\/fr\\\/#website\",\"url\":\"https:\\\/\\\/dpress.ma\\\/fr\\\/\",\"name\":\"Dpress.ma\\\/fr\",\"description\":\"\",\"potentialAction\":[{\"@type\":\"SearchAction\",\"target\":{\"@type\":\"EntryPoint\",\"urlTemplate\":\"https:\\\/\\\/dpress.ma\\\/fr\\\/?s={search_term_string}\"},\"query-input\":{\"@type\":\"PropertyValueSpecification\",\"valueRequired\":true,\"valueName\":\"search_term_string\"}}],\"inLanguage\":\"fr-FR\"},{\"@type\":\"Person\",\"@id\":\"https:\\\/\\\/dpress.ma\\\/fr\\\/#\\\/schema\\\/person\\\/4898febf3ccd59e6578d838656a306a0\",\"name\":\"Dpress.ma\",\"image\":{\"@type\":\"ImageObject\",\"inLanguage\":\"fr-FR\",\"@id\":\"https:\\\/\\\/secure.gravatar.com\\\/avatar\\\/72ecc30e9db047a2e0e7176561eb9d564ed77c8108376495b19bd8336405198a?s=96&d=mm&r=g\",\"url\":\"https:\\\/\\\/secure.gravatar.com\\\/avatar\\\/72ecc30e9db047a2e0e7176561eb9d564ed77c8108376495b19bd8336405198a?s=96&d=mm&r=g\",\"contentUrl\":\"https:\\\/\\\/secure.gravatar.com\\\/avatar\\\/72ecc30e9db047a2e0e7176561eb9d564ed77c8108376495b19bd8336405198a?s=96&d=mm&r=g\",\"caption\":\"Dpress.ma\"},\"sameAs\":[\"https:\\\/\\\/www.dpress.ma\"],\"url\":\"https:\\\/\\\/dpress.ma\\\/fr\\\/author\\\/dpress-ma\\\/\"}]}<\/script>\n<!-- \/ Yoast SEO plugin. -->","yoast_head_json":{"title":"C\u00e9l\u00e9bration de la Journ\u00e9e mondiale de la Protection civile sous le th\u00e8me \u201cG\u00e9rer les risques environnementaux pour un avenir r\u00e9silient et durable\u201d - Dpress.ma\/fr","robots":{"index":"index","follow":"follow","max-snippet":"max-snippet:-1","max-image-preview":"max-image-preview:large","max-video-preview":"max-video-preview:-1"},"canonical":"https:\/\/dpress.ma\/fr\/2026\/03\/01\/celebration-de-la-journee-mondiale-de-la-protection-civile-sous-le-theme-gerer-les-risques-environnementaux-pour-un-avenir-resilient-et-durable\/","og_locale":"fr_FR","og_type":"article","og_title":"C\u00e9l\u00e9bration de la Journ\u00e9e mondiale de la Protection civile sous le th\u00e8me \u201cG\u00e9rer les risques environnementaux pour un avenir r\u00e9silient et durable\u201d - Dpress.ma\/fr","og_description":"Dpress &nbsp;La Direction g\u00e9n\u00e9rale de la Protection civile comm\u00e9more, dimanche, la Journ\u00e9e mondiale de la Protection civile, sous le th\u00e8me \u201cG\u00e9rer les risques environnementaux pour un avenir r\u00e9silient et durable\u201d, retenu par l\u2019Organisation Internationale de la Protection Civile. Cette c\u00e9l\u00e9bration met en lumi\u00e8re les enjeux croissants li\u00e9s aux risques environnementaux, et intervient dans un contexte &hellip;","og_url":"https:\/\/dpress.ma\/fr\/2026\/03\/01\/celebration-de-la-journee-mondiale-de-la-protection-civile-sous-le-theme-gerer-les-risques-environnementaux-pour-un-avenir-resilient-et-durable\/","og_site_name":"Dpress.ma\/fr","article_published_time":"2026-03-01T15:15:00+00:00","article_modified_time":"2026-03-01T22:25:31+00:00","og_image":[{"width":780,"height":470,"url":"https:\/\/dpress.ma\/fr\/wp-content\/uploads\/sites\/2\/2025\/03\/PROTECTION-CIVILE.png","type":"image\/png"}],"author":"Dpress.ma","twitter_card":"summary_large_image","twitter_misc":{"\u00c9crit par":"Dpress.ma","Dur\u00e9e de lecture estim\u00e9e":"3 minutes"},"schema":{"@context":"https:\/\/schema.org","@graph":[{"@type":"Article","@id":"https:\/\/dpress.ma\/fr\/2026\/03\/01\/celebration-de-la-journee-mondiale-de-la-protection-civile-sous-le-theme-gerer-les-risques-environnementaux-pour-un-avenir-resilient-et-durable\/#article","isPartOf":{"@id":"https:\/\/dpress.ma\/fr\/2026\/03\/01\/celebration-de-la-journee-mondiale-de-la-protection-civile-sous-le-theme-gerer-les-risques-environnementaux-pour-un-avenir-resilient-et-durable\/"},"author":{"name":"Dpress.ma","@id":"https:\/\/dpress.ma\/fr\/#\/schema\/person\/4898febf3ccd59e6578d838656a306a0"},"headline":"C\u00e9l\u00e9bration de la Journ\u00e9e mondiale de la Protection civile sous le th\u00e8me \u201cG\u00e9rer les risques environnementaux pour un avenir r\u00e9silient et durable\u201d","datePublished":"2026-03-01T15:15:00+00:00","dateModified":"2026-03-01T22:25:31+00:00","mainEntityOfPage":{"@id":"https:\/\/dpress.ma\/fr\/2026\/03\/01\/celebration-de-la-journee-mondiale-de-la-protection-civile-sous-le-theme-gerer-les-risques-environnementaux-pour-un-avenir-resilient-et-durable\/"},"wordCount":466,"commentCount":0,"image":{"@id":"https:\/\/dpress.ma\/fr\/2026\/03\/01\/celebration-de-la-journee-mondiale-de-la-protection-civile-sous-le-theme-gerer-les-risques-environnementaux-pour-un-avenir-resilient-et-durable\/#primaryimage"},"thumbnailUrl":"https:\/\/dpress.ma\/fr\/wp-content\/uploads\/sites\/2\/2025\/03\/PROTECTION-CIVILE.png","articleSection":["societe et regions"],"inLanguage":"fr-FR","potentialAction":[{"@type":"CommentAction","name":"Comment","target":["https:\/\/dpress.ma\/fr\/2026\/03\/01\/celebration-de-la-journee-mondiale-de-la-protection-civile-sous-le-theme-gerer-les-risques-environnementaux-pour-un-avenir-resilient-et-durable\/#respond"]}]},{"@type":"WebPage","@id":"https:\/\/dpress.ma\/fr\/2026\/03\/01\/celebration-de-la-journee-mondiale-de-la-protection-civile-sous-le-theme-gerer-les-risques-environnementaux-pour-un-avenir-resilient-et-durable\/","url":"https:\/\/dpress.ma\/fr\/2026\/03\/01\/celebration-de-la-journee-mondiale-de-la-protection-civile-sous-le-theme-gerer-les-risques-environnementaux-pour-un-avenir-resilient-et-durable\/","name":"C\u00e9l\u00e9bration de la Journ\u00e9e mondiale de la Protection civile sous le th\u00e8me \u201cG\u00e9rer les risques environnementaux pour un avenir r\u00e9silient et durable\u201d - Dpress.ma\/fr","isPartOf":{"@id":"https:\/\/dpress.ma\/fr\/#website"},"primaryImageOfPage":{"@id":"https:\/\/dpress.ma\/fr\/2026\/03\/01\/celebration-de-la-journee-mondiale-de-la-protection-civile-sous-le-theme-gerer-les-risques-environnementaux-pour-un-avenir-resilient-et-durable\/#primaryimage"},"image":{"@id":"https:\/\/dpress.ma\/fr\/2026\/03\/01\/celebration-de-la-journee-mondiale-de-la-protection-civile-sous-le-theme-gerer-les-risques-environnementaux-pour-un-avenir-resilient-et-durable\/#primaryimage"},"thumbnailUrl":"https:\/\/dpress.ma\/fr\/wp-content\/uploads\/sites\/2\/2025\/03\/PROTECTION-CIVILE.png","datePublished":"2026-03-01T15:15:00+00:00","dateModified":"2026-03-01T22:25:31+00:00","author":{"@id":"https:\/\/dpress.ma\/fr\/#\/schema\/person\/4898febf3ccd59e6578d838656a306a0"},"breadcrumb":{"@id":"https:\/\/dpress.ma\/fr\/2026\/03\/01\/celebration-de-la-journee-mondiale-de-la-protection-civile-sous-le-theme-gerer-les-risques-environnementaux-pour-un-avenir-resilient-et-durable\/#breadcrumb"},"inLanguage":"fr-FR","potentialAction":[{"@type":"ReadAction","target":["https:\/\/dpress.ma\/fr\/2026\/03\/01\/celebration-de-la-journee-mondiale-de-la-protection-civile-sous-le-theme-gerer-les-risques-environnementaux-pour-un-avenir-resilient-et-durable\/"]}]},{"@type":"ImageObject","inLanguage":"fr-FR","@id":"https:\/\/dpress.ma\/fr\/2026\/03\/01\/celebration-de-la-journee-mondiale-de-la-protection-civile-sous-le-theme-gerer-les-risques-environnementaux-pour-un-avenir-resilient-et-durable\/#primaryimage","url":"https:\/\/dpress.ma\/fr\/wp-content\/uploads\/sites\/2\/2025\/03\/PROTECTION-CIVILE.png","contentUrl":"https:\/\/dpress.ma\/fr\/wp-content\/uploads\/sites\/2\/2025\/03\/PROTECTION-CIVILE.png","width":780,"height":470},{"@type":"BreadcrumbList","@id":"https:\/\/dpress.ma\/fr\/2026\/03\/01\/celebration-de-la-journee-mondiale-de-la-protection-civile-sous-le-theme-gerer-les-risques-environnementaux-pour-un-avenir-resilient-et-durable\/#breadcrumb","itemListElement":[{"@type":"ListItem","position":1,"name":"Home","item":"https:\/\/dpress.ma\/fr\/"},{"@type":"ListItem","position":2,"name":"C\u00e9l\u00e9bration de la Journ\u00e9e mondiale de la Protection civile sous le th\u00e8me \u201cG\u00e9rer les risques environnementaux pour un avenir r\u00e9silient et durable\u201d"}]},{"@type":"WebSite","@id":"https:\/\/dpress.ma\/fr\/#website","url":"https:\/\/dpress.ma\/fr\/","name":"Dpress.ma\/fr","description":"","potentialAction":[{"@type":"SearchAction","target":{"@type":"EntryPoint","urlTemplate":"https:\/\/dpress.ma\/fr\/?s={search_term_string}"},"query-input":{"@type":"PropertyValueSpecification","valueRequired":true,"valueName":"search_term_string"}}],"inLanguage":"fr-FR"},{"@type":"Person","@id":"https:\/\/dpress.ma\/fr\/#\/schema\/person\/4898febf3ccd59e6578d838656a306a0","name":"Dpress.ma","image":{"@type":"ImageObject","inLanguage":"fr-FR","@id":"https:\/\/secure.gravatar.com\/avatar\/72ecc30e9db047a2e0e7176561eb9d564ed77c8108376495b19bd8336405198a?s=96&d=mm&r=g","url":"https:\/\/secure.gravatar.com\/avatar\/72ecc30e9db047a2e0e7176561eb9d564ed77c8108376495b19bd8336405198a?s=96&d=mm&r=g","contentUrl":"https:\/\/secure.gravatar.com\/avatar\/72ecc30e9db047a2e0e7176561eb9d564ed77c8108376495b19bd8336405198a?s=96&d=mm&r=g","caption":"Dpress.ma"},"sameAs":["https:\/\/www.dpress.ma"],"url":"https:\/\/dpress.ma\/fr\/author\/dpress-ma\/"}]}},"amp_enabled":true,"_links":{"self":[{"href":"https:\/\/dpress.ma\/fr\/wp-json\/wp\/v2\/posts\/24917","targetHints":{"allow":["GET"]}}],"collection":[{"href":"https:\/\/dpress.ma\/fr\/wp-json\/wp\/v2\/posts"}],"about":[{"href":"https:\/\/dpress.ma\/fr\/wp-json\/wp\/v2\/types\/post"}],"author":[{"embeddable":true,"href":"https:\/\/dpress.ma\/fr\/wp-json\/wp\/v2\/users\/2"}],"replies":[{"embeddable":true,"href":"https:\/\/dpress.ma\/fr\/wp-json\/wp\/v2\/comments?post=24917"}],"version-history":[{"count":1,"href":"https:\/\/dpress.ma\/fr\/wp-json\/wp\/v2\/posts\/24917\/revisions"}],"predecessor-version":[{"id":24918,"href":"https:\/\/dpress.ma\/fr\/wp-json\/wp\/v2\/posts\/24917\/revisions\/24918"}],"wp:featuredmedia":[{"embeddable":true,"href":"https:\/\/dpress.ma\/fr\/wp-json\/wp\/v2\/media\/12904"}],"wp:attachment":[{"href":"https:\/\/dpress.ma\/fr\/wp-json\/wp\/v2\/media?parent=24917"}],"wp:term":[{"taxonomy":"category","embeddable":true,"href":"https:\/\/dpress.ma\/fr\/wp-json\/wp\/v2\/categories?post=24917"},{"taxonomy":"post_tag","embeddable":true,"href":"https:\/\/dpress.ma\/fr\/wp-json\/wp\/v2\/tags?post=24917"}],"curies":[{"name":"wp","href":"https:\/\/api.w.org\/{rel}","templated":true}]}}