{"id":24914,"date":"2026-03-01T15:02:00","date_gmt":"2026-03-01T15:02:00","guid":{"rendered":"https:\/\/dpress.ma\/fr\/?p=24914"},"modified":"2026-03-01T22:24:13","modified_gmt":"2026-03-01T22:24:13","slug":"jordanie-interruption-de-lapprovisionnement-en-gaz-mediterraneen-en-raison-de-la-situation-regionale","status":"publish","type":"post","link":"https:\/\/dpress.ma\/fr\/2026\/03\/01\/jordanie-interruption-de-lapprovisionnement-en-gaz-mediterraneen-en-raison-de-la-situation-regionale\/","title":{"rendered":"Jordanie : Interruption de l\u2019approvisionnement en gaz m\u00e9diterran\u00e9en en raison de la situation r\u00e9gionale"},"content":{"rendered":"\n<p>Dpress<\/p>\n\n\n\n<p>&nbsp;Le ministre jordanien de l\u2019\u00c9nergie et des Ressources min\u00e9rales, Saleh Al-Kharabsheh, a annonc\u00e9, dimanche, l\u2019interruption de l\u2019approvisionnement du Royaume en gaz naturel provenant des champs gaziers de la M\u00e9diterran\u00e9e, en raison des d\u00e9veloppements li\u00e9s \u00e0 la guerre dans la r\u00e9gion.<\/p>\n\n\n\n<p>Dans une d\u00e9claration \u00e0 la presse, M. Al-Kharabsheh a expliqu\u00e9 que \u201cles \u00e9v\u00e9nements en cours dans la r\u00e9gion ont entra\u00een\u00e9 l\u2019arr\u00eat de l\u2019approvisionnement du Royaume en gaz naturel en provenance des champs gaziers m\u00e9diterran\u00e9ens, utilis\u00e9 pour la production d\u2019\u00e9lectricit\u00e9\u201d.<\/p>\n\n\n\n<p>Il a fait savoir que le plan d\u2019urgence approuv\u00e9 a \u00e9t\u00e9 imm\u00e9diatement mis en \u0153uvre, pr\u00e9cisant que \u201cle recours \u00e0 diverses alternatives \u00e9nerg\u00e9tiques a \u00e9t\u00e9 engag\u00e9, notamment le gaz naturel via le navire flottant, ainsi que l\u2019utilisation du diesel ou du fioul lourd\u201d.<\/p>\n\n\n\n<p>Ce plan vise \u00e0 garantir les besoins du Royaume \u00e0 partir de sources alternatives, notamment par l\u2019augmentation de la consommation de gaz naturel liqu\u00e9fi\u00e9 (GNL) stock\u00e9 et import\u00e9 via le port d\u2019Aqaba, l\u2019accroissement de la production du champ gazier local d\u2019Al-Risha, ainsi que l\u2019utilisation de combustibles alternatifs (diesel et fioul) dans les centrales \u00e9lectriques afin d\u2019assurer la continuit\u00e9 de l\u2019approvisionnement en \u00e9lectricit\u00e9.<\/p>\n\n\n\n<p>Dans ce sens, il a indiqu\u00e9 que le passage \u00e0 l\u2019utilisation du diesel au lieu du gaz naturel co\u00fbte \u00e0 la compagnie jordanienne d\u2019\u00e9lectricit\u00e9 environ 1,8 million de dinars jordaniens.<\/p>\n\n\n\n<p>Par ailleurs, il a soulign\u00e9 que son pays dispose de r\u00e9serves strat\u00e9giques suffisantes et qu\u2019\u201dil n\u2019existe aucune difficult\u00e9 d\u2019ordre technique concernant les approvisionnements\u201d.<\/p>\n","protected":false},"excerpt":{"rendered":"<p>Dpress &nbsp;Le ministre jordanien de l\u2019\u00c9nergie et des Ressources min\u00e9rales, Saleh Al-Kharabsheh, a annonc\u00e9, dimanche, l\u2019interruption de l\u2019approvisionnement du Royaume en gaz naturel provenant des champs gaziers de la M\u00e9diterran\u00e9e, en raison des d\u00e9veloppements li\u00e9s \u00e0 la guerre dans la r\u00e9gion. Dans une d\u00e9claration \u00e0 la presse, M. Al-Kharabsheh a expliqu\u00e9 que \u201cles \u00e9v\u00e9nements en &hellip;<\/p>\n","protected":false},"author":2,"featured_media":24915,"comment_status":"open","ping_status":"open","sticky":false,"template":"","format":"standard","meta":{"footnotes":""},"categories":[25],"tags":[],"class_list":["post-24914","post","type-post","status-publish","format-standard","has-post-thumbnail","hentry","category-economie"],"yoast_head":"<!-- This site is optimized with the Yoast SEO plugin v27.5 - https:\/\/yoast.com\/product\/yoast-seo-wordpress\/ -->\n<title>Jordanie : Interruption de l\u2019approvisionnement en gaz m\u00e9diterran\u00e9en en raison de la situation r\u00e9gionale - Dpress.ma\/fr<\/title>\n<meta name=\"robots\" content=\"index, follow, max-snippet:-1, max-image-preview:large, max-video-preview:-1\" \/>\n<link rel=\"canonical\" href=\"https:\/\/dpress.ma\/fr\/2026\/03\/01\/jordanie-interruption-de-lapprovisionnement-en-gaz-mediterraneen-en-raison-de-la-situation-regionale\/\" \/>\n<meta property=\"og:locale\" content=\"fr_FR\" \/>\n<meta property=\"og:type\" content=\"article\" \/>\n<meta property=\"og:title\" content=\"Jordanie : Interruption de l\u2019approvisionnement en gaz m\u00e9diterran\u00e9en en raison de la situation r\u00e9gionale - Dpress.ma\/fr\" \/>\n<meta property=\"og:description\" content=\"Dpress &nbsp;Le ministre jordanien de l\u2019\u00c9nergie et des Ressources min\u00e9rales, Saleh Al-Kharabsheh, a annonc\u00e9, dimanche, l\u2019interruption de l\u2019approvisionnement du Royaume en gaz naturel provenant des champs gaziers de la M\u00e9diterran\u00e9e, en raison des d\u00e9veloppements li\u00e9s \u00e0 la guerre dans la r\u00e9gion. Dans une d\u00e9claration \u00e0 la presse, M. Al-Kharabsheh a expliqu\u00e9 que \u201cles \u00e9v\u00e9nements en &hellip;\" \/>\n<meta property=\"og:url\" content=\"https:\/\/dpress.ma\/fr\/2026\/03\/01\/jordanie-interruption-de-lapprovisionnement-en-gaz-mediterraneen-en-raison-de-la-situation-regionale\/\" \/>\n<meta property=\"og:site_name\" content=\"Dpress.ma\/fr\" \/>\n<meta property=\"article:published_time\" content=\"2026-03-01T15:02:00+00:00\" \/>\n<meta property=\"article:modified_time\" content=\"2026-03-01T22:24:13+00:00\" \/>\n<meta property=\"og:image\" content=\"https:\/\/dpress.ma\/fr\/wp-content\/uploads\/sites\/2\/2026\/03\/jordanie.png\" \/>\n\t<meta property=\"og:image:width\" content=\"780\" \/>\n\t<meta property=\"og:image:height\" content=\"470\" \/>\n\t<meta property=\"og:image:type\" content=\"image\/png\" \/>\n<meta name=\"author\" content=\"Dpress.ma\" \/>\n<meta name=\"twitter:card\" content=\"summary_large_image\" \/>\n<meta name=\"twitter:label1\" content=\"\u00c9crit par\" \/>\n\t<meta name=\"twitter:data1\" content=\"Dpress.ma\" \/>\n\t<meta name=\"twitter:label2\" content=\"Dur\u00e9e de lecture estim\u00e9e\" \/>\n\t<meta name=\"twitter:data2\" content=\"2 minutes\" \/>\n<script type=\"application\/ld+json\" class=\"yoast-schema-graph\">{\"@context\":\"https:\\\/\\\/schema.org\",\"@graph\":[{\"@type\":\"Article\",\"@id\":\"https:\\\/\\\/dpress.ma\\\/fr\\\/2026\\\/03\\\/01\\\/jordanie-interruption-de-lapprovisionnement-en-gaz-mediterraneen-en-raison-de-la-situation-regionale\\\/#article\",\"isPartOf\":{\"@id\":\"https:\\\/\\\/dpress.ma\\\/fr\\\/2026\\\/03\\\/01\\\/jordanie-interruption-de-lapprovisionnement-en-gaz-mediterraneen-en-raison-de-la-situation-regionale\\\/\"},\"author\":{\"name\":\"Dpress.ma\",\"@id\":\"https:\\\/\\\/dpress.ma\\\/fr\\\/#\\\/schema\\\/person\\\/4898febf3ccd59e6578d838656a306a0\"},\"headline\":\"Jordanie : Interruption de l\u2019approvisionnement en gaz m\u00e9diterran\u00e9en en raison de la situation r\u00e9gionale\",\"datePublished\":\"2026-03-01T15:02:00+00:00\",\"dateModified\":\"2026-03-01T22:24:13+00:00\",\"mainEntityOfPage\":{\"@id\":\"https:\\\/\\\/dpress.ma\\\/fr\\\/2026\\\/03\\\/01\\\/jordanie-interruption-de-lapprovisionnement-en-gaz-mediterraneen-en-raison-de-la-situation-regionale\\\/\"},\"wordCount\":288,\"commentCount\":0,\"image\":{\"@id\":\"https:\\\/\\\/dpress.ma\\\/fr\\\/2026\\\/03\\\/01\\\/jordanie-interruption-de-lapprovisionnement-en-gaz-mediterraneen-en-raison-de-la-situation-regionale\\\/#primaryimage\"},\"thumbnailUrl\":\"https:\\\/\\\/dpress.ma\\\/fr\\\/wp-content\\\/uploads\\\/sites\\\/2\\\/2026\\\/03\\\/jordanie.png\",\"articleSection\":[\"\u00c9conomie\"],\"inLanguage\":\"fr-FR\",\"potentialAction\":[{\"@type\":\"CommentAction\",\"name\":\"Comment\",\"target\":[\"https:\\\/\\\/dpress.ma\\\/fr\\\/2026\\\/03\\\/01\\\/jordanie-interruption-de-lapprovisionnement-en-gaz-mediterraneen-en-raison-de-la-situation-regionale\\\/#respond\"]}]},{\"@type\":\"WebPage\",\"@id\":\"https:\\\/\\\/dpress.ma\\\/fr\\\/2026\\\/03\\\/01\\\/jordanie-interruption-de-lapprovisionnement-en-gaz-mediterraneen-en-raison-de-la-situation-regionale\\\/\",\"url\":\"https:\\\/\\\/dpress.ma\\\/fr\\\/2026\\\/03\\\/01\\\/jordanie-interruption-de-lapprovisionnement-en-gaz-mediterraneen-en-raison-de-la-situation-regionale\\\/\",\"name\":\"Jordanie : Interruption de l\u2019approvisionnement en gaz m\u00e9diterran\u00e9en en raison de la situation r\u00e9gionale - Dpress.ma\\\/fr\",\"isPartOf\":{\"@id\":\"https:\\\/\\\/dpress.ma\\\/fr\\\/#website\"},\"primaryImageOfPage\":{\"@id\":\"https:\\\/\\\/dpress.ma\\\/fr\\\/2026\\\/03\\\/01\\\/jordanie-interruption-de-lapprovisionnement-en-gaz-mediterraneen-en-raison-de-la-situation-regionale\\\/#primaryimage\"},\"image\":{\"@id\":\"https:\\\/\\\/dpress.ma\\\/fr\\\/2026\\\/03\\\/01\\\/jordanie-interruption-de-lapprovisionnement-en-gaz-mediterraneen-en-raison-de-la-situation-regionale\\\/#primaryimage\"},\"thumbnailUrl\":\"https:\\\/\\\/dpress.ma\\\/fr\\\/wp-content\\\/uploads\\\/sites\\\/2\\\/2026\\\/03\\\/jordanie.png\",\"datePublished\":\"2026-03-01T15:02:00+00:00\",\"dateModified\":\"2026-03-01T22:24:13+00:00\",\"author\":{\"@id\":\"https:\\\/\\\/dpress.ma\\\/fr\\\/#\\\/schema\\\/person\\\/4898febf3ccd59e6578d838656a306a0\"},\"breadcrumb\":{\"@id\":\"https:\\\/\\\/dpress.ma\\\/fr\\\/2026\\\/03\\\/01\\\/jordanie-interruption-de-lapprovisionnement-en-gaz-mediterraneen-en-raison-de-la-situation-regionale\\\/#breadcrumb\"},\"inLanguage\":\"fr-FR\",\"potentialAction\":[{\"@type\":\"ReadAction\",\"target\":[\"https:\\\/\\\/dpress.ma\\\/fr\\\/2026\\\/03\\\/01\\\/jordanie-interruption-de-lapprovisionnement-en-gaz-mediterraneen-en-raison-de-la-situation-regionale\\\/\"]}]},{\"@type\":\"ImageObject\",\"inLanguage\":\"fr-FR\",\"@id\":\"https:\\\/\\\/dpress.ma\\\/fr\\\/2026\\\/03\\\/01\\\/jordanie-interruption-de-lapprovisionnement-en-gaz-mediterraneen-en-raison-de-la-situation-regionale\\\/#primaryimage\",\"url\":\"https:\\\/\\\/dpress.ma\\\/fr\\\/wp-content\\\/uploads\\\/sites\\\/2\\\/2026\\\/03\\\/jordanie.png\",\"contentUrl\":\"https:\\\/\\\/dpress.ma\\\/fr\\\/wp-content\\\/uploads\\\/sites\\\/2\\\/2026\\\/03\\\/jordanie.png\",\"width\":780,\"height\":470},{\"@type\":\"BreadcrumbList\",\"@id\":\"https:\\\/\\\/dpress.ma\\\/fr\\\/2026\\\/03\\\/01\\\/jordanie-interruption-de-lapprovisionnement-en-gaz-mediterraneen-en-raison-de-la-situation-regionale\\\/#breadcrumb\",\"itemListElement\":[{\"@type\":\"ListItem\",\"position\":1,\"name\":\"Home\",\"item\":\"https:\\\/\\\/dpress.ma\\\/fr\\\/\"},{\"@type\":\"ListItem\",\"position\":2,\"name\":\"Jordanie : Interruption de l\u2019approvisionnement en gaz m\u00e9diterran\u00e9en en raison de la situation r\u00e9gionale\"}]},{\"@type\":\"WebSite\",\"@id\":\"https:\\\/\\\/dpress.ma\\\/fr\\\/#website\",\"url\":\"https:\\\/\\\/dpress.ma\\\/fr\\\/\",\"name\":\"Dpress.ma\\\/fr\",\"description\":\"\",\"potentialAction\":[{\"@type\":\"SearchAction\",\"target\":{\"@type\":\"EntryPoint\",\"urlTemplate\":\"https:\\\/\\\/dpress.ma\\\/fr\\\/?s={search_term_string}\"},\"query-input\":{\"@type\":\"PropertyValueSpecification\",\"valueRequired\":true,\"valueName\":\"search_term_string\"}}],\"inLanguage\":\"fr-FR\"},{\"@type\":\"Person\",\"@id\":\"https:\\\/\\\/dpress.ma\\\/fr\\\/#\\\/schema\\\/person\\\/4898febf3ccd59e6578d838656a306a0\",\"name\":\"Dpress.ma\",\"image\":{\"@type\":\"ImageObject\",\"inLanguage\":\"fr-FR\",\"@id\":\"https:\\\/\\\/secure.gravatar.com\\\/avatar\\\/72ecc30e9db047a2e0e7176561eb9d564ed77c8108376495b19bd8336405198a?s=96&d=mm&r=g\",\"url\":\"https:\\\/\\\/secure.gravatar.com\\\/avatar\\\/72ecc30e9db047a2e0e7176561eb9d564ed77c8108376495b19bd8336405198a?s=96&d=mm&r=g\",\"contentUrl\":\"https:\\\/\\\/secure.gravatar.com\\\/avatar\\\/72ecc30e9db047a2e0e7176561eb9d564ed77c8108376495b19bd8336405198a?s=96&d=mm&r=g\",\"caption\":\"Dpress.ma\"},\"sameAs\":[\"https:\\\/\\\/www.dpress.ma\"],\"url\":\"https:\\\/\\\/dpress.ma\\\/fr\\\/author\\\/dpress-ma\\\/\"}]}<\/script>\n<!-- \/ Yoast SEO plugin. -->","yoast_head_json":{"title":"Jordanie : Interruption de l\u2019approvisionnement en gaz m\u00e9diterran\u00e9en en raison de la situation r\u00e9gionale - Dpress.ma\/fr","robots":{"index":"index","follow":"follow","max-snippet":"max-snippet:-1","max-image-preview":"max-image-preview:large","max-video-preview":"max-video-preview:-1"},"canonical":"https:\/\/dpress.ma\/fr\/2026\/03\/01\/jordanie-interruption-de-lapprovisionnement-en-gaz-mediterraneen-en-raison-de-la-situation-regionale\/","og_locale":"fr_FR","og_type":"article","og_title":"Jordanie : Interruption de l\u2019approvisionnement en gaz m\u00e9diterran\u00e9en en raison de la situation r\u00e9gionale - Dpress.ma\/fr","og_description":"Dpress &nbsp;Le ministre jordanien de l\u2019\u00c9nergie et des Ressources min\u00e9rales, Saleh Al-Kharabsheh, a annonc\u00e9, dimanche, l\u2019interruption de l\u2019approvisionnement du Royaume en gaz naturel provenant des champs gaziers de la M\u00e9diterran\u00e9e, en raison des d\u00e9veloppements li\u00e9s \u00e0 la guerre dans la r\u00e9gion. Dans une d\u00e9claration \u00e0 la presse, M. Al-Kharabsheh a expliqu\u00e9 que \u201cles \u00e9v\u00e9nements en &hellip;","og_url":"https:\/\/dpress.ma\/fr\/2026\/03\/01\/jordanie-interruption-de-lapprovisionnement-en-gaz-mediterraneen-en-raison-de-la-situation-regionale\/","og_site_name":"Dpress.ma\/fr","article_published_time":"2026-03-01T15:02:00+00:00","article_modified_time":"2026-03-01T22:24:13+00:00","og_image":[{"width":780,"height":470,"url":"https:\/\/dpress.ma\/fr\/wp-content\/uploads\/sites\/2\/2026\/03\/jordanie.png","type":"image\/png"}],"author":"Dpress.ma","twitter_card":"summary_large_image","twitter_misc":{"\u00c9crit par":"Dpress.ma","Dur\u00e9e de lecture estim\u00e9e":"2 minutes"},"schema":{"@context":"https:\/\/schema.org","@graph":[{"@type":"Article","@id":"https:\/\/dpress.ma\/fr\/2026\/03\/01\/jordanie-interruption-de-lapprovisionnement-en-gaz-mediterraneen-en-raison-de-la-situation-regionale\/#article","isPartOf":{"@id":"https:\/\/dpress.ma\/fr\/2026\/03\/01\/jordanie-interruption-de-lapprovisionnement-en-gaz-mediterraneen-en-raison-de-la-situation-regionale\/"},"author":{"name":"Dpress.ma","@id":"https:\/\/dpress.ma\/fr\/#\/schema\/person\/4898febf3ccd59e6578d838656a306a0"},"headline":"Jordanie : Interruption de l\u2019approvisionnement en gaz m\u00e9diterran\u00e9en en raison de la situation r\u00e9gionale","datePublished":"2026-03-01T15:02:00+00:00","dateModified":"2026-03-01T22:24:13+00:00","mainEntityOfPage":{"@id":"https:\/\/dpress.ma\/fr\/2026\/03\/01\/jordanie-interruption-de-lapprovisionnement-en-gaz-mediterraneen-en-raison-de-la-situation-regionale\/"},"wordCount":288,"commentCount":0,"image":{"@id":"https:\/\/dpress.ma\/fr\/2026\/03\/01\/jordanie-interruption-de-lapprovisionnement-en-gaz-mediterraneen-en-raison-de-la-situation-regionale\/#primaryimage"},"thumbnailUrl":"https:\/\/dpress.ma\/fr\/wp-content\/uploads\/sites\/2\/2026\/03\/jordanie.png","articleSection":["\u00c9conomie"],"inLanguage":"fr-FR","potentialAction":[{"@type":"CommentAction","name":"Comment","target":["https:\/\/dpress.ma\/fr\/2026\/03\/01\/jordanie-interruption-de-lapprovisionnement-en-gaz-mediterraneen-en-raison-de-la-situation-regionale\/#respond"]}]},{"@type":"WebPage","@id":"https:\/\/dpress.ma\/fr\/2026\/03\/01\/jordanie-interruption-de-lapprovisionnement-en-gaz-mediterraneen-en-raison-de-la-situation-regionale\/","url":"https:\/\/dpress.ma\/fr\/2026\/03\/01\/jordanie-interruption-de-lapprovisionnement-en-gaz-mediterraneen-en-raison-de-la-situation-regionale\/","name":"Jordanie : Interruption de l\u2019approvisionnement en gaz m\u00e9diterran\u00e9en en raison de la situation r\u00e9gionale - Dpress.ma\/fr","isPartOf":{"@id":"https:\/\/dpress.ma\/fr\/#website"},"primaryImageOfPage":{"@id":"https:\/\/dpress.ma\/fr\/2026\/03\/01\/jordanie-interruption-de-lapprovisionnement-en-gaz-mediterraneen-en-raison-de-la-situation-regionale\/#primaryimage"},"image":{"@id":"https:\/\/dpress.ma\/fr\/2026\/03\/01\/jordanie-interruption-de-lapprovisionnement-en-gaz-mediterraneen-en-raison-de-la-situation-regionale\/#primaryimage"},"thumbnailUrl":"https:\/\/dpress.ma\/fr\/wp-content\/uploads\/sites\/2\/2026\/03\/jordanie.png","datePublished":"2026-03-01T15:02:00+00:00","dateModified":"2026-03-01T22:24:13+00:00","author":{"@id":"https:\/\/dpress.ma\/fr\/#\/schema\/person\/4898febf3ccd59e6578d838656a306a0"},"breadcrumb":{"@id":"https:\/\/dpress.ma\/fr\/2026\/03\/01\/jordanie-interruption-de-lapprovisionnement-en-gaz-mediterraneen-en-raison-de-la-situation-regionale\/#breadcrumb"},"inLanguage":"fr-FR","potentialAction":[{"@type":"ReadAction","target":["https:\/\/dpress.ma\/fr\/2026\/03\/01\/jordanie-interruption-de-lapprovisionnement-en-gaz-mediterraneen-en-raison-de-la-situation-regionale\/"]}]},{"@type":"ImageObject","inLanguage":"fr-FR","@id":"https:\/\/dpress.ma\/fr\/2026\/03\/01\/jordanie-interruption-de-lapprovisionnement-en-gaz-mediterraneen-en-raison-de-la-situation-regionale\/#primaryimage","url":"https:\/\/dpress.ma\/fr\/wp-content\/uploads\/sites\/2\/2026\/03\/jordanie.png","contentUrl":"https:\/\/dpress.ma\/fr\/wp-content\/uploads\/sites\/2\/2026\/03\/jordanie.png","width":780,"height":470},{"@type":"BreadcrumbList","@id":"https:\/\/dpress.ma\/fr\/2026\/03\/01\/jordanie-interruption-de-lapprovisionnement-en-gaz-mediterraneen-en-raison-de-la-situation-regionale\/#breadcrumb","itemListElement":[{"@type":"ListItem","position":1,"name":"Home","item":"https:\/\/dpress.ma\/fr\/"},{"@type":"ListItem","position":2,"name":"Jordanie : Interruption de l\u2019approvisionnement en gaz m\u00e9diterran\u00e9en en raison de la situation r\u00e9gionale"}]},{"@type":"WebSite","@id":"https:\/\/dpress.ma\/fr\/#website","url":"https:\/\/dpress.ma\/fr\/","name":"Dpress.ma\/fr","description":"","potentialAction":[{"@type":"SearchAction","target":{"@type":"EntryPoint","urlTemplate":"https:\/\/dpress.ma\/fr\/?s={search_term_string}"},"query-input":{"@type":"PropertyValueSpecification","valueRequired":true,"valueName":"search_term_string"}}],"inLanguage":"fr-FR"},{"@type":"Person","@id":"https:\/\/dpress.ma\/fr\/#\/schema\/person\/4898febf3ccd59e6578d838656a306a0","name":"Dpress.ma","image":{"@type":"ImageObject","inLanguage":"fr-FR","@id":"https:\/\/secure.gravatar.com\/avatar\/72ecc30e9db047a2e0e7176561eb9d564ed77c8108376495b19bd8336405198a?s=96&d=mm&r=g","url":"https:\/\/secure.gravatar.com\/avatar\/72ecc30e9db047a2e0e7176561eb9d564ed77c8108376495b19bd8336405198a?s=96&d=mm&r=g","contentUrl":"https:\/\/secure.gravatar.com\/avatar\/72ecc30e9db047a2e0e7176561eb9d564ed77c8108376495b19bd8336405198a?s=96&d=mm&r=g","caption":"Dpress.ma"},"sameAs":["https:\/\/www.dpress.ma"],"url":"https:\/\/dpress.ma\/fr\/author\/dpress-ma\/"}]}},"amp_enabled":true,"_links":{"self":[{"href":"https:\/\/dpress.ma\/fr\/wp-json\/wp\/v2\/posts\/24914","targetHints":{"allow":["GET"]}}],"collection":[{"href":"https:\/\/dpress.ma\/fr\/wp-json\/wp\/v2\/posts"}],"about":[{"href":"https:\/\/dpress.ma\/fr\/wp-json\/wp\/v2\/types\/post"}],"author":[{"embeddable":true,"href":"https:\/\/dpress.ma\/fr\/wp-json\/wp\/v2\/users\/2"}],"replies":[{"embeddable":true,"href":"https:\/\/dpress.ma\/fr\/wp-json\/wp\/v2\/comments?post=24914"}],"version-history":[{"count":1,"href":"https:\/\/dpress.ma\/fr\/wp-json\/wp\/v2\/posts\/24914\/revisions"}],"predecessor-version":[{"id":24916,"href":"https:\/\/dpress.ma\/fr\/wp-json\/wp\/v2\/posts\/24914\/revisions\/24916"}],"wp:featuredmedia":[{"embeddable":true,"href":"https:\/\/dpress.ma\/fr\/wp-json\/wp\/v2\/media\/24915"}],"wp:attachment":[{"href":"https:\/\/dpress.ma\/fr\/wp-json\/wp\/v2\/media?parent=24914"}],"wp:term":[{"taxonomy":"category","embeddable":true,"href":"https:\/\/dpress.ma\/fr\/wp-json\/wp\/v2\/categories?post=24914"},{"taxonomy":"post_tag","embeddable":true,"href":"https:\/\/dpress.ma\/fr\/wp-json\/wp\/v2\/tags?post=24914"}],"curies":[{"name":"wp","href":"https:\/\/api.w.org\/{rel}","templated":true}]}}