{"id":24894,"date":"2026-02-28T20:15:00","date_gmt":"2026-02-28T20:15:00","guid":{"rendered":"https:\/\/dpress.ma\/fr\/?p=24894"},"modified":"2026-02-28T21:03:04","modified_gmt":"2026-02-28T21:03:04","slug":"communique-du-cabinet-royal-14","status":"publish","type":"post","link":"https:\/\/dpress.ma\/fr\/2026\/02\/28\/communique-du-cabinet-royal-14\/","title":{"rendered":"Communiqu\u00e9 du Cabinet Royal"},"content":{"rendered":"\n<p>Dpress<br>Voici un communiqu\u00e9 du Cabinet Royal :<\/p>\n\n\n\n<p>\u201cSa Majest\u00e9 le Roi Mohammed VI, que Dieu L\u2019assiste, a eu, ce samedi, plusieurs appels t\u00e9l\u00e9phoniques avec Ses fr\u00e8res Leurs Majest\u00e9s et Leurs Altesses.&nbsp;Il s\u2019agit de Son Altesse Cheikh Mohammed Ben Zayed Al Nahyane, Pr\u00e9sident de l\u2019Etat des \u00c9mirats Arabes Unis, de Sa Majest\u00e9 le Roi Hamad Ben Issa Al Khalifa, Souverain du Royaume de Bahre\u00efn, de Son Altesse Royale le Prince Mohammed ben Salmane ben Abdelaziz Al Saoud, Prince h\u00e9ritier du Royaume d\u2019Arabie saoudite, pr\u00e9sident du Conseil des ministres, et de Son Altesse Cheikh Tamim Bin Hamad Al Thani, Emir de l\u2019Etat du Qatar.<\/p>\n\n\n\n<p>Au cours de ces appels, Sa Majest\u00e9 le Roi, que Dieu Le glorifie, a r\u00e9affirm\u00e9 la ferme condamnation par le Royaume du Maroc des agressions abjectes ayant vis\u00e9 la souverainet\u00e9 de ces Etats fr\u00e8res et la s\u00e9curit\u00e9 de leurs territoires, ainsi que le soutien de Sa Majest\u00e9 et Son plein appui \u00e0 ces pays dans toutes les mesures l\u00e9gitimes qu\u2019ils jugent appropri\u00e9es pour la pr\u00e9servation de leur s\u00e9curit\u00e9 et de la qui\u00e9tude de leurs citoyens.<\/p>\n\n\n\n<p>Partant des liens fraternels ancr\u00e9s et de la solidarit\u00e9 constante qui unit le Royaume du Maroc \u00e0 ces Etats fr\u00e8res, Sa Majest\u00e9 le Roi a insist\u00e9 sur le fait que la s\u00e9curit\u00e9 et la stabilit\u00e9 des pays du Golfe arabe font partie int\u00e9grante de la s\u00e9curit\u00e9 et de la stabilit\u00e9 du Royaume du Maroc, et que toute atteinte \u00e0 leur s\u00e9curit\u00e9 constitue une agression grave et inacceptable et une menace directe pour la stabilit\u00e9 de la r\u00e9gion\u201d.<\/p>\n","protected":false},"excerpt":{"rendered":"<p>DpressVoici un communiqu\u00e9 du Cabinet Royal : \u201cSa Majest\u00e9 le Roi Mohammed VI, que Dieu L\u2019assiste, a eu, ce samedi, plusieurs appels t\u00e9l\u00e9phoniques avec Ses fr\u00e8res Leurs Majest\u00e9s et Leurs Altesses.&nbsp;Il s\u2019agit de Son Altesse Cheikh Mohammed Ben Zayed Al Nahyane, Pr\u00e9sident de l\u2019Etat des \u00c9mirats Arabes Unis, de Sa Majest\u00e9 le Roi Hamad Ben &hellip;<\/p>\n","protected":false},"author":2,"featured_media":6421,"comment_status":"open","ping_status":"open","sticky":false,"template":"","format":"standard","meta":{"footnotes":""},"categories":[29],"tags":[],"class_list":["post-24894","post","type-post","status-publish","format-standard","has-post-thumbnail","hentry","category-activites-royales"],"yoast_head":"<!-- This site is optimized with the Yoast SEO plugin v27.5 - https:\/\/yoast.com\/product\/yoast-seo-wordpress\/ -->\n<title>Communiqu\u00e9 du Cabinet Royal - Dpress.ma\/fr<\/title>\n<meta name=\"robots\" content=\"index, follow, max-snippet:-1, max-image-preview:large, max-video-preview:-1\" \/>\n<link rel=\"canonical\" href=\"https:\/\/dpress.ma\/fr\/2026\/02\/28\/communique-du-cabinet-royal-14\/\" \/>\n<meta property=\"og:locale\" content=\"fr_FR\" \/>\n<meta property=\"og:type\" content=\"article\" \/>\n<meta property=\"og:title\" content=\"Communiqu\u00e9 du Cabinet Royal - Dpress.ma\/fr\" \/>\n<meta property=\"og:description\" content=\"DpressVoici un communiqu\u00e9 du Cabinet Royal : \u201cSa Majest\u00e9 le Roi Mohammed VI, que Dieu L\u2019assiste, a eu, ce samedi, plusieurs appels t\u00e9l\u00e9phoniques avec Ses fr\u00e8res Leurs Majest\u00e9s et Leurs Altesses.&nbsp;Il s\u2019agit de Son Altesse Cheikh Mohammed Ben Zayed Al Nahyane, Pr\u00e9sident de l\u2019Etat des \u00c9mirats Arabes Unis, de Sa Majest\u00e9 le Roi Hamad Ben &hellip;\" \/>\n<meta property=\"og:url\" content=\"https:\/\/dpress.ma\/fr\/2026\/02\/28\/communique-du-cabinet-royal-14\/\" \/>\n<meta property=\"og:site_name\" content=\"Dpress.ma\/fr\" \/>\n<meta property=\"article:published_time\" content=\"2026-02-28T20:15:00+00:00\" \/>\n<meta property=\"article:modified_time\" content=\"2026-02-28T21:03:04+00:00\" \/>\n<meta property=\"og:image\" content=\"https:\/\/dpress.ma\/fr\/wp-content\/uploads\/sites\/2\/2023\/11\/roi.jpg\" \/>\n\t<meta property=\"og:image:width\" content=\"2539\" \/>\n\t<meta property=\"og:image:height\" content=\"1594\" \/>\n\t<meta property=\"og:image:type\" content=\"image\/jpeg\" \/>\n<meta name=\"author\" content=\"Dpress.ma\" \/>\n<meta name=\"twitter:card\" content=\"summary_large_image\" \/>\n<meta name=\"twitter:label1\" content=\"\u00c9crit par\" \/>\n\t<meta name=\"twitter:data1\" content=\"Dpress.ma\" \/>\n\t<meta name=\"twitter:label2\" content=\"Dur\u00e9e de lecture estim\u00e9e\" \/>\n\t<meta name=\"twitter:data2\" content=\"2 minutes\" \/>\n<script type=\"application\/ld+json\" class=\"yoast-schema-graph\">{\"@context\":\"https:\\\/\\\/schema.org\",\"@graph\":[{\"@type\":\"Article\",\"@id\":\"https:\\\/\\\/dpress.ma\\\/fr\\\/2026\\\/02\\\/28\\\/communique-du-cabinet-royal-14\\\/#article\",\"isPartOf\":{\"@id\":\"https:\\\/\\\/dpress.ma\\\/fr\\\/2026\\\/02\\\/28\\\/communique-du-cabinet-royal-14\\\/\"},\"author\":{\"name\":\"Dpress.ma\",\"@id\":\"https:\\\/\\\/dpress.ma\\\/fr\\\/#\\\/schema\\\/person\\\/4898febf3ccd59e6578d838656a306a0\"},\"headline\":\"Communiqu\u00e9 du Cabinet Royal\",\"datePublished\":\"2026-02-28T20:15:00+00:00\",\"dateModified\":\"2026-02-28T21:03:04+00:00\",\"mainEntityOfPage\":{\"@id\":\"https:\\\/\\\/dpress.ma\\\/fr\\\/2026\\\/02\\\/28\\\/communique-du-cabinet-royal-14\\\/\"},\"wordCount\":285,\"commentCount\":0,\"image\":{\"@id\":\"https:\\\/\\\/dpress.ma\\\/fr\\\/2026\\\/02\\\/28\\\/communique-du-cabinet-royal-14\\\/#primaryimage\"},\"thumbnailUrl\":\"https:\\\/\\\/dpress.ma\\\/fr\\\/wp-content\\\/uploads\\\/sites\\\/2\\\/2023\\\/11\\\/roi.jpg\",\"articleSection\":[\"Activit\u00e9s Royales\"],\"inLanguage\":\"fr-FR\",\"potentialAction\":[{\"@type\":\"CommentAction\",\"name\":\"Comment\",\"target\":[\"https:\\\/\\\/dpress.ma\\\/fr\\\/2026\\\/02\\\/28\\\/communique-du-cabinet-royal-14\\\/#respond\"]}]},{\"@type\":\"WebPage\",\"@id\":\"https:\\\/\\\/dpress.ma\\\/fr\\\/2026\\\/02\\\/28\\\/communique-du-cabinet-royal-14\\\/\",\"url\":\"https:\\\/\\\/dpress.ma\\\/fr\\\/2026\\\/02\\\/28\\\/communique-du-cabinet-royal-14\\\/\",\"name\":\"Communiqu\u00e9 du Cabinet Royal - Dpress.ma\\\/fr\",\"isPartOf\":{\"@id\":\"https:\\\/\\\/dpress.ma\\\/fr\\\/#website\"},\"primaryImageOfPage\":{\"@id\":\"https:\\\/\\\/dpress.ma\\\/fr\\\/2026\\\/02\\\/28\\\/communique-du-cabinet-royal-14\\\/#primaryimage\"},\"image\":{\"@id\":\"https:\\\/\\\/dpress.ma\\\/fr\\\/2026\\\/02\\\/28\\\/communique-du-cabinet-royal-14\\\/#primaryimage\"},\"thumbnailUrl\":\"https:\\\/\\\/dpress.ma\\\/fr\\\/wp-content\\\/uploads\\\/sites\\\/2\\\/2023\\\/11\\\/roi.jpg\",\"datePublished\":\"2026-02-28T20:15:00+00:00\",\"dateModified\":\"2026-02-28T21:03:04+00:00\",\"author\":{\"@id\":\"https:\\\/\\\/dpress.ma\\\/fr\\\/#\\\/schema\\\/person\\\/4898febf3ccd59e6578d838656a306a0\"},\"breadcrumb\":{\"@id\":\"https:\\\/\\\/dpress.ma\\\/fr\\\/2026\\\/02\\\/28\\\/communique-du-cabinet-royal-14\\\/#breadcrumb\"},\"inLanguage\":\"fr-FR\",\"potentialAction\":[{\"@type\":\"ReadAction\",\"target\":[\"https:\\\/\\\/dpress.ma\\\/fr\\\/2026\\\/02\\\/28\\\/communique-du-cabinet-royal-14\\\/\"]}]},{\"@type\":\"ImageObject\",\"inLanguage\":\"fr-FR\",\"@id\":\"https:\\\/\\\/dpress.ma\\\/fr\\\/2026\\\/02\\\/28\\\/communique-du-cabinet-royal-14\\\/#primaryimage\",\"url\":\"https:\\\/\\\/dpress.ma\\\/fr\\\/wp-content\\\/uploads\\\/sites\\\/2\\\/2023\\\/11\\\/roi.jpg\",\"contentUrl\":\"https:\\\/\\\/dpress.ma\\\/fr\\\/wp-content\\\/uploads\\\/sites\\\/2\\\/2023\\\/11\\\/roi.jpg\",\"width\":2539,\"height\":1594},{\"@type\":\"BreadcrumbList\",\"@id\":\"https:\\\/\\\/dpress.ma\\\/fr\\\/2026\\\/02\\\/28\\\/communique-du-cabinet-royal-14\\\/#breadcrumb\",\"itemListElement\":[{\"@type\":\"ListItem\",\"position\":1,\"name\":\"Home\",\"item\":\"https:\\\/\\\/dpress.ma\\\/fr\\\/\"},{\"@type\":\"ListItem\",\"position\":2,\"name\":\"Communiqu\u00e9 du Cabinet Royal\"}]},{\"@type\":\"WebSite\",\"@id\":\"https:\\\/\\\/dpress.ma\\\/fr\\\/#website\",\"url\":\"https:\\\/\\\/dpress.ma\\\/fr\\\/\",\"name\":\"Dpress.ma\\\/fr\",\"description\":\"\",\"potentialAction\":[{\"@type\":\"SearchAction\",\"target\":{\"@type\":\"EntryPoint\",\"urlTemplate\":\"https:\\\/\\\/dpress.ma\\\/fr\\\/?s={search_term_string}\"},\"query-input\":{\"@type\":\"PropertyValueSpecification\",\"valueRequired\":true,\"valueName\":\"search_term_string\"}}],\"inLanguage\":\"fr-FR\"},{\"@type\":\"Person\",\"@id\":\"https:\\\/\\\/dpress.ma\\\/fr\\\/#\\\/schema\\\/person\\\/4898febf3ccd59e6578d838656a306a0\",\"name\":\"Dpress.ma\",\"image\":{\"@type\":\"ImageObject\",\"inLanguage\":\"fr-FR\",\"@id\":\"https:\\\/\\\/secure.gravatar.com\\\/avatar\\\/72ecc30e9db047a2e0e7176561eb9d564ed77c8108376495b19bd8336405198a?s=96&d=mm&r=g\",\"url\":\"https:\\\/\\\/secure.gravatar.com\\\/avatar\\\/72ecc30e9db047a2e0e7176561eb9d564ed77c8108376495b19bd8336405198a?s=96&d=mm&r=g\",\"contentUrl\":\"https:\\\/\\\/secure.gravatar.com\\\/avatar\\\/72ecc30e9db047a2e0e7176561eb9d564ed77c8108376495b19bd8336405198a?s=96&d=mm&r=g\",\"caption\":\"Dpress.ma\"},\"sameAs\":[\"https:\\\/\\\/www.dpress.ma\"],\"url\":\"https:\\\/\\\/dpress.ma\\\/fr\\\/author\\\/dpress-ma\\\/\"}]}<\/script>\n<!-- \/ Yoast SEO plugin. -->","yoast_head_json":{"title":"Communiqu\u00e9 du Cabinet Royal - Dpress.ma\/fr","robots":{"index":"index","follow":"follow","max-snippet":"max-snippet:-1","max-image-preview":"max-image-preview:large","max-video-preview":"max-video-preview:-1"},"canonical":"https:\/\/dpress.ma\/fr\/2026\/02\/28\/communique-du-cabinet-royal-14\/","og_locale":"fr_FR","og_type":"article","og_title":"Communiqu\u00e9 du Cabinet Royal - Dpress.ma\/fr","og_description":"DpressVoici un communiqu\u00e9 du Cabinet Royal : \u201cSa Majest\u00e9 le Roi Mohammed VI, que Dieu L\u2019assiste, a eu, ce samedi, plusieurs appels t\u00e9l\u00e9phoniques avec Ses fr\u00e8res Leurs Majest\u00e9s et Leurs Altesses.&nbsp;Il s\u2019agit de Son Altesse Cheikh Mohammed Ben Zayed Al Nahyane, Pr\u00e9sident de l\u2019Etat des \u00c9mirats Arabes Unis, de Sa Majest\u00e9 le Roi Hamad Ben &hellip;","og_url":"https:\/\/dpress.ma\/fr\/2026\/02\/28\/communique-du-cabinet-royal-14\/","og_site_name":"Dpress.ma\/fr","article_published_time":"2026-02-28T20:15:00+00:00","article_modified_time":"2026-02-28T21:03:04+00:00","og_image":[{"width":2539,"height":1594,"url":"https:\/\/dpress.ma\/fr\/wp-content\/uploads\/sites\/2\/2023\/11\/roi.jpg","type":"image\/jpeg"}],"author":"Dpress.ma","twitter_card":"summary_large_image","twitter_misc":{"\u00c9crit par":"Dpress.ma","Dur\u00e9e de lecture estim\u00e9e":"2 minutes"},"schema":{"@context":"https:\/\/schema.org","@graph":[{"@type":"Article","@id":"https:\/\/dpress.ma\/fr\/2026\/02\/28\/communique-du-cabinet-royal-14\/#article","isPartOf":{"@id":"https:\/\/dpress.ma\/fr\/2026\/02\/28\/communique-du-cabinet-royal-14\/"},"author":{"name":"Dpress.ma","@id":"https:\/\/dpress.ma\/fr\/#\/schema\/person\/4898febf3ccd59e6578d838656a306a0"},"headline":"Communiqu\u00e9 du Cabinet Royal","datePublished":"2026-02-28T20:15:00+00:00","dateModified":"2026-02-28T21:03:04+00:00","mainEntityOfPage":{"@id":"https:\/\/dpress.ma\/fr\/2026\/02\/28\/communique-du-cabinet-royal-14\/"},"wordCount":285,"commentCount":0,"image":{"@id":"https:\/\/dpress.ma\/fr\/2026\/02\/28\/communique-du-cabinet-royal-14\/#primaryimage"},"thumbnailUrl":"https:\/\/dpress.ma\/fr\/wp-content\/uploads\/sites\/2\/2023\/11\/roi.jpg","articleSection":["Activit\u00e9s Royales"],"inLanguage":"fr-FR","potentialAction":[{"@type":"CommentAction","name":"Comment","target":["https:\/\/dpress.ma\/fr\/2026\/02\/28\/communique-du-cabinet-royal-14\/#respond"]}]},{"@type":"WebPage","@id":"https:\/\/dpress.ma\/fr\/2026\/02\/28\/communique-du-cabinet-royal-14\/","url":"https:\/\/dpress.ma\/fr\/2026\/02\/28\/communique-du-cabinet-royal-14\/","name":"Communiqu\u00e9 du Cabinet Royal - Dpress.ma\/fr","isPartOf":{"@id":"https:\/\/dpress.ma\/fr\/#website"},"primaryImageOfPage":{"@id":"https:\/\/dpress.ma\/fr\/2026\/02\/28\/communique-du-cabinet-royal-14\/#primaryimage"},"image":{"@id":"https:\/\/dpress.ma\/fr\/2026\/02\/28\/communique-du-cabinet-royal-14\/#primaryimage"},"thumbnailUrl":"https:\/\/dpress.ma\/fr\/wp-content\/uploads\/sites\/2\/2023\/11\/roi.jpg","datePublished":"2026-02-28T20:15:00+00:00","dateModified":"2026-02-28T21:03:04+00:00","author":{"@id":"https:\/\/dpress.ma\/fr\/#\/schema\/person\/4898febf3ccd59e6578d838656a306a0"},"breadcrumb":{"@id":"https:\/\/dpress.ma\/fr\/2026\/02\/28\/communique-du-cabinet-royal-14\/#breadcrumb"},"inLanguage":"fr-FR","potentialAction":[{"@type":"ReadAction","target":["https:\/\/dpress.ma\/fr\/2026\/02\/28\/communique-du-cabinet-royal-14\/"]}]},{"@type":"ImageObject","inLanguage":"fr-FR","@id":"https:\/\/dpress.ma\/fr\/2026\/02\/28\/communique-du-cabinet-royal-14\/#primaryimage","url":"https:\/\/dpress.ma\/fr\/wp-content\/uploads\/sites\/2\/2023\/11\/roi.jpg","contentUrl":"https:\/\/dpress.ma\/fr\/wp-content\/uploads\/sites\/2\/2023\/11\/roi.jpg","width":2539,"height":1594},{"@type":"BreadcrumbList","@id":"https:\/\/dpress.ma\/fr\/2026\/02\/28\/communique-du-cabinet-royal-14\/#breadcrumb","itemListElement":[{"@type":"ListItem","position":1,"name":"Home","item":"https:\/\/dpress.ma\/fr\/"},{"@type":"ListItem","position":2,"name":"Communiqu\u00e9 du Cabinet Royal"}]},{"@type":"WebSite","@id":"https:\/\/dpress.ma\/fr\/#website","url":"https:\/\/dpress.ma\/fr\/","name":"Dpress.ma\/fr","description":"","potentialAction":[{"@type":"SearchAction","target":{"@type":"EntryPoint","urlTemplate":"https:\/\/dpress.ma\/fr\/?s={search_term_string}"},"query-input":{"@type":"PropertyValueSpecification","valueRequired":true,"valueName":"search_term_string"}}],"inLanguage":"fr-FR"},{"@type":"Person","@id":"https:\/\/dpress.ma\/fr\/#\/schema\/person\/4898febf3ccd59e6578d838656a306a0","name":"Dpress.ma","image":{"@type":"ImageObject","inLanguage":"fr-FR","@id":"https:\/\/secure.gravatar.com\/avatar\/72ecc30e9db047a2e0e7176561eb9d564ed77c8108376495b19bd8336405198a?s=96&d=mm&r=g","url":"https:\/\/secure.gravatar.com\/avatar\/72ecc30e9db047a2e0e7176561eb9d564ed77c8108376495b19bd8336405198a?s=96&d=mm&r=g","contentUrl":"https:\/\/secure.gravatar.com\/avatar\/72ecc30e9db047a2e0e7176561eb9d564ed77c8108376495b19bd8336405198a?s=96&d=mm&r=g","caption":"Dpress.ma"},"sameAs":["https:\/\/www.dpress.ma"],"url":"https:\/\/dpress.ma\/fr\/author\/dpress-ma\/"}]}},"amp_enabled":true,"_links":{"self":[{"href":"https:\/\/dpress.ma\/fr\/wp-json\/wp\/v2\/posts\/24894","targetHints":{"allow":["GET"]}}],"collection":[{"href":"https:\/\/dpress.ma\/fr\/wp-json\/wp\/v2\/posts"}],"about":[{"href":"https:\/\/dpress.ma\/fr\/wp-json\/wp\/v2\/types\/post"}],"author":[{"embeddable":true,"href":"https:\/\/dpress.ma\/fr\/wp-json\/wp\/v2\/users\/2"}],"replies":[{"embeddable":true,"href":"https:\/\/dpress.ma\/fr\/wp-json\/wp\/v2\/comments?post=24894"}],"version-history":[{"count":1,"href":"https:\/\/dpress.ma\/fr\/wp-json\/wp\/v2\/posts\/24894\/revisions"}],"predecessor-version":[{"id":24895,"href":"https:\/\/dpress.ma\/fr\/wp-json\/wp\/v2\/posts\/24894\/revisions\/24895"}],"wp:featuredmedia":[{"embeddable":true,"href":"https:\/\/dpress.ma\/fr\/wp-json\/wp\/v2\/media\/6421"}],"wp:attachment":[{"href":"https:\/\/dpress.ma\/fr\/wp-json\/wp\/v2\/media?parent=24894"}],"wp:term":[{"taxonomy":"category","embeddable":true,"href":"https:\/\/dpress.ma\/fr\/wp-json\/wp\/v2\/categories?post=24894"},{"taxonomy":"post_tag","embeddable":true,"href":"https:\/\/dpress.ma\/fr\/wp-json\/wp\/v2\/tags?post=24894"}],"curies":[{"name":"wp","href":"https:\/\/api.w.org\/{rel}","templated":true}]}}