{"id":24892,"date":"2026-02-28T21:01:40","date_gmt":"2026-02-28T21:01:40","guid":{"rendered":"https:\/\/dpress.ma\/fr\/?p=24892"},"modified":"2026-02-28T21:01:44","modified_gmt":"2026-02-28T21:01:44","slug":"le-president-trump-sentretient-avec-les-dirigeants-de-larabie-saoudite-du-qatar-et-des-emirats-arabes-unis-maison-blanche","status":"publish","type":"post","link":"https:\/\/dpress.ma\/fr\/2026\/02\/28\/le-president-trump-sentretient-avec-les-dirigeants-de-larabie-saoudite-du-qatar-et-des-emirats-arabes-unis-maison-blanche\/","title":{"rendered":"Le pr\u00e9sident Trump s\u2019entretient avec les dirigeants de l\u2019Arabie Saoudite, du Qatar et des \u00c9mirats Arabes Unis (Maison Blanche)"},"content":{"rendered":"\n<p>Dpress<\/p>\n\n\n\n<p>Le pr\u00e9sident am\u00e9ricain Donald Trump s\u2019est entretenu samedi avec les dirigeants de l\u2019Arabie Saoudite, du Qatar et des \u00c9mirats Arabes Unis, sur fond de la situation au Moyen Orient suite \u00e0 l\u2019offensive militaire lanc\u00e9e par les Etats-Unis et Isra\u00ebl contre l\u2019Iran et aux agressions iraniennes ayant vis\u00e9 les territoires de ces pays arabes,&nbsp;a indiqu\u00e9 la porte-parole de la Maison Blanche.<\/p>\n\n\n\n<p>Le chef de l\u2019ex\u00e9cutif am\u00e9ricain a \u00e9galement eu un entretien t\u00e9l\u00e9phonique avec&nbsp;le Secr\u00e9taire g\u00e9n\u00e9ral de l\u2019OTAN, Mark Rutte, a ajout\u00e9 la porte-parole,&nbsp;Karoline Leavitt.<\/p>\n\n\n\n<p>Selon Mme Leavitt, le pr\u00e9sident am\u00e9ricain, accompagn\u00e9 de ses principaux conseillers, suit \u201cde pr\u00e8s\u201d la situation au Moyen Orient depuis sa r\u00e9sidence de Mar-a-Lago, en Floride.<\/p>\n\n\n\n<p>\u201cLe pr\u00e9sident Trump a suivi la situation toute la nuit \u00e0 Mar-a-Lago, en compagnie des membres de son \u00e9quipe de s\u00e9curit\u00e9 nationale. Il s\u2019est \u00e9galement entretenu par t\u00e9l\u00e9phone avec le Premier ministre isra\u00e9lien Netanyahu\u201d, a-t-elle indiqu\u00e9 plus t\u00f4t dans la journ\u00e9e sur son r\u00e9seau social X.<\/p>\n\n\n\n<p>Le pr\u00e9sident Trump a annonc\u00e9 t\u00f4t samedi matin le lancement d\u2019une op\u00e9ration militaire am\u00e9ricaine de \u201cgrande envergure\u201d contre des installations iraniennes.<\/p>\n\n\n\n<p>\u201cL\u2019arm\u00e9e am\u00e9ricaine a lanc\u00e9 des op\u00e9rations militaires de grande envergure en Iran\u201d, a d\u00e9clar\u00e9 M. Trump dans une vid\u00e9o publi\u00e9e sur son r\u00e9seau Truth Social, pr\u00e9cisant que ces frappes visaient \u00e0 \u201cd\u00e9fendre le peuple am\u00e9ricain en \u00e9liminant les menaces imminentes du r\u00e9gime iranien\u201d.<\/p>\n\n\n\n<p>Le locataire de la Maison Blanche a \u00e9galement promis de \u201craser\u201d l\u2019industrie iranienne de missiles et \u201cd\u2019an\u00e9antir leur marine\u201d, avan\u00e7ant que l\u2019Iran avait refus\u00e9 de conclure un accord avec les \u00c9tats-Unis qui aurait permis d\u2019\u00e9viter la guerre.<\/p>\n\n\n\n<p>De son c\u00f4t\u00e9, le Commandement militaire am\u00e9ricain pour le Moyen-Orient (Centcom) a indiqu\u00e9 que les frappes US et isra\u00e9liennes en Iran ont pris pour cible les installations de commandement du \u201ccorps des gardiens de la r\u00e9volution islamique\u201d, les capacit\u00e9s de d\u00e9fense a\u00e9rienne, les sites de lancement de missiles et de drones, ainsi que les a\u00e9rodromes militaires.<\/p>\n\n\n\n<p>Le Centcom a \u00e9galement fait savoir qu\u2019\u00e0 l\u2019issue de la \u201cpremi\u00e8re vague\u201d de frappes men\u00e9es par les \u00c9tats-Unis et leurs partenaires, \u201cles forces du Centcom ont r\u00e9ussi \u00e0 repousser des centaines d\u2019attaques iraniennes \u00e0 l\u2019aide de missiles et de drones\u201d, assurant qu\u2019aucune victime am\u00e9ricaine n\u2019\u00e9tait \u00e0 d\u00e9plorer.<\/p>\n\n\n\n<p>\u201cAucune victime ni bless\u00e9 au combat n\u2019a \u00e9t\u00e9 signal\u00e9 du c\u00f4t\u00e9 am\u00e9ricain. Les d\u00e9g\u00e2ts caus\u00e9s aux installations am\u00e9ricaines ont \u00e9t\u00e9 minimes et n\u2019ont pas eu d\u2019incidence sur les op\u00e9rations\u201d, a ajout\u00e9 le commandement am\u00e9ricain dans un communiqu\u00e9.<\/p>\n","protected":false},"excerpt":{"rendered":"<p>Dpress Le pr\u00e9sident am\u00e9ricain Donald Trump s\u2019est entretenu samedi avec les dirigeants de l\u2019Arabie Saoudite, du Qatar et des \u00c9mirats Arabes Unis, sur fond de la situation au Moyen Orient suite \u00e0 l\u2019offensive militaire lanc\u00e9e par les Etats-Unis et Isra\u00ebl contre l\u2019Iran et aux agressions iraniennes ayant vis\u00e9 les territoires de ces pays arabes,&nbsp;a indiqu\u00e9 &hellip;<\/p>\n","protected":false},"author":2,"featured_media":14630,"comment_status":"open","ping_status":"open","sticky":false,"template":"","format":"standard","meta":{"footnotes":""},"categories":[26],"tags":[],"class_list":["post-24892","post","type-post","status-publish","format-standard","has-post-thumbnail","hentry","category-politiques"],"yoast_head":"<!-- This site is optimized with the Yoast SEO plugin v27.5 - https:\/\/yoast.com\/product\/yoast-seo-wordpress\/ -->\n<title>Le pr\u00e9sident Trump s\u2019entretient avec les dirigeants de l\u2019Arabie Saoudite, du Qatar et des \u00c9mirats Arabes Unis (Maison Blanche) - Dpress.ma\/fr<\/title>\n<meta name=\"robots\" content=\"index, follow, max-snippet:-1, max-image-preview:large, max-video-preview:-1\" \/>\n<link rel=\"canonical\" href=\"https:\/\/dpress.ma\/fr\/2026\/02\/28\/le-president-trump-sentretient-avec-les-dirigeants-de-larabie-saoudite-du-qatar-et-des-emirats-arabes-unis-maison-blanche\/\" \/>\n<meta property=\"og:locale\" content=\"fr_FR\" \/>\n<meta property=\"og:type\" content=\"article\" \/>\n<meta property=\"og:title\" content=\"Le pr\u00e9sident Trump s\u2019entretient avec les dirigeants de l\u2019Arabie Saoudite, du Qatar et des \u00c9mirats Arabes Unis (Maison Blanche) - Dpress.ma\/fr\" \/>\n<meta property=\"og:description\" content=\"Dpress Le pr\u00e9sident am\u00e9ricain Donald Trump s\u2019est entretenu samedi avec les dirigeants de l\u2019Arabie Saoudite, du Qatar et des \u00c9mirats Arabes Unis, sur fond de la situation au Moyen Orient suite \u00e0 l\u2019offensive militaire lanc\u00e9e par les Etats-Unis et Isra\u00ebl contre l\u2019Iran et aux agressions iraniennes ayant vis\u00e9 les territoires de ces pays arabes,&nbsp;a indiqu\u00e9 &hellip;\" \/>\n<meta property=\"og:url\" content=\"https:\/\/dpress.ma\/fr\/2026\/02\/28\/le-president-trump-sentretient-avec-les-dirigeants-de-larabie-saoudite-du-qatar-et-des-emirats-arabes-unis-maison-blanche\/\" \/>\n<meta property=\"og:site_name\" content=\"Dpress.ma\/fr\" \/>\n<meta property=\"article:published_time\" content=\"2026-02-28T21:01:40+00:00\" \/>\n<meta property=\"article:modified_time\" content=\"2026-02-28T21:01:44+00:00\" \/>\n<meta property=\"og:image\" content=\"https:\/\/dpress.ma\/fr\/wp-content\/uploads\/sites\/2\/2025\/05\/trump.png\" \/>\n\t<meta property=\"og:image:width\" content=\"780\" \/>\n\t<meta property=\"og:image:height\" content=\"470\" \/>\n\t<meta property=\"og:image:type\" content=\"image\/png\" \/>\n<meta name=\"author\" content=\"Dpress.ma\" \/>\n<meta name=\"twitter:card\" content=\"summary_large_image\" \/>\n<meta name=\"twitter:label1\" content=\"\u00c9crit par\" \/>\n\t<meta name=\"twitter:data1\" content=\"Dpress.ma\" \/>\n\t<meta name=\"twitter:label2\" content=\"Dur\u00e9e de lecture estim\u00e9e\" \/>\n\t<meta name=\"twitter:data2\" content=\"3 minutes\" \/>\n<script type=\"application\/ld+json\" class=\"yoast-schema-graph\">{\"@context\":\"https:\\\/\\\/schema.org\",\"@graph\":[{\"@type\":\"Article\",\"@id\":\"https:\\\/\\\/dpress.ma\\\/fr\\\/2026\\\/02\\\/28\\\/le-president-trump-sentretient-avec-les-dirigeants-de-larabie-saoudite-du-qatar-et-des-emirats-arabes-unis-maison-blanche\\\/#article\",\"isPartOf\":{\"@id\":\"https:\\\/\\\/dpress.ma\\\/fr\\\/2026\\\/02\\\/28\\\/le-president-trump-sentretient-avec-les-dirigeants-de-larabie-saoudite-du-qatar-et-des-emirats-arabes-unis-maison-blanche\\\/\"},\"author\":{\"name\":\"Dpress.ma\",\"@id\":\"https:\\\/\\\/dpress.ma\\\/fr\\\/#\\\/schema\\\/person\\\/4898febf3ccd59e6578d838656a306a0\"},\"headline\":\"Le pr\u00e9sident Trump s\u2019entretient avec les dirigeants de l\u2019Arabie Saoudite, du Qatar et des \u00c9mirats Arabes Unis (Maison Blanche)\",\"datePublished\":\"2026-02-28T21:01:40+00:00\",\"dateModified\":\"2026-02-28T21:01:44+00:00\",\"mainEntityOfPage\":{\"@id\":\"https:\\\/\\\/dpress.ma\\\/fr\\\/2026\\\/02\\\/28\\\/le-president-trump-sentretient-avec-les-dirigeants-de-larabie-saoudite-du-qatar-et-des-emirats-arabes-unis-maison-blanche\\\/\"},\"wordCount\":501,\"commentCount\":0,\"image\":{\"@id\":\"https:\\\/\\\/dpress.ma\\\/fr\\\/2026\\\/02\\\/28\\\/le-president-trump-sentretient-avec-les-dirigeants-de-larabie-saoudite-du-qatar-et-des-emirats-arabes-unis-maison-blanche\\\/#primaryimage\"},\"thumbnailUrl\":\"https:\\\/\\\/dpress.ma\\\/fr\\\/wp-content\\\/uploads\\\/sites\\\/2\\\/2025\\\/05\\\/trump.png\",\"articleSection\":[\"Politiques\"],\"inLanguage\":\"fr-FR\",\"potentialAction\":[{\"@type\":\"CommentAction\",\"name\":\"Comment\",\"target\":[\"https:\\\/\\\/dpress.ma\\\/fr\\\/2026\\\/02\\\/28\\\/le-president-trump-sentretient-avec-les-dirigeants-de-larabie-saoudite-du-qatar-et-des-emirats-arabes-unis-maison-blanche\\\/#respond\"]}]},{\"@type\":\"WebPage\",\"@id\":\"https:\\\/\\\/dpress.ma\\\/fr\\\/2026\\\/02\\\/28\\\/le-president-trump-sentretient-avec-les-dirigeants-de-larabie-saoudite-du-qatar-et-des-emirats-arabes-unis-maison-blanche\\\/\",\"url\":\"https:\\\/\\\/dpress.ma\\\/fr\\\/2026\\\/02\\\/28\\\/le-president-trump-sentretient-avec-les-dirigeants-de-larabie-saoudite-du-qatar-et-des-emirats-arabes-unis-maison-blanche\\\/\",\"name\":\"Le pr\u00e9sident Trump s\u2019entretient avec les dirigeants de l\u2019Arabie Saoudite, du Qatar et des \u00c9mirats Arabes Unis (Maison Blanche) - Dpress.ma\\\/fr\",\"isPartOf\":{\"@id\":\"https:\\\/\\\/dpress.ma\\\/fr\\\/#website\"},\"primaryImageOfPage\":{\"@id\":\"https:\\\/\\\/dpress.ma\\\/fr\\\/2026\\\/02\\\/28\\\/le-president-trump-sentretient-avec-les-dirigeants-de-larabie-saoudite-du-qatar-et-des-emirats-arabes-unis-maison-blanche\\\/#primaryimage\"},\"image\":{\"@id\":\"https:\\\/\\\/dpress.ma\\\/fr\\\/2026\\\/02\\\/28\\\/le-president-trump-sentretient-avec-les-dirigeants-de-larabie-saoudite-du-qatar-et-des-emirats-arabes-unis-maison-blanche\\\/#primaryimage\"},\"thumbnailUrl\":\"https:\\\/\\\/dpress.ma\\\/fr\\\/wp-content\\\/uploads\\\/sites\\\/2\\\/2025\\\/05\\\/trump.png\",\"datePublished\":\"2026-02-28T21:01:40+00:00\",\"dateModified\":\"2026-02-28T21:01:44+00:00\",\"author\":{\"@id\":\"https:\\\/\\\/dpress.ma\\\/fr\\\/#\\\/schema\\\/person\\\/4898febf3ccd59e6578d838656a306a0\"},\"breadcrumb\":{\"@id\":\"https:\\\/\\\/dpress.ma\\\/fr\\\/2026\\\/02\\\/28\\\/le-president-trump-sentretient-avec-les-dirigeants-de-larabie-saoudite-du-qatar-et-des-emirats-arabes-unis-maison-blanche\\\/#breadcrumb\"},\"inLanguage\":\"fr-FR\",\"potentialAction\":[{\"@type\":\"ReadAction\",\"target\":[\"https:\\\/\\\/dpress.ma\\\/fr\\\/2026\\\/02\\\/28\\\/le-president-trump-sentretient-avec-les-dirigeants-de-larabie-saoudite-du-qatar-et-des-emirats-arabes-unis-maison-blanche\\\/\"]}]},{\"@type\":\"ImageObject\",\"inLanguage\":\"fr-FR\",\"@id\":\"https:\\\/\\\/dpress.ma\\\/fr\\\/2026\\\/02\\\/28\\\/le-president-trump-sentretient-avec-les-dirigeants-de-larabie-saoudite-du-qatar-et-des-emirats-arabes-unis-maison-blanche\\\/#primaryimage\",\"url\":\"https:\\\/\\\/dpress.ma\\\/fr\\\/wp-content\\\/uploads\\\/sites\\\/2\\\/2025\\\/05\\\/trump.png\",\"contentUrl\":\"https:\\\/\\\/dpress.ma\\\/fr\\\/wp-content\\\/uploads\\\/sites\\\/2\\\/2025\\\/05\\\/trump.png\",\"width\":780,\"height\":470},{\"@type\":\"BreadcrumbList\",\"@id\":\"https:\\\/\\\/dpress.ma\\\/fr\\\/2026\\\/02\\\/28\\\/le-president-trump-sentretient-avec-les-dirigeants-de-larabie-saoudite-du-qatar-et-des-emirats-arabes-unis-maison-blanche\\\/#breadcrumb\",\"itemListElement\":[{\"@type\":\"ListItem\",\"position\":1,\"name\":\"Home\",\"item\":\"https:\\\/\\\/dpress.ma\\\/fr\\\/\"},{\"@type\":\"ListItem\",\"position\":2,\"name\":\"Le pr\u00e9sident Trump s\u2019entretient avec les dirigeants de l\u2019Arabie Saoudite, du Qatar et des \u00c9mirats Arabes Unis (Maison Blanche)\"}]},{\"@type\":\"WebSite\",\"@id\":\"https:\\\/\\\/dpress.ma\\\/fr\\\/#website\",\"url\":\"https:\\\/\\\/dpress.ma\\\/fr\\\/\",\"name\":\"Dpress.ma\\\/fr\",\"description\":\"\",\"potentialAction\":[{\"@type\":\"SearchAction\",\"target\":{\"@type\":\"EntryPoint\",\"urlTemplate\":\"https:\\\/\\\/dpress.ma\\\/fr\\\/?s={search_term_string}\"},\"query-input\":{\"@type\":\"PropertyValueSpecification\",\"valueRequired\":true,\"valueName\":\"search_term_string\"}}],\"inLanguage\":\"fr-FR\"},{\"@type\":\"Person\",\"@id\":\"https:\\\/\\\/dpress.ma\\\/fr\\\/#\\\/schema\\\/person\\\/4898febf3ccd59e6578d838656a306a0\",\"name\":\"Dpress.ma\",\"image\":{\"@type\":\"ImageObject\",\"inLanguage\":\"fr-FR\",\"@id\":\"https:\\\/\\\/secure.gravatar.com\\\/avatar\\\/72ecc30e9db047a2e0e7176561eb9d564ed77c8108376495b19bd8336405198a?s=96&d=mm&r=g\",\"url\":\"https:\\\/\\\/secure.gravatar.com\\\/avatar\\\/72ecc30e9db047a2e0e7176561eb9d564ed77c8108376495b19bd8336405198a?s=96&d=mm&r=g\",\"contentUrl\":\"https:\\\/\\\/secure.gravatar.com\\\/avatar\\\/72ecc30e9db047a2e0e7176561eb9d564ed77c8108376495b19bd8336405198a?s=96&d=mm&r=g\",\"caption\":\"Dpress.ma\"},\"sameAs\":[\"https:\\\/\\\/www.dpress.ma\"],\"url\":\"https:\\\/\\\/dpress.ma\\\/fr\\\/author\\\/dpress-ma\\\/\"}]}<\/script>\n<!-- \/ Yoast SEO plugin. -->","yoast_head_json":{"title":"Le pr\u00e9sident Trump s\u2019entretient avec les dirigeants de l\u2019Arabie Saoudite, du Qatar et des \u00c9mirats Arabes Unis (Maison Blanche) - Dpress.ma\/fr","robots":{"index":"index","follow":"follow","max-snippet":"max-snippet:-1","max-image-preview":"max-image-preview:large","max-video-preview":"max-video-preview:-1"},"canonical":"https:\/\/dpress.ma\/fr\/2026\/02\/28\/le-president-trump-sentretient-avec-les-dirigeants-de-larabie-saoudite-du-qatar-et-des-emirats-arabes-unis-maison-blanche\/","og_locale":"fr_FR","og_type":"article","og_title":"Le pr\u00e9sident Trump s\u2019entretient avec les dirigeants de l\u2019Arabie Saoudite, du Qatar et des \u00c9mirats Arabes Unis (Maison Blanche) - Dpress.ma\/fr","og_description":"Dpress Le pr\u00e9sident am\u00e9ricain Donald Trump s\u2019est entretenu samedi avec les dirigeants de l\u2019Arabie Saoudite, du Qatar et des \u00c9mirats Arabes Unis, sur fond de la situation au Moyen Orient suite \u00e0 l\u2019offensive militaire lanc\u00e9e par les Etats-Unis et Isra\u00ebl contre l\u2019Iran et aux agressions iraniennes ayant vis\u00e9 les territoires de ces pays arabes,&nbsp;a indiqu\u00e9 &hellip;","og_url":"https:\/\/dpress.ma\/fr\/2026\/02\/28\/le-president-trump-sentretient-avec-les-dirigeants-de-larabie-saoudite-du-qatar-et-des-emirats-arabes-unis-maison-blanche\/","og_site_name":"Dpress.ma\/fr","article_published_time":"2026-02-28T21:01:40+00:00","article_modified_time":"2026-02-28T21:01:44+00:00","og_image":[{"width":780,"height":470,"url":"https:\/\/dpress.ma\/fr\/wp-content\/uploads\/sites\/2\/2025\/05\/trump.png","type":"image\/png"}],"author":"Dpress.ma","twitter_card":"summary_large_image","twitter_misc":{"\u00c9crit par":"Dpress.ma","Dur\u00e9e de lecture estim\u00e9e":"3 minutes"},"schema":{"@context":"https:\/\/schema.org","@graph":[{"@type":"Article","@id":"https:\/\/dpress.ma\/fr\/2026\/02\/28\/le-president-trump-sentretient-avec-les-dirigeants-de-larabie-saoudite-du-qatar-et-des-emirats-arabes-unis-maison-blanche\/#article","isPartOf":{"@id":"https:\/\/dpress.ma\/fr\/2026\/02\/28\/le-president-trump-sentretient-avec-les-dirigeants-de-larabie-saoudite-du-qatar-et-des-emirats-arabes-unis-maison-blanche\/"},"author":{"name":"Dpress.ma","@id":"https:\/\/dpress.ma\/fr\/#\/schema\/person\/4898febf3ccd59e6578d838656a306a0"},"headline":"Le pr\u00e9sident Trump s\u2019entretient avec les dirigeants de l\u2019Arabie Saoudite, du Qatar et des \u00c9mirats Arabes Unis (Maison Blanche)","datePublished":"2026-02-28T21:01:40+00:00","dateModified":"2026-02-28T21:01:44+00:00","mainEntityOfPage":{"@id":"https:\/\/dpress.ma\/fr\/2026\/02\/28\/le-president-trump-sentretient-avec-les-dirigeants-de-larabie-saoudite-du-qatar-et-des-emirats-arabes-unis-maison-blanche\/"},"wordCount":501,"commentCount":0,"image":{"@id":"https:\/\/dpress.ma\/fr\/2026\/02\/28\/le-president-trump-sentretient-avec-les-dirigeants-de-larabie-saoudite-du-qatar-et-des-emirats-arabes-unis-maison-blanche\/#primaryimage"},"thumbnailUrl":"https:\/\/dpress.ma\/fr\/wp-content\/uploads\/sites\/2\/2025\/05\/trump.png","articleSection":["Politiques"],"inLanguage":"fr-FR","potentialAction":[{"@type":"CommentAction","name":"Comment","target":["https:\/\/dpress.ma\/fr\/2026\/02\/28\/le-president-trump-sentretient-avec-les-dirigeants-de-larabie-saoudite-du-qatar-et-des-emirats-arabes-unis-maison-blanche\/#respond"]}]},{"@type":"WebPage","@id":"https:\/\/dpress.ma\/fr\/2026\/02\/28\/le-president-trump-sentretient-avec-les-dirigeants-de-larabie-saoudite-du-qatar-et-des-emirats-arabes-unis-maison-blanche\/","url":"https:\/\/dpress.ma\/fr\/2026\/02\/28\/le-president-trump-sentretient-avec-les-dirigeants-de-larabie-saoudite-du-qatar-et-des-emirats-arabes-unis-maison-blanche\/","name":"Le pr\u00e9sident Trump s\u2019entretient avec les dirigeants de l\u2019Arabie Saoudite, du Qatar et des \u00c9mirats Arabes Unis (Maison Blanche) - Dpress.ma\/fr","isPartOf":{"@id":"https:\/\/dpress.ma\/fr\/#website"},"primaryImageOfPage":{"@id":"https:\/\/dpress.ma\/fr\/2026\/02\/28\/le-president-trump-sentretient-avec-les-dirigeants-de-larabie-saoudite-du-qatar-et-des-emirats-arabes-unis-maison-blanche\/#primaryimage"},"image":{"@id":"https:\/\/dpress.ma\/fr\/2026\/02\/28\/le-president-trump-sentretient-avec-les-dirigeants-de-larabie-saoudite-du-qatar-et-des-emirats-arabes-unis-maison-blanche\/#primaryimage"},"thumbnailUrl":"https:\/\/dpress.ma\/fr\/wp-content\/uploads\/sites\/2\/2025\/05\/trump.png","datePublished":"2026-02-28T21:01:40+00:00","dateModified":"2026-02-28T21:01:44+00:00","author":{"@id":"https:\/\/dpress.ma\/fr\/#\/schema\/person\/4898febf3ccd59e6578d838656a306a0"},"breadcrumb":{"@id":"https:\/\/dpress.ma\/fr\/2026\/02\/28\/le-president-trump-sentretient-avec-les-dirigeants-de-larabie-saoudite-du-qatar-et-des-emirats-arabes-unis-maison-blanche\/#breadcrumb"},"inLanguage":"fr-FR","potentialAction":[{"@type":"ReadAction","target":["https:\/\/dpress.ma\/fr\/2026\/02\/28\/le-president-trump-sentretient-avec-les-dirigeants-de-larabie-saoudite-du-qatar-et-des-emirats-arabes-unis-maison-blanche\/"]}]},{"@type":"ImageObject","inLanguage":"fr-FR","@id":"https:\/\/dpress.ma\/fr\/2026\/02\/28\/le-president-trump-sentretient-avec-les-dirigeants-de-larabie-saoudite-du-qatar-et-des-emirats-arabes-unis-maison-blanche\/#primaryimage","url":"https:\/\/dpress.ma\/fr\/wp-content\/uploads\/sites\/2\/2025\/05\/trump.png","contentUrl":"https:\/\/dpress.ma\/fr\/wp-content\/uploads\/sites\/2\/2025\/05\/trump.png","width":780,"height":470},{"@type":"BreadcrumbList","@id":"https:\/\/dpress.ma\/fr\/2026\/02\/28\/le-president-trump-sentretient-avec-les-dirigeants-de-larabie-saoudite-du-qatar-et-des-emirats-arabes-unis-maison-blanche\/#breadcrumb","itemListElement":[{"@type":"ListItem","position":1,"name":"Home","item":"https:\/\/dpress.ma\/fr\/"},{"@type":"ListItem","position":2,"name":"Le pr\u00e9sident Trump s\u2019entretient avec les dirigeants de l\u2019Arabie Saoudite, du Qatar et des \u00c9mirats Arabes Unis (Maison Blanche)"}]},{"@type":"WebSite","@id":"https:\/\/dpress.ma\/fr\/#website","url":"https:\/\/dpress.ma\/fr\/","name":"Dpress.ma\/fr","description":"","potentialAction":[{"@type":"SearchAction","target":{"@type":"EntryPoint","urlTemplate":"https:\/\/dpress.ma\/fr\/?s={search_term_string}"},"query-input":{"@type":"PropertyValueSpecification","valueRequired":true,"valueName":"search_term_string"}}],"inLanguage":"fr-FR"},{"@type":"Person","@id":"https:\/\/dpress.ma\/fr\/#\/schema\/person\/4898febf3ccd59e6578d838656a306a0","name":"Dpress.ma","image":{"@type":"ImageObject","inLanguage":"fr-FR","@id":"https:\/\/secure.gravatar.com\/avatar\/72ecc30e9db047a2e0e7176561eb9d564ed77c8108376495b19bd8336405198a?s=96&d=mm&r=g","url":"https:\/\/secure.gravatar.com\/avatar\/72ecc30e9db047a2e0e7176561eb9d564ed77c8108376495b19bd8336405198a?s=96&d=mm&r=g","contentUrl":"https:\/\/secure.gravatar.com\/avatar\/72ecc30e9db047a2e0e7176561eb9d564ed77c8108376495b19bd8336405198a?s=96&d=mm&r=g","caption":"Dpress.ma"},"sameAs":["https:\/\/www.dpress.ma"],"url":"https:\/\/dpress.ma\/fr\/author\/dpress-ma\/"}]}},"amp_enabled":true,"_links":{"self":[{"href":"https:\/\/dpress.ma\/fr\/wp-json\/wp\/v2\/posts\/24892","targetHints":{"allow":["GET"]}}],"collection":[{"href":"https:\/\/dpress.ma\/fr\/wp-json\/wp\/v2\/posts"}],"about":[{"href":"https:\/\/dpress.ma\/fr\/wp-json\/wp\/v2\/types\/post"}],"author":[{"embeddable":true,"href":"https:\/\/dpress.ma\/fr\/wp-json\/wp\/v2\/users\/2"}],"replies":[{"embeddable":true,"href":"https:\/\/dpress.ma\/fr\/wp-json\/wp\/v2\/comments?post=24892"}],"version-history":[{"count":1,"href":"https:\/\/dpress.ma\/fr\/wp-json\/wp\/v2\/posts\/24892\/revisions"}],"predecessor-version":[{"id":24893,"href":"https:\/\/dpress.ma\/fr\/wp-json\/wp\/v2\/posts\/24892\/revisions\/24893"}],"wp:featuredmedia":[{"embeddable":true,"href":"https:\/\/dpress.ma\/fr\/wp-json\/wp\/v2\/media\/14630"}],"wp:attachment":[{"href":"https:\/\/dpress.ma\/fr\/wp-json\/wp\/v2\/media?parent=24892"}],"wp:term":[{"taxonomy":"category","embeddable":true,"href":"https:\/\/dpress.ma\/fr\/wp-json\/wp\/v2\/categories?post=24892"},{"taxonomy":"post_tag","embeddable":true,"href":"https:\/\/dpress.ma\/fr\/wp-json\/wp\/v2\/tags?post=24892"}],"curies":[{"name":"wp","href":"https:\/\/api.w.org\/{rel}","templated":true}]}}