{"id":24889,"date":"2026-02-28T19:57:00","date_gmt":"2026-02-28T19:57:00","guid":{"rendered":"https:\/\/dpress.ma\/fr\/?p=24889"},"modified":"2026-02-28T21:00:33","modified_gmt":"2026-02-28T21:00:33","slug":"parution-dun-nouveau-numero-de-la-revue-des-far-2","status":"publish","type":"post","link":"https:\/\/dpress.ma\/fr\/2026\/02\/28\/parution-dun-nouveau-numero-de-la-revue-des-far-2\/","title":{"rendered":"Parution d\u2019un nouveau num\u00e9ro de la revue des FAR"},"content":{"rendered":"\n<p>Dpress<\/p>\n\n\n\n<p>Un nouveau num\u00e9ro de la Revue des Forces Arm\u00e9es Royales (FAR) vient de para\u00eetre, proposant aux lecteurs une panoplie de sujets d\u2019actualit\u00e9, ainsi qu\u2019un dossier sur l\u2019Agence de logements et d\u2019\u00e9quipements militaires (ALEM).<\/p>\n\n\n\n<p>Dans la rubrique \u201cActivit\u00e9s Royales\u201d de son 431e num\u00e9ro, la publication bimestrielle (d\u00e9cembre 2025 \u2013 janvier 2026) rel\u00e8ve que SM le Roi Mohammed VI a pr\u00e9sid\u00e9, le 28 janvier 2026 au Palais Royal de Casablanca, une r\u00e9union de travail consacr\u00e9e au nouveau complexe portuaire et industriel de Nador West Med. Le magazine indique en outre que Sa Majest\u00e9 le Roi a bien voulu r\u00e9pondre favorablement \u00e0 l\u2019invitation du Pr\u00e9sident Donald J Trump pour devenir Membre Fondateur du Conseil de Paix.<\/p>\n\n\n\n<p>Dans la rubrique Zoom consacr\u00e9e \u00e0 \u201cL\u2019op\u00e9ration Grand Froid\u201d, la revue \u00e9crit qu\u2019en ex\u00e9cution des Hautes Instructions de Sa Majest\u00e9 le Roi Mohammed VI, Chef Supr\u00eame et Chef d\u2019Etat-Major G\u00e9n\u00e9ral des Forces Arm\u00e9es Royales, les FAR ont pr\u00e9c\u00e9d\u00e9 au d\u00e9ploiement de trois h\u00f4pitaux m\u00e9dico-chirurgicaux de campagne, \u00e0 partir du 20 d\u00e9cembre 2025, dans les communes d\u2019Ait M\u2019hamed dans la province d\u2019Azilal, de Ouirgane dans la province d\u2019Al Haouz et de Toufnite relevant de la province de Midelt.<\/p>\n\n\n\n<p>\u201cCette initiative s\u2019inscrit dans le cadre de la Haute Sollicitude dont Sa Majest\u00e9 le Roi, que Dieu L\u2019assiste, ne cesse d\u2019entourer les populations du monde rural, particuli\u00e8rement celles r\u00e9sidant dans les zones montagneuses confront\u00e9es \u00e0 des conditions climatiques difficiles et \u00e0 une chute importante des temp\u00e9ratures en cette p\u00e9riode de l\u2019ann\u00e9e\u201d, fait savoir le magazine.<\/p>\n\n\n\n<p>Dans la rubrique \u201cLa vie dans les Arm\u00e9es\u201d, la revue indique que&nbsp;Sur Hautes Instructions de SM le Roi Mohammed VI, Chef Supr\u00eame et Chef d\u2019Etat-Major G\u00e9n\u00e9ral des Forces Arm\u00e9es Royales, une&nbsp;mobilisation coordonn\u00e9e et int\u00e9gr\u00e9e de l\u2019ensemble des services concern\u00e9s, a \u00e9t\u00e9 engag\u00e9e d\u00e8s les premi\u00e8res alertes m\u00e9t\u00e9orologiques, afin de faire face aux cons\u00e9quences des intemp\u00e9ries exceptionnelles qui ont touch\u00e9 plusieurs r\u00e9gions du Royaume.<\/p>\n\n\n\n<p>La publication, revient aussi sur l\u2019organisation, en deux \u00e9ditions, \u00e0 l\u2019\u00c9cole des Langues des Forces Arm\u00e9es Royales, du Cours de base sur la th\u00e9matique \u201cfemmes, paix et s\u00e9curit\u00e9 (FPS)\u201d, au profit des Points Focaux Genre repr\u00e9sentant diff\u00e9rents organes et institutions, encadr\u00e9s par plus d\u2019une douzaine de formateurs qualifi\u00e9s, dont les membres du comit\u00e9 FPS, charg\u00e9 de piloter ce chantier.<\/p>\n\n\n\n<p>Sous le titre \u201cL\u2019Agence de logements et d\u2019\u00e9quipements militaires, B\u00e2tir, moderniser et accompagner\u201d, le Dossier sp\u00e9cial de ce num\u00e9ro met en lumi\u00e8re \u201cl\u2019action d\u2019un \u00e9tablissement public dont les r\u00e9alisations ont un impact direct et durable sur la vie quotidienne des militaires et de leurs familles\u201d.<\/p>\n\n\n\n<p>\u00c0 travers ce dossier, la revue entend \u201cmettre \u00e0 jour\u201d une exp\u00e9rience institutionnelle fond\u00e9e sur la proximit\u00e9, la solidarit\u00e9 et l\u2019anticipation, en op\u00e9rant un \u00e9clairage concret sur les programmes de logement, les projets sociaux et les chantiers de modernisation qui accompagnent les grandes orientations nationales en ex\u00e9cution des Hautes Instructions Royales.<\/p>\n\n\n\n<p>C\u00f4t\u00e9 sant\u00e9, cette \u00e9dition de la revue des FAR souligne que l\u2019H\u00f4pital Militaire d\u2019Instruction Mohammed V de Rabat a r\u00e9alis\u00e9 avec succ\u00e8s quatre op\u00e9rations chirurgicales d\u00e9licates pour retirer des tumeurs au niveau des reins et de la prostate, en utilisant les derni\u00e8res technologies de chirurgie robotique.<\/p>\n\n\n\n<p>Ces interventions de haute pr\u00e9cision, poursuit la m\u00eame source, s\u2019inscrivent dans le cadre de la Vision Clairvoyante de Sa Majest\u00e9 le Roi Mohammed VI, Chef Supr\u00eame et Chef d\u2019Etat-Major G\u00e9n\u00e9ral des Forces Arm\u00e9es Royales, visant la modernisation continue de l\u2019offre de soins nationale et le renforcement des capacit\u00e9s des services de Sant\u00e9 Militaire.<\/p>\n\n\n\n<p>Dans la rubrique \u201cCoop\u00e9ration militaire internationale\u201d, la revue indique que Sur Hautes Instructions de SM le Roi, Chef Supr\u00eame et Chef d\u2019Etat-Major G\u00e9n\u00e9ral des Forces Arm\u00e9es Royales, le G\u00e9n\u00e9ral de Corps d\u2019Arm\u00e9e, Mohammed Berrid, Inspecteur G\u00e9n\u00e9ral des FAR et Commandant la Zone Sud, \u00e0 la t\u00eate d\u2019une importante d\u00e9l\u00e9gation militaire, a copr\u00e9sid\u00e9 avec le G\u00e9n\u00e9ral d\u2019Arm\u00e9e A\u00e9rienne Fabien Mandon, Chef d\u2019Etat-Major des Arm\u00e9es (CEMA) de la R\u00e9publique Fran\u00e7aise, les 9 et 10 d\u00e9cembre 2025, \u00e0 Paris, la 23e r\u00e9union de la Commission Militaire Mixte Maroco-Fran\u00e7aise.<\/p>\n\n\n\n<p>Le magazine rappelle, en outre, qu\u2019en partenariat avec le Commandement des Etats-Unis pour l\u2019Afrique (AFRICOM), les FAR ont accueilli, du 8 au 12 d\u00e9cembre, l\u2019Atelier de l\u2019Alliance des Partenaires Africains pour la R\u00e9ponse aux \u00e9pid\u00e9mies (APORA Maroc 2025), un rendez vous majeur d\u00e9di\u00e9 \u00e0 la pr\u00e9paration et \u00e0 la r\u00e9ponse aux \u00e9pid\u00e9mies sur le continent.<\/p>\n\n\n\n<p>Dans le volet sportif, le magazine rapporte que la cinqui\u00e8me \u00e9dition des jeux nationaux des Appel\u00e9s du 40e contingent des FAR a \u00e9t\u00e9 organis\u00e9e, du 13 au 22 d\u00e9cembre 2025 \u00e0 Guercif, par la Direction g\u00e9n\u00e9rale des sports interarm\u00e9es.<\/p>\n\n\n\n<p>S\u2019inscrivant r\u00e9solument dans le cadre de la Haute Sollicitude Royale au profit des Appel\u00e9s au service militaire, cet \u00e9v\u00e9nement sportif national vise \u00e0 promouvoir le sport en tant que pilier de l\u2019\u00e9ducation et de la formation g\u00e9n\u00e9rale du militaire, et \u00e0 consacrer les valeurs de droiture, d\u2019engagement et du sens de la responsabilit\u00e9, \u00e9crit la revue.<\/p>\n","protected":false},"excerpt":{"rendered":"<p>Dpress Un nouveau num\u00e9ro de la Revue des Forces Arm\u00e9es Royales (FAR) vient de para\u00eetre, proposant aux lecteurs une panoplie de sujets d\u2019actualit\u00e9, ainsi qu\u2019un dossier sur l\u2019Agence de logements et d\u2019\u00e9quipements militaires (ALEM). Dans la rubrique \u201cActivit\u00e9s Royales\u201d de son 431e num\u00e9ro, la publication bimestrielle (d\u00e9cembre 2025 \u2013 janvier 2026) rel\u00e8ve que SM le &hellip;<\/p>\n","protected":false},"author":2,"featured_media":24890,"comment_status":"open","ping_status":"open","sticky":false,"template":"","format":"standard","meta":{"footnotes":""},"categories":[40],"tags":[],"class_list":["post-24889","post","type-post","status-publish","format-standard","has-post-thumbnail","hentry","category-societe-et-regions"],"yoast_head":"<!-- This site is optimized with the Yoast SEO plugin v27.5 - https:\/\/yoast.com\/product\/yoast-seo-wordpress\/ -->\n<title>Parution d\u2019un nouveau num\u00e9ro de la revue des FAR - Dpress.ma\/fr<\/title>\n<meta name=\"robots\" content=\"index, follow, max-snippet:-1, max-image-preview:large, max-video-preview:-1\" \/>\n<link rel=\"canonical\" href=\"https:\/\/dpress.ma\/fr\/2026\/02\/28\/parution-dun-nouveau-numero-de-la-revue-des-far-2\/\" \/>\n<meta property=\"og:locale\" content=\"fr_FR\" \/>\n<meta property=\"og:type\" content=\"article\" \/>\n<meta property=\"og:title\" content=\"Parution d\u2019un nouveau num\u00e9ro de la revue des FAR - Dpress.ma\/fr\" \/>\n<meta property=\"og:description\" content=\"Dpress Un nouveau num\u00e9ro de la Revue des Forces Arm\u00e9es Royales (FAR) vient de para\u00eetre, proposant aux lecteurs une panoplie de sujets d\u2019actualit\u00e9, ainsi qu\u2019un dossier sur l\u2019Agence de logements et d\u2019\u00e9quipements militaires (ALEM). Dans la rubrique \u201cActivit\u00e9s Royales\u201d de son 431e num\u00e9ro, la publication bimestrielle (d\u00e9cembre 2025 \u2013 janvier 2026) rel\u00e8ve que SM le &hellip;\" \/>\n<meta property=\"og:url\" content=\"https:\/\/dpress.ma\/fr\/2026\/02\/28\/parution-dun-nouveau-numero-de-la-revue-des-far-2\/\" \/>\n<meta property=\"og:site_name\" content=\"Dpress.ma\/fr\" \/>\n<meta property=\"article:published_time\" content=\"2026-02-28T19:57:00+00:00\" \/>\n<meta property=\"article:modified_time\" content=\"2026-02-28T21:00:33+00:00\" \/>\n<meta property=\"og:image\" content=\"https:\/\/dpress.ma\/fr\/wp-content\/uploads\/sites\/2\/2026\/02\/la-Revue-des-Forces-Armees-Royales-FAR.png\" \/>\n\t<meta property=\"og:image:width\" content=\"780\" \/>\n\t<meta property=\"og:image:height\" content=\"470\" \/>\n\t<meta property=\"og:image:type\" content=\"image\/png\" \/>\n<meta name=\"author\" content=\"Dpress.ma\" \/>\n<meta name=\"twitter:card\" content=\"summary_large_image\" \/>\n<meta name=\"twitter:label1\" content=\"\u00c9crit par\" \/>\n\t<meta name=\"twitter:data1\" content=\"Dpress.ma\" \/>\n\t<meta name=\"twitter:label2\" content=\"Dur\u00e9e de lecture estim\u00e9e\" \/>\n\t<meta name=\"twitter:data2\" content=\"5 minutes\" \/>\n<script type=\"application\/ld+json\" class=\"yoast-schema-graph\">{\"@context\":\"https:\\\/\\\/schema.org\",\"@graph\":[{\"@type\":\"Article\",\"@id\":\"https:\\\/\\\/dpress.ma\\\/fr\\\/2026\\\/02\\\/28\\\/parution-dun-nouveau-numero-de-la-revue-des-far-2\\\/#article\",\"isPartOf\":{\"@id\":\"https:\\\/\\\/dpress.ma\\\/fr\\\/2026\\\/02\\\/28\\\/parution-dun-nouveau-numero-de-la-revue-des-far-2\\\/\"},\"author\":{\"name\":\"Dpress.ma\",\"@id\":\"https:\\\/\\\/dpress.ma\\\/fr\\\/#\\\/schema\\\/person\\\/4898febf3ccd59e6578d838656a306a0\"},\"headline\":\"Parution d\u2019un nouveau num\u00e9ro de la revue des FAR\",\"datePublished\":\"2026-02-28T19:57:00+00:00\",\"dateModified\":\"2026-02-28T21:00:33+00:00\",\"mainEntityOfPage\":{\"@id\":\"https:\\\/\\\/dpress.ma\\\/fr\\\/2026\\\/02\\\/28\\\/parution-dun-nouveau-numero-de-la-revue-des-far-2\\\/\"},\"wordCount\":946,\"commentCount\":0,\"image\":{\"@id\":\"https:\\\/\\\/dpress.ma\\\/fr\\\/2026\\\/02\\\/28\\\/parution-dun-nouveau-numero-de-la-revue-des-far-2\\\/#primaryimage\"},\"thumbnailUrl\":\"https:\\\/\\\/dpress.ma\\\/fr\\\/wp-content\\\/uploads\\\/sites\\\/2\\\/2026\\\/02\\\/la-Revue-des-Forces-Armees-Royales-FAR.png\",\"articleSection\":[\"societe et regions\"],\"inLanguage\":\"fr-FR\",\"potentialAction\":[{\"@type\":\"CommentAction\",\"name\":\"Comment\",\"target\":[\"https:\\\/\\\/dpress.ma\\\/fr\\\/2026\\\/02\\\/28\\\/parution-dun-nouveau-numero-de-la-revue-des-far-2\\\/#respond\"]}]},{\"@type\":\"WebPage\",\"@id\":\"https:\\\/\\\/dpress.ma\\\/fr\\\/2026\\\/02\\\/28\\\/parution-dun-nouveau-numero-de-la-revue-des-far-2\\\/\",\"url\":\"https:\\\/\\\/dpress.ma\\\/fr\\\/2026\\\/02\\\/28\\\/parution-dun-nouveau-numero-de-la-revue-des-far-2\\\/\",\"name\":\"Parution d\u2019un nouveau num\u00e9ro de la revue des FAR - Dpress.ma\\\/fr\",\"isPartOf\":{\"@id\":\"https:\\\/\\\/dpress.ma\\\/fr\\\/#website\"},\"primaryImageOfPage\":{\"@id\":\"https:\\\/\\\/dpress.ma\\\/fr\\\/2026\\\/02\\\/28\\\/parution-dun-nouveau-numero-de-la-revue-des-far-2\\\/#primaryimage\"},\"image\":{\"@id\":\"https:\\\/\\\/dpress.ma\\\/fr\\\/2026\\\/02\\\/28\\\/parution-dun-nouveau-numero-de-la-revue-des-far-2\\\/#primaryimage\"},\"thumbnailUrl\":\"https:\\\/\\\/dpress.ma\\\/fr\\\/wp-content\\\/uploads\\\/sites\\\/2\\\/2026\\\/02\\\/la-Revue-des-Forces-Armees-Royales-FAR.png\",\"datePublished\":\"2026-02-28T19:57:00+00:00\",\"dateModified\":\"2026-02-28T21:00:33+00:00\",\"author\":{\"@id\":\"https:\\\/\\\/dpress.ma\\\/fr\\\/#\\\/schema\\\/person\\\/4898febf3ccd59e6578d838656a306a0\"},\"breadcrumb\":{\"@id\":\"https:\\\/\\\/dpress.ma\\\/fr\\\/2026\\\/02\\\/28\\\/parution-dun-nouveau-numero-de-la-revue-des-far-2\\\/#breadcrumb\"},\"inLanguage\":\"fr-FR\",\"potentialAction\":[{\"@type\":\"ReadAction\",\"target\":[\"https:\\\/\\\/dpress.ma\\\/fr\\\/2026\\\/02\\\/28\\\/parution-dun-nouveau-numero-de-la-revue-des-far-2\\\/\"]}]},{\"@type\":\"ImageObject\",\"inLanguage\":\"fr-FR\",\"@id\":\"https:\\\/\\\/dpress.ma\\\/fr\\\/2026\\\/02\\\/28\\\/parution-dun-nouveau-numero-de-la-revue-des-far-2\\\/#primaryimage\",\"url\":\"https:\\\/\\\/dpress.ma\\\/fr\\\/wp-content\\\/uploads\\\/sites\\\/2\\\/2026\\\/02\\\/la-Revue-des-Forces-Armees-Royales-FAR.png\",\"contentUrl\":\"https:\\\/\\\/dpress.ma\\\/fr\\\/wp-content\\\/uploads\\\/sites\\\/2\\\/2026\\\/02\\\/la-Revue-des-Forces-Armees-Royales-FAR.png\",\"width\":780,\"height\":470},{\"@type\":\"BreadcrumbList\",\"@id\":\"https:\\\/\\\/dpress.ma\\\/fr\\\/2026\\\/02\\\/28\\\/parution-dun-nouveau-numero-de-la-revue-des-far-2\\\/#breadcrumb\",\"itemListElement\":[{\"@type\":\"ListItem\",\"position\":1,\"name\":\"Home\",\"item\":\"https:\\\/\\\/dpress.ma\\\/fr\\\/\"},{\"@type\":\"ListItem\",\"position\":2,\"name\":\"Parution d\u2019un nouveau num\u00e9ro de la revue des FAR\"}]},{\"@type\":\"WebSite\",\"@id\":\"https:\\\/\\\/dpress.ma\\\/fr\\\/#website\",\"url\":\"https:\\\/\\\/dpress.ma\\\/fr\\\/\",\"name\":\"Dpress.ma\\\/fr\",\"description\":\"\",\"potentialAction\":[{\"@type\":\"SearchAction\",\"target\":{\"@type\":\"EntryPoint\",\"urlTemplate\":\"https:\\\/\\\/dpress.ma\\\/fr\\\/?s={search_term_string}\"},\"query-input\":{\"@type\":\"PropertyValueSpecification\",\"valueRequired\":true,\"valueName\":\"search_term_string\"}}],\"inLanguage\":\"fr-FR\"},{\"@type\":\"Person\",\"@id\":\"https:\\\/\\\/dpress.ma\\\/fr\\\/#\\\/schema\\\/person\\\/4898febf3ccd59e6578d838656a306a0\",\"name\":\"Dpress.ma\",\"image\":{\"@type\":\"ImageObject\",\"inLanguage\":\"fr-FR\",\"@id\":\"https:\\\/\\\/secure.gravatar.com\\\/avatar\\\/72ecc30e9db047a2e0e7176561eb9d564ed77c8108376495b19bd8336405198a?s=96&d=mm&r=g\",\"url\":\"https:\\\/\\\/secure.gravatar.com\\\/avatar\\\/72ecc30e9db047a2e0e7176561eb9d564ed77c8108376495b19bd8336405198a?s=96&d=mm&r=g\",\"contentUrl\":\"https:\\\/\\\/secure.gravatar.com\\\/avatar\\\/72ecc30e9db047a2e0e7176561eb9d564ed77c8108376495b19bd8336405198a?s=96&d=mm&r=g\",\"caption\":\"Dpress.ma\"},\"sameAs\":[\"https:\\\/\\\/www.dpress.ma\"],\"url\":\"https:\\\/\\\/dpress.ma\\\/fr\\\/author\\\/dpress-ma\\\/\"}]}<\/script>\n<!-- \/ Yoast SEO plugin. -->","yoast_head_json":{"title":"Parution d\u2019un nouveau num\u00e9ro de la revue des FAR - Dpress.ma\/fr","robots":{"index":"index","follow":"follow","max-snippet":"max-snippet:-1","max-image-preview":"max-image-preview:large","max-video-preview":"max-video-preview:-1"},"canonical":"https:\/\/dpress.ma\/fr\/2026\/02\/28\/parution-dun-nouveau-numero-de-la-revue-des-far-2\/","og_locale":"fr_FR","og_type":"article","og_title":"Parution d\u2019un nouveau num\u00e9ro de la revue des FAR - Dpress.ma\/fr","og_description":"Dpress Un nouveau num\u00e9ro de la Revue des Forces Arm\u00e9es Royales (FAR) vient de para\u00eetre, proposant aux lecteurs une panoplie de sujets d\u2019actualit\u00e9, ainsi qu\u2019un dossier sur l\u2019Agence de logements et d\u2019\u00e9quipements militaires (ALEM). Dans la rubrique \u201cActivit\u00e9s Royales\u201d de son 431e num\u00e9ro, la publication bimestrielle (d\u00e9cembre 2025 \u2013 janvier 2026) rel\u00e8ve que SM le &hellip;","og_url":"https:\/\/dpress.ma\/fr\/2026\/02\/28\/parution-dun-nouveau-numero-de-la-revue-des-far-2\/","og_site_name":"Dpress.ma\/fr","article_published_time":"2026-02-28T19:57:00+00:00","article_modified_time":"2026-02-28T21:00:33+00:00","og_image":[{"width":780,"height":470,"url":"https:\/\/dpress.ma\/fr\/wp-content\/uploads\/sites\/2\/2026\/02\/la-Revue-des-Forces-Armees-Royales-FAR.png","type":"image\/png"}],"author":"Dpress.ma","twitter_card":"summary_large_image","twitter_misc":{"\u00c9crit par":"Dpress.ma","Dur\u00e9e de lecture estim\u00e9e":"5 minutes"},"schema":{"@context":"https:\/\/schema.org","@graph":[{"@type":"Article","@id":"https:\/\/dpress.ma\/fr\/2026\/02\/28\/parution-dun-nouveau-numero-de-la-revue-des-far-2\/#article","isPartOf":{"@id":"https:\/\/dpress.ma\/fr\/2026\/02\/28\/parution-dun-nouveau-numero-de-la-revue-des-far-2\/"},"author":{"name":"Dpress.ma","@id":"https:\/\/dpress.ma\/fr\/#\/schema\/person\/4898febf3ccd59e6578d838656a306a0"},"headline":"Parution d\u2019un nouveau num\u00e9ro de la revue des FAR","datePublished":"2026-02-28T19:57:00+00:00","dateModified":"2026-02-28T21:00:33+00:00","mainEntityOfPage":{"@id":"https:\/\/dpress.ma\/fr\/2026\/02\/28\/parution-dun-nouveau-numero-de-la-revue-des-far-2\/"},"wordCount":946,"commentCount":0,"image":{"@id":"https:\/\/dpress.ma\/fr\/2026\/02\/28\/parution-dun-nouveau-numero-de-la-revue-des-far-2\/#primaryimage"},"thumbnailUrl":"https:\/\/dpress.ma\/fr\/wp-content\/uploads\/sites\/2\/2026\/02\/la-Revue-des-Forces-Armees-Royales-FAR.png","articleSection":["societe et regions"],"inLanguage":"fr-FR","potentialAction":[{"@type":"CommentAction","name":"Comment","target":["https:\/\/dpress.ma\/fr\/2026\/02\/28\/parution-dun-nouveau-numero-de-la-revue-des-far-2\/#respond"]}]},{"@type":"WebPage","@id":"https:\/\/dpress.ma\/fr\/2026\/02\/28\/parution-dun-nouveau-numero-de-la-revue-des-far-2\/","url":"https:\/\/dpress.ma\/fr\/2026\/02\/28\/parution-dun-nouveau-numero-de-la-revue-des-far-2\/","name":"Parution d\u2019un nouveau num\u00e9ro de la revue des FAR - Dpress.ma\/fr","isPartOf":{"@id":"https:\/\/dpress.ma\/fr\/#website"},"primaryImageOfPage":{"@id":"https:\/\/dpress.ma\/fr\/2026\/02\/28\/parution-dun-nouveau-numero-de-la-revue-des-far-2\/#primaryimage"},"image":{"@id":"https:\/\/dpress.ma\/fr\/2026\/02\/28\/parution-dun-nouveau-numero-de-la-revue-des-far-2\/#primaryimage"},"thumbnailUrl":"https:\/\/dpress.ma\/fr\/wp-content\/uploads\/sites\/2\/2026\/02\/la-Revue-des-Forces-Armees-Royales-FAR.png","datePublished":"2026-02-28T19:57:00+00:00","dateModified":"2026-02-28T21:00:33+00:00","author":{"@id":"https:\/\/dpress.ma\/fr\/#\/schema\/person\/4898febf3ccd59e6578d838656a306a0"},"breadcrumb":{"@id":"https:\/\/dpress.ma\/fr\/2026\/02\/28\/parution-dun-nouveau-numero-de-la-revue-des-far-2\/#breadcrumb"},"inLanguage":"fr-FR","potentialAction":[{"@type":"ReadAction","target":["https:\/\/dpress.ma\/fr\/2026\/02\/28\/parution-dun-nouveau-numero-de-la-revue-des-far-2\/"]}]},{"@type":"ImageObject","inLanguage":"fr-FR","@id":"https:\/\/dpress.ma\/fr\/2026\/02\/28\/parution-dun-nouveau-numero-de-la-revue-des-far-2\/#primaryimage","url":"https:\/\/dpress.ma\/fr\/wp-content\/uploads\/sites\/2\/2026\/02\/la-Revue-des-Forces-Armees-Royales-FAR.png","contentUrl":"https:\/\/dpress.ma\/fr\/wp-content\/uploads\/sites\/2\/2026\/02\/la-Revue-des-Forces-Armees-Royales-FAR.png","width":780,"height":470},{"@type":"BreadcrumbList","@id":"https:\/\/dpress.ma\/fr\/2026\/02\/28\/parution-dun-nouveau-numero-de-la-revue-des-far-2\/#breadcrumb","itemListElement":[{"@type":"ListItem","position":1,"name":"Home","item":"https:\/\/dpress.ma\/fr\/"},{"@type":"ListItem","position":2,"name":"Parution d\u2019un nouveau num\u00e9ro de la revue des FAR"}]},{"@type":"WebSite","@id":"https:\/\/dpress.ma\/fr\/#website","url":"https:\/\/dpress.ma\/fr\/","name":"Dpress.ma\/fr","description":"","potentialAction":[{"@type":"SearchAction","target":{"@type":"EntryPoint","urlTemplate":"https:\/\/dpress.ma\/fr\/?s={search_term_string}"},"query-input":{"@type":"PropertyValueSpecification","valueRequired":true,"valueName":"search_term_string"}}],"inLanguage":"fr-FR"},{"@type":"Person","@id":"https:\/\/dpress.ma\/fr\/#\/schema\/person\/4898febf3ccd59e6578d838656a306a0","name":"Dpress.ma","image":{"@type":"ImageObject","inLanguage":"fr-FR","@id":"https:\/\/secure.gravatar.com\/avatar\/72ecc30e9db047a2e0e7176561eb9d564ed77c8108376495b19bd8336405198a?s=96&d=mm&r=g","url":"https:\/\/secure.gravatar.com\/avatar\/72ecc30e9db047a2e0e7176561eb9d564ed77c8108376495b19bd8336405198a?s=96&d=mm&r=g","contentUrl":"https:\/\/secure.gravatar.com\/avatar\/72ecc30e9db047a2e0e7176561eb9d564ed77c8108376495b19bd8336405198a?s=96&d=mm&r=g","caption":"Dpress.ma"},"sameAs":["https:\/\/www.dpress.ma"],"url":"https:\/\/dpress.ma\/fr\/author\/dpress-ma\/"}]}},"amp_enabled":true,"_links":{"self":[{"href":"https:\/\/dpress.ma\/fr\/wp-json\/wp\/v2\/posts\/24889","targetHints":{"allow":["GET"]}}],"collection":[{"href":"https:\/\/dpress.ma\/fr\/wp-json\/wp\/v2\/posts"}],"about":[{"href":"https:\/\/dpress.ma\/fr\/wp-json\/wp\/v2\/types\/post"}],"author":[{"embeddable":true,"href":"https:\/\/dpress.ma\/fr\/wp-json\/wp\/v2\/users\/2"}],"replies":[{"embeddable":true,"href":"https:\/\/dpress.ma\/fr\/wp-json\/wp\/v2\/comments?post=24889"}],"version-history":[{"count":1,"href":"https:\/\/dpress.ma\/fr\/wp-json\/wp\/v2\/posts\/24889\/revisions"}],"predecessor-version":[{"id":24891,"href":"https:\/\/dpress.ma\/fr\/wp-json\/wp\/v2\/posts\/24889\/revisions\/24891"}],"wp:featuredmedia":[{"embeddable":true,"href":"https:\/\/dpress.ma\/fr\/wp-json\/wp\/v2\/media\/24890"}],"wp:attachment":[{"href":"https:\/\/dpress.ma\/fr\/wp-json\/wp\/v2\/media?parent=24889"}],"wp:term":[{"taxonomy":"category","embeddable":true,"href":"https:\/\/dpress.ma\/fr\/wp-json\/wp\/v2\/categories?post=24889"},{"taxonomy":"post_tag","embeddable":true,"href":"https:\/\/dpress.ma\/fr\/wp-json\/wp\/v2\/tags?post=24889"}],"curies":[{"name":"wp","href":"https:\/\/api.w.org\/{rel}","templated":true}]}}