{"id":2465,"date":"2022-11-10T16:50:16","date_gmt":"2022-11-10T16:50:16","guid":{"rendered":"https:\/\/dpress.ma\/fr\/?p=2465"},"modified":"2022-11-10T16:50:18","modified_gmt":"2022-11-10T16:50:18","slug":"sahara-le-plan-dautonomie-une-bonne-base-pour-une-solution-acceptee-par-toutes-les-parties-ministre-president-de-la-wallonie","status":"publish","type":"post","link":"https:\/\/dpress.ma\/fr\/2022\/11\/10\/sahara-le-plan-dautonomie-une-bonne-base-pour-une-solution-acceptee-par-toutes-les-parties-ministre-president-de-la-wallonie\/","title":{"rendered":"Sahara: Le plan d\u2019autonomie, \u201cune bonne base\u201d pour une solution accept\u00e9e par toutes les parties (Ministre-Pr\u00e9sident de la Wallonie)"},"content":{"rendered":"\n<p>Dpress<\/p>\n\n\n\n<p>La Wallonie consid\u00e8re le plan d\u2019autonomie, pr\u00e9sent\u00e9 en 2007 par le Maroc, comme \u201cune bonne base\u201d pour une solution accept\u00e9e par toutes les parties concernant la question du Sahara, a affirm\u00e9, jeudi \u00e0 Rabat, le Ministre-Pr\u00e9sident de cette r\u00e9gion belge, Elio Di Rupo.<\/p>\n\n\n\n<p>Le plan marocain d\u2019autonomie constitue \u201cun effort s\u00e9rieux et cr\u00e9dible\u201d du Royaume, a soulign\u00e9 M. Di Rupo dans une d\u00e9claration \u00e0 la presse \u00e0 l\u2019issue de ses entretiens avec le ministre des Affaires \u00e9trang\u00e8res, de la Coop\u00e9ration africaine et des Marocains r\u00e9sidant \u00e0 l\u2019\u00e9tranger, M. Nasser Bourita.<\/p>\n\n\n\n<p>Il a \u00e9galement indiqu\u00e9 que la Wallonie soutient les efforts des Nations Unies pour une solution politique juste, durable et mutuellement acceptable \u00e0 la question du Sahara.<\/p>\n\n\n\n<p>La Wallonie, qui est une entit\u00e9 f\u00e9d\u00e9r\u00e9e de la Belgique, est li\u00e9e par des accords de coop\u00e9ration avec le Maroc depuis 1999, a-t-il, en outre, rappel\u00e9, faisant savoir que cette coop\u00e9ration va se poursuivre avec un nouvel accord pour une p\u00e9riode de cinq ans.<\/p>\n\n\n\n<p>Le responsable a, par ailleurs, indiqu\u00e9 que ses entretiens avec M. Bourita ont \u00e9t\u00e9 l\u2019occasion d\u2019\u00e9voquer le r\u00f4le majeur du Royaume dans les relations avec l\u2019Union Europ\u00e9enne, citant plus particuli\u00e8rement, dans ce cadre, le partenariat vert sign\u00e9 en octobre dernier entre les deux parties en vue de promouvoir l\u2019\u00e9conomie verte et bleue.<\/p>\n\n\n\n<p>\u201cNous entendons en Belgique et en particulier en Wallonie \u00eatre parmi le premier cercle d\u2019amis coop\u00e9rants du Maroc\u201d, a poursuivi M. Di Rupo.<\/p>\n\n\n\n<p>\u201cNous comptons beaucoup sur le Maroc dans sa dimension africaine, notamment avec les pays de l\u2019Afrique de l\u2019ouest\u201d, a-t-il encore dit.<\/p>\n","protected":false},"excerpt":{"rendered":"<p>Dpress La Wallonie consid\u00e8re le plan d\u2019autonomie, pr\u00e9sent\u00e9 en 2007 par le Maroc, comme \u201cune bonne base\u201d pour une solution accept\u00e9e par toutes les parties concernant la question du Sahara, a affirm\u00e9, jeudi \u00e0 Rabat, le Ministre-Pr\u00e9sident de cette r\u00e9gion belge, Elio Di Rupo. Le plan marocain d\u2019autonomie constitue \u201cun effort s\u00e9rieux et cr\u00e9dible\u201d du &hellip;<\/p>\n","protected":false},"author":2,"featured_media":2466,"comment_status":"open","ping_status":"open","sticky":false,"template":"","format":"standard","meta":{"footnotes":""},"categories":[26],"tags":[],"class_list":["post-2465","post","type-post","status-publish","format-standard","has-post-thumbnail","hentry","category-politiques"],"yoast_head":"<!-- This site is optimized with the Yoast SEO plugin v27.5 - https:\/\/yoast.com\/product\/yoast-seo-wordpress\/ -->\n<title>Sahara: Le plan d\u2019autonomie, \u201cune bonne base\u201d pour une solution accept\u00e9e par toutes les parties (Ministre-Pr\u00e9sident de la Wallonie) - Dpress.ma\/fr<\/title>\n<meta name=\"description\" content=\"La Wallonie consid\u00e8re le plan d\u2019autonomie, pr\u00e9sent\u00e9 en 2007 par le Maroc, comme \u201cune bonne base\u201d pour une solution accept\u00e9e par toutes les parties concernant la question du Sahara, a affirm\u00e9, jeudi \u00e0 Rabat, le Ministre-Pr\u00e9sident de cette r\u00e9gion belge, Elio Di Rupo.\" \/>\n<meta name=\"robots\" content=\"index, follow, max-snippet:-1, max-image-preview:large, max-video-preview:-1\" \/>\n<link rel=\"canonical\" href=\"https:\/\/dpress.ma\/fr\/2022\/11\/10\/sahara-le-plan-dautonomie-une-bonne-base-pour-une-solution-acceptee-par-toutes-les-parties-ministre-president-de-la-wallonie\/\" \/>\n<meta property=\"og:locale\" content=\"fr_FR\" \/>\n<meta property=\"og:type\" content=\"article\" \/>\n<meta property=\"og:title\" content=\"Sahara: Le plan d\u2019autonomie, \u201cune bonne base\u201d pour une solution accept\u00e9e par toutes les parties (Ministre-Pr\u00e9sident de la Wallonie) - Dpress.ma\/fr\" \/>\n<meta property=\"og:description\" content=\"La Wallonie consid\u00e8re le plan d\u2019autonomie, pr\u00e9sent\u00e9 en 2007 par le Maroc, comme \u201cune bonne base\u201d pour une solution accept\u00e9e par toutes les parties concernant la question du Sahara, a affirm\u00e9, jeudi \u00e0 Rabat, le Ministre-Pr\u00e9sident de cette r\u00e9gion belge, Elio Di Rupo.\" \/>\n<meta property=\"og:url\" content=\"https:\/\/dpress.ma\/fr\/2022\/11\/10\/sahara-le-plan-dautonomie-une-bonne-base-pour-une-solution-acceptee-par-toutes-les-parties-ministre-president-de-la-wallonie\/\" \/>\n<meta property=\"og:site_name\" content=\"Dpress.ma\/fr\" \/>\n<meta property=\"article:published_time\" content=\"2022-11-10T16:50:16+00:00\" \/>\n<meta property=\"article:modified_time\" content=\"2022-11-10T16:50:18+00:00\" \/>\n<meta property=\"og:image\" content=\"https:\/\/dpress.ma\/fr\/wp-content\/uploads\/sites\/2\/2022\/11\/dimensions2-16.jpg\" \/>\n\t<meta property=\"og:image:width\" content=\"2539\" \/>\n\t<meta property=\"og:image:height\" content=\"1594\" \/>\n\t<meta property=\"og:image:type\" content=\"image\/jpeg\" \/>\n<meta name=\"author\" content=\"Dpress.ma\" \/>\n<meta name=\"twitter:card\" content=\"summary_large_image\" \/>\n<meta name=\"twitter:label1\" content=\"\u00c9crit par\" \/>\n\t<meta name=\"twitter:data1\" content=\"Dpress.ma\" \/>\n\t<meta name=\"twitter:label2\" content=\"Dur\u00e9e de lecture estim\u00e9e\" \/>\n\t<meta name=\"twitter:data2\" content=\"2 minutes\" \/>\n<script type=\"application\/ld+json\" class=\"yoast-schema-graph\">{\"@context\":\"https:\\\/\\\/schema.org\",\"@graph\":[{\"@type\":\"Article\",\"@id\":\"https:\\\/\\\/dpress.ma\\\/fr\\\/2022\\\/11\\\/10\\\/sahara-le-plan-dautonomie-une-bonne-base-pour-une-solution-acceptee-par-toutes-les-parties-ministre-president-de-la-wallonie\\\/#article\",\"isPartOf\":{\"@id\":\"https:\\\/\\\/dpress.ma\\\/fr\\\/2022\\\/11\\\/10\\\/sahara-le-plan-dautonomie-une-bonne-base-pour-une-solution-acceptee-par-toutes-les-parties-ministre-president-de-la-wallonie\\\/\"},\"author\":{\"name\":\"Dpress.ma\",\"@id\":\"https:\\\/\\\/dpress.ma\\\/fr\\\/#\\\/schema\\\/person\\\/4898febf3ccd59e6578d838656a306a0\"},\"headline\":\"Sahara: Le plan d\u2019autonomie, \u201cune bonne base\u201d pour une solution accept\u00e9e par toutes les parties (Ministre-Pr\u00e9sident de la Wallonie)\",\"datePublished\":\"2022-11-10T16:50:16+00:00\",\"dateModified\":\"2022-11-10T16:50:18+00:00\",\"mainEntityOfPage\":{\"@id\":\"https:\\\/\\\/dpress.ma\\\/fr\\\/2022\\\/11\\\/10\\\/sahara-le-plan-dautonomie-une-bonne-base-pour-une-solution-acceptee-par-toutes-les-parties-ministre-president-de-la-wallonie\\\/\"},\"wordCount\":306,\"commentCount\":0,\"image\":{\"@id\":\"https:\\\/\\\/dpress.ma\\\/fr\\\/2022\\\/11\\\/10\\\/sahara-le-plan-dautonomie-une-bonne-base-pour-une-solution-acceptee-par-toutes-les-parties-ministre-president-de-la-wallonie\\\/#primaryimage\"},\"thumbnailUrl\":\"https:\\\/\\\/dpress.ma\\\/fr\\\/wp-content\\\/uploads\\\/sites\\\/2\\\/2022\\\/11\\\/dimensions2-16.jpg\",\"articleSection\":[\"Politiques\"],\"inLanguage\":\"fr-FR\",\"potentialAction\":[{\"@type\":\"CommentAction\",\"name\":\"Comment\",\"target\":[\"https:\\\/\\\/dpress.ma\\\/fr\\\/2022\\\/11\\\/10\\\/sahara-le-plan-dautonomie-une-bonne-base-pour-une-solution-acceptee-par-toutes-les-parties-ministre-president-de-la-wallonie\\\/#respond\"]}]},{\"@type\":\"WebPage\",\"@id\":\"https:\\\/\\\/dpress.ma\\\/fr\\\/2022\\\/11\\\/10\\\/sahara-le-plan-dautonomie-une-bonne-base-pour-une-solution-acceptee-par-toutes-les-parties-ministre-president-de-la-wallonie\\\/\",\"url\":\"https:\\\/\\\/dpress.ma\\\/fr\\\/2022\\\/11\\\/10\\\/sahara-le-plan-dautonomie-une-bonne-base-pour-une-solution-acceptee-par-toutes-les-parties-ministre-president-de-la-wallonie\\\/\",\"name\":\"Sahara: Le plan d\u2019autonomie, \u201cune bonne base\u201d pour une solution accept\u00e9e par toutes les parties (Ministre-Pr\u00e9sident de la Wallonie) - Dpress.ma\\\/fr\",\"isPartOf\":{\"@id\":\"https:\\\/\\\/dpress.ma\\\/fr\\\/#website\"},\"primaryImageOfPage\":{\"@id\":\"https:\\\/\\\/dpress.ma\\\/fr\\\/2022\\\/11\\\/10\\\/sahara-le-plan-dautonomie-une-bonne-base-pour-une-solution-acceptee-par-toutes-les-parties-ministre-president-de-la-wallonie\\\/#primaryimage\"},\"image\":{\"@id\":\"https:\\\/\\\/dpress.ma\\\/fr\\\/2022\\\/11\\\/10\\\/sahara-le-plan-dautonomie-une-bonne-base-pour-une-solution-acceptee-par-toutes-les-parties-ministre-president-de-la-wallonie\\\/#primaryimage\"},\"thumbnailUrl\":\"https:\\\/\\\/dpress.ma\\\/fr\\\/wp-content\\\/uploads\\\/sites\\\/2\\\/2022\\\/11\\\/dimensions2-16.jpg\",\"datePublished\":\"2022-11-10T16:50:16+00:00\",\"dateModified\":\"2022-11-10T16:50:18+00:00\",\"author\":{\"@id\":\"https:\\\/\\\/dpress.ma\\\/fr\\\/#\\\/schema\\\/person\\\/4898febf3ccd59e6578d838656a306a0\"},\"description\":\"La Wallonie consid\u00e8re le plan d\u2019autonomie, pr\u00e9sent\u00e9 en 2007 par le Maroc, comme \u201cune bonne base\u201d pour une solution accept\u00e9e par toutes les parties concernant la question du Sahara, a affirm\u00e9, jeudi \u00e0 Rabat, le Ministre-Pr\u00e9sident de cette r\u00e9gion belge, Elio Di Rupo.\",\"breadcrumb\":{\"@id\":\"https:\\\/\\\/dpress.ma\\\/fr\\\/2022\\\/11\\\/10\\\/sahara-le-plan-dautonomie-une-bonne-base-pour-une-solution-acceptee-par-toutes-les-parties-ministre-president-de-la-wallonie\\\/#breadcrumb\"},\"inLanguage\":\"fr-FR\",\"potentialAction\":[{\"@type\":\"ReadAction\",\"target\":[\"https:\\\/\\\/dpress.ma\\\/fr\\\/2022\\\/11\\\/10\\\/sahara-le-plan-dautonomie-une-bonne-base-pour-une-solution-acceptee-par-toutes-les-parties-ministre-president-de-la-wallonie\\\/\"]}]},{\"@type\":\"ImageObject\",\"inLanguage\":\"fr-FR\",\"@id\":\"https:\\\/\\\/dpress.ma\\\/fr\\\/2022\\\/11\\\/10\\\/sahara-le-plan-dautonomie-une-bonne-base-pour-une-solution-acceptee-par-toutes-les-parties-ministre-president-de-la-wallonie\\\/#primaryimage\",\"url\":\"https:\\\/\\\/dpress.ma\\\/fr\\\/wp-content\\\/uploads\\\/sites\\\/2\\\/2022\\\/11\\\/dimensions2-16.jpg\",\"contentUrl\":\"https:\\\/\\\/dpress.ma\\\/fr\\\/wp-content\\\/uploads\\\/sites\\\/2\\\/2022\\\/11\\\/dimensions2-16.jpg\",\"width\":2539,\"height\":1594},{\"@type\":\"BreadcrumbList\",\"@id\":\"https:\\\/\\\/dpress.ma\\\/fr\\\/2022\\\/11\\\/10\\\/sahara-le-plan-dautonomie-une-bonne-base-pour-une-solution-acceptee-par-toutes-les-parties-ministre-president-de-la-wallonie\\\/#breadcrumb\",\"itemListElement\":[{\"@type\":\"ListItem\",\"position\":1,\"name\":\"Home\",\"item\":\"https:\\\/\\\/dpress.ma\\\/fr\\\/\"},{\"@type\":\"ListItem\",\"position\":2,\"name\":\"Sahara: Le plan d\u2019autonomie, \u201cune bonne base\u201d pour une solution accept\u00e9e par toutes les parties (Ministre-Pr\u00e9sident de la Wallonie)\"}]},{\"@type\":\"WebSite\",\"@id\":\"https:\\\/\\\/dpress.ma\\\/fr\\\/#website\",\"url\":\"https:\\\/\\\/dpress.ma\\\/fr\\\/\",\"name\":\"Dpress.ma\\\/fr\",\"description\":\"\",\"potentialAction\":[{\"@type\":\"SearchAction\",\"target\":{\"@type\":\"EntryPoint\",\"urlTemplate\":\"https:\\\/\\\/dpress.ma\\\/fr\\\/?s={search_term_string}\"},\"query-input\":{\"@type\":\"PropertyValueSpecification\",\"valueRequired\":true,\"valueName\":\"search_term_string\"}}],\"inLanguage\":\"fr-FR\"},{\"@type\":\"Person\",\"@id\":\"https:\\\/\\\/dpress.ma\\\/fr\\\/#\\\/schema\\\/person\\\/4898febf3ccd59e6578d838656a306a0\",\"name\":\"Dpress.ma\",\"image\":{\"@type\":\"ImageObject\",\"inLanguage\":\"fr-FR\",\"@id\":\"https:\\\/\\\/secure.gravatar.com\\\/avatar\\\/72ecc30e9db047a2e0e7176561eb9d564ed77c8108376495b19bd8336405198a?s=96&d=mm&r=g\",\"url\":\"https:\\\/\\\/secure.gravatar.com\\\/avatar\\\/72ecc30e9db047a2e0e7176561eb9d564ed77c8108376495b19bd8336405198a?s=96&d=mm&r=g\",\"contentUrl\":\"https:\\\/\\\/secure.gravatar.com\\\/avatar\\\/72ecc30e9db047a2e0e7176561eb9d564ed77c8108376495b19bd8336405198a?s=96&d=mm&r=g\",\"caption\":\"Dpress.ma\"},\"sameAs\":[\"https:\\\/\\\/www.dpress.ma\"],\"url\":\"https:\\\/\\\/dpress.ma\\\/fr\\\/author\\\/dpress-ma\\\/\"}]}<\/script>\n<!-- \/ Yoast SEO plugin. -->","yoast_head_json":{"title":"Sahara: Le plan d\u2019autonomie, \u201cune bonne base\u201d pour une solution accept\u00e9e par toutes les parties (Ministre-Pr\u00e9sident de la Wallonie) - Dpress.ma\/fr","description":"La Wallonie consid\u00e8re le plan d\u2019autonomie, pr\u00e9sent\u00e9 en 2007 par le Maroc, comme \u201cune bonne base\u201d pour une solution accept\u00e9e par toutes les parties concernant la question du Sahara, a affirm\u00e9, jeudi \u00e0 Rabat, le Ministre-Pr\u00e9sident de cette r\u00e9gion belge, Elio Di Rupo.","robots":{"index":"index","follow":"follow","max-snippet":"max-snippet:-1","max-image-preview":"max-image-preview:large","max-video-preview":"max-video-preview:-1"},"canonical":"https:\/\/dpress.ma\/fr\/2022\/11\/10\/sahara-le-plan-dautonomie-une-bonne-base-pour-une-solution-acceptee-par-toutes-les-parties-ministre-president-de-la-wallonie\/","og_locale":"fr_FR","og_type":"article","og_title":"Sahara: Le plan d\u2019autonomie, \u201cune bonne base\u201d pour une solution accept\u00e9e par toutes les parties (Ministre-Pr\u00e9sident de la Wallonie) - Dpress.ma\/fr","og_description":"La Wallonie consid\u00e8re le plan d\u2019autonomie, pr\u00e9sent\u00e9 en 2007 par le Maroc, comme \u201cune bonne base\u201d pour une solution accept\u00e9e par toutes les parties concernant la question du Sahara, a affirm\u00e9, jeudi \u00e0 Rabat, le Ministre-Pr\u00e9sident de cette r\u00e9gion belge, Elio Di Rupo.","og_url":"https:\/\/dpress.ma\/fr\/2022\/11\/10\/sahara-le-plan-dautonomie-une-bonne-base-pour-une-solution-acceptee-par-toutes-les-parties-ministre-president-de-la-wallonie\/","og_site_name":"Dpress.ma\/fr","article_published_time":"2022-11-10T16:50:16+00:00","article_modified_time":"2022-11-10T16:50:18+00:00","og_image":[{"width":2539,"height":1594,"url":"https:\/\/dpress.ma\/fr\/wp-content\/uploads\/sites\/2\/2022\/11\/dimensions2-16.jpg","type":"image\/jpeg"}],"author":"Dpress.ma","twitter_card":"summary_large_image","twitter_misc":{"\u00c9crit par":"Dpress.ma","Dur\u00e9e de lecture estim\u00e9e":"2 minutes"},"schema":{"@context":"https:\/\/schema.org","@graph":[{"@type":"Article","@id":"https:\/\/dpress.ma\/fr\/2022\/11\/10\/sahara-le-plan-dautonomie-une-bonne-base-pour-une-solution-acceptee-par-toutes-les-parties-ministre-president-de-la-wallonie\/#article","isPartOf":{"@id":"https:\/\/dpress.ma\/fr\/2022\/11\/10\/sahara-le-plan-dautonomie-une-bonne-base-pour-une-solution-acceptee-par-toutes-les-parties-ministre-president-de-la-wallonie\/"},"author":{"name":"Dpress.ma","@id":"https:\/\/dpress.ma\/fr\/#\/schema\/person\/4898febf3ccd59e6578d838656a306a0"},"headline":"Sahara: Le plan d\u2019autonomie, \u201cune bonne base\u201d pour une solution accept\u00e9e par toutes les parties (Ministre-Pr\u00e9sident de la Wallonie)","datePublished":"2022-11-10T16:50:16+00:00","dateModified":"2022-11-10T16:50:18+00:00","mainEntityOfPage":{"@id":"https:\/\/dpress.ma\/fr\/2022\/11\/10\/sahara-le-plan-dautonomie-une-bonne-base-pour-une-solution-acceptee-par-toutes-les-parties-ministre-president-de-la-wallonie\/"},"wordCount":306,"commentCount":0,"image":{"@id":"https:\/\/dpress.ma\/fr\/2022\/11\/10\/sahara-le-plan-dautonomie-une-bonne-base-pour-une-solution-acceptee-par-toutes-les-parties-ministre-president-de-la-wallonie\/#primaryimage"},"thumbnailUrl":"https:\/\/dpress.ma\/fr\/wp-content\/uploads\/sites\/2\/2022\/11\/dimensions2-16.jpg","articleSection":["Politiques"],"inLanguage":"fr-FR","potentialAction":[{"@type":"CommentAction","name":"Comment","target":["https:\/\/dpress.ma\/fr\/2022\/11\/10\/sahara-le-plan-dautonomie-une-bonne-base-pour-une-solution-acceptee-par-toutes-les-parties-ministre-president-de-la-wallonie\/#respond"]}]},{"@type":"WebPage","@id":"https:\/\/dpress.ma\/fr\/2022\/11\/10\/sahara-le-plan-dautonomie-une-bonne-base-pour-une-solution-acceptee-par-toutes-les-parties-ministre-president-de-la-wallonie\/","url":"https:\/\/dpress.ma\/fr\/2022\/11\/10\/sahara-le-plan-dautonomie-une-bonne-base-pour-une-solution-acceptee-par-toutes-les-parties-ministre-president-de-la-wallonie\/","name":"Sahara: Le plan d\u2019autonomie, \u201cune bonne base\u201d pour une solution accept\u00e9e par toutes les parties (Ministre-Pr\u00e9sident de la Wallonie) - Dpress.ma\/fr","isPartOf":{"@id":"https:\/\/dpress.ma\/fr\/#website"},"primaryImageOfPage":{"@id":"https:\/\/dpress.ma\/fr\/2022\/11\/10\/sahara-le-plan-dautonomie-une-bonne-base-pour-une-solution-acceptee-par-toutes-les-parties-ministre-president-de-la-wallonie\/#primaryimage"},"image":{"@id":"https:\/\/dpress.ma\/fr\/2022\/11\/10\/sahara-le-plan-dautonomie-une-bonne-base-pour-une-solution-acceptee-par-toutes-les-parties-ministre-president-de-la-wallonie\/#primaryimage"},"thumbnailUrl":"https:\/\/dpress.ma\/fr\/wp-content\/uploads\/sites\/2\/2022\/11\/dimensions2-16.jpg","datePublished":"2022-11-10T16:50:16+00:00","dateModified":"2022-11-10T16:50:18+00:00","author":{"@id":"https:\/\/dpress.ma\/fr\/#\/schema\/person\/4898febf3ccd59e6578d838656a306a0"},"description":"La Wallonie consid\u00e8re le plan d\u2019autonomie, pr\u00e9sent\u00e9 en 2007 par le Maroc, comme \u201cune bonne base\u201d pour une solution accept\u00e9e par toutes les parties concernant la question du Sahara, a affirm\u00e9, jeudi \u00e0 Rabat, le Ministre-Pr\u00e9sident de cette r\u00e9gion belge, Elio Di Rupo.","breadcrumb":{"@id":"https:\/\/dpress.ma\/fr\/2022\/11\/10\/sahara-le-plan-dautonomie-une-bonne-base-pour-une-solution-acceptee-par-toutes-les-parties-ministre-president-de-la-wallonie\/#breadcrumb"},"inLanguage":"fr-FR","potentialAction":[{"@type":"ReadAction","target":["https:\/\/dpress.ma\/fr\/2022\/11\/10\/sahara-le-plan-dautonomie-une-bonne-base-pour-une-solution-acceptee-par-toutes-les-parties-ministre-president-de-la-wallonie\/"]}]},{"@type":"ImageObject","inLanguage":"fr-FR","@id":"https:\/\/dpress.ma\/fr\/2022\/11\/10\/sahara-le-plan-dautonomie-une-bonne-base-pour-une-solution-acceptee-par-toutes-les-parties-ministre-president-de-la-wallonie\/#primaryimage","url":"https:\/\/dpress.ma\/fr\/wp-content\/uploads\/sites\/2\/2022\/11\/dimensions2-16.jpg","contentUrl":"https:\/\/dpress.ma\/fr\/wp-content\/uploads\/sites\/2\/2022\/11\/dimensions2-16.jpg","width":2539,"height":1594},{"@type":"BreadcrumbList","@id":"https:\/\/dpress.ma\/fr\/2022\/11\/10\/sahara-le-plan-dautonomie-une-bonne-base-pour-une-solution-acceptee-par-toutes-les-parties-ministre-president-de-la-wallonie\/#breadcrumb","itemListElement":[{"@type":"ListItem","position":1,"name":"Home","item":"https:\/\/dpress.ma\/fr\/"},{"@type":"ListItem","position":2,"name":"Sahara: Le plan d\u2019autonomie, \u201cune bonne base\u201d pour une solution accept\u00e9e par toutes les parties (Ministre-Pr\u00e9sident de la Wallonie)"}]},{"@type":"WebSite","@id":"https:\/\/dpress.ma\/fr\/#website","url":"https:\/\/dpress.ma\/fr\/","name":"Dpress.ma\/fr","description":"","potentialAction":[{"@type":"SearchAction","target":{"@type":"EntryPoint","urlTemplate":"https:\/\/dpress.ma\/fr\/?s={search_term_string}"},"query-input":{"@type":"PropertyValueSpecification","valueRequired":true,"valueName":"search_term_string"}}],"inLanguage":"fr-FR"},{"@type":"Person","@id":"https:\/\/dpress.ma\/fr\/#\/schema\/person\/4898febf3ccd59e6578d838656a306a0","name":"Dpress.ma","image":{"@type":"ImageObject","inLanguage":"fr-FR","@id":"https:\/\/secure.gravatar.com\/avatar\/72ecc30e9db047a2e0e7176561eb9d564ed77c8108376495b19bd8336405198a?s=96&d=mm&r=g","url":"https:\/\/secure.gravatar.com\/avatar\/72ecc30e9db047a2e0e7176561eb9d564ed77c8108376495b19bd8336405198a?s=96&d=mm&r=g","contentUrl":"https:\/\/secure.gravatar.com\/avatar\/72ecc30e9db047a2e0e7176561eb9d564ed77c8108376495b19bd8336405198a?s=96&d=mm&r=g","caption":"Dpress.ma"},"sameAs":["https:\/\/www.dpress.ma"],"url":"https:\/\/dpress.ma\/fr\/author\/dpress-ma\/"}]}},"amp_enabled":true,"_links":{"self":[{"href":"https:\/\/dpress.ma\/fr\/wp-json\/wp\/v2\/posts\/2465","targetHints":{"allow":["GET"]}}],"collection":[{"href":"https:\/\/dpress.ma\/fr\/wp-json\/wp\/v2\/posts"}],"about":[{"href":"https:\/\/dpress.ma\/fr\/wp-json\/wp\/v2\/types\/post"}],"author":[{"embeddable":true,"href":"https:\/\/dpress.ma\/fr\/wp-json\/wp\/v2\/users\/2"}],"replies":[{"embeddable":true,"href":"https:\/\/dpress.ma\/fr\/wp-json\/wp\/v2\/comments?post=2465"}],"version-history":[{"count":1,"href":"https:\/\/dpress.ma\/fr\/wp-json\/wp\/v2\/posts\/2465\/revisions"}],"predecessor-version":[{"id":2467,"href":"https:\/\/dpress.ma\/fr\/wp-json\/wp\/v2\/posts\/2465\/revisions\/2467"}],"wp:featuredmedia":[{"embeddable":true,"href":"https:\/\/dpress.ma\/fr\/wp-json\/wp\/v2\/media\/2466"}],"wp:attachment":[{"href":"https:\/\/dpress.ma\/fr\/wp-json\/wp\/v2\/media?parent=2465"}],"wp:term":[{"taxonomy":"category","embeddable":true,"href":"https:\/\/dpress.ma\/fr\/wp-json\/wp\/v2\/categories?post=2465"},{"taxonomy":"post_tag","embeddable":true,"href":"https:\/\/dpress.ma\/fr\/wp-json\/wp\/v2\/tags?post=2465"}],"curies":[{"name":"wp","href":"https:\/\/api.w.org\/{rel}","templated":true}]}}