{"id":24618,"date":"2026-02-24T11:43:31","date_gmt":"2026-02-24T11:43:31","guid":{"rendered":"https:\/\/dpress.ma\/fr\/?p=24618"},"modified":"2026-02-24T11:43:33","modified_gmt":"2026-02-24T11:43:33","slug":"le-groupe-musical-jinan-al-andalus-donne-a-rabat-le-coup-denvoi-des-nuits-du-ramadan","status":"publish","type":"post","link":"https:\/\/dpress.ma\/fr\/2026\/02\/24\/le-groupe-musical-jinan-al-andalus-donne-a-rabat-le-coup-denvoi-des-nuits-du-ramadan\/","title":{"rendered":"Le groupe musical \u201cJinan Al Andalus\u201d donne \u00e0 Rabat le coup d\u2019envoi des Nuits du Ramadan"},"content":{"rendered":"\n<p>Dpress<\/p>\n\n\n\n<p>Le groupe musical \u201cJinan Al Andalus\u201d (Jardins d\u2019Al-Andalus) a donn\u00e9, lundi soir \u00e0 l\u2019Institut national sup\u00e9rieur de musique et des arts chor\u00e9graphiques (INSMAC) de Rabat, le coup d\u2019envoi du programme \u201cLes Nuits du Ramadan\u201d.<\/p>\n\n\n\n<p>Port\u00e9 par l\u2019Ambassade d\u2019Espagne au Maroc et l\u2019Institut Cervantes,&nbsp;\u201cLes Nuits du Ramadan\u201d proposent un&nbsp;cycle de concerts unissant musique, po\u00e9sie et cr\u00e9ation contemporaine autour d\u2019un h\u00e9ritage partag\u00e9 entre les deux rives de la M\u00e9diterran\u00e9e.<\/p>\n\n\n\n<p>Lors de cette soir\u00e9e, le&nbsp;projet musical soufi \u201cJinan Al Andalus\u201d, dirig\u00e9 par le violoniste marocain Hamid Ajbar, a propos\u00e9 au public une relecture de qasidas mystiques et de po\u00e8mes muwashahat, \u00e0 travers les textes de ma\u00eetres tels que Ibn Arabi,&nbsp;Rabia Al Adawiyya, Shushtari, Harrak et Busayri.<\/p>\n\n\n\n<p>Outre Hamid Ajbar (voix soliste, violon andalou), le groupe se compose de Aziz Samsaoui (qan\u00fbn, direction artistique), Fathi Ben Yakoub (violon), Mouhssine Koraichi (oud) et Khalid Ahaboune (percussions).<\/p>\n\n\n\n<p>S\u2019exprimant \u00e0 cette occasion, le conseiller culturel et scientifique de l\u2019Ambassade d\u2019Espagne au Maroc, Jos\u00e9 Mar\u00eda Dav\u00f3 Cabra, a indiqu\u00e9 que ce concert offre au public une occasion idoine d\u2019entamer un voyage culturel singulier, permettant de red\u00e9couvrir de grands chefs-d\u2019\u0153uvre de la musique arabo-andalouse dans toute sa richesse et sa diversit\u00e9.<\/p>\n\n\n\n<p>Organis\u00e9e pendant le Ramadan, cette initiative vise \u00e0 partager avec le public marocain le patrimoine culturel commun entre le Maroc et l\u2019Espagne, en proposant un large \u00e9ventail de po\u00e8mes, de muwashahat&nbsp;et d\u2019autres formes embl\u00e9matiques de ce r\u00e9pertoire ancestral, a-t-il ajout\u00e9.<\/p>\n\n\n\n<p>Pour sa part, la directrice des activit\u00e9s culturelles de l\u2019Institut Cervantes de Rabat, Olvido Salazar-Alonso Revuelta, a fait savoir que cette manifestation, qui se poursuit jusqu\u2019au 11 mars prochain, propose une s\u00e9rie de neuf concerts dans plusieurs villes du Royaume, \u00e0 savoir&nbsp;Rabat, Casablanca, Marrakech, F\u00e8s, Tanger et T\u00e9touan.<\/p>\n\n\n\n<p>De leur c\u00f4t\u00e9, M. Ajbar et M. Samsaoui se sont r\u00e9jouis de participer \u00e0 cette manifestation culturelle, affirmant que leur groupe comm\u00e9more la m\u00e9moire des anciens po\u00e8tes arabo-andalous et c\u00e9l\u00e8bre les voix mythiques d\u2019Espagne, dans le but de pr\u00e9server ce patrimoine culturel commun comme il se doit.<\/p>\n\n\n\n<p>Au fil de la soir\u00e9e, le groupe a envo\u00fbt\u00e9 le public par la beaut\u00e9 des m\u00e9lodies et des paroles, l\u2019invitant \u00e0 un v\u00e9ritable voyage musical et spirituel reliant les jardins de Cordoue, de Grenade et du Maghreb \u00e0 ceux de Damas, \u00e0 travers diff\u00e9rents styles, rythmes et maq\u00e2m\u00e2t propres \u00e0 chaque r\u00e9gion.<\/p>\n","protected":false},"excerpt":{"rendered":"<p>Dpress Le groupe musical \u201cJinan Al Andalus\u201d (Jardins d\u2019Al-Andalus) a donn\u00e9, lundi soir \u00e0 l\u2019Institut national sup\u00e9rieur de musique et des arts chor\u00e9graphiques (INSMAC) de Rabat, le coup d\u2019envoi du programme \u201cLes Nuits du Ramadan\u201d. Port\u00e9 par l\u2019Ambassade d\u2019Espagne au Maroc et l\u2019Institut Cervantes,&nbsp;\u201cLes Nuits du Ramadan\u201d proposent un&nbsp;cycle de concerts unissant musique, po\u00e9sie et &hellip;<\/p>\n","protected":false},"author":2,"featured_media":24619,"comment_status":"open","ping_status":"open","sticky":false,"template":"","format":"standard","meta":{"footnotes":""},"categories":[31],"tags":[],"class_list":["post-24618","post","type-post","status-publish","format-standard","has-post-thumbnail","hentry","category-art-et-culture"],"yoast_head":"<!-- This site is optimized with the Yoast SEO plugin v27.5 - https:\/\/yoast.com\/product\/yoast-seo-wordpress\/ -->\n<title>Le groupe musical \u201cJinan Al Andalus\u201d donne \u00e0 Rabat le coup d\u2019envoi des Nuits du Ramadan - Dpress.ma\/fr<\/title>\n<meta name=\"robots\" content=\"index, follow, max-snippet:-1, max-image-preview:large, max-video-preview:-1\" \/>\n<link rel=\"canonical\" href=\"https:\/\/dpress.ma\/fr\/2026\/02\/24\/le-groupe-musical-jinan-al-andalus-donne-a-rabat-le-coup-denvoi-des-nuits-du-ramadan\/\" \/>\n<meta property=\"og:locale\" content=\"fr_FR\" \/>\n<meta property=\"og:type\" content=\"article\" \/>\n<meta property=\"og:title\" content=\"Le groupe musical \u201cJinan Al Andalus\u201d donne \u00e0 Rabat le coup d\u2019envoi des Nuits du Ramadan - Dpress.ma\/fr\" \/>\n<meta property=\"og:description\" content=\"Dpress Le groupe musical \u201cJinan Al Andalus\u201d (Jardins d\u2019Al-Andalus) a donn\u00e9, lundi soir \u00e0 l\u2019Institut national sup\u00e9rieur de musique et des arts chor\u00e9graphiques (INSMAC) de Rabat, le coup d\u2019envoi du programme \u201cLes Nuits du Ramadan\u201d. Port\u00e9 par l\u2019Ambassade d\u2019Espagne au Maroc et l\u2019Institut Cervantes,&nbsp;\u201cLes Nuits du Ramadan\u201d proposent un&nbsp;cycle de concerts unissant musique, po\u00e9sie et &hellip;\" \/>\n<meta property=\"og:url\" content=\"https:\/\/dpress.ma\/fr\/2026\/02\/24\/le-groupe-musical-jinan-al-andalus-donne-a-rabat-le-coup-denvoi-des-nuits-du-ramadan\/\" \/>\n<meta property=\"og:site_name\" content=\"Dpress.ma\/fr\" \/>\n<meta property=\"article:published_time\" content=\"2026-02-24T11:43:31+00:00\" \/>\n<meta property=\"article:modified_time\" content=\"2026-02-24T11:43:33+00:00\" \/>\n<meta property=\"og:image\" content=\"https:\/\/dpress.ma\/fr\/wp-content\/uploads\/sites\/2\/2026\/02\/37-10.jpg\" \/>\n\t<meta property=\"og:image:width\" content=\"2539\" \/>\n\t<meta property=\"og:image:height\" content=\"1594\" \/>\n\t<meta property=\"og:image:type\" content=\"image\/jpeg\" \/>\n<meta name=\"author\" content=\"Dpress.ma\" \/>\n<meta name=\"twitter:card\" content=\"summary_large_image\" \/>\n<meta name=\"twitter:label1\" content=\"\u00c9crit par\" \/>\n\t<meta name=\"twitter:data1\" content=\"Dpress.ma\" \/>\n\t<meta name=\"twitter:label2\" content=\"Dur\u00e9e de lecture estim\u00e9e\" \/>\n\t<meta name=\"twitter:data2\" content=\"3 minutes\" \/>\n<script type=\"application\/ld+json\" class=\"yoast-schema-graph\">{\"@context\":\"https:\\\/\\\/schema.org\",\"@graph\":[{\"@type\":\"Article\",\"@id\":\"https:\\\/\\\/dpress.ma\\\/fr\\\/2026\\\/02\\\/24\\\/le-groupe-musical-jinan-al-andalus-donne-a-rabat-le-coup-denvoi-des-nuits-du-ramadan\\\/#article\",\"isPartOf\":{\"@id\":\"https:\\\/\\\/dpress.ma\\\/fr\\\/2026\\\/02\\\/24\\\/le-groupe-musical-jinan-al-andalus-donne-a-rabat-le-coup-denvoi-des-nuits-du-ramadan\\\/\"},\"author\":{\"name\":\"Dpress.ma\",\"@id\":\"https:\\\/\\\/dpress.ma\\\/fr\\\/#\\\/schema\\\/person\\\/4898febf3ccd59e6578d838656a306a0\"},\"headline\":\"Le groupe musical \u201cJinan Al Andalus\u201d donne \u00e0 Rabat le coup d\u2019envoi des Nuits du Ramadan\",\"datePublished\":\"2026-02-24T11:43:31+00:00\",\"dateModified\":\"2026-02-24T11:43:33+00:00\",\"mainEntityOfPage\":{\"@id\":\"https:\\\/\\\/dpress.ma\\\/fr\\\/2026\\\/02\\\/24\\\/le-groupe-musical-jinan-al-andalus-donne-a-rabat-le-coup-denvoi-des-nuits-du-ramadan\\\/\"},\"wordCount\":452,\"commentCount\":0,\"image\":{\"@id\":\"https:\\\/\\\/dpress.ma\\\/fr\\\/2026\\\/02\\\/24\\\/le-groupe-musical-jinan-al-andalus-donne-a-rabat-le-coup-denvoi-des-nuits-du-ramadan\\\/#primaryimage\"},\"thumbnailUrl\":\"https:\\\/\\\/dpress.ma\\\/fr\\\/wp-content\\\/uploads\\\/sites\\\/2\\\/2026\\\/02\\\/37-10.jpg\",\"articleSection\":[\"Art et Culture\"],\"inLanguage\":\"fr-FR\",\"potentialAction\":[{\"@type\":\"CommentAction\",\"name\":\"Comment\",\"target\":[\"https:\\\/\\\/dpress.ma\\\/fr\\\/2026\\\/02\\\/24\\\/le-groupe-musical-jinan-al-andalus-donne-a-rabat-le-coup-denvoi-des-nuits-du-ramadan\\\/#respond\"]}]},{\"@type\":\"WebPage\",\"@id\":\"https:\\\/\\\/dpress.ma\\\/fr\\\/2026\\\/02\\\/24\\\/le-groupe-musical-jinan-al-andalus-donne-a-rabat-le-coup-denvoi-des-nuits-du-ramadan\\\/\",\"url\":\"https:\\\/\\\/dpress.ma\\\/fr\\\/2026\\\/02\\\/24\\\/le-groupe-musical-jinan-al-andalus-donne-a-rabat-le-coup-denvoi-des-nuits-du-ramadan\\\/\",\"name\":\"Le groupe musical \u201cJinan Al Andalus\u201d donne \u00e0 Rabat le coup d\u2019envoi des Nuits du Ramadan - Dpress.ma\\\/fr\",\"isPartOf\":{\"@id\":\"https:\\\/\\\/dpress.ma\\\/fr\\\/#website\"},\"primaryImageOfPage\":{\"@id\":\"https:\\\/\\\/dpress.ma\\\/fr\\\/2026\\\/02\\\/24\\\/le-groupe-musical-jinan-al-andalus-donne-a-rabat-le-coup-denvoi-des-nuits-du-ramadan\\\/#primaryimage\"},\"image\":{\"@id\":\"https:\\\/\\\/dpress.ma\\\/fr\\\/2026\\\/02\\\/24\\\/le-groupe-musical-jinan-al-andalus-donne-a-rabat-le-coup-denvoi-des-nuits-du-ramadan\\\/#primaryimage\"},\"thumbnailUrl\":\"https:\\\/\\\/dpress.ma\\\/fr\\\/wp-content\\\/uploads\\\/sites\\\/2\\\/2026\\\/02\\\/37-10.jpg\",\"datePublished\":\"2026-02-24T11:43:31+00:00\",\"dateModified\":\"2026-02-24T11:43:33+00:00\",\"author\":{\"@id\":\"https:\\\/\\\/dpress.ma\\\/fr\\\/#\\\/schema\\\/person\\\/4898febf3ccd59e6578d838656a306a0\"},\"breadcrumb\":{\"@id\":\"https:\\\/\\\/dpress.ma\\\/fr\\\/2026\\\/02\\\/24\\\/le-groupe-musical-jinan-al-andalus-donne-a-rabat-le-coup-denvoi-des-nuits-du-ramadan\\\/#breadcrumb\"},\"inLanguage\":\"fr-FR\",\"potentialAction\":[{\"@type\":\"ReadAction\",\"target\":[\"https:\\\/\\\/dpress.ma\\\/fr\\\/2026\\\/02\\\/24\\\/le-groupe-musical-jinan-al-andalus-donne-a-rabat-le-coup-denvoi-des-nuits-du-ramadan\\\/\"]}]},{\"@type\":\"ImageObject\",\"inLanguage\":\"fr-FR\",\"@id\":\"https:\\\/\\\/dpress.ma\\\/fr\\\/2026\\\/02\\\/24\\\/le-groupe-musical-jinan-al-andalus-donne-a-rabat-le-coup-denvoi-des-nuits-du-ramadan\\\/#primaryimage\",\"url\":\"https:\\\/\\\/dpress.ma\\\/fr\\\/wp-content\\\/uploads\\\/sites\\\/2\\\/2026\\\/02\\\/37-10.jpg\",\"contentUrl\":\"https:\\\/\\\/dpress.ma\\\/fr\\\/wp-content\\\/uploads\\\/sites\\\/2\\\/2026\\\/02\\\/37-10.jpg\",\"width\":2539,\"height\":1594},{\"@type\":\"BreadcrumbList\",\"@id\":\"https:\\\/\\\/dpress.ma\\\/fr\\\/2026\\\/02\\\/24\\\/le-groupe-musical-jinan-al-andalus-donne-a-rabat-le-coup-denvoi-des-nuits-du-ramadan\\\/#breadcrumb\",\"itemListElement\":[{\"@type\":\"ListItem\",\"position\":1,\"name\":\"Home\",\"item\":\"https:\\\/\\\/dpress.ma\\\/fr\\\/\"},{\"@type\":\"ListItem\",\"position\":2,\"name\":\"Le groupe musical \u201cJinan Al Andalus\u201d donne \u00e0 Rabat le coup d\u2019envoi des Nuits du Ramadan\"}]},{\"@type\":\"WebSite\",\"@id\":\"https:\\\/\\\/dpress.ma\\\/fr\\\/#website\",\"url\":\"https:\\\/\\\/dpress.ma\\\/fr\\\/\",\"name\":\"Dpress.ma\\\/fr\",\"description\":\"\",\"potentialAction\":[{\"@type\":\"SearchAction\",\"target\":{\"@type\":\"EntryPoint\",\"urlTemplate\":\"https:\\\/\\\/dpress.ma\\\/fr\\\/?s={search_term_string}\"},\"query-input\":{\"@type\":\"PropertyValueSpecification\",\"valueRequired\":true,\"valueName\":\"search_term_string\"}}],\"inLanguage\":\"fr-FR\"},{\"@type\":\"Person\",\"@id\":\"https:\\\/\\\/dpress.ma\\\/fr\\\/#\\\/schema\\\/person\\\/4898febf3ccd59e6578d838656a306a0\",\"name\":\"Dpress.ma\",\"image\":{\"@type\":\"ImageObject\",\"inLanguage\":\"fr-FR\",\"@id\":\"https:\\\/\\\/secure.gravatar.com\\\/avatar\\\/72ecc30e9db047a2e0e7176561eb9d564ed77c8108376495b19bd8336405198a?s=96&d=mm&r=g\",\"url\":\"https:\\\/\\\/secure.gravatar.com\\\/avatar\\\/72ecc30e9db047a2e0e7176561eb9d564ed77c8108376495b19bd8336405198a?s=96&d=mm&r=g\",\"contentUrl\":\"https:\\\/\\\/secure.gravatar.com\\\/avatar\\\/72ecc30e9db047a2e0e7176561eb9d564ed77c8108376495b19bd8336405198a?s=96&d=mm&r=g\",\"caption\":\"Dpress.ma\"},\"sameAs\":[\"https:\\\/\\\/www.dpress.ma\"],\"url\":\"https:\\\/\\\/dpress.ma\\\/fr\\\/author\\\/dpress-ma\\\/\"}]}<\/script>\n<!-- \/ Yoast SEO plugin. -->","yoast_head_json":{"title":"Le groupe musical \u201cJinan Al Andalus\u201d donne \u00e0 Rabat le coup d\u2019envoi des Nuits du Ramadan - Dpress.ma\/fr","robots":{"index":"index","follow":"follow","max-snippet":"max-snippet:-1","max-image-preview":"max-image-preview:large","max-video-preview":"max-video-preview:-1"},"canonical":"https:\/\/dpress.ma\/fr\/2026\/02\/24\/le-groupe-musical-jinan-al-andalus-donne-a-rabat-le-coup-denvoi-des-nuits-du-ramadan\/","og_locale":"fr_FR","og_type":"article","og_title":"Le groupe musical \u201cJinan Al Andalus\u201d donne \u00e0 Rabat le coup d\u2019envoi des Nuits du Ramadan - Dpress.ma\/fr","og_description":"Dpress Le groupe musical \u201cJinan Al Andalus\u201d (Jardins d\u2019Al-Andalus) a donn\u00e9, lundi soir \u00e0 l\u2019Institut national sup\u00e9rieur de musique et des arts chor\u00e9graphiques (INSMAC) de Rabat, le coup d\u2019envoi du programme \u201cLes Nuits du Ramadan\u201d. Port\u00e9 par l\u2019Ambassade d\u2019Espagne au Maroc et l\u2019Institut Cervantes,&nbsp;\u201cLes Nuits du Ramadan\u201d proposent un&nbsp;cycle de concerts unissant musique, po\u00e9sie et &hellip;","og_url":"https:\/\/dpress.ma\/fr\/2026\/02\/24\/le-groupe-musical-jinan-al-andalus-donne-a-rabat-le-coup-denvoi-des-nuits-du-ramadan\/","og_site_name":"Dpress.ma\/fr","article_published_time":"2026-02-24T11:43:31+00:00","article_modified_time":"2026-02-24T11:43:33+00:00","og_image":[{"width":2539,"height":1594,"url":"https:\/\/dpress.ma\/fr\/wp-content\/uploads\/sites\/2\/2026\/02\/37-10.jpg","type":"image\/jpeg"}],"author":"Dpress.ma","twitter_card":"summary_large_image","twitter_misc":{"\u00c9crit par":"Dpress.ma","Dur\u00e9e de lecture estim\u00e9e":"3 minutes"},"schema":{"@context":"https:\/\/schema.org","@graph":[{"@type":"Article","@id":"https:\/\/dpress.ma\/fr\/2026\/02\/24\/le-groupe-musical-jinan-al-andalus-donne-a-rabat-le-coup-denvoi-des-nuits-du-ramadan\/#article","isPartOf":{"@id":"https:\/\/dpress.ma\/fr\/2026\/02\/24\/le-groupe-musical-jinan-al-andalus-donne-a-rabat-le-coup-denvoi-des-nuits-du-ramadan\/"},"author":{"name":"Dpress.ma","@id":"https:\/\/dpress.ma\/fr\/#\/schema\/person\/4898febf3ccd59e6578d838656a306a0"},"headline":"Le groupe musical \u201cJinan Al Andalus\u201d donne \u00e0 Rabat le coup d\u2019envoi des Nuits du Ramadan","datePublished":"2026-02-24T11:43:31+00:00","dateModified":"2026-02-24T11:43:33+00:00","mainEntityOfPage":{"@id":"https:\/\/dpress.ma\/fr\/2026\/02\/24\/le-groupe-musical-jinan-al-andalus-donne-a-rabat-le-coup-denvoi-des-nuits-du-ramadan\/"},"wordCount":452,"commentCount":0,"image":{"@id":"https:\/\/dpress.ma\/fr\/2026\/02\/24\/le-groupe-musical-jinan-al-andalus-donne-a-rabat-le-coup-denvoi-des-nuits-du-ramadan\/#primaryimage"},"thumbnailUrl":"https:\/\/dpress.ma\/fr\/wp-content\/uploads\/sites\/2\/2026\/02\/37-10.jpg","articleSection":["Art et Culture"],"inLanguage":"fr-FR","potentialAction":[{"@type":"CommentAction","name":"Comment","target":["https:\/\/dpress.ma\/fr\/2026\/02\/24\/le-groupe-musical-jinan-al-andalus-donne-a-rabat-le-coup-denvoi-des-nuits-du-ramadan\/#respond"]}]},{"@type":"WebPage","@id":"https:\/\/dpress.ma\/fr\/2026\/02\/24\/le-groupe-musical-jinan-al-andalus-donne-a-rabat-le-coup-denvoi-des-nuits-du-ramadan\/","url":"https:\/\/dpress.ma\/fr\/2026\/02\/24\/le-groupe-musical-jinan-al-andalus-donne-a-rabat-le-coup-denvoi-des-nuits-du-ramadan\/","name":"Le groupe musical \u201cJinan Al Andalus\u201d donne \u00e0 Rabat le coup d\u2019envoi des Nuits du Ramadan - Dpress.ma\/fr","isPartOf":{"@id":"https:\/\/dpress.ma\/fr\/#website"},"primaryImageOfPage":{"@id":"https:\/\/dpress.ma\/fr\/2026\/02\/24\/le-groupe-musical-jinan-al-andalus-donne-a-rabat-le-coup-denvoi-des-nuits-du-ramadan\/#primaryimage"},"image":{"@id":"https:\/\/dpress.ma\/fr\/2026\/02\/24\/le-groupe-musical-jinan-al-andalus-donne-a-rabat-le-coup-denvoi-des-nuits-du-ramadan\/#primaryimage"},"thumbnailUrl":"https:\/\/dpress.ma\/fr\/wp-content\/uploads\/sites\/2\/2026\/02\/37-10.jpg","datePublished":"2026-02-24T11:43:31+00:00","dateModified":"2026-02-24T11:43:33+00:00","author":{"@id":"https:\/\/dpress.ma\/fr\/#\/schema\/person\/4898febf3ccd59e6578d838656a306a0"},"breadcrumb":{"@id":"https:\/\/dpress.ma\/fr\/2026\/02\/24\/le-groupe-musical-jinan-al-andalus-donne-a-rabat-le-coup-denvoi-des-nuits-du-ramadan\/#breadcrumb"},"inLanguage":"fr-FR","potentialAction":[{"@type":"ReadAction","target":["https:\/\/dpress.ma\/fr\/2026\/02\/24\/le-groupe-musical-jinan-al-andalus-donne-a-rabat-le-coup-denvoi-des-nuits-du-ramadan\/"]}]},{"@type":"ImageObject","inLanguage":"fr-FR","@id":"https:\/\/dpress.ma\/fr\/2026\/02\/24\/le-groupe-musical-jinan-al-andalus-donne-a-rabat-le-coup-denvoi-des-nuits-du-ramadan\/#primaryimage","url":"https:\/\/dpress.ma\/fr\/wp-content\/uploads\/sites\/2\/2026\/02\/37-10.jpg","contentUrl":"https:\/\/dpress.ma\/fr\/wp-content\/uploads\/sites\/2\/2026\/02\/37-10.jpg","width":2539,"height":1594},{"@type":"BreadcrumbList","@id":"https:\/\/dpress.ma\/fr\/2026\/02\/24\/le-groupe-musical-jinan-al-andalus-donne-a-rabat-le-coup-denvoi-des-nuits-du-ramadan\/#breadcrumb","itemListElement":[{"@type":"ListItem","position":1,"name":"Home","item":"https:\/\/dpress.ma\/fr\/"},{"@type":"ListItem","position":2,"name":"Le groupe musical \u201cJinan Al Andalus\u201d donne \u00e0 Rabat le coup d\u2019envoi des Nuits du Ramadan"}]},{"@type":"WebSite","@id":"https:\/\/dpress.ma\/fr\/#website","url":"https:\/\/dpress.ma\/fr\/","name":"Dpress.ma\/fr","description":"","potentialAction":[{"@type":"SearchAction","target":{"@type":"EntryPoint","urlTemplate":"https:\/\/dpress.ma\/fr\/?s={search_term_string}"},"query-input":{"@type":"PropertyValueSpecification","valueRequired":true,"valueName":"search_term_string"}}],"inLanguage":"fr-FR"},{"@type":"Person","@id":"https:\/\/dpress.ma\/fr\/#\/schema\/person\/4898febf3ccd59e6578d838656a306a0","name":"Dpress.ma","image":{"@type":"ImageObject","inLanguage":"fr-FR","@id":"https:\/\/secure.gravatar.com\/avatar\/72ecc30e9db047a2e0e7176561eb9d564ed77c8108376495b19bd8336405198a?s=96&d=mm&r=g","url":"https:\/\/secure.gravatar.com\/avatar\/72ecc30e9db047a2e0e7176561eb9d564ed77c8108376495b19bd8336405198a?s=96&d=mm&r=g","contentUrl":"https:\/\/secure.gravatar.com\/avatar\/72ecc30e9db047a2e0e7176561eb9d564ed77c8108376495b19bd8336405198a?s=96&d=mm&r=g","caption":"Dpress.ma"},"sameAs":["https:\/\/www.dpress.ma"],"url":"https:\/\/dpress.ma\/fr\/author\/dpress-ma\/"}]}},"amp_enabled":true,"_links":{"self":[{"href":"https:\/\/dpress.ma\/fr\/wp-json\/wp\/v2\/posts\/24618","targetHints":{"allow":["GET"]}}],"collection":[{"href":"https:\/\/dpress.ma\/fr\/wp-json\/wp\/v2\/posts"}],"about":[{"href":"https:\/\/dpress.ma\/fr\/wp-json\/wp\/v2\/types\/post"}],"author":[{"embeddable":true,"href":"https:\/\/dpress.ma\/fr\/wp-json\/wp\/v2\/users\/2"}],"replies":[{"embeddable":true,"href":"https:\/\/dpress.ma\/fr\/wp-json\/wp\/v2\/comments?post=24618"}],"version-history":[{"count":1,"href":"https:\/\/dpress.ma\/fr\/wp-json\/wp\/v2\/posts\/24618\/revisions"}],"predecessor-version":[{"id":24620,"href":"https:\/\/dpress.ma\/fr\/wp-json\/wp\/v2\/posts\/24618\/revisions\/24620"}],"wp:featuredmedia":[{"embeddable":true,"href":"https:\/\/dpress.ma\/fr\/wp-json\/wp\/v2\/media\/24619"}],"wp:attachment":[{"href":"https:\/\/dpress.ma\/fr\/wp-json\/wp\/v2\/media?parent=24618"}],"wp:term":[{"taxonomy":"category","embeddable":true,"href":"https:\/\/dpress.ma\/fr\/wp-json\/wp\/v2\/categories?post=24618"},{"taxonomy":"post_tag","embeddable":true,"href":"https:\/\/dpress.ma\/fr\/wp-json\/wp\/v2\/tags?post=24618"}],"curies":[{"name":"wp","href":"https:\/\/api.w.org\/{rel}","templated":true}]}}