{"id":24609,"date":"2026-02-24T11:13:32","date_gmt":"2026-02-24T11:13:32","guid":{"rendered":"https:\/\/dpress.ma\/fr\/?p=24609"},"modified":"2026-02-24T11:13:33","modified_gmt":"2026-02-24T11:13:33","slug":"lancement-de-la-deuxieme-zone-dacceleration-industrielle-de-la-province-de-nouaceur-a-la-commune-douled-saleh","status":"publish","type":"post","link":"https:\/\/dpress.ma\/fr\/2026\/02\/24\/lancement-de-la-deuxieme-zone-dacceleration-industrielle-de-la-province-de-nouaceur-a-la-commune-douled-saleh\/","title":{"rendered":"Lancement de la deuxi\u00e8me Zone d\u2019Acc\u00e9l\u00e9ration Industrielle de la province de Nouaceur \u00e0 la commune d\u2019Ouled Saleh"},"content":{"rendered":"\n<p>Dpress<\/p>\n\n\n\n<p>La R\u00e9gion de Casablanca Settat franchit une nouvelle \u00e9tape majeure dans le renforcement de son positionnement en tant que locomotive industrielle nationale, avec la signature d\u2019une convention de partenariat relative au d\u00e9veloppement de la Zone d\u2019Acc\u00e9l\u00e9ration Industrielle (ZAI) d\u2019Ouled Saleh, situ\u00e9e dans la province de Nouaceur.<\/p>\n\n\n\n<p>Cette convention a \u00e9t\u00e9 sign\u00e9e par le ministre de l\u2019Industrie et du Commerce, le Wali de la R\u00e9gion Casablanca-Settat, le Pr\u00e9sident du Conseil de la R\u00e9gion Casablanca-Settat, le Gouverneur de la Province de Nouaceur, le Gouverneur Directeur G\u00e9n\u00e9ral de l\u2019Agence Urbaine de Casablanca, le Directeur G\u00e9n\u00e9ral du Centre R\u00e9gional d\u2019Investissement de la R\u00e9gion Casablanca-Settat, ainsi que le Pr\u00e9sident du Directoire du Holding Al Omrane.<\/p>\n\n\n\n<p>Selon un communiqu\u00e9 du Groupe Al Omrane, cette signature consacre une mobilisation institutionnelle forte autour d\u2019un projet \u00e0 haute valeur strat\u00e9gique pour les territoires de la province de Nouaceur jouant le r\u00f4le de locomotive pour la dynamique industrielle de la R\u00e9gion Casablanca-Settat.<\/p>\n\n\n\n<p>\u201cCe partenariat s\u2019inscrit pleinement dans la dynamique nationale de r\u00e9gionalisation avanc\u00e9e initi\u00e9e sous l\u2019impulsion de Sa Majest\u00e9 le Roi Mohammed VI, pla\u00e7ant la R\u00e9gion au c\u0153ur de la d\u00e9finition et de la mise en \u0153uvre de sa strat\u00e9gie de d\u00e9veloppement. Il traduit \u00e9galement la mise en \u0153uvre des dispositions constitutionnelles renfor\u00e7ant le r\u00f4le strat\u00e9gique des r\u00e9gions dans la conduite des politiques publiques territoriales\u201d, souligne la m\u00eame source.<\/p>\n\n\n\n<p>D\u2019une superficie globale de 476 hectares, la future Zone d\u2019Acc\u00e9l\u00e9ration Industrielle d\u2019Ouled Saleh se positionnerait comme la quatri\u00e8me plus grande ZAI du Royaume. Elle s\u2019inscrit dans une dynamique de compl\u00e9mentarit\u00e9 avec les zones d\u2019activit\u00e9s existantes et ambitionne de constituer un nouveau levier de comp\u00e9titivit\u00e9 au service de la Province de Nouaceur et de l\u2019ensemble de la R\u00e9gion Casablanca-Settat.<\/p>\n\n\n\n<p>Le projet b\u00e9n\u00e9ficie d\u2019un positionnement g\u00e9ographique particuli\u00e8rement strat\u00e9gique au c\u0153ur de la province de Nouaceur. Situ\u00e9e \u00e0 proximit\u00e9 imm\u00e9diate de l\u2019a\u00e9roport international Mohammed V, la zone est desservie par les autoroutes A1 reliant Tanger \u00e0 Safi en passant par Rabat, Casablanca et El Jadida, ainsi que par l\u2019autoroute A3 reliant Casablanca \u00e0 Agadir via Marrakech.<\/p>\n\n\n\n<p>La zone profite \u00e9galement d\u2019un maillage routier performant et d\u2019un acc\u00e8s facilit\u00e9 depuis l\u2019\u00e9changeur de Bouskoura Sud, via la double voie menant \u00e0 Victoria. Elle est accessible aussi bien par le parc industriel CFCIM permettant de rejoindre la RR 310 que par la voie de contournement de Victoria d\u00e9bouchant directement sur la RP 3036, laquelle traverse le projet en son milieu. Cette configuration conforte son positionnement en tant que hub industriel et logistique de premier plan.<\/p>\n\n\n\n<p>La convention pr\u00e9voit l\u2019\u00e9laboration d\u2019un plan d\u2019am\u00e9nagement global ainsi que la r\u00e9alisation d\u2019\u00e9tudes fonci\u00e8res, topographiques, urbanistiques, techniques et financi\u00e8res. Ces \u00e9tudes permettront d\u2019aboutir \u00e0 la d\u00e9finition d\u2019un mod\u00e8le de valorisation et \u00e0 l\u2019\u00e9tablissement d\u2019un business plan garantissant la viabilit\u00e9 et la soutenabilit\u00e9 du projet.<\/p>\n\n\n\n<p>Elle vise \u00e9galement la conception et la mise \u00e0 disposition d\u2019infrastructures industrielles performantes et de services connexes comp\u00e9titifs, conformes aux standards du march\u00e9 et aux exigences des activit\u00e9s industrielles et logistiques appel\u00e9es \u00e0 s\u2019y implanter.<\/p>\n\n\n\n<p>Le partenariat repose sur une approche concert\u00e9e visant \u00e0 assurer un impact \u00e9conomique et social significatif, \u00e0 favoriser la cr\u00e9ation d\u2019activit\u00e9s g\u00e9n\u00e9ratrices de richesse et d\u2019emplois et \u00e0 proposer une offre industrielle et logistique adapt\u00e9e aux besoins des investisseurs nationaux et internationaux.<\/p>\n\n\n\n<p>\u00c0 travers ce projet, les parties signataires r\u00e9affirment leur engagement commun en faveur du renforcement de la comp\u00e9titivit\u00e9 industrielle de la R\u00e9gion Casablanca-Settat, de la consolidation du r\u00f4le strat\u00e9gique de la Province de Nouaceur et de la cr\u00e9ation d\u2019un \u00e9cosyst\u00e8me industriel performant, g\u00e9n\u00e9rateur de valeur durable au service du d\u00e9veloppement national.<\/p>\n","protected":false},"excerpt":{"rendered":"<p>Dpress La R\u00e9gion de Casablanca Settat franchit une nouvelle \u00e9tape majeure dans le renforcement de son positionnement en tant que locomotive industrielle nationale, avec la signature d\u2019une convention de partenariat relative au d\u00e9veloppement de la Zone d\u2019Acc\u00e9l\u00e9ration Industrielle (ZAI) d\u2019Ouled Saleh, situ\u00e9e dans la province de Nouaceur. Cette convention a \u00e9t\u00e9 sign\u00e9e par le ministre &hellip;<\/p>\n","protected":false},"author":2,"featured_media":24610,"comment_status":"open","ping_status":"open","sticky":false,"template":"","format":"standard","meta":{"footnotes":""},"categories":[25],"tags":[],"class_list":["post-24609","post","type-post","status-publish","format-standard","has-post-thumbnail","hentry","category-economie"],"yoast_head":"<!-- This site is optimized with the Yoast SEO plugin v27.5 - https:\/\/yoast.com\/product\/yoast-seo-wordpress\/ -->\n<title>Lancement de la deuxi\u00e8me Zone d\u2019Acc\u00e9l\u00e9ration Industrielle de la province de Nouaceur \u00e0 la commune d\u2019Ouled Saleh - Dpress.ma\/fr<\/title>\n<meta name=\"robots\" content=\"index, follow, max-snippet:-1, max-image-preview:large, max-video-preview:-1\" \/>\n<link rel=\"canonical\" href=\"https:\/\/dpress.ma\/fr\/2026\/02\/24\/lancement-de-la-deuxieme-zone-dacceleration-industrielle-de-la-province-de-nouaceur-a-la-commune-douled-saleh\/\" \/>\n<meta property=\"og:locale\" content=\"fr_FR\" \/>\n<meta property=\"og:type\" content=\"article\" \/>\n<meta property=\"og:title\" content=\"Lancement de la deuxi\u00e8me Zone d\u2019Acc\u00e9l\u00e9ration Industrielle de la province de Nouaceur \u00e0 la commune d\u2019Ouled Saleh - Dpress.ma\/fr\" \/>\n<meta property=\"og:description\" content=\"Dpress La R\u00e9gion de Casablanca Settat franchit une nouvelle \u00e9tape majeure dans le renforcement de son positionnement en tant que locomotive industrielle nationale, avec la signature d\u2019une convention de partenariat relative au d\u00e9veloppement de la Zone d\u2019Acc\u00e9l\u00e9ration Industrielle (ZAI) d\u2019Ouled Saleh, situ\u00e9e dans la province de Nouaceur. Cette convention a \u00e9t\u00e9 sign\u00e9e par le ministre &hellip;\" \/>\n<meta property=\"og:url\" content=\"https:\/\/dpress.ma\/fr\/2026\/02\/24\/lancement-de-la-deuxieme-zone-dacceleration-industrielle-de-la-province-de-nouaceur-a-la-commune-douled-saleh\/\" \/>\n<meta property=\"og:site_name\" content=\"Dpress.ma\/fr\" \/>\n<meta property=\"article:published_time\" content=\"2026-02-24T11:13:32+00:00\" \/>\n<meta property=\"article:modified_time\" content=\"2026-02-24T11:13:33+00:00\" \/>\n<meta property=\"og:image\" content=\"https:\/\/dpress.ma\/fr\/wp-content\/uploads\/sites\/2\/2026\/02\/36-11.jpg\" \/>\n\t<meta property=\"og:image:width\" content=\"2539\" \/>\n\t<meta property=\"og:image:height\" content=\"1594\" \/>\n\t<meta property=\"og:image:type\" content=\"image\/jpeg\" \/>\n<meta name=\"author\" content=\"Dpress.ma\" \/>\n<meta name=\"twitter:card\" content=\"summary_large_image\" \/>\n<meta name=\"twitter:label1\" content=\"\u00c9crit par\" \/>\n\t<meta name=\"twitter:data1\" content=\"Dpress.ma\" \/>\n\t<meta name=\"twitter:label2\" content=\"Dur\u00e9e de lecture estim\u00e9e\" \/>\n\t<meta name=\"twitter:data2\" content=\"4 minutes\" \/>\n<script type=\"application\/ld+json\" class=\"yoast-schema-graph\">{\"@context\":\"https:\\\/\\\/schema.org\",\"@graph\":[{\"@type\":\"Article\",\"@id\":\"https:\\\/\\\/dpress.ma\\\/fr\\\/2026\\\/02\\\/24\\\/lancement-de-la-deuxieme-zone-dacceleration-industrielle-de-la-province-de-nouaceur-a-la-commune-douled-saleh\\\/#article\",\"isPartOf\":{\"@id\":\"https:\\\/\\\/dpress.ma\\\/fr\\\/2026\\\/02\\\/24\\\/lancement-de-la-deuxieme-zone-dacceleration-industrielle-de-la-province-de-nouaceur-a-la-commune-douled-saleh\\\/\"},\"author\":{\"name\":\"Dpress.ma\",\"@id\":\"https:\\\/\\\/dpress.ma\\\/fr\\\/#\\\/schema\\\/person\\\/4898febf3ccd59e6578d838656a306a0\"},\"headline\":\"Lancement de la deuxi\u00e8me Zone d\u2019Acc\u00e9l\u00e9ration Industrielle de la province de Nouaceur \u00e0 la commune d\u2019Ouled Saleh\",\"datePublished\":\"2026-02-24T11:13:32+00:00\",\"dateModified\":\"2026-02-24T11:13:33+00:00\",\"mainEntityOfPage\":{\"@id\":\"https:\\\/\\\/dpress.ma\\\/fr\\\/2026\\\/02\\\/24\\\/lancement-de-la-deuxieme-zone-dacceleration-industrielle-de-la-province-de-nouaceur-a-la-commune-douled-saleh\\\/\"},\"wordCount\":697,\"commentCount\":0,\"image\":{\"@id\":\"https:\\\/\\\/dpress.ma\\\/fr\\\/2026\\\/02\\\/24\\\/lancement-de-la-deuxieme-zone-dacceleration-industrielle-de-la-province-de-nouaceur-a-la-commune-douled-saleh\\\/#primaryimage\"},\"thumbnailUrl\":\"https:\\\/\\\/dpress.ma\\\/fr\\\/wp-content\\\/uploads\\\/sites\\\/2\\\/2026\\\/02\\\/36-11.jpg\",\"articleSection\":[\"\u00c9conomie\"],\"inLanguage\":\"fr-FR\",\"potentialAction\":[{\"@type\":\"CommentAction\",\"name\":\"Comment\",\"target\":[\"https:\\\/\\\/dpress.ma\\\/fr\\\/2026\\\/02\\\/24\\\/lancement-de-la-deuxieme-zone-dacceleration-industrielle-de-la-province-de-nouaceur-a-la-commune-douled-saleh\\\/#respond\"]}]},{\"@type\":\"WebPage\",\"@id\":\"https:\\\/\\\/dpress.ma\\\/fr\\\/2026\\\/02\\\/24\\\/lancement-de-la-deuxieme-zone-dacceleration-industrielle-de-la-province-de-nouaceur-a-la-commune-douled-saleh\\\/\",\"url\":\"https:\\\/\\\/dpress.ma\\\/fr\\\/2026\\\/02\\\/24\\\/lancement-de-la-deuxieme-zone-dacceleration-industrielle-de-la-province-de-nouaceur-a-la-commune-douled-saleh\\\/\",\"name\":\"Lancement de la deuxi\u00e8me Zone d\u2019Acc\u00e9l\u00e9ration Industrielle de la province de Nouaceur \u00e0 la commune d\u2019Ouled Saleh - Dpress.ma\\\/fr\",\"isPartOf\":{\"@id\":\"https:\\\/\\\/dpress.ma\\\/fr\\\/#website\"},\"primaryImageOfPage\":{\"@id\":\"https:\\\/\\\/dpress.ma\\\/fr\\\/2026\\\/02\\\/24\\\/lancement-de-la-deuxieme-zone-dacceleration-industrielle-de-la-province-de-nouaceur-a-la-commune-douled-saleh\\\/#primaryimage\"},\"image\":{\"@id\":\"https:\\\/\\\/dpress.ma\\\/fr\\\/2026\\\/02\\\/24\\\/lancement-de-la-deuxieme-zone-dacceleration-industrielle-de-la-province-de-nouaceur-a-la-commune-douled-saleh\\\/#primaryimage\"},\"thumbnailUrl\":\"https:\\\/\\\/dpress.ma\\\/fr\\\/wp-content\\\/uploads\\\/sites\\\/2\\\/2026\\\/02\\\/36-11.jpg\",\"datePublished\":\"2026-02-24T11:13:32+00:00\",\"dateModified\":\"2026-02-24T11:13:33+00:00\",\"author\":{\"@id\":\"https:\\\/\\\/dpress.ma\\\/fr\\\/#\\\/schema\\\/person\\\/4898febf3ccd59e6578d838656a306a0\"},\"breadcrumb\":{\"@id\":\"https:\\\/\\\/dpress.ma\\\/fr\\\/2026\\\/02\\\/24\\\/lancement-de-la-deuxieme-zone-dacceleration-industrielle-de-la-province-de-nouaceur-a-la-commune-douled-saleh\\\/#breadcrumb\"},\"inLanguage\":\"fr-FR\",\"potentialAction\":[{\"@type\":\"ReadAction\",\"target\":[\"https:\\\/\\\/dpress.ma\\\/fr\\\/2026\\\/02\\\/24\\\/lancement-de-la-deuxieme-zone-dacceleration-industrielle-de-la-province-de-nouaceur-a-la-commune-douled-saleh\\\/\"]}]},{\"@type\":\"ImageObject\",\"inLanguage\":\"fr-FR\",\"@id\":\"https:\\\/\\\/dpress.ma\\\/fr\\\/2026\\\/02\\\/24\\\/lancement-de-la-deuxieme-zone-dacceleration-industrielle-de-la-province-de-nouaceur-a-la-commune-douled-saleh\\\/#primaryimage\",\"url\":\"https:\\\/\\\/dpress.ma\\\/fr\\\/wp-content\\\/uploads\\\/sites\\\/2\\\/2026\\\/02\\\/36-11.jpg\",\"contentUrl\":\"https:\\\/\\\/dpress.ma\\\/fr\\\/wp-content\\\/uploads\\\/sites\\\/2\\\/2026\\\/02\\\/36-11.jpg\",\"width\":2539,\"height\":1594},{\"@type\":\"BreadcrumbList\",\"@id\":\"https:\\\/\\\/dpress.ma\\\/fr\\\/2026\\\/02\\\/24\\\/lancement-de-la-deuxieme-zone-dacceleration-industrielle-de-la-province-de-nouaceur-a-la-commune-douled-saleh\\\/#breadcrumb\",\"itemListElement\":[{\"@type\":\"ListItem\",\"position\":1,\"name\":\"Home\",\"item\":\"https:\\\/\\\/dpress.ma\\\/fr\\\/\"},{\"@type\":\"ListItem\",\"position\":2,\"name\":\"Lancement de la deuxi\u00e8me Zone d\u2019Acc\u00e9l\u00e9ration Industrielle de la province de Nouaceur \u00e0 la commune d\u2019Ouled Saleh\"}]},{\"@type\":\"WebSite\",\"@id\":\"https:\\\/\\\/dpress.ma\\\/fr\\\/#website\",\"url\":\"https:\\\/\\\/dpress.ma\\\/fr\\\/\",\"name\":\"Dpress.ma\\\/fr\",\"description\":\"\",\"potentialAction\":[{\"@type\":\"SearchAction\",\"target\":{\"@type\":\"EntryPoint\",\"urlTemplate\":\"https:\\\/\\\/dpress.ma\\\/fr\\\/?s={search_term_string}\"},\"query-input\":{\"@type\":\"PropertyValueSpecification\",\"valueRequired\":true,\"valueName\":\"search_term_string\"}}],\"inLanguage\":\"fr-FR\"},{\"@type\":\"Person\",\"@id\":\"https:\\\/\\\/dpress.ma\\\/fr\\\/#\\\/schema\\\/person\\\/4898febf3ccd59e6578d838656a306a0\",\"name\":\"Dpress.ma\",\"image\":{\"@type\":\"ImageObject\",\"inLanguage\":\"fr-FR\",\"@id\":\"https:\\\/\\\/secure.gravatar.com\\\/avatar\\\/72ecc30e9db047a2e0e7176561eb9d564ed77c8108376495b19bd8336405198a?s=96&d=mm&r=g\",\"url\":\"https:\\\/\\\/secure.gravatar.com\\\/avatar\\\/72ecc30e9db047a2e0e7176561eb9d564ed77c8108376495b19bd8336405198a?s=96&d=mm&r=g\",\"contentUrl\":\"https:\\\/\\\/secure.gravatar.com\\\/avatar\\\/72ecc30e9db047a2e0e7176561eb9d564ed77c8108376495b19bd8336405198a?s=96&d=mm&r=g\",\"caption\":\"Dpress.ma\"},\"sameAs\":[\"https:\\\/\\\/www.dpress.ma\"],\"url\":\"https:\\\/\\\/dpress.ma\\\/fr\\\/author\\\/dpress-ma\\\/\"}]}<\/script>\n<!-- \/ Yoast SEO plugin. -->","yoast_head_json":{"title":"Lancement de la deuxi\u00e8me Zone d\u2019Acc\u00e9l\u00e9ration Industrielle de la province de Nouaceur \u00e0 la commune d\u2019Ouled Saleh - Dpress.ma\/fr","robots":{"index":"index","follow":"follow","max-snippet":"max-snippet:-1","max-image-preview":"max-image-preview:large","max-video-preview":"max-video-preview:-1"},"canonical":"https:\/\/dpress.ma\/fr\/2026\/02\/24\/lancement-de-la-deuxieme-zone-dacceleration-industrielle-de-la-province-de-nouaceur-a-la-commune-douled-saleh\/","og_locale":"fr_FR","og_type":"article","og_title":"Lancement de la deuxi\u00e8me Zone d\u2019Acc\u00e9l\u00e9ration Industrielle de la province de Nouaceur \u00e0 la commune d\u2019Ouled Saleh - Dpress.ma\/fr","og_description":"Dpress La R\u00e9gion de Casablanca Settat franchit une nouvelle \u00e9tape majeure dans le renforcement de son positionnement en tant que locomotive industrielle nationale, avec la signature d\u2019une convention de partenariat relative au d\u00e9veloppement de la Zone d\u2019Acc\u00e9l\u00e9ration Industrielle (ZAI) d\u2019Ouled Saleh, situ\u00e9e dans la province de Nouaceur. Cette convention a \u00e9t\u00e9 sign\u00e9e par le ministre &hellip;","og_url":"https:\/\/dpress.ma\/fr\/2026\/02\/24\/lancement-de-la-deuxieme-zone-dacceleration-industrielle-de-la-province-de-nouaceur-a-la-commune-douled-saleh\/","og_site_name":"Dpress.ma\/fr","article_published_time":"2026-02-24T11:13:32+00:00","article_modified_time":"2026-02-24T11:13:33+00:00","og_image":[{"width":2539,"height":1594,"url":"https:\/\/dpress.ma\/fr\/wp-content\/uploads\/sites\/2\/2026\/02\/36-11.jpg","type":"image\/jpeg"}],"author":"Dpress.ma","twitter_card":"summary_large_image","twitter_misc":{"\u00c9crit par":"Dpress.ma","Dur\u00e9e de lecture estim\u00e9e":"4 minutes"},"schema":{"@context":"https:\/\/schema.org","@graph":[{"@type":"Article","@id":"https:\/\/dpress.ma\/fr\/2026\/02\/24\/lancement-de-la-deuxieme-zone-dacceleration-industrielle-de-la-province-de-nouaceur-a-la-commune-douled-saleh\/#article","isPartOf":{"@id":"https:\/\/dpress.ma\/fr\/2026\/02\/24\/lancement-de-la-deuxieme-zone-dacceleration-industrielle-de-la-province-de-nouaceur-a-la-commune-douled-saleh\/"},"author":{"name":"Dpress.ma","@id":"https:\/\/dpress.ma\/fr\/#\/schema\/person\/4898febf3ccd59e6578d838656a306a0"},"headline":"Lancement de la deuxi\u00e8me Zone d\u2019Acc\u00e9l\u00e9ration Industrielle de la province de Nouaceur \u00e0 la commune d\u2019Ouled Saleh","datePublished":"2026-02-24T11:13:32+00:00","dateModified":"2026-02-24T11:13:33+00:00","mainEntityOfPage":{"@id":"https:\/\/dpress.ma\/fr\/2026\/02\/24\/lancement-de-la-deuxieme-zone-dacceleration-industrielle-de-la-province-de-nouaceur-a-la-commune-douled-saleh\/"},"wordCount":697,"commentCount":0,"image":{"@id":"https:\/\/dpress.ma\/fr\/2026\/02\/24\/lancement-de-la-deuxieme-zone-dacceleration-industrielle-de-la-province-de-nouaceur-a-la-commune-douled-saleh\/#primaryimage"},"thumbnailUrl":"https:\/\/dpress.ma\/fr\/wp-content\/uploads\/sites\/2\/2026\/02\/36-11.jpg","articleSection":["\u00c9conomie"],"inLanguage":"fr-FR","potentialAction":[{"@type":"CommentAction","name":"Comment","target":["https:\/\/dpress.ma\/fr\/2026\/02\/24\/lancement-de-la-deuxieme-zone-dacceleration-industrielle-de-la-province-de-nouaceur-a-la-commune-douled-saleh\/#respond"]}]},{"@type":"WebPage","@id":"https:\/\/dpress.ma\/fr\/2026\/02\/24\/lancement-de-la-deuxieme-zone-dacceleration-industrielle-de-la-province-de-nouaceur-a-la-commune-douled-saleh\/","url":"https:\/\/dpress.ma\/fr\/2026\/02\/24\/lancement-de-la-deuxieme-zone-dacceleration-industrielle-de-la-province-de-nouaceur-a-la-commune-douled-saleh\/","name":"Lancement de la deuxi\u00e8me Zone d\u2019Acc\u00e9l\u00e9ration Industrielle de la province de Nouaceur \u00e0 la commune d\u2019Ouled Saleh - Dpress.ma\/fr","isPartOf":{"@id":"https:\/\/dpress.ma\/fr\/#website"},"primaryImageOfPage":{"@id":"https:\/\/dpress.ma\/fr\/2026\/02\/24\/lancement-de-la-deuxieme-zone-dacceleration-industrielle-de-la-province-de-nouaceur-a-la-commune-douled-saleh\/#primaryimage"},"image":{"@id":"https:\/\/dpress.ma\/fr\/2026\/02\/24\/lancement-de-la-deuxieme-zone-dacceleration-industrielle-de-la-province-de-nouaceur-a-la-commune-douled-saleh\/#primaryimage"},"thumbnailUrl":"https:\/\/dpress.ma\/fr\/wp-content\/uploads\/sites\/2\/2026\/02\/36-11.jpg","datePublished":"2026-02-24T11:13:32+00:00","dateModified":"2026-02-24T11:13:33+00:00","author":{"@id":"https:\/\/dpress.ma\/fr\/#\/schema\/person\/4898febf3ccd59e6578d838656a306a0"},"breadcrumb":{"@id":"https:\/\/dpress.ma\/fr\/2026\/02\/24\/lancement-de-la-deuxieme-zone-dacceleration-industrielle-de-la-province-de-nouaceur-a-la-commune-douled-saleh\/#breadcrumb"},"inLanguage":"fr-FR","potentialAction":[{"@type":"ReadAction","target":["https:\/\/dpress.ma\/fr\/2026\/02\/24\/lancement-de-la-deuxieme-zone-dacceleration-industrielle-de-la-province-de-nouaceur-a-la-commune-douled-saleh\/"]}]},{"@type":"ImageObject","inLanguage":"fr-FR","@id":"https:\/\/dpress.ma\/fr\/2026\/02\/24\/lancement-de-la-deuxieme-zone-dacceleration-industrielle-de-la-province-de-nouaceur-a-la-commune-douled-saleh\/#primaryimage","url":"https:\/\/dpress.ma\/fr\/wp-content\/uploads\/sites\/2\/2026\/02\/36-11.jpg","contentUrl":"https:\/\/dpress.ma\/fr\/wp-content\/uploads\/sites\/2\/2026\/02\/36-11.jpg","width":2539,"height":1594},{"@type":"BreadcrumbList","@id":"https:\/\/dpress.ma\/fr\/2026\/02\/24\/lancement-de-la-deuxieme-zone-dacceleration-industrielle-de-la-province-de-nouaceur-a-la-commune-douled-saleh\/#breadcrumb","itemListElement":[{"@type":"ListItem","position":1,"name":"Home","item":"https:\/\/dpress.ma\/fr\/"},{"@type":"ListItem","position":2,"name":"Lancement de la deuxi\u00e8me Zone d\u2019Acc\u00e9l\u00e9ration Industrielle de la province de Nouaceur \u00e0 la commune d\u2019Ouled Saleh"}]},{"@type":"WebSite","@id":"https:\/\/dpress.ma\/fr\/#website","url":"https:\/\/dpress.ma\/fr\/","name":"Dpress.ma\/fr","description":"","potentialAction":[{"@type":"SearchAction","target":{"@type":"EntryPoint","urlTemplate":"https:\/\/dpress.ma\/fr\/?s={search_term_string}"},"query-input":{"@type":"PropertyValueSpecification","valueRequired":true,"valueName":"search_term_string"}}],"inLanguage":"fr-FR"},{"@type":"Person","@id":"https:\/\/dpress.ma\/fr\/#\/schema\/person\/4898febf3ccd59e6578d838656a306a0","name":"Dpress.ma","image":{"@type":"ImageObject","inLanguage":"fr-FR","@id":"https:\/\/secure.gravatar.com\/avatar\/72ecc30e9db047a2e0e7176561eb9d564ed77c8108376495b19bd8336405198a?s=96&d=mm&r=g","url":"https:\/\/secure.gravatar.com\/avatar\/72ecc30e9db047a2e0e7176561eb9d564ed77c8108376495b19bd8336405198a?s=96&d=mm&r=g","contentUrl":"https:\/\/secure.gravatar.com\/avatar\/72ecc30e9db047a2e0e7176561eb9d564ed77c8108376495b19bd8336405198a?s=96&d=mm&r=g","caption":"Dpress.ma"},"sameAs":["https:\/\/www.dpress.ma"],"url":"https:\/\/dpress.ma\/fr\/author\/dpress-ma\/"}]}},"amp_enabled":true,"_links":{"self":[{"href":"https:\/\/dpress.ma\/fr\/wp-json\/wp\/v2\/posts\/24609","targetHints":{"allow":["GET"]}}],"collection":[{"href":"https:\/\/dpress.ma\/fr\/wp-json\/wp\/v2\/posts"}],"about":[{"href":"https:\/\/dpress.ma\/fr\/wp-json\/wp\/v2\/types\/post"}],"author":[{"embeddable":true,"href":"https:\/\/dpress.ma\/fr\/wp-json\/wp\/v2\/users\/2"}],"replies":[{"embeddable":true,"href":"https:\/\/dpress.ma\/fr\/wp-json\/wp\/v2\/comments?post=24609"}],"version-history":[{"count":1,"href":"https:\/\/dpress.ma\/fr\/wp-json\/wp\/v2\/posts\/24609\/revisions"}],"predecessor-version":[{"id":24611,"href":"https:\/\/dpress.ma\/fr\/wp-json\/wp\/v2\/posts\/24609\/revisions\/24611"}],"wp:featuredmedia":[{"embeddable":true,"href":"https:\/\/dpress.ma\/fr\/wp-json\/wp\/v2\/media\/24610"}],"wp:attachment":[{"href":"https:\/\/dpress.ma\/fr\/wp-json\/wp\/v2\/media?parent=24609"}],"wp:term":[{"taxonomy":"category","embeddable":true,"href":"https:\/\/dpress.ma\/fr\/wp-json\/wp\/v2\/categories?post=24609"},{"taxonomy":"post_tag","embeddable":true,"href":"https:\/\/dpress.ma\/fr\/wp-json\/wp\/v2\/tags?post=24609"}],"curies":[{"name":"wp","href":"https:\/\/api.w.org\/{rel}","templated":true}]}}