{"id":24606,"date":"2026-02-24T11:12:16","date_gmt":"2026-02-24T11:12:16","guid":{"rendered":"https:\/\/dpress.ma\/fr\/?p=24606"},"modified":"2026-02-24T11:24:13","modified_gmt":"2026-02-24T11:24:13","slug":"al-hoceima-lancement-de-la-6e-edition-du-tournoi-fraternel-ramadanesque-de-peche-a-la-canne","status":"publish","type":"post","link":"https:\/\/dpress.ma\/fr\/2026\/02\/24\/al-hoceima-lancement-de-la-6e-edition-du-tournoi-fraternel-ramadanesque-de-peche-a-la-canne\/","title":{"rendered":"Al Hoceima: Lancement de la 6\u00e8 \u00e9dition du Tournoi fraternel ramadanesque de p\u00eache \u00e0 la canne"},"content":{"rendered":"\n<p>Dpress<\/p>\n\n\n\n<p>Le coup d\u2019envoi de la 6\u00e8 \u00e9dition du Tournoi fraternel ramadanesque de p\u00eache \u00e0 la canne a \u00e9t\u00e9 donn\u00e9, dimanche soir \u00e0 la corniche Sabadia d\u2019Al Hoceima, \u00e0 l\u2019initiative de l\u2019Association des Jeunes du Rif pour la p\u00eache sportive \u00e0 Al Hoceima.<\/p>\n\n\n\n<p>Cette \u00e9dition conna\u00eet la participation de 30 comp\u00e9titeurs, amateurs et professionnels de la p\u00eache \u00e0 la canne dans la province d\u2019Al Hoceima. Les cinq premiers ayant r\u00e9alis\u00e9 les prises les plus abondantes seront r\u00e9compens\u00e9s.<\/p>\n\n\n\n<p>La deuxi\u00e8me \u00e9tape de ce tournoi se tiendra \u00e0 la plage Sfiha, tandis que la plage Tala Youssef accueillera l\u2019\u00e9tape finale.<\/p>\n\n\n\n<p>L\u2019organisation de cette \u00e9dition s\u2019inscrit dans le cadre de la promotion et de la structuration de la p\u00eache \u00e0 la canne, fond\u00e9e sur des techniques et des comp\u00e9tences renouvel\u00e9es. Elle vise \u00e0 renforcer la sensibilisation environnementale et sociale, \u00e0 favoriser l\u2019\u00e9change d\u2019exp\u00e9riences entre pratiquants, \u00e0 faire conna\u00eetre les diff\u00e9rents moyens et \u00e9quipements utilis\u00e9s, ainsi qu\u2019\u00e0 promouvoir l\u2019esprit de comp\u00e9tition dans une ambiance sportive et conviviale.<\/p>\n\n\n\n<p>Cette \u00e9dition ambitionne \u00e9galement de renforcer la conscience \u00e9cologique quant \u00e0 l\u2019importance de pr\u00e9server l\u2019environnement marin et d\u2019encourager la p\u00eache \u00e0 la canne sous toutes ses formes, en tant que technique durable respectueuse de l\u2019environnement et des ressources halieutiques.<\/p>\n\n\n\n<p>Elle vise aussi \u00e0 instaurer une comp\u00e9tition sportive saine&nbsp;entre les participants et \u00e0 pr\u00e9senter les derni\u00e8res techniques de cette discipline, largement r\u00e9pandue dans la province d\u2019Al Hoceima, connue pour la longueur de son littoral et la diversit\u00e9 de ses plages sableuses et rocheuses.<\/p>\n\n\n\n<p>Dans une d\u00e9claration \u00e0 la MAP,&nbsp;le pr\u00e9sident de l\u2019association organisatrice, Fikri Alout, a indiqu\u00e9 que cette \u00e9dition r\u00e9unit 30 concurrents, chacun dot\u00e9 de deux cannes, et se d\u00e9roule en trois \u00e9tapes, au terme desquelles les cinq p\u00eacheurs class\u00e9s en t\u00eate seront prim\u00e9s.<\/p>\n\n\n\n<p>Il a ajout\u00e9 que cette manifestation vise \u00e0 faire conna\u00eetre ce sport, qui attire de nombreux amateurs et professionnels, tout en promouvant des m\u00e9thodes de p\u00eache durables respectueuses de l\u2019environnement, soulignant que&nbsp;la p\u00eache \u00e0 la canne constitue \u00e9galement une source de revenu pour de nombreux p\u00eacheurs de la province d\u2019Al Hoceima.<\/p>\n\n\n\n<p>Pour sa part, Omar Ould Chouaib, membre du comit\u00e9 d\u2019organisation, a soulign\u00e9 que cette \u00e9dition contribue \u00e0 ancrer la p\u00eache \u00e0 la canne dans l\u2019identit\u00e9 maritime de la ville d\u2019Al Hoceima, tout en renfor\u00e7ant la sensibilisation environnementale, \u00e0 travers la promotion de m\u00e9thodes de p\u00eache durables, afin de pr\u00e9server les ressources halieutiques, consid\u00e9r\u00e9es comme un pilier du d\u00e9veloppement pour les g\u00e9n\u00e9rations futures.<\/p>\n\n\n\n<p>La p\u00eache \u00e0 la canne figure parmi les loisirs largement pratiqu\u00e9s dans la province d\u2019Al Hoceima, particuli\u00e8rement pris\u00e9e durant le mois de Ramadan, puisqu\u2019elle allie sport et d\u00e9tente, tout en pouvant constituer une source de revenus pour ses pratiquants.<\/p>\n\n\n\n<p>Fond\u00e9e en 2015, l\u2019Association des Jeunes du Rif pour la p\u00eache sportive \u0153uvre pour l\u2019organisation et la structuration de la p\u00eache \u00e0 la canne, le renforcement de la sensibilisation environnementale et sociale, l\u2019organisation et l\u2019accueil de comp\u00e9titions provinciales, r\u00e9gionales et internationales, ainsi que la tenue d\u2019ateliers de formation en p\u00eache sportive, en protection de l\u2019environnement et en sensibilisation aux dangers de la pollution et \u00e0 ses effets sur les \u00e9cosyst\u00e8mes marins.<\/p>\n","protected":false},"excerpt":{"rendered":"<p>Dpress Le coup d\u2019envoi de la 6\u00e8 \u00e9dition du Tournoi fraternel ramadanesque de p\u00eache \u00e0 la canne a \u00e9t\u00e9 donn\u00e9, dimanche soir \u00e0 la corniche Sabadia d\u2019Al Hoceima, \u00e0 l\u2019initiative de l\u2019Association des Jeunes du Rif pour la p\u00eache sportive \u00e0 Al Hoceima. Cette \u00e9dition conna\u00eet la participation de 30 comp\u00e9titeurs, amateurs et professionnels de &hellip;<\/p>\n","protected":false},"author":2,"featured_media":24617,"comment_status":"open","ping_status":"open","sticky":false,"template":"","format":"standard","meta":{"footnotes":""},"categories":[40],"tags":[],"class_list":["post-24606","post","type-post","status-publish","format-standard","has-post-thumbnail","hentry","category-societe-et-regions"],"yoast_head":"<!-- This site is optimized with the Yoast SEO plugin v27.5 - https:\/\/yoast.com\/product\/yoast-seo-wordpress\/ -->\n<title>Al Hoceima: Lancement de la 6\u00e8 \u00e9dition du Tournoi fraternel ramadanesque de p\u00eache \u00e0 la canne - Dpress.ma\/fr<\/title>\n<meta name=\"robots\" content=\"index, follow, max-snippet:-1, max-image-preview:large, max-video-preview:-1\" \/>\n<link rel=\"canonical\" href=\"https:\/\/dpress.ma\/fr\/2026\/02\/24\/al-hoceima-lancement-de-la-6e-edition-du-tournoi-fraternel-ramadanesque-de-peche-a-la-canne\/\" \/>\n<meta property=\"og:locale\" content=\"fr_FR\" \/>\n<meta property=\"og:type\" content=\"article\" \/>\n<meta property=\"og:title\" content=\"Al Hoceima: Lancement de la 6\u00e8 \u00e9dition du Tournoi fraternel ramadanesque de p\u00eache \u00e0 la canne - Dpress.ma\/fr\" \/>\n<meta property=\"og:description\" content=\"Dpress Le coup d\u2019envoi de la 6\u00e8 \u00e9dition du Tournoi fraternel ramadanesque de p\u00eache \u00e0 la canne a \u00e9t\u00e9 donn\u00e9, dimanche soir \u00e0 la corniche Sabadia d\u2019Al Hoceima, \u00e0 l\u2019initiative de l\u2019Association des Jeunes du Rif pour la p\u00eache sportive \u00e0 Al Hoceima. Cette \u00e9dition conna\u00eet la participation de 30 comp\u00e9titeurs, amateurs et professionnels de &hellip;\" \/>\n<meta property=\"og:url\" content=\"https:\/\/dpress.ma\/fr\/2026\/02\/24\/al-hoceima-lancement-de-la-6e-edition-du-tournoi-fraternel-ramadanesque-de-peche-a-la-canne\/\" \/>\n<meta property=\"og:site_name\" content=\"Dpress.ma\/fr\" \/>\n<meta property=\"article:published_time\" content=\"2026-02-24T11:12:16+00:00\" \/>\n<meta property=\"article:modified_time\" content=\"2026-02-24T11:24:13+00:00\" \/>\n<meta property=\"og:image\" content=\"https:\/\/dpress.ma\/fr\/wp-content\/uploads\/sites\/2\/2026\/02\/34-8.jpg\" \/>\n\t<meta property=\"og:image:width\" content=\"2539\" \/>\n\t<meta property=\"og:image:height\" content=\"1594\" \/>\n\t<meta property=\"og:image:type\" content=\"image\/jpeg\" \/>\n<meta name=\"author\" content=\"Dpress.ma\" \/>\n<meta name=\"twitter:card\" content=\"summary_large_image\" \/>\n<meta name=\"twitter:label1\" content=\"\u00c9crit par\" \/>\n\t<meta name=\"twitter:data1\" content=\"Dpress.ma\" \/>\n\t<meta name=\"twitter:label2\" content=\"Dur\u00e9e de lecture estim\u00e9e\" \/>\n\t<meta name=\"twitter:data2\" content=\"3 minutes\" \/>\n<script type=\"application\/ld+json\" class=\"yoast-schema-graph\">{\"@context\":\"https:\\\/\\\/schema.org\",\"@graph\":[{\"@type\":\"Article\",\"@id\":\"https:\\\/\\\/dpress.ma\\\/fr\\\/2026\\\/02\\\/24\\\/al-hoceima-lancement-de-la-6e-edition-du-tournoi-fraternel-ramadanesque-de-peche-a-la-canne\\\/#article\",\"isPartOf\":{\"@id\":\"https:\\\/\\\/dpress.ma\\\/fr\\\/2026\\\/02\\\/24\\\/al-hoceima-lancement-de-la-6e-edition-du-tournoi-fraternel-ramadanesque-de-peche-a-la-canne\\\/\"},\"author\":{\"name\":\"Dpress.ma\",\"@id\":\"https:\\\/\\\/dpress.ma\\\/fr\\\/#\\\/schema\\\/person\\\/4898febf3ccd59e6578d838656a306a0\"},\"headline\":\"Al Hoceima: Lancement de la 6\u00e8 \u00e9dition du Tournoi fraternel ramadanesque de p\u00eache \u00e0 la canne\",\"datePublished\":\"2026-02-24T11:12:16+00:00\",\"dateModified\":\"2026-02-24T11:24:13+00:00\",\"mainEntityOfPage\":{\"@id\":\"https:\\\/\\\/dpress.ma\\\/fr\\\/2026\\\/02\\\/24\\\/al-hoceima-lancement-de-la-6e-edition-du-tournoi-fraternel-ramadanesque-de-peche-a-la-canne\\\/\"},\"wordCount\":593,\"commentCount\":0,\"image\":{\"@id\":\"https:\\\/\\\/dpress.ma\\\/fr\\\/2026\\\/02\\\/24\\\/al-hoceima-lancement-de-la-6e-edition-du-tournoi-fraternel-ramadanesque-de-peche-a-la-canne\\\/#primaryimage\"},\"thumbnailUrl\":\"https:\\\/\\\/dpress.ma\\\/fr\\\/wp-content\\\/uploads\\\/sites\\\/2\\\/2026\\\/02\\\/34-8.jpg\",\"articleSection\":[\"societe et regions\"],\"inLanguage\":\"fr-FR\",\"potentialAction\":[{\"@type\":\"CommentAction\",\"name\":\"Comment\",\"target\":[\"https:\\\/\\\/dpress.ma\\\/fr\\\/2026\\\/02\\\/24\\\/al-hoceima-lancement-de-la-6e-edition-du-tournoi-fraternel-ramadanesque-de-peche-a-la-canne\\\/#respond\"]}]},{\"@type\":\"WebPage\",\"@id\":\"https:\\\/\\\/dpress.ma\\\/fr\\\/2026\\\/02\\\/24\\\/al-hoceima-lancement-de-la-6e-edition-du-tournoi-fraternel-ramadanesque-de-peche-a-la-canne\\\/\",\"url\":\"https:\\\/\\\/dpress.ma\\\/fr\\\/2026\\\/02\\\/24\\\/al-hoceima-lancement-de-la-6e-edition-du-tournoi-fraternel-ramadanesque-de-peche-a-la-canne\\\/\",\"name\":\"Al Hoceima: Lancement de la 6\u00e8 \u00e9dition du Tournoi fraternel ramadanesque de p\u00eache \u00e0 la canne - Dpress.ma\\\/fr\",\"isPartOf\":{\"@id\":\"https:\\\/\\\/dpress.ma\\\/fr\\\/#website\"},\"primaryImageOfPage\":{\"@id\":\"https:\\\/\\\/dpress.ma\\\/fr\\\/2026\\\/02\\\/24\\\/al-hoceima-lancement-de-la-6e-edition-du-tournoi-fraternel-ramadanesque-de-peche-a-la-canne\\\/#primaryimage\"},\"image\":{\"@id\":\"https:\\\/\\\/dpress.ma\\\/fr\\\/2026\\\/02\\\/24\\\/al-hoceima-lancement-de-la-6e-edition-du-tournoi-fraternel-ramadanesque-de-peche-a-la-canne\\\/#primaryimage\"},\"thumbnailUrl\":\"https:\\\/\\\/dpress.ma\\\/fr\\\/wp-content\\\/uploads\\\/sites\\\/2\\\/2026\\\/02\\\/34-8.jpg\",\"datePublished\":\"2026-02-24T11:12:16+00:00\",\"dateModified\":\"2026-02-24T11:24:13+00:00\",\"author\":{\"@id\":\"https:\\\/\\\/dpress.ma\\\/fr\\\/#\\\/schema\\\/person\\\/4898febf3ccd59e6578d838656a306a0\"},\"breadcrumb\":{\"@id\":\"https:\\\/\\\/dpress.ma\\\/fr\\\/2026\\\/02\\\/24\\\/al-hoceima-lancement-de-la-6e-edition-du-tournoi-fraternel-ramadanesque-de-peche-a-la-canne\\\/#breadcrumb\"},\"inLanguage\":\"fr-FR\",\"potentialAction\":[{\"@type\":\"ReadAction\",\"target\":[\"https:\\\/\\\/dpress.ma\\\/fr\\\/2026\\\/02\\\/24\\\/al-hoceima-lancement-de-la-6e-edition-du-tournoi-fraternel-ramadanesque-de-peche-a-la-canne\\\/\"]}]},{\"@type\":\"ImageObject\",\"inLanguage\":\"fr-FR\",\"@id\":\"https:\\\/\\\/dpress.ma\\\/fr\\\/2026\\\/02\\\/24\\\/al-hoceima-lancement-de-la-6e-edition-du-tournoi-fraternel-ramadanesque-de-peche-a-la-canne\\\/#primaryimage\",\"url\":\"https:\\\/\\\/dpress.ma\\\/fr\\\/wp-content\\\/uploads\\\/sites\\\/2\\\/2026\\\/02\\\/34-8.jpg\",\"contentUrl\":\"https:\\\/\\\/dpress.ma\\\/fr\\\/wp-content\\\/uploads\\\/sites\\\/2\\\/2026\\\/02\\\/34-8.jpg\",\"width\":2539,\"height\":1594},{\"@type\":\"BreadcrumbList\",\"@id\":\"https:\\\/\\\/dpress.ma\\\/fr\\\/2026\\\/02\\\/24\\\/al-hoceima-lancement-de-la-6e-edition-du-tournoi-fraternel-ramadanesque-de-peche-a-la-canne\\\/#breadcrumb\",\"itemListElement\":[{\"@type\":\"ListItem\",\"position\":1,\"name\":\"Home\",\"item\":\"https:\\\/\\\/dpress.ma\\\/fr\\\/\"},{\"@type\":\"ListItem\",\"position\":2,\"name\":\"Al Hoceima: Lancement de la 6\u00e8 \u00e9dition du Tournoi fraternel ramadanesque de p\u00eache \u00e0 la canne\"}]},{\"@type\":\"WebSite\",\"@id\":\"https:\\\/\\\/dpress.ma\\\/fr\\\/#website\",\"url\":\"https:\\\/\\\/dpress.ma\\\/fr\\\/\",\"name\":\"Dpress.ma\\\/fr\",\"description\":\"\",\"potentialAction\":[{\"@type\":\"SearchAction\",\"target\":{\"@type\":\"EntryPoint\",\"urlTemplate\":\"https:\\\/\\\/dpress.ma\\\/fr\\\/?s={search_term_string}\"},\"query-input\":{\"@type\":\"PropertyValueSpecification\",\"valueRequired\":true,\"valueName\":\"search_term_string\"}}],\"inLanguage\":\"fr-FR\"},{\"@type\":\"Person\",\"@id\":\"https:\\\/\\\/dpress.ma\\\/fr\\\/#\\\/schema\\\/person\\\/4898febf3ccd59e6578d838656a306a0\",\"name\":\"Dpress.ma\",\"image\":{\"@type\":\"ImageObject\",\"inLanguage\":\"fr-FR\",\"@id\":\"https:\\\/\\\/secure.gravatar.com\\\/avatar\\\/72ecc30e9db047a2e0e7176561eb9d564ed77c8108376495b19bd8336405198a?s=96&d=mm&r=g\",\"url\":\"https:\\\/\\\/secure.gravatar.com\\\/avatar\\\/72ecc30e9db047a2e0e7176561eb9d564ed77c8108376495b19bd8336405198a?s=96&d=mm&r=g\",\"contentUrl\":\"https:\\\/\\\/secure.gravatar.com\\\/avatar\\\/72ecc30e9db047a2e0e7176561eb9d564ed77c8108376495b19bd8336405198a?s=96&d=mm&r=g\",\"caption\":\"Dpress.ma\"},\"sameAs\":[\"https:\\\/\\\/www.dpress.ma\"],\"url\":\"https:\\\/\\\/dpress.ma\\\/fr\\\/author\\\/dpress-ma\\\/\"}]}<\/script>\n<!-- \/ Yoast SEO plugin. -->","yoast_head_json":{"title":"Al Hoceima: Lancement de la 6\u00e8 \u00e9dition du Tournoi fraternel ramadanesque de p\u00eache \u00e0 la canne - Dpress.ma\/fr","robots":{"index":"index","follow":"follow","max-snippet":"max-snippet:-1","max-image-preview":"max-image-preview:large","max-video-preview":"max-video-preview:-1"},"canonical":"https:\/\/dpress.ma\/fr\/2026\/02\/24\/al-hoceima-lancement-de-la-6e-edition-du-tournoi-fraternel-ramadanesque-de-peche-a-la-canne\/","og_locale":"fr_FR","og_type":"article","og_title":"Al Hoceima: Lancement de la 6\u00e8 \u00e9dition du Tournoi fraternel ramadanesque de p\u00eache \u00e0 la canne - Dpress.ma\/fr","og_description":"Dpress Le coup d\u2019envoi de la 6\u00e8 \u00e9dition du Tournoi fraternel ramadanesque de p\u00eache \u00e0 la canne a \u00e9t\u00e9 donn\u00e9, dimanche soir \u00e0 la corniche Sabadia d\u2019Al Hoceima, \u00e0 l\u2019initiative de l\u2019Association des Jeunes du Rif pour la p\u00eache sportive \u00e0 Al Hoceima. Cette \u00e9dition conna\u00eet la participation de 30 comp\u00e9titeurs, amateurs et professionnels de &hellip;","og_url":"https:\/\/dpress.ma\/fr\/2026\/02\/24\/al-hoceima-lancement-de-la-6e-edition-du-tournoi-fraternel-ramadanesque-de-peche-a-la-canne\/","og_site_name":"Dpress.ma\/fr","article_published_time":"2026-02-24T11:12:16+00:00","article_modified_time":"2026-02-24T11:24:13+00:00","og_image":[{"width":2539,"height":1594,"url":"https:\/\/dpress.ma\/fr\/wp-content\/uploads\/sites\/2\/2026\/02\/34-8.jpg","type":"image\/jpeg"}],"author":"Dpress.ma","twitter_card":"summary_large_image","twitter_misc":{"\u00c9crit par":"Dpress.ma","Dur\u00e9e de lecture estim\u00e9e":"3 minutes"},"schema":{"@context":"https:\/\/schema.org","@graph":[{"@type":"Article","@id":"https:\/\/dpress.ma\/fr\/2026\/02\/24\/al-hoceima-lancement-de-la-6e-edition-du-tournoi-fraternel-ramadanesque-de-peche-a-la-canne\/#article","isPartOf":{"@id":"https:\/\/dpress.ma\/fr\/2026\/02\/24\/al-hoceima-lancement-de-la-6e-edition-du-tournoi-fraternel-ramadanesque-de-peche-a-la-canne\/"},"author":{"name":"Dpress.ma","@id":"https:\/\/dpress.ma\/fr\/#\/schema\/person\/4898febf3ccd59e6578d838656a306a0"},"headline":"Al Hoceima: Lancement de la 6\u00e8 \u00e9dition du Tournoi fraternel ramadanesque de p\u00eache \u00e0 la canne","datePublished":"2026-02-24T11:12:16+00:00","dateModified":"2026-02-24T11:24:13+00:00","mainEntityOfPage":{"@id":"https:\/\/dpress.ma\/fr\/2026\/02\/24\/al-hoceima-lancement-de-la-6e-edition-du-tournoi-fraternel-ramadanesque-de-peche-a-la-canne\/"},"wordCount":593,"commentCount":0,"image":{"@id":"https:\/\/dpress.ma\/fr\/2026\/02\/24\/al-hoceima-lancement-de-la-6e-edition-du-tournoi-fraternel-ramadanesque-de-peche-a-la-canne\/#primaryimage"},"thumbnailUrl":"https:\/\/dpress.ma\/fr\/wp-content\/uploads\/sites\/2\/2026\/02\/34-8.jpg","articleSection":["societe et regions"],"inLanguage":"fr-FR","potentialAction":[{"@type":"CommentAction","name":"Comment","target":["https:\/\/dpress.ma\/fr\/2026\/02\/24\/al-hoceima-lancement-de-la-6e-edition-du-tournoi-fraternel-ramadanesque-de-peche-a-la-canne\/#respond"]}]},{"@type":"WebPage","@id":"https:\/\/dpress.ma\/fr\/2026\/02\/24\/al-hoceima-lancement-de-la-6e-edition-du-tournoi-fraternel-ramadanesque-de-peche-a-la-canne\/","url":"https:\/\/dpress.ma\/fr\/2026\/02\/24\/al-hoceima-lancement-de-la-6e-edition-du-tournoi-fraternel-ramadanesque-de-peche-a-la-canne\/","name":"Al Hoceima: Lancement de la 6\u00e8 \u00e9dition du Tournoi fraternel ramadanesque de p\u00eache \u00e0 la canne - Dpress.ma\/fr","isPartOf":{"@id":"https:\/\/dpress.ma\/fr\/#website"},"primaryImageOfPage":{"@id":"https:\/\/dpress.ma\/fr\/2026\/02\/24\/al-hoceima-lancement-de-la-6e-edition-du-tournoi-fraternel-ramadanesque-de-peche-a-la-canne\/#primaryimage"},"image":{"@id":"https:\/\/dpress.ma\/fr\/2026\/02\/24\/al-hoceima-lancement-de-la-6e-edition-du-tournoi-fraternel-ramadanesque-de-peche-a-la-canne\/#primaryimage"},"thumbnailUrl":"https:\/\/dpress.ma\/fr\/wp-content\/uploads\/sites\/2\/2026\/02\/34-8.jpg","datePublished":"2026-02-24T11:12:16+00:00","dateModified":"2026-02-24T11:24:13+00:00","author":{"@id":"https:\/\/dpress.ma\/fr\/#\/schema\/person\/4898febf3ccd59e6578d838656a306a0"},"breadcrumb":{"@id":"https:\/\/dpress.ma\/fr\/2026\/02\/24\/al-hoceima-lancement-de-la-6e-edition-du-tournoi-fraternel-ramadanesque-de-peche-a-la-canne\/#breadcrumb"},"inLanguage":"fr-FR","potentialAction":[{"@type":"ReadAction","target":["https:\/\/dpress.ma\/fr\/2026\/02\/24\/al-hoceima-lancement-de-la-6e-edition-du-tournoi-fraternel-ramadanesque-de-peche-a-la-canne\/"]}]},{"@type":"ImageObject","inLanguage":"fr-FR","@id":"https:\/\/dpress.ma\/fr\/2026\/02\/24\/al-hoceima-lancement-de-la-6e-edition-du-tournoi-fraternel-ramadanesque-de-peche-a-la-canne\/#primaryimage","url":"https:\/\/dpress.ma\/fr\/wp-content\/uploads\/sites\/2\/2026\/02\/34-8.jpg","contentUrl":"https:\/\/dpress.ma\/fr\/wp-content\/uploads\/sites\/2\/2026\/02\/34-8.jpg","width":2539,"height":1594},{"@type":"BreadcrumbList","@id":"https:\/\/dpress.ma\/fr\/2026\/02\/24\/al-hoceima-lancement-de-la-6e-edition-du-tournoi-fraternel-ramadanesque-de-peche-a-la-canne\/#breadcrumb","itemListElement":[{"@type":"ListItem","position":1,"name":"Home","item":"https:\/\/dpress.ma\/fr\/"},{"@type":"ListItem","position":2,"name":"Al Hoceima: Lancement de la 6\u00e8 \u00e9dition du Tournoi fraternel ramadanesque de p\u00eache \u00e0 la canne"}]},{"@type":"WebSite","@id":"https:\/\/dpress.ma\/fr\/#website","url":"https:\/\/dpress.ma\/fr\/","name":"Dpress.ma\/fr","description":"","potentialAction":[{"@type":"SearchAction","target":{"@type":"EntryPoint","urlTemplate":"https:\/\/dpress.ma\/fr\/?s={search_term_string}"},"query-input":{"@type":"PropertyValueSpecification","valueRequired":true,"valueName":"search_term_string"}}],"inLanguage":"fr-FR"},{"@type":"Person","@id":"https:\/\/dpress.ma\/fr\/#\/schema\/person\/4898febf3ccd59e6578d838656a306a0","name":"Dpress.ma","image":{"@type":"ImageObject","inLanguage":"fr-FR","@id":"https:\/\/secure.gravatar.com\/avatar\/72ecc30e9db047a2e0e7176561eb9d564ed77c8108376495b19bd8336405198a?s=96&d=mm&r=g","url":"https:\/\/secure.gravatar.com\/avatar\/72ecc30e9db047a2e0e7176561eb9d564ed77c8108376495b19bd8336405198a?s=96&d=mm&r=g","contentUrl":"https:\/\/secure.gravatar.com\/avatar\/72ecc30e9db047a2e0e7176561eb9d564ed77c8108376495b19bd8336405198a?s=96&d=mm&r=g","caption":"Dpress.ma"},"sameAs":["https:\/\/www.dpress.ma"],"url":"https:\/\/dpress.ma\/fr\/author\/dpress-ma\/"}]}},"amp_enabled":true,"_links":{"self":[{"href":"https:\/\/dpress.ma\/fr\/wp-json\/wp\/v2\/posts\/24606","targetHints":{"allow":["GET"]}}],"collection":[{"href":"https:\/\/dpress.ma\/fr\/wp-json\/wp\/v2\/posts"}],"about":[{"href":"https:\/\/dpress.ma\/fr\/wp-json\/wp\/v2\/types\/post"}],"author":[{"embeddable":true,"href":"https:\/\/dpress.ma\/fr\/wp-json\/wp\/v2\/users\/2"}],"replies":[{"embeddable":true,"href":"https:\/\/dpress.ma\/fr\/wp-json\/wp\/v2\/comments?post=24606"}],"version-history":[{"count":1,"href":"https:\/\/dpress.ma\/fr\/wp-json\/wp\/v2\/posts\/24606\/revisions"}],"predecessor-version":[{"id":24608,"href":"https:\/\/dpress.ma\/fr\/wp-json\/wp\/v2\/posts\/24606\/revisions\/24608"}],"wp:featuredmedia":[{"embeddable":true,"href":"https:\/\/dpress.ma\/fr\/wp-json\/wp\/v2\/media\/24617"}],"wp:attachment":[{"href":"https:\/\/dpress.ma\/fr\/wp-json\/wp\/v2\/media?parent=24606"}],"wp:term":[{"taxonomy":"category","embeddable":true,"href":"https:\/\/dpress.ma\/fr\/wp-json\/wp\/v2\/categories?post=24606"},{"taxonomy":"post_tag","embeddable":true,"href":"https:\/\/dpress.ma\/fr\/wp-json\/wp\/v2\/tags?post=24606"}],"curies":[{"name":"wp","href":"https:\/\/api.w.org\/{rel}","templated":true}]}}