{"id":24603,"date":"2026-02-24T11:11:00","date_gmt":"2026-02-24T11:11:00","guid":{"rendered":"https:\/\/dpress.ma\/fr\/?p=24603"},"modified":"2026-02-24T11:11:01","modified_gmt":"2026-02-24T11:11:01","slug":"incidents-securitaires-au-mexique-lambassade-du-maroc-met-en-place-une-cellule-de-suivi-et-de-communication-avec-les-citoyens-marocains","status":"publish","type":"post","link":"https:\/\/dpress.ma\/fr\/2026\/02\/24\/incidents-securitaires-au-mexique-lambassade-du-maroc-met-en-place-une-cellule-de-suivi-et-de-communication-avec-les-citoyens-marocains\/","title":{"rendered":"Incidents s\u00e9curitaires au Mexique : l\u2019ambassade du Maroc met en place une cellule de suivi et de communication avec les citoyens marocains"},"content":{"rendered":"\n<p>Dpress<\/p>\n\n\n\n<p>\u00c0 la suite des incidents s\u00e9curitaires survenus au Mexique apr\u00e8s la mort du chef du Cartel de Jalisco Nueva Generacion (CJNG) et les troubles s\u00e9curitaires qui ont \u00e9clat\u00e9 dans certaines r\u00e9gions du pays, l\u2019ambassade du Maroc \u00e0 Mexico a pris une s\u00e9rie de mesures pr\u00e9ventives afin de suivre de pr\u00e8s la situation des citoyens marocains se trouvant au Mexique.<\/p>\n\n\n\n<p>L\u2019ambassade a ainsi mis en place une cellule de suivi et de communication directe avec les citoyens marocains, par courrier \u00e9lectronique et \u00e0 travers le num\u00e9ro mobile de l\u2019ambassade, afin de veiller \u00e0 la s\u00e9curit\u00e9 de l\u2019ensemble des citoyens marocains r\u00e9sidant ou s\u00e9journant temporairement au Mexique, et leur fournir les conseils n\u00e9cessaires en fonction de l\u2019\u00e9volution de la situation, apprend-on aupr\u00e8s de la repr\u00e9sentation diplomatique marocaine.<\/p>\n\n\n\n<p>L\u2019ambassade a \u00e9galement contact\u00e9 tous les Marocains enregistr\u00e9s aupr\u00e8s d\u2019elle, les exhortant \u00e0 faire preuve d\u2019une extr\u00eame prudence et \u00e0 \u00e9viter les lieux de rassemblement ou les zones de troubles, et \u00e0 se conformer aux instructions des autorit\u00e9s locales, tout en veillant \u00e0 maintenir les canaux de communication ouverts avec l\u2019ambassade afin de signaler toute urgence ou demande d\u2019aide via le num\u00e9ro de t\u00e9l\u00e9phone portable de l\u2019ambassade, accessible 24\/24H au 5561693849, ou via les num\u00e9ros de t\u00e9l\u00e9phone fixes suivants : 5552451790 \/ 5552451786, ou par e-mail aux adresses suivantes : (sifamex@prodigy.net.mx) et (sifamex@maec.gov.ma).<\/p>\n\n\n\n<p>Tout en continuant de suivre de pr\u00e8s l\u2019\u00e9volution de la situation s\u00e9curitaire dans le pays, l\u2019ambassade compte communiquer toute nouvelle information ou tout compl\u00e9ment d\u2019information n\u00e9cessaire, afin de garantir la s\u00e9curit\u00e9 de l\u2019ensemble des citoyens marocains pr\u00e9sents au Mexique.<\/p>\n","protected":false},"excerpt":{"rendered":"<p>Dpress \u00c0 la suite des incidents s\u00e9curitaires survenus au Mexique apr\u00e8s la mort du chef du Cartel de Jalisco Nueva Generacion (CJNG) et les troubles s\u00e9curitaires qui ont \u00e9clat\u00e9 dans certaines r\u00e9gions du pays, l\u2019ambassade du Maroc \u00e0 Mexico a pris une s\u00e9rie de mesures pr\u00e9ventives afin de suivre de pr\u00e8s la situation des citoyens &hellip;<\/p>\n","protected":false},"author":2,"featured_media":24604,"comment_status":"open","ping_status":"open","sticky":false,"template":"","format":"standard","meta":{"footnotes":""},"categories":[32,42],"tags":[],"class_list":["post-24603","post","type-post","status-publish","format-standard","has-post-thumbnail","hentry","category-espace-marocain-du-monde","category-monde"],"yoast_head":"<!-- This site is optimized with the Yoast SEO plugin v27.5 - https:\/\/yoast.com\/product\/yoast-seo-wordpress\/ -->\n<title>Incidents s\u00e9curitaires au Mexique : l\u2019ambassade du Maroc met en place une cellule de suivi et de communication avec les citoyens marocains - Dpress.ma\/fr<\/title>\n<meta name=\"robots\" content=\"index, follow, max-snippet:-1, max-image-preview:large, max-video-preview:-1\" \/>\n<link rel=\"canonical\" href=\"https:\/\/dpress.ma\/fr\/2026\/02\/24\/incidents-securitaires-au-mexique-lambassade-du-maroc-met-en-place-une-cellule-de-suivi-et-de-communication-avec-les-citoyens-marocains\/\" \/>\n<meta property=\"og:locale\" content=\"fr_FR\" \/>\n<meta property=\"og:type\" content=\"article\" \/>\n<meta property=\"og:title\" content=\"Incidents s\u00e9curitaires au Mexique : l\u2019ambassade du Maroc met en place une cellule de suivi et de communication avec les citoyens marocains - Dpress.ma\/fr\" \/>\n<meta property=\"og:description\" content=\"Dpress \u00c0 la suite des incidents s\u00e9curitaires survenus au Mexique apr\u00e8s la mort du chef du Cartel de Jalisco Nueva Generacion (CJNG) et les troubles s\u00e9curitaires qui ont \u00e9clat\u00e9 dans certaines r\u00e9gions du pays, l\u2019ambassade du Maroc \u00e0 Mexico a pris une s\u00e9rie de mesures pr\u00e9ventives afin de suivre de pr\u00e8s la situation des citoyens &hellip;\" \/>\n<meta property=\"og:url\" content=\"https:\/\/dpress.ma\/fr\/2026\/02\/24\/incidents-securitaires-au-mexique-lambassade-du-maroc-met-en-place-une-cellule-de-suivi-et-de-communication-avec-les-citoyens-marocains\/\" \/>\n<meta property=\"og:site_name\" content=\"Dpress.ma\/fr\" \/>\n<meta property=\"article:published_time\" content=\"2026-02-24T11:11:00+00:00\" \/>\n<meta property=\"article:modified_time\" content=\"2026-02-24T11:11:01+00:00\" \/>\n<meta property=\"og:image\" content=\"https:\/\/dpress.ma\/fr\/wp-content\/uploads\/sites\/2\/2026\/02\/35-9.jpg\" \/>\n\t<meta property=\"og:image:width\" content=\"2539\" \/>\n\t<meta property=\"og:image:height\" content=\"1594\" \/>\n\t<meta property=\"og:image:type\" content=\"image\/jpeg\" \/>\n<meta name=\"author\" content=\"Dpress.ma\" \/>\n<meta name=\"twitter:card\" content=\"summary_large_image\" \/>\n<meta name=\"twitter:label1\" content=\"\u00c9crit par\" \/>\n\t<meta name=\"twitter:data1\" content=\"Dpress.ma\" \/>\n\t<meta name=\"twitter:label2\" content=\"Dur\u00e9e de lecture estim\u00e9e\" \/>\n\t<meta name=\"twitter:data2\" content=\"2 minutes\" \/>\n<script type=\"application\/ld+json\" class=\"yoast-schema-graph\">{\"@context\":\"https:\\\/\\\/schema.org\",\"@graph\":[{\"@type\":\"Article\",\"@id\":\"https:\\\/\\\/dpress.ma\\\/fr\\\/2026\\\/02\\\/24\\\/incidents-securitaires-au-mexique-lambassade-du-maroc-met-en-place-une-cellule-de-suivi-et-de-communication-avec-les-citoyens-marocains\\\/#article\",\"isPartOf\":{\"@id\":\"https:\\\/\\\/dpress.ma\\\/fr\\\/2026\\\/02\\\/24\\\/incidents-securitaires-au-mexique-lambassade-du-maroc-met-en-place-une-cellule-de-suivi-et-de-communication-avec-les-citoyens-marocains\\\/\"},\"author\":{\"name\":\"Dpress.ma\",\"@id\":\"https:\\\/\\\/dpress.ma\\\/fr\\\/#\\\/schema\\\/person\\\/4898febf3ccd59e6578d838656a306a0\"},\"headline\":\"Incidents s\u00e9curitaires au Mexique : l\u2019ambassade du Maroc met en place une cellule de suivi et de communication avec les citoyens marocains\",\"datePublished\":\"2026-02-24T11:11:00+00:00\",\"dateModified\":\"2026-02-24T11:11:01+00:00\",\"mainEntityOfPage\":{\"@id\":\"https:\\\/\\\/dpress.ma\\\/fr\\\/2026\\\/02\\\/24\\\/incidents-securitaires-au-mexique-lambassade-du-maroc-met-en-place-une-cellule-de-suivi-et-de-communication-avec-les-citoyens-marocains\\\/\"},\"wordCount\":318,\"commentCount\":0,\"image\":{\"@id\":\"https:\\\/\\\/dpress.ma\\\/fr\\\/2026\\\/02\\\/24\\\/incidents-securitaires-au-mexique-lambassade-du-maroc-met-en-place-une-cellule-de-suivi-et-de-communication-avec-les-citoyens-marocains\\\/#primaryimage\"},\"thumbnailUrl\":\"https:\\\/\\\/dpress.ma\\\/fr\\\/wp-content\\\/uploads\\\/sites\\\/2\\\/2026\\\/02\\\/35-9.jpg\",\"articleSection\":[\"Espace Marocain du Monde\",\"monde\"],\"inLanguage\":\"fr-FR\",\"potentialAction\":[{\"@type\":\"CommentAction\",\"name\":\"Comment\",\"target\":[\"https:\\\/\\\/dpress.ma\\\/fr\\\/2026\\\/02\\\/24\\\/incidents-securitaires-au-mexique-lambassade-du-maroc-met-en-place-une-cellule-de-suivi-et-de-communication-avec-les-citoyens-marocains\\\/#respond\"]}]},{\"@type\":\"WebPage\",\"@id\":\"https:\\\/\\\/dpress.ma\\\/fr\\\/2026\\\/02\\\/24\\\/incidents-securitaires-au-mexique-lambassade-du-maroc-met-en-place-une-cellule-de-suivi-et-de-communication-avec-les-citoyens-marocains\\\/\",\"url\":\"https:\\\/\\\/dpress.ma\\\/fr\\\/2026\\\/02\\\/24\\\/incidents-securitaires-au-mexique-lambassade-du-maroc-met-en-place-une-cellule-de-suivi-et-de-communication-avec-les-citoyens-marocains\\\/\",\"name\":\"Incidents s\u00e9curitaires au Mexique : l\u2019ambassade du Maroc met en place une cellule de suivi et de communication avec les citoyens marocains - Dpress.ma\\\/fr\",\"isPartOf\":{\"@id\":\"https:\\\/\\\/dpress.ma\\\/fr\\\/#website\"},\"primaryImageOfPage\":{\"@id\":\"https:\\\/\\\/dpress.ma\\\/fr\\\/2026\\\/02\\\/24\\\/incidents-securitaires-au-mexique-lambassade-du-maroc-met-en-place-une-cellule-de-suivi-et-de-communication-avec-les-citoyens-marocains\\\/#primaryimage\"},\"image\":{\"@id\":\"https:\\\/\\\/dpress.ma\\\/fr\\\/2026\\\/02\\\/24\\\/incidents-securitaires-au-mexique-lambassade-du-maroc-met-en-place-une-cellule-de-suivi-et-de-communication-avec-les-citoyens-marocains\\\/#primaryimage\"},\"thumbnailUrl\":\"https:\\\/\\\/dpress.ma\\\/fr\\\/wp-content\\\/uploads\\\/sites\\\/2\\\/2026\\\/02\\\/35-9.jpg\",\"datePublished\":\"2026-02-24T11:11:00+00:00\",\"dateModified\":\"2026-02-24T11:11:01+00:00\",\"author\":{\"@id\":\"https:\\\/\\\/dpress.ma\\\/fr\\\/#\\\/schema\\\/person\\\/4898febf3ccd59e6578d838656a306a0\"},\"breadcrumb\":{\"@id\":\"https:\\\/\\\/dpress.ma\\\/fr\\\/2026\\\/02\\\/24\\\/incidents-securitaires-au-mexique-lambassade-du-maroc-met-en-place-une-cellule-de-suivi-et-de-communication-avec-les-citoyens-marocains\\\/#breadcrumb\"},\"inLanguage\":\"fr-FR\",\"potentialAction\":[{\"@type\":\"ReadAction\",\"target\":[\"https:\\\/\\\/dpress.ma\\\/fr\\\/2026\\\/02\\\/24\\\/incidents-securitaires-au-mexique-lambassade-du-maroc-met-en-place-une-cellule-de-suivi-et-de-communication-avec-les-citoyens-marocains\\\/\"]}]},{\"@type\":\"ImageObject\",\"inLanguage\":\"fr-FR\",\"@id\":\"https:\\\/\\\/dpress.ma\\\/fr\\\/2026\\\/02\\\/24\\\/incidents-securitaires-au-mexique-lambassade-du-maroc-met-en-place-une-cellule-de-suivi-et-de-communication-avec-les-citoyens-marocains\\\/#primaryimage\",\"url\":\"https:\\\/\\\/dpress.ma\\\/fr\\\/wp-content\\\/uploads\\\/sites\\\/2\\\/2026\\\/02\\\/35-9.jpg\",\"contentUrl\":\"https:\\\/\\\/dpress.ma\\\/fr\\\/wp-content\\\/uploads\\\/sites\\\/2\\\/2026\\\/02\\\/35-9.jpg\",\"width\":2539,\"height\":1594},{\"@type\":\"BreadcrumbList\",\"@id\":\"https:\\\/\\\/dpress.ma\\\/fr\\\/2026\\\/02\\\/24\\\/incidents-securitaires-au-mexique-lambassade-du-maroc-met-en-place-une-cellule-de-suivi-et-de-communication-avec-les-citoyens-marocains\\\/#breadcrumb\",\"itemListElement\":[{\"@type\":\"ListItem\",\"position\":1,\"name\":\"Home\",\"item\":\"https:\\\/\\\/dpress.ma\\\/fr\\\/\"},{\"@type\":\"ListItem\",\"position\":2,\"name\":\"Incidents s\u00e9curitaires au Mexique : l\u2019ambassade du Maroc met en place une cellule de suivi et de communication avec les citoyens marocains\"}]},{\"@type\":\"WebSite\",\"@id\":\"https:\\\/\\\/dpress.ma\\\/fr\\\/#website\",\"url\":\"https:\\\/\\\/dpress.ma\\\/fr\\\/\",\"name\":\"Dpress.ma\\\/fr\",\"description\":\"\",\"potentialAction\":[{\"@type\":\"SearchAction\",\"target\":{\"@type\":\"EntryPoint\",\"urlTemplate\":\"https:\\\/\\\/dpress.ma\\\/fr\\\/?s={search_term_string}\"},\"query-input\":{\"@type\":\"PropertyValueSpecification\",\"valueRequired\":true,\"valueName\":\"search_term_string\"}}],\"inLanguage\":\"fr-FR\"},{\"@type\":\"Person\",\"@id\":\"https:\\\/\\\/dpress.ma\\\/fr\\\/#\\\/schema\\\/person\\\/4898febf3ccd59e6578d838656a306a0\",\"name\":\"Dpress.ma\",\"image\":{\"@type\":\"ImageObject\",\"inLanguage\":\"fr-FR\",\"@id\":\"https:\\\/\\\/secure.gravatar.com\\\/avatar\\\/72ecc30e9db047a2e0e7176561eb9d564ed77c8108376495b19bd8336405198a?s=96&d=mm&r=g\",\"url\":\"https:\\\/\\\/secure.gravatar.com\\\/avatar\\\/72ecc30e9db047a2e0e7176561eb9d564ed77c8108376495b19bd8336405198a?s=96&d=mm&r=g\",\"contentUrl\":\"https:\\\/\\\/secure.gravatar.com\\\/avatar\\\/72ecc30e9db047a2e0e7176561eb9d564ed77c8108376495b19bd8336405198a?s=96&d=mm&r=g\",\"caption\":\"Dpress.ma\"},\"sameAs\":[\"https:\\\/\\\/www.dpress.ma\"],\"url\":\"https:\\\/\\\/dpress.ma\\\/fr\\\/author\\\/dpress-ma\\\/\"}]}<\/script>\n<!-- \/ Yoast SEO plugin. -->","yoast_head_json":{"title":"Incidents s\u00e9curitaires au Mexique : l\u2019ambassade du Maroc met en place une cellule de suivi et de communication avec les citoyens marocains - Dpress.ma\/fr","robots":{"index":"index","follow":"follow","max-snippet":"max-snippet:-1","max-image-preview":"max-image-preview:large","max-video-preview":"max-video-preview:-1"},"canonical":"https:\/\/dpress.ma\/fr\/2026\/02\/24\/incidents-securitaires-au-mexique-lambassade-du-maroc-met-en-place-une-cellule-de-suivi-et-de-communication-avec-les-citoyens-marocains\/","og_locale":"fr_FR","og_type":"article","og_title":"Incidents s\u00e9curitaires au Mexique : l\u2019ambassade du Maroc met en place une cellule de suivi et de communication avec les citoyens marocains - Dpress.ma\/fr","og_description":"Dpress \u00c0 la suite des incidents s\u00e9curitaires survenus au Mexique apr\u00e8s la mort du chef du Cartel de Jalisco Nueva Generacion (CJNG) et les troubles s\u00e9curitaires qui ont \u00e9clat\u00e9 dans certaines r\u00e9gions du pays, l\u2019ambassade du Maroc \u00e0 Mexico a pris une s\u00e9rie de mesures pr\u00e9ventives afin de suivre de pr\u00e8s la situation des citoyens &hellip;","og_url":"https:\/\/dpress.ma\/fr\/2026\/02\/24\/incidents-securitaires-au-mexique-lambassade-du-maroc-met-en-place-une-cellule-de-suivi-et-de-communication-avec-les-citoyens-marocains\/","og_site_name":"Dpress.ma\/fr","article_published_time":"2026-02-24T11:11:00+00:00","article_modified_time":"2026-02-24T11:11:01+00:00","og_image":[{"width":2539,"height":1594,"url":"https:\/\/dpress.ma\/fr\/wp-content\/uploads\/sites\/2\/2026\/02\/35-9.jpg","type":"image\/jpeg"}],"author":"Dpress.ma","twitter_card":"summary_large_image","twitter_misc":{"\u00c9crit par":"Dpress.ma","Dur\u00e9e de lecture estim\u00e9e":"2 minutes"},"schema":{"@context":"https:\/\/schema.org","@graph":[{"@type":"Article","@id":"https:\/\/dpress.ma\/fr\/2026\/02\/24\/incidents-securitaires-au-mexique-lambassade-du-maroc-met-en-place-une-cellule-de-suivi-et-de-communication-avec-les-citoyens-marocains\/#article","isPartOf":{"@id":"https:\/\/dpress.ma\/fr\/2026\/02\/24\/incidents-securitaires-au-mexique-lambassade-du-maroc-met-en-place-une-cellule-de-suivi-et-de-communication-avec-les-citoyens-marocains\/"},"author":{"name":"Dpress.ma","@id":"https:\/\/dpress.ma\/fr\/#\/schema\/person\/4898febf3ccd59e6578d838656a306a0"},"headline":"Incidents s\u00e9curitaires au Mexique : l\u2019ambassade du Maroc met en place une cellule de suivi et de communication avec les citoyens marocains","datePublished":"2026-02-24T11:11:00+00:00","dateModified":"2026-02-24T11:11:01+00:00","mainEntityOfPage":{"@id":"https:\/\/dpress.ma\/fr\/2026\/02\/24\/incidents-securitaires-au-mexique-lambassade-du-maroc-met-en-place-une-cellule-de-suivi-et-de-communication-avec-les-citoyens-marocains\/"},"wordCount":318,"commentCount":0,"image":{"@id":"https:\/\/dpress.ma\/fr\/2026\/02\/24\/incidents-securitaires-au-mexique-lambassade-du-maroc-met-en-place-une-cellule-de-suivi-et-de-communication-avec-les-citoyens-marocains\/#primaryimage"},"thumbnailUrl":"https:\/\/dpress.ma\/fr\/wp-content\/uploads\/sites\/2\/2026\/02\/35-9.jpg","articleSection":["Espace Marocain du Monde","monde"],"inLanguage":"fr-FR","potentialAction":[{"@type":"CommentAction","name":"Comment","target":["https:\/\/dpress.ma\/fr\/2026\/02\/24\/incidents-securitaires-au-mexique-lambassade-du-maroc-met-en-place-une-cellule-de-suivi-et-de-communication-avec-les-citoyens-marocains\/#respond"]}]},{"@type":"WebPage","@id":"https:\/\/dpress.ma\/fr\/2026\/02\/24\/incidents-securitaires-au-mexique-lambassade-du-maroc-met-en-place-une-cellule-de-suivi-et-de-communication-avec-les-citoyens-marocains\/","url":"https:\/\/dpress.ma\/fr\/2026\/02\/24\/incidents-securitaires-au-mexique-lambassade-du-maroc-met-en-place-une-cellule-de-suivi-et-de-communication-avec-les-citoyens-marocains\/","name":"Incidents s\u00e9curitaires au Mexique : l\u2019ambassade du Maroc met en place une cellule de suivi et de communication avec les citoyens marocains - Dpress.ma\/fr","isPartOf":{"@id":"https:\/\/dpress.ma\/fr\/#website"},"primaryImageOfPage":{"@id":"https:\/\/dpress.ma\/fr\/2026\/02\/24\/incidents-securitaires-au-mexique-lambassade-du-maroc-met-en-place-une-cellule-de-suivi-et-de-communication-avec-les-citoyens-marocains\/#primaryimage"},"image":{"@id":"https:\/\/dpress.ma\/fr\/2026\/02\/24\/incidents-securitaires-au-mexique-lambassade-du-maroc-met-en-place-une-cellule-de-suivi-et-de-communication-avec-les-citoyens-marocains\/#primaryimage"},"thumbnailUrl":"https:\/\/dpress.ma\/fr\/wp-content\/uploads\/sites\/2\/2026\/02\/35-9.jpg","datePublished":"2026-02-24T11:11:00+00:00","dateModified":"2026-02-24T11:11:01+00:00","author":{"@id":"https:\/\/dpress.ma\/fr\/#\/schema\/person\/4898febf3ccd59e6578d838656a306a0"},"breadcrumb":{"@id":"https:\/\/dpress.ma\/fr\/2026\/02\/24\/incidents-securitaires-au-mexique-lambassade-du-maroc-met-en-place-une-cellule-de-suivi-et-de-communication-avec-les-citoyens-marocains\/#breadcrumb"},"inLanguage":"fr-FR","potentialAction":[{"@type":"ReadAction","target":["https:\/\/dpress.ma\/fr\/2026\/02\/24\/incidents-securitaires-au-mexique-lambassade-du-maroc-met-en-place-une-cellule-de-suivi-et-de-communication-avec-les-citoyens-marocains\/"]}]},{"@type":"ImageObject","inLanguage":"fr-FR","@id":"https:\/\/dpress.ma\/fr\/2026\/02\/24\/incidents-securitaires-au-mexique-lambassade-du-maroc-met-en-place-une-cellule-de-suivi-et-de-communication-avec-les-citoyens-marocains\/#primaryimage","url":"https:\/\/dpress.ma\/fr\/wp-content\/uploads\/sites\/2\/2026\/02\/35-9.jpg","contentUrl":"https:\/\/dpress.ma\/fr\/wp-content\/uploads\/sites\/2\/2026\/02\/35-9.jpg","width":2539,"height":1594},{"@type":"BreadcrumbList","@id":"https:\/\/dpress.ma\/fr\/2026\/02\/24\/incidents-securitaires-au-mexique-lambassade-du-maroc-met-en-place-une-cellule-de-suivi-et-de-communication-avec-les-citoyens-marocains\/#breadcrumb","itemListElement":[{"@type":"ListItem","position":1,"name":"Home","item":"https:\/\/dpress.ma\/fr\/"},{"@type":"ListItem","position":2,"name":"Incidents s\u00e9curitaires au Mexique : l\u2019ambassade du Maroc met en place une cellule de suivi et de communication avec les citoyens marocains"}]},{"@type":"WebSite","@id":"https:\/\/dpress.ma\/fr\/#website","url":"https:\/\/dpress.ma\/fr\/","name":"Dpress.ma\/fr","description":"","potentialAction":[{"@type":"SearchAction","target":{"@type":"EntryPoint","urlTemplate":"https:\/\/dpress.ma\/fr\/?s={search_term_string}"},"query-input":{"@type":"PropertyValueSpecification","valueRequired":true,"valueName":"search_term_string"}}],"inLanguage":"fr-FR"},{"@type":"Person","@id":"https:\/\/dpress.ma\/fr\/#\/schema\/person\/4898febf3ccd59e6578d838656a306a0","name":"Dpress.ma","image":{"@type":"ImageObject","inLanguage":"fr-FR","@id":"https:\/\/secure.gravatar.com\/avatar\/72ecc30e9db047a2e0e7176561eb9d564ed77c8108376495b19bd8336405198a?s=96&d=mm&r=g","url":"https:\/\/secure.gravatar.com\/avatar\/72ecc30e9db047a2e0e7176561eb9d564ed77c8108376495b19bd8336405198a?s=96&d=mm&r=g","contentUrl":"https:\/\/secure.gravatar.com\/avatar\/72ecc30e9db047a2e0e7176561eb9d564ed77c8108376495b19bd8336405198a?s=96&d=mm&r=g","caption":"Dpress.ma"},"sameAs":["https:\/\/www.dpress.ma"],"url":"https:\/\/dpress.ma\/fr\/author\/dpress-ma\/"}]}},"amp_enabled":true,"_links":{"self":[{"href":"https:\/\/dpress.ma\/fr\/wp-json\/wp\/v2\/posts\/24603","targetHints":{"allow":["GET"]}}],"collection":[{"href":"https:\/\/dpress.ma\/fr\/wp-json\/wp\/v2\/posts"}],"about":[{"href":"https:\/\/dpress.ma\/fr\/wp-json\/wp\/v2\/types\/post"}],"author":[{"embeddable":true,"href":"https:\/\/dpress.ma\/fr\/wp-json\/wp\/v2\/users\/2"}],"replies":[{"embeddable":true,"href":"https:\/\/dpress.ma\/fr\/wp-json\/wp\/v2\/comments?post=24603"}],"version-history":[{"count":1,"href":"https:\/\/dpress.ma\/fr\/wp-json\/wp\/v2\/posts\/24603\/revisions"}],"predecessor-version":[{"id":24605,"href":"https:\/\/dpress.ma\/fr\/wp-json\/wp\/v2\/posts\/24603\/revisions\/24605"}],"wp:featuredmedia":[{"embeddable":true,"href":"https:\/\/dpress.ma\/fr\/wp-json\/wp\/v2\/media\/24604"}],"wp:attachment":[{"href":"https:\/\/dpress.ma\/fr\/wp-json\/wp\/v2\/media?parent=24603"}],"wp:term":[{"taxonomy":"category","embeddable":true,"href":"https:\/\/dpress.ma\/fr\/wp-json\/wp\/v2\/categories?post=24603"},{"taxonomy":"post_tag","embeddable":true,"href":"https:\/\/dpress.ma\/fr\/wp-json\/wp\/v2\/tags?post=24603"}],"curies":[{"name":"wp","href":"https:\/\/api.w.org\/{rel}","templated":true}]}}