{"id":24598,"date":"2026-02-24T09:54:13","date_gmt":"2026-02-24T09:54:13","guid":{"rendered":"https:\/\/dpress.ma\/fr\/?p=24598"},"modified":"2026-02-24T09:54:14","modified_gmt":"2026-02-24T09:54:14","slug":"poursuite-a-al-qods-de-la-campagne-daide-sociale-de-lagence-bayt-mal-al-qods-acharif-a-loccasion-du-mois-de-ramadan","status":"publish","type":"post","link":"https:\/\/dpress.ma\/fr\/2026\/02\/24\/poursuite-a-al-qods-de-la-campagne-daide-sociale-de-lagence-bayt-mal-al-qods-acharif-a-loccasion-du-mois-de-ramadan\/","title":{"rendered":"Poursuite \u00e0 Al-Qods de la campagne d\u2019aide sociale de l\u2019Agence Bayt Mal Al-Qods Acharif \u00e0 l\u2019occasion du mois de Ramadan"},"content":{"rendered":"\n<p>Dpress<\/p>\n\n\n\n<p>L\u2019Agence Bayt Mal Al-Qods Acharif, relevant du Comit\u00e9 Al-Qods pr\u00e9sid\u00e9 par Sa Majest\u00e9 le Roi Mohammed VI, poursuit la mise en \u0153uvre de sa campagne annuelle d\u2019aide sociale \u00e0 l\u2019occasion du mois sacr\u00e9 de Ramadan, conform\u00e9ment au plan \u00e9tabli pour cette op\u00e9ration.<\/p>\n\n\n\n<p>Dans ce cadre, les \u00e9quipes de l\u2019Agence ont entam\u00e9 la remise de lots de denr\u00e9es alimentaires destin\u00e9s aux centres sociaux et aux \u00e9tablissements hospitaliers accueillant des patients, notamment l\u2019h\u00f4pital Al-Maqassed.<\/p>\n\n\n\n<p>Par ailleurs, les \u00e9quipes de terrain proc\u00e8dent, chaque apr\u00e8s-midi, \u00e0 la distribution de repas d\u2019iftar aux fid\u00e8les fr\u00e9quentant la mosqu\u00e9e Al-Aqsa, tandis que l\u2019op\u00e9ration se poursuit dans les cuisines caritatives, les regroupements b\u00e9douins et les villages du gouvernorat.<\/p>\n\n\n\n<p>Le directeur g\u00e9n\u00e9ral adjoint de l\u2019h\u00f4pital Al-Maqassed, Adnan Farhoud, a fait part de sa profonde gratitude \u00e0 l\u2019Agence Bayt Mal Al-Qods Acharif, sous l\u2019impulsion de Sa Majest\u00e9 le Roi Mohammed VI, pour l\u2019aide substantielle qu\u2019elle apporte de mani\u00e8re constante, notamment durant le mois sacr\u00e9 de Ramadan.<\/p>\n\n\n\n<p>M. Farhoud a pr\u00e9cis\u00e9 que les aides r\u00e9ceptionn\u00e9es contribueront \u00e0 assurer des repas aux patients, \u00e0 leurs accompagnateurs et au personnel de l\u2019h\u00f4pital, soulignant que la plus grande part de ces aides sera consacr\u00e9e aux patients et \u00e0 leurs accompagnateurs.<\/p>\n\n\n\n<p>Il a \u00e9galement exprim\u00e9 sa reconnaissance au Royaume du Maroc, Roi, gouvernement et peuple, pour son soutien constant \u00e0 la Ville sainte et \u00e0 ses institutions.<\/p>\n\n\n\n<p>De son c\u00f4t\u00e9, le directeur administratif adjoint de l\u2019h\u00f4pital Al-Maqassed, Omar Idais, a affirm\u00e9 que l\u2019initiative de l\u2019Agence Bayt Mal Al-Qods Acharif en faveur d\u2019Al-Qods et de ses institutions constitue un geste remarquable refl\u00e9tant l\u2019ampleur du soutien continu apport\u00e9 \u00e0 la Ville sainte.<\/p>\n\n\n\n<p>M. Idais a exprim\u00e9 ses remerciements et sa consid\u00e9ration \u00e0 Sa Majest\u00e9 le Roi et \u00e0 l\u2019Agence pour cet appui, notant que cette initiative annuelle n\u2019est pas la premi\u00e8re du genre, l\u2019Agence ayant pris l\u2019habitude de la mettre en \u0153uvre de mani\u00e8re r\u00e9guli\u00e8re dans le cadre de son action caritative et humanitaire continue \u00e0 Al-Qods.<\/p>\n\n\n\n<p>Et d\u2019ajouter que ces efforts louables traduisent une g\u00e9n\u00e9rosit\u00e9 et un engagement sinc\u00e8re envers les habitants de la ville et ses institutions, souhaitant la poursuite de ces actions porteuses de bienfaits et de r\u00e9tributions.<\/p>\n","protected":false},"excerpt":{"rendered":"<p>Dpress L\u2019Agence Bayt Mal Al-Qods Acharif, relevant du Comit\u00e9 Al-Qods pr\u00e9sid\u00e9 par Sa Majest\u00e9 le Roi Mohammed VI, poursuit la mise en \u0153uvre de sa campagne annuelle d\u2019aide sociale \u00e0 l\u2019occasion du mois sacr\u00e9 de Ramadan, conform\u00e9ment au plan \u00e9tabli pour cette op\u00e9ration. Dans ce cadre, les \u00e9quipes de l\u2019Agence ont entam\u00e9 la remise de &hellip;<\/p>\n","protected":false},"author":2,"featured_media":24599,"comment_status":"open","ping_status":"open","sticky":false,"template":"","format":"standard","meta":{"footnotes":""},"categories":[42],"tags":[],"class_list":["post-24598","post","type-post","status-publish","format-standard","has-post-thumbnail","hentry","category-monde"],"yoast_head":"<!-- This site is optimized with the Yoast SEO plugin v27.5 - https:\/\/yoast.com\/product\/yoast-seo-wordpress\/ -->\n<title>Poursuite \u00e0 Al-Qods de la campagne d\u2019aide sociale de l\u2019Agence Bayt Mal Al-Qods Acharif \u00e0 l\u2019occasion du mois de Ramadan - Dpress.ma\/fr<\/title>\n<meta name=\"robots\" content=\"index, follow, max-snippet:-1, max-image-preview:large, max-video-preview:-1\" \/>\n<link rel=\"canonical\" href=\"https:\/\/dpress.ma\/fr\/2026\/02\/24\/poursuite-a-al-qods-de-la-campagne-daide-sociale-de-lagence-bayt-mal-al-qods-acharif-a-loccasion-du-mois-de-ramadan\/\" \/>\n<meta property=\"og:locale\" content=\"fr_FR\" \/>\n<meta property=\"og:type\" content=\"article\" \/>\n<meta property=\"og:title\" content=\"Poursuite \u00e0 Al-Qods de la campagne d\u2019aide sociale de l\u2019Agence Bayt Mal Al-Qods Acharif \u00e0 l\u2019occasion du mois de Ramadan - Dpress.ma\/fr\" \/>\n<meta property=\"og:description\" content=\"Dpress L\u2019Agence Bayt Mal Al-Qods Acharif, relevant du Comit\u00e9 Al-Qods pr\u00e9sid\u00e9 par Sa Majest\u00e9 le Roi Mohammed VI, poursuit la mise en \u0153uvre de sa campagne annuelle d\u2019aide sociale \u00e0 l\u2019occasion du mois sacr\u00e9 de Ramadan, conform\u00e9ment au plan \u00e9tabli pour cette op\u00e9ration. Dans ce cadre, les \u00e9quipes de l\u2019Agence ont entam\u00e9 la remise de &hellip;\" \/>\n<meta property=\"og:url\" content=\"https:\/\/dpress.ma\/fr\/2026\/02\/24\/poursuite-a-al-qods-de-la-campagne-daide-sociale-de-lagence-bayt-mal-al-qods-acharif-a-loccasion-du-mois-de-ramadan\/\" \/>\n<meta property=\"og:site_name\" content=\"Dpress.ma\/fr\" \/>\n<meta property=\"article:published_time\" content=\"2026-02-24T09:54:13+00:00\" \/>\n<meta property=\"article:modified_time\" content=\"2026-02-24T09:54:14+00:00\" \/>\n<meta property=\"og:image\" content=\"https:\/\/dpress.ma\/fr\/wp-content\/uploads\/sites\/2\/2026\/02\/27-13.jpg\" \/>\n\t<meta property=\"og:image:width\" content=\"2539\" \/>\n\t<meta property=\"og:image:height\" content=\"1594\" \/>\n\t<meta property=\"og:image:type\" content=\"image\/jpeg\" \/>\n<meta name=\"author\" content=\"Dpress.ma\" \/>\n<meta name=\"twitter:card\" content=\"summary_large_image\" \/>\n<meta name=\"twitter:label1\" content=\"\u00c9crit par\" \/>\n\t<meta name=\"twitter:data1\" content=\"Dpress.ma\" \/>\n\t<meta name=\"twitter:label2\" content=\"Dur\u00e9e de lecture estim\u00e9e\" \/>\n\t<meta name=\"twitter:data2\" content=\"2 minutes\" \/>\n<script type=\"application\/ld+json\" class=\"yoast-schema-graph\">{\"@context\":\"https:\\\/\\\/schema.org\",\"@graph\":[{\"@type\":\"Article\",\"@id\":\"https:\\\/\\\/dpress.ma\\\/fr\\\/2026\\\/02\\\/24\\\/poursuite-a-al-qods-de-la-campagne-daide-sociale-de-lagence-bayt-mal-al-qods-acharif-a-loccasion-du-mois-de-ramadan\\\/#article\",\"isPartOf\":{\"@id\":\"https:\\\/\\\/dpress.ma\\\/fr\\\/2026\\\/02\\\/24\\\/poursuite-a-al-qods-de-la-campagne-daide-sociale-de-lagence-bayt-mal-al-qods-acharif-a-loccasion-du-mois-de-ramadan\\\/\"},\"author\":{\"name\":\"Dpress.ma\",\"@id\":\"https:\\\/\\\/dpress.ma\\\/fr\\\/#\\\/schema\\\/person\\\/4898febf3ccd59e6578d838656a306a0\"},\"headline\":\"Poursuite \u00e0 Al-Qods de la campagne d\u2019aide sociale de l\u2019Agence Bayt Mal Al-Qods Acharif \u00e0 l\u2019occasion du mois de Ramadan\",\"datePublished\":\"2026-02-24T09:54:13+00:00\",\"dateModified\":\"2026-02-24T09:54:14+00:00\",\"mainEntityOfPage\":{\"@id\":\"https:\\\/\\\/dpress.ma\\\/fr\\\/2026\\\/02\\\/24\\\/poursuite-a-al-qods-de-la-campagne-daide-sociale-de-lagence-bayt-mal-al-qods-acharif-a-loccasion-du-mois-de-ramadan\\\/\"},\"wordCount\":421,\"commentCount\":0,\"image\":{\"@id\":\"https:\\\/\\\/dpress.ma\\\/fr\\\/2026\\\/02\\\/24\\\/poursuite-a-al-qods-de-la-campagne-daide-sociale-de-lagence-bayt-mal-al-qods-acharif-a-loccasion-du-mois-de-ramadan\\\/#primaryimage\"},\"thumbnailUrl\":\"https:\\\/\\\/dpress.ma\\\/fr\\\/wp-content\\\/uploads\\\/sites\\\/2\\\/2026\\\/02\\\/27-13.jpg\",\"articleSection\":[\"monde\"],\"inLanguage\":\"fr-FR\",\"potentialAction\":[{\"@type\":\"CommentAction\",\"name\":\"Comment\",\"target\":[\"https:\\\/\\\/dpress.ma\\\/fr\\\/2026\\\/02\\\/24\\\/poursuite-a-al-qods-de-la-campagne-daide-sociale-de-lagence-bayt-mal-al-qods-acharif-a-loccasion-du-mois-de-ramadan\\\/#respond\"]}]},{\"@type\":\"WebPage\",\"@id\":\"https:\\\/\\\/dpress.ma\\\/fr\\\/2026\\\/02\\\/24\\\/poursuite-a-al-qods-de-la-campagne-daide-sociale-de-lagence-bayt-mal-al-qods-acharif-a-loccasion-du-mois-de-ramadan\\\/\",\"url\":\"https:\\\/\\\/dpress.ma\\\/fr\\\/2026\\\/02\\\/24\\\/poursuite-a-al-qods-de-la-campagne-daide-sociale-de-lagence-bayt-mal-al-qods-acharif-a-loccasion-du-mois-de-ramadan\\\/\",\"name\":\"Poursuite \u00e0 Al-Qods de la campagne d\u2019aide sociale de l\u2019Agence Bayt Mal Al-Qods Acharif \u00e0 l\u2019occasion du mois de Ramadan - Dpress.ma\\\/fr\",\"isPartOf\":{\"@id\":\"https:\\\/\\\/dpress.ma\\\/fr\\\/#website\"},\"primaryImageOfPage\":{\"@id\":\"https:\\\/\\\/dpress.ma\\\/fr\\\/2026\\\/02\\\/24\\\/poursuite-a-al-qods-de-la-campagne-daide-sociale-de-lagence-bayt-mal-al-qods-acharif-a-loccasion-du-mois-de-ramadan\\\/#primaryimage\"},\"image\":{\"@id\":\"https:\\\/\\\/dpress.ma\\\/fr\\\/2026\\\/02\\\/24\\\/poursuite-a-al-qods-de-la-campagne-daide-sociale-de-lagence-bayt-mal-al-qods-acharif-a-loccasion-du-mois-de-ramadan\\\/#primaryimage\"},\"thumbnailUrl\":\"https:\\\/\\\/dpress.ma\\\/fr\\\/wp-content\\\/uploads\\\/sites\\\/2\\\/2026\\\/02\\\/27-13.jpg\",\"datePublished\":\"2026-02-24T09:54:13+00:00\",\"dateModified\":\"2026-02-24T09:54:14+00:00\",\"author\":{\"@id\":\"https:\\\/\\\/dpress.ma\\\/fr\\\/#\\\/schema\\\/person\\\/4898febf3ccd59e6578d838656a306a0\"},\"breadcrumb\":{\"@id\":\"https:\\\/\\\/dpress.ma\\\/fr\\\/2026\\\/02\\\/24\\\/poursuite-a-al-qods-de-la-campagne-daide-sociale-de-lagence-bayt-mal-al-qods-acharif-a-loccasion-du-mois-de-ramadan\\\/#breadcrumb\"},\"inLanguage\":\"fr-FR\",\"potentialAction\":[{\"@type\":\"ReadAction\",\"target\":[\"https:\\\/\\\/dpress.ma\\\/fr\\\/2026\\\/02\\\/24\\\/poursuite-a-al-qods-de-la-campagne-daide-sociale-de-lagence-bayt-mal-al-qods-acharif-a-loccasion-du-mois-de-ramadan\\\/\"]}]},{\"@type\":\"ImageObject\",\"inLanguage\":\"fr-FR\",\"@id\":\"https:\\\/\\\/dpress.ma\\\/fr\\\/2026\\\/02\\\/24\\\/poursuite-a-al-qods-de-la-campagne-daide-sociale-de-lagence-bayt-mal-al-qods-acharif-a-loccasion-du-mois-de-ramadan\\\/#primaryimage\",\"url\":\"https:\\\/\\\/dpress.ma\\\/fr\\\/wp-content\\\/uploads\\\/sites\\\/2\\\/2026\\\/02\\\/27-13.jpg\",\"contentUrl\":\"https:\\\/\\\/dpress.ma\\\/fr\\\/wp-content\\\/uploads\\\/sites\\\/2\\\/2026\\\/02\\\/27-13.jpg\",\"width\":2539,\"height\":1594},{\"@type\":\"BreadcrumbList\",\"@id\":\"https:\\\/\\\/dpress.ma\\\/fr\\\/2026\\\/02\\\/24\\\/poursuite-a-al-qods-de-la-campagne-daide-sociale-de-lagence-bayt-mal-al-qods-acharif-a-loccasion-du-mois-de-ramadan\\\/#breadcrumb\",\"itemListElement\":[{\"@type\":\"ListItem\",\"position\":1,\"name\":\"Home\",\"item\":\"https:\\\/\\\/dpress.ma\\\/fr\\\/\"},{\"@type\":\"ListItem\",\"position\":2,\"name\":\"Poursuite \u00e0 Al-Qods de la campagne d\u2019aide sociale de l\u2019Agence Bayt Mal Al-Qods Acharif \u00e0 l\u2019occasion du mois de Ramadan\"}]},{\"@type\":\"WebSite\",\"@id\":\"https:\\\/\\\/dpress.ma\\\/fr\\\/#website\",\"url\":\"https:\\\/\\\/dpress.ma\\\/fr\\\/\",\"name\":\"Dpress.ma\\\/fr\",\"description\":\"\",\"potentialAction\":[{\"@type\":\"SearchAction\",\"target\":{\"@type\":\"EntryPoint\",\"urlTemplate\":\"https:\\\/\\\/dpress.ma\\\/fr\\\/?s={search_term_string}\"},\"query-input\":{\"@type\":\"PropertyValueSpecification\",\"valueRequired\":true,\"valueName\":\"search_term_string\"}}],\"inLanguage\":\"fr-FR\"},{\"@type\":\"Person\",\"@id\":\"https:\\\/\\\/dpress.ma\\\/fr\\\/#\\\/schema\\\/person\\\/4898febf3ccd59e6578d838656a306a0\",\"name\":\"Dpress.ma\",\"image\":{\"@type\":\"ImageObject\",\"inLanguage\":\"fr-FR\",\"@id\":\"https:\\\/\\\/secure.gravatar.com\\\/avatar\\\/72ecc30e9db047a2e0e7176561eb9d564ed77c8108376495b19bd8336405198a?s=96&d=mm&r=g\",\"url\":\"https:\\\/\\\/secure.gravatar.com\\\/avatar\\\/72ecc30e9db047a2e0e7176561eb9d564ed77c8108376495b19bd8336405198a?s=96&d=mm&r=g\",\"contentUrl\":\"https:\\\/\\\/secure.gravatar.com\\\/avatar\\\/72ecc30e9db047a2e0e7176561eb9d564ed77c8108376495b19bd8336405198a?s=96&d=mm&r=g\",\"caption\":\"Dpress.ma\"},\"sameAs\":[\"https:\\\/\\\/www.dpress.ma\"],\"url\":\"https:\\\/\\\/dpress.ma\\\/fr\\\/author\\\/dpress-ma\\\/\"}]}<\/script>\n<!-- \/ Yoast SEO plugin. -->","yoast_head_json":{"title":"Poursuite \u00e0 Al-Qods de la campagne d\u2019aide sociale de l\u2019Agence Bayt Mal Al-Qods Acharif \u00e0 l\u2019occasion du mois de Ramadan - Dpress.ma\/fr","robots":{"index":"index","follow":"follow","max-snippet":"max-snippet:-1","max-image-preview":"max-image-preview:large","max-video-preview":"max-video-preview:-1"},"canonical":"https:\/\/dpress.ma\/fr\/2026\/02\/24\/poursuite-a-al-qods-de-la-campagne-daide-sociale-de-lagence-bayt-mal-al-qods-acharif-a-loccasion-du-mois-de-ramadan\/","og_locale":"fr_FR","og_type":"article","og_title":"Poursuite \u00e0 Al-Qods de la campagne d\u2019aide sociale de l\u2019Agence Bayt Mal Al-Qods Acharif \u00e0 l\u2019occasion du mois de Ramadan - Dpress.ma\/fr","og_description":"Dpress L\u2019Agence Bayt Mal Al-Qods Acharif, relevant du Comit\u00e9 Al-Qods pr\u00e9sid\u00e9 par Sa Majest\u00e9 le Roi Mohammed VI, poursuit la mise en \u0153uvre de sa campagne annuelle d\u2019aide sociale \u00e0 l\u2019occasion du mois sacr\u00e9 de Ramadan, conform\u00e9ment au plan \u00e9tabli pour cette op\u00e9ration. Dans ce cadre, les \u00e9quipes de l\u2019Agence ont entam\u00e9 la remise de &hellip;","og_url":"https:\/\/dpress.ma\/fr\/2026\/02\/24\/poursuite-a-al-qods-de-la-campagne-daide-sociale-de-lagence-bayt-mal-al-qods-acharif-a-loccasion-du-mois-de-ramadan\/","og_site_name":"Dpress.ma\/fr","article_published_time":"2026-02-24T09:54:13+00:00","article_modified_time":"2026-02-24T09:54:14+00:00","og_image":[{"width":2539,"height":1594,"url":"https:\/\/dpress.ma\/fr\/wp-content\/uploads\/sites\/2\/2026\/02\/27-13.jpg","type":"image\/jpeg"}],"author":"Dpress.ma","twitter_card":"summary_large_image","twitter_misc":{"\u00c9crit par":"Dpress.ma","Dur\u00e9e de lecture estim\u00e9e":"2 minutes"},"schema":{"@context":"https:\/\/schema.org","@graph":[{"@type":"Article","@id":"https:\/\/dpress.ma\/fr\/2026\/02\/24\/poursuite-a-al-qods-de-la-campagne-daide-sociale-de-lagence-bayt-mal-al-qods-acharif-a-loccasion-du-mois-de-ramadan\/#article","isPartOf":{"@id":"https:\/\/dpress.ma\/fr\/2026\/02\/24\/poursuite-a-al-qods-de-la-campagne-daide-sociale-de-lagence-bayt-mal-al-qods-acharif-a-loccasion-du-mois-de-ramadan\/"},"author":{"name":"Dpress.ma","@id":"https:\/\/dpress.ma\/fr\/#\/schema\/person\/4898febf3ccd59e6578d838656a306a0"},"headline":"Poursuite \u00e0 Al-Qods de la campagne d\u2019aide sociale de l\u2019Agence Bayt Mal Al-Qods Acharif \u00e0 l\u2019occasion du mois de Ramadan","datePublished":"2026-02-24T09:54:13+00:00","dateModified":"2026-02-24T09:54:14+00:00","mainEntityOfPage":{"@id":"https:\/\/dpress.ma\/fr\/2026\/02\/24\/poursuite-a-al-qods-de-la-campagne-daide-sociale-de-lagence-bayt-mal-al-qods-acharif-a-loccasion-du-mois-de-ramadan\/"},"wordCount":421,"commentCount":0,"image":{"@id":"https:\/\/dpress.ma\/fr\/2026\/02\/24\/poursuite-a-al-qods-de-la-campagne-daide-sociale-de-lagence-bayt-mal-al-qods-acharif-a-loccasion-du-mois-de-ramadan\/#primaryimage"},"thumbnailUrl":"https:\/\/dpress.ma\/fr\/wp-content\/uploads\/sites\/2\/2026\/02\/27-13.jpg","articleSection":["monde"],"inLanguage":"fr-FR","potentialAction":[{"@type":"CommentAction","name":"Comment","target":["https:\/\/dpress.ma\/fr\/2026\/02\/24\/poursuite-a-al-qods-de-la-campagne-daide-sociale-de-lagence-bayt-mal-al-qods-acharif-a-loccasion-du-mois-de-ramadan\/#respond"]}]},{"@type":"WebPage","@id":"https:\/\/dpress.ma\/fr\/2026\/02\/24\/poursuite-a-al-qods-de-la-campagne-daide-sociale-de-lagence-bayt-mal-al-qods-acharif-a-loccasion-du-mois-de-ramadan\/","url":"https:\/\/dpress.ma\/fr\/2026\/02\/24\/poursuite-a-al-qods-de-la-campagne-daide-sociale-de-lagence-bayt-mal-al-qods-acharif-a-loccasion-du-mois-de-ramadan\/","name":"Poursuite \u00e0 Al-Qods de la campagne d\u2019aide sociale de l\u2019Agence Bayt Mal Al-Qods Acharif \u00e0 l\u2019occasion du mois de Ramadan - Dpress.ma\/fr","isPartOf":{"@id":"https:\/\/dpress.ma\/fr\/#website"},"primaryImageOfPage":{"@id":"https:\/\/dpress.ma\/fr\/2026\/02\/24\/poursuite-a-al-qods-de-la-campagne-daide-sociale-de-lagence-bayt-mal-al-qods-acharif-a-loccasion-du-mois-de-ramadan\/#primaryimage"},"image":{"@id":"https:\/\/dpress.ma\/fr\/2026\/02\/24\/poursuite-a-al-qods-de-la-campagne-daide-sociale-de-lagence-bayt-mal-al-qods-acharif-a-loccasion-du-mois-de-ramadan\/#primaryimage"},"thumbnailUrl":"https:\/\/dpress.ma\/fr\/wp-content\/uploads\/sites\/2\/2026\/02\/27-13.jpg","datePublished":"2026-02-24T09:54:13+00:00","dateModified":"2026-02-24T09:54:14+00:00","author":{"@id":"https:\/\/dpress.ma\/fr\/#\/schema\/person\/4898febf3ccd59e6578d838656a306a0"},"breadcrumb":{"@id":"https:\/\/dpress.ma\/fr\/2026\/02\/24\/poursuite-a-al-qods-de-la-campagne-daide-sociale-de-lagence-bayt-mal-al-qods-acharif-a-loccasion-du-mois-de-ramadan\/#breadcrumb"},"inLanguage":"fr-FR","potentialAction":[{"@type":"ReadAction","target":["https:\/\/dpress.ma\/fr\/2026\/02\/24\/poursuite-a-al-qods-de-la-campagne-daide-sociale-de-lagence-bayt-mal-al-qods-acharif-a-loccasion-du-mois-de-ramadan\/"]}]},{"@type":"ImageObject","inLanguage":"fr-FR","@id":"https:\/\/dpress.ma\/fr\/2026\/02\/24\/poursuite-a-al-qods-de-la-campagne-daide-sociale-de-lagence-bayt-mal-al-qods-acharif-a-loccasion-du-mois-de-ramadan\/#primaryimage","url":"https:\/\/dpress.ma\/fr\/wp-content\/uploads\/sites\/2\/2026\/02\/27-13.jpg","contentUrl":"https:\/\/dpress.ma\/fr\/wp-content\/uploads\/sites\/2\/2026\/02\/27-13.jpg","width":2539,"height":1594},{"@type":"BreadcrumbList","@id":"https:\/\/dpress.ma\/fr\/2026\/02\/24\/poursuite-a-al-qods-de-la-campagne-daide-sociale-de-lagence-bayt-mal-al-qods-acharif-a-loccasion-du-mois-de-ramadan\/#breadcrumb","itemListElement":[{"@type":"ListItem","position":1,"name":"Home","item":"https:\/\/dpress.ma\/fr\/"},{"@type":"ListItem","position":2,"name":"Poursuite \u00e0 Al-Qods de la campagne d\u2019aide sociale de l\u2019Agence Bayt Mal Al-Qods Acharif \u00e0 l\u2019occasion du mois de Ramadan"}]},{"@type":"WebSite","@id":"https:\/\/dpress.ma\/fr\/#website","url":"https:\/\/dpress.ma\/fr\/","name":"Dpress.ma\/fr","description":"","potentialAction":[{"@type":"SearchAction","target":{"@type":"EntryPoint","urlTemplate":"https:\/\/dpress.ma\/fr\/?s={search_term_string}"},"query-input":{"@type":"PropertyValueSpecification","valueRequired":true,"valueName":"search_term_string"}}],"inLanguage":"fr-FR"},{"@type":"Person","@id":"https:\/\/dpress.ma\/fr\/#\/schema\/person\/4898febf3ccd59e6578d838656a306a0","name":"Dpress.ma","image":{"@type":"ImageObject","inLanguage":"fr-FR","@id":"https:\/\/secure.gravatar.com\/avatar\/72ecc30e9db047a2e0e7176561eb9d564ed77c8108376495b19bd8336405198a?s=96&d=mm&r=g","url":"https:\/\/secure.gravatar.com\/avatar\/72ecc30e9db047a2e0e7176561eb9d564ed77c8108376495b19bd8336405198a?s=96&d=mm&r=g","contentUrl":"https:\/\/secure.gravatar.com\/avatar\/72ecc30e9db047a2e0e7176561eb9d564ed77c8108376495b19bd8336405198a?s=96&d=mm&r=g","caption":"Dpress.ma"},"sameAs":["https:\/\/www.dpress.ma"],"url":"https:\/\/dpress.ma\/fr\/author\/dpress-ma\/"}]}},"amp_enabled":true,"_links":{"self":[{"href":"https:\/\/dpress.ma\/fr\/wp-json\/wp\/v2\/posts\/24598","targetHints":{"allow":["GET"]}}],"collection":[{"href":"https:\/\/dpress.ma\/fr\/wp-json\/wp\/v2\/posts"}],"about":[{"href":"https:\/\/dpress.ma\/fr\/wp-json\/wp\/v2\/types\/post"}],"author":[{"embeddable":true,"href":"https:\/\/dpress.ma\/fr\/wp-json\/wp\/v2\/users\/2"}],"replies":[{"embeddable":true,"href":"https:\/\/dpress.ma\/fr\/wp-json\/wp\/v2\/comments?post=24598"}],"version-history":[{"count":1,"href":"https:\/\/dpress.ma\/fr\/wp-json\/wp\/v2\/posts\/24598\/revisions"}],"predecessor-version":[{"id":24600,"href":"https:\/\/dpress.ma\/fr\/wp-json\/wp\/v2\/posts\/24598\/revisions\/24600"}],"wp:featuredmedia":[{"embeddable":true,"href":"https:\/\/dpress.ma\/fr\/wp-json\/wp\/v2\/media\/24599"}],"wp:attachment":[{"href":"https:\/\/dpress.ma\/fr\/wp-json\/wp\/v2\/media?parent=24598"}],"wp:term":[{"taxonomy":"category","embeddable":true,"href":"https:\/\/dpress.ma\/fr\/wp-json\/wp\/v2\/categories?post=24598"},{"taxonomy":"post_tag","embeddable":true,"href":"https:\/\/dpress.ma\/fr\/wp-json\/wp\/v2\/tags?post=24598"}],"curies":[{"name":"wp","href":"https:\/\/api.w.org\/{rel}","templated":true}]}}