{"id":2456,"date":"2022-11-10T16:37:53","date_gmt":"2022-11-10T16:37:53","guid":{"rendered":"https:\/\/dpress.ma\/fr\/?p=2456"},"modified":"2022-11-10T16:37:54","modified_gmt":"2022-11-10T16:37:54","slug":"le-conseil-de-gouvernement-approuve-des-propositions-de-nomination-a-de-hautes-fonctions-2","status":"publish","type":"post","link":"https:\/\/dpress.ma\/fr\/2022\/11\/10\/le-conseil-de-gouvernement-approuve-des-propositions-de-nomination-a-de-hautes-fonctions-2\/","title":{"rendered":"Le Conseil de gouvernement approuve des propositions de nomination \u00e0 de hautes fonctions"},"content":{"rendered":"\n<p>Dpress<\/p>\n\n\n\n<p>&nbsp;Le Conseil de gouvernement, r\u00e9uni jeudi \u00e0 Rabat sous la pr\u00e9sidence du Chef du gouvernement Aziz Akhannouch, a approuv\u00e9 des propositions de nomination \u00e0 de hautes fonctions, conform\u00e9ment \u00e0 l\u2019article 92 de la Constitution.<\/p>\n\n\n\n<p>Au niveau du minist\u00e8re des Affaires \u00e9trang\u00e8res, de la Coop\u00e9ration africaine et des Marocains r\u00e9sidant \u00e0 l\u2019\u00e9tranger, d\u00e9partement des Marocains r\u00e9sidant \u00e0 l\u2019\u00e9tranger, Moulay Ismail Lamghari Moubarrad a \u00e9t\u00e9 nomm\u00e9 secr\u00e9taire g\u00e9n\u00e9ral, a indiqu\u00e9 le ministre d\u00e9l\u00e9gu\u00e9 charg\u00e9 des Relations avec le Parlement, porte-parole du gouvernement, Mustapha Baitas, lors d\u2019un point de presse \u00e0 l\u2019issue du Conseil.<\/p>\n\n\n\n<p>En ce qui concerne le minist\u00e8re du Transport et de la Logistique, d\u00e9partement de la Logistique, M. Khalid Cherkaoui a \u00e9t\u00e9 nomm\u00e9 secr\u00e9taire g\u00e9n\u00e9ral, tandis qu\u2019au niveau du minist\u00e8re de l\u2019Education nationale, du Pr\u00e9scolaire et des Sports, d\u00e9partement de l\u2019Education nationale, M. Fouad Chafiki a \u00e9t\u00e9 nomm\u00e9 inspecteur g\u00e9n\u00e9ral charg\u00e9 des affaires \u00e9ducatives, a-t-il ajout\u00e9.<\/p>\n\n\n\n<p>Pour ce qui est du minist\u00e8re de l\u2019Agriculture, de la P\u00eache maritime, du D\u00e9veloppement rural et des Eaux et For\u00eats, MM. Mahjoub Lahrach et Aziz Bellouti ont \u00e9t\u00e9 nomm\u00e9s respectivement directeur de l\u2019Office r\u00e9gional de mise en valeur agricole du Gharb (ORMVAG) et directeur de l\u2019Office r\u00e9gional de mise en valeur agricole du Loukkos (ORMVAL).<\/p>\n\n\n\n<p>Le Conseil a \u00e9galement approuv\u00e9, au niveau du minist\u00e8re de l\u2019Enseignement sup\u00e9rieur, de la Recherche scientifique et de l\u2019Innovation, la nomination de M. Mustapha Diani, doyen de la Facult\u00e9 des sciences techniques de Tanger et de M. Kamal Reklaoui, directeur de l\u2019Ecole nationale des Sciences appliqu\u00e9es de T\u00e9touan.<\/p>\n","protected":false},"excerpt":{"rendered":"<p>Dpress &nbsp;Le Conseil de gouvernement, r\u00e9uni jeudi \u00e0 Rabat sous la pr\u00e9sidence du Chef du gouvernement Aziz Akhannouch, a approuv\u00e9 des propositions de nomination \u00e0 de hautes fonctions, conform\u00e9ment \u00e0 l\u2019article 92 de la Constitution. Au niveau du minist\u00e8re des Affaires \u00e9trang\u00e8res, de la Coop\u00e9ration africaine et des Marocains r\u00e9sidant \u00e0 l\u2019\u00e9tranger, d\u00e9partement des Marocains &hellip;<\/p>\n","protected":false},"author":2,"featured_media":2457,"comment_status":"open","ping_status":"open","sticky":false,"template":"","format":"standard","meta":{"footnotes":""},"categories":[26],"tags":[],"class_list":["post-2456","post","type-post","status-publish","format-standard","has-post-thumbnail","hentry","category-politiques"],"yoast_head":"<!-- This site is optimized with the Yoast SEO plugin v27.5 - https:\/\/yoast.com\/product\/yoast-seo-wordpress\/ -->\n<title>Le Conseil de gouvernement approuve des propositions de nomination \u00e0 de hautes fonctions - Dpress.ma\/fr<\/title>\n<meta name=\"description\" content=\"\u00a0Le Conseil de gouvernement, r\u00e9uni jeudi \u00e0 Rabat sous la pr\u00e9sidence du Chef du gouvernement Aziz Akhannouch, a approuv\u00e9 des propositions de nomination \u00e0 de hautes fonctions, conform\u00e9ment \u00e0 l\u2019article 92 de la Constitution.\" \/>\n<meta name=\"robots\" content=\"index, follow, max-snippet:-1, max-image-preview:large, max-video-preview:-1\" \/>\n<link rel=\"canonical\" href=\"https:\/\/dpress.ma\/fr\/2022\/11\/10\/le-conseil-de-gouvernement-approuve-des-propositions-de-nomination-a-de-hautes-fonctions-2\/\" \/>\n<meta property=\"og:locale\" content=\"fr_FR\" \/>\n<meta property=\"og:type\" content=\"article\" \/>\n<meta property=\"og:title\" content=\"Le Conseil de gouvernement approuve des propositions de nomination \u00e0 de hautes fonctions - Dpress.ma\/fr\" \/>\n<meta property=\"og:description\" content=\"\u00a0Le Conseil de gouvernement, r\u00e9uni jeudi \u00e0 Rabat sous la pr\u00e9sidence du Chef du gouvernement Aziz Akhannouch, a approuv\u00e9 des propositions de nomination \u00e0 de hautes fonctions, conform\u00e9ment \u00e0 l\u2019article 92 de la Constitution.\" \/>\n<meta property=\"og:url\" content=\"https:\/\/dpress.ma\/fr\/2022\/11\/10\/le-conseil-de-gouvernement-approuve-des-propositions-de-nomination-a-de-hautes-fonctions-2\/\" \/>\n<meta property=\"og:site_name\" content=\"Dpress.ma\/fr\" \/>\n<meta property=\"article:published_time\" content=\"2022-11-10T16:37:53+00:00\" \/>\n<meta property=\"article:modified_time\" content=\"2022-11-10T16:37:54+00:00\" \/>\n<meta property=\"og:image\" content=\"https:\/\/dpress.ma\/fr\/wp-content\/uploads\/sites\/2\/2022\/11\/dimensions2-13.jpg\" \/>\n\t<meta property=\"og:image:width\" content=\"2539\" \/>\n\t<meta property=\"og:image:height\" content=\"1594\" \/>\n\t<meta property=\"og:image:type\" content=\"image\/jpeg\" \/>\n<meta name=\"author\" content=\"Dpress.ma\" \/>\n<meta name=\"twitter:card\" content=\"summary_large_image\" \/>\n<meta name=\"twitter:label1\" content=\"\u00c9crit par\" \/>\n\t<meta name=\"twitter:data1\" content=\"Dpress.ma\" \/>\n\t<meta name=\"twitter:label2\" content=\"Dur\u00e9e de lecture estim\u00e9e\" \/>\n\t<meta name=\"twitter:data2\" content=\"2 minutes\" \/>\n<script type=\"application\/ld+json\" class=\"yoast-schema-graph\">{\"@context\":\"https:\\\/\\\/schema.org\",\"@graph\":[{\"@type\":\"Article\",\"@id\":\"https:\\\/\\\/dpress.ma\\\/fr\\\/2022\\\/11\\\/10\\\/le-conseil-de-gouvernement-approuve-des-propositions-de-nomination-a-de-hautes-fonctions-2\\\/#article\",\"isPartOf\":{\"@id\":\"https:\\\/\\\/dpress.ma\\\/fr\\\/2022\\\/11\\\/10\\\/le-conseil-de-gouvernement-approuve-des-propositions-de-nomination-a-de-hautes-fonctions-2\\\/\"},\"author\":{\"name\":\"Dpress.ma\",\"@id\":\"https:\\\/\\\/dpress.ma\\\/fr\\\/#\\\/schema\\\/person\\\/4898febf3ccd59e6578d838656a306a0\"},\"headline\":\"Le Conseil de gouvernement approuve des propositions de nomination \u00e0 de hautes fonctions\",\"datePublished\":\"2022-11-10T16:37:53+00:00\",\"dateModified\":\"2022-11-10T16:37:54+00:00\",\"mainEntityOfPage\":{\"@id\":\"https:\\\/\\\/dpress.ma\\\/fr\\\/2022\\\/11\\\/10\\\/le-conseil-de-gouvernement-approuve-des-propositions-de-nomination-a-de-hautes-fonctions-2\\\/\"},\"wordCount\":305,\"commentCount\":0,\"image\":{\"@id\":\"https:\\\/\\\/dpress.ma\\\/fr\\\/2022\\\/11\\\/10\\\/le-conseil-de-gouvernement-approuve-des-propositions-de-nomination-a-de-hautes-fonctions-2\\\/#primaryimage\"},\"thumbnailUrl\":\"https:\\\/\\\/dpress.ma\\\/fr\\\/wp-content\\\/uploads\\\/sites\\\/2\\\/2022\\\/11\\\/dimensions2-13.jpg\",\"articleSection\":[\"Politiques\"],\"inLanguage\":\"fr-FR\",\"potentialAction\":[{\"@type\":\"CommentAction\",\"name\":\"Comment\",\"target\":[\"https:\\\/\\\/dpress.ma\\\/fr\\\/2022\\\/11\\\/10\\\/le-conseil-de-gouvernement-approuve-des-propositions-de-nomination-a-de-hautes-fonctions-2\\\/#respond\"]}]},{\"@type\":\"WebPage\",\"@id\":\"https:\\\/\\\/dpress.ma\\\/fr\\\/2022\\\/11\\\/10\\\/le-conseil-de-gouvernement-approuve-des-propositions-de-nomination-a-de-hautes-fonctions-2\\\/\",\"url\":\"https:\\\/\\\/dpress.ma\\\/fr\\\/2022\\\/11\\\/10\\\/le-conseil-de-gouvernement-approuve-des-propositions-de-nomination-a-de-hautes-fonctions-2\\\/\",\"name\":\"Le Conseil de gouvernement approuve des propositions de nomination \u00e0 de hautes fonctions - Dpress.ma\\\/fr\",\"isPartOf\":{\"@id\":\"https:\\\/\\\/dpress.ma\\\/fr\\\/#website\"},\"primaryImageOfPage\":{\"@id\":\"https:\\\/\\\/dpress.ma\\\/fr\\\/2022\\\/11\\\/10\\\/le-conseil-de-gouvernement-approuve-des-propositions-de-nomination-a-de-hautes-fonctions-2\\\/#primaryimage\"},\"image\":{\"@id\":\"https:\\\/\\\/dpress.ma\\\/fr\\\/2022\\\/11\\\/10\\\/le-conseil-de-gouvernement-approuve-des-propositions-de-nomination-a-de-hautes-fonctions-2\\\/#primaryimage\"},\"thumbnailUrl\":\"https:\\\/\\\/dpress.ma\\\/fr\\\/wp-content\\\/uploads\\\/sites\\\/2\\\/2022\\\/11\\\/dimensions2-13.jpg\",\"datePublished\":\"2022-11-10T16:37:53+00:00\",\"dateModified\":\"2022-11-10T16:37:54+00:00\",\"author\":{\"@id\":\"https:\\\/\\\/dpress.ma\\\/fr\\\/#\\\/schema\\\/person\\\/4898febf3ccd59e6578d838656a306a0\"},\"description\":\"\u00a0Le Conseil de gouvernement, r\u00e9uni jeudi \u00e0 Rabat sous la pr\u00e9sidence du Chef du gouvernement Aziz Akhannouch, a approuv\u00e9 des propositions de nomination \u00e0 de hautes fonctions, conform\u00e9ment \u00e0 l\u2019article 92 de la Constitution.\",\"breadcrumb\":{\"@id\":\"https:\\\/\\\/dpress.ma\\\/fr\\\/2022\\\/11\\\/10\\\/le-conseil-de-gouvernement-approuve-des-propositions-de-nomination-a-de-hautes-fonctions-2\\\/#breadcrumb\"},\"inLanguage\":\"fr-FR\",\"potentialAction\":[{\"@type\":\"ReadAction\",\"target\":[\"https:\\\/\\\/dpress.ma\\\/fr\\\/2022\\\/11\\\/10\\\/le-conseil-de-gouvernement-approuve-des-propositions-de-nomination-a-de-hautes-fonctions-2\\\/\"]}]},{\"@type\":\"ImageObject\",\"inLanguage\":\"fr-FR\",\"@id\":\"https:\\\/\\\/dpress.ma\\\/fr\\\/2022\\\/11\\\/10\\\/le-conseil-de-gouvernement-approuve-des-propositions-de-nomination-a-de-hautes-fonctions-2\\\/#primaryimage\",\"url\":\"https:\\\/\\\/dpress.ma\\\/fr\\\/wp-content\\\/uploads\\\/sites\\\/2\\\/2022\\\/11\\\/dimensions2-13.jpg\",\"contentUrl\":\"https:\\\/\\\/dpress.ma\\\/fr\\\/wp-content\\\/uploads\\\/sites\\\/2\\\/2022\\\/11\\\/dimensions2-13.jpg\",\"width\":2539,\"height\":1594},{\"@type\":\"BreadcrumbList\",\"@id\":\"https:\\\/\\\/dpress.ma\\\/fr\\\/2022\\\/11\\\/10\\\/le-conseil-de-gouvernement-approuve-des-propositions-de-nomination-a-de-hautes-fonctions-2\\\/#breadcrumb\",\"itemListElement\":[{\"@type\":\"ListItem\",\"position\":1,\"name\":\"Home\",\"item\":\"https:\\\/\\\/dpress.ma\\\/fr\\\/\"},{\"@type\":\"ListItem\",\"position\":2,\"name\":\"Le Conseil de gouvernement approuve des propositions de nomination \u00e0 de hautes fonctions\"}]},{\"@type\":\"WebSite\",\"@id\":\"https:\\\/\\\/dpress.ma\\\/fr\\\/#website\",\"url\":\"https:\\\/\\\/dpress.ma\\\/fr\\\/\",\"name\":\"Dpress.ma\\\/fr\",\"description\":\"\",\"potentialAction\":[{\"@type\":\"SearchAction\",\"target\":{\"@type\":\"EntryPoint\",\"urlTemplate\":\"https:\\\/\\\/dpress.ma\\\/fr\\\/?s={search_term_string}\"},\"query-input\":{\"@type\":\"PropertyValueSpecification\",\"valueRequired\":true,\"valueName\":\"search_term_string\"}}],\"inLanguage\":\"fr-FR\"},{\"@type\":\"Person\",\"@id\":\"https:\\\/\\\/dpress.ma\\\/fr\\\/#\\\/schema\\\/person\\\/4898febf3ccd59e6578d838656a306a0\",\"name\":\"Dpress.ma\",\"image\":{\"@type\":\"ImageObject\",\"inLanguage\":\"fr-FR\",\"@id\":\"https:\\\/\\\/secure.gravatar.com\\\/avatar\\\/72ecc30e9db047a2e0e7176561eb9d564ed77c8108376495b19bd8336405198a?s=96&d=mm&r=g\",\"url\":\"https:\\\/\\\/secure.gravatar.com\\\/avatar\\\/72ecc30e9db047a2e0e7176561eb9d564ed77c8108376495b19bd8336405198a?s=96&d=mm&r=g\",\"contentUrl\":\"https:\\\/\\\/secure.gravatar.com\\\/avatar\\\/72ecc30e9db047a2e0e7176561eb9d564ed77c8108376495b19bd8336405198a?s=96&d=mm&r=g\",\"caption\":\"Dpress.ma\"},\"sameAs\":[\"https:\\\/\\\/www.dpress.ma\"],\"url\":\"https:\\\/\\\/dpress.ma\\\/fr\\\/author\\\/dpress-ma\\\/\"}]}<\/script>\n<!-- \/ Yoast SEO plugin. -->","yoast_head_json":{"title":"Le Conseil de gouvernement approuve des propositions de nomination \u00e0 de hautes fonctions - Dpress.ma\/fr","description":"\u00a0Le Conseil de gouvernement, r\u00e9uni jeudi \u00e0 Rabat sous la pr\u00e9sidence du Chef du gouvernement Aziz Akhannouch, a approuv\u00e9 des propositions de nomination \u00e0 de hautes fonctions, conform\u00e9ment \u00e0 l\u2019article 92 de la Constitution.","robots":{"index":"index","follow":"follow","max-snippet":"max-snippet:-1","max-image-preview":"max-image-preview:large","max-video-preview":"max-video-preview:-1"},"canonical":"https:\/\/dpress.ma\/fr\/2022\/11\/10\/le-conseil-de-gouvernement-approuve-des-propositions-de-nomination-a-de-hautes-fonctions-2\/","og_locale":"fr_FR","og_type":"article","og_title":"Le Conseil de gouvernement approuve des propositions de nomination \u00e0 de hautes fonctions - Dpress.ma\/fr","og_description":"\u00a0Le Conseil de gouvernement, r\u00e9uni jeudi \u00e0 Rabat sous la pr\u00e9sidence du Chef du gouvernement Aziz Akhannouch, a approuv\u00e9 des propositions de nomination \u00e0 de hautes fonctions, conform\u00e9ment \u00e0 l\u2019article 92 de la Constitution.","og_url":"https:\/\/dpress.ma\/fr\/2022\/11\/10\/le-conseil-de-gouvernement-approuve-des-propositions-de-nomination-a-de-hautes-fonctions-2\/","og_site_name":"Dpress.ma\/fr","article_published_time":"2022-11-10T16:37:53+00:00","article_modified_time":"2022-11-10T16:37:54+00:00","og_image":[{"width":2539,"height":1594,"url":"https:\/\/dpress.ma\/fr\/wp-content\/uploads\/sites\/2\/2022\/11\/dimensions2-13.jpg","type":"image\/jpeg"}],"author":"Dpress.ma","twitter_card":"summary_large_image","twitter_misc":{"\u00c9crit par":"Dpress.ma","Dur\u00e9e de lecture estim\u00e9e":"2 minutes"},"schema":{"@context":"https:\/\/schema.org","@graph":[{"@type":"Article","@id":"https:\/\/dpress.ma\/fr\/2022\/11\/10\/le-conseil-de-gouvernement-approuve-des-propositions-de-nomination-a-de-hautes-fonctions-2\/#article","isPartOf":{"@id":"https:\/\/dpress.ma\/fr\/2022\/11\/10\/le-conseil-de-gouvernement-approuve-des-propositions-de-nomination-a-de-hautes-fonctions-2\/"},"author":{"name":"Dpress.ma","@id":"https:\/\/dpress.ma\/fr\/#\/schema\/person\/4898febf3ccd59e6578d838656a306a0"},"headline":"Le Conseil de gouvernement approuve des propositions de nomination \u00e0 de hautes fonctions","datePublished":"2022-11-10T16:37:53+00:00","dateModified":"2022-11-10T16:37:54+00:00","mainEntityOfPage":{"@id":"https:\/\/dpress.ma\/fr\/2022\/11\/10\/le-conseil-de-gouvernement-approuve-des-propositions-de-nomination-a-de-hautes-fonctions-2\/"},"wordCount":305,"commentCount":0,"image":{"@id":"https:\/\/dpress.ma\/fr\/2022\/11\/10\/le-conseil-de-gouvernement-approuve-des-propositions-de-nomination-a-de-hautes-fonctions-2\/#primaryimage"},"thumbnailUrl":"https:\/\/dpress.ma\/fr\/wp-content\/uploads\/sites\/2\/2022\/11\/dimensions2-13.jpg","articleSection":["Politiques"],"inLanguage":"fr-FR","potentialAction":[{"@type":"CommentAction","name":"Comment","target":["https:\/\/dpress.ma\/fr\/2022\/11\/10\/le-conseil-de-gouvernement-approuve-des-propositions-de-nomination-a-de-hautes-fonctions-2\/#respond"]}]},{"@type":"WebPage","@id":"https:\/\/dpress.ma\/fr\/2022\/11\/10\/le-conseil-de-gouvernement-approuve-des-propositions-de-nomination-a-de-hautes-fonctions-2\/","url":"https:\/\/dpress.ma\/fr\/2022\/11\/10\/le-conseil-de-gouvernement-approuve-des-propositions-de-nomination-a-de-hautes-fonctions-2\/","name":"Le Conseil de gouvernement approuve des propositions de nomination \u00e0 de hautes fonctions - Dpress.ma\/fr","isPartOf":{"@id":"https:\/\/dpress.ma\/fr\/#website"},"primaryImageOfPage":{"@id":"https:\/\/dpress.ma\/fr\/2022\/11\/10\/le-conseil-de-gouvernement-approuve-des-propositions-de-nomination-a-de-hautes-fonctions-2\/#primaryimage"},"image":{"@id":"https:\/\/dpress.ma\/fr\/2022\/11\/10\/le-conseil-de-gouvernement-approuve-des-propositions-de-nomination-a-de-hautes-fonctions-2\/#primaryimage"},"thumbnailUrl":"https:\/\/dpress.ma\/fr\/wp-content\/uploads\/sites\/2\/2022\/11\/dimensions2-13.jpg","datePublished":"2022-11-10T16:37:53+00:00","dateModified":"2022-11-10T16:37:54+00:00","author":{"@id":"https:\/\/dpress.ma\/fr\/#\/schema\/person\/4898febf3ccd59e6578d838656a306a0"},"description":"\u00a0Le Conseil de gouvernement, r\u00e9uni jeudi \u00e0 Rabat sous la pr\u00e9sidence du Chef du gouvernement Aziz Akhannouch, a approuv\u00e9 des propositions de nomination \u00e0 de hautes fonctions, conform\u00e9ment \u00e0 l\u2019article 92 de la Constitution.","breadcrumb":{"@id":"https:\/\/dpress.ma\/fr\/2022\/11\/10\/le-conseil-de-gouvernement-approuve-des-propositions-de-nomination-a-de-hautes-fonctions-2\/#breadcrumb"},"inLanguage":"fr-FR","potentialAction":[{"@type":"ReadAction","target":["https:\/\/dpress.ma\/fr\/2022\/11\/10\/le-conseil-de-gouvernement-approuve-des-propositions-de-nomination-a-de-hautes-fonctions-2\/"]}]},{"@type":"ImageObject","inLanguage":"fr-FR","@id":"https:\/\/dpress.ma\/fr\/2022\/11\/10\/le-conseil-de-gouvernement-approuve-des-propositions-de-nomination-a-de-hautes-fonctions-2\/#primaryimage","url":"https:\/\/dpress.ma\/fr\/wp-content\/uploads\/sites\/2\/2022\/11\/dimensions2-13.jpg","contentUrl":"https:\/\/dpress.ma\/fr\/wp-content\/uploads\/sites\/2\/2022\/11\/dimensions2-13.jpg","width":2539,"height":1594},{"@type":"BreadcrumbList","@id":"https:\/\/dpress.ma\/fr\/2022\/11\/10\/le-conseil-de-gouvernement-approuve-des-propositions-de-nomination-a-de-hautes-fonctions-2\/#breadcrumb","itemListElement":[{"@type":"ListItem","position":1,"name":"Home","item":"https:\/\/dpress.ma\/fr\/"},{"@type":"ListItem","position":2,"name":"Le Conseil de gouvernement approuve des propositions de nomination \u00e0 de hautes fonctions"}]},{"@type":"WebSite","@id":"https:\/\/dpress.ma\/fr\/#website","url":"https:\/\/dpress.ma\/fr\/","name":"Dpress.ma\/fr","description":"","potentialAction":[{"@type":"SearchAction","target":{"@type":"EntryPoint","urlTemplate":"https:\/\/dpress.ma\/fr\/?s={search_term_string}"},"query-input":{"@type":"PropertyValueSpecification","valueRequired":true,"valueName":"search_term_string"}}],"inLanguage":"fr-FR"},{"@type":"Person","@id":"https:\/\/dpress.ma\/fr\/#\/schema\/person\/4898febf3ccd59e6578d838656a306a0","name":"Dpress.ma","image":{"@type":"ImageObject","inLanguage":"fr-FR","@id":"https:\/\/secure.gravatar.com\/avatar\/72ecc30e9db047a2e0e7176561eb9d564ed77c8108376495b19bd8336405198a?s=96&d=mm&r=g","url":"https:\/\/secure.gravatar.com\/avatar\/72ecc30e9db047a2e0e7176561eb9d564ed77c8108376495b19bd8336405198a?s=96&d=mm&r=g","contentUrl":"https:\/\/secure.gravatar.com\/avatar\/72ecc30e9db047a2e0e7176561eb9d564ed77c8108376495b19bd8336405198a?s=96&d=mm&r=g","caption":"Dpress.ma"},"sameAs":["https:\/\/www.dpress.ma"],"url":"https:\/\/dpress.ma\/fr\/author\/dpress-ma\/"}]}},"amp_enabled":true,"_links":{"self":[{"href":"https:\/\/dpress.ma\/fr\/wp-json\/wp\/v2\/posts\/2456","targetHints":{"allow":["GET"]}}],"collection":[{"href":"https:\/\/dpress.ma\/fr\/wp-json\/wp\/v2\/posts"}],"about":[{"href":"https:\/\/dpress.ma\/fr\/wp-json\/wp\/v2\/types\/post"}],"author":[{"embeddable":true,"href":"https:\/\/dpress.ma\/fr\/wp-json\/wp\/v2\/users\/2"}],"replies":[{"embeddable":true,"href":"https:\/\/dpress.ma\/fr\/wp-json\/wp\/v2\/comments?post=2456"}],"version-history":[{"count":1,"href":"https:\/\/dpress.ma\/fr\/wp-json\/wp\/v2\/posts\/2456\/revisions"}],"predecessor-version":[{"id":2458,"href":"https:\/\/dpress.ma\/fr\/wp-json\/wp\/v2\/posts\/2456\/revisions\/2458"}],"wp:featuredmedia":[{"embeddable":true,"href":"https:\/\/dpress.ma\/fr\/wp-json\/wp\/v2\/media\/2457"}],"wp:attachment":[{"href":"https:\/\/dpress.ma\/fr\/wp-json\/wp\/v2\/media?parent=2456"}],"wp:term":[{"taxonomy":"category","embeddable":true,"href":"https:\/\/dpress.ma\/fr\/wp-json\/wp\/v2\/categories?post=2456"},{"taxonomy":"post_tag","embeddable":true,"href":"https:\/\/dpress.ma\/fr\/wp-json\/wp\/v2\/tags?post=2456"}],"curies":[{"name":"wp","href":"https:\/\/api.w.org\/{rel}","templated":true}]}}