{"id":24525,"date":"2026-02-23T10:28:09","date_gmt":"2026-02-23T10:28:09","guid":{"rendered":"https:\/\/dpress.ma\/fr\/?p=24525"},"modified":"2026-02-23T11:47:30","modified_gmt":"2026-02-23T11:47:30","slug":"barcelone-mobilisation-exceptionnelle-du-consulat-du-maroc-au-service-des-mre","status":"publish","type":"post","link":"https:\/\/dpress.ma\/fr\/2026\/02\/23\/barcelone-mobilisation-exceptionnelle-du-consulat-du-maroc-au-service-des-mre\/","title":{"rendered":"Barcelone: Mobilisation exceptionnelle du Consulat du Maroc au service des MRE"},"content":{"rendered":"\n<p>Dpress<\/p>\n\n\n\n<p>&nbsp;Le Consulat g\u00e9n\u00e9ral du Maroc \u00e0 Barcelone a poursuivi, ce week-end, sa mobilisation exceptionnelle afin de r\u00e9pondre aux besoins administratifs des Marocains r\u00e9sidant dans sa circonscription consulaire.<\/p>\n\n\n\n<p>Cette initiative s\u2019inscrit dans le cadre de la mobilisation continue des services consulaires marocains visant \u00e0 assurer un suivi rigoureux des prestations offertes aux Marocains r\u00e9sidant \u00e0 l\u2019\u00e9tranger (MRE) et \u00e0 en am\u00e9liorer la qualit\u00e9. Elle refl\u00e8te \u00e9galement la politique de proximit\u00e9 pr\u00f4n\u00e9e par le Royaume, conform\u00e9ment aux Hautes Instructions de SM le Roi Mohammed VI, appelant \u00e0 rapprocher l\u2019administration des Marocains du monde.<\/p>\n\n\n\n<p>L\u2019op\u00e9ration s\u2019inscrit aussi dans la mise en \u0153uvre des orientations du minist\u00e8re des Affaires \u00e9trang\u00e8res, de la Coop\u00e9ration africaine et des Marocains r\u00e9sidant \u00e0 l\u2019\u00e9tranger, ax\u00e9es sur l\u2019optimisation des services consulaires, l\u2019introduction de nouveaux proc\u00e9d\u00e9s et l\u2019adaptation aux contraintes saisonni\u00e8res et professionnelles des usagers.<\/p>\n\n\n\n<p>Dans ce cadre, des centaines de prestations consulaires ont \u00e9t\u00e9 assur\u00e9es au profit des Marocains \u00e9tablis \u00e0 Barcelone et dans sa r\u00e9gion, notamment ceux qui, pour des raisons professionnelles ou d\u2019\u00e9loignement g\u00e9ographique, ne peuvent se rendre au consulat en semaine.<\/p>\n\n\n\n<p>Dans des d\u00e9clarations \u00e0 la MAP, plusieurs usagers ont exprim\u00e9 leur satisfaction quant \u00e0 la qualit\u00e9 des services fournis, saluant une initiative particuli\u00e8rement utile pour les personnes dont les obligations professionnelles limitent l\u2019acc\u00e8s aux services consulaires durant les jours ouvrables. Ils ont \u00e9galement mis en avant l\u2019attention constante accord\u00e9e par SM le Roi Mohammed VI \u00e0 la communaut\u00e9 marocaine r\u00e9sidant \u00e0 l\u2019\u00e9tranger.<\/p>\n\n\n\n<p>Les services centraux du minist\u00e8re des Affaires \u00e9trang\u00e8res avaient tenu, r\u00e9cemment, une r\u00e9union de coordination par visioconf\u00e9rence avec l\u2019Ambassade du Royaume du Maroc \u00e0 Madrid et les douze consulats g\u00e9n\u00e9raux accr\u00e9dit\u00e9s en Espagne \u00e0 l\u2019issue de laquelle plusieurs mesures ont \u00e9t\u00e9 adpt\u00e9es, notamment la prolongation des horaires d\u2019accueil du public jusqu\u2019\u00e0 18h00, au lieu de 15h00, du lundi au vendredi, ainsi que l\u2019instauration de permanences les samedis, dimanches et jours f\u00e9ri\u00e9s. Ces dispositions visent \u00e0 permettre \u00e0 l\u2019ensemble des usagers disposant d\u2019un rendez-vous d\u2019accomplir leurs d\u00e9marches dans les meilleures conditions.<\/p>\n\n\n\n<p>Il a \u00e9galement \u00e9t\u00e9 d\u00e9cid\u00e9 de maintenir une mobilisation permanente du personnel consulaire,&nbsp;afin d\u2019assurer une r\u00e9ponse rapide et efficace aux besoins des citoyens marocains.<\/p>\n","protected":false},"excerpt":{"rendered":"<p>Dpress &nbsp;Le Consulat g\u00e9n\u00e9ral du Maroc \u00e0 Barcelone a poursuivi, ce week-end, sa mobilisation exceptionnelle afin de r\u00e9pondre aux besoins administratifs des Marocains r\u00e9sidant dans sa circonscription consulaire. Cette initiative s\u2019inscrit dans le cadre de la mobilisation continue des services consulaires marocains visant \u00e0 assurer un suivi rigoureux des prestations offertes aux Marocains r\u00e9sidant \u00e0 &hellip;<\/p>\n","protected":false},"author":2,"featured_media":24526,"comment_status":"open","ping_status":"open","sticky":false,"template":"","format":"standard","meta":{"footnotes":""},"categories":[32,42],"tags":[],"class_list":["post-24525","post","type-post","status-publish","format-standard","has-post-thumbnail","hentry","category-espace-marocain-du-monde","category-monde"],"yoast_head":"<!-- This site is optimized with the Yoast SEO plugin v27.5 - https:\/\/yoast.com\/product\/yoast-seo-wordpress\/ -->\n<title>Barcelone: Mobilisation exceptionnelle du Consulat du Maroc au service des MRE - Dpress.ma\/fr<\/title>\n<meta name=\"robots\" content=\"index, follow, max-snippet:-1, max-image-preview:large, max-video-preview:-1\" \/>\n<link rel=\"canonical\" href=\"https:\/\/dpress.ma\/fr\/2026\/02\/23\/barcelone-mobilisation-exceptionnelle-du-consulat-du-maroc-au-service-des-mre\/\" \/>\n<meta property=\"og:locale\" content=\"fr_FR\" \/>\n<meta property=\"og:type\" content=\"article\" \/>\n<meta property=\"og:title\" content=\"Barcelone: Mobilisation exceptionnelle du Consulat du Maroc au service des MRE - Dpress.ma\/fr\" \/>\n<meta property=\"og:description\" content=\"Dpress &nbsp;Le Consulat g\u00e9n\u00e9ral du Maroc \u00e0 Barcelone a poursuivi, ce week-end, sa mobilisation exceptionnelle afin de r\u00e9pondre aux besoins administratifs des Marocains r\u00e9sidant dans sa circonscription consulaire. Cette initiative s\u2019inscrit dans le cadre de la mobilisation continue des services consulaires marocains visant \u00e0 assurer un suivi rigoureux des prestations offertes aux Marocains r\u00e9sidant \u00e0 &hellip;\" \/>\n<meta property=\"og:url\" content=\"https:\/\/dpress.ma\/fr\/2026\/02\/23\/barcelone-mobilisation-exceptionnelle-du-consulat-du-maroc-au-service-des-mre\/\" \/>\n<meta property=\"og:site_name\" content=\"Dpress.ma\/fr\" \/>\n<meta property=\"article:published_time\" content=\"2026-02-23T10:28:09+00:00\" \/>\n<meta property=\"article:modified_time\" content=\"2026-02-23T11:47:30+00:00\" \/>\n<meta property=\"og:image\" content=\"https:\/\/dpress.ma\/fr\/wp-content\/uploads\/sites\/2\/2026\/02\/27-12.jpg\" \/>\n\t<meta property=\"og:image:width\" content=\"2539\" \/>\n\t<meta property=\"og:image:height\" content=\"1594\" \/>\n\t<meta property=\"og:image:type\" content=\"image\/jpeg\" \/>\n<meta name=\"author\" content=\"Dpress.ma\" \/>\n<meta name=\"twitter:card\" content=\"summary_large_image\" \/>\n<meta name=\"twitter:label1\" content=\"\u00c9crit par\" \/>\n\t<meta name=\"twitter:data1\" content=\"Dpress.ma\" \/>\n\t<meta name=\"twitter:label2\" content=\"Dur\u00e9e de lecture estim\u00e9e\" \/>\n\t<meta name=\"twitter:data2\" content=\"3 minutes\" \/>\n<script type=\"application\/ld+json\" class=\"yoast-schema-graph\">{\"@context\":\"https:\\\/\\\/schema.org\",\"@graph\":[{\"@type\":\"Article\",\"@id\":\"https:\\\/\\\/dpress.ma\\\/fr\\\/2026\\\/02\\\/23\\\/barcelone-mobilisation-exceptionnelle-du-consulat-du-maroc-au-service-des-mre\\\/#article\",\"isPartOf\":{\"@id\":\"https:\\\/\\\/dpress.ma\\\/fr\\\/2026\\\/02\\\/23\\\/barcelone-mobilisation-exceptionnelle-du-consulat-du-maroc-au-service-des-mre\\\/\"},\"author\":{\"name\":\"Dpress.ma\",\"@id\":\"https:\\\/\\\/dpress.ma\\\/fr\\\/#\\\/schema\\\/person\\\/4898febf3ccd59e6578d838656a306a0\"},\"headline\":\"Barcelone: Mobilisation exceptionnelle du Consulat du Maroc au service des MRE\",\"datePublished\":\"2026-02-23T10:28:09+00:00\",\"dateModified\":\"2026-02-23T11:47:30+00:00\",\"mainEntityOfPage\":{\"@id\":\"https:\\\/\\\/dpress.ma\\\/fr\\\/2026\\\/02\\\/23\\\/barcelone-mobilisation-exceptionnelle-du-consulat-du-maroc-au-service-des-mre\\\/\"},\"wordCount\":414,\"commentCount\":0,\"image\":{\"@id\":\"https:\\\/\\\/dpress.ma\\\/fr\\\/2026\\\/02\\\/23\\\/barcelone-mobilisation-exceptionnelle-du-consulat-du-maroc-au-service-des-mre\\\/#primaryimage\"},\"thumbnailUrl\":\"https:\\\/\\\/dpress.ma\\\/fr\\\/wp-content\\\/uploads\\\/sites\\\/2\\\/2026\\\/02\\\/27-12.jpg\",\"articleSection\":[\"Espace Marocain du Monde\",\"monde\"],\"inLanguage\":\"fr-FR\",\"potentialAction\":[{\"@type\":\"CommentAction\",\"name\":\"Comment\",\"target\":[\"https:\\\/\\\/dpress.ma\\\/fr\\\/2026\\\/02\\\/23\\\/barcelone-mobilisation-exceptionnelle-du-consulat-du-maroc-au-service-des-mre\\\/#respond\"]}]},{\"@type\":\"WebPage\",\"@id\":\"https:\\\/\\\/dpress.ma\\\/fr\\\/2026\\\/02\\\/23\\\/barcelone-mobilisation-exceptionnelle-du-consulat-du-maroc-au-service-des-mre\\\/\",\"url\":\"https:\\\/\\\/dpress.ma\\\/fr\\\/2026\\\/02\\\/23\\\/barcelone-mobilisation-exceptionnelle-du-consulat-du-maroc-au-service-des-mre\\\/\",\"name\":\"Barcelone: Mobilisation exceptionnelle du Consulat du Maroc au service des MRE - Dpress.ma\\\/fr\",\"isPartOf\":{\"@id\":\"https:\\\/\\\/dpress.ma\\\/fr\\\/#website\"},\"primaryImageOfPage\":{\"@id\":\"https:\\\/\\\/dpress.ma\\\/fr\\\/2026\\\/02\\\/23\\\/barcelone-mobilisation-exceptionnelle-du-consulat-du-maroc-au-service-des-mre\\\/#primaryimage\"},\"image\":{\"@id\":\"https:\\\/\\\/dpress.ma\\\/fr\\\/2026\\\/02\\\/23\\\/barcelone-mobilisation-exceptionnelle-du-consulat-du-maroc-au-service-des-mre\\\/#primaryimage\"},\"thumbnailUrl\":\"https:\\\/\\\/dpress.ma\\\/fr\\\/wp-content\\\/uploads\\\/sites\\\/2\\\/2026\\\/02\\\/27-12.jpg\",\"datePublished\":\"2026-02-23T10:28:09+00:00\",\"dateModified\":\"2026-02-23T11:47:30+00:00\",\"author\":{\"@id\":\"https:\\\/\\\/dpress.ma\\\/fr\\\/#\\\/schema\\\/person\\\/4898febf3ccd59e6578d838656a306a0\"},\"breadcrumb\":{\"@id\":\"https:\\\/\\\/dpress.ma\\\/fr\\\/2026\\\/02\\\/23\\\/barcelone-mobilisation-exceptionnelle-du-consulat-du-maroc-au-service-des-mre\\\/#breadcrumb\"},\"inLanguage\":\"fr-FR\",\"potentialAction\":[{\"@type\":\"ReadAction\",\"target\":[\"https:\\\/\\\/dpress.ma\\\/fr\\\/2026\\\/02\\\/23\\\/barcelone-mobilisation-exceptionnelle-du-consulat-du-maroc-au-service-des-mre\\\/\"]}]},{\"@type\":\"ImageObject\",\"inLanguage\":\"fr-FR\",\"@id\":\"https:\\\/\\\/dpress.ma\\\/fr\\\/2026\\\/02\\\/23\\\/barcelone-mobilisation-exceptionnelle-du-consulat-du-maroc-au-service-des-mre\\\/#primaryimage\",\"url\":\"https:\\\/\\\/dpress.ma\\\/fr\\\/wp-content\\\/uploads\\\/sites\\\/2\\\/2026\\\/02\\\/27-12.jpg\",\"contentUrl\":\"https:\\\/\\\/dpress.ma\\\/fr\\\/wp-content\\\/uploads\\\/sites\\\/2\\\/2026\\\/02\\\/27-12.jpg\",\"width\":2539,\"height\":1594},{\"@type\":\"BreadcrumbList\",\"@id\":\"https:\\\/\\\/dpress.ma\\\/fr\\\/2026\\\/02\\\/23\\\/barcelone-mobilisation-exceptionnelle-du-consulat-du-maroc-au-service-des-mre\\\/#breadcrumb\",\"itemListElement\":[{\"@type\":\"ListItem\",\"position\":1,\"name\":\"Home\",\"item\":\"https:\\\/\\\/dpress.ma\\\/fr\\\/\"},{\"@type\":\"ListItem\",\"position\":2,\"name\":\"Barcelone: Mobilisation exceptionnelle du Consulat du Maroc au service des MRE\"}]},{\"@type\":\"WebSite\",\"@id\":\"https:\\\/\\\/dpress.ma\\\/fr\\\/#website\",\"url\":\"https:\\\/\\\/dpress.ma\\\/fr\\\/\",\"name\":\"Dpress.ma\\\/fr\",\"description\":\"\",\"potentialAction\":[{\"@type\":\"SearchAction\",\"target\":{\"@type\":\"EntryPoint\",\"urlTemplate\":\"https:\\\/\\\/dpress.ma\\\/fr\\\/?s={search_term_string}\"},\"query-input\":{\"@type\":\"PropertyValueSpecification\",\"valueRequired\":true,\"valueName\":\"search_term_string\"}}],\"inLanguage\":\"fr-FR\"},{\"@type\":\"Person\",\"@id\":\"https:\\\/\\\/dpress.ma\\\/fr\\\/#\\\/schema\\\/person\\\/4898febf3ccd59e6578d838656a306a0\",\"name\":\"Dpress.ma\",\"image\":{\"@type\":\"ImageObject\",\"inLanguage\":\"fr-FR\",\"@id\":\"https:\\\/\\\/secure.gravatar.com\\\/avatar\\\/72ecc30e9db047a2e0e7176561eb9d564ed77c8108376495b19bd8336405198a?s=96&d=mm&r=g\",\"url\":\"https:\\\/\\\/secure.gravatar.com\\\/avatar\\\/72ecc30e9db047a2e0e7176561eb9d564ed77c8108376495b19bd8336405198a?s=96&d=mm&r=g\",\"contentUrl\":\"https:\\\/\\\/secure.gravatar.com\\\/avatar\\\/72ecc30e9db047a2e0e7176561eb9d564ed77c8108376495b19bd8336405198a?s=96&d=mm&r=g\",\"caption\":\"Dpress.ma\"},\"sameAs\":[\"https:\\\/\\\/www.dpress.ma\"],\"url\":\"https:\\\/\\\/dpress.ma\\\/fr\\\/author\\\/dpress-ma\\\/\"}]}<\/script>\n<!-- \/ Yoast SEO plugin. -->","yoast_head_json":{"title":"Barcelone: Mobilisation exceptionnelle du Consulat du Maroc au service des MRE - Dpress.ma\/fr","robots":{"index":"index","follow":"follow","max-snippet":"max-snippet:-1","max-image-preview":"max-image-preview:large","max-video-preview":"max-video-preview:-1"},"canonical":"https:\/\/dpress.ma\/fr\/2026\/02\/23\/barcelone-mobilisation-exceptionnelle-du-consulat-du-maroc-au-service-des-mre\/","og_locale":"fr_FR","og_type":"article","og_title":"Barcelone: Mobilisation exceptionnelle du Consulat du Maroc au service des MRE - Dpress.ma\/fr","og_description":"Dpress &nbsp;Le Consulat g\u00e9n\u00e9ral du Maroc \u00e0 Barcelone a poursuivi, ce week-end, sa mobilisation exceptionnelle afin de r\u00e9pondre aux besoins administratifs des Marocains r\u00e9sidant dans sa circonscription consulaire. Cette initiative s\u2019inscrit dans le cadre de la mobilisation continue des services consulaires marocains visant \u00e0 assurer un suivi rigoureux des prestations offertes aux Marocains r\u00e9sidant \u00e0 &hellip;","og_url":"https:\/\/dpress.ma\/fr\/2026\/02\/23\/barcelone-mobilisation-exceptionnelle-du-consulat-du-maroc-au-service-des-mre\/","og_site_name":"Dpress.ma\/fr","article_published_time":"2026-02-23T10:28:09+00:00","article_modified_time":"2026-02-23T11:47:30+00:00","og_image":[{"width":2539,"height":1594,"url":"https:\/\/dpress.ma\/fr\/wp-content\/uploads\/sites\/2\/2026\/02\/27-12.jpg","type":"image\/jpeg"}],"author":"Dpress.ma","twitter_card":"summary_large_image","twitter_misc":{"\u00c9crit par":"Dpress.ma","Dur\u00e9e de lecture estim\u00e9e":"3 minutes"},"schema":{"@context":"https:\/\/schema.org","@graph":[{"@type":"Article","@id":"https:\/\/dpress.ma\/fr\/2026\/02\/23\/barcelone-mobilisation-exceptionnelle-du-consulat-du-maroc-au-service-des-mre\/#article","isPartOf":{"@id":"https:\/\/dpress.ma\/fr\/2026\/02\/23\/barcelone-mobilisation-exceptionnelle-du-consulat-du-maroc-au-service-des-mre\/"},"author":{"name":"Dpress.ma","@id":"https:\/\/dpress.ma\/fr\/#\/schema\/person\/4898febf3ccd59e6578d838656a306a0"},"headline":"Barcelone: Mobilisation exceptionnelle du Consulat du Maroc au service des MRE","datePublished":"2026-02-23T10:28:09+00:00","dateModified":"2026-02-23T11:47:30+00:00","mainEntityOfPage":{"@id":"https:\/\/dpress.ma\/fr\/2026\/02\/23\/barcelone-mobilisation-exceptionnelle-du-consulat-du-maroc-au-service-des-mre\/"},"wordCount":414,"commentCount":0,"image":{"@id":"https:\/\/dpress.ma\/fr\/2026\/02\/23\/barcelone-mobilisation-exceptionnelle-du-consulat-du-maroc-au-service-des-mre\/#primaryimage"},"thumbnailUrl":"https:\/\/dpress.ma\/fr\/wp-content\/uploads\/sites\/2\/2026\/02\/27-12.jpg","articleSection":["Espace Marocain du Monde","monde"],"inLanguage":"fr-FR","potentialAction":[{"@type":"CommentAction","name":"Comment","target":["https:\/\/dpress.ma\/fr\/2026\/02\/23\/barcelone-mobilisation-exceptionnelle-du-consulat-du-maroc-au-service-des-mre\/#respond"]}]},{"@type":"WebPage","@id":"https:\/\/dpress.ma\/fr\/2026\/02\/23\/barcelone-mobilisation-exceptionnelle-du-consulat-du-maroc-au-service-des-mre\/","url":"https:\/\/dpress.ma\/fr\/2026\/02\/23\/barcelone-mobilisation-exceptionnelle-du-consulat-du-maroc-au-service-des-mre\/","name":"Barcelone: Mobilisation exceptionnelle du Consulat du Maroc au service des MRE - Dpress.ma\/fr","isPartOf":{"@id":"https:\/\/dpress.ma\/fr\/#website"},"primaryImageOfPage":{"@id":"https:\/\/dpress.ma\/fr\/2026\/02\/23\/barcelone-mobilisation-exceptionnelle-du-consulat-du-maroc-au-service-des-mre\/#primaryimage"},"image":{"@id":"https:\/\/dpress.ma\/fr\/2026\/02\/23\/barcelone-mobilisation-exceptionnelle-du-consulat-du-maroc-au-service-des-mre\/#primaryimage"},"thumbnailUrl":"https:\/\/dpress.ma\/fr\/wp-content\/uploads\/sites\/2\/2026\/02\/27-12.jpg","datePublished":"2026-02-23T10:28:09+00:00","dateModified":"2026-02-23T11:47:30+00:00","author":{"@id":"https:\/\/dpress.ma\/fr\/#\/schema\/person\/4898febf3ccd59e6578d838656a306a0"},"breadcrumb":{"@id":"https:\/\/dpress.ma\/fr\/2026\/02\/23\/barcelone-mobilisation-exceptionnelle-du-consulat-du-maroc-au-service-des-mre\/#breadcrumb"},"inLanguage":"fr-FR","potentialAction":[{"@type":"ReadAction","target":["https:\/\/dpress.ma\/fr\/2026\/02\/23\/barcelone-mobilisation-exceptionnelle-du-consulat-du-maroc-au-service-des-mre\/"]}]},{"@type":"ImageObject","inLanguage":"fr-FR","@id":"https:\/\/dpress.ma\/fr\/2026\/02\/23\/barcelone-mobilisation-exceptionnelle-du-consulat-du-maroc-au-service-des-mre\/#primaryimage","url":"https:\/\/dpress.ma\/fr\/wp-content\/uploads\/sites\/2\/2026\/02\/27-12.jpg","contentUrl":"https:\/\/dpress.ma\/fr\/wp-content\/uploads\/sites\/2\/2026\/02\/27-12.jpg","width":2539,"height":1594},{"@type":"BreadcrumbList","@id":"https:\/\/dpress.ma\/fr\/2026\/02\/23\/barcelone-mobilisation-exceptionnelle-du-consulat-du-maroc-au-service-des-mre\/#breadcrumb","itemListElement":[{"@type":"ListItem","position":1,"name":"Home","item":"https:\/\/dpress.ma\/fr\/"},{"@type":"ListItem","position":2,"name":"Barcelone: Mobilisation exceptionnelle du Consulat du Maroc au service des MRE"}]},{"@type":"WebSite","@id":"https:\/\/dpress.ma\/fr\/#website","url":"https:\/\/dpress.ma\/fr\/","name":"Dpress.ma\/fr","description":"","potentialAction":[{"@type":"SearchAction","target":{"@type":"EntryPoint","urlTemplate":"https:\/\/dpress.ma\/fr\/?s={search_term_string}"},"query-input":{"@type":"PropertyValueSpecification","valueRequired":true,"valueName":"search_term_string"}}],"inLanguage":"fr-FR"},{"@type":"Person","@id":"https:\/\/dpress.ma\/fr\/#\/schema\/person\/4898febf3ccd59e6578d838656a306a0","name":"Dpress.ma","image":{"@type":"ImageObject","inLanguage":"fr-FR","@id":"https:\/\/secure.gravatar.com\/avatar\/72ecc30e9db047a2e0e7176561eb9d564ed77c8108376495b19bd8336405198a?s=96&d=mm&r=g","url":"https:\/\/secure.gravatar.com\/avatar\/72ecc30e9db047a2e0e7176561eb9d564ed77c8108376495b19bd8336405198a?s=96&d=mm&r=g","contentUrl":"https:\/\/secure.gravatar.com\/avatar\/72ecc30e9db047a2e0e7176561eb9d564ed77c8108376495b19bd8336405198a?s=96&d=mm&r=g","caption":"Dpress.ma"},"sameAs":["https:\/\/www.dpress.ma"],"url":"https:\/\/dpress.ma\/fr\/author\/dpress-ma\/"}]}},"amp_enabled":true,"_links":{"self":[{"href":"https:\/\/dpress.ma\/fr\/wp-json\/wp\/v2\/posts\/24525","targetHints":{"allow":["GET"]}}],"collection":[{"href":"https:\/\/dpress.ma\/fr\/wp-json\/wp\/v2\/posts"}],"about":[{"href":"https:\/\/dpress.ma\/fr\/wp-json\/wp\/v2\/types\/post"}],"author":[{"embeddable":true,"href":"https:\/\/dpress.ma\/fr\/wp-json\/wp\/v2\/users\/2"}],"replies":[{"embeddable":true,"href":"https:\/\/dpress.ma\/fr\/wp-json\/wp\/v2\/comments?post=24525"}],"version-history":[{"count":1,"href":"https:\/\/dpress.ma\/fr\/wp-json\/wp\/v2\/posts\/24525\/revisions"}],"predecessor-version":[{"id":24527,"href":"https:\/\/dpress.ma\/fr\/wp-json\/wp\/v2\/posts\/24525\/revisions\/24527"}],"wp:featuredmedia":[{"embeddable":true,"href":"https:\/\/dpress.ma\/fr\/wp-json\/wp\/v2\/media\/24526"}],"wp:attachment":[{"href":"https:\/\/dpress.ma\/fr\/wp-json\/wp\/v2\/media?parent=24525"}],"wp:term":[{"taxonomy":"category","embeddable":true,"href":"https:\/\/dpress.ma\/fr\/wp-json\/wp\/v2\/categories?post=24525"},{"taxonomy":"post_tag","embeddable":true,"href":"https:\/\/dpress.ma\/fr\/wp-json\/wp\/v2\/tags?post=24525"}],"curies":[{"name":"wp","href":"https:\/\/api.w.org\/{rel}","templated":true}]}}