{"id":2435,"date":"2022-11-07T15:28:43","date_gmt":"2022-11-07T15:28:43","guid":{"rendered":"https:\/\/dpress.ma\/fr\/?p=2435"},"modified":"2022-11-07T15:28:44","modified_gmt":"2022-11-07T15:28:44","slug":"reunion-jeudi-du-conseil-de-gouvernement-7","status":"publish","type":"post","link":"https:\/\/dpress.ma\/fr\/2022\/11\/07\/reunion-jeudi-du-conseil-de-gouvernement-7\/","title":{"rendered":"R\u00e9union jeudi du Conseil de gouvernement"},"content":{"rendered":"\n<p>Dpress<\/p>\n\n\n\n<p>&nbsp;Un Conseil de gouvernement se tiendra jeudi sous la pr\u00e9sidence du Chef du gouvernement, Aziz Akhannouch.<\/p>\n\n\n\n<p>Au d\u00e9but de ses travaux, le Conseil suivra un expos\u00e9 du ministre de l\u2019Education nationale, du pr\u00e9scolaire et des sports sur \u201cla feuille de route 2022-2026 pour une \u00e9cole publique de qualit\u00e9 pour tous\u201d.<\/p>\n\n\n\n<p>Le Conseil examinera par la suite quatre projets de d\u00e9cret dont le premier concerne l\u2019application de la loi portant Code de la couverture m\u00e9dicale de base, alors que le deuxi\u00e8me fixe les conditions et les modalit\u00e9s de nomination des repr\u00e9sentants de l\u2019Etat dans les organes d\u00e9lib\u00e9rants des \u00e9tablissements et entreprises publics, ainsi que les montants et les modalit\u00e9s d\u00e9terminant les indemnit\u00e9s qui leur sont accord\u00e9es, indique lundi un communiqu\u00e9 du d\u00e9partement du chef de gouvernement.<\/p>\n\n\n\n<p>Le troisi\u00e8me projet de d\u00e9cret fixe les conditions et les modalit\u00e9s de nomination des membres ind\u00e9pendants dans les organes d\u00e9lib\u00e9rants des \u00e9tablissements et entreprises publics, ainsi que les montants et les modalit\u00e9s d\u00e9terminant les indemnit\u00e9s qui leur sont accord\u00e9es, ajoute la m\u00eame source, notant que le quatri\u00e8me texte porte sur les services de navigation maritime.<\/p>\n\n\n\n<p>Le Conseil ach\u00e8vera ses travaux par l\u2019examen de propositions de nomination \u00e0 de hautes fonctions, conform\u00e9ment aux dispositions de l\u2019article 92 de la Constitution, conclut le communiqu\u00e9.<\/p>\n\n\n\n<p><\/p>\n","protected":false},"excerpt":{"rendered":"<p>Dpress &nbsp;Un Conseil de gouvernement se tiendra jeudi sous la pr\u00e9sidence du Chef du gouvernement, Aziz Akhannouch. Au d\u00e9but de ses travaux, le Conseil suivra un expos\u00e9 du ministre de l\u2019Education nationale, du pr\u00e9scolaire et des sports sur \u201cla feuille de route 2022-2026 pour une \u00e9cole publique de qualit\u00e9 pour tous\u201d. Le Conseil examinera par &hellip;<\/p>\n","protected":false},"author":2,"featured_media":2436,"comment_status":"open","ping_status":"open","sticky":false,"template":"","format":"standard","meta":{"footnotes":""},"categories":[26],"tags":[],"class_list":["post-2435","post","type-post","status-publish","format-standard","has-post-thumbnail","hentry","category-politiques"],"yoast_head":"<!-- This site is optimized with the Yoast SEO plugin v27.5 - https:\/\/yoast.com\/product\/yoast-seo-wordpress\/ -->\n<title>R\u00e9union jeudi du Conseil de gouvernement - Dpress.ma\/fr<\/title>\n<meta name=\"description\" content=\"Un Conseil de gouvernement se tiendra jeudi sous la pr\u00e9sidence du Chef du gouvernement, Aziz Akhannouch.\" \/>\n<meta name=\"robots\" content=\"index, follow, max-snippet:-1, max-image-preview:large, max-video-preview:-1\" \/>\n<link rel=\"canonical\" href=\"https:\/\/dpress.ma\/fr\/2022\/11\/07\/reunion-jeudi-du-conseil-de-gouvernement-7\/\" \/>\n<meta property=\"og:locale\" content=\"fr_FR\" \/>\n<meta property=\"og:type\" content=\"article\" \/>\n<meta property=\"og:title\" content=\"R\u00e9union jeudi du Conseil de gouvernement - Dpress.ma\/fr\" \/>\n<meta property=\"og:description\" content=\"Un Conseil de gouvernement se tiendra jeudi sous la pr\u00e9sidence du Chef du gouvernement, Aziz Akhannouch.\" \/>\n<meta property=\"og:url\" content=\"https:\/\/dpress.ma\/fr\/2022\/11\/07\/reunion-jeudi-du-conseil-de-gouvernement-7\/\" \/>\n<meta property=\"og:site_name\" content=\"Dpress.ma\/fr\" \/>\n<meta property=\"article:published_time\" content=\"2022-11-07T15:28:43+00:00\" \/>\n<meta property=\"article:modified_time\" content=\"2022-11-07T15:28:44+00:00\" \/>\n<meta property=\"og:image\" content=\"https:\/\/dpress.ma\/fr\/wp-content\/uploads\/sites\/2\/2022\/11\/dimensions2-Recovered-5.jpg\" \/>\n\t<meta property=\"og:image:width\" content=\"2539\" \/>\n\t<meta property=\"og:image:height\" content=\"1594\" \/>\n\t<meta property=\"og:image:type\" content=\"image\/jpeg\" \/>\n<meta name=\"author\" content=\"Dpress.ma\" \/>\n<meta name=\"twitter:card\" content=\"summary_large_image\" \/>\n<meta name=\"twitter:label1\" content=\"\u00c9crit par\" \/>\n\t<meta name=\"twitter:data1\" content=\"Dpress.ma\" \/>\n\t<meta name=\"twitter:label2\" content=\"Dur\u00e9e de lecture estim\u00e9e\" \/>\n\t<meta name=\"twitter:data2\" content=\"2 minutes\" \/>\n<script type=\"application\/ld+json\" class=\"yoast-schema-graph\">{\"@context\":\"https:\\\/\\\/schema.org\",\"@graph\":[{\"@type\":\"Article\",\"@id\":\"https:\\\/\\\/dpress.ma\\\/fr\\\/2022\\\/11\\\/07\\\/reunion-jeudi-du-conseil-de-gouvernement-7\\\/#article\",\"isPartOf\":{\"@id\":\"https:\\\/\\\/dpress.ma\\\/fr\\\/2022\\\/11\\\/07\\\/reunion-jeudi-du-conseil-de-gouvernement-7\\\/\"},\"author\":{\"name\":\"Dpress.ma\",\"@id\":\"https:\\\/\\\/dpress.ma\\\/fr\\\/#\\\/schema\\\/person\\\/4898febf3ccd59e6578d838656a306a0\"},\"headline\":\"R\u00e9union jeudi du Conseil de gouvernement\",\"datePublished\":\"2022-11-07T15:28:43+00:00\",\"dateModified\":\"2022-11-07T15:28:44+00:00\",\"mainEntityOfPage\":{\"@id\":\"https:\\\/\\\/dpress.ma\\\/fr\\\/2022\\\/11\\\/07\\\/reunion-jeudi-du-conseil-de-gouvernement-7\\\/\"},\"wordCount\":248,\"commentCount\":0,\"image\":{\"@id\":\"https:\\\/\\\/dpress.ma\\\/fr\\\/2022\\\/11\\\/07\\\/reunion-jeudi-du-conseil-de-gouvernement-7\\\/#primaryimage\"},\"thumbnailUrl\":\"https:\\\/\\\/dpress.ma\\\/fr\\\/wp-content\\\/uploads\\\/sites\\\/2\\\/2022\\\/11\\\/dimensions2-Recovered-5.jpg\",\"articleSection\":[\"Politiques\"],\"inLanguage\":\"fr-FR\",\"potentialAction\":[{\"@type\":\"CommentAction\",\"name\":\"Comment\",\"target\":[\"https:\\\/\\\/dpress.ma\\\/fr\\\/2022\\\/11\\\/07\\\/reunion-jeudi-du-conseil-de-gouvernement-7\\\/#respond\"]}]},{\"@type\":\"WebPage\",\"@id\":\"https:\\\/\\\/dpress.ma\\\/fr\\\/2022\\\/11\\\/07\\\/reunion-jeudi-du-conseil-de-gouvernement-7\\\/\",\"url\":\"https:\\\/\\\/dpress.ma\\\/fr\\\/2022\\\/11\\\/07\\\/reunion-jeudi-du-conseil-de-gouvernement-7\\\/\",\"name\":\"R\u00e9union jeudi du Conseil de gouvernement - Dpress.ma\\\/fr\",\"isPartOf\":{\"@id\":\"https:\\\/\\\/dpress.ma\\\/fr\\\/#website\"},\"primaryImageOfPage\":{\"@id\":\"https:\\\/\\\/dpress.ma\\\/fr\\\/2022\\\/11\\\/07\\\/reunion-jeudi-du-conseil-de-gouvernement-7\\\/#primaryimage\"},\"image\":{\"@id\":\"https:\\\/\\\/dpress.ma\\\/fr\\\/2022\\\/11\\\/07\\\/reunion-jeudi-du-conseil-de-gouvernement-7\\\/#primaryimage\"},\"thumbnailUrl\":\"https:\\\/\\\/dpress.ma\\\/fr\\\/wp-content\\\/uploads\\\/sites\\\/2\\\/2022\\\/11\\\/dimensions2-Recovered-5.jpg\",\"datePublished\":\"2022-11-07T15:28:43+00:00\",\"dateModified\":\"2022-11-07T15:28:44+00:00\",\"author\":{\"@id\":\"https:\\\/\\\/dpress.ma\\\/fr\\\/#\\\/schema\\\/person\\\/4898febf3ccd59e6578d838656a306a0\"},\"description\":\"Un Conseil de gouvernement se tiendra jeudi sous la pr\u00e9sidence du Chef du gouvernement, Aziz Akhannouch.\",\"breadcrumb\":{\"@id\":\"https:\\\/\\\/dpress.ma\\\/fr\\\/2022\\\/11\\\/07\\\/reunion-jeudi-du-conseil-de-gouvernement-7\\\/#breadcrumb\"},\"inLanguage\":\"fr-FR\",\"potentialAction\":[{\"@type\":\"ReadAction\",\"target\":[\"https:\\\/\\\/dpress.ma\\\/fr\\\/2022\\\/11\\\/07\\\/reunion-jeudi-du-conseil-de-gouvernement-7\\\/\"]}]},{\"@type\":\"ImageObject\",\"inLanguage\":\"fr-FR\",\"@id\":\"https:\\\/\\\/dpress.ma\\\/fr\\\/2022\\\/11\\\/07\\\/reunion-jeudi-du-conseil-de-gouvernement-7\\\/#primaryimage\",\"url\":\"https:\\\/\\\/dpress.ma\\\/fr\\\/wp-content\\\/uploads\\\/sites\\\/2\\\/2022\\\/11\\\/dimensions2-Recovered-5.jpg\",\"contentUrl\":\"https:\\\/\\\/dpress.ma\\\/fr\\\/wp-content\\\/uploads\\\/sites\\\/2\\\/2022\\\/11\\\/dimensions2-Recovered-5.jpg\",\"width\":2539,\"height\":1594},{\"@type\":\"BreadcrumbList\",\"@id\":\"https:\\\/\\\/dpress.ma\\\/fr\\\/2022\\\/11\\\/07\\\/reunion-jeudi-du-conseil-de-gouvernement-7\\\/#breadcrumb\",\"itemListElement\":[{\"@type\":\"ListItem\",\"position\":1,\"name\":\"Home\",\"item\":\"https:\\\/\\\/dpress.ma\\\/fr\\\/\"},{\"@type\":\"ListItem\",\"position\":2,\"name\":\"R\u00e9union jeudi du Conseil de gouvernement\"}]},{\"@type\":\"WebSite\",\"@id\":\"https:\\\/\\\/dpress.ma\\\/fr\\\/#website\",\"url\":\"https:\\\/\\\/dpress.ma\\\/fr\\\/\",\"name\":\"Dpress.ma\\\/fr\",\"description\":\"\",\"potentialAction\":[{\"@type\":\"SearchAction\",\"target\":{\"@type\":\"EntryPoint\",\"urlTemplate\":\"https:\\\/\\\/dpress.ma\\\/fr\\\/?s={search_term_string}\"},\"query-input\":{\"@type\":\"PropertyValueSpecification\",\"valueRequired\":true,\"valueName\":\"search_term_string\"}}],\"inLanguage\":\"fr-FR\"},{\"@type\":\"Person\",\"@id\":\"https:\\\/\\\/dpress.ma\\\/fr\\\/#\\\/schema\\\/person\\\/4898febf3ccd59e6578d838656a306a0\",\"name\":\"Dpress.ma\",\"image\":{\"@type\":\"ImageObject\",\"inLanguage\":\"fr-FR\",\"@id\":\"https:\\\/\\\/secure.gravatar.com\\\/avatar\\\/72ecc30e9db047a2e0e7176561eb9d564ed77c8108376495b19bd8336405198a?s=96&d=mm&r=g\",\"url\":\"https:\\\/\\\/secure.gravatar.com\\\/avatar\\\/72ecc30e9db047a2e0e7176561eb9d564ed77c8108376495b19bd8336405198a?s=96&d=mm&r=g\",\"contentUrl\":\"https:\\\/\\\/secure.gravatar.com\\\/avatar\\\/72ecc30e9db047a2e0e7176561eb9d564ed77c8108376495b19bd8336405198a?s=96&d=mm&r=g\",\"caption\":\"Dpress.ma\"},\"sameAs\":[\"https:\\\/\\\/www.dpress.ma\"],\"url\":\"https:\\\/\\\/dpress.ma\\\/fr\\\/author\\\/dpress-ma\\\/\"}]}<\/script>\n<!-- \/ Yoast SEO plugin. -->","yoast_head_json":{"title":"R\u00e9union jeudi du Conseil de gouvernement - Dpress.ma\/fr","description":"Un Conseil de gouvernement se tiendra jeudi sous la pr\u00e9sidence du Chef du gouvernement, Aziz Akhannouch.","robots":{"index":"index","follow":"follow","max-snippet":"max-snippet:-1","max-image-preview":"max-image-preview:large","max-video-preview":"max-video-preview:-1"},"canonical":"https:\/\/dpress.ma\/fr\/2022\/11\/07\/reunion-jeudi-du-conseil-de-gouvernement-7\/","og_locale":"fr_FR","og_type":"article","og_title":"R\u00e9union jeudi du Conseil de gouvernement - Dpress.ma\/fr","og_description":"Un Conseil de gouvernement se tiendra jeudi sous la pr\u00e9sidence du Chef du gouvernement, Aziz Akhannouch.","og_url":"https:\/\/dpress.ma\/fr\/2022\/11\/07\/reunion-jeudi-du-conseil-de-gouvernement-7\/","og_site_name":"Dpress.ma\/fr","article_published_time":"2022-11-07T15:28:43+00:00","article_modified_time":"2022-11-07T15:28:44+00:00","og_image":[{"width":2539,"height":1594,"url":"https:\/\/dpress.ma\/fr\/wp-content\/uploads\/sites\/2\/2022\/11\/dimensions2-Recovered-5.jpg","type":"image\/jpeg"}],"author":"Dpress.ma","twitter_card":"summary_large_image","twitter_misc":{"\u00c9crit par":"Dpress.ma","Dur\u00e9e de lecture estim\u00e9e":"2 minutes"},"schema":{"@context":"https:\/\/schema.org","@graph":[{"@type":"Article","@id":"https:\/\/dpress.ma\/fr\/2022\/11\/07\/reunion-jeudi-du-conseil-de-gouvernement-7\/#article","isPartOf":{"@id":"https:\/\/dpress.ma\/fr\/2022\/11\/07\/reunion-jeudi-du-conseil-de-gouvernement-7\/"},"author":{"name":"Dpress.ma","@id":"https:\/\/dpress.ma\/fr\/#\/schema\/person\/4898febf3ccd59e6578d838656a306a0"},"headline":"R\u00e9union jeudi du Conseil de gouvernement","datePublished":"2022-11-07T15:28:43+00:00","dateModified":"2022-11-07T15:28:44+00:00","mainEntityOfPage":{"@id":"https:\/\/dpress.ma\/fr\/2022\/11\/07\/reunion-jeudi-du-conseil-de-gouvernement-7\/"},"wordCount":248,"commentCount":0,"image":{"@id":"https:\/\/dpress.ma\/fr\/2022\/11\/07\/reunion-jeudi-du-conseil-de-gouvernement-7\/#primaryimage"},"thumbnailUrl":"https:\/\/dpress.ma\/fr\/wp-content\/uploads\/sites\/2\/2022\/11\/dimensions2-Recovered-5.jpg","articleSection":["Politiques"],"inLanguage":"fr-FR","potentialAction":[{"@type":"CommentAction","name":"Comment","target":["https:\/\/dpress.ma\/fr\/2022\/11\/07\/reunion-jeudi-du-conseil-de-gouvernement-7\/#respond"]}]},{"@type":"WebPage","@id":"https:\/\/dpress.ma\/fr\/2022\/11\/07\/reunion-jeudi-du-conseil-de-gouvernement-7\/","url":"https:\/\/dpress.ma\/fr\/2022\/11\/07\/reunion-jeudi-du-conseil-de-gouvernement-7\/","name":"R\u00e9union jeudi du Conseil de gouvernement - Dpress.ma\/fr","isPartOf":{"@id":"https:\/\/dpress.ma\/fr\/#website"},"primaryImageOfPage":{"@id":"https:\/\/dpress.ma\/fr\/2022\/11\/07\/reunion-jeudi-du-conseil-de-gouvernement-7\/#primaryimage"},"image":{"@id":"https:\/\/dpress.ma\/fr\/2022\/11\/07\/reunion-jeudi-du-conseil-de-gouvernement-7\/#primaryimage"},"thumbnailUrl":"https:\/\/dpress.ma\/fr\/wp-content\/uploads\/sites\/2\/2022\/11\/dimensions2-Recovered-5.jpg","datePublished":"2022-11-07T15:28:43+00:00","dateModified":"2022-11-07T15:28:44+00:00","author":{"@id":"https:\/\/dpress.ma\/fr\/#\/schema\/person\/4898febf3ccd59e6578d838656a306a0"},"description":"Un Conseil de gouvernement se tiendra jeudi sous la pr\u00e9sidence du Chef du gouvernement, Aziz Akhannouch.","breadcrumb":{"@id":"https:\/\/dpress.ma\/fr\/2022\/11\/07\/reunion-jeudi-du-conseil-de-gouvernement-7\/#breadcrumb"},"inLanguage":"fr-FR","potentialAction":[{"@type":"ReadAction","target":["https:\/\/dpress.ma\/fr\/2022\/11\/07\/reunion-jeudi-du-conseil-de-gouvernement-7\/"]}]},{"@type":"ImageObject","inLanguage":"fr-FR","@id":"https:\/\/dpress.ma\/fr\/2022\/11\/07\/reunion-jeudi-du-conseil-de-gouvernement-7\/#primaryimage","url":"https:\/\/dpress.ma\/fr\/wp-content\/uploads\/sites\/2\/2022\/11\/dimensions2-Recovered-5.jpg","contentUrl":"https:\/\/dpress.ma\/fr\/wp-content\/uploads\/sites\/2\/2022\/11\/dimensions2-Recovered-5.jpg","width":2539,"height":1594},{"@type":"BreadcrumbList","@id":"https:\/\/dpress.ma\/fr\/2022\/11\/07\/reunion-jeudi-du-conseil-de-gouvernement-7\/#breadcrumb","itemListElement":[{"@type":"ListItem","position":1,"name":"Home","item":"https:\/\/dpress.ma\/fr\/"},{"@type":"ListItem","position":2,"name":"R\u00e9union jeudi du Conseil de gouvernement"}]},{"@type":"WebSite","@id":"https:\/\/dpress.ma\/fr\/#website","url":"https:\/\/dpress.ma\/fr\/","name":"Dpress.ma\/fr","description":"","potentialAction":[{"@type":"SearchAction","target":{"@type":"EntryPoint","urlTemplate":"https:\/\/dpress.ma\/fr\/?s={search_term_string}"},"query-input":{"@type":"PropertyValueSpecification","valueRequired":true,"valueName":"search_term_string"}}],"inLanguage":"fr-FR"},{"@type":"Person","@id":"https:\/\/dpress.ma\/fr\/#\/schema\/person\/4898febf3ccd59e6578d838656a306a0","name":"Dpress.ma","image":{"@type":"ImageObject","inLanguage":"fr-FR","@id":"https:\/\/secure.gravatar.com\/avatar\/72ecc30e9db047a2e0e7176561eb9d564ed77c8108376495b19bd8336405198a?s=96&d=mm&r=g","url":"https:\/\/secure.gravatar.com\/avatar\/72ecc30e9db047a2e0e7176561eb9d564ed77c8108376495b19bd8336405198a?s=96&d=mm&r=g","contentUrl":"https:\/\/secure.gravatar.com\/avatar\/72ecc30e9db047a2e0e7176561eb9d564ed77c8108376495b19bd8336405198a?s=96&d=mm&r=g","caption":"Dpress.ma"},"sameAs":["https:\/\/www.dpress.ma"],"url":"https:\/\/dpress.ma\/fr\/author\/dpress-ma\/"}]}},"amp_enabled":true,"_links":{"self":[{"href":"https:\/\/dpress.ma\/fr\/wp-json\/wp\/v2\/posts\/2435","targetHints":{"allow":["GET"]}}],"collection":[{"href":"https:\/\/dpress.ma\/fr\/wp-json\/wp\/v2\/posts"}],"about":[{"href":"https:\/\/dpress.ma\/fr\/wp-json\/wp\/v2\/types\/post"}],"author":[{"embeddable":true,"href":"https:\/\/dpress.ma\/fr\/wp-json\/wp\/v2\/users\/2"}],"replies":[{"embeddable":true,"href":"https:\/\/dpress.ma\/fr\/wp-json\/wp\/v2\/comments?post=2435"}],"version-history":[{"count":1,"href":"https:\/\/dpress.ma\/fr\/wp-json\/wp\/v2\/posts\/2435\/revisions"}],"predecessor-version":[{"id":2437,"href":"https:\/\/dpress.ma\/fr\/wp-json\/wp\/v2\/posts\/2435\/revisions\/2437"}],"wp:featuredmedia":[{"embeddable":true,"href":"https:\/\/dpress.ma\/fr\/wp-json\/wp\/v2\/media\/2436"}],"wp:attachment":[{"href":"https:\/\/dpress.ma\/fr\/wp-json\/wp\/v2\/media?parent=2435"}],"wp:term":[{"taxonomy":"category","embeddable":true,"href":"https:\/\/dpress.ma\/fr\/wp-json\/wp\/v2\/categories?post=2435"},{"taxonomy":"post_tag","embeddable":true,"href":"https:\/\/dpress.ma\/fr\/wp-json\/wp\/v2\/tags?post=2435"}],"curies":[{"name":"wp","href":"https:\/\/api.w.org\/{rel}","templated":true}]}}