{"id":2413,"date":"2022-11-05T11:18:47","date_gmt":"2022-11-05T11:18:47","guid":{"rendered":"https:\/\/dpress.ma\/fr\/?p=2413"},"modified":"2022-11-05T11:20:34","modified_gmt":"2022-11-05T11:20:34","slug":"chambre-des-representants-bensaid-presente-le-programme-daction-de-son-departement-en-2023","status":"publish","type":"post","link":"https:\/\/dpress.ma\/fr\/2022\/11\/05\/chambre-des-representants-bensaid-presente-le-programme-daction-de-son-departement-en-2023\/","title":{"rendered":"Chambre des repr\u00e9sentants : Bensaid pr\u00e9sente le programme d&rsquo;action de son D\u00e9partement en 2023"},"content":{"rendered":"\n<p>Dpress<\/p>\n\n\n\n<p>Le ministre de la Jeunesse, de la Culture et de la Communication, Mohamed Mehdi Bensaid a pr\u00e9sent\u00e9, vendredi \u00e0 Rabat, le bilan de son d\u00e9partement pour l\u2019ann\u00e9e en cours, ainsi que le programme d\u2019action au titre de l\u2019exercice 2023.<\/p>\n\n\n\n<p>Lors de sa pr\u00e9sentation du budget sectoriel de ce D\u00e9partement au titre de l\u2019exercice 2023 devant la Commission de l\u2019enseignement, de la culture et de la communication \u00e0 la Chambre des Repr\u00e9sentants, Bensaid a affirm\u00e9 que le plan d\u2019action 2023 repose sur l\u2019\u00e9laboration d\u2019une strat\u00e9gie culturelle nationale, l\u2019ach\u00e8vement des projets culturels figurant dans les accords sign\u00e9s devant le Roi Mohammed VI, et la protection et la valorisation du patrimoine culturel national mat\u00e9riel et immat\u00e9riel, ainsi que le d\u00e9veloppement et l\u2019accompagnement des industries culturelles et cr\u00e9atives.<\/p>\n\n\n\n<p>Il s\u2019agit aussi du renforcement des infrastructures culturelles dans les diff\u00e9rents coins du Royaume, de la digitalisation et la modernisation de l\u2019action culturelle, ainsi que la promotion de la protection sociale des artistes, outre le d\u00e9veloppement de programmes de partenariat culturel et l\u2019am\u00e9lioration de l\u2019offre culturelle destin\u00e9e \u00e0 l\u2019\u00e9tranger.<\/p>\n\n\n\n<p>Il a fait savoir, \u00e0 cet \u00e9gard, que le minist\u00e8re s\u2019att\u00e8lera \u00e0 achever les projets royaux qui ont n\u00e9cessit\u00e9 une enveloppe de 190 millions de dirhams (MDH), mettre en \u0153uvre les chantiers et projets culturels nouveaux ou en cours, et continuer \u00e0 soutenir les festivals et manifestations culturelles.<\/p>\n","protected":false},"excerpt":{"rendered":"<p>Dpress Le ministre de la Jeunesse, de la Culture et de la Communication, Mohamed Mehdi Bensaid a pr\u00e9sent\u00e9, vendredi \u00e0 Rabat, le bilan de son d\u00e9partement pour l\u2019ann\u00e9e en cours, ainsi que le programme d\u2019action au titre de l\u2019exercice 2023. Lors de sa pr\u00e9sentation du budget sectoriel de ce D\u00e9partement au titre de l\u2019exercice 2023 &hellip;<\/p>\n","protected":false},"author":2,"featured_media":2417,"comment_status":"open","ping_status":"open","sticky":false,"template":"","format":"standard","meta":{"footnotes":""},"categories":[26],"tags":[],"class_list":["post-2413","post","type-post","status-publish","format-standard","has-post-thumbnail","hentry","category-politiques"],"yoast_head":"<!-- This site is optimized with the Yoast SEO plugin v27.5 - https:\/\/yoast.com\/product\/yoast-seo-wordpress\/ -->\n<title>Chambre des repr\u00e9sentants : Bensaid pr\u00e9sente le programme d&#039;action de son D\u00e9partement en 2023 - Dpress.ma\/fr<\/title>\n<meta name=\"description\" content=\"Le ministre de la Jeunesse, de la Culture et de la Communication, Mohamed Mehdi Bensaid a pr\u00e9sent\u00e9, vendredi \u00e0 Rabat, le bilan de son d\u00e9partement pour l\u2019ann\u00e9e en cours, ainsi que le programme d\u2019action au titre de l\u2019exercice 2023.\" \/>\n<meta name=\"robots\" content=\"index, follow, max-snippet:-1, max-image-preview:large, max-video-preview:-1\" \/>\n<link rel=\"canonical\" href=\"https:\/\/dpress.ma\/fr\/2022\/11\/05\/chambre-des-representants-bensaid-presente-le-programme-daction-de-son-departement-en-2023\/\" \/>\n<meta property=\"og:locale\" content=\"fr_FR\" \/>\n<meta property=\"og:type\" content=\"article\" \/>\n<meta property=\"og:title\" content=\"Chambre des repr\u00e9sentants : Bensaid pr\u00e9sente le programme d&#039;action de son D\u00e9partement en 2023 - Dpress.ma\/fr\" \/>\n<meta property=\"og:description\" content=\"Le ministre de la Jeunesse, de la Culture et de la Communication, Mohamed Mehdi Bensaid a pr\u00e9sent\u00e9, vendredi \u00e0 Rabat, le bilan de son d\u00e9partement pour l\u2019ann\u00e9e en cours, ainsi que le programme d\u2019action au titre de l\u2019exercice 2023.\" \/>\n<meta property=\"og:url\" content=\"https:\/\/dpress.ma\/fr\/2022\/11\/05\/chambre-des-representants-bensaid-presente-le-programme-daction-de-son-departement-en-2023\/\" \/>\n<meta property=\"og:site_name\" content=\"Dpress.ma\/fr\" \/>\n<meta property=\"article:published_time\" content=\"2022-11-05T11:18:47+00:00\" \/>\n<meta property=\"article:modified_time\" content=\"2022-11-05T11:20:34+00:00\" \/>\n<meta property=\"og:image\" content=\"https:\/\/dpress.ma\/fr\/wp-content\/uploads\/sites\/2\/2022\/11\/dimensions2-9.jpg\" \/>\n\t<meta property=\"og:image:width\" content=\"2539\" \/>\n\t<meta property=\"og:image:height\" content=\"1594\" \/>\n\t<meta property=\"og:image:type\" content=\"image\/jpeg\" \/>\n<meta name=\"author\" content=\"Dpress.ma\" \/>\n<meta name=\"twitter:card\" content=\"summary_large_image\" \/>\n<meta name=\"twitter:label1\" content=\"\u00c9crit par\" \/>\n\t<meta name=\"twitter:data1\" content=\"Dpress.ma\" \/>\n\t<meta name=\"twitter:label2\" content=\"Dur\u00e9e de lecture estim\u00e9e\" \/>\n\t<meta name=\"twitter:data2\" content=\"2 minutes\" \/>\n<script type=\"application\/ld+json\" class=\"yoast-schema-graph\">{\"@context\":\"https:\\\/\\\/schema.org\",\"@graph\":[{\"@type\":\"Article\",\"@id\":\"https:\\\/\\\/dpress.ma\\\/fr\\\/2022\\\/11\\\/05\\\/chambre-des-representants-bensaid-presente-le-programme-daction-de-son-departement-en-2023\\\/#article\",\"isPartOf\":{\"@id\":\"https:\\\/\\\/dpress.ma\\\/fr\\\/2022\\\/11\\\/05\\\/chambre-des-representants-bensaid-presente-le-programme-daction-de-son-departement-en-2023\\\/\"},\"author\":{\"name\":\"Dpress.ma\",\"@id\":\"https:\\\/\\\/dpress.ma\\\/fr\\\/#\\\/schema\\\/person\\\/4898febf3ccd59e6578d838656a306a0\"},\"headline\":\"Chambre des repr\u00e9sentants : Bensaid pr\u00e9sente le programme d&rsquo;action de son D\u00e9partement en 2023\",\"datePublished\":\"2022-11-05T11:18:47+00:00\",\"dateModified\":\"2022-11-05T11:20:34+00:00\",\"mainEntityOfPage\":{\"@id\":\"https:\\\/\\\/dpress.ma\\\/fr\\\/2022\\\/11\\\/05\\\/chambre-des-representants-bensaid-presente-le-programme-daction-de-son-departement-en-2023\\\/\"},\"wordCount\":263,\"commentCount\":0,\"image\":{\"@id\":\"https:\\\/\\\/dpress.ma\\\/fr\\\/2022\\\/11\\\/05\\\/chambre-des-representants-bensaid-presente-le-programme-daction-de-son-departement-en-2023\\\/#primaryimage\"},\"thumbnailUrl\":\"https:\\\/\\\/dpress.ma\\\/fr\\\/wp-content\\\/uploads\\\/sites\\\/2\\\/2022\\\/11\\\/dimensions2-9.jpg\",\"articleSection\":[\"Politiques\"],\"inLanguage\":\"fr-FR\",\"potentialAction\":[{\"@type\":\"CommentAction\",\"name\":\"Comment\",\"target\":[\"https:\\\/\\\/dpress.ma\\\/fr\\\/2022\\\/11\\\/05\\\/chambre-des-representants-bensaid-presente-le-programme-daction-de-son-departement-en-2023\\\/#respond\"]}]},{\"@type\":\"WebPage\",\"@id\":\"https:\\\/\\\/dpress.ma\\\/fr\\\/2022\\\/11\\\/05\\\/chambre-des-representants-bensaid-presente-le-programme-daction-de-son-departement-en-2023\\\/\",\"url\":\"https:\\\/\\\/dpress.ma\\\/fr\\\/2022\\\/11\\\/05\\\/chambre-des-representants-bensaid-presente-le-programme-daction-de-son-departement-en-2023\\\/\",\"name\":\"Chambre des repr\u00e9sentants : Bensaid pr\u00e9sente le programme d'action de son D\u00e9partement en 2023 - Dpress.ma\\\/fr\",\"isPartOf\":{\"@id\":\"https:\\\/\\\/dpress.ma\\\/fr\\\/#website\"},\"primaryImageOfPage\":{\"@id\":\"https:\\\/\\\/dpress.ma\\\/fr\\\/2022\\\/11\\\/05\\\/chambre-des-representants-bensaid-presente-le-programme-daction-de-son-departement-en-2023\\\/#primaryimage\"},\"image\":{\"@id\":\"https:\\\/\\\/dpress.ma\\\/fr\\\/2022\\\/11\\\/05\\\/chambre-des-representants-bensaid-presente-le-programme-daction-de-son-departement-en-2023\\\/#primaryimage\"},\"thumbnailUrl\":\"https:\\\/\\\/dpress.ma\\\/fr\\\/wp-content\\\/uploads\\\/sites\\\/2\\\/2022\\\/11\\\/dimensions2-9.jpg\",\"datePublished\":\"2022-11-05T11:18:47+00:00\",\"dateModified\":\"2022-11-05T11:20:34+00:00\",\"author\":{\"@id\":\"https:\\\/\\\/dpress.ma\\\/fr\\\/#\\\/schema\\\/person\\\/4898febf3ccd59e6578d838656a306a0\"},\"description\":\"Le ministre de la Jeunesse, de la Culture et de la Communication, Mohamed Mehdi Bensaid a pr\u00e9sent\u00e9, vendredi \u00e0 Rabat, le bilan de son d\u00e9partement pour l\u2019ann\u00e9e en cours, ainsi que le programme d\u2019action au titre de l\u2019exercice 2023.\",\"breadcrumb\":{\"@id\":\"https:\\\/\\\/dpress.ma\\\/fr\\\/2022\\\/11\\\/05\\\/chambre-des-representants-bensaid-presente-le-programme-daction-de-son-departement-en-2023\\\/#breadcrumb\"},\"inLanguage\":\"fr-FR\",\"potentialAction\":[{\"@type\":\"ReadAction\",\"target\":[\"https:\\\/\\\/dpress.ma\\\/fr\\\/2022\\\/11\\\/05\\\/chambre-des-representants-bensaid-presente-le-programme-daction-de-son-departement-en-2023\\\/\"]}]},{\"@type\":\"ImageObject\",\"inLanguage\":\"fr-FR\",\"@id\":\"https:\\\/\\\/dpress.ma\\\/fr\\\/2022\\\/11\\\/05\\\/chambre-des-representants-bensaid-presente-le-programme-daction-de-son-departement-en-2023\\\/#primaryimage\",\"url\":\"https:\\\/\\\/dpress.ma\\\/fr\\\/wp-content\\\/uploads\\\/sites\\\/2\\\/2022\\\/11\\\/dimensions2-9.jpg\",\"contentUrl\":\"https:\\\/\\\/dpress.ma\\\/fr\\\/wp-content\\\/uploads\\\/sites\\\/2\\\/2022\\\/11\\\/dimensions2-9.jpg\",\"width\":2539,\"height\":1594},{\"@type\":\"BreadcrumbList\",\"@id\":\"https:\\\/\\\/dpress.ma\\\/fr\\\/2022\\\/11\\\/05\\\/chambre-des-representants-bensaid-presente-le-programme-daction-de-son-departement-en-2023\\\/#breadcrumb\",\"itemListElement\":[{\"@type\":\"ListItem\",\"position\":1,\"name\":\"Home\",\"item\":\"https:\\\/\\\/dpress.ma\\\/fr\\\/\"},{\"@type\":\"ListItem\",\"position\":2,\"name\":\"Chambre des repr\u00e9sentants : Bensaid pr\u00e9sente le programme d&#8217;action de son D\u00e9partement en 2023\"}]},{\"@type\":\"WebSite\",\"@id\":\"https:\\\/\\\/dpress.ma\\\/fr\\\/#website\",\"url\":\"https:\\\/\\\/dpress.ma\\\/fr\\\/\",\"name\":\"Dpress.ma\\\/fr\",\"description\":\"\",\"potentialAction\":[{\"@type\":\"SearchAction\",\"target\":{\"@type\":\"EntryPoint\",\"urlTemplate\":\"https:\\\/\\\/dpress.ma\\\/fr\\\/?s={search_term_string}\"},\"query-input\":{\"@type\":\"PropertyValueSpecification\",\"valueRequired\":true,\"valueName\":\"search_term_string\"}}],\"inLanguage\":\"fr-FR\"},{\"@type\":\"Person\",\"@id\":\"https:\\\/\\\/dpress.ma\\\/fr\\\/#\\\/schema\\\/person\\\/4898febf3ccd59e6578d838656a306a0\",\"name\":\"Dpress.ma\",\"image\":{\"@type\":\"ImageObject\",\"inLanguage\":\"fr-FR\",\"@id\":\"https:\\\/\\\/secure.gravatar.com\\\/avatar\\\/72ecc30e9db047a2e0e7176561eb9d564ed77c8108376495b19bd8336405198a?s=96&d=mm&r=g\",\"url\":\"https:\\\/\\\/secure.gravatar.com\\\/avatar\\\/72ecc30e9db047a2e0e7176561eb9d564ed77c8108376495b19bd8336405198a?s=96&d=mm&r=g\",\"contentUrl\":\"https:\\\/\\\/secure.gravatar.com\\\/avatar\\\/72ecc30e9db047a2e0e7176561eb9d564ed77c8108376495b19bd8336405198a?s=96&d=mm&r=g\",\"caption\":\"Dpress.ma\"},\"sameAs\":[\"https:\\\/\\\/www.dpress.ma\"],\"url\":\"https:\\\/\\\/dpress.ma\\\/fr\\\/author\\\/dpress-ma\\\/\"}]}<\/script>\n<!-- \/ Yoast SEO plugin. -->","yoast_head_json":{"title":"Chambre des repr\u00e9sentants : Bensaid pr\u00e9sente le programme d'action de son D\u00e9partement en 2023 - Dpress.ma\/fr","description":"Le ministre de la Jeunesse, de la Culture et de la Communication, Mohamed Mehdi Bensaid a pr\u00e9sent\u00e9, vendredi \u00e0 Rabat, le bilan de son d\u00e9partement pour l\u2019ann\u00e9e en cours, ainsi que le programme d\u2019action au titre de l\u2019exercice 2023.","robots":{"index":"index","follow":"follow","max-snippet":"max-snippet:-1","max-image-preview":"max-image-preview:large","max-video-preview":"max-video-preview:-1"},"canonical":"https:\/\/dpress.ma\/fr\/2022\/11\/05\/chambre-des-representants-bensaid-presente-le-programme-daction-de-son-departement-en-2023\/","og_locale":"fr_FR","og_type":"article","og_title":"Chambre des repr\u00e9sentants : Bensaid pr\u00e9sente le programme d'action de son D\u00e9partement en 2023 - Dpress.ma\/fr","og_description":"Le ministre de la Jeunesse, de la Culture et de la Communication, Mohamed Mehdi Bensaid a pr\u00e9sent\u00e9, vendredi \u00e0 Rabat, le bilan de son d\u00e9partement pour l\u2019ann\u00e9e en cours, ainsi que le programme d\u2019action au titre de l\u2019exercice 2023.","og_url":"https:\/\/dpress.ma\/fr\/2022\/11\/05\/chambre-des-representants-bensaid-presente-le-programme-daction-de-son-departement-en-2023\/","og_site_name":"Dpress.ma\/fr","article_published_time":"2022-11-05T11:18:47+00:00","article_modified_time":"2022-11-05T11:20:34+00:00","og_image":[{"width":2539,"height":1594,"url":"https:\/\/dpress.ma\/fr\/wp-content\/uploads\/sites\/2\/2022\/11\/dimensions2-9.jpg","type":"image\/jpeg"}],"author":"Dpress.ma","twitter_card":"summary_large_image","twitter_misc":{"\u00c9crit par":"Dpress.ma","Dur\u00e9e de lecture estim\u00e9e":"2 minutes"},"schema":{"@context":"https:\/\/schema.org","@graph":[{"@type":"Article","@id":"https:\/\/dpress.ma\/fr\/2022\/11\/05\/chambre-des-representants-bensaid-presente-le-programme-daction-de-son-departement-en-2023\/#article","isPartOf":{"@id":"https:\/\/dpress.ma\/fr\/2022\/11\/05\/chambre-des-representants-bensaid-presente-le-programme-daction-de-son-departement-en-2023\/"},"author":{"name":"Dpress.ma","@id":"https:\/\/dpress.ma\/fr\/#\/schema\/person\/4898febf3ccd59e6578d838656a306a0"},"headline":"Chambre des repr\u00e9sentants : Bensaid pr\u00e9sente le programme d&rsquo;action de son D\u00e9partement en 2023","datePublished":"2022-11-05T11:18:47+00:00","dateModified":"2022-11-05T11:20:34+00:00","mainEntityOfPage":{"@id":"https:\/\/dpress.ma\/fr\/2022\/11\/05\/chambre-des-representants-bensaid-presente-le-programme-daction-de-son-departement-en-2023\/"},"wordCount":263,"commentCount":0,"image":{"@id":"https:\/\/dpress.ma\/fr\/2022\/11\/05\/chambre-des-representants-bensaid-presente-le-programme-daction-de-son-departement-en-2023\/#primaryimage"},"thumbnailUrl":"https:\/\/dpress.ma\/fr\/wp-content\/uploads\/sites\/2\/2022\/11\/dimensions2-9.jpg","articleSection":["Politiques"],"inLanguage":"fr-FR","potentialAction":[{"@type":"CommentAction","name":"Comment","target":["https:\/\/dpress.ma\/fr\/2022\/11\/05\/chambre-des-representants-bensaid-presente-le-programme-daction-de-son-departement-en-2023\/#respond"]}]},{"@type":"WebPage","@id":"https:\/\/dpress.ma\/fr\/2022\/11\/05\/chambre-des-representants-bensaid-presente-le-programme-daction-de-son-departement-en-2023\/","url":"https:\/\/dpress.ma\/fr\/2022\/11\/05\/chambre-des-representants-bensaid-presente-le-programme-daction-de-son-departement-en-2023\/","name":"Chambre des repr\u00e9sentants : Bensaid pr\u00e9sente le programme d'action de son D\u00e9partement en 2023 - Dpress.ma\/fr","isPartOf":{"@id":"https:\/\/dpress.ma\/fr\/#website"},"primaryImageOfPage":{"@id":"https:\/\/dpress.ma\/fr\/2022\/11\/05\/chambre-des-representants-bensaid-presente-le-programme-daction-de-son-departement-en-2023\/#primaryimage"},"image":{"@id":"https:\/\/dpress.ma\/fr\/2022\/11\/05\/chambre-des-representants-bensaid-presente-le-programme-daction-de-son-departement-en-2023\/#primaryimage"},"thumbnailUrl":"https:\/\/dpress.ma\/fr\/wp-content\/uploads\/sites\/2\/2022\/11\/dimensions2-9.jpg","datePublished":"2022-11-05T11:18:47+00:00","dateModified":"2022-11-05T11:20:34+00:00","author":{"@id":"https:\/\/dpress.ma\/fr\/#\/schema\/person\/4898febf3ccd59e6578d838656a306a0"},"description":"Le ministre de la Jeunesse, de la Culture et de la Communication, Mohamed Mehdi Bensaid a pr\u00e9sent\u00e9, vendredi \u00e0 Rabat, le bilan de son d\u00e9partement pour l\u2019ann\u00e9e en cours, ainsi que le programme d\u2019action au titre de l\u2019exercice 2023.","breadcrumb":{"@id":"https:\/\/dpress.ma\/fr\/2022\/11\/05\/chambre-des-representants-bensaid-presente-le-programme-daction-de-son-departement-en-2023\/#breadcrumb"},"inLanguage":"fr-FR","potentialAction":[{"@type":"ReadAction","target":["https:\/\/dpress.ma\/fr\/2022\/11\/05\/chambre-des-representants-bensaid-presente-le-programme-daction-de-son-departement-en-2023\/"]}]},{"@type":"ImageObject","inLanguage":"fr-FR","@id":"https:\/\/dpress.ma\/fr\/2022\/11\/05\/chambre-des-representants-bensaid-presente-le-programme-daction-de-son-departement-en-2023\/#primaryimage","url":"https:\/\/dpress.ma\/fr\/wp-content\/uploads\/sites\/2\/2022\/11\/dimensions2-9.jpg","contentUrl":"https:\/\/dpress.ma\/fr\/wp-content\/uploads\/sites\/2\/2022\/11\/dimensions2-9.jpg","width":2539,"height":1594},{"@type":"BreadcrumbList","@id":"https:\/\/dpress.ma\/fr\/2022\/11\/05\/chambre-des-representants-bensaid-presente-le-programme-daction-de-son-departement-en-2023\/#breadcrumb","itemListElement":[{"@type":"ListItem","position":1,"name":"Home","item":"https:\/\/dpress.ma\/fr\/"},{"@type":"ListItem","position":2,"name":"Chambre des repr\u00e9sentants : Bensaid pr\u00e9sente le programme d&#8217;action de son D\u00e9partement en 2023"}]},{"@type":"WebSite","@id":"https:\/\/dpress.ma\/fr\/#website","url":"https:\/\/dpress.ma\/fr\/","name":"Dpress.ma\/fr","description":"","potentialAction":[{"@type":"SearchAction","target":{"@type":"EntryPoint","urlTemplate":"https:\/\/dpress.ma\/fr\/?s={search_term_string}"},"query-input":{"@type":"PropertyValueSpecification","valueRequired":true,"valueName":"search_term_string"}}],"inLanguage":"fr-FR"},{"@type":"Person","@id":"https:\/\/dpress.ma\/fr\/#\/schema\/person\/4898febf3ccd59e6578d838656a306a0","name":"Dpress.ma","image":{"@type":"ImageObject","inLanguage":"fr-FR","@id":"https:\/\/secure.gravatar.com\/avatar\/72ecc30e9db047a2e0e7176561eb9d564ed77c8108376495b19bd8336405198a?s=96&d=mm&r=g","url":"https:\/\/secure.gravatar.com\/avatar\/72ecc30e9db047a2e0e7176561eb9d564ed77c8108376495b19bd8336405198a?s=96&d=mm&r=g","contentUrl":"https:\/\/secure.gravatar.com\/avatar\/72ecc30e9db047a2e0e7176561eb9d564ed77c8108376495b19bd8336405198a?s=96&d=mm&r=g","caption":"Dpress.ma"},"sameAs":["https:\/\/www.dpress.ma"],"url":"https:\/\/dpress.ma\/fr\/author\/dpress-ma\/"}]}},"amp_enabled":true,"_links":{"self":[{"href":"https:\/\/dpress.ma\/fr\/wp-json\/wp\/v2\/posts\/2413","targetHints":{"allow":["GET"]}}],"collection":[{"href":"https:\/\/dpress.ma\/fr\/wp-json\/wp\/v2\/posts"}],"about":[{"href":"https:\/\/dpress.ma\/fr\/wp-json\/wp\/v2\/types\/post"}],"author":[{"embeddable":true,"href":"https:\/\/dpress.ma\/fr\/wp-json\/wp\/v2\/users\/2"}],"replies":[{"embeddable":true,"href":"https:\/\/dpress.ma\/fr\/wp-json\/wp\/v2\/comments?post=2413"}],"version-history":[{"count":2,"href":"https:\/\/dpress.ma\/fr\/wp-json\/wp\/v2\/posts\/2413\/revisions"}],"predecessor-version":[{"id":2420,"href":"https:\/\/dpress.ma\/fr\/wp-json\/wp\/v2\/posts\/2413\/revisions\/2420"}],"wp:featuredmedia":[{"embeddable":true,"href":"https:\/\/dpress.ma\/fr\/wp-json\/wp\/v2\/media\/2417"}],"wp:attachment":[{"href":"https:\/\/dpress.ma\/fr\/wp-json\/wp\/v2\/media?parent=2413"}],"wp:term":[{"taxonomy":"category","embeddable":true,"href":"https:\/\/dpress.ma\/fr\/wp-json\/wp\/v2\/categories?post=2413"},{"taxonomy":"post_tag","embeddable":true,"href":"https:\/\/dpress.ma\/fr\/wp-json\/wp\/v2\/tags?post=2413"}],"curies":[{"name":"wp","href":"https:\/\/api.w.org\/{rel}","templated":true}]}}