{"id":2410,"date":"2022-11-05T11:06:06","date_gmt":"2022-11-05T11:06:06","guid":{"rendered":"https:\/\/dpress.ma\/fr\/?p=2410"},"modified":"2022-11-05T11:06:07","modified_gmt":"2022-11-05T11:06:07","slug":"sar-la-princesse-lalla-meryem-preside-une-veillee-religieuse-en-commemoration-du-24e-anniversaire-de-la-disparition-de-feu-sm-le-roi-hassan-ii","status":"publish","type":"post","link":"https:\/\/dpress.ma\/fr\/2022\/11\/05\/sar-la-princesse-lalla-meryem-preside-une-veillee-religieuse-en-commemoration-du-24e-anniversaire-de-la-disparition-de-feu-sm-le-roi-hassan-ii\/","title":{"rendered":"SAR la Princesse Lalla Meryem pr\u00e9side une veill\u00e9e religieuse en comm\u00e9moration du 24\u00e8 anniversaire de la disparition de Feu SM le Roi Hassan II"},"content":{"rendered":"\n<p>Dpress<\/p>\n\n\n\n<p>Son Altesse Royale la Princesse Lalla Meryem a pr\u00e9sid\u00e9, vendredi \u00e0 la mosqu\u00e9e Assouna \u00e0 Rabat, une veill\u00e9e religieuse en comm\u00e9moration du 24\u00e8 anniversaire de la disparition de Feu SM le Roi Hassan II, que Dieu ait Son \u00e2me en Sa sainte mis\u00e9ricorde.<\/p>\n\n\n\n<p>Cette veill\u00e9e religieuse a \u00e9t\u00e9 marqu\u00e9e par la r\u00e9citation de versets du Saint Coran et la d\u00e9clamation de pan\u00e9gyriques du Proph\u00e8te Sidna Mohammed, que la paix et la b\u00e9n\u00e9diction de Dieu soient sur Lui.<\/p>\n\n\n\n<p>A cette occasion, l\u2019assistance a \u00e9lev\u00e9 des pri\u00e8res pour le repos de l\u2019\u00e2me de Feu SM Hassan II et de Feu SM Mohammed V, implorant le Tr\u00e8s-Haut d\u2019entourer les regrett\u00e9s Souverains de Son infinie mis\u00e9ricorde.<\/p>\n\n\n\n<p>L\u2019assistance a \u00e9galement implor\u00e9 le Tout-Puissant de pr\u00e9server SM le Roi Mohammed VI, Amir Al-Mouminine, de couronner de succ\u00e8s Ses actions et Ses initiatives et de combler le Souverain en les personnes de SAR le Prince H\u00e9ritier Moulay El Hassan, de SAR le Prince Moulay Rachid et de l\u2019ensemble des membres de l\u2019illustre Famille Royale.<\/p>\n\n\n\n<p>Cette veill\u00e9e a connu la participation de plusieurs personnalit\u00e9s f\u00e9minines civiles et militaires.<\/p>\n\n\n\n<p>A son arriv\u00e9e \u00e0 la mosqu\u00e9e Assouna, Son Altesse Royale a pass\u00e9 en revue un d\u00e9tachement des forces auxiliaires qui rendait les honneurs, avant d\u2019\u00eatre salu\u00e9e par la ministre de la Solidarit\u00e9, de l\u2019Insertion sociale et de la Famille, Aouatif Hayar, le Wali de la r\u00e9gion de Rabat-Sal\u00e9-K\u00e9nitra, gouverneur de la pr\u00e9fecture de Rabat, Mohamed Yacoubi, la pr\u00e9sidente du Conseil de la ville de Rabat, Asmae Rhlalou, le pr\u00e9sident du Conseil d\u2019arrondissement de Hassan, Driss Razzi, et le directeur de l\u2019Entraide nationale, Khettar El Mojahidi.<\/p>\n","protected":false},"excerpt":{"rendered":"<p>Dpress Son Altesse Royale la Princesse Lalla Meryem a pr\u00e9sid\u00e9, vendredi \u00e0 la mosqu\u00e9e Assouna \u00e0 Rabat, une veill\u00e9e religieuse en comm\u00e9moration du 24\u00e8 anniversaire de la disparition de Feu SM le Roi Hassan II, que Dieu ait Son \u00e2me en Sa sainte mis\u00e9ricorde. Cette veill\u00e9e religieuse a \u00e9t\u00e9 marqu\u00e9e par la r\u00e9citation de versets &hellip;<\/p>\n","protected":false},"author":2,"featured_media":2411,"comment_status":"open","ping_status":"open","sticky":false,"template":"","format":"standard","meta":{"footnotes":""},"categories":[29],"tags":[],"class_list":["post-2410","post","type-post","status-publish","format-standard","has-post-thumbnail","hentry","category-activites-royales"],"yoast_head":"<!-- This site is optimized with the Yoast SEO plugin v27.5 - https:\/\/yoast.com\/product\/yoast-seo-wordpress\/ -->\n<title>SAR la Princesse Lalla Meryem pr\u00e9side une veill\u00e9e religieuse en comm\u00e9moration du 24\u00e8 anniversaire de la disparition de Feu SM le Roi Hassan II - Dpress.ma\/fr<\/title>\n<meta name=\"description\" content=\"Son Altesse Royale la Princesse Lalla Meryem a pr\u00e9sid\u00e9, vendredi \u00e0 la mosqu\u00e9e Assouna \u00e0 Rabat, une veill\u00e9e religieuse en comm\u00e9moration du 24\u00e8 anniversaire de la disparition de Feu SM le Roi Hassan II, que Dieu ait Son \u00e2me en Sa sainte mis\u00e9ricorde.\" \/>\n<meta name=\"robots\" content=\"index, follow, max-snippet:-1, max-image-preview:large, max-video-preview:-1\" \/>\n<link rel=\"canonical\" href=\"https:\/\/dpress.ma\/fr\/2022\/11\/05\/sar-la-princesse-lalla-meryem-preside-une-veillee-religieuse-en-commemoration-du-24e-anniversaire-de-la-disparition-de-feu-sm-le-roi-hassan-ii\/\" \/>\n<meta property=\"og:locale\" content=\"fr_FR\" \/>\n<meta property=\"og:type\" content=\"article\" \/>\n<meta property=\"og:title\" content=\"SAR la Princesse Lalla Meryem pr\u00e9side une veill\u00e9e religieuse en comm\u00e9moration du 24\u00e8 anniversaire de la disparition de Feu SM le Roi Hassan II - Dpress.ma\/fr\" \/>\n<meta property=\"og:description\" content=\"Son Altesse Royale la Princesse Lalla Meryem a pr\u00e9sid\u00e9, vendredi \u00e0 la mosqu\u00e9e Assouna \u00e0 Rabat, une veill\u00e9e religieuse en comm\u00e9moration du 24\u00e8 anniversaire de la disparition de Feu SM le Roi Hassan II, que Dieu ait Son \u00e2me en Sa sainte mis\u00e9ricorde.\" \/>\n<meta property=\"og:url\" content=\"https:\/\/dpress.ma\/fr\/2022\/11\/05\/sar-la-princesse-lalla-meryem-preside-une-veillee-religieuse-en-commemoration-du-24e-anniversaire-de-la-disparition-de-feu-sm-le-roi-hassan-ii\/\" \/>\n<meta property=\"og:site_name\" content=\"Dpress.ma\/fr\" \/>\n<meta property=\"article:published_time\" content=\"2022-11-05T11:06:06+00:00\" \/>\n<meta property=\"article:modified_time\" content=\"2022-11-05T11:06:07+00:00\" \/>\n<meta property=\"og:image\" content=\"https:\/\/dpress.ma\/fr\/wp-content\/uploads\/sites\/2\/2022\/11\/dimensions2-8.jpg\" \/>\n\t<meta property=\"og:image:width\" content=\"2539\" \/>\n\t<meta property=\"og:image:height\" content=\"1594\" \/>\n\t<meta property=\"og:image:type\" content=\"image\/jpeg\" \/>\n<meta name=\"author\" content=\"Dpress.ma\" \/>\n<meta name=\"twitter:card\" content=\"summary_large_image\" \/>\n<meta name=\"twitter:label1\" content=\"\u00c9crit par\" \/>\n\t<meta name=\"twitter:data1\" content=\"Dpress.ma\" \/>\n\t<meta name=\"twitter:label2\" content=\"Dur\u00e9e de lecture estim\u00e9e\" \/>\n\t<meta name=\"twitter:data2\" content=\"2 minutes\" \/>\n<script type=\"application\/ld+json\" class=\"yoast-schema-graph\">{\"@context\":\"https:\\\/\\\/schema.org\",\"@graph\":[{\"@type\":\"Article\",\"@id\":\"https:\\\/\\\/dpress.ma\\\/fr\\\/2022\\\/11\\\/05\\\/sar-la-princesse-lalla-meryem-preside-une-veillee-religieuse-en-commemoration-du-24e-anniversaire-de-la-disparition-de-feu-sm-le-roi-hassan-ii\\\/#article\",\"isPartOf\":{\"@id\":\"https:\\\/\\\/dpress.ma\\\/fr\\\/2022\\\/11\\\/05\\\/sar-la-princesse-lalla-meryem-preside-une-veillee-religieuse-en-commemoration-du-24e-anniversaire-de-la-disparition-de-feu-sm-le-roi-hassan-ii\\\/\"},\"author\":{\"name\":\"Dpress.ma\",\"@id\":\"https:\\\/\\\/dpress.ma\\\/fr\\\/#\\\/schema\\\/person\\\/4898febf3ccd59e6578d838656a306a0\"},\"headline\":\"SAR la Princesse Lalla Meryem pr\u00e9side une veill\u00e9e religieuse en comm\u00e9moration du 24\u00e8 anniversaire de la disparition de Feu SM le Roi Hassan II\",\"datePublished\":\"2022-11-05T11:06:06+00:00\",\"dateModified\":\"2022-11-05T11:06:07+00:00\",\"mainEntityOfPage\":{\"@id\":\"https:\\\/\\\/dpress.ma\\\/fr\\\/2022\\\/11\\\/05\\\/sar-la-princesse-lalla-meryem-preside-une-veillee-religieuse-en-commemoration-du-24e-anniversaire-de-la-disparition-de-feu-sm-le-roi-hassan-ii\\\/\"},\"wordCount\":331,\"commentCount\":0,\"image\":{\"@id\":\"https:\\\/\\\/dpress.ma\\\/fr\\\/2022\\\/11\\\/05\\\/sar-la-princesse-lalla-meryem-preside-une-veillee-religieuse-en-commemoration-du-24e-anniversaire-de-la-disparition-de-feu-sm-le-roi-hassan-ii\\\/#primaryimage\"},\"thumbnailUrl\":\"https:\\\/\\\/dpress.ma\\\/fr\\\/wp-content\\\/uploads\\\/sites\\\/2\\\/2022\\\/11\\\/dimensions2-8.jpg\",\"articleSection\":[\"Activit\u00e9s Royales\"],\"inLanguage\":\"fr-FR\",\"potentialAction\":[{\"@type\":\"CommentAction\",\"name\":\"Comment\",\"target\":[\"https:\\\/\\\/dpress.ma\\\/fr\\\/2022\\\/11\\\/05\\\/sar-la-princesse-lalla-meryem-preside-une-veillee-religieuse-en-commemoration-du-24e-anniversaire-de-la-disparition-de-feu-sm-le-roi-hassan-ii\\\/#respond\"]}]},{\"@type\":\"WebPage\",\"@id\":\"https:\\\/\\\/dpress.ma\\\/fr\\\/2022\\\/11\\\/05\\\/sar-la-princesse-lalla-meryem-preside-une-veillee-religieuse-en-commemoration-du-24e-anniversaire-de-la-disparition-de-feu-sm-le-roi-hassan-ii\\\/\",\"url\":\"https:\\\/\\\/dpress.ma\\\/fr\\\/2022\\\/11\\\/05\\\/sar-la-princesse-lalla-meryem-preside-une-veillee-religieuse-en-commemoration-du-24e-anniversaire-de-la-disparition-de-feu-sm-le-roi-hassan-ii\\\/\",\"name\":\"SAR la Princesse Lalla Meryem pr\u00e9side une veill\u00e9e religieuse en comm\u00e9moration du 24\u00e8 anniversaire de la disparition de Feu SM le Roi Hassan II - Dpress.ma\\\/fr\",\"isPartOf\":{\"@id\":\"https:\\\/\\\/dpress.ma\\\/fr\\\/#website\"},\"primaryImageOfPage\":{\"@id\":\"https:\\\/\\\/dpress.ma\\\/fr\\\/2022\\\/11\\\/05\\\/sar-la-princesse-lalla-meryem-preside-une-veillee-religieuse-en-commemoration-du-24e-anniversaire-de-la-disparition-de-feu-sm-le-roi-hassan-ii\\\/#primaryimage\"},\"image\":{\"@id\":\"https:\\\/\\\/dpress.ma\\\/fr\\\/2022\\\/11\\\/05\\\/sar-la-princesse-lalla-meryem-preside-une-veillee-religieuse-en-commemoration-du-24e-anniversaire-de-la-disparition-de-feu-sm-le-roi-hassan-ii\\\/#primaryimage\"},\"thumbnailUrl\":\"https:\\\/\\\/dpress.ma\\\/fr\\\/wp-content\\\/uploads\\\/sites\\\/2\\\/2022\\\/11\\\/dimensions2-8.jpg\",\"datePublished\":\"2022-11-05T11:06:06+00:00\",\"dateModified\":\"2022-11-05T11:06:07+00:00\",\"author\":{\"@id\":\"https:\\\/\\\/dpress.ma\\\/fr\\\/#\\\/schema\\\/person\\\/4898febf3ccd59e6578d838656a306a0\"},\"description\":\"Son Altesse Royale la Princesse Lalla Meryem a pr\u00e9sid\u00e9, vendredi \u00e0 la mosqu\u00e9e Assouna \u00e0 Rabat, une veill\u00e9e religieuse en comm\u00e9moration du 24\u00e8 anniversaire de la disparition de Feu SM le Roi Hassan II, que Dieu ait Son \u00e2me en Sa sainte mis\u00e9ricorde.\",\"breadcrumb\":{\"@id\":\"https:\\\/\\\/dpress.ma\\\/fr\\\/2022\\\/11\\\/05\\\/sar-la-princesse-lalla-meryem-preside-une-veillee-religieuse-en-commemoration-du-24e-anniversaire-de-la-disparition-de-feu-sm-le-roi-hassan-ii\\\/#breadcrumb\"},\"inLanguage\":\"fr-FR\",\"potentialAction\":[{\"@type\":\"ReadAction\",\"target\":[\"https:\\\/\\\/dpress.ma\\\/fr\\\/2022\\\/11\\\/05\\\/sar-la-princesse-lalla-meryem-preside-une-veillee-religieuse-en-commemoration-du-24e-anniversaire-de-la-disparition-de-feu-sm-le-roi-hassan-ii\\\/\"]}]},{\"@type\":\"ImageObject\",\"inLanguage\":\"fr-FR\",\"@id\":\"https:\\\/\\\/dpress.ma\\\/fr\\\/2022\\\/11\\\/05\\\/sar-la-princesse-lalla-meryem-preside-une-veillee-religieuse-en-commemoration-du-24e-anniversaire-de-la-disparition-de-feu-sm-le-roi-hassan-ii\\\/#primaryimage\",\"url\":\"https:\\\/\\\/dpress.ma\\\/fr\\\/wp-content\\\/uploads\\\/sites\\\/2\\\/2022\\\/11\\\/dimensions2-8.jpg\",\"contentUrl\":\"https:\\\/\\\/dpress.ma\\\/fr\\\/wp-content\\\/uploads\\\/sites\\\/2\\\/2022\\\/11\\\/dimensions2-8.jpg\",\"width\":2539,\"height\":1594},{\"@type\":\"BreadcrumbList\",\"@id\":\"https:\\\/\\\/dpress.ma\\\/fr\\\/2022\\\/11\\\/05\\\/sar-la-princesse-lalla-meryem-preside-une-veillee-religieuse-en-commemoration-du-24e-anniversaire-de-la-disparition-de-feu-sm-le-roi-hassan-ii\\\/#breadcrumb\",\"itemListElement\":[{\"@type\":\"ListItem\",\"position\":1,\"name\":\"Home\",\"item\":\"https:\\\/\\\/dpress.ma\\\/fr\\\/\"},{\"@type\":\"ListItem\",\"position\":2,\"name\":\"SAR la Princesse Lalla Meryem pr\u00e9side une veill\u00e9e religieuse en comm\u00e9moration du 24\u00e8 anniversaire de la disparition de Feu SM le Roi Hassan II\"}]},{\"@type\":\"WebSite\",\"@id\":\"https:\\\/\\\/dpress.ma\\\/fr\\\/#website\",\"url\":\"https:\\\/\\\/dpress.ma\\\/fr\\\/\",\"name\":\"Dpress.ma\\\/fr\",\"description\":\"\",\"potentialAction\":[{\"@type\":\"SearchAction\",\"target\":{\"@type\":\"EntryPoint\",\"urlTemplate\":\"https:\\\/\\\/dpress.ma\\\/fr\\\/?s={search_term_string}\"},\"query-input\":{\"@type\":\"PropertyValueSpecification\",\"valueRequired\":true,\"valueName\":\"search_term_string\"}}],\"inLanguage\":\"fr-FR\"},{\"@type\":\"Person\",\"@id\":\"https:\\\/\\\/dpress.ma\\\/fr\\\/#\\\/schema\\\/person\\\/4898febf3ccd59e6578d838656a306a0\",\"name\":\"Dpress.ma\",\"image\":{\"@type\":\"ImageObject\",\"inLanguage\":\"fr-FR\",\"@id\":\"https:\\\/\\\/secure.gravatar.com\\\/avatar\\\/72ecc30e9db047a2e0e7176561eb9d564ed77c8108376495b19bd8336405198a?s=96&d=mm&r=g\",\"url\":\"https:\\\/\\\/secure.gravatar.com\\\/avatar\\\/72ecc30e9db047a2e0e7176561eb9d564ed77c8108376495b19bd8336405198a?s=96&d=mm&r=g\",\"contentUrl\":\"https:\\\/\\\/secure.gravatar.com\\\/avatar\\\/72ecc30e9db047a2e0e7176561eb9d564ed77c8108376495b19bd8336405198a?s=96&d=mm&r=g\",\"caption\":\"Dpress.ma\"},\"sameAs\":[\"https:\\\/\\\/www.dpress.ma\"],\"url\":\"https:\\\/\\\/dpress.ma\\\/fr\\\/author\\\/dpress-ma\\\/\"}]}<\/script>\n<!-- \/ Yoast SEO plugin. -->","yoast_head_json":{"title":"SAR la Princesse Lalla Meryem pr\u00e9side une veill\u00e9e religieuse en comm\u00e9moration du 24\u00e8 anniversaire de la disparition de Feu SM le Roi Hassan II - Dpress.ma\/fr","description":"Son Altesse Royale la Princesse Lalla Meryem a pr\u00e9sid\u00e9, vendredi \u00e0 la mosqu\u00e9e Assouna \u00e0 Rabat, une veill\u00e9e religieuse en comm\u00e9moration du 24\u00e8 anniversaire de la disparition de Feu SM le Roi Hassan II, que Dieu ait Son \u00e2me en Sa sainte mis\u00e9ricorde.","robots":{"index":"index","follow":"follow","max-snippet":"max-snippet:-1","max-image-preview":"max-image-preview:large","max-video-preview":"max-video-preview:-1"},"canonical":"https:\/\/dpress.ma\/fr\/2022\/11\/05\/sar-la-princesse-lalla-meryem-preside-une-veillee-religieuse-en-commemoration-du-24e-anniversaire-de-la-disparition-de-feu-sm-le-roi-hassan-ii\/","og_locale":"fr_FR","og_type":"article","og_title":"SAR la Princesse Lalla Meryem pr\u00e9side une veill\u00e9e religieuse en comm\u00e9moration du 24\u00e8 anniversaire de la disparition de Feu SM le Roi Hassan II - Dpress.ma\/fr","og_description":"Son Altesse Royale la Princesse Lalla Meryem a pr\u00e9sid\u00e9, vendredi \u00e0 la mosqu\u00e9e Assouna \u00e0 Rabat, une veill\u00e9e religieuse en comm\u00e9moration du 24\u00e8 anniversaire de la disparition de Feu SM le Roi Hassan II, que Dieu ait Son \u00e2me en Sa sainte mis\u00e9ricorde.","og_url":"https:\/\/dpress.ma\/fr\/2022\/11\/05\/sar-la-princesse-lalla-meryem-preside-une-veillee-religieuse-en-commemoration-du-24e-anniversaire-de-la-disparition-de-feu-sm-le-roi-hassan-ii\/","og_site_name":"Dpress.ma\/fr","article_published_time":"2022-11-05T11:06:06+00:00","article_modified_time":"2022-11-05T11:06:07+00:00","og_image":[{"width":2539,"height":1594,"url":"https:\/\/dpress.ma\/fr\/wp-content\/uploads\/sites\/2\/2022\/11\/dimensions2-8.jpg","type":"image\/jpeg"}],"author":"Dpress.ma","twitter_card":"summary_large_image","twitter_misc":{"\u00c9crit par":"Dpress.ma","Dur\u00e9e de lecture estim\u00e9e":"2 minutes"},"schema":{"@context":"https:\/\/schema.org","@graph":[{"@type":"Article","@id":"https:\/\/dpress.ma\/fr\/2022\/11\/05\/sar-la-princesse-lalla-meryem-preside-une-veillee-religieuse-en-commemoration-du-24e-anniversaire-de-la-disparition-de-feu-sm-le-roi-hassan-ii\/#article","isPartOf":{"@id":"https:\/\/dpress.ma\/fr\/2022\/11\/05\/sar-la-princesse-lalla-meryem-preside-une-veillee-religieuse-en-commemoration-du-24e-anniversaire-de-la-disparition-de-feu-sm-le-roi-hassan-ii\/"},"author":{"name":"Dpress.ma","@id":"https:\/\/dpress.ma\/fr\/#\/schema\/person\/4898febf3ccd59e6578d838656a306a0"},"headline":"SAR la Princesse Lalla Meryem pr\u00e9side une veill\u00e9e religieuse en comm\u00e9moration du 24\u00e8 anniversaire de la disparition de Feu SM le Roi Hassan II","datePublished":"2022-11-05T11:06:06+00:00","dateModified":"2022-11-05T11:06:07+00:00","mainEntityOfPage":{"@id":"https:\/\/dpress.ma\/fr\/2022\/11\/05\/sar-la-princesse-lalla-meryem-preside-une-veillee-religieuse-en-commemoration-du-24e-anniversaire-de-la-disparition-de-feu-sm-le-roi-hassan-ii\/"},"wordCount":331,"commentCount":0,"image":{"@id":"https:\/\/dpress.ma\/fr\/2022\/11\/05\/sar-la-princesse-lalla-meryem-preside-une-veillee-religieuse-en-commemoration-du-24e-anniversaire-de-la-disparition-de-feu-sm-le-roi-hassan-ii\/#primaryimage"},"thumbnailUrl":"https:\/\/dpress.ma\/fr\/wp-content\/uploads\/sites\/2\/2022\/11\/dimensions2-8.jpg","articleSection":["Activit\u00e9s Royales"],"inLanguage":"fr-FR","potentialAction":[{"@type":"CommentAction","name":"Comment","target":["https:\/\/dpress.ma\/fr\/2022\/11\/05\/sar-la-princesse-lalla-meryem-preside-une-veillee-religieuse-en-commemoration-du-24e-anniversaire-de-la-disparition-de-feu-sm-le-roi-hassan-ii\/#respond"]}]},{"@type":"WebPage","@id":"https:\/\/dpress.ma\/fr\/2022\/11\/05\/sar-la-princesse-lalla-meryem-preside-une-veillee-religieuse-en-commemoration-du-24e-anniversaire-de-la-disparition-de-feu-sm-le-roi-hassan-ii\/","url":"https:\/\/dpress.ma\/fr\/2022\/11\/05\/sar-la-princesse-lalla-meryem-preside-une-veillee-religieuse-en-commemoration-du-24e-anniversaire-de-la-disparition-de-feu-sm-le-roi-hassan-ii\/","name":"SAR la Princesse Lalla Meryem pr\u00e9side une veill\u00e9e religieuse en comm\u00e9moration du 24\u00e8 anniversaire de la disparition de Feu SM le Roi Hassan II - Dpress.ma\/fr","isPartOf":{"@id":"https:\/\/dpress.ma\/fr\/#website"},"primaryImageOfPage":{"@id":"https:\/\/dpress.ma\/fr\/2022\/11\/05\/sar-la-princesse-lalla-meryem-preside-une-veillee-religieuse-en-commemoration-du-24e-anniversaire-de-la-disparition-de-feu-sm-le-roi-hassan-ii\/#primaryimage"},"image":{"@id":"https:\/\/dpress.ma\/fr\/2022\/11\/05\/sar-la-princesse-lalla-meryem-preside-une-veillee-religieuse-en-commemoration-du-24e-anniversaire-de-la-disparition-de-feu-sm-le-roi-hassan-ii\/#primaryimage"},"thumbnailUrl":"https:\/\/dpress.ma\/fr\/wp-content\/uploads\/sites\/2\/2022\/11\/dimensions2-8.jpg","datePublished":"2022-11-05T11:06:06+00:00","dateModified":"2022-11-05T11:06:07+00:00","author":{"@id":"https:\/\/dpress.ma\/fr\/#\/schema\/person\/4898febf3ccd59e6578d838656a306a0"},"description":"Son Altesse Royale la Princesse Lalla Meryem a pr\u00e9sid\u00e9, vendredi \u00e0 la mosqu\u00e9e Assouna \u00e0 Rabat, une veill\u00e9e religieuse en comm\u00e9moration du 24\u00e8 anniversaire de la disparition de Feu SM le Roi Hassan II, que Dieu ait Son \u00e2me en Sa sainte mis\u00e9ricorde.","breadcrumb":{"@id":"https:\/\/dpress.ma\/fr\/2022\/11\/05\/sar-la-princesse-lalla-meryem-preside-une-veillee-religieuse-en-commemoration-du-24e-anniversaire-de-la-disparition-de-feu-sm-le-roi-hassan-ii\/#breadcrumb"},"inLanguage":"fr-FR","potentialAction":[{"@type":"ReadAction","target":["https:\/\/dpress.ma\/fr\/2022\/11\/05\/sar-la-princesse-lalla-meryem-preside-une-veillee-religieuse-en-commemoration-du-24e-anniversaire-de-la-disparition-de-feu-sm-le-roi-hassan-ii\/"]}]},{"@type":"ImageObject","inLanguage":"fr-FR","@id":"https:\/\/dpress.ma\/fr\/2022\/11\/05\/sar-la-princesse-lalla-meryem-preside-une-veillee-religieuse-en-commemoration-du-24e-anniversaire-de-la-disparition-de-feu-sm-le-roi-hassan-ii\/#primaryimage","url":"https:\/\/dpress.ma\/fr\/wp-content\/uploads\/sites\/2\/2022\/11\/dimensions2-8.jpg","contentUrl":"https:\/\/dpress.ma\/fr\/wp-content\/uploads\/sites\/2\/2022\/11\/dimensions2-8.jpg","width":2539,"height":1594},{"@type":"BreadcrumbList","@id":"https:\/\/dpress.ma\/fr\/2022\/11\/05\/sar-la-princesse-lalla-meryem-preside-une-veillee-religieuse-en-commemoration-du-24e-anniversaire-de-la-disparition-de-feu-sm-le-roi-hassan-ii\/#breadcrumb","itemListElement":[{"@type":"ListItem","position":1,"name":"Home","item":"https:\/\/dpress.ma\/fr\/"},{"@type":"ListItem","position":2,"name":"SAR la Princesse Lalla Meryem pr\u00e9side une veill\u00e9e religieuse en comm\u00e9moration du 24\u00e8 anniversaire de la disparition de Feu SM le Roi Hassan II"}]},{"@type":"WebSite","@id":"https:\/\/dpress.ma\/fr\/#website","url":"https:\/\/dpress.ma\/fr\/","name":"Dpress.ma\/fr","description":"","potentialAction":[{"@type":"SearchAction","target":{"@type":"EntryPoint","urlTemplate":"https:\/\/dpress.ma\/fr\/?s={search_term_string}"},"query-input":{"@type":"PropertyValueSpecification","valueRequired":true,"valueName":"search_term_string"}}],"inLanguage":"fr-FR"},{"@type":"Person","@id":"https:\/\/dpress.ma\/fr\/#\/schema\/person\/4898febf3ccd59e6578d838656a306a0","name":"Dpress.ma","image":{"@type":"ImageObject","inLanguage":"fr-FR","@id":"https:\/\/secure.gravatar.com\/avatar\/72ecc30e9db047a2e0e7176561eb9d564ed77c8108376495b19bd8336405198a?s=96&d=mm&r=g","url":"https:\/\/secure.gravatar.com\/avatar\/72ecc30e9db047a2e0e7176561eb9d564ed77c8108376495b19bd8336405198a?s=96&d=mm&r=g","contentUrl":"https:\/\/secure.gravatar.com\/avatar\/72ecc30e9db047a2e0e7176561eb9d564ed77c8108376495b19bd8336405198a?s=96&d=mm&r=g","caption":"Dpress.ma"},"sameAs":["https:\/\/www.dpress.ma"],"url":"https:\/\/dpress.ma\/fr\/author\/dpress-ma\/"}]}},"amp_enabled":true,"_links":{"self":[{"href":"https:\/\/dpress.ma\/fr\/wp-json\/wp\/v2\/posts\/2410","targetHints":{"allow":["GET"]}}],"collection":[{"href":"https:\/\/dpress.ma\/fr\/wp-json\/wp\/v2\/posts"}],"about":[{"href":"https:\/\/dpress.ma\/fr\/wp-json\/wp\/v2\/types\/post"}],"author":[{"embeddable":true,"href":"https:\/\/dpress.ma\/fr\/wp-json\/wp\/v2\/users\/2"}],"replies":[{"embeddable":true,"href":"https:\/\/dpress.ma\/fr\/wp-json\/wp\/v2\/comments?post=2410"}],"version-history":[{"count":1,"href":"https:\/\/dpress.ma\/fr\/wp-json\/wp\/v2\/posts\/2410\/revisions"}],"predecessor-version":[{"id":2412,"href":"https:\/\/dpress.ma\/fr\/wp-json\/wp\/v2\/posts\/2410\/revisions\/2412"}],"wp:featuredmedia":[{"embeddable":true,"href":"https:\/\/dpress.ma\/fr\/wp-json\/wp\/v2\/media\/2411"}],"wp:attachment":[{"href":"https:\/\/dpress.ma\/fr\/wp-json\/wp\/v2\/media?parent=2410"}],"wp:term":[{"taxonomy":"category","embeddable":true,"href":"https:\/\/dpress.ma\/fr\/wp-json\/wp\/v2\/categories?post=2410"},{"taxonomy":"post_tag","embeddable":true,"href":"https:\/\/dpress.ma\/fr\/wp-json\/wp\/v2\/tags?post=2410"}],"curies":[{"name":"wp","href":"https:\/\/api.w.org\/{rel}","templated":true}]}}