{"id":24091,"date":"2026-02-17T10:18:56","date_gmt":"2026-02-17T10:18:56","guid":{"rendered":"https:\/\/dpress.ma\/fr\/?p=24091"},"modified":"2026-02-17T10:18:57","modified_gmt":"2026-02-17T10:18:57","slug":"la-tenue-a-laayoune-de-la-6e-haute-commission-mixte-maroc-bahrein-revet-une-forte-portee-symbolique","status":"publish","type":"post","link":"https:\/\/dpress.ma\/fr\/2026\/02\/17\/la-tenue-a-laayoune-de-la-6e-haute-commission-mixte-maroc-bahrein-revet-une-forte-portee-symbolique\/","title":{"rendered":"La tenue \u00e0 La\u00e2youne de la 6e Haute Commission mixte Maroc-Bahre\u00efn rev\u00eat \u201cune forte port\u00e9e symbolique\u201d"},"content":{"rendered":"\n<p>Dpress<\/p>\n\n\n\n<p>La tenue lundi&nbsp;\u00e0 La\u00e2youne de la 6e session de la Haute Commission mixte Maroc-Bahre\u00efn rev\u00eat \u201cune forte port\u00e9e symbolique\u201d, a affirm\u00e9 le ministre des Affaires \u00e9trang\u00e8res, de la Coop\u00e9ration africaine et des Marocains r\u00e9sidant \u00e0 l\u2019\u00e9tranger, Nasser Bourita.<\/p>\n\n\n\n<p>Il s\u2019agit de la premi\u00e8re commission mixte tenue par le Maroc avec un pays arabe&nbsp;dans ses provinces du Sud, a pr\u00e9cis\u00e9 M. Bourita lors d\u2019une conf\u00e9rence de presse conjointe avec son homologue bahre\u00efni,&nbsp;Dr Abdullatif bin Rashid Al Zayani,&nbsp;soulignant que cet \u00e9v\u00e9nement \u201cconfirme la profondeur des relations fraternelles entre les deux pays et leur dimension solidaire ancr\u00e9e, gr\u00e2ce \u00e0 la Haute sollicitude de Sa Majest\u00e9 le Roi Mohammed VI et de Sa Majest\u00e9 le Roi Hamad bin Isa Al Khalifa\u201d.<\/p>\n\n\n\n<p>La Commission mixte Maroc-Bahre\u00efn, cr\u00e9\u00e9e il y a 25 ans, a gagn\u00e9 en r\u00e9gularit\u00e9 ces derni\u00e8res ann\u00e9es, en se tenant d\u00e9sormais tous les deux ans ou deux ans et demi, a-t-il indiqu\u00e9, relevant que les relations bilat\u00e9rales reposent sur une base tr\u00e8s solide, illustr\u00e9e par les liens unissant les Souverains des deux pays et leurs peuples, ainsi que par une vision claire d\u00e9clin\u00e9e \u00e0 court, moyen et long termes.<\/p>\n\n\n\n<p>Le ministre a, \u00e0 cet \u00e9gard, soulign\u00e9 que la relation entre les deux pays est fond\u00e9e sur une solidarit\u00e9 absolue, rappelant que les positions du Bahre\u00efn concernant la question du Sahara marocain figurent parmi \u201cles plus constantes\u201d et que le Souverain du Bahre\u00efn avait lui m\u00eame inform\u00e9 SM le Roi Mohammed VI de l\u2019intention de son pays d\u2019ouvrir un consulat dans le Sahara marocain.<\/p>\n\n\n\n<p>Dans la m\u00eame logique, a-t-il ajout\u00e9,&nbsp;Sa Majest\u00e9 le Roi a toujours veill\u00e9 \u00e0 apporter un soutien et une solidarit\u00e9 absolus au Bahre\u00efn en rapport avec toutes ses causes d\u00e9cisives.<\/p>\n\n\n\n<p>Par ailleurs, M. Bourita a relev\u00e9 que le Maroc et le Bahre\u00efn partagent les m\u00eames positions, tout particuli\u00e8rement celles concernant la question palestinienne, \u201cloin de toute surench\u00e8re ou exag\u00e9ration\u201d.<\/p>\n\n\n\n<p>Il s\u2019agit, a-t-il poursuivi, de positions de principe significatives et concr\u00e8tes en faveur de la solution \u00e0 deux \u00c9tats et de l\u2019\u00e9tablissement d\u2019un \u00c9tat palestinien avec Al-Qods-Est pour capitale sur les fronti\u00e8res de 1967, ainsi que de positions visant \u00e0 servir la cause palestinienne de mani\u00e8re concr\u00e8te et quotidienne, aussi bien dans le cadre des contraintes que des opportunit\u00e9s offertes.<\/p>\n\n\n\n<p>Le Bahre\u00efn figure parmi les pays avec lesquels le Maroc se concerte de mani\u00e8re permanente au sujet de l\u2019ensemble des dossiers, a dit le ministre, citant en exemple la coordination entre les deux pays pour s\u2019assurer une pr\u00e9sence de quatre ann\u00e9es au sein du Conseil de s\u00e9curit\u00e9 des Nations Unies, deux ans pour le Bahre\u00efn et autant pour le Maroc.&nbsp;Pour le Royaume du Maroc, il ne s\u2019agit pas de \u201cdeux ann\u00e9es plus deux, mais de quatre ann\u00e9es continues\u201d, a-t-il insist\u00e9.<\/p>\n\n\n\n<p>Dans le m\u00eame contexte, il a soulign\u00e9 que les initiatives qui seront lanc\u00e9es par le Bahre\u00efn durant son mandat au Conseil de s\u00e9curit\u00e9 de l\u2019ONU seront consolid\u00e9es et d\u00e9velopp\u00e9es par le Maroc lors de son mandat. Il en sera de m\u00eame pour tout ce que le Maroc projette d\u2019entreprendre durant l\u2019exercice de son mandat au sein du Conseil de s\u00e9curit\u00e9, a relev\u00e9 le ministre.<\/p>\n\n\n\n<p>Sur le plan bilat\u00e9ral, M. Bourita a relev\u00e9 que la priorit\u00e9 actuelle demeure le d\u00e9veloppement des relations commerciales, qui ne sont pas encore \u00e0 la hauteur des relations politiques ni des ambitions des Souverains des deux pays.<\/p>\n\n\n\n<p>Le r\u00f4le des gouvernements des deux Royaumes consiste \u00e0 mettre en place le cadre ad\u00e9quat et \u00e0 encourager le secteur priv\u00e9 \u00e0 s\u2019inscrire dans cette dynamique positive des relations bilat\u00e9rales, a-t-il conclu.<\/p>\n","protected":false},"excerpt":{"rendered":"<p>Dpress La tenue lundi&nbsp;\u00e0 La\u00e2youne de la 6e session de la Haute Commission mixte Maroc-Bahre\u00efn rev\u00eat \u201cune forte port\u00e9e symbolique\u201d, a affirm\u00e9 le ministre des Affaires \u00e9trang\u00e8res, de la Coop\u00e9ration africaine et des Marocains r\u00e9sidant \u00e0 l\u2019\u00e9tranger, Nasser Bourita. Il s\u2019agit de la premi\u00e8re commission mixte tenue par le Maroc avec un pays arabe&nbsp;dans ses &hellip;<\/p>\n","protected":false},"author":2,"featured_media":24039,"comment_status":"open","ping_status":"open","sticky":false,"template":"","format":"standard","meta":{"footnotes":""},"categories":[34],"tags":[],"class_list":["post-24091","post","type-post","status-publish","format-standard","has-post-thumbnail","hentry","category-diplomatie-parlementaire"],"yoast_head":"<!-- This site is optimized with the Yoast SEO plugin v27.5 - https:\/\/yoast.com\/product\/yoast-seo-wordpress\/ -->\n<title>La tenue \u00e0 La\u00e2youne de la 6e Haute Commission mixte Maroc-Bahre\u00efn rev\u00eat \u201cune forte port\u00e9e symbolique\u201d - Dpress.ma\/fr<\/title>\n<meta name=\"robots\" content=\"index, follow, max-snippet:-1, max-image-preview:large, max-video-preview:-1\" \/>\n<link rel=\"canonical\" href=\"https:\/\/dpress.ma\/fr\/2026\/02\/17\/la-tenue-a-laayoune-de-la-6e-haute-commission-mixte-maroc-bahrein-revet-une-forte-portee-symbolique\/\" \/>\n<meta property=\"og:locale\" content=\"fr_FR\" \/>\n<meta property=\"og:type\" content=\"article\" \/>\n<meta property=\"og:title\" content=\"La tenue \u00e0 La\u00e2youne de la 6e Haute Commission mixte Maroc-Bahre\u00efn rev\u00eat \u201cune forte port\u00e9e symbolique\u201d - Dpress.ma\/fr\" \/>\n<meta property=\"og:description\" content=\"Dpress La tenue lundi&nbsp;\u00e0 La\u00e2youne de la 6e session de la Haute Commission mixte Maroc-Bahre\u00efn rev\u00eat \u201cune forte port\u00e9e symbolique\u201d, a affirm\u00e9 le ministre des Affaires \u00e9trang\u00e8res, de la Coop\u00e9ration africaine et des Marocains r\u00e9sidant \u00e0 l\u2019\u00e9tranger, Nasser Bourita. Il s\u2019agit de la premi\u00e8re commission mixte tenue par le Maroc avec un pays arabe&nbsp;dans ses &hellip;\" \/>\n<meta property=\"og:url\" content=\"https:\/\/dpress.ma\/fr\/2026\/02\/17\/la-tenue-a-laayoune-de-la-6e-haute-commission-mixte-maroc-bahrein-revet-une-forte-portee-symbolique\/\" \/>\n<meta property=\"og:site_name\" content=\"Dpress.ma\/fr\" \/>\n<meta property=\"article:published_time\" content=\"2026-02-17T10:18:56+00:00\" \/>\n<meta property=\"article:modified_time\" content=\"2026-02-17T10:18:57+00:00\" \/>\n<meta property=\"og:image\" content=\"https:\/\/dpress.ma\/fr\/wp-content\/uploads\/sites\/2\/2026\/02\/42-4.jpg\" \/>\n\t<meta property=\"og:image:width\" content=\"2539\" \/>\n\t<meta property=\"og:image:height\" content=\"1594\" \/>\n\t<meta property=\"og:image:type\" content=\"image\/jpeg\" \/>\n<meta name=\"author\" content=\"Dpress.ma\" \/>\n<meta name=\"twitter:card\" content=\"summary_large_image\" \/>\n<meta name=\"twitter:label1\" content=\"\u00c9crit par\" \/>\n\t<meta name=\"twitter:data1\" content=\"Dpress.ma\" \/>\n\t<meta name=\"twitter:label2\" content=\"Dur\u00e9e de lecture estim\u00e9e\" \/>\n\t<meta name=\"twitter:data2\" content=\"4 minutes\" \/>\n<script type=\"application\/ld+json\" class=\"yoast-schema-graph\">{\"@context\":\"https:\\\/\\\/schema.org\",\"@graph\":[{\"@type\":\"Article\",\"@id\":\"https:\\\/\\\/dpress.ma\\\/fr\\\/2026\\\/02\\\/17\\\/la-tenue-a-laayoune-de-la-6e-haute-commission-mixte-maroc-bahrein-revet-une-forte-portee-symbolique\\\/#article\",\"isPartOf\":{\"@id\":\"https:\\\/\\\/dpress.ma\\\/fr\\\/2026\\\/02\\\/17\\\/la-tenue-a-laayoune-de-la-6e-haute-commission-mixte-maroc-bahrein-revet-une-forte-portee-symbolique\\\/\"},\"author\":{\"name\":\"Dpress.ma\",\"@id\":\"https:\\\/\\\/dpress.ma\\\/fr\\\/#\\\/schema\\\/person\\\/4898febf3ccd59e6578d838656a306a0\"},\"headline\":\"La tenue \u00e0 La\u00e2youne de la 6e Haute Commission mixte Maroc-Bahre\u00efn rev\u00eat \u201cune forte port\u00e9e symbolique\u201d\",\"datePublished\":\"2026-02-17T10:18:56+00:00\",\"dateModified\":\"2026-02-17T10:18:57+00:00\",\"mainEntityOfPage\":{\"@id\":\"https:\\\/\\\/dpress.ma\\\/fr\\\/2026\\\/02\\\/17\\\/la-tenue-a-laayoune-de-la-6e-haute-commission-mixte-maroc-bahrein-revet-une-forte-portee-symbolique\\\/\"},\"wordCount\":678,\"commentCount\":0,\"image\":{\"@id\":\"https:\\\/\\\/dpress.ma\\\/fr\\\/2026\\\/02\\\/17\\\/la-tenue-a-laayoune-de-la-6e-haute-commission-mixte-maroc-bahrein-revet-une-forte-portee-symbolique\\\/#primaryimage\"},\"thumbnailUrl\":\"https:\\\/\\\/dpress.ma\\\/fr\\\/wp-content\\\/uploads\\\/sites\\\/2\\\/2026\\\/02\\\/42-4.jpg\",\"articleSection\":[\"Diplomatie Parlementaire\"],\"inLanguage\":\"fr-FR\",\"potentialAction\":[{\"@type\":\"CommentAction\",\"name\":\"Comment\",\"target\":[\"https:\\\/\\\/dpress.ma\\\/fr\\\/2026\\\/02\\\/17\\\/la-tenue-a-laayoune-de-la-6e-haute-commission-mixte-maroc-bahrein-revet-une-forte-portee-symbolique\\\/#respond\"]}]},{\"@type\":\"WebPage\",\"@id\":\"https:\\\/\\\/dpress.ma\\\/fr\\\/2026\\\/02\\\/17\\\/la-tenue-a-laayoune-de-la-6e-haute-commission-mixte-maroc-bahrein-revet-une-forte-portee-symbolique\\\/\",\"url\":\"https:\\\/\\\/dpress.ma\\\/fr\\\/2026\\\/02\\\/17\\\/la-tenue-a-laayoune-de-la-6e-haute-commission-mixte-maroc-bahrein-revet-une-forte-portee-symbolique\\\/\",\"name\":\"La tenue \u00e0 La\u00e2youne de la 6e Haute Commission mixte Maroc-Bahre\u00efn rev\u00eat \u201cune forte port\u00e9e symbolique\u201d - Dpress.ma\\\/fr\",\"isPartOf\":{\"@id\":\"https:\\\/\\\/dpress.ma\\\/fr\\\/#website\"},\"primaryImageOfPage\":{\"@id\":\"https:\\\/\\\/dpress.ma\\\/fr\\\/2026\\\/02\\\/17\\\/la-tenue-a-laayoune-de-la-6e-haute-commission-mixte-maroc-bahrein-revet-une-forte-portee-symbolique\\\/#primaryimage\"},\"image\":{\"@id\":\"https:\\\/\\\/dpress.ma\\\/fr\\\/2026\\\/02\\\/17\\\/la-tenue-a-laayoune-de-la-6e-haute-commission-mixte-maroc-bahrein-revet-une-forte-portee-symbolique\\\/#primaryimage\"},\"thumbnailUrl\":\"https:\\\/\\\/dpress.ma\\\/fr\\\/wp-content\\\/uploads\\\/sites\\\/2\\\/2026\\\/02\\\/42-4.jpg\",\"datePublished\":\"2026-02-17T10:18:56+00:00\",\"dateModified\":\"2026-02-17T10:18:57+00:00\",\"author\":{\"@id\":\"https:\\\/\\\/dpress.ma\\\/fr\\\/#\\\/schema\\\/person\\\/4898febf3ccd59e6578d838656a306a0\"},\"breadcrumb\":{\"@id\":\"https:\\\/\\\/dpress.ma\\\/fr\\\/2026\\\/02\\\/17\\\/la-tenue-a-laayoune-de-la-6e-haute-commission-mixte-maroc-bahrein-revet-une-forte-portee-symbolique\\\/#breadcrumb\"},\"inLanguage\":\"fr-FR\",\"potentialAction\":[{\"@type\":\"ReadAction\",\"target\":[\"https:\\\/\\\/dpress.ma\\\/fr\\\/2026\\\/02\\\/17\\\/la-tenue-a-laayoune-de-la-6e-haute-commission-mixte-maroc-bahrein-revet-une-forte-portee-symbolique\\\/\"]}]},{\"@type\":\"ImageObject\",\"inLanguage\":\"fr-FR\",\"@id\":\"https:\\\/\\\/dpress.ma\\\/fr\\\/2026\\\/02\\\/17\\\/la-tenue-a-laayoune-de-la-6e-haute-commission-mixte-maroc-bahrein-revet-une-forte-portee-symbolique\\\/#primaryimage\",\"url\":\"https:\\\/\\\/dpress.ma\\\/fr\\\/wp-content\\\/uploads\\\/sites\\\/2\\\/2026\\\/02\\\/42-4.jpg\",\"contentUrl\":\"https:\\\/\\\/dpress.ma\\\/fr\\\/wp-content\\\/uploads\\\/sites\\\/2\\\/2026\\\/02\\\/42-4.jpg\",\"width\":2539,\"height\":1594},{\"@type\":\"BreadcrumbList\",\"@id\":\"https:\\\/\\\/dpress.ma\\\/fr\\\/2026\\\/02\\\/17\\\/la-tenue-a-laayoune-de-la-6e-haute-commission-mixte-maroc-bahrein-revet-une-forte-portee-symbolique\\\/#breadcrumb\",\"itemListElement\":[{\"@type\":\"ListItem\",\"position\":1,\"name\":\"Home\",\"item\":\"https:\\\/\\\/dpress.ma\\\/fr\\\/\"},{\"@type\":\"ListItem\",\"position\":2,\"name\":\"La tenue \u00e0 La\u00e2youne de la 6e Haute Commission mixte Maroc-Bahre\u00efn rev\u00eat \u201cune forte port\u00e9e symbolique\u201d\"}]},{\"@type\":\"WebSite\",\"@id\":\"https:\\\/\\\/dpress.ma\\\/fr\\\/#website\",\"url\":\"https:\\\/\\\/dpress.ma\\\/fr\\\/\",\"name\":\"Dpress.ma\\\/fr\",\"description\":\"\",\"potentialAction\":[{\"@type\":\"SearchAction\",\"target\":{\"@type\":\"EntryPoint\",\"urlTemplate\":\"https:\\\/\\\/dpress.ma\\\/fr\\\/?s={search_term_string}\"},\"query-input\":{\"@type\":\"PropertyValueSpecification\",\"valueRequired\":true,\"valueName\":\"search_term_string\"}}],\"inLanguage\":\"fr-FR\"},{\"@type\":\"Person\",\"@id\":\"https:\\\/\\\/dpress.ma\\\/fr\\\/#\\\/schema\\\/person\\\/4898febf3ccd59e6578d838656a306a0\",\"name\":\"Dpress.ma\",\"image\":{\"@type\":\"ImageObject\",\"inLanguage\":\"fr-FR\",\"@id\":\"https:\\\/\\\/secure.gravatar.com\\\/avatar\\\/72ecc30e9db047a2e0e7176561eb9d564ed77c8108376495b19bd8336405198a?s=96&d=mm&r=g\",\"url\":\"https:\\\/\\\/secure.gravatar.com\\\/avatar\\\/72ecc30e9db047a2e0e7176561eb9d564ed77c8108376495b19bd8336405198a?s=96&d=mm&r=g\",\"contentUrl\":\"https:\\\/\\\/secure.gravatar.com\\\/avatar\\\/72ecc30e9db047a2e0e7176561eb9d564ed77c8108376495b19bd8336405198a?s=96&d=mm&r=g\",\"caption\":\"Dpress.ma\"},\"sameAs\":[\"https:\\\/\\\/www.dpress.ma\"],\"url\":\"https:\\\/\\\/dpress.ma\\\/fr\\\/author\\\/dpress-ma\\\/\"}]}<\/script>\n<!-- \/ Yoast SEO plugin. -->","yoast_head_json":{"title":"La tenue \u00e0 La\u00e2youne de la 6e Haute Commission mixte Maroc-Bahre\u00efn rev\u00eat \u201cune forte port\u00e9e symbolique\u201d - Dpress.ma\/fr","robots":{"index":"index","follow":"follow","max-snippet":"max-snippet:-1","max-image-preview":"max-image-preview:large","max-video-preview":"max-video-preview:-1"},"canonical":"https:\/\/dpress.ma\/fr\/2026\/02\/17\/la-tenue-a-laayoune-de-la-6e-haute-commission-mixte-maroc-bahrein-revet-une-forte-portee-symbolique\/","og_locale":"fr_FR","og_type":"article","og_title":"La tenue \u00e0 La\u00e2youne de la 6e Haute Commission mixte Maroc-Bahre\u00efn rev\u00eat \u201cune forte port\u00e9e symbolique\u201d - Dpress.ma\/fr","og_description":"Dpress La tenue lundi&nbsp;\u00e0 La\u00e2youne de la 6e session de la Haute Commission mixte Maroc-Bahre\u00efn rev\u00eat \u201cune forte port\u00e9e symbolique\u201d, a affirm\u00e9 le ministre des Affaires \u00e9trang\u00e8res, de la Coop\u00e9ration africaine et des Marocains r\u00e9sidant \u00e0 l\u2019\u00e9tranger, Nasser Bourita. Il s\u2019agit de la premi\u00e8re commission mixte tenue par le Maroc avec un pays arabe&nbsp;dans ses &hellip;","og_url":"https:\/\/dpress.ma\/fr\/2026\/02\/17\/la-tenue-a-laayoune-de-la-6e-haute-commission-mixte-maroc-bahrein-revet-une-forte-portee-symbolique\/","og_site_name":"Dpress.ma\/fr","article_published_time":"2026-02-17T10:18:56+00:00","article_modified_time":"2026-02-17T10:18:57+00:00","og_image":[{"width":2539,"height":1594,"url":"https:\/\/dpress.ma\/fr\/wp-content\/uploads\/sites\/2\/2026\/02\/42-4.jpg","type":"image\/jpeg"}],"author":"Dpress.ma","twitter_card":"summary_large_image","twitter_misc":{"\u00c9crit par":"Dpress.ma","Dur\u00e9e de lecture estim\u00e9e":"4 minutes"},"schema":{"@context":"https:\/\/schema.org","@graph":[{"@type":"Article","@id":"https:\/\/dpress.ma\/fr\/2026\/02\/17\/la-tenue-a-laayoune-de-la-6e-haute-commission-mixte-maroc-bahrein-revet-une-forte-portee-symbolique\/#article","isPartOf":{"@id":"https:\/\/dpress.ma\/fr\/2026\/02\/17\/la-tenue-a-laayoune-de-la-6e-haute-commission-mixte-maroc-bahrein-revet-une-forte-portee-symbolique\/"},"author":{"name":"Dpress.ma","@id":"https:\/\/dpress.ma\/fr\/#\/schema\/person\/4898febf3ccd59e6578d838656a306a0"},"headline":"La tenue \u00e0 La\u00e2youne de la 6e Haute Commission mixte Maroc-Bahre\u00efn rev\u00eat \u201cune forte port\u00e9e symbolique\u201d","datePublished":"2026-02-17T10:18:56+00:00","dateModified":"2026-02-17T10:18:57+00:00","mainEntityOfPage":{"@id":"https:\/\/dpress.ma\/fr\/2026\/02\/17\/la-tenue-a-laayoune-de-la-6e-haute-commission-mixte-maroc-bahrein-revet-une-forte-portee-symbolique\/"},"wordCount":678,"commentCount":0,"image":{"@id":"https:\/\/dpress.ma\/fr\/2026\/02\/17\/la-tenue-a-laayoune-de-la-6e-haute-commission-mixte-maroc-bahrein-revet-une-forte-portee-symbolique\/#primaryimage"},"thumbnailUrl":"https:\/\/dpress.ma\/fr\/wp-content\/uploads\/sites\/2\/2026\/02\/42-4.jpg","articleSection":["Diplomatie Parlementaire"],"inLanguage":"fr-FR","potentialAction":[{"@type":"CommentAction","name":"Comment","target":["https:\/\/dpress.ma\/fr\/2026\/02\/17\/la-tenue-a-laayoune-de-la-6e-haute-commission-mixte-maroc-bahrein-revet-une-forte-portee-symbolique\/#respond"]}]},{"@type":"WebPage","@id":"https:\/\/dpress.ma\/fr\/2026\/02\/17\/la-tenue-a-laayoune-de-la-6e-haute-commission-mixte-maroc-bahrein-revet-une-forte-portee-symbolique\/","url":"https:\/\/dpress.ma\/fr\/2026\/02\/17\/la-tenue-a-laayoune-de-la-6e-haute-commission-mixte-maroc-bahrein-revet-une-forte-portee-symbolique\/","name":"La tenue \u00e0 La\u00e2youne de la 6e Haute Commission mixte Maroc-Bahre\u00efn rev\u00eat \u201cune forte port\u00e9e symbolique\u201d - Dpress.ma\/fr","isPartOf":{"@id":"https:\/\/dpress.ma\/fr\/#website"},"primaryImageOfPage":{"@id":"https:\/\/dpress.ma\/fr\/2026\/02\/17\/la-tenue-a-laayoune-de-la-6e-haute-commission-mixte-maroc-bahrein-revet-une-forte-portee-symbolique\/#primaryimage"},"image":{"@id":"https:\/\/dpress.ma\/fr\/2026\/02\/17\/la-tenue-a-laayoune-de-la-6e-haute-commission-mixte-maroc-bahrein-revet-une-forte-portee-symbolique\/#primaryimage"},"thumbnailUrl":"https:\/\/dpress.ma\/fr\/wp-content\/uploads\/sites\/2\/2026\/02\/42-4.jpg","datePublished":"2026-02-17T10:18:56+00:00","dateModified":"2026-02-17T10:18:57+00:00","author":{"@id":"https:\/\/dpress.ma\/fr\/#\/schema\/person\/4898febf3ccd59e6578d838656a306a0"},"breadcrumb":{"@id":"https:\/\/dpress.ma\/fr\/2026\/02\/17\/la-tenue-a-laayoune-de-la-6e-haute-commission-mixte-maroc-bahrein-revet-une-forte-portee-symbolique\/#breadcrumb"},"inLanguage":"fr-FR","potentialAction":[{"@type":"ReadAction","target":["https:\/\/dpress.ma\/fr\/2026\/02\/17\/la-tenue-a-laayoune-de-la-6e-haute-commission-mixte-maroc-bahrein-revet-une-forte-portee-symbolique\/"]}]},{"@type":"ImageObject","inLanguage":"fr-FR","@id":"https:\/\/dpress.ma\/fr\/2026\/02\/17\/la-tenue-a-laayoune-de-la-6e-haute-commission-mixte-maroc-bahrein-revet-une-forte-portee-symbolique\/#primaryimage","url":"https:\/\/dpress.ma\/fr\/wp-content\/uploads\/sites\/2\/2026\/02\/42-4.jpg","contentUrl":"https:\/\/dpress.ma\/fr\/wp-content\/uploads\/sites\/2\/2026\/02\/42-4.jpg","width":2539,"height":1594},{"@type":"BreadcrumbList","@id":"https:\/\/dpress.ma\/fr\/2026\/02\/17\/la-tenue-a-laayoune-de-la-6e-haute-commission-mixte-maroc-bahrein-revet-une-forte-portee-symbolique\/#breadcrumb","itemListElement":[{"@type":"ListItem","position":1,"name":"Home","item":"https:\/\/dpress.ma\/fr\/"},{"@type":"ListItem","position":2,"name":"La tenue \u00e0 La\u00e2youne de la 6e Haute Commission mixte Maroc-Bahre\u00efn rev\u00eat \u201cune forte port\u00e9e symbolique\u201d"}]},{"@type":"WebSite","@id":"https:\/\/dpress.ma\/fr\/#website","url":"https:\/\/dpress.ma\/fr\/","name":"Dpress.ma\/fr","description":"","potentialAction":[{"@type":"SearchAction","target":{"@type":"EntryPoint","urlTemplate":"https:\/\/dpress.ma\/fr\/?s={search_term_string}"},"query-input":{"@type":"PropertyValueSpecification","valueRequired":true,"valueName":"search_term_string"}}],"inLanguage":"fr-FR"},{"@type":"Person","@id":"https:\/\/dpress.ma\/fr\/#\/schema\/person\/4898febf3ccd59e6578d838656a306a0","name":"Dpress.ma","image":{"@type":"ImageObject","inLanguage":"fr-FR","@id":"https:\/\/secure.gravatar.com\/avatar\/72ecc30e9db047a2e0e7176561eb9d564ed77c8108376495b19bd8336405198a?s=96&d=mm&r=g","url":"https:\/\/secure.gravatar.com\/avatar\/72ecc30e9db047a2e0e7176561eb9d564ed77c8108376495b19bd8336405198a?s=96&d=mm&r=g","contentUrl":"https:\/\/secure.gravatar.com\/avatar\/72ecc30e9db047a2e0e7176561eb9d564ed77c8108376495b19bd8336405198a?s=96&d=mm&r=g","caption":"Dpress.ma"},"sameAs":["https:\/\/www.dpress.ma"],"url":"https:\/\/dpress.ma\/fr\/author\/dpress-ma\/"}]}},"amp_enabled":true,"_links":{"self":[{"href":"https:\/\/dpress.ma\/fr\/wp-json\/wp\/v2\/posts\/24091","targetHints":{"allow":["GET"]}}],"collection":[{"href":"https:\/\/dpress.ma\/fr\/wp-json\/wp\/v2\/posts"}],"about":[{"href":"https:\/\/dpress.ma\/fr\/wp-json\/wp\/v2\/types\/post"}],"author":[{"embeddable":true,"href":"https:\/\/dpress.ma\/fr\/wp-json\/wp\/v2\/users\/2"}],"replies":[{"embeddable":true,"href":"https:\/\/dpress.ma\/fr\/wp-json\/wp\/v2\/comments?post=24091"}],"version-history":[{"count":1,"href":"https:\/\/dpress.ma\/fr\/wp-json\/wp\/v2\/posts\/24091\/revisions"}],"predecessor-version":[{"id":24092,"href":"https:\/\/dpress.ma\/fr\/wp-json\/wp\/v2\/posts\/24091\/revisions\/24092"}],"wp:featuredmedia":[{"embeddable":true,"href":"https:\/\/dpress.ma\/fr\/wp-json\/wp\/v2\/media\/24039"}],"wp:attachment":[{"href":"https:\/\/dpress.ma\/fr\/wp-json\/wp\/v2\/media?parent=24091"}],"wp:term":[{"taxonomy":"category","embeddable":true,"href":"https:\/\/dpress.ma\/fr\/wp-json\/wp\/v2\/categories?post=24091"},{"taxonomy":"post_tag","embeddable":true,"href":"https:\/\/dpress.ma\/fr\/wp-json\/wp\/v2\/tags?post=24091"}],"curies":[{"name":"wp","href":"https:\/\/api.w.org\/{rel}","templated":true}]}}