{"id":2407,"date":"2022-11-05T10:51:15","date_gmt":"2022-11-05T10:51:15","guid":{"rendered":"https:\/\/dpress.ma\/fr\/?p=2407"},"modified":"2022-11-05T10:51:17","modified_gmt":"2022-11-05T10:51:17","slug":"sm-le-roi-amir-al-mouminine-preside-une-veillee-religieuse-en-commemoration-du-24e-anniversaire-de-la-disparition-de-feu-sm-le-roi-hassan-ii","status":"publish","type":"post","link":"https:\/\/dpress.ma\/fr\/2022\/11\/05\/sm-le-roi-amir-al-mouminine-preside-une-veillee-religieuse-en-commemoration-du-24e-anniversaire-de-la-disparition-de-feu-sm-le-roi-hassan-ii\/","title":{"rendered":"SM le Roi, Amir Al-Mouminine, pr\u00e9side une veill\u00e9e religieuse en comm\u00e9moration du 24\u00e8 anniversaire de la disparition de Feu SM le Roi Hassan II"},"content":{"rendered":"\n<p>Dpress<\/p>\n\n\n\n<p>Sa Majest\u00e9 le Roi Mohammed VI, Amir Al-Mouminine, que Dieu L\u2019assiste, accompagn\u00e9 de SAR le Prince Moulay Rachid, de SA le Prince Moulay Ahmed et de SA le Prince Moulay Ismail, vendredi au Mausol\u00e9e Mohammed V \u00e0 Rabat, une veill\u00e9e religieuse en comm\u00e9moration du 24\u00e8me anniversaire de la disparition du Grand regrett\u00e9 du Maroc, Feu SM le Roi Hassan II, que Dieu l\u2019entoure de Son infinie mis\u00e9ricorde.<\/p>\n\n\n\n<p>La veill\u00e9e religieuse a \u00e9t\u00e9 marqu\u00e9e par la r\u00e9citation de versets du Saint Coran et la d\u00e9clamation de pan\u00e9gyriques du Proph\u00e8te Sidna Mohammed, que la paix et la b\u00e9n\u00e9diction de Dieu soient sur Lui.<\/p>\n\n\n\n<p>A cette occasion, le Souverain, accompagn\u00e9 de SAR le Prince Moulay Rachid, de SA le Prince Moulay Ahmed et de SA le Prince Moulay Ismail, S\u2019est recueilli sur la tombe de Feu SM le Roi Hassan II.<\/p>\n\n\n\n<p>A l\u2019issue de cette veill\u00e9e religieuse, des pri\u00e8res ont \u00e9t\u00e9 \u00e9lev\u00e9es pour le repos de l\u2019\u00e2me de Feu SM Hassan II et de Feu SM Mohammed V, implorant le Tr\u00e8s-Haut d\u2019avoir les regrett\u00e9s Souverains en Sa sainte mis\u00e9ricorde.<\/p>\n\n\n\n<p>Des pri\u00e8res ont \u00e9galement \u00e9t\u00e9 dites pour pr\u00e9server et assister Sa Majest\u00e9 le Roi Mohammed VI et couronner de succ\u00e8s Ses diff\u00e9rentes actions et initiatives au service de Son peuple fid\u00e8le. L\u2019assistance a \u00e9galement implor\u00e9 le Tr\u00e8s-Haut de combler le Souverain en les personnes de SAR le Prince H\u00e9ritier Moulay El Hassan, de SAR le Prince Moulay Rachid et de l\u2019ensemble des membres de l\u2019illustre Famille Royale.<\/p>\n\n\n\n<p>Ont assist\u00e9 \u00e0 cette veill\u00e9e, le Chef du gouvernement, les pr\u00e9sidents des deux Chambres du Parlement, les Conseillers de SM le Roi, les membres du gouvernement, les pr\u00e9sidents des instances constitutionnelles, les repr\u00e9sentants du corps diplomatique islamique accr\u00e9dit\u00e9 \u00e0 Rabat et plusieurs autres personnalit\u00e9s civiles et militaires.<\/p>\n","protected":false},"excerpt":{"rendered":"<p>Dpress Sa Majest\u00e9 le Roi Mohammed VI, Amir Al-Mouminine, que Dieu L\u2019assiste, accompagn\u00e9 de SAR le Prince Moulay Rachid, de SA le Prince Moulay Ahmed et de SA le Prince Moulay Ismail, vendredi au Mausol\u00e9e Mohammed V \u00e0 Rabat, une veill\u00e9e religieuse en comm\u00e9moration du 24\u00e8me anniversaire de la disparition du Grand regrett\u00e9 du Maroc, &hellip;<\/p>\n","protected":false},"author":2,"featured_media":2408,"comment_status":"open","ping_status":"open","sticky":false,"template":"","format":"standard","meta":{"footnotes":""},"categories":[29],"tags":[],"class_list":["post-2407","post","type-post","status-publish","format-standard","has-post-thumbnail","hentry","category-activites-royales"],"yoast_head":"<!-- This site is optimized with the Yoast SEO plugin v27.5 - https:\/\/yoast.com\/product\/yoast-seo-wordpress\/ -->\n<title>SM le Roi, Amir Al-Mouminine, pr\u00e9side une veill\u00e9e religieuse en comm\u00e9moration du 24\u00e8 anniversaire de la disparition de Feu SM le Roi Hassan II - Dpress.ma\/fr<\/title>\n<meta name=\"description\" content=\"Sa Majest\u00e9 le Roi Mohammed VI, Amir Al-Mouminine, que Dieu L\u2019assiste, accompagn\u00e9 de SAR le Prince Moulay Rachid, de SA le Prince Moulay Ahmed et de SA le Prince Moulay Ismail, vendredi au Mausol\u00e9e Mohammed V \u00e0 Rabat, une veill\u00e9e religieuse en comm\u00e9moration du 24\u00e8me anniversaire de la disparition du Grand regrett\u00e9 du Maroc, Feu SM le Roi Hassan II, que Dieu l\u2019entoure de Son infinie mis\u00e9ricorde.\" \/>\n<meta name=\"robots\" content=\"index, follow, max-snippet:-1, max-image-preview:large, max-video-preview:-1\" \/>\n<link rel=\"canonical\" href=\"https:\/\/dpress.ma\/fr\/2022\/11\/05\/sm-le-roi-amir-al-mouminine-preside-une-veillee-religieuse-en-commemoration-du-24e-anniversaire-de-la-disparition-de-feu-sm-le-roi-hassan-ii\/\" \/>\n<meta property=\"og:locale\" content=\"fr_FR\" \/>\n<meta property=\"og:type\" content=\"article\" \/>\n<meta property=\"og:title\" content=\"SM le Roi, Amir Al-Mouminine, pr\u00e9side une veill\u00e9e religieuse en comm\u00e9moration du 24\u00e8 anniversaire de la disparition de Feu SM le Roi Hassan II - Dpress.ma\/fr\" \/>\n<meta property=\"og:description\" content=\"Sa Majest\u00e9 le Roi Mohammed VI, Amir Al-Mouminine, que Dieu L\u2019assiste, accompagn\u00e9 de SAR le Prince Moulay Rachid, de SA le Prince Moulay Ahmed et de SA le Prince Moulay Ismail, vendredi au Mausol\u00e9e Mohammed V \u00e0 Rabat, une veill\u00e9e religieuse en comm\u00e9moration du 24\u00e8me anniversaire de la disparition du Grand regrett\u00e9 du Maroc, Feu SM le Roi Hassan II, que Dieu l\u2019entoure de Son infinie mis\u00e9ricorde.\" \/>\n<meta property=\"og:url\" content=\"https:\/\/dpress.ma\/fr\/2022\/11\/05\/sm-le-roi-amir-al-mouminine-preside-une-veillee-religieuse-en-commemoration-du-24e-anniversaire-de-la-disparition-de-feu-sm-le-roi-hassan-ii\/\" \/>\n<meta property=\"og:site_name\" content=\"Dpress.ma\/fr\" \/>\n<meta property=\"article:published_time\" content=\"2022-11-05T10:51:15+00:00\" \/>\n<meta property=\"article:modified_time\" content=\"2022-11-05T10:51:17+00:00\" \/>\n<meta property=\"og:image\" content=\"https:\/\/dpress.ma\/fr\/wp-content\/uploads\/sites\/2\/2022\/11\/dimensions2-7.jpg\" \/>\n\t<meta property=\"og:image:width\" content=\"2539\" \/>\n\t<meta property=\"og:image:height\" content=\"1594\" \/>\n\t<meta property=\"og:image:type\" content=\"image\/jpeg\" \/>\n<meta name=\"author\" content=\"Dpress.ma\" \/>\n<meta name=\"twitter:card\" content=\"summary_large_image\" \/>\n<meta name=\"twitter:label1\" content=\"\u00c9crit par\" \/>\n\t<meta name=\"twitter:data1\" content=\"Dpress.ma\" \/>\n\t<meta name=\"twitter:label2\" content=\"Dur\u00e9e de lecture estim\u00e9e\" \/>\n\t<meta name=\"twitter:data2\" content=\"2 minutes\" \/>\n<script type=\"application\/ld+json\" class=\"yoast-schema-graph\">{\"@context\":\"https:\\\/\\\/schema.org\",\"@graph\":[{\"@type\":\"Article\",\"@id\":\"https:\\\/\\\/dpress.ma\\\/fr\\\/2022\\\/11\\\/05\\\/sm-le-roi-amir-al-mouminine-preside-une-veillee-religieuse-en-commemoration-du-24e-anniversaire-de-la-disparition-de-feu-sm-le-roi-hassan-ii\\\/#article\",\"isPartOf\":{\"@id\":\"https:\\\/\\\/dpress.ma\\\/fr\\\/2022\\\/11\\\/05\\\/sm-le-roi-amir-al-mouminine-preside-une-veillee-religieuse-en-commemoration-du-24e-anniversaire-de-la-disparition-de-feu-sm-le-roi-hassan-ii\\\/\"},\"author\":{\"name\":\"Dpress.ma\",\"@id\":\"https:\\\/\\\/dpress.ma\\\/fr\\\/#\\\/schema\\\/person\\\/4898febf3ccd59e6578d838656a306a0\"},\"headline\":\"SM le Roi, Amir Al-Mouminine, pr\u00e9side une veill\u00e9e religieuse en comm\u00e9moration du 24\u00e8 anniversaire de la disparition de Feu SM le Roi Hassan II\",\"datePublished\":\"2022-11-05T10:51:15+00:00\",\"dateModified\":\"2022-11-05T10:51:17+00:00\",\"mainEntityOfPage\":{\"@id\":\"https:\\\/\\\/dpress.ma\\\/fr\\\/2022\\\/11\\\/05\\\/sm-le-roi-amir-al-mouminine-preside-une-veillee-religieuse-en-commemoration-du-24e-anniversaire-de-la-disparition-de-feu-sm-le-roi-hassan-ii\\\/\"},\"wordCount\":354,\"commentCount\":0,\"image\":{\"@id\":\"https:\\\/\\\/dpress.ma\\\/fr\\\/2022\\\/11\\\/05\\\/sm-le-roi-amir-al-mouminine-preside-une-veillee-religieuse-en-commemoration-du-24e-anniversaire-de-la-disparition-de-feu-sm-le-roi-hassan-ii\\\/#primaryimage\"},\"thumbnailUrl\":\"https:\\\/\\\/dpress.ma\\\/fr\\\/wp-content\\\/uploads\\\/sites\\\/2\\\/2022\\\/11\\\/dimensions2-7.jpg\",\"articleSection\":[\"Activit\u00e9s Royales\"],\"inLanguage\":\"fr-FR\",\"potentialAction\":[{\"@type\":\"CommentAction\",\"name\":\"Comment\",\"target\":[\"https:\\\/\\\/dpress.ma\\\/fr\\\/2022\\\/11\\\/05\\\/sm-le-roi-amir-al-mouminine-preside-une-veillee-religieuse-en-commemoration-du-24e-anniversaire-de-la-disparition-de-feu-sm-le-roi-hassan-ii\\\/#respond\"]}]},{\"@type\":\"WebPage\",\"@id\":\"https:\\\/\\\/dpress.ma\\\/fr\\\/2022\\\/11\\\/05\\\/sm-le-roi-amir-al-mouminine-preside-une-veillee-religieuse-en-commemoration-du-24e-anniversaire-de-la-disparition-de-feu-sm-le-roi-hassan-ii\\\/\",\"url\":\"https:\\\/\\\/dpress.ma\\\/fr\\\/2022\\\/11\\\/05\\\/sm-le-roi-amir-al-mouminine-preside-une-veillee-religieuse-en-commemoration-du-24e-anniversaire-de-la-disparition-de-feu-sm-le-roi-hassan-ii\\\/\",\"name\":\"SM le Roi, Amir Al-Mouminine, pr\u00e9side une veill\u00e9e religieuse en comm\u00e9moration du 24\u00e8 anniversaire de la disparition de Feu SM le Roi Hassan II - Dpress.ma\\\/fr\",\"isPartOf\":{\"@id\":\"https:\\\/\\\/dpress.ma\\\/fr\\\/#website\"},\"primaryImageOfPage\":{\"@id\":\"https:\\\/\\\/dpress.ma\\\/fr\\\/2022\\\/11\\\/05\\\/sm-le-roi-amir-al-mouminine-preside-une-veillee-religieuse-en-commemoration-du-24e-anniversaire-de-la-disparition-de-feu-sm-le-roi-hassan-ii\\\/#primaryimage\"},\"image\":{\"@id\":\"https:\\\/\\\/dpress.ma\\\/fr\\\/2022\\\/11\\\/05\\\/sm-le-roi-amir-al-mouminine-preside-une-veillee-religieuse-en-commemoration-du-24e-anniversaire-de-la-disparition-de-feu-sm-le-roi-hassan-ii\\\/#primaryimage\"},\"thumbnailUrl\":\"https:\\\/\\\/dpress.ma\\\/fr\\\/wp-content\\\/uploads\\\/sites\\\/2\\\/2022\\\/11\\\/dimensions2-7.jpg\",\"datePublished\":\"2022-11-05T10:51:15+00:00\",\"dateModified\":\"2022-11-05T10:51:17+00:00\",\"author\":{\"@id\":\"https:\\\/\\\/dpress.ma\\\/fr\\\/#\\\/schema\\\/person\\\/4898febf3ccd59e6578d838656a306a0\"},\"description\":\"Sa Majest\u00e9 le Roi Mohammed VI, Amir Al-Mouminine, que Dieu L\u2019assiste, accompagn\u00e9 de SAR le Prince Moulay Rachid, de SA le Prince Moulay Ahmed et de SA le Prince Moulay Ismail, vendredi au Mausol\u00e9e Mohammed V \u00e0 Rabat, une veill\u00e9e religieuse en comm\u00e9moration du 24\u00e8me anniversaire de la disparition du Grand regrett\u00e9 du Maroc, Feu SM le Roi Hassan II, que Dieu l\u2019entoure de Son infinie mis\u00e9ricorde.\",\"breadcrumb\":{\"@id\":\"https:\\\/\\\/dpress.ma\\\/fr\\\/2022\\\/11\\\/05\\\/sm-le-roi-amir-al-mouminine-preside-une-veillee-religieuse-en-commemoration-du-24e-anniversaire-de-la-disparition-de-feu-sm-le-roi-hassan-ii\\\/#breadcrumb\"},\"inLanguage\":\"fr-FR\",\"potentialAction\":[{\"@type\":\"ReadAction\",\"target\":[\"https:\\\/\\\/dpress.ma\\\/fr\\\/2022\\\/11\\\/05\\\/sm-le-roi-amir-al-mouminine-preside-une-veillee-religieuse-en-commemoration-du-24e-anniversaire-de-la-disparition-de-feu-sm-le-roi-hassan-ii\\\/\"]}]},{\"@type\":\"ImageObject\",\"inLanguage\":\"fr-FR\",\"@id\":\"https:\\\/\\\/dpress.ma\\\/fr\\\/2022\\\/11\\\/05\\\/sm-le-roi-amir-al-mouminine-preside-une-veillee-religieuse-en-commemoration-du-24e-anniversaire-de-la-disparition-de-feu-sm-le-roi-hassan-ii\\\/#primaryimage\",\"url\":\"https:\\\/\\\/dpress.ma\\\/fr\\\/wp-content\\\/uploads\\\/sites\\\/2\\\/2022\\\/11\\\/dimensions2-7.jpg\",\"contentUrl\":\"https:\\\/\\\/dpress.ma\\\/fr\\\/wp-content\\\/uploads\\\/sites\\\/2\\\/2022\\\/11\\\/dimensions2-7.jpg\",\"width\":2539,\"height\":1594},{\"@type\":\"BreadcrumbList\",\"@id\":\"https:\\\/\\\/dpress.ma\\\/fr\\\/2022\\\/11\\\/05\\\/sm-le-roi-amir-al-mouminine-preside-une-veillee-religieuse-en-commemoration-du-24e-anniversaire-de-la-disparition-de-feu-sm-le-roi-hassan-ii\\\/#breadcrumb\",\"itemListElement\":[{\"@type\":\"ListItem\",\"position\":1,\"name\":\"Home\",\"item\":\"https:\\\/\\\/dpress.ma\\\/fr\\\/\"},{\"@type\":\"ListItem\",\"position\":2,\"name\":\"SM le Roi, Amir Al-Mouminine, pr\u00e9side une veill\u00e9e religieuse en comm\u00e9moration du 24\u00e8 anniversaire de la disparition de Feu SM le Roi Hassan II\"}]},{\"@type\":\"WebSite\",\"@id\":\"https:\\\/\\\/dpress.ma\\\/fr\\\/#website\",\"url\":\"https:\\\/\\\/dpress.ma\\\/fr\\\/\",\"name\":\"Dpress.ma\\\/fr\",\"description\":\"\",\"potentialAction\":[{\"@type\":\"SearchAction\",\"target\":{\"@type\":\"EntryPoint\",\"urlTemplate\":\"https:\\\/\\\/dpress.ma\\\/fr\\\/?s={search_term_string}\"},\"query-input\":{\"@type\":\"PropertyValueSpecification\",\"valueRequired\":true,\"valueName\":\"search_term_string\"}}],\"inLanguage\":\"fr-FR\"},{\"@type\":\"Person\",\"@id\":\"https:\\\/\\\/dpress.ma\\\/fr\\\/#\\\/schema\\\/person\\\/4898febf3ccd59e6578d838656a306a0\",\"name\":\"Dpress.ma\",\"image\":{\"@type\":\"ImageObject\",\"inLanguage\":\"fr-FR\",\"@id\":\"https:\\\/\\\/secure.gravatar.com\\\/avatar\\\/72ecc30e9db047a2e0e7176561eb9d564ed77c8108376495b19bd8336405198a?s=96&d=mm&r=g\",\"url\":\"https:\\\/\\\/secure.gravatar.com\\\/avatar\\\/72ecc30e9db047a2e0e7176561eb9d564ed77c8108376495b19bd8336405198a?s=96&d=mm&r=g\",\"contentUrl\":\"https:\\\/\\\/secure.gravatar.com\\\/avatar\\\/72ecc30e9db047a2e0e7176561eb9d564ed77c8108376495b19bd8336405198a?s=96&d=mm&r=g\",\"caption\":\"Dpress.ma\"},\"sameAs\":[\"https:\\\/\\\/www.dpress.ma\"],\"url\":\"https:\\\/\\\/dpress.ma\\\/fr\\\/author\\\/dpress-ma\\\/\"}]}<\/script>\n<!-- \/ Yoast SEO plugin. -->","yoast_head_json":{"title":"SM le Roi, Amir Al-Mouminine, pr\u00e9side une veill\u00e9e religieuse en comm\u00e9moration du 24\u00e8 anniversaire de la disparition de Feu SM le Roi Hassan II - Dpress.ma\/fr","description":"Sa Majest\u00e9 le Roi Mohammed VI, Amir Al-Mouminine, que Dieu L\u2019assiste, accompagn\u00e9 de SAR le Prince Moulay Rachid, de SA le Prince Moulay Ahmed et de SA le Prince Moulay Ismail, vendredi au Mausol\u00e9e Mohammed V \u00e0 Rabat, une veill\u00e9e religieuse en comm\u00e9moration du 24\u00e8me anniversaire de la disparition du Grand regrett\u00e9 du Maroc, Feu SM le Roi Hassan II, que Dieu l\u2019entoure de Son infinie mis\u00e9ricorde.","robots":{"index":"index","follow":"follow","max-snippet":"max-snippet:-1","max-image-preview":"max-image-preview:large","max-video-preview":"max-video-preview:-1"},"canonical":"https:\/\/dpress.ma\/fr\/2022\/11\/05\/sm-le-roi-amir-al-mouminine-preside-une-veillee-religieuse-en-commemoration-du-24e-anniversaire-de-la-disparition-de-feu-sm-le-roi-hassan-ii\/","og_locale":"fr_FR","og_type":"article","og_title":"SM le Roi, Amir Al-Mouminine, pr\u00e9side une veill\u00e9e religieuse en comm\u00e9moration du 24\u00e8 anniversaire de la disparition de Feu SM le Roi Hassan II - Dpress.ma\/fr","og_description":"Sa Majest\u00e9 le Roi Mohammed VI, Amir Al-Mouminine, que Dieu L\u2019assiste, accompagn\u00e9 de SAR le Prince Moulay Rachid, de SA le Prince Moulay Ahmed et de SA le Prince Moulay Ismail, vendredi au Mausol\u00e9e Mohammed V \u00e0 Rabat, une veill\u00e9e religieuse en comm\u00e9moration du 24\u00e8me anniversaire de la disparition du Grand regrett\u00e9 du Maroc, Feu SM le Roi Hassan II, que Dieu l\u2019entoure de Son infinie mis\u00e9ricorde.","og_url":"https:\/\/dpress.ma\/fr\/2022\/11\/05\/sm-le-roi-amir-al-mouminine-preside-une-veillee-religieuse-en-commemoration-du-24e-anniversaire-de-la-disparition-de-feu-sm-le-roi-hassan-ii\/","og_site_name":"Dpress.ma\/fr","article_published_time":"2022-11-05T10:51:15+00:00","article_modified_time":"2022-11-05T10:51:17+00:00","og_image":[{"width":2539,"height":1594,"url":"https:\/\/dpress.ma\/fr\/wp-content\/uploads\/sites\/2\/2022\/11\/dimensions2-7.jpg","type":"image\/jpeg"}],"author":"Dpress.ma","twitter_card":"summary_large_image","twitter_misc":{"\u00c9crit par":"Dpress.ma","Dur\u00e9e de lecture estim\u00e9e":"2 minutes"},"schema":{"@context":"https:\/\/schema.org","@graph":[{"@type":"Article","@id":"https:\/\/dpress.ma\/fr\/2022\/11\/05\/sm-le-roi-amir-al-mouminine-preside-une-veillee-religieuse-en-commemoration-du-24e-anniversaire-de-la-disparition-de-feu-sm-le-roi-hassan-ii\/#article","isPartOf":{"@id":"https:\/\/dpress.ma\/fr\/2022\/11\/05\/sm-le-roi-amir-al-mouminine-preside-une-veillee-religieuse-en-commemoration-du-24e-anniversaire-de-la-disparition-de-feu-sm-le-roi-hassan-ii\/"},"author":{"name":"Dpress.ma","@id":"https:\/\/dpress.ma\/fr\/#\/schema\/person\/4898febf3ccd59e6578d838656a306a0"},"headline":"SM le Roi, Amir Al-Mouminine, pr\u00e9side une veill\u00e9e religieuse en comm\u00e9moration du 24\u00e8 anniversaire de la disparition de Feu SM le Roi Hassan II","datePublished":"2022-11-05T10:51:15+00:00","dateModified":"2022-11-05T10:51:17+00:00","mainEntityOfPage":{"@id":"https:\/\/dpress.ma\/fr\/2022\/11\/05\/sm-le-roi-amir-al-mouminine-preside-une-veillee-religieuse-en-commemoration-du-24e-anniversaire-de-la-disparition-de-feu-sm-le-roi-hassan-ii\/"},"wordCount":354,"commentCount":0,"image":{"@id":"https:\/\/dpress.ma\/fr\/2022\/11\/05\/sm-le-roi-amir-al-mouminine-preside-une-veillee-religieuse-en-commemoration-du-24e-anniversaire-de-la-disparition-de-feu-sm-le-roi-hassan-ii\/#primaryimage"},"thumbnailUrl":"https:\/\/dpress.ma\/fr\/wp-content\/uploads\/sites\/2\/2022\/11\/dimensions2-7.jpg","articleSection":["Activit\u00e9s Royales"],"inLanguage":"fr-FR","potentialAction":[{"@type":"CommentAction","name":"Comment","target":["https:\/\/dpress.ma\/fr\/2022\/11\/05\/sm-le-roi-amir-al-mouminine-preside-une-veillee-religieuse-en-commemoration-du-24e-anniversaire-de-la-disparition-de-feu-sm-le-roi-hassan-ii\/#respond"]}]},{"@type":"WebPage","@id":"https:\/\/dpress.ma\/fr\/2022\/11\/05\/sm-le-roi-amir-al-mouminine-preside-une-veillee-religieuse-en-commemoration-du-24e-anniversaire-de-la-disparition-de-feu-sm-le-roi-hassan-ii\/","url":"https:\/\/dpress.ma\/fr\/2022\/11\/05\/sm-le-roi-amir-al-mouminine-preside-une-veillee-religieuse-en-commemoration-du-24e-anniversaire-de-la-disparition-de-feu-sm-le-roi-hassan-ii\/","name":"SM le Roi, Amir Al-Mouminine, pr\u00e9side une veill\u00e9e religieuse en comm\u00e9moration du 24\u00e8 anniversaire de la disparition de Feu SM le Roi Hassan II - Dpress.ma\/fr","isPartOf":{"@id":"https:\/\/dpress.ma\/fr\/#website"},"primaryImageOfPage":{"@id":"https:\/\/dpress.ma\/fr\/2022\/11\/05\/sm-le-roi-amir-al-mouminine-preside-une-veillee-religieuse-en-commemoration-du-24e-anniversaire-de-la-disparition-de-feu-sm-le-roi-hassan-ii\/#primaryimage"},"image":{"@id":"https:\/\/dpress.ma\/fr\/2022\/11\/05\/sm-le-roi-amir-al-mouminine-preside-une-veillee-religieuse-en-commemoration-du-24e-anniversaire-de-la-disparition-de-feu-sm-le-roi-hassan-ii\/#primaryimage"},"thumbnailUrl":"https:\/\/dpress.ma\/fr\/wp-content\/uploads\/sites\/2\/2022\/11\/dimensions2-7.jpg","datePublished":"2022-11-05T10:51:15+00:00","dateModified":"2022-11-05T10:51:17+00:00","author":{"@id":"https:\/\/dpress.ma\/fr\/#\/schema\/person\/4898febf3ccd59e6578d838656a306a0"},"description":"Sa Majest\u00e9 le Roi Mohammed VI, Amir Al-Mouminine, que Dieu L\u2019assiste, accompagn\u00e9 de SAR le Prince Moulay Rachid, de SA le Prince Moulay Ahmed et de SA le Prince Moulay Ismail, vendredi au Mausol\u00e9e Mohammed V \u00e0 Rabat, une veill\u00e9e religieuse en comm\u00e9moration du 24\u00e8me anniversaire de la disparition du Grand regrett\u00e9 du Maroc, Feu SM le Roi Hassan II, que Dieu l\u2019entoure de Son infinie mis\u00e9ricorde.","breadcrumb":{"@id":"https:\/\/dpress.ma\/fr\/2022\/11\/05\/sm-le-roi-amir-al-mouminine-preside-une-veillee-religieuse-en-commemoration-du-24e-anniversaire-de-la-disparition-de-feu-sm-le-roi-hassan-ii\/#breadcrumb"},"inLanguage":"fr-FR","potentialAction":[{"@type":"ReadAction","target":["https:\/\/dpress.ma\/fr\/2022\/11\/05\/sm-le-roi-amir-al-mouminine-preside-une-veillee-religieuse-en-commemoration-du-24e-anniversaire-de-la-disparition-de-feu-sm-le-roi-hassan-ii\/"]}]},{"@type":"ImageObject","inLanguage":"fr-FR","@id":"https:\/\/dpress.ma\/fr\/2022\/11\/05\/sm-le-roi-amir-al-mouminine-preside-une-veillee-religieuse-en-commemoration-du-24e-anniversaire-de-la-disparition-de-feu-sm-le-roi-hassan-ii\/#primaryimage","url":"https:\/\/dpress.ma\/fr\/wp-content\/uploads\/sites\/2\/2022\/11\/dimensions2-7.jpg","contentUrl":"https:\/\/dpress.ma\/fr\/wp-content\/uploads\/sites\/2\/2022\/11\/dimensions2-7.jpg","width":2539,"height":1594},{"@type":"BreadcrumbList","@id":"https:\/\/dpress.ma\/fr\/2022\/11\/05\/sm-le-roi-amir-al-mouminine-preside-une-veillee-religieuse-en-commemoration-du-24e-anniversaire-de-la-disparition-de-feu-sm-le-roi-hassan-ii\/#breadcrumb","itemListElement":[{"@type":"ListItem","position":1,"name":"Home","item":"https:\/\/dpress.ma\/fr\/"},{"@type":"ListItem","position":2,"name":"SM le Roi, Amir Al-Mouminine, pr\u00e9side une veill\u00e9e religieuse en comm\u00e9moration du 24\u00e8 anniversaire de la disparition de Feu SM le Roi Hassan II"}]},{"@type":"WebSite","@id":"https:\/\/dpress.ma\/fr\/#website","url":"https:\/\/dpress.ma\/fr\/","name":"Dpress.ma\/fr","description":"","potentialAction":[{"@type":"SearchAction","target":{"@type":"EntryPoint","urlTemplate":"https:\/\/dpress.ma\/fr\/?s={search_term_string}"},"query-input":{"@type":"PropertyValueSpecification","valueRequired":true,"valueName":"search_term_string"}}],"inLanguage":"fr-FR"},{"@type":"Person","@id":"https:\/\/dpress.ma\/fr\/#\/schema\/person\/4898febf3ccd59e6578d838656a306a0","name":"Dpress.ma","image":{"@type":"ImageObject","inLanguage":"fr-FR","@id":"https:\/\/secure.gravatar.com\/avatar\/72ecc30e9db047a2e0e7176561eb9d564ed77c8108376495b19bd8336405198a?s=96&d=mm&r=g","url":"https:\/\/secure.gravatar.com\/avatar\/72ecc30e9db047a2e0e7176561eb9d564ed77c8108376495b19bd8336405198a?s=96&d=mm&r=g","contentUrl":"https:\/\/secure.gravatar.com\/avatar\/72ecc30e9db047a2e0e7176561eb9d564ed77c8108376495b19bd8336405198a?s=96&d=mm&r=g","caption":"Dpress.ma"},"sameAs":["https:\/\/www.dpress.ma"],"url":"https:\/\/dpress.ma\/fr\/author\/dpress-ma\/"}]}},"amp_enabled":true,"_links":{"self":[{"href":"https:\/\/dpress.ma\/fr\/wp-json\/wp\/v2\/posts\/2407","targetHints":{"allow":["GET"]}}],"collection":[{"href":"https:\/\/dpress.ma\/fr\/wp-json\/wp\/v2\/posts"}],"about":[{"href":"https:\/\/dpress.ma\/fr\/wp-json\/wp\/v2\/types\/post"}],"author":[{"embeddable":true,"href":"https:\/\/dpress.ma\/fr\/wp-json\/wp\/v2\/users\/2"}],"replies":[{"embeddable":true,"href":"https:\/\/dpress.ma\/fr\/wp-json\/wp\/v2\/comments?post=2407"}],"version-history":[{"count":1,"href":"https:\/\/dpress.ma\/fr\/wp-json\/wp\/v2\/posts\/2407\/revisions"}],"predecessor-version":[{"id":2409,"href":"https:\/\/dpress.ma\/fr\/wp-json\/wp\/v2\/posts\/2407\/revisions\/2409"}],"wp:featuredmedia":[{"embeddable":true,"href":"https:\/\/dpress.ma\/fr\/wp-json\/wp\/v2\/media\/2408"}],"wp:attachment":[{"href":"https:\/\/dpress.ma\/fr\/wp-json\/wp\/v2\/media?parent=2407"}],"wp:term":[{"taxonomy":"category","embeddable":true,"href":"https:\/\/dpress.ma\/fr\/wp-json\/wp\/v2\/categories?post=2407"},{"taxonomy":"post_tag","embeddable":true,"href":"https:\/\/dpress.ma\/fr\/wp-json\/wp\/v2\/tags?post=2407"}],"curies":[{"name":"wp","href":"https:\/\/api.w.org\/{rel}","templated":true}]}}