{"id":23766,"date":"2026-02-13T10:53:35","date_gmt":"2026-02-13T10:53:35","guid":{"rendered":"https:\/\/dpress.ma\/fr\/?p=23766"},"modified":"2026-02-13T10:53:38","modified_gmt":"2026-02-13T10:53:38","slug":"sahraouiya-2026-la-derniere-etape-sacheve-sous-le-signe-de-la-performance-et-de-la-solidarite","status":"publish","type":"post","link":"https:\/\/dpress.ma\/fr\/2026\/02\/13\/sahraouiya-2026-la-derniere-etape-sacheve-sous-le-signe-de-la-performance-et-de-la-solidarite\/","title":{"rendered":"Sahraouiya 2026: La derni\u00e8re \u00e9tape s\u2019ach\u00e8ve sous le signe de la performance et de la solidarit\u00e9"},"content":{"rendered":"\n<p class=\"wp-block-paragraph\">Dpress<\/p>\n\n\n\n<p class=\"wp-block-paragraph\">La 5e et derni\u00e8re \u00e9tape du Raid Sahraouiya 2026 s\u2019est achev\u00e9e, jeudi \u00e0 Dakhla, dans une dynamique de performance et de solidarit\u00e9, o\u00f9 les raideuses ont fait montre de r\u00e9silience incontestable, cl\u00f4turant cinq jours de comp\u00e9tition alliant d\u00e9fi sportif et engagement solidaire.<\/p>\n\n\n\n<p class=\"wp-block-paragraph\">Deux challenges de taille ont \u00e9t\u00e9 au menu du jour, mettant \u00e0 l\u2019\u00e9preuve \u00e0 la fois des capacit\u00e9s physiques et intellectuelles des participantes.<\/p>\n\n\n\n<p class=\"wp-block-paragraph\">La premi\u00e8re \u00e9preuve s\u2019est d\u00e9roul\u00e9e en VTT, sur une distance de 15,4 km, r\u00e9partie en deux tours de 7,7 km, tandis que la deuxi\u00e8me est une chasse au tr\u00e9sor qui a emmen\u00e9 les raideuses \u00e0 la d\u00e9couverte des lieux embl\u00e9matiques de la ville de Dakhla et \u00e0 la rencontre de son histoire.<\/p>\n\n\n\n<p class=\"wp-block-paragraph\">Cette \u00e9tape a constitu\u00e9 une v\u00e9ritable immersion au c\u0153ur de Dakhla, offrant aux raideuses l\u2019occasion de d\u00e9couvrir la richesse de la ville, la convivialit\u00e9 de ses habitants ainsi que ses sites embl\u00e9matiques, t\u00e9moins de son histoire et de son identit\u00e9 culturelle.<\/p>\n\n\n\n<p class=\"wp-block-paragraph\">Dans une d\u00e9claration \u00e0 la MAP, la pr\u00e9sidente de l\u2019Association Lagon Dakhla, organisatrice de l\u2019\u00e9v\u00e9nement, Laila Ouachi, a not\u00e9 que cette \u00e9dition s\u2019est distingu\u00e9e par un faible taux d\u2019abandon aux diff\u00e9rentes \u00e9preuves, expliqu\u00e9 par le niveau sportif presque homog\u00e8ne des participantes.<\/p>\n\n\n\n<p class=\"wp-block-paragraph\">\u201cL\u2019id\u00e9e, c\u2019est de pouvoir \u00eatre vraiment dans le d\u00e9passement de soi, d\u2019aller jusqu\u2019au bout et de faire sortir toutes les \u00e9motions\u201d, a indiqu\u00e9 Mme Ouachi.<\/p>\n\n\n\n<p class=\"wp-block-paragraph\">Gr\u00e2ce \u00e0 sa nature exceptionnelle et \u00e0 son ambiance unique, la ville de Dakhla rayonne \u00e0 l\u2019international \u00e0 travers cet \u00e9v\u00e9nement, a-t-elle ajout\u00e9, avant de remercier la r\u00e9gion de Dakhla-Oued Eddahab de son soutien \u00e0 cette manifestation grandiose.<\/p>\n\n\n\n<p class=\"wp-block-paragraph\">Ancienne boxeuse fran\u00e7aise de haut niveau, aujourd\u2019hui retrait\u00e9e, Sarah Ourahmoune a confi\u00e9 que cette premi\u00e8re participation au Raid Sahraouiya repr\u00e9sente un v\u00e9ritable d\u00e9fi sportif.<\/p>\n\n\n\n<p class=\"wp-block-paragraph\">D\u00e9fendant l\u2019Association SOS Villages d\u2019Enfants, elle a soulign\u00e9 la solidarit\u00e9 entre les participantes et l\u2019\u00e9nergie \u201cincroyable\u201d du raid, consid\u00e9rant que \u201ccette comp\u00e9tition est une aventure qui transforme toutes celles qui osent y participer\u201d.<\/p>\n\n\n\n<p class=\"wp-block-paragraph\">De son c\u00f4t\u00e9, la participante marocaine Hajar Benjelloun a mis en exergue la beaut\u00e9 exceptionnelle du parcours et ses paysages \u00e9poustouflants, se f\u00e9licitant d\u2019avoir pu achever toutes les \u00e9tapes avec une d\u00e9termination saisissante.<\/p>\n\n\n\n<p class=\"wp-block-paragraph\">Revenant sur l\u2019intensit\u00e9 des diff\u00e9rentes \u00e9tapes du raid, elle a confi\u00e9 avoir song\u00e9 \u00e0 l\u2019abandon, avant de se ressaisir gr\u00e2ce au soutien de sa co\u00e9quipi\u00e8re et \u00e0 l\u2019esprit de solidarit\u00e9 r\u00e9gnant pendant toute la comp\u00e9tition.<\/p>\n\n\n\n<p class=\"wp-block-paragraph\">Au terme de cette journ\u00e9e, une remise de m\u00e9dailles a \u00e9t\u00e9 organis\u00e9e pour toutes les participantes, dans une ambiance festive et conviviale, mettant en valeur la r\u00e9ussite et l\u2019esprit de solidarit\u00e9 qui ont caract\u00e9ris\u00e9 l\u2019ensemble du raid.<\/p>\n\n\n\n<p class=\"wp-block-paragraph\">Organis\u00e9e sous le Haut Patronage de Sa Majest\u00e9 le Roi Mohammed VI, la 12e \u00e9dition du Raid Sahraouiya (7-14 f\u00e9vrier) est marqu\u00e9e par la participation de 100 raideuses dans un cadre exceptionnel entre la baie et les dunes de Dakhla, autour d\u2019une vision engag\u00e9e du sport en tant que levier d\u2019\u00e9mancipation f\u00e9minine, de solidarit\u00e9 active et de dialogue interculturel.<\/p>\n","protected":false},"excerpt":{"rendered":"<p>Dpress La 5e et derni\u00e8re \u00e9tape du Raid Sahraouiya 2026 s\u2019est achev\u00e9e, jeudi \u00e0 Dakhla, dans une dynamique de performance et de solidarit\u00e9, o\u00f9 les raideuses ont fait montre de r\u00e9silience incontestable, cl\u00f4turant cinq jours de comp\u00e9tition alliant d\u00e9fi sportif et engagement solidaire. Deux challenges de taille ont \u00e9t\u00e9 au menu du jour, mettant \u00e0 &hellip;<\/p>\n","protected":false},"author":2,"featured_media":23767,"comment_status":"open","ping_status":"open","sticky":false,"template":"","format":"standard","meta":{"footnotes":""},"categories":[27],"tags":[],"class_list":["post-23766","post","type-post","status-publish","format-standard","has-post-thumbnail","hentry","category-sport"],"yoast_head":"<!-- This site is optimized with the Yoast SEO plugin v28.0 - https:\/\/yoast.com\/product\/yoast-seo-wordpress\/ -->\n<title>Sahraouiya 2026: La derni\u00e8re \u00e9tape s\u2019ach\u00e8ve sous le signe de la performance et de la solidarit\u00e9 - Dpress.ma\/fr<\/title>\n<meta name=\"robots\" content=\"index, follow, max-snippet:-1, max-image-preview:large, max-video-preview:-1\" \/>\n<link rel=\"canonical\" href=\"https:\/\/dpress.ma\/fr\/2026\/02\/13\/sahraouiya-2026-la-derniere-etape-sacheve-sous-le-signe-de-la-performance-et-de-la-solidarite\/\" \/>\n<meta property=\"og:locale\" content=\"fr_FR\" \/>\n<meta property=\"og:type\" content=\"article\" \/>\n<meta property=\"og:title\" content=\"Sahraouiya 2026: La derni\u00e8re \u00e9tape s\u2019ach\u00e8ve sous le signe de la performance et de la solidarit\u00e9 - Dpress.ma\/fr\" \/>\n<meta property=\"og:description\" content=\"Dpress La 5e et derni\u00e8re \u00e9tape du Raid Sahraouiya 2026 s\u2019est achev\u00e9e, jeudi \u00e0 Dakhla, dans une dynamique de performance et de solidarit\u00e9, o\u00f9 les raideuses ont fait montre de r\u00e9silience incontestable, cl\u00f4turant cinq jours de comp\u00e9tition alliant d\u00e9fi sportif et engagement solidaire. Deux challenges de taille ont \u00e9t\u00e9 au menu du jour, mettant \u00e0 &hellip;\" \/>\n<meta property=\"og:url\" content=\"https:\/\/dpress.ma\/fr\/2026\/02\/13\/sahraouiya-2026-la-derniere-etape-sacheve-sous-le-signe-de-la-performance-et-de-la-solidarite\/\" \/>\n<meta property=\"og:site_name\" content=\"Dpress.ma\/fr\" \/>\n<meta property=\"article:published_time\" content=\"2026-02-13T10:53:35+00:00\" \/>\n<meta property=\"article:modified_time\" content=\"2026-02-13T10:53:38+00:00\" \/>\n<meta property=\"og:image\" content=\"https:\/\/dpress.ma\/fr\/wp-content\/uploads\/sites\/2\/2026\/02\/24-4.jpg\" \/>\n\t<meta property=\"og:image:width\" content=\"2539\" \/>\n\t<meta property=\"og:image:height\" content=\"1594\" \/>\n\t<meta property=\"og:image:type\" content=\"image\/jpeg\" \/>\n<meta name=\"author\" content=\"Dpress.ma\" \/>\n<meta name=\"twitter:card\" content=\"summary_large_image\" \/>\n<meta name=\"twitter:label1\" content=\"\u00c9crit par\" \/>\n\t<meta name=\"twitter:data1\" content=\"Dpress.ma\" \/>\n\t<meta name=\"twitter:label2\" content=\"Dur\u00e9e de lecture estim\u00e9e\" \/>\n\t<meta name=\"twitter:data2\" content=\"3 minutes\" \/>\n<script type=\"application\/ld+json\" class=\"yoast-schema-graph\">{\"@context\":\"https:\\\/\\\/schema.org\",\"@graph\":[{\"@type\":\"Article\",\"@id\":\"https:\\\/\\\/dpress.ma\\\/fr\\\/2026\\\/02\\\/13\\\/sahraouiya-2026-la-derniere-etape-sacheve-sous-le-signe-de-la-performance-et-de-la-solidarite\\\/#article\",\"isPartOf\":{\"@id\":\"https:\\\/\\\/dpress.ma\\\/fr\\\/2026\\\/02\\\/13\\\/sahraouiya-2026-la-derniere-etape-sacheve-sous-le-signe-de-la-performance-et-de-la-solidarite\\\/\"},\"author\":{\"name\":\"Dpress.ma\",\"@id\":\"https:\\\/\\\/dpress.ma\\\/fr\\\/#\\\/schema\\\/person\\\/4898febf3ccd59e6578d838656a306a0\"},\"headline\":\"Sahraouiya 2026: La derni\u00e8re \u00e9tape s\u2019ach\u00e8ve sous le signe de la performance et de la solidarit\u00e9\",\"datePublished\":\"2026-02-13T10:53:35+00:00\",\"dateModified\":\"2026-02-13T10:53:38+00:00\",\"mainEntityOfPage\":{\"@id\":\"https:\\\/\\\/dpress.ma\\\/fr\\\/2026\\\/02\\\/13\\\/sahraouiya-2026-la-derniere-etape-sacheve-sous-le-signe-de-la-performance-et-de-la-solidarite\\\/\"},\"wordCount\":569,\"commentCount\":0,\"image\":{\"@id\":\"https:\\\/\\\/dpress.ma\\\/fr\\\/2026\\\/02\\\/13\\\/sahraouiya-2026-la-derniere-etape-sacheve-sous-le-signe-de-la-performance-et-de-la-solidarite\\\/#primaryimage\"},\"thumbnailUrl\":\"https:\\\/\\\/dpress.ma\\\/fr\\\/wp-content\\\/uploads\\\/sites\\\/2\\\/2026\\\/02\\\/24-4.jpg\",\"articleSection\":[\"Sport\"],\"inLanguage\":\"fr-FR\",\"potentialAction\":[{\"@type\":\"CommentAction\",\"name\":\"Comment\",\"target\":[\"https:\\\/\\\/dpress.ma\\\/fr\\\/2026\\\/02\\\/13\\\/sahraouiya-2026-la-derniere-etape-sacheve-sous-le-signe-de-la-performance-et-de-la-solidarite\\\/#respond\"]}]},{\"@type\":\"WebPage\",\"@id\":\"https:\\\/\\\/dpress.ma\\\/fr\\\/2026\\\/02\\\/13\\\/sahraouiya-2026-la-derniere-etape-sacheve-sous-le-signe-de-la-performance-et-de-la-solidarite\\\/\",\"url\":\"https:\\\/\\\/dpress.ma\\\/fr\\\/2026\\\/02\\\/13\\\/sahraouiya-2026-la-derniere-etape-sacheve-sous-le-signe-de-la-performance-et-de-la-solidarite\\\/\",\"name\":\"Sahraouiya 2026: La derni\u00e8re \u00e9tape s\u2019ach\u00e8ve sous le signe de la performance et de la solidarit\u00e9 - Dpress.ma\\\/fr\",\"isPartOf\":{\"@id\":\"https:\\\/\\\/dpress.ma\\\/fr\\\/#website\"},\"primaryImageOfPage\":{\"@id\":\"https:\\\/\\\/dpress.ma\\\/fr\\\/2026\\\/02\\\/13\\\/sahraouiya-2026-la-derniere-etape-sacheve-sous-le-signe-de-la-performance-et-de-la-solidarite\\\/#primaryimage\"},\"image\":{\"@id\":\"https:\\\/\\\/dpress.ma\\\/fr\\\/2026\\\/02\\\/13\\\/sahraouiya-2026-la-derniere-etape-sacheve-sous-le-signe-de-la-performance-et-de-la-solidarite\\\/#primaryimage\"},\"thumbnailUrl\":\"https:\\\/\\\/dpress.ma\\\/fr\\\/wp-content\\\/uploads\\\/sites\\\/2\\\/2026\\\/02\\\/24-4.jpg\",\"datePublished\":\"2026-02-13T10:53:35+00:00\",\"dateModified\":\"2026-02-13T10:53:38+00:00\",\"author\":{\"@id\":\"https:\\\/\\\/dpress.ma\\\/fr\\\/#\\\/schema\\\/person\\\/4898febf3ccd59e6578d838656a306a0\"},\"breadcrumb\":{\"@id\":\"https:\\\/\\\/dpress.ma\\\/fr\\\/2026\\\/02\\\/13\\\/sahraouiya-2026-la-derniere-etape-sacheve-sous-le-signe-de-la-performance-et-de-la-solidarite\\\/#breadcrumb\"},\"inLanguage\":\"fr-FR\",\"potentialAction\":[{\"@type\":\"ReadAction\",\"target\":[\"https:\\\/\\\/dpress.ma\\\/fr\\\/2026\\\/02\\\/13\\\/sahraouiya-2026-la-derniere-etape-sacheve-sous-le-signe-de-la-performance-et-de-la-solidarite\\\/\"]}]},{\"@type\":\"ImageObject\",\"inLanguage\":\"fr-FR\",\"@id\":\"https:\\\/\\\/dpress.ma\\\/fr\\\/2026\\\/02\\\/13\\\/sahraouiya-2026-la-derniere-etape-sacheve-sous-le-signe-de-la-performance-et-de-la-solidarite\\\/#primaryimage\",\"url\":\"https:\\\/\\\/dpress.ma\\\/fr\\\/wp-content\\\/uploads\\\/sites\\\/2\\\/2026\\\/02\\\/24-4.jpg\",\"contentUrl\":\"https:\\\/\\\/dpress.ma\\\/fr\\\/wp-content\\\/uploads\\\/sites\\\/2\\\/2026\\\/02\\\/24-4.jpg\",\"width\":2539,\"height\":1594},{\"@type\":\"BreadcrumbList\",\"@id\":\"https:\\\/\\\/dpress.ma\\\/fr\\\/2026\\\/02\\\/13\\\/sahraouiya-2026-la-derniere-etape-sacheve-sous-le-signe-de-la-performance-et-de-la-solidarite\\\/#breadcrumb\",\"itemListElement\":[{\"@type\":\"ListItem\",\"position\":1,\"name\":\"Home\",\"item\":\"https:\\\/\\\/dpress.ma\\\/fr\\\/\"},{\"@type\":\"ListItem\",\"position\":2,\"name\":\"Sahraouiya 2026: La derni\u00e8re \u00e9tape s\u2019ach\u00e8ve sous le signe de la performance et de la solidarit\u00e9\"}]},{\"@type\":\"WebSite\",\"@id\":\"https:\\\/\\\/dpress.ma\\\/fr\\\/#website\",\"url\":\"https:\\\/\\\/dpress.ma\\\/fr\\\/\",\"name\":\"Dpress.ma\\\/fr\",\"description\":\"\",\"potentialAction\":[{\"@type\":\"SearchAction\",\"target\":{\"@type\":\"EntryPoint\",\"urlTemplate\":\"https:\\\/\\\/dpress.ma\\\/fr\\\/?s={search_term_string}\"},\"query-input\":{\"@type\":\"PropertyValueSpecification\",\"valueRequired\":true,\"valueName\":\"search_term_string\"}}],\"inLanguage\":\"fr-FR\"},{\"@type\":\"Person\",\"@id\":\"https:\\\/\\\/dpress.ma\\\/fr\\\/#\\\/schema\\\/person\\\/4898febf3ccd59e6578d838656a306a0\",\"name\":\"Dpress.ma\",\"image\":{\"@type\":\"ImageObject\",\"inLanguage\":\"fr-FR\",\"@id\":\"https:\\\/\\\/secure.gravatar.com\\\/avatar\\\/72ecc30e9db047a2e0e7176561eb9d564ed77c8108376495b19bd8336405198a?s=96&d=mm&r=g\",\"url\":\"https:\\\/\\\/secure.gravatar.com\\\/avatar\\\/72ecc30e9db047a2e0e7176561eb9d564ed77c8108376495b19bd8336405198a?s=96&d=mm&r=g\",\"contentUrl\":\"https:\\\/\\\/secure.gravatar.com\\\/avatar\\\/72ecc30e9db047a2e0e7176561eb9d564ed77c8108376495b19bd8336405198a?s=96&d=mm&r=g\",\"caption\":\"Dpress.ma\"},\"sameAs\":[\"https:\\\/\\\/www.dpress.ma\"],\"url\":\"https:\\\/\\\/dpress.ma\\\/fr\\\/author\\\/dpress-ma\\\/\"}]}<\/script>\n<!-- \/ Yoast SEO plugin. -->","yoast_head_json":{"title":"Sahraouiya 2026: La derni\u00e8re \u00e9tape s\u2019ach\u00e8ve sous le signe de la performance et de la solidarit\u00e9 - Dpress.ma\/fr","robots":{"index":"index","follow":"follow","max-snippet":"max-snippet:-1","max-image-preview":"max-image-preview:large","max-video-preview":"max-video-preview:-1"},"canonical":"https:\/\/dpress.ma\/fr\/2026\/02\/13\/sahraouiya-2026-la-derniere-etape-sacheve-sous-le-signe-de-la-performance-et-de-la-solidarite\/","og_locale":"fr_FR","og_type":"article","og_title":"Sahraouiya 2026: La derni\u00e8re \u00e9tape s\u2019ach\u00e8ve sous le signe de la performance et de la solidarit\u00e9 - Dpress.ma\/fr","og_description":"Dpress La 5e et derni\u00e8re \u00e9tape du Raid Sahraouiya 2026 s\u2019est achev\u00e9e, jeudi \u00e0 Dakhla, dans une dynamique de performance et de solidarit\u00e9, o\u00f9 les raideuses ont fait montre de r\u00e9silience incontestable, cl\u00f4turant cinq jours de comp\u00e9tition alliant d\u00e9fi sportif et engagement solidaire. Deux challenges de taille ont \u00e9t\u00e9 au menu du jour, mettant \u00e0 &hellip;","og_url":"https:\/\/dpress.ma\/fr\/2026\/02\/13\/sahraouiya-2026-la-derniere-etape-sacheve-sous-le-signe-de-la-performance-et-de-la-solidarite\/","og_site_name":"Dpress.ma\/fr","article_published_time":"2026-02-13T10:53:35+00:00","article_modified_time":"2026-02-13T10:53:38+00:00","og_image":[{"width":2539,"height":1594,"url":"https:\/\/dpress.ma\/fr\/wp-content\/uploads\/sites\/2\/2026\/02\/24-4.jpg","type":"image\/jpeg"}],"author":"Dpress.ma","twitter_card":"summary_large_image","twitter_misc":{"\u00c9crit par":"Dpress.ma","Dur\u00e9e de lecture estim\u00e9e":"3 minutes"},"schema":{"@context":"https:\/\/schema.org","@graph":[{"@type":"Article","@id":"https:\/\/dpress.ma\/fr\/2026\/02\/13\/sahraouiya-2026-la-derniere-etape-sacheve-sous-le-signe-de-la-performance-et-de-la-solidarite\/#article","isPartOf":{"@id":"https:\/\/dpress.ma\/fr\/2026\/02\/13\/sahraouiya-2026-la-derniere-etape-sacheve-sous-le-signe-de-la-performance-et-de-la-solidarite\/"},"author":{"name":"Dpress.ma","@id":"https:\/\/dpress.ma\/fr\/#\/schema\/person\/4898febf3ccd59e6578d838656a306a0"},"headline":"Sahraouiya 2026: La derni\u00e8re \u00e9tape s\u2019ach\u00e8ve sous le signe de la performance et de la solidarit\u00e9","datePublished":"2026-02-13T10:53:35+00:00","dateModified":"2026-02-13T10:53:38+00:00","mainEntityOfPage":{"@id":"https:\/\/dpress.ma\/fr\/2026\/02\/13\/sahraouiya-2026-la-derniere-etape-sacheve-sous-le-signe-de-la-performance-et-de-la-solidarite\/"},"wordCount":569,"commentCount":0,"image":{"@id":"https:\/\/dpress.ma\/fr\/2026\/02\/13\/sahraouiya-2026-la-derniere-etape-sacheve-sous-le-signe-de-la-performance-et-de-la-solidarite\/#primaryimage"},"thumbnailUrl":"https:\/\/dpress.ma\/fr\/wp-content\/uploads\/sites\/2\/2026\/02\/24-4.jpg","articleSection":["Sport"],"inLanguage":"fr-FR","potentialAction":[{"@type":"CommentAction","name":"Comment","target":["https:\/\/dpress.ma\/fr\/2026\/02\/13\/sahraouiya-2026-la-derniere-etape-sacheve-sous-le-signe-de-la-performance-et-de-la-solidarite\/#respond"]}]},{"@type":"WebPage","@id":"https:\/\/dpress.ma\/fr\/2026\/02\/13\/sahraouiya-2026-la-derniere-etape-sacheve-sous-le-signe-de-la-performance-et-de-la-solidarite\/","url":"https:\/\/dpress.ma\/fr\/2026\/02\/13\/sahraouiya-2026-la-derniere-etape-sacheve-sous-le-signe-de-la-performance-et-de-la-solidarite\/","name":"Sahraouiya 2026: La derni\u00e8re \u00e9tape s\u2019ach\u00e8ve sous le signe de la performance et de la solidarit\u00e9 - Dpress.ma\/fr","isPartOf":{"@id":"https:\/\/dpress.ma\/fr\/#website"},"primaryImageOfPage":{"@id":"https:\/\/dpress.ma\/fr\/2026\/02\/13\/sahraouiya-2026-la-derniere-etape-sacheve-sous-le-signe-de-la-performance-et-de-la-solidarite\/#primaryimage"},"image":{"@id":"https:\/\/dpress.ma\/fr\/2026\/02\/13\/sahraouiya-2026-la-derniere-etape-sacheve-sous-le-signe-de-la-performance-et-de-la-solidarite\/#primaryimage"},"thumbnailUrl":"https:\/\/dpress.ma\/fr\/wp-content\/uploads\/sites\/2\/2026\/02\/24-4.jpg","datePublished":"2026-02-13T10:53:35+00:00","dateModified":"2026-02-13T10:53:38+00:00","author":{"@id":"https:\/\/dpress.ma\/fr\/#\/schema\/person\/4898febf3ccd59e6578d838656a306a0"},"breadcrumb":{"@id":"https:\/\/dpress.ma\/fr\/2026\/02\/13\/sahraouiya-2026-la-derniere-etape-sacheve-sous-le-signe-de-la-performance-et-de-la-solidarite\/#breadcrumb"},"inLanguage":"fr-FR","potentialAction":[{"@type":"ReadAction","target":["https:\/\/dpress.ma\/fr\/2026\/02\/13\/sahraouiya-2026-la-derniere-etape-sacheve-sous-le-signe-de-la-performance-et-de-la-solidarite\/"]}]},{"@type":"ImageObject","inLanguage":"fr-FR","@id":"https:\/\/dpress.ma\/fr\/2026\/02\/13\/sahraouiya-2026-la-derniere-etape-sacheve-sous-le-signe-de-la-performance-et-de-la-solidarite\/#primaryimage","url":"https:\/\/dpress.ma\/fr\/wp-content\/uploads\/sites\/2\/2026\/02\/24-4.jpg","contentUrl":"https:\/\/dpress.ma\/fr\/wp-content\/uploads\/sites\/2\/2026\/02\/24-4.jpg","width":2539,"height":1594},{"@type":"BreadcrumbList","@id":"https:\/\/dpress.ma\/fr\/2026\/02\/13\/sahraouiya-2026-la-derniere-etape-sacheve-sous-le-signe-de-la-performance-et-de-la-solidarite\/#breadcrumb","itemListElement":[{"@type":"ListItem","position":1,"name":"Home","item":"https:\/\/dpress.ma\/fr\/"},{"@type":"ListItem","position":2,"name":"Sahraouiya 2026: La derni\u00e8re \u00e9tape s\u2019ach\u00e8ve sous le signe de la performance et de la solidarit\u00e9"}]},{"@type":"WebSite","@id":"https:\/\/dpress.ma\/fr\/#website","url":"https:\/\/dpress.ma\/fr\/","name":"Dpress.ma\/fr","description":"","potentialAction":[{"@type":"SearchAction","target":{"@type":"EntryPoint","urlTemplate":"https:\/\/dpress.ma\/fr\/?s={search_term_string}"},"query-input":{"@type":"PropertyValueSpecification","valueRequired":true,"valueName":"search_term_string"}}],"inLanguage":"fr-FR"},{"@type":"Person","@id":"https:\/\/dpress.ma\/fr\/#\/schema\/person\/4898febf3ccd59e6578d838656a306a0","name":"Dpress.ma","image":{"@type":"ImageObject","inLanguage":"fr-FR","@id":"https:\/\/secure.gravatar.com\/avatar\/72ecc30e9db047a2e0e7176561eb9d564ed77c8108376495b19bd8336405198a?s=96&d=mm&r=g","url":"https:\/\/secure.gravatar.com\/avatar\/72ecc30e9db047a2e0e7176561eb9d564ed77c8108376495b19bd8336405198a?s=96&d=mm&r=g","contentUrl":"https:\/\/secure.gravatar.com\/avatar\/72ecc30e9db047a2e0e7176561eb9d564ed77c8108376495b19bd8336405198a?s=96&d=mm&r=g","caption":"Dpress.ma"},"sameAs":["https:\/\/www.dpress.ma"],"url":"https:\/\/dpress.ma\/fr\/author\/dpress-ma\/"}]}},"amp_enabled":true,"_links":{"self":[{"href":"https:\/\/dpress.ma\/fr\/wp-json\/wp\/v2\/posts\/23766","targetHints":{"allow":["GET"]}}],"collection":[{"href":"https:\/\/dpress.ma\/fr\/wp-json\/wp\/v2\/posts"}],"about":[{"href":"https:\/\/dpress.ma\/fr\/wp-json\/wp\/v2\/types\/post"}],"author":[{"embeddable":true,"href":"https:\/\/dpress.ma\/fr\/wp-json\/wp\/v2\/users\/2"}],"replies":[{"embeddable":true,"href":"https:\/\/dpress.ma\/fr\/wp-json\/wp\/v2\/comments?post=23766"}],"version-history":[{"count":1,"href":"https:\/\/dpress.ma\/fr\/wp-json\/wp\/v2\/posts\/23766\/revisions"}],"predecessor-version":[{"id":23768,"href":"https:\/\/dpress.ma\/fr\/wp-json\/wp\/v2\/posts\/23766\/revisions\/23768"}],"wp:featuredmedia":[{"embeddable":true,"href":"https:\/\/dpress.ma\/fr\/wp-json\/wp\/v2\/media\/23767"}],"wp:attachment":[{"href":"https:\/\/dpress.ma\/fr\/wp-json\/wp\/v2\/media?parent=23766"}],"wp:term":[{"taxonomy":"category","embeddable":true,"href":"https:\/\/dpress.ma\/fr\/wp-json\/wp\/v2\/categories?post=23766"},{"taxonomy":"post_tag","embeddable":true,"href":"https:\/\/dpress.ma\/fr\/wp-json\/wp\/v2\/tags?post=23766"}],"curies":[{"name":"wp","href":"https:\/\/api.w.org\/{rel}","templated":true}]}}