{"id":2359,"date":"2022-10-31T14:34:08","date_gmt":"2022-10-31T14:34:08","guid":{"rendered":"https:\/\/dpress.ma\/fr\/?p=2359"},"modified":"2022-10-31T14:34:10","modified_gmt":"2022-10-31T14:34:10","slug":"lanme-denonce-le-fait-que-la-delegation-mediatique-officielle-marocaine-soit-contrainte-de-quitter-lalgerie-a-la-veille-du-sommet-arabe","status":"publish","type":"post","link":"https:\/\/dpress.ma\/fr\/2022\/10\/31\/lanme-denonce-le-fait-que-la-delegation-mediatique-officielle-marocaine-soit-contrainte-de-quitter-lalgerie-a-la-veille-du-sommet-arabe\/","title":{"rendered":"L\u2019ANME d\u00e9nonce le fait que la d\u00e9l\u00e9gation m\u00e9diatique officielle marocaine soit contrainte de quitter l\u2019Alg\u00e9rie \u00e0 la veille du sommet arabe"},"content":{"rendered":"\n<p>Dpress<\/p>\n\n\n\n<p>&nbsp;L\u2019Association nationale des m\u00e9dias et des \u00e9diteurs (ANME) a d\u00e9nonc\u00e9 le fait que la d\u00e9l\u00e9gation m\u00e9diatique officielle marocaine (la cha\u00eene Al Aoula) soit contrainte de quitter le territoire alg\u00e9rien, \u00e0 la veille du sommet arabe, en raison des pressions, des harc\u00e8lements, des interrogatoires s\u00e9curitaires et des longues heures d\u2019attente \u00e0 l\u2019a\u00e9roport Boumediene \u00e0 Alger, qualifiant cet acte de \u201cnouveau scandale\u201d.<\/p>\n\n\n\n<p>Dans un communiqu\u00e9, l\u2019ANME affirme avoir recueilli les t\u00e9moignages et d\u00e9clarations de journalistes faisant partie de la d\u00e9l\u00e9gation officielle marocaine dans lesquels ils relatent les souffrances qui leur ont \u00e9t\u00e9 inflig\u00e9es pendant plus de six heures, ainsi que les formes abjectes de traitement subies de la part des diff\u00e9rents services s\u00e9curitaires alg\u00e9riens, bien que les journalistes aient fourni tous les documents, donn\u00e9es et cartes attestant de leurs identit\u00e9s.<\/p>\n\n\n\n<p>Les autorit\u00e9s alg\u00e9riennes ont refus\u00e9 l\u2019acc\u00e8s \u00e0 la d\u00e9l\u00e9gation m\u00e9diatique marocaine officielle via une ligne a\u00e9rienne directe, souligne le communiqu\u00e9, pr\u00e9cisant que les journalistes marocains ont \u00e9t\u00e9 contraints de voyager par avion en transitant par Paris pour arriver \u00e0 Alger en vue de s\u2019acquitter de leur devoir professionnel, avant qu\u2019ils ne soient soumis \u00e0 ce qui ressemble \u00e0 une d\u00e9tention arbitraire, en leur d\u00e9niant le statut de journaliste, en les d\u00e9poss\u00e9dant de leurs mat\u00e9riels et de leurs cam\u00e9ras et en les autorisant \u00e0 acc\u00e9der au territoire alg\u00e9rien en tant que simples citoyens.<\/p>\n\n\n\n<p>Face \u00e0 ces agissements odieux, qui se sont reproduits pour la deuxi\u00e8me fois en l\u2019espace de moins de trois mois avec des d\u00e9l\u00e9gations m\u00e9diatiques marocaines, l\u2019ANME fait part de sa condamnation de ce comportement non civilis\u00e9 qui t\u00e9moigne de l\u2019absence d\u2019un Etat civil dans ce pays maghr\u00e9bin, qui soit attach\u00e9 \u00e0 la libert\u00e9 de presse, d\u2019expression et de mouvement des journalistes pour qu\u2019ils puissent rapporter les informations en toute ind\u00e9pendance, lequel Etat est substitu\u00e9 \u00e0 une caserne militaire ayant le contr\u00f4le des mouvements des \u00e9trangers et des journalistes et qui consid\u00e8re comme ennemi toute personne en provenance du Maroc.<\/p>\n\n\n\n<p>L\u2019association d\u00e9nonce aussi le traitement policier et de renseignement excessif auquel ont \u00e9t\u00e9 expos\u00e9s les coll\u00e8gues d\u2019\u201dAl Aoula\u201d, en les obligeant \u00e0 rentrer au Maroc, sans pouvoir assurer la couverture des travaux d\u2019un sommet arabe auquel participe le Maroc, ajoutant que cette attitude d\u00e9voile la vraie nature du slogan colport\u00e9 par le gouvernement alg\u00e9rien pour ce sommet, \u00e0 savoir le bon voisinage et l\u2019unification des peuples et des pays arabes qui n\u2019est, en fait, qu\u2019une simple all\u00e9gation, les militaires ne supportant plus d\u2019accueillir des journalistes.<\/p>\n\n\n\n<p>Elle a appel\u00e9 les instances m\u00e9diatiques alg\u00e9riennes honn\u00eates et libres \u00e0 d\u00e9noncer ces agissements r\u00e9currents \u00e0 l\u2019\u00e9gard des m\u00e9dias marocains, invitant les organismes professionnels internationaux \u00e0 d\u00e9noncer officiellement cette attitude.<\/p>\n\n\n\n<p>L\u2019association dit se r\u00e9server le droit d\u2019entreprendre toutes les d\u00e9marches juridiques aux niveaux national et international pour rendre justice aux m\u00e9dias marocains face \u00e0 l\u2019arrogance alg\u00e9rienne et \u00e0 la mentalit\u00e9 de repli sur soi.<\/p>\n","protected":false},"excerpt":{"rendered":"<p>Dpress &nbsp;L\u2019Association nationale des m\u00e9dias et des \u00e9diteurs (ANME) a d\u00e9nonc\u00e9 le fait que la d\u00e9l\u00e9gation m\u00e9diatique officielle marocaine (la cha\u00eene Al Aoula) soit contrainte de quitter le territoire alg\u00e9rien, \u00e0 la veille du sommet arabe, en raison des pressions, des harc\u00e8lements, des interrogatoires s\u00e9curitaires et des longues heures d\u2019attente \u00e0 l\u2019a\u00e9roport Boumediene \u00e0 Alger, &hellip;<\/p>\n","protected":false},"author":2,"featured_media":2360,"comment_status":"open","ping_status":"open","sticky":false,"template":"","format":"standard","meta":{"footnotes":""},"categories":[31],"tags":[],"class_list":["post-2359","post","type-post","status-publish","format-standard","has-post-thumbnail","hentry","category-art-et-culture"],"yoast_head":"<!-- This site is optimized with the Yoast SEO plugin v27.5 - https:\/\/yoast.com\/product\/yoast-seo-wordpress\/ -->\n<title>L\u2019ANME d\u00e9nonce le fait que la d\u00e9l\u00e9gation m\u00e9diatique officielle marocaine soit contrainte de quitter l\u2019Alg\u00e9rie \u00e0 la veille du sommet arabe - Dpress.ma\/fr<\/title>\n<meta name=\"description\" content=\"L\u2019Association nationale des m\u00e9dias et des \u00e9diteurs (ANME) a d\u00e9nonc\u00e9 le fait que la d\u00e9l\u00e9gation m\u00e9diatique officielle marocaine (la cha\u00eene Al Aoula) soit contrainte de quitter le territoire alg\u00e9rien, \u00e0 la veille du sommet arabe, en raison des pressions, des harc\u00e8lements, des interrogatoires s\u00e9curitaires et des longues heures d\u2019attente \u00e0 l\u2019a\u00e9roport Boumediene \u00e0 Alger, qualifiant cet acte de \u201cnouveau scandale\u201d.\" \/>\n<meta name=\"robots\" content=\"index, follow, max-snippet:-1, max-image-preview:large, max-video-preview:-1\" \/>\n<link rel=\"canonical\" href=\"https:\/\/dpress.ma\/fr\/2022\/10\/31\/lanme-denonce-le-fait-que-la-delegation-mediatique-officielle-marocaine-soit-contrainte-de-quitter-lalgerie-a-la-veille-du-sommet-arabe\/\" \/>\n<meta property=\"og:locale\" content=\"fr_FR\" \/>\n<meta property=\"og:type\" content=\"article\" \/>\n<meta property=\"og:title\" content=\"L\u2019ANME d\u00e9nonce le fait que la d\u00e9l\u00e9gation m\u00e9diatique officielle marocaine soit contrainte de quitter l\u2019Alg\u00e9rie \u00e0 la veille du sommet arabe - Dpress.ma\/fr\" \/>\n<meta property=\"og:description\" content=\"L\u2019Association nationale des m\u00e9dias et des \u00e9diteurs (ANME) a d\u00e9nonc\u00e9 le fait que la d\u00e9l\u00e9gation m\u00e9diatique officielle marocaine (la cha\u00eene Al Aoula) soit contrainte de quitter le territoire alg\u00e9rien, \u00e0 la veille du sommet arabe, en raison des pressions, des harc\u00e8lements, des interrogatoires s\u00e9curitaires et des longues heures d\u2019attente \u00e0 l\u2019a\u00e9roport Boumediene \u00e0 Alger, qualifiant cet acte de \u201cnouveau scandale\u201d.\" \/>\n<meta property=\"og:url\" content=\"https:\/\/dpress.ma\/fr\/2022\/10\/31\/lanme-denonce-le-fait-que-la-delegation-mediatique-officielle-marocaine-soit-contrainte-de-quitter-lalgerie-a-la-veille-du-sommet-arabe\/\" \/>\n<meta property=\"og:site_name\" content=\"Dpress.ma\/fr\" \/>\n<meta property=\"article:published_time\" content=\"2022-10-31T14:34:08+00:00\" \/>\n<meta property=\"article:modified_time\" content=\"2022-10-31T14:34:10+00:00\" \/>\n<meta property=\"og:image\" content=\"https:\/\/dpress.ma\/fr\/wp-content\/uploads\/sites\/2\/2022\/10\/dimensions2-11.jpg\" \/>\n\t<meta property=\"og:image:width\" content=\"2539\" \/>\n\t<meta property=\"og:image:height\" content=\"1594\" \/>\n\t<meta property=\"og:image:type\" content=\"image\/jpeg\" \/>\n<meta name=\"author\" content=\"Dpress.ma\" \/>\n<meta name=\"twitter:card\" content=\"summary_large_image\" \/>\n<meta name=\"twitter:label1\" content=\"\u00c9crit par\" \/>\n\t<meta name=\"twitter:data1\" content=\"Dpress.ma\" \/>\n\t<meta name=\"twitter:label2\" content=\"Dur\u00e9e de lecture estim\u00e9e\" \/>\n\t<meta name=\"twitter:data2\" content=\"3 minutes\" \/>\n<script type=\"application\/ld+json\" class=\"yoast-schema-graph\">{\"@context\":\"https:\\\/\\\/schema.org\",\"@graph\":[{\"@type\":\"Article\",\"@id\":\"https:\\\/\\\/dpress.ma\\\/fr\\\/2022\\\/10\\\/31\\\/lanme-denonce-le-fait-que-la-delegation-mediatique-officielle-marocaine-soit-contrainte-de-quitter-lalgerie-a-la-veille-du-sommet-arabe\\\/#article\",\"isPartOf\":{\"@id\":\"https:\\\/\\\/dpress.ma\\\/fr\\\/2022\\\/10\\\/31\\\/lanme-denonce-le-fait-que-la-delegation-mediatique-officielle-marocaine-soit-contrainte-de-quitter-lalgerie-a-la-veille-du-sommet-arabe\\\/\"},\"author\":{\"name\":\"Dpress.ma\",\"@id\":\"https:\\\/\\\/dpress.ma\\\/fr\\\/#\\\/schema\\\/person\\\/4898febf3ccd59e6578d838656a306a0\"},\"headline\":\"L\u2019ANME d\u00e9nonce le fait que la d\u00e9l\u00e9gation m\u00e9diatique officielle marocaine soit contrainte de quitter l\u2019Alg\u00e9rie \u00e0 la veille du sommet arabe\",\"datePublished\":\"2022-10-31T14:34:08+00:00\",\"dateModified\":\"2022-10-31T14:34:10+00:00\",\"mainEntityOfPage\":{\"@id\":\"https:\\\/\\\/dpress.ma\\\/fr\\\/2022\\\/10\\\/31\\\/lanme-denonce-le-fait-que-la-delegation-mediatique-officielle-marocaine-soit-contrainte-de-quitter-lalgerie-a-la-veille-du-sommet-arabe\\\/\"},\"wordCount\":565,\"commentCount\":0,\"image\":{\"@id\":\"https:\\\/\\\/dpress.ma\\\/fr\\\/2022\\\/10\\\/31\\\/lanme-denonce-le-fait-que-la-delegation-mediatique-officielle-marocaine-soit-contrainte-de-quitter-lalgerie-a-la-veille-du-sommet-arabe\\\/#primaryimage\"},\"thumbnailUrl\":\"https:\\\/\\\/dpress.ma\\\/fr\\\/wp-content\\\/uploads\\\/sites\\\/2\\\/2022\\\/10\\\/dimensions2-11.jpg\",\"articleSection\":[\"Art et Culture\"],\"inLanguage\":\"fr-FR\",\"potentialAction\":[{\"@type\":\"CommentAction\",\"name\":\"Comment\",\"target\":[\"https:\\\/\\\/dpress.ma\\\/fr\\\/2022\\\/10\\\/31\\\/lanme-denonce-le-fait-que-la-delegation-mediatique-officielle-marocaine-soit-contrainte-de-quitter-lalgerie-a-la-veille-du-sommet-arabe\\\/#respond\"]}]},{\"@type\":\"WebPage\",\"@id\":\"https:\\\/\\\/dpress.ma\\\/fr\\\/2022\\\/10\\\/31\\\/lanme-denonce-le-fait-que-la-delegation-mediatique-officielle-marocaine-soit-contrainte-de-quitter-lalgerie-a-la-veille-du-sommet-arabe\\\/\",\"url\":\"https:\\\/\\\/dpress.ma\\\/fr\\\/2022\\\/10\\\/31\\\/lanme-denonce-le-fait-que-la-delegation-mediatique-officielle-marocaine-soit-contrainte-de-quitter-lalgerie-a-la-veille-du-sommet-arabe\\\/\",\"name\":\"L\u2019ANME d\u00e9nonce le fait que la d\u00e9l\u00e9gation m\u00e9diatique officielle marocaine soit contrainte de quitter l\u2019Alg\u00e9rie \u00e0 la veille du sommet arabe - Dpress.ma\\\/fr\",\"isPartOf\":{\"@id\":\"https:\\\/\\\/dpress.ma\\\/fr\\\/#website\"},\"primaryImageOfPage\":{\"@id\":\"https:\\\/\\\/dpress.ma\\\/fr\\\/2022\\\/10\\\/31\\\/lanme-denonce-le-fait-que-la-delegation-mediatique-officielle-marocaine-soit-contrainte-de-quitter-lalgerie-a-la-veille-du-sommet-arabe\\\/#primaryimage\"},\"image\":{\"@id\":\"https:\\\/\\\/dpress.ma\\\/fr\\\/2022\\\/10\\\/31\\\/lanme-denonce-le-fait-que-la-delegation-mediatique-officielle-marocaine-soit-contrainte-de-quitter-lalgerie-a-la-veille-du-sommet-arabe\\\/#primaryimage\"},\"thumbnailUrl\":\"https:\\\/\\\/dpress.ma\\\/fr\\\/wp-content\\\/uploads\\\/sites\\\/2\\\/2022\\\/10\\\/dimensions2-11.jpg\",\"datePublished\":\"2022-10-31T14:34:08+00:00\",\"dateModified\":\"2022-10-31T14:34:10+00:00\",\"author\":{\"@id\":\"https:\\\/\\\/dpress.ma\\\/fr\\\/#\\\/schema\\\/person\\\/4898febf3ccd59e6578d838656a306a0\"},\"description\":\"L\u2019Association nationale des m\u00e9dias et des \u00e9diteurs (ANME) a d\u00e9nonc\u00e9 le fait que la d\u00e9l\u00e9gation m\u00e9diatique officielle marocaine (la cha\u00eene Al Aoula) soit contrainte de quitter le territoire alg\u00e9rien, \u00e0 la veille du sommet arabe, en raison des pressions, des harc\u00e8lements, des interrogatoires s\u00e9curitaires et des longues heures d\u2019attente \u00e0 l\u2019a\u00e9roport Boumediene \u00e0 Alger, qualifiant cet acte de \u201cnouveau scandale\u201d.\",\"breadcrumb\":{\"@id\":\"https:\\\/\\\/dpress.ma\\\/fr\\\/2022\\\/10\\\/31\\\/lanme-denonce-le-fait-que-la-delegation-mediatique-officielle-marocaine-soit-contrainte-de-quitter-lalgerie-a-la-veille-du-sommet-arabe\\\/#breadcrumb\"},\"inLanguage\":\"fr-FR\",\"potentialAction\":[{\"@type\":\"ReadAction\",\"target\":[\"https:\\\/\\\/dpress.ma\\\/fr\\\/2022\\\/10\\\/31\\\/lanme-denonce-le-fait-que-la-delegation-mediatique-officielle-marocaine-soit-contrainte-de-quitter-lalgerie-a-la-veille-du-sommet-arabe\\\/\"]}]},{\"@type\":\"ImageObject\",\"inLanguage\":\"fr-FR\",\"@id\":\"https:\\\/\\\/dpress.ma\\\/fr\\\/2022\\\/10\\\/31\\\/lanme-denonce-le-fait-que-la-delegation-mediatique-officielle-marocaine-soit-contrainte-de-quitter-lalgerie-a-la-veille-du-sommet-arabe\\\/#primaryimage\",\"url\":\"https:\\\/\\\/dpress.ma\\\/fr\\\/wp-content\\\/uploads\\\/sites\\\/2\\\/2022\\\/10\\\/dimensions2-11.jpg\",\"contentUrl\":\"https:\\\/\\\/dpress.ma\\\/fr\\\/wp-content\\\/uploads\\\/sites\\\/2\\\/2022\\\/10\\\/dimensions2-11.jpg\",\"width\":2539,\"height\":1594},{\"@type\":\"BreadcrumbList\",\"@id\":\"https:\\\/\\\/dpress.ma\\\/fr\\\/2022\\\/10\\\/31\\\/lanme-denonce-le-fait-que-la-delegation-mediatique-officielle-marocaine-soit-contrainte-de-quitter-lalgerie-a-la-veille-du-sommet-arabe\\\/#breadcrumb\",\"itemListElement\":[{\"@type\":\"ListItem\",\"position\":1,\"name\":\"Home\",\"item\":\"https:\\\/\\\/dpress.ma\\\/fr\\\/\"},{\"@type\":\"ListItem\",\"position\":2,\"name\":\"L\u2019ANME d\u00e9nonce le fait que la d\u00e9l\u00e9gation m\u00e9diatique officielle marocaine soit contrainte de quitter l\u2019Alg\u00e9rie \u00e0 la veille du sommet arabe\"}]},{\"@type\":\"WebSite\",\"@id\":\"https:\\\/\\\/dpress.ma\\\/fr\\\/#website\",\"url\":\"https:\\\/\\\/dpress.ma\\\/fr\\\/\",\"name\":\"Dpress.ma\\\/fr\",\"description\":\"\",\"potentialAction\":[{\"@type\":\"SearchAction\",\"target\":{\"@type\":\"EntryPoint\",\"urlTemplate\":\"https:\\\/\\\/dpress.ma\\\/fr\\\/?s={search_term_string}\"},\"query-input\":{\"@type\":\"PropertyValueSpecification\",\"valueRequired\":true,\"valueName\":\"search_term_string\"}}],\"inLanguage\":\"fr-FR\"},{\"@type\":\"Person\",\"@id\":\"https:\\\/\\\/dpress.ma\\\/fr\\\/#\\\/schema\\\/person\\\/4898febf3ccd59e6578d838656a306a0\",\"name\":\"Dpress.ma\",\"image\":{\"@type\":\"ImageObject\",\"inLanguage\":\"fr-FR\",\"@id\":\"https:\\\/\\\/secure.gravatar.com\\\/avatar\\\/72ecc30e9db047a2e0e7176561eb9d564ed77c8108376495b19bd8336405198a?s=96&d=mm&r=g\",\"url\":\"https:\\\/\\\/secure.gravatar.com\\\/avatar\\\/72ecc30e9db047a2e0e7176561eb9d564ed77c8108376495b19bd8336405198a?s=96&d=mm&r=g\",\"contentUrl\":\"https:\\\/\\\/secure.gravatar.com\\\/avatar\\\/72ecc30e9db047a2e0e7176561eb9d564ed77c8108376495b19bd8336405198a?s=96&d=mm&r=g\",\"caption\":\"Dpress.ma\"},\"sameAs\":[\"https:\\\/\\\/www.dpress.ma\"],\"url\":\"https:\\\/\\\/dpress.ma\\\/fr\\\/author\\\/dpress-ma\\\/\"}]}<\/script>\n<!-- \/ Yoast SEO plugin. -->","yoast_head_json":{"title":"L\u2019ANME d\u00e9nonce le fait que la d\u00e9l\u00e9gation m\u00e9diatique officielle marocaine soit contrainte de quitter l\u2019Alg\u00e9rie \u00e0 la veille du sommet arabe - Dpress.ma\/fr","description":"L\u2019Association nationale des m\u00e9dias et des \u00e9diteurs (ANME) a d\u00e9nonc\u00e9 le fait que la d\u00e9l\u00e9gation m\u00e9diatique officielle marocaine (la cha\u00eene Al Aoula) soit contrainte de quitter le territoire alg\u00e9rien, \u00e0 la veille du sommet arabe, en raison des pressions, des harc\u00e8lements, des interrogatoires s\u00e9curitaires et des longues heures d\u2019attente \u00e0 l\u2019a\u00e9roport Boumediene \u00e0 Alger, qualifiant cet acte de \u201cnouveau scandale\u201d.","robots":{"index":"index","follow":"follow","max-snippet":"max-snippet:-1","max-image-preview":"max-image-preview:large","max-video-preview":"max-video-preview:-1"},"canonical":"https:\/\/dpress.ma\/fr\/2022\/10\/31\/lanme-denonce-le-fait-que-la-delegation-mediatique-officielle-marocaine-soit-contrainte-de-quitter-lalgerie-a-la-veille-du-sommet-arabe\/","og_locale":"fr_FR","og_type":"article","og_title":"L\u2019ANME d\u00e9nonce le fait que la d\u00e9l\u00e9gation m\u00e9diatique officielle marocaine soit contrainte de quitter l\u2019Alg\u00e9rie \u00e0 la veille du sommet arabe - Dpress.ma\/fr","og_description":"L\u2019Association nationale des m\u00e9dias et des \u00e9diteurs (ANME) a d\u00e9nonc\u00e9 le fait que la d\u00e9l\u00e9gation m\u00e9diatique officielle marocaine (la cha\u00eene Al Aoula) soit contrainte de quitter le territoire alg\u00e9rien, \u00e0 la veille du sommet arabe, en raison des pressions, des harc\u00e8lements, des interrogatoires s\u00e9curitaires et des longues heures d\u2019attente \u00e0 l\u2019a\u00e9roport Boumediene \u00e0 Alger, qualifiant cet acte de \u201cnouveau scandale\u201d.","og_url":"https:\/\/dpress.ma\/fr\/2022\/10\/31\/lanme-denonce-le-fait-que-la-delegation-mediatique-officielle-marocaine-soit-contrainte-de-quitter-lalgerie-a-la-veille-du-sommet-arabe\/","og_site_name":"Dpress.ma\/fr","article_published_time":"2022-10-31T14:34:08+00:00","article_modified_time":"2022-10-31T14:34:10+00:00","og_image":[{"width":2539,"height":1594,"url":"https:\/\/dpress.ma\/fr\/wp-content\/uploads\/sites\/2\/2022\/10\/dimensions2-11.jpg","type":"image\/jpeg"}],"author":"Dpress.ma","twitter_card":"summary_large_image","twitter_misc":{"\u00c9crit par":"Dpress.ma","Dur\u00e9e de lecture estim\u00e9e":"3 minutes"},"schema":{"@context":"https:\/\/schema.org","@graph":[{"@type":"Article","@id":"https:\/\/dpress.ma\/fr\/2022\/10\/31\/lanme-denonce-le-fait-que-la-delegation-mediatique-officielle-marocaine-soit-contrainte-de-quitter-lalgerie-a-la-veille-du-sommet-arabe\/#article","isPartOf":{"@id":"https:\/\/dpress.ma\/fr\/2022\/10\/31\/lanme-denonce-le-fait-que-la-delegation-mediatique-officielle-marocaine-soit-contrainte-de-quitter-lalgerie-a-la-veille-du-sommet-arabe\/"},"author":{"name":"Dpress.ma","@id":"https:\/\/dpress.ma\/fr\/#\/schema\/person\/4898febf3ccd59e6578d838656a306a0"},"headline":"L\u2019ANME d\u00e9nonce le fait que la d\u00e9l\u00e9gation m\u00e9diatique officielle marocaine soit contrainte de quitter l\u2019Alg\u00e9rie \u00e0 la veille du sommet arabe","datePublished":"2022-10-31T14:34:08+00:00","dateModified":"2022-10-31T14:34:10+00:00","mainEntityOfPage":{"@id":"https:\/\/dpress.ma\/fr\/2022\/10\/31\/lanme-denonce-le-fait-que-la-delegation-mediatique-officielle-marocaine-soit-contrainte-de-quitter-lalgerie-a-la-veille-du-sommet-arabe\/"},"wordCount":565,"commentCount":0,"image":{"@id":"https:\/\/dpress.ma\/fr\/2022\/10\/31\/lanme-denonce-le-fait-que-la-delegation-mediatique-officielle-marocaine-soit-contrainte-de-quitter-lalgerie-a-la-veille-du-sommet-arabe\/#primaryimage"},"thumbnailUrl":"https:\/\/dpress.ma\/fr\/wp-content\/uploads\/sites\/2\/2022\/10\/dimensions2-11.jpg","articleSection":["Art et Culture"],"inLanguage":"fr-FR","potentialAction":[{"@type":"CommentAction","name":"Comment","target":["https:\/\/dpress.ma\/fr\/2022\/10\/31\/lanme-denonce-le-fait-que-la-delegation-mediatique-officielle-marocaine-soit-contrainte-de-quitter-lalgerie-a-la-veille-du-sommet-arabe\/#respond"]}]},{"@type":"WebPage","@id":"https:\/\/dpress.ma\/fr\/2022\/10\/31\/lanme-denonce-le-fait-que-la-delegation-mediatique-officielle-marocaine-soit-contrainte-de-quitter-lalgerie-a-la-veille-du-sommet-arabe\/","url":"https:\/\/dpress.ma\/fr\/2022\/10\/31\/lanme-denonce-le-fait-que-la-delegation-mediatique-officielle-marocaine-soit-contrainte-de-quitter-lalgerie-a-la-veille-du-sommet-arabe\/","name":"L\u2019ANME d\u00e9nonce le fait que la d\u00e9l\u00e9gation m\u00e9diatique officielle marocaine soit contrainte de quitter l\u2019Alg\u00e9rie \u00e0 la veille du sommet arabe - Dpress.ma\/fr","isPartOf":{"@id":"https:\/\/dpress.ma\/fr\/#website"},"primaryImageOfPage":{"@id":"https:\/\/dpress.ma\/fr\/2022\/10\/31\/lanme-denonce-le-fait-que-la-delegation-mediatique-officielle-marocaine-soit-contrainte-de-quitter-lalgerie-a-la-veille-du-sommet-arabe\/#primaryimage"},"image":{"@id":"https:\/\/dpress.ma\/fr\/2022\/10\/31\/lanme-denonce-le-fait-que-la-delegation-mediatique-officielle-marocaine-soit-contrainte-de-quitter-lalgerie-a-la-veille-du-sommet-arabe\/#primaryimage"},"thumbnailUrl":"https:\/\/dpress.ma\/fr\/wp-content\/uploads\/sites\/2\/2022\/10\/dimensions2-11.jpg","datePublished":"2022-10-31T14:34:08+00:00","dateModified":"2022-10-31T14:34:10+00:00","author":{"@id":"https:\/\/dpress.ma\/fr\/#\/schema\/person\/4898febf3ccd59e6578d838656a306a0"},"description":"L\u2019Association nationale des m\u00e9dias et des \u00e9diteurs (ANME) a d\u00e9nonc\u00e9 le fait que la d\u00e9l\u00e9gation m\u00e9diatique officielle marocaine (la cha\u00eene Al Aoula) soit contrainte de quitter le territoire alg\u00e9rien, \u00e0 la veille du sommet arabe, en raison des pressions, des harc\u00e8lements, des interrogatoires s\u00e9curitaires et des longues heures d\u2019attente \u00e0 l\u2019a\u00e9roport Boumediene \u00e0 Alger, qualifiant cet acte de \u201cnouveau scandale\u201d.","breadcrumb":{"@id":"https:\/\/dpress.ma\/fr\/2022\/10\/31\/lanme-denonce-le-fait-que-la-delegation-mediatique-officielle-marocaine-soit-contrainte-de-quitter-lalgerie-a-la-veille-du-sommet-arabe\/#breadcrumb"},"inLanguage":"fr-FR","potentialAction":[{"@type":"ReadAction","target":["https:\/\/dpress.ma\/fr\/2022\/10\/31\/lanme-denonce-le-fait-que-la-delegation-mediatique-officielle-marocaine-soit-contrainte-de-quitter-lalgerie-a-la-veille-du-sommet-arabe\/"]}]},{"@type":"ImageObject","inLanguage":"fr-FR","@id":"https:\/\/dpress.ma\/fr\/2022\/10\/31\/lanme-denonce-le-fait-que-la-delegation-mediatique-officielle-marocaine-soit-contrainte-de-quitter-lalgerie-a-la-veille-du-sommet-arabe\/#primaryimage","url":"https:\/\/dpress.ma\/fr\/wp-content\/uploads\/sites\/2\/2022\/10\/dimensions2-11.jpg","contentUrl":"https:\/\/dpress.ma\/fr\/wp-content\/uploads\/sites\/2\/2022\/10\/dimensions2-11.jpg","width":2539,"height":1594},{"@type":"BreadcrumbList","@id":"https:\/\/dpress.ma\/fr\/2022\/10\/31\/lanme-denonce-le-fait-que-la-delegation-mediatique-officielle-marocaine-soit-contrainte-de-quitter-lalgerie-a-la-veille-du-sommet-arabe\/#breadcrumb","itemListElement":[{"@type":"ListItem","position":1,"name":"Home","item":"https:\/\/dpress.ma\/fr\/"},{"@type":"ListItem","position":2,"name":"L\u2019ANME d\u00e9nonce le fait que la d\u00e9l\u00e9gation m\u00e9diatique officielle marocaine soit contrainte de quitter l\u2019Alg\u00e9rie \u00e0 la veille du sommet arabe"}]},{"@type":"WebSite","@id":"https:\/\/dpress.ma\/fr\/#website","url":"https:\/\/dpress.ma\/fr\/","name":"Dpress.ma\/fr","description":"","potentialAction":[{"@type":"SearchAction","target":{"@type":"EntryPoint","urlTemplate":"https:\/\/dpress.ma\/fr\/?s={search_term_string}"},"query-input":{"@type":"PropertyValueSpecification","valueRequired":true,"valueName":"search_term_string"}}],"inLanguage":"fr-FR"},{"@type":"Person","@id":"https:\/\/dpress.ma\/fr\/#\/schema\/person\/4898febf3ccd59e6578d838656a306a0","name":"Dpress.ma","image":{"@type":"ImageObject","inLanguage":"fr-FR","@id":"https:\/\/secure.gravatar.com\/avatar\/72ecc30e9db047a2e0e7176561eb9d564ed77c8108376495b19bd8336405198a?s=96&d=mm&r=g","url":"https:\/\/secure.gravatar.com\/avatar\/72ecc30e9db047a2e0e7176561eb9d564ed77c8108376495b19bd8336405198a?s=96&d=mm&r=g","contentUrl":"https:\/\/secure.gravatar.com\/avatar\/72ecc30e9db047a2e0e7176561eb9d564ed77c8108376495b19bd8336405198a?s=96&d=mm&r=g","caption":"Dpress.ma"},"sameAs":["https:\/\/www.dpress.ma"],"url":"https:\/\/dpress.ma\/fr\/author\/dpress-ma\/"}]}},"amp_enabled":true,"_links":{"self":[{"href":"https:\/\/dpress.ma\/fr\/wp-json\/wp\/v2\/posts\/2359","targetHints":{"allow":["GET"]}}],"collection":[{"href":"https:\/\/dpress.ma\/fr\/wp-json\/wp\/v2\/posts"}],"about":[{"href":"https:\/\/dpress.ma\/fr\/wp-json\/wp\/v2\/types\/post"}],"author":[{"embeddable":true,"href":"https:\/\/dpress.ma\/fr\/wp-json\/wp\/v2\/users\/2"}],"replies":[{"embeddable":true,"href":"https:\/\/dpress.ma\/fr\/wp-json\/wp\/v2\/comments?post=2359"}],"version-history":[{"count":1,"href":"https:\/\/dpress.ma\/fr\/wp-json\/wp\/v2\/posts\/2359\/revisions"}],"predecessor-version":[{"id":2361,"href":"https:\/\/dpress.ma\/fr\/wp-json\/wp\/v2\/posts\/2359\/revisions\/2361"}],"wp:featuredmedia":[{"embeddable":true,"href":"https:\/\/dpress.ma\/fr\/wp-json\/wp\/v2\/media\/2360"}],"wp:attachment":[{"href":"https:\/\/dpress.ma\/fr\/wp-json\/wp\/v2\/media?parent=2359"}],"wp:term":[{"taxonomy":"category","embeddable":true,"href":"https:\/\/dpress.ma\/fr\/wp-json\/wp\/v2\/categories?post=2359"},{"taxonomy":"post_tag","embeddable":true,"href":"https:\/\/dpress.ma\/fr\/wp-json\/wp\/v2\/tags?post=2359"}],"curies":[{"name":"wp","href":"https:\/\/api.w.org\/{rel}","templated":true}]}}