{"id":2325,"date":"2022-10-28T16:09:27","date_gmt":"2022-10-28T16:09:27","guid":{"rendered":"https:\/\/dpress.ma\/fr\/?p=2325"},"modified":"2022-10-28T16:09:29","modified_gmt":"2022-10-28T16:09:29","slug":"efficacite-energetique-lamee-le-pnud-et-la-koica-sunissent-pour-le-renforcement-des-capacites-des-autorites-locales","status":"publish","type":"post","link":"https:\/\/dpress.ma\/fr\/2022\/10\/28\/efficacite-energetique-lamee-le-pnud-et-la-koica-sunissent-pour-le-renforcement-des-capacites-des-autorites-locales\/","title":{"rendered":"Efficacit\u00e9 \u00e9nerg\u00e9tique: l\u2019AMEE, le PNUD et la KOICA s\u2019unissent pour le renforcement des capacit\u00e9s des autorit\u00e9s locales"},"content":{"rendered":"\n<p>Dpress<\/p>\n\n\n\n<p>Un accord de subvention du projet \u201cRenforcement des capacit\u00e9s des autorit\u00e9s locales en mati\u00e8re d\u2019efficacit\u00e9 \u00e9nerg\u00e9tique\u201d a \u00e9t\u00e9 sign\u00e9, vendredi \u00e0 Rabat, entre l\u2019Agence cor\u00e9enne de coop\u00e9ration internationale (KOICA), le Programme des Nations Unies pour le d\u00e9veloppement (PNUD) au Maroc et l\u2019Agence Marocaine pour l\u2019Efficacit\u00e9 \u00e9nerg\u00e9tique (AMEE).<\/p>\n\n\n\n<p>B\u00e9n\u00e9ficiant de l\u2019appui financier de la KOICA, ce projet a pour but de renforcer la coop\u00e9ration entre les trois agences partenaires pour mieux soutenir les objectifs du Maroc en mati\u00e8re d\u2019efficacit\u00e9 \u00e9nerg\u00e9tique et de neutralit\u00e9 carbone.<\/p>\n\n\n\n<p>Paraph\u00e9 et sign\u00e9 par le repr\u00e9sentant r\u00e9sident de la KOICA au Maroc, Yongwoo Jeong, la repr\u00e9sentante r\u00e9sidente adjointe du PNUD, Martine Therer et le Directeur g\u00e9n\u00e9ral de l\u2019AMEE, Said Mouline, cet accord porte sur le d\u00e9veloppement des capacit\u00e9s des principaux acteurs locaux des diff\u00e9rentes r\u00e9gions du Maroc. Il contribuera \u00e9galement \u00e0 promouvoir et \u00e0 acc\u00e9l\u00e9rer la transition \u00e9nerg\u00e9tique dont le potentiel pour d\u00e9clencher une nouvelle \u00e9mergence verte au Maroc a \u00e9t\u00e9 analys\u00e9 par le Conseil \u00e9conomique, social et environnemental.<\/p>\n\n\n\n<p>Ce projet sera ex\u00e9cut\u00e9 au cours de la p\u00e9riode 2022-2024, gr\u00e2ce \u00e0 une \u00e9troite coop\u00e9ration entre le PNUD et l\u2019AMEE. Pour le PNUD, il s\u2019inscrit dans ses appuis de longue date au gouvernement marocain dans le domaine de l\u2019\u00e9nergie et fait partie d\u2019un portefeuille de projets visant \u00e0 soutenir une transition \u00e9conomique et \u00e9nerg\u00e9tique inclusive et \u00e0 faible \u00e9mission de carbone, conform\u00e9ment aux objectifs de d\u00e9veloppement durable.<\/p>\n\n\n\n<p>Le projet contribue \u00e9galement au plan strat\u00e9gique du bureau de la KOICA au Maroc qui promeut la neutralit\u00e9 carbone et qui s\u2019aligne avec les orientations nationales du Royaume en faveur de la transition vers le d\u00e9veloppement durable. Les travaux de la KOICA viennent soutenir les efforts et les engagements nationaux en faveur de l\u2019att\u00e9nuation des effets du changement climatique au Maroc et en Afrique.<\/p>\n\n\n\n<p>S\u2019exprimant lors de la c\u00e9r\u00e9monie de signature de cette convention triangulaire, M. Mouline a rappel\u00e9 l\u2019ambitieuse strat\u00e9gie nationale en mati\u00e8re de transition \u00e9nerg\u00e9tique qui, a-t-il dit, est port\u00e9e au plus haut niveau de l\u2019Etat.<\/p>\n\n\n\n<p>Il a dans ce cadre soulign\u00e9 que la transition \u00e9nerg\u00e9tique ne peut se faire qu\u2019\u00e0 travers un accompagnement des ressources humaines en mati\u00e8re de formation, de sensibilisation et d\u2019actions sur le terrain d\u2019o\u00f9 l\u2019importance du renforcement de leurs capacit\u00e9s, objet dudit accord, notant que tous les secteurs sont concern\u00e9s par cette transition \u00e9nerg\u00e9tique.<\/p>\n\n\n\n<p>Ce nouveau projet porte sur une formation destin\u00e9e aux diff\u00e9rents acteurs concern\u00e9s par la transition \u00e9nerg\u00e9tique pour la diffuser par la suite sur tout le territoire national et au niveau des autorit\u00e9s locales, a-t-il pr\u00e9cis\u00e9.<\/p>\n\n\n\n<p>M. Mouline a en outre affirm\u00e9 que les ressources humaines repr\u00e9sentent \u201cla cl\u00e9 du d\u00e9veloppement\u201d, qui constitue le domaine d\u2019intervention du PNUD, exprimant par la m\u00eame occasion ses remerciements \u00e0 la KOICA pour son soutien financier.<\/p>\n\n\n\n<p>Il a \u00e9galement insist\u00e9 sur l\u2019importance d\u2019acc\u00e9l\u00e9rer la transition \u00e9nerg\u00e9tique, notamment dans le contexte g\u00e9opolitique actuel et d\u2019accompagner le changement de comportement de consommation d\u2019\u00e9nergie afin de pouvoir all\u00e9ger la facture \u00e9nerg\u00e9tique du pays.<\/p>\n\n\n\n<p>Pour sa part, Mme Therer a dit appr\u00e9cier cet accord qui tombe \u00e0 point nomm\u00e9 vu la crise \u00e9nerg\u00e9tique actuelle et la crise climatique, pour renforcer la coop\u00e9ration du PNUD avec des partenaires traditionnels \u00e0 savoir l\u2019AMEE et la KOICA, notant que cette convention porte sur un enjeu important qui est la transition \u00e9nerg\u00e9tique.<\/p>\n\n\n\n<p>Le renforcement des capacit\u00e9s est au c\u0153ur du mandat du PNUD, a-t-elle dit, ajoutant que ce projet permettra de former les cadres de l\u2019AMEE et les acteurs locaux qui seront appel\u00e9s \u00e0 mettre en \u0153uvre toutes les actions n\u00e9cessaires \u00e0 l\u2019acc\u00e9l\u00e9ration de la transition \u00e9nerg\u00e9tique.<\/p>\n\n\n\n<p>Le PNUD accompagnera le Maroc en mati\u00e8re de transition \u00e9nerg\u00e9tique qui figure parmi les priorit\u00e9s du Royaume, a-t-elle assur\u00e9, mettant l\u2019accent sur le potentiel que la transition \u00e9conomique verte offre pour le Maroc et pour son d\u00e9veloppement durable.<\/p>\n\n\n\n<p>Le Maroc dispose d\u2019un fort potentiel en mati\u00e8re d\u2019\u00e9nergies renouvelables (\u00e9olien, solaire et l\u2019hydrog\u00e8ne vert), a relev\u00e9 Mme Therer, soulignant que cette collaboration va permettre de contribuer \u00e0 la transformation de l\u2019\u00e9conomie nationale vers une \u00e9conomie verte inclusive porteuse de richesses et d\u2019emplois.<\/p>\n\n\n\n<p>Prenant la parole \u00e0 son tour, M. Yongwoo Jeong a indiqu\u00e9 que gr\u00e2ce \u00e0 ce projet, la KOICA esp\u00e8re renforcer la coop\u00e9ration en mati\u00e8re de recherche et de d\u00e9veloppement entre le Maroc et la R\u00e9publique de Cor\u00e9e et \u00e0 promouvoir les \u00e9changes dans le domaine des \u00e9nergies renouvelables et de la mitigation du changement climatique, relevant que le Royaume joue un r\u00f4le central dans la lutte contre le changement climatique et la transition \u00e9nerg\u00e9tique.<\/p>\n\n\n\n<p>Dans cette logique, le plan pays du bureau de la KOICA Maroc vient accompagner la strat\u00e9gie verte du Royaume et son ambition d\u2019atteindre la neutralit\u00e9 carbone, a-t-il fait savoir.<\/p>\n","protected":false},"excerpt":{"rendered":"<p>Dpress Un accord de subvention du projet \u201cRenforcement des capacit\u00e9s des autorit\u00e9s locales en mati\u00e8re d\u2019efficacit\u00e9 \u00e9nerg\u00e9tique\u201d a \u00e9t\u00e9 sign\u00e9, vendredi \u00e0 Rabat, entre l\u2019Agence cor\u00e9enne de coop\u00e9ration internationale (KOICA), le Programme des Nations Unies pour le d\u00e9veloppement (PNUD) au Maroc et l\u2019Agence Marocaine pour l\u2019Efficacit\u00e9 \u00e9nerg\u00e9tique (AMEE). B\u00e9n\u00e9ficiant de l\u2019appui financier de la KOICA, &hellip;<\/p>\n","protected":false},"author":2,"featured_media":2326,"comment_status":"open","ping_status":"open","sticky":false,"template":"","format":"standard","meta":{"footnotes":""},"categories":[25],"tags":[],"class_list":["post-2325","post","type-post","status-publish","format-standard","has-post-thumbnail","hentry","category-economie"],"yoast_head":"<!-- This site is optimized with the Yoast SEO plugin v27.5 - https:\/\/yoast.com\/product\/yoast-seo-wordpress\/ -->\n<title>Efficacit\u00e9 \u00e9nerg\u00e9tique: l\u2019AMEE, le PNUD et la KOICA s\u2019unissent pour le renforcement des capacit\u00e9s des autorit\u00e9s locales - Dpress.ma\/fr<\/title>\n<meta name=\"description\" content=\"Un accord de subvention du projet \u201cRenforcement des capacit\u00e9s des autorit\u00e9s locales en mati\u00e8re d\u2019efficacit\u00e9 \u00e9nerg\u00e9tique\u201d a \u00e9t\u00e9 sign\u00e9, vendredi \u00e0 Rabat, entre l\u2019Agence cor\u00e9enne de coop\u00e9ration internationale (KOICA), le Programme des Nations Unies pour le d\u00e9veloppement (PNUD) au Maroc et l\u2019Agence Marocaine pour l\u2019Efficacit\u00e9 \u00e9nerg\u00e9tique (AMEE).\" \/>\n<meta name=\"robots\" content=\"index, follow, max-snippet:-1, max-image-preview:large, max-video-preview:-1\" \/>\n<link rel=\"canonical\" href=\"https:\/\/dpress.ma\/fr\/2022\/10\/28\/efficacite-energetique-lamee-le-pnud-et-la-koica-sunissent-pour-le-renforcement-des-capacites-des-autorites-locales\/\" \/>\n<meta property=\"og:locale\" content=\"fr_FR\" \/>\n<meta property=\"og:type\" content=\"article\" \/>\n<meta property=\"og:title\" content=\"Efficacit\u00e9 \u00e9nerg\u00e9tique: l\u2019AMEE, le PNUD et la KOICA s\u2019unissent pour le renforcement des capacit\u00e9s des autorit\u00e9s locales - Dpress.ma\/fr\" \/>\n<meta property=\"og:description\" content=\"Un accord de subvention du projet \u201cRenforcement des capacit\u00e9s des autorit\u00e9s locales en mati\u00e8re d\u2019efficacit\u00e9 \u00e9nerg\u00e9tique\u201d a \u00e9t\u00e9 sign\u00e9, vendredi \u00e0 Rabat, entre l\u2019Agence cor\u00e9enne de coop\u00e9ration internationale (KOICA), le Programme des Nations Unies pour le d\u00e9veloppement (PNUD) au Maroc et l\u2019Agence Marocaine pour l\u2019Efficacit\u00e9 \u00e9nerg\u00e9tique (AMEE).\" \/>\n<meta property=\"og:url\" content=\"https:\/\/dpress.ma\/fr\/2022\/10\/28\/efficacite-energetique-lamee-le-pnud-et-la-koica-sunissent-pour-le-renforcement-des-capacites-des-autorites-locales\/\" \/>\n<meta property=\"og:site_name\" content=\"Dpress.ma\/fr\" \/>\n<meta property=\"article:published_time\" content=\"2022-10-28T16:09:27+00:00\" \/>\n<meta property=\"article:modified_time\" content=\"2022-10-28T16:09:29+00:00\" \/>\n<meta property=\"og:image\" content=\"https:\/\/dpress.ma\/fr\/wp-content\/uploads\/sites\/2\/2022\/10\/dimensions2-Recovered-7.jpg\" \/>\n\t<meta property=\"og:image:width\" content=\"2539\" \/>\n\t<meta property=\"og:image:height\" content=\"1594\" \/>\n\t<meta property=\"og:image:type\" content=\"image\/jpeg\" \/>\n<meta name=\"author\" content=\"Dpress.ma\" \/>\n<meta name=\"twitter:card\" content=\"summary_large_image\" \/>\n<meta name=\"twitter:label1\" content=\"\u00c9crit par\" \/>\n\t<meta name=\"twitter:data1\" content=\"Dpress.ma\" \/>\n\t<meta name=\"twitter:label2\" content=\"Dur\u00e9e de lecture estim\u00e9e\" \/>\n\t<meta name=\"twitter:data2\" content=\"4 minutes\" \/>\n<script type=\"application\/ld+json\" class=\"yoast-schema-graph\">{\"@context\":\"https:\\\/\\\/schema.org\",\"@graph\":[{\"@type\":\"Article\",\"@id\":\"https:\\\/\\\/dpress.ma\\\/fr\\\/2022\\\/10\\\/28\\\/efficacite-energetique-lamee-le-pnud-et-la-koica-sunissent-pour-le-renforcement-des-capacites-des-autorites-locales\\\/#article\",\"isPartOf\":{\"@id\":\"https:\\\/\\\/dpress.ma\\\/fr\\\/2022\\\/10\\\/28\\\/efficacite-energetique-lamee-le-pnud-et-la-koica-sunissent-pour-le-renforcement-des-capacites-des-autorites-locales\\\/\"},\"author\":{\"name\":\"Dpress.ma\",\"@id\":\"https:\\\/\\\/dpress.ma\\\/fr\\\/#\\\/schema\\\/person\\\/4898febf3ccd59e6578d838656a306a0\"},\"headline\":\"Efficacit\u00e9 \u00e9nerg\u00e9tique: l\u2019AMEE, le PNUD et la KOICA s\u2019unissent pour le renforcement des capacit\u00e9s des autorit\u00e9s locales\",\"datePublished\":\"2022-10-28T16:09:27+00:00\",\"dateModified\":\"2022-10-28T16:09:29+00:00\",\"mainEntityOfPage\":{\"@id\":\"https:\\\/\\\/dpress.ma\\\/fr\\\/2022\\\/10\\\/28\\\/efficacite-energetique-lamee-le-pnud-et-la-koica-sunissent-pour-le-renforcement-des-capacites-des-autorites-locales\\\/\"},\"wordCount\":900,\"commentCount\":0,\"image\":{\"@id\":\"https:\\\/\\\/dpress.ma\\\/fr\\\/2022\\\/10\\\/28\\\/efficacite-energetique-lamee-le-pnud-et-la-koica-sunissent-pour-le-renforcement-des-capacites-des-autorites-locales\\\/#primaryimage\"},\"thumbnailUrl\":\"https:\\\/\\\/dpress.ma\\\/fr\\\/wp-content\\\/uploads\\\/sites\\\/2\\\/2022\\\/10\\\/dimensions2-Recovered-7.jpg\",\"articleSection\":[\"\u00c9conomie\"],\"inLanguage\":\"fr-FR\",\"potentialAction\":[{\"@type\":\"CommentAction\",\"name\":\"Comment\",\"target\":[\"https:\\\/\\\/dpress.ma\\\/fr\\\/2022\\\/10\\\/28\\\/efficacite-energetique-lamee-le-pnud-et-la-koica-sunissent-pour-le-renforcement-des-capacites-des-autorites-locales\\\/#respond\"]}]},{\"@type\":\"WebPage\",\"@id\":\"https:\\\/\\\/dpress.ma\\\/fr\\\/2022\\\/10\\\/28\\\/efficacite-energetique-lamee-le-pnud-et-la-koica-sunissent-pour-le-renforcement-des-capacites-des-autorites-locales\\\/\",\"url\":\"https:\\\/\\\/dpress.ma\\\/fr\\\/2022\\\/10\\\/28\\\/efficacite-energetique-lamee-le-pnud-et-la-koica-sunissent-pour-le-renforcement-des-capacites-des-autorites-locales\\\/\",\"name\":\"Efficacit\u00e9 \u00e9nerg\u00e9tique: l\u2019AMEE, le PNUD et la KOICA s\u2019unissent pour le renforcement des capacit\u00e9s des autorit\u00e9s locales - Dpress.ma\\\/fr\",\"isPartOf\":{\"@id\":\"https:\\\/\\\/dpress.ma\\\/fr\\\/#website\"},\"primaryImageOfPage\":{\"@id\":\"https:\\\/\\\/dpress.ma\\\/fr\\\/2022\\\/10\\\/28\\\/efficacite-energetique-lamee-le-pnud-et-la-koica-sunissent-pour-le-renforcement-des-capacites-des-autorites-locales\\\/#primaryimage\"},\"image\":{\"@id\":\"https:\\\/\\\/dpress.ma\\\/fr\\\/2022\\\/10\\\/28\\\/efficacite-energetique-lamee-le-pnud-et-la-koica-sunissent-pour-le-renforcement-des-capacites-des-autorites-locales\\\/#primaryimage\"},\"thumbnailUrl\":\"https:\\\/\\\/dpress.ma\\\/fr\\\/wp-content\\\/uploads\\\/sites\\\/2\\\/2022\\\/10\\\/dimensions2-Recovered-7.jpg\",\"datePublished\":\"2022-10-28T16:09:27+00:00\",\"dateModified\":\"2022-10-28T16:09:29+00:00\",\"author\":{\"@id\":\"https:\\\/\\\/dpress.ma\\\/fr\\\/#\\\/schema\\\/person\\\/4898febf3ccd59e6578d838656a306a0\"},\"description\":\"Un accord de subvention du projet \u201cRenforcement des capacit\u00e9s des autorit\u00e9s locales en mati\u00e8re d\u2019efficacit\u00e9 \u00e9nerg\u00e9tique\u201d a \u00e9t\u00e9 sign\u00e9, vendredi \u00e0 Rabat, entre l\u2019Agence cor\u00e9enne de coop\u00e9ration internationale (KOICA), le Programme des Nations Unies pour le d\u00e9veloppement (PNUD) au Maroc et l\u2019Agence Marocaine pour l\u2019Efficacit\u00e9 \u00e9nerg\u00e9tique (AMEE).\",\"breadcrumb\":{\"@id\":\"https:\\\/\\\/dpress.ma\\\/fr\\\/2022\\\/10\\\/28\\\/efficacite-energetique-lamee-le-pnud-et-la-koica-sunissent-pour-le-renforcement-des-capacites-des-autorites-locales\\\/#breadcrumb\"},\"inLanguage\":\"fr-FR\",\"potentialAction\":[{\"@type\":\"ReadAction\",\"target\":[\"https:\\\/\\\/dpress.ma\\\/fr\\\/2022\\\/10\\\/28\\\/efficacite-energetique-lamee-le-pnud-et-la-koica-sunissent-pour-le-renforcement-des-capacites-des-autorites-locales\\\/\"]}]},{\"@type\":\"ImageObject\",\"inLanguage\":\"fr-FR\",\"@id\":\"https:\\\/\\\/dpress.ma\\\/fr\\\/2022\\\/10\\\/28\\\/efficacite-energetique-lamee-le-pnud-et-la-koica-sunissent-pour-le-renforcement-des-capacites-des-autorites-locales\\\/#primaryimage\",\"url\":\"https:\\\/\\\/dpress.ma\\\/fr\\\/wp-content\\\/uploads\\\/sites\\\/2\\\/2022\\\/10\\\/dimensions2-Recovered-7.jpg\",\"contentUrl\":\"https:\\\/\\\/dpress.ma\\\/fr\\\/wp-content\\\/uploads\\\/sites\\\/2\\\/2022\\\/10\\\/dimensions2-Recovered-7.jpg\",\"width\":2539,\"height\":1594},{\"@type\":\"BreadcrumbList\",\"@id\":\"https:\\\/\\\/dpress.ma\\\/fr\\\/2022\\\/10\\\/28\\\/efficacite-energetique-lamee-le-pnud-et-la-koica-sunissent-pour-le-renforcement-des-capacites-des-autorites-locales\\\/#breadcrumb\",\"itemListElement\":[{\"@type\":\"ListItem\",\"position\":1,\"name\":\"Home\",\"item\":\"https:\\\/\\\/dpress.ma\\\/fr\\\/\"},{\"@type\":\"ListItem\",\"position\":2,\"name\":\"Efficacit\u00e9 \u00e9nerg\u00e9tique: l\u2019AMEE, le PNUD et la KOICA s\u2019unissent pour le renforcement des capacit\u00e9s des autorit\u00e9s locales\"}]},{\"@type\":\"WebSite\",\"@id\":\"https:\\\/\\\/dpress.ma\\\/fr\\\/#website\",\"url\":\"https:\\\/\\\/dpress.ma\\\/fr\\\/\",\"name\":\"Dpress.ma\\\/fr\",\"description\":\"\",\"potentialAction\":[{\"@type\":\"SearchAction\",\"target\":{\"@type\":\"EntryPoint\",\"urlTemplate\":\"https:\\\/\\\/dpress.ma\\\/fr\\\/?s={search_term_string}\"},\"query-input\":{\"@type\":\"PropertyValueSpecification\",\"valueRequired\":true,\"valueName\":\"search_term_string\"}}],\"inLanguage\":\"fr-FR\"},{\"@type\":\"Person\",\"@id\":\"https:\\\/\\\/dpress.ma\\\/fr\\\/#\\\/schema\\\/person\\\/4898febf3ccd59e6578d838656a306a0\",\"name\":\"Dpress.ma\",\"image\":{\"@type\":\"ImageObject\",\"inLanguage\":\"fr-FR\",\"@id\":\"https:\\\/\\\/secure.gravatar.com\\\/avatar\\\/72ecc30e9db047a2e0e7176561eb9d564ed77c8108376495b19bd8336405198a?s=96&d=mm&r=g\",\"url\":\"https:\\\/\\\/secure.gravatar.com\\\/avatar\\\/72ecc30e9db047a2e0e7176561eb9d564ed77c8108376495b19bd8336405198a?s=96&d=mm&r=g\",\"contentUrl\":\"https:\\\/\\\/secure.gravatar.com\\\/avatar\\\/72ecc30e9db047a2e0e7176561eb9d564ed77c8108376495b19bd8336405198a?s=96&d=mm&r=g\",\"caption\":\"Dpress.ma\"},\"sameAs\":[\"https:\\\/\\\/www.dpress.ma\"],\"url\":\"https:\\\/\\\/dpress.ma\\\/fr\\\/author\\\/dpress-ma\\\/\"}]}<\/script>\n<!-- \/ Yoast SEO plugin. -->","yoast_head_json":{"title":"Efficacit\u00e9 \u00e9nerg\u00e9tique: l\u2019AMEE, le PNUD et la KOICA s\u2019unissent pour le renforcement des capacit\u00e9s des autorit\u00e9s locales - Dpress.ma\/fr","description":"Un accord de subvention du projet \u201cRenforcement des capacit\u00e9s des autorit\u00e9s locales en mati\u00e8re d\u2019efficacit\u00e9 \u00e9nerg\u00e9tique\u201d a \u00e9t\u00e9 sign\u00e9, vendredi \u00e0 Rabat, entre l\u2019Agence cor\u00e9enne de coop\u00e9ration internationale (KOICA), le Programme des Nations Unies pour le d\u00e9veloppement (PNUD) au Maroc et l\u2019Agence Marocaine pour l\u2019Efficacit\u00e9 \u00e9nerg\u00e9tique (AMEE).","robots":{"index":"index","follow":"follow","max-snippet":"max-snippet:-1","max-image-preview":"max-image-preview:large","max-video-preview":"max-video-preview:-1"},"canonical":"https:\/\/dpress.ma\/fr\/2022\/10\/28\/efficacite-energetique-lamee-le-pnud-et-la-koica-sunissent-pour-le-renforcement-des-capacites-des-autorites-locales\/","og_locale":"fr_FR","og_type":"article","og_title":"Efficacit\u00e9 \u00e9nerg\u00e9tique: l\u2019AMEE, le PNUD et la KOICA s\u2019unissent pour le renforcement des capacit\u00e9s des autorit\u00e9s locales - Dpress.ma\/fr","og_description":"Un accord de subvention du projet \u201cRenforcement des capacit\u00e9s des autorit\u00e9s locales en mati\u00e8re d\u2019efficacit\u00e9 \u00e9nerg\u00e9tique\u201d a \u00e9t\u00e9 sign\u00e9, vendredi \u00e0 Rabat, entre l\u2019Agence cor\u00e9enne de coop\u00e9ration internationale (KOICA), le Programme des Nations Unies pour le d\u00e9veloppement (PNUD) au Maroc et l\u2019Agence Marocaine pour l\u2019Efficacit\u00e9 \u00e9nerg\u00e9tique (AMEE).","og_url":"https:\/\/dpress.ma\/fr\/2022\/10\/28\/efficacite-energetique-lamee-le-pnud-et-la-koica-sunissent-pour-le-renforcement-des-capacites-des-autorites-locales\/","og_site_name":"Dpress.ma\/fr","article_published_time":"2022-10-28T16:09:27+00:00","article_modified_time":"2022-10-28T16:09:29+00:00","og_image":[{"width":2539,"height":1594,"url":"https:\/\/dpress.ma\/fr\/wp-content\/uploads\/sites\/2\/2022\/10\/dimensions2-Recovered-7.jpg","type":"image\/jpeg"}],"author":"Dpress.ma","twitter_card":"summary_large_image","twitter_misc":{"\u00c9crit par":"Dpress.ma","Dur\u00e9e de lecture estim\u00e9e":"4 minutes"},"schema":{"@context":"https:\/\/schema.org","@graph":[{"@type":"Article","@id":"https:\/\/dpress.ma\/fr\/2022\/10\/28\/efficacite-energetique-lamee-le-pnud-et-la-koica-sunissent-pour-le-renforcement-des-capacites-des-autorites-locales\/#article","isPartOf":{"@id":"https:\/\/dpress.ma\/fr\/2022\/10\/28\/efficacite-energetique-lamee-le-pnud-et-la-koica-sunissent-pour-le-renforcement-des-capacites-des-autorites-locales\/"},"author":{"name":"Dpress.ma","@id":"https:\/\/dpress.ma\/fr\/#\/schema\/person\/4898febf3ccd59e6578d838656a306a0"},"headline":"Efficacit\u00e9 \u00e9nerg\u00e9tique: l\u2019AMEE, le PNUD et la KOICA s\u2019unissent pour le renforcement des capacit\u00e9s des autorit\u00e9s locales","datePublished":"2022-10-28T16:09:27+00:00","dateModified":"2022-10-28T16:09:29+00:00","mainEntityOfPage":{"@id":"https:\/\/dpress.ma\/fr\/2022\/10\/28\/efficacite-energetique-lamee-le-pnud-et-la-koica-sunissent-pour-le-renforcement-des-capacites-des-autorites-locales\/"},"wordCount":900,"commentCount":0,"image":{"@id":"https:\/\/dpress.ma\/fr\/2022\/10\/28\/efficacite-energetique-lamee-le-pnud-et-la-koica-sunissent-pour-le-renforcement-des-capacites-des-autorites-locales\/#primaryimage"},"thumbnailUrl":"https:\/\/dpress.ma\/fr\/wp-content\/uploads\/sites\/2\/2022\/10\/dimensions2-Recovered-7.jpg","articleSection":["\u00c9conomie"],"inLanguage":"fr-FR","potentialAction":[{"@type":"CommentAction","name":"Comment","target":["https:\/\/dpress.ma\/fr\/2022\/10\/28\/efficacite-energetique-lamee-le-pnud-et-la-koica-sunissent-pour-le-renforcement-des-capacites-des-autorites-locales\/#respond"]}]},{"@type":"WebPage","@id":"https:\/\/dpress.ma\/fr\/2022\/10\/28\/efficacite-energetique-lamee-le-pnud-et-la-koica-sunissent-pour-le-renforcement-des-capacites-des-autorites-locales\/","url":"https:\/\/dpress.ma\/fr\/2022\/10\/28\/efficacite-energetique-lamee-le-pnud-et-la-koica-sunissent-pour-le-renforcement-des-capacites-des-autorites-locales\/","name":"Efficacit\u00e9 \u00e9nerg\u00e9tique: l\u2019AMEE, le PNUD et la KOICA s\u2019unissent pour le renforcement des capacit\u00e9s des autorit\u00e9s locales - Dpress.ma\/fr","isPartOf":{"@id":"https:\/\/dpress.ma\/fr\/#website"},"primaryImageOfPage":{"@id":"https:\/\/dpress.ma\/fr\/2022\/10\/28\/efficacite-energetique-lamee-le-pnud-et-la-koica-sunissent-pour-le-renforcement-des-capacites-des-autorites-locales\/#primaryimage"},"image":{"@id":"https:\/\/dpress.ma\/fr\/2022\/10\/28\/efficacite-energetique-lamee-le-pnud-et-la-koica-sunissent-pour-le-renforcement-des-capacites-des-autorites-locales\/#primaryimage"},"thumbnailUrl":"https:\/\/dpress.ma\/fr\/wp-content\/uploads\/sites\/2\/2022\/10\/dimensions2-Recovered-7.jpg","datePublished":"2022-10-28T16:09:27+00:00","dateModified":"2022-10-28T16:09:29+00:00","author":{"@id":"https:\/\/dpress.ma\/fr\/#\/schema\/person\/4898febf3ccd59e6578d838656a306a0"},"description":"Un accord de subvention du projet \u201cRenforcement des capacit\u00e9s des autorit\u00e9s locales en mati\u00e8re d\u2019efficacit\u00e9 \u00e9nerg\u00e9tique\u201d a \u00e9t\u00e9 sign\u00e9, vendredi \u00e0 Rabat, entre l\u2019Agence cor\u00e9enne de coop\u00e9ration internationale (KOICA), le Programme des Nations Unies pour le d\u00e9veloppement (PNUD) au Maroc et l\u2019Agence Marocaine pour l\u2019Efficacit\u00e9 \u00e9nerg\u00e9tique (AMEE).","breadcrumb":{"@id":"https:\/\/dpress.ma\/fr\/2022\/10\/28\/efficacite-energetique-lamee-le-pnud-et-la-koica-sunissent-pour-le-renforcement-des-capacites-des-autorites-locales\/#breadcrumb"},"inLanguage":"fr-FR","potentialAction":[{"@type":"ReadAction","target":["https:\/\/dpress.ma\/fr\/2022\/10\/28\/efficacite-energetique-lamee-le-pnud-et-la-koica-sunissent-pour-le-renforcement-des-capacites-des-autorites-locales\/"]}]},{"@type":"ImageObject","inLanguage":"fr-FR","@id":"https:\/\/dpress.ma\/fr\/2022\/10\/28\/efficacite-energetique-lamee-le-pnud-et-la-koica-sunissent-pour-le-renforcement-des-capacites-des-autorites-locales\/#primaryimage","url":"https:\/\/dpress.ma\/fr\/wp-content\/uploads\/sites\/2\/2022\/10\/dimensions2-Recovered-7.jpg","contentUrl":"https:\/\/dpress.ma\/fr\/wp-content\/uploads\/sites\/2\/2022\/10\/dimensions2-Recovered-7.jpg","width":2539,"height":1594},{"@type":"BreadcrumbList","@id":"https:\/\/dpress.ma\/fr\/2022\/10\/28\/efficacite-energetique-lamee-le-pnud-et-la-koica-sunissent-pour-le-renforcement-des-capacites-des-autorites-locales\/#breadcrumb","itemListElement":[{"@type":"ListItem","position":1,"name":"Home","item":"https:\/\/dpress.ma\/fr\/"},{"@type":"ListItem","position":2,"name":"Efficacit\u00e9 \u00e9nerg\u00e9tique: l\u2019AMEE, le PNUD et la KOICA s\u2019unissent pour le renforcement des capacit\u00e9s des autorit\u00e9s locales"}]},{"@type":"WebSite","@id":"https:\/\/dpress.ma\/fr\/#website","url":"https:\/\/dpress.ma\/fr\/","name":"Dpress.ma\/fr","description":"","potentialAction":[{"@type":"SearchAction","target":{"@type":"EntryPoint","urlTemplate":"https:\/\/dpress.ma\/fr\/?s={search_term_string}"},"query-input":{"@type":"PropertyValueSpecification","valueRequired":true,"valueName":"search_term_string"}}],"inLanguage":"fr-FR"},{"@type":"Person","@id":"https:\/\/dpress.ma\/fr\/#\/schema\/person\/4898febf3ccd59e6578d838656a306a0","name":"Dpress.ma","image":{"@type":"ImageObject","inLanguage":"fr-FR","@id":"https:\/\/secure.gravatar.com\/avatar\/72ecc30e9db047a2e0e7176561eb9d564ed77c8108376495b19bd8336405198a?s=96&d=mm&r=g","url":"https:\/\/secure.gravatar.com\/avatar\/72ecc30e9db047a2e0e7176561eb9d564ed77c8108376495b19bd8336405198a?s=96&d=mm&r=g","contentUrl":"https:\/\/secure.gravatar.com\/avatar\/72ecc30e9db047a2e0e7176561eb9d564ed77c8108376495b19bd8336405198a?s=96&d=mm&r=g","caption":"Dpress.ma"},"sameAs":["https:\/\/www.dpress.ma"],"url":"https:\/\/dpress.ma\/fr\/author\/dpress-ma\/"}]}},"amp_enabled":true,"_links":{"self":[{"href":"https:\/\/dpress.ma\/fr\/wp-json\/wp\/v2\/posts\/2325","targetHints":{"allow":["GET"]}}],"collection":[{"href":"https:\/\/dpress.ma\/fr\/wp-json\/wp\/v2\/posts"}],"about":[{"href":"https:\/\/dpress.ma\/fr\/wp-json\/wp\/v2\/types\/post"}],"author":[{"embeddable":true,"href":"https:\/\/dpress.ma\/fr\/wp-json\/wp\/v2\/users\/2"}],"replies":[{"embeddable":true,"href":"https:\/\/dpress.ma\/fr\/wp-json\/wp\/v2\/comments?post=2325"}],"version-history":[{"count":1,"href":"https:\/\/dpress.ma\/fr\/wp-json\/wp\/v2\/posts\/2325\/revisions"}],"predecessor-version":[{"id":2327,"href":"https:\/\/dpress.ma\/fr\/wp-json\/wp\/v2\/posts\/2325\/revisions\/2327"}],"wp:featuredmedia":[{"embeddable":true,"href":"https:\/\/dpress.ma\/fr\/wp-json\/wp\/v2\/media\/2326"}],"wp:attachment":[{"href":"https:\/\/dpress.ma\/fr\/wp-json\/wp\/v2\/media?parent=2325"}],"wp:term":[{"taxonomy":"category","embeddable":true,"href":"https:\/\/dpress.ma\/fr\/wp-json\/wp\/v2\/categories?post=2325"},{"taxonomy":"post_tag","embeddable":true,"href":"https:\/\/dpress.ma\/fr\/wp-json\/wp\/v2\/tags?post=2325"}],"curies":[{"name":"wp","href":"https:\/\/api.w.org\/{rel}","templated":true}]}}