{"id":2322,"date":"2022-10-28T16:00:59","date_gmt":"2022-10-28T16:00:59","guid":{"rendered":"https:\/\/dpress.ma\/fr\/?p=2322"},"modified":"2022-10-28T16:01:01","modified_gmt":"2022-10-28T16:01:01","slug":"participation-de-la-cour-des-comptes-aux-travaux-de-lag-et-du-conseil-executif-de-larabosai-a-jeddah","status":"publish","type":"post","link":"https:\/\/dpress.ma\/fr\/2022\/10\/28\/participation-de-la-cour-des-comptes-aux-travaux-de-lag-et-du-conseil-executif-de-larabosai-a-jeddah\/","title":{"rendered":"Participation de la Cour des comptes aux travaux de l\u2019AG et du Conseil ex\u00e9cutif de l\u2019ARABOSAI \u00e0 Jeddah"},"content":{"rendered":"\n<p>Dpress<\/p>\n\n\n\n<p>Une d\u00e9l\u00e9gation de haut niveau de la Cour des comptes, conduite par son Premier Pr\u00e9sident, Madame Zineb El Adaoui, a pris part aux travaux de la 14\u00e8me session de l\u2019Assembl\u00e9e g\u00e9n\u00e9rale et de la 64\u00e8me r\u00e9union du Conseil ex\u00e9cutif de l\u2019Organisation arabe des institutions sup\u00e9rieures de contr\u00f4le des finances publiques (Arabosai), organis\u00e9es r\u00e9cemment \u00e0 Jeddah, en Arabie Saoudite.<\/p>\n\n\n\n<p>Ainsi, la r\u00e9union du Conseil ex\u00e9cutif de l\u2019ARABOSAI abrit\u00e9e par le Bureau G\u00e9n\u00e9ral d\u2019Audit du Royaume d\u2019Arabie saoudite les 23 et 24 octobre, a \u00e9t\u00e9 une occasion pour examiner et discuter le Plan strat\u00e9gique de l\u2019organisation pour la p\u00e9riode 2023-2028, les rapports pr\u00e9par\u00e9s par la pr\u00e9sidence de l\u2019organisation, son Secr\u00e9tariat g\u00e9n\u00e9ral, et ses diff\u00e9rentes commissions de d\u00e9veloppement des capacit\u00e9s institutionnelles, des normes professionnelles et de contr\u00f4le, du contr\u00f4le des objectifs du d\u00e9veloppement durable et de la planification strat\u00e9gique, indique un communiqu\u00e9 de la Cour des Compte.<\/p>\n\n\n\n<p>Les participants ont \u00e9galement examin\u00e9 les rapports sur la participation des membres de l\u2019ARABOSAI aux travaux des diff\u00e9rents groupes et commissions de travail de l\u2019Organisation internationale des institutions sup\u00e9rieures de contr\u00f4le des finances publiques (INTOSAI).<\/p>\n\n\n\n<p>S\u2019agissant de la session de l\u2019assembl\u00e9e g\u00e9n\u00e9rale de l\u2019Arabosai, les participants ont approuv\u00e9 les d\u00e9cisions adopt\u00e9es par le 64\u00e8me Conseil ex\u00e9cutif concernant les rapports pr\u00e9par\u00e9s par la pr\u00e9sidence de l\u2019organisation, le Secr\u00e9tariat g\u00e9n\u00e9ral, les commissions et sous-commissions ainsi que le plan strat\u00e9gique de l\u2019organisation pour la p\u00e9riode 2023-2028.<\/p>\n\n\n\n<p>Cette r\u00e9union a \u00e9t\u00e9 marqu\u00e9e \u00e9galement par l\u2019\u00e9lection des membres du Conseil ex\u00e9cutif de l\u2019organisation ainsi que par la constitution de ses principales commissions. La Cour des Comptes, membre du Conseil ex\u00e9cutif, s\u2019est vu confier la pr\u00e9sidence de la commission de surveillance des objectifs de d\u00e9veloppement durable. Elle a \u00e9galement \u00e9t\u00e9 reconduite en tant que membre de la commission du renforcement des capacit\u00e9s institutionnelles et de la Commission des normes professionnelles.<\/p>\n\n\n\n<p>Par ailleurs, un colloque scientifique a \u00e9t\u00e9 organis\u00e9 en marge de l\u2019Assembl\u00e9e g\u00e9n\u00e9rale sous le th\u00e8me \u00abLa transition vers la comptabilit\u00e9 d\u2019exercice et son r\u00f4le sur l\u2019am\u00e9lioration de la performance des finances publiques\u00bb. Ce s\u00e9minaire a \u00e9t\u00e9 l\u2019occasion pour la Cour des comptes de pr\u00e9senter l\u2019exp\u00e9rience marocaine en mati\u00e8re de la mise en \u0153uvre de la comptabilit\u00e9 g\u00e9n\u00e9rale de l\u2019\u00c9tat et du r\u00f4le de ladite Cour dans le domaine de la certification des comptes.<\/p>\n","protected":false},"excerpt":{"rendered":"<p>Dpress Une d\u00e9l\u00e9gation de haut niveau de la Cour des comptes, conduite par son Premier Pr\u00e9sident, Madame Zineb El Adaoui, a pris part aux travaux de la 14\u00e8me session de l\u2019Assembl\u00e9e g\u00e9n\u00e9rale et de la 64\u00e8me r\u00e9union du Conseil ex\u00e9cutif de l\u2019Organisation arabe des institutions sup\u00e9rieures de contr\u00f4le des finances publiques (Arabosai), organis\u00e9es r\u00e9cemment \u00e0 &hellip;<\/p>\n","protected":false},"author":2,"featured_media":2323,"comment_status":"open","ping_status":"open","sticky":false,"template":"","format":"standard","meta":{"footnotes":""},"categories":[25],"tags":[],"class_list":["post-2322","post","type-post","status-publish","format-standard","has-post-thumbnail","hentry","category-economie"],"yoast_head":"<!-- This site is optimized with the Yoast SEO plugin v27.5 - https:\/\/yoast.com\/product\/yoast-seo-wordpress\/ -->\n<title>Participation de la Cour des comptes aux travaux de l\u2019AG et du Conseil ex\u00e9cutif de l\u2019ARABOSAI \u00e0 Jeddah - Dpress.ma\/fr<\/title>\n<meta name=\"description\" content=\"Une d\u00e9l\u00e9gation de haut niveau de la Cour des comptes, conduite par son Premier Pr\u00e9sident, Madame Zineb El Adaoui, a pris part aux travaux de la 14\u00e8me session de l\u2019Assembl\u00e9e g\u00e9n\u00e9rale et de la 64\u00e8me r\u00e9union du Conseil ex\u00e9cutif de l\u2019Organisation arabe des institutions sup\u00e9rieures de contr\u00f4le des finances publiques (Arabosai), organis\u00e9es r\u00e9cemment \u00e0 Jeddah, en Arabie Saoudite.\" \/>\n<meta name=\"robots\" content=\"index, follow, max-snippet:-1, max-image-preview:large, max-video-preview:-1\" \/>\n<link rel=\"canonical\" href=\"https:\/\/dpress.ma\/fr\/2022\/10\/28\/participation-de-la-cour-des-comptes-aux-travaux-de-lag-et-du-conseil-executif-de-larabosai-a-jeddah\/\" \/>\n<meta property=\"og:locale\" content=\"fr_FR\" \/>\n<meta property=\"og:type\" content=\"article\" \/>\n<meta property=\"og:title\" content=\"Participation de la Cour des comptes aux travaux de l\u2019AG et du Conseil ex\u00e9cutif de l\u2019ARABOSAI \u00e0 Jeddah - Dpress.ma\/fr\" \/>\n<meta property=\"og:description\" content=\"Une d\u00e9l\u00e9gation de haut niveau de la Cour des comptes, conduite par son Premier Pr\u00e9sident, Madame Zineb El Adaoui, a pris part aux travaux de la 14\u00e8me session de l\u2019Assembl\u00e9e g\u00e9n\u00e9rale et de la 64\u00e8me r\u00e9union du Conseil ex\u00e9cutif de l\u2019Organisation arabe des institutions sup\u00e9rieures de contr\u00f4le des finances publiques (Arabosai), organis\u00e9es r\u00e9cemment \u00e0 Jeddah, en Arabie Saoudite.\" \/>\n<meta property=\"og:url\" content=\"https:\/\/dpress.ma\/fr\/2022\/10\/28\/participation-de-la-cour-des-comptes-aux-travaux-de-lag-et-du-conseil-executif-de-larabosai-a-jeddah\/\" \/>\n<meta property=\"og:site_name\" content=\"Dpress.ma\/fr\" \/>\n<meta property=\"article:published_time\" content=\"2022-10-28T16:00:59+00:00\" \/>\n<meta property=\"article:modified_time\" content=\"2022-10-28T16:01:01+00:00\" \/>\n<meta property=\"og:image\" content=\"https:\/\/dpress.ma\/fr\/wp-content\/uploads\/sites\/2\/2022\/10\/dimensions2-Recovered-6.jpg\" \/>\n\t<meta property=\"og:image:width\" content=\"2539\" \/>\n\t<meta property=\"og:image:height\" content=\"1594\" \/>\n\t<meta property=\"og:image:type\" content=\"image\/jpeg\" \/>\n<meta name=\"author\" content=\"Dpress.ma\" \/>\n<meta name=\"twitter:card\" content=\"summary_large_image\" \/>\n<meta name=\"twitter:label1\" content=\"\u00c9crit par\" \/>\n\t<meta name=\"twitter:data1\" content=\"Dpress.ma\" \/>\n\t<meta name=\"twitter:label2\" content=\"Dur\u00e9e de lecture estim\u00e9e\" \/>\n\t<meta name=\"twitter:data2\" content=\"2 minutes\" \/>\n<script type=\"application\/ld+json\" class=\"yoast-schema-graph\">{\"@context\":\"https:\\\/\\\/schema.org\",\"@graph\":[{\"@type\":\"Article\",\"@id\":\"https:\\\/\\\/dpress.ma\\\/fr\\\/2022\\\/10\\\/28\\\/participation-de-la-cour-des-comptes-aux-travaux-de-lag-et-du-conseil-executif-de-larabosai-a-jeddah\\\/#article\",\"isPartOf\":{\"@id\":\"https:\\\/\\\/dpress.ma\\\/fr\\\/2022\\\/10\\\/28\\\/participation-de-la-cour-des-comptes-aux-travaux-de-lag-et-du-conseil-executif-de-larabosai-a-jeddah\\\/\"},\"author\":{\"name\":\"Dpress.ma\",\"@id\":\"https:\\\/\\\/dpress.ma\\\/fr\\\/#\\\/schema\\\/person\\\/4898febf3ccd59e6578d838656a306a0\"},\"headline\":\"Participation de la Cour des comptes aux travaux de l\u2019AG et du Conseil ex\u00e9cutif de l\u2019ARABOSAI \u00e0 Jeddah\",\"datePublished\":\"2022-10-28T16:00:59+00:00\",\"dateModified\":\"2022-10-28T16:01:01+00:00\",\"mainEntityOfPage\":{\"@id\":\"https:\\\/\\\/dpress.ma\\\/fr\\\/2022\\\/10\\\/28\\\/participation-de-la-cour-des-comptes-aux-travaux-de-lag-et-du-conseil-executif-de-larabosai-a-jeddah\\\/\"},\"wordCount\":482,\"commentCount\":0,\"image\":{\"@id\":\"https:\\\/\\\/dpress.ma\\\/fr\\\/2022\\\/10\\\/28\\\/participation-de-la-cour-des-comptes-aux-travaux-de-lag-et-du-conseil-executif-de-larabosai-a-jeddah\\\/#primaryimage\"},\"thumbnailUrl\":\"https:\\\/\\\/dpress.ma\\\/fr\\\/wp-content\\\/uploads\\\/sites\\\/2\\\/2022\\\/10\\\/dimensions2-Recovered-6.jpg\",\"articleSection\":[\"\u00c9conomie\"],\"inLanguage\":\"fr-FR\",\"potentialAction\":[{\"@type\":\"CommentAction\",\"name\":\"Comment\",\"target\":[\"https:\\\/\\\/dpress.ma\\\/fr\\\/2022\\\/10\\\/28\\\/participation-de-la-cour-des-comptes-aux-travaux-de-lag-et-du-conseil-executif-de-larabosai-a-jeddah\\\/#respond\"]}]},{\"@type\":\"WebPage\",\"@id\":\"https:\\\/\\\/dpress.ma\\\/fr\\\/2022\\\/10\\\/28\\\/participation-de-la-cour-des-comptes-aux-travaux-de-lag-et-du-conseil-executif-de-larabosai-a-jeddah\\\/\",\"url\":\"https:\\\/\\\/dpress.ma\\\/fr\\\/2022\\\/10\\\/28\\\/participation-de-la-cour-des-comptes-aux-travaux-de-lag-et-du-conseil-executif-de-larabosai-a-jeddah\\\/\",\"name\":\"Participation de la Cour des comptes aux travaux de l\u2019AG et du Conseil ex\u00e9cutif de l\u2019ARABOSAI \u00e0 Jeddah - Dpress.ma\\\/fr\",\"isPartOf\":{\"@id\":\"https:\\\/\\\/dpress.ma\\\/fr\\\/#website\"},\"primaryImageOfPage\":{\"@id\":\"https:\\\/\\\/dpress.ma\\\/fr\\\/2022\\\/10\\\/28\\\/participation-de-la-cour-des-comptes-aux-travaux-de-lag-et-du-conseil-executif-de-larabosai-a-jeddah\\\/#primaryimage\"},\"image\":{\"@id\":\"https:\\\/\\\/dpress.ma\\\/fr\\\/2022\\\/10\\\/28\\\/participation-de-la-cour-des-comptes-aux-travaux-de-lag-et-du-conseil-executif-de-larabosai-a-jeddah\\\/#primaryimage\"},\"thumbnailUrl\":\"https:\\\/\\\/dpress.ma\\\/fr\\\/wp-content\\\/uploads\\\/sites\\\/2\\\/2022\\\/10\\\/dimensions2-Recovered-6.jpg\",\"datePublished\":\"2022-10-28T16:00:59+00:00\",\"dateModified\":\"2022-10-28T16:01:01+00:00\",\"author\":{\"@id\":\"https:\\\/\\\/dpress.ma\\\/fr\\\/#\\\/schema\\\/person\\\/4898febf3ccd59e6578d838656a306a0\"},\"description\":\"Une d\u00e9l\u00e9gation de haut niveau de la Cour des comptes, conduite par son Premier Pr\u00e9sident, Madame Zineb El Adaoui, a pris part aux travaux de la 14\u00e8me session de l\u2019Assembl\u00e9e g\u00e9n\u00e9rale et de la 64\u00e8me r\u00e9union du Conseil ex\u00e9cutif de l\u2019Organisation arabe des institutions sup\u00e9rieures de contr\u00f4le des finances publiques (Arabosai), organis\u00e9es r\u00e9cemment \u00e0 Jeddah, en Arabie Saoudite.\",\"breadcrumb\":{\"@id\":\"https:\\\/\\\/dpress.ma\\\/fr\\\/2022\\\/10\\\/28\\\/participation-de-la-cour-des-comptes-aux-travaux-de-lag-et-du-conseil-executif-de-larabosai-a-jeddah\\\/#breadcrumb\"},\"inLanguage\":\"fr-FR\",\"potentialAction\":[{\"@type\":\"ReadAction\",\"target\":[\"https:\\\/\\\/dpress.ma\\\/fr\\\/2022\\\/10\\\/28\\\/participation-de-la-cour-des-comptes-aux-travaux-de-lag-et-du-conseil-executif-de-larabosai-a-jeddah\\\/\"]}]},{\"@type\":\"ImageObject\",\"inLanguage\":\"fr-FR\",\"@id\":\"https:\\\/\\\/dpress.ma\\\/fr\\\/2022\\\/10\\\/28\\\/participation-de-la-cour-des-comptes-aux-travaux-de-lag-et-du-conseil-executif-de-larabosai-a-jeddah\\\/#primaryimage\",\"url\":\"https:\\\/\\\/dpress.ma\\\/fr\\\/wp-content\\\/uploads\\\/sites\\\/2\\\/2022\\\/10\\\/dimensions2-Recovered-6.jpg\",\"contentUrl\":\"https:\\\/\\\/dpress.ma\\\/fr\\\/wp-content\\\/uploads\\\/sites\\\/2\\\/2022\\\/10\\\/dimensions2-Recovered-6.jpg\",\"width\":2539,\"height\":1594},{\"@type\":\"BreadcrumbList\",\"@id\":\"https:\\\/\\\/dpress.ma\\\/fr\\\/2022\\\/10\\\/28\\\/participation-de-la-cour-des-comptes-aux-travaux-de-lag-et-du-conseil-executif-de-larabosai-a-jeddah\\\/#breadcrumb\",\"itemListElement\":[{\"@type\":\"ListItem\",\"position\":1,\"name\":\"Home\",\"item\":\"https:\\\/\\\/dpress.ma\\\/fr\\\/\"},{\"@type\":\"ListItem\",\"position\":2,\"name\":\"Participation de la Cour des comptes aux travaux de l\u2019AG et du Conseil ex\u00e9cutif de l\u2019ARABOSAI \u00e0 Jeddah\"}]},{\"@type\":\"WebSite\",\"@id\":\"https:\\\/\\\/dpress.ma\\\/fr\\\/#website\",\"url\":\"https:\\\/\\\/dpress.ma\\\/fr\\\/\",\"name\":\"Dpress.ma\\\/fr\",\"description\":\"\",\"potentialAction\":[{\"@type\":\"SearchAction\",\"target\":{\"@type\":\"EntryPoint\",\"urlTemplate\":\"https:\\\/\\\/dpress.ma\\\/fr\\\/?s={search_term_string}\"},\"query-input\":{\"@type\":\"PropertyValueSpecification\",\"valueRequired\":true,\"valueName\":\"search_term_string\"}}],\"inLanguage\":\"fr-FR\"},{\"@type\":\"Person\",\"@id\":\"https:\\\/\\\/dpress.ma\\\/fr\\\/#\\\/schema\\\/person\\\/4898febf3ccd59e6578d838656a306a0\",\"name\":\"Dpress.ma\",\"image\":{\"@type\":\"ImageObject\",\"inLanguage\":\"fr-FR\",\"@id\":\"https:\\\/\\\/secure.gravatar.com\\\/avatar\\\/72ecc30e9db047a2e0e7176561eb9d564ed77c8108376495b19bd8336405198a?s=96&d=mm&r=g\",\"url\":\"https:\\\/\\\/secure.gravatar.com\\\/avatar\\\/72ecc30e9db047a2e0e7176561eb9d564ed77c8108376495b19bd8336405198a?s=96&d=mm&r=g\",\"contentUrl\":\"https:\\\/\\\/secure.gravatar.com\\\/avatar\\\/72ecc30e9db047a2e0e7176561eb9d564ed77c8108376495b19bd8336405198a?s=96&d=mm&r=g\",\"caption\":\"Dpress.ma\"},\"sameAs\":[\"https:\\\/\\\/www.dpress.ma\"],\"url\":\"https:\\\/\\\/dpress.ma\\\/fr\\\/author\\\/dpress-ma\\\/\"}]}<\/script>\n<!-- \/ Yoast SEO plugin. -->","yoast_head_json":{"title":"Participation de la Cour des comptes aux travaux de l\u2019AG et du Conseil ex\u00e9cutif de l\u2019ARABOSAI \u00e0 Jeddah - Dpress.ma\/fr","description":"Une d\u00e9l\u00e9gation de haut niveau de la Cour des comptes, conduite par son Premier Pr\u00e9sident, Madame Zineb El Adaoui, a pris part aux travaux de la 14\u00e8me session de l\u2019Assembl\u00e9e g\u00e9n\u00e9rale et de la 64\u00e8me r\u00e9union du Conseil ex\u00e9cutif de l\u2019Organisation arabe des institutions sup\u00e9rieures de contr\u00f4le des finances publiques (Arabosai), organis\u00e9es r\u00e9cemment \u00e0 Jeddah, en Arabie Saoudite.","robots":{"index":"index","follow":"follow","max-snippet":"max-snippet:-1","max-image-preview":"max-image-preview:large","max-video-preview":"max-video-preview:-1"},"canonical":"https:\/\/dpress.ma\/fr\/2022\/10\/28\/participation-de-la-cour-des-comptes-aux-travaux-de-lag-et-du-conseil-executif-de-larabosai-a-jeddah\/","og_locale":"fr_FR","og_type":"article","og_title":"Participation de la Cour des comptes aux travaux de l\u2019AG et du Conseil ex\u00e9cutif de l\u2019ARABOSAI \u00e0 Jeddah - Dpress.ma\/fr","og_description":"Une d\u00e9l\u00e9gation de haut niveau de la Cour des comptes, conduite par son Premier Pr\u00e9sident, Madame Zineb El Adaoui, a pris part aux travaux de la 14\u00e8me session de l\u2019Assembl\u00e9e g\u00e9n\u00e9rale et de la 64\u00e8me r\u00e9union du Conseil ex\u00e9cutif de l\u2019Organisation arabe des institutions sup\u00e9rieures de contr\u00f4le des finances publiques (Arabosai), organis\u00e9es r\u00e9cemment \u00e0 Jeddah, en Arabie Saoudite.","og_url":"https:\/\/dpress.ma\/fr\/2022\/10\/28\/participation-de-la-cour-des-comptes-aux-travaux-de-lag-et-du-conseil-executif-de-larabosai-a-jeddah\/","og_site_name":"Dpress.ma\/fr","article_published_time":"2022-10-28T16:00:59+00:00","article_modified_time":"2022-10-28T16:01:01+00:00","og_image":[{"width":2539,"height":1594,"url":"https:\/\/dpress.ma\/fr\/wp-content\/uploads\/sites\/2\/2022\/10\/dimensions2-Recovered-6.jpg","type":"image\/jpeg"}],"author":"Dpress.ma","twitter_card":"summary_large_image","twitter_misc":{"\u00c9crit par":"Dpress.ma","Dur\u00e9e de lecture estim\u00e9e":"2 minutes"},"schema":{"@context":"https:\/\/schema.org","@graph":[{"@type":"Article","@id":"https:\/\/dpress.ma\/fr\/2022\/10\/28\/participation-de-la-cour-des-comptes-aux-travaux-de-lag-et-du-conseil-executif-de-larabosai-a-jeddah\/#article","isPartOf":{"@id":"https:\/\/dpress.ma\/fr\/2022\/10\/28\/participation-de-la-cour-des-comptes-aux-travaux-de-lag-et-du-conseil-executif-de-larabosai-a-jeddah\/"},"author":{"name":"Dpress.ma","@id":"https:\/\/dpress.ma\/fr\/#\/schema\/person\/4898febf3ccd59e6578d838656a306a0"},"headline":"Participation de la Cour des comptes aux travaux de l\u2019AG et du Conseil ex\u00e9cutif de l\u2019ARABOSAI \u00e0 Jeddah","datePublished":"2022-10-28T16:00:59+00:00","dateModified":"2022-10-28T16:01:01+00:00","mainEntityOfPage":{"@id":"https:\/\/dpress.ma\/fr\/2022\/10\/28\/participation-de-la-cour-des-comptes-aux-travaux-de-lag-et-du-conseil-executif-de-larabosai-a-jeddah\/"},"wordCount":482,"commentCount":0,"image":{"@id":"https:\/\/dpress.ma\/fr\/2022\/10\/28\/participation-de-la-cour-des-comptes-aux-travaux-de-lag-et-du-conseil-executif-de-larabosai-a-jeddah\/#primaryimage"},"thumbnailUrl":"https:\/\/dpress.ma\/fr\/wp-content\/uploads\/sites\/2\/2022\/10\/dimensions2-Recovered-6.jpg","articleSection":["\u00c9conomie"],"inLanguage":"fr-FR","potentialAction":[{"@type":"CommentAction","name":"Comment","target":["https:\/\/dpress.ma\/fr\/2022\/10\/28\/participation-de-la-cour-des-comptes-aux-travaux-de-lag-et-du-conseil-executif-de-larabosai-a-jeddah\/#respond"]}]},{"@type":"WebPage","@id":"https:\/\/dpress.ma\/fr\/2022\/10\/28\/participation-de-la-cour-des-comptes-aux-travaux-de-lag-et-du-conseil-executif-de-larabosai-a-jeddah\/","url":"https:\/\/dpress.ma\/fr\/2022\/10\/28\/participation-de-la-cour-des-comptes-aux-travaux-de-lag-et-du-conseil-executif-de-larabosai-a-jeddah\/","name":"Participation de la Cour des comptes aux travaux de l\u2019AG et du Conseil ex\u00e9cutif de l\u2019ARABOSAI \u00e0 Jeddah - Dpress.ma\/fr","isPartOf":{"@id":"https:\/\/dpress.ma\/fr\/#website"},"primaryImageOfPage":{"@id":"https:\/\/dpress.ma\/fr\/2022\/10\/28\/participation-de-la-cour-des-comptes-aux-travaux-de-lag-et-du-conseil-executif-de-larabosai-a-jeddah\/#primaryimage"},"image":{"@id":"https:\/\/dpress.ma\/fr\/2022\/10\/28\/participation-de-la-cour-des-comptes-aux-travaux-de-lag-et-du-conseil-executif-de-larabosai-a-jeddah\/#primaryimage"},"thumbnailUrl":"https:\/\/dpress.ma\/fr\/wp-content\/uploads\/sites\/2\/2022\/10\/dimensions2-Recovered-6.jpg","datePublished":"2022-10-28T16:00:59+00:00","dateModified":"2022-10-28T16:01:01+00:00","author":{"@id":"https:\/\/dpress.ma\/fr\/#\/schema\/person\/4898febf3ccd59e6578d838656a306a0"},"description":"Une d\u00e9l\u00e9gation de haut niveau de la Cour des comptes, conduite par son Premier Pr\u00e9sident, Madame Zineb El Adaoui, a pris part aux travaux de la 14\u00e8me session de l\u2019Assembl\u00e9e g\u00e9n\u00e9rale et de la 64\u00e8me r\u00e9union du Conseil ex\u00e9cutif de l\u2019Organisation arabe des institutions sup\u00e9rieures de contr\u00f4le des finances publiques (Arabosai), organis\u00e9es r\u00e9cemment \u00e0 Jeddah, en Arabie Saoudite.","breadcrumb":{"@id":"https:\/\/dpress.ma\/fr\/2022\/10\/28\/participation-de-la-cour-des-comptes-aux-travaux-de-lag-et-du-conseil-executif-de-larabosai-a-jeddah\/#breadcrumb"},"inLanguage":"fr-FR","potentialAction":[{"@type":"ReadAction","target":["https:\/\/dpress.ma\/fr\/2022\/10\/28\/participation-de-la-cour-des-comptes-aux-travaux-de-lag-et-du-conseil-executif-de-larabosai-a-jeddah\/"]}]},{"@type":"ImageObject","inLanguage":"fr-FR","@id":"https:\/\/dpress.ma\/fr\/2022\/10\/28\/participation-de-la-cour-des-comptes-aux-travaux-de-lag-et-du-conseil-executif-de-larabosai-a-jeddah\/#primaryimage","url":"https:\/\/dpress.ma\/fr\/wp-content\/uploads\/sites\/2\/2022\/10\/dimensions2-Recovered-6.jpg","contentUrl":"https:\/\/dpress.ma\/fr\/wp-content\/uploads\/sites\/2\/2022\/10\/dimensions2-Recovered-6.jpg","width":2539,"height":1594},{"@type":"BreadcrumbList","@id":"https:\/\/dpress.ma\/fr\/2022\/10\/28\/participation-de-la-cour-des-comptes-aux-travaux-de-lag-et-du-conseil-executif-de-larabosai-a-jeddah\/#breadcrumb","itemListElement":[{"@type":"ListItem","position":1,"name":"Home","item":"https:\/\/dpress.ma\/fr\/"},{"@type":"ListItem","position":2,"name":"Participation de la Cour des comptes aux travaux de l\u2019AG et du Conseil ex\u00e9cutif de l\u2019ARABOSAI \u00e0 Jeddah"}]},{"@type":"WebSite","@id":"https:\/\/dpress.ma\/fr\/#website","url":"https:\/\/dpress.ma\/fr\/","name":"Dpress.ma\/fr","description":"","potentialAction":[{"@type":"SearchAction","target":{"@type":"EntryPoint","urlTemplate":"https:\/\/dpress.ma\/fr\/?s={search_term_string}"},"query-input":{"@type":"PropertyValueSpecification","valueRequired":true,"valueName":"search_term_string"}}],"inLanguage":"fr-FR"},{"@type":"Person","@id":"https:\/\/dpress.ma\/fr\/#\/schema\/person\/4898febf3ccd59e6578d838656a306a0","name":"Dpress.ma","image":{"@type":"ImageObject","inLanguage":"fr-FR","@id":"https:\/\/secure.gravatar.com\/avatar\/72ecc30e9db047a2e0e7176561eb9d564ed77c8108376495b19bd8336405198a?s=96&d=mm&r=g","url":"https:\/\/secure.gravatar.com\/avatar\/72ecc30e9db047a2e0e7176561eb9d564ed77c8108376495b19bd8336405198a?s=96&d=mm&r=g","contentUrl":"https:\/\/secure.gravatar.com\/avatar\/72ecc30e9db047a2e0e7176561eb9d564ed77c8108376495b19bd8336405198a?s=96&d=mm&r=g","caption":"Dpress.ma"},"sameAs":["https:\/\/www.dpress.ma"],"url":"https:\/\/dpress.ma\/fr\/author\/dpress-ma\/"}]}},"amp_enabled":true,"_links":{"self":[{"href":"https:\/\/dpress.ma\/fr\/wp-json\/wp\/v2\/posts\/2322","targetHints":{"allow":["GET"]}}],"collection":[{"href":"https:\/\/dpress.ma\/fr\/wp-json\/wp\/v2\/posts"}],"about":[{"href":"https:\/\/dpress.ma\/fr\/wp-json\/wp\/v2\/types\/post"}],"author":[{"embeddable":true,"href":"https:\/\/dpress.ma\/fr\/wp-json\/wp\/v2\/users\/2"}],"replies":[{"embeddable":true,"href":"https:\/\/dpress.ma\/fr\/wp-json\/wp\/v2\/comments?post=2322"}],"version-history":[{"count":1,"href":"https:\/\/dpress.ma\/fr\/wp-json\/wp\/v2\/posts\/2322\/revisions"}],"predecessor-version":[{"id":2324,"href":"https:\/\/dpress.ma\/fr\/wp-json\/wp\/v2\/posts\/2322\/revisions\/2324"}],"wp:featuredmedia":[{"embeddable":true,"href":"https:\/\/dpress.ma\/fr\/wp-json\/wp\/v2\/media\/2323"}],"wp:attachment":[{"href":"https:\/\/dpress.ma\/fr\/wp-json\/wp\/v2\/media?parent=2322"}],"wp:term":[{"taxonomy":"category","embeddable":true,"href":"https:\/\/dpress.ma\/fr\/wp-json\/wp\/v2\/categories?post=2322"},{"taxonomy":"post_tag","embeddable":true,"href":"https:\/\/dpress.ma\/fr\/wp-json\/wp\/v2\/tags?post=2322"}],"curies":[{"name":"wp","href":"https:\/\/api.w.org\/{rel}","templated":true}]}}