{"id":2274,"date":"2022-08-31T09:42:43","date_gmt":"2022-08-31T09:42:43","guid":{"rendered":"https:\/\/dpress.ma\/fr\/?p=2274"},"modified":"2022-08-31T09:42:45","modified_gmt":"2022-08-31T09:42:45","slug":"lag-de-lassociation-des-secretaires-generaux-des-parlements-francophones-les-02-et-03-septembre-a-rabat","status":"publish","type":"post","link":"https:\/\/dpress.ma\/fr\/2022\/08\/31\/lag-de-lassociation-des-secretaires-generaux-des-parlements-francophones-les-02-et-03-septembre-a-rabat\/","title":{"rendered":"L\u2019AG de l\u2019Association des secr\u00e9taires g\u00e9n\u00e9raux des parlements francophones, les 02 et 03 septembre \u00e0 Rabat"},"content":{"rendered":"\n<p>Dpress<\/p>\n\n\n\n<p>La Chambre des Repr\u00e9sentants abritera, les 02 et 03 septembre, les travaux de l\u2019Assembl\u00e9e G\u00e9n\u00e9rale de l\u2019Association des Secr\u00e9taires G\u00e9n\u00e9raux des Parlements Francophones (ASGPF).<\/p>\n\n\n\n<p>Cette assembl\u00e9e g\u00e9n\u00e9rale d\u00e9battra de trois th\u00e8mes principaux se rapportant aux \u201d Parlements bicam\u00e9raux: Relations entre les deux Assembl\u00e9es \u201c, au \u201d Code de Conduite et D\u00e9ontologie pour les Parlementaires et les personnels du Parlement \u201d et aux \u201d Centres de Recherche Parlementaires : Approches Compar\u00e9es \u201c, pr\u00e9cise un communiqu\u00e9 de la Chambre des Repr\u00e9sentants.<\/p>\n\n\n\n<p>En marge de cette r\u00e9union, il sera proc\u00e9d\u00e9 \u00e0 l\u2019\u00e9lection des membres du nouveau bureau de l\u2019ASGPF, ajoute la m\u00eame source.<\/p>\n\n\n\n<p>R\u00e9seau d\u2019\u00e9change d\u2019exp\u00e9riences, d\u2019expertises et d\u2019\u00e9tudes sur les questions li\u00e9es \u00e0 l\u2019organisation et \u00e0 la pratique du travail parlementaire, l\u2019Association des Secr\u00e9taires G\u00e9n\u00e9raux des Parlements Francophones comprend plus de 100 membres repr\u00e9sentant les parlements des pays francophones du monde.<\/p>\n\n\n\n<p>M. Najib El Khadi, Secr\u00e9taire G\u00e9n\u00e9ral de la Chambre des Repr\u00e9sentants, occupe actuellement le poste de vice-pr\u00e9sident de l\u2019Association.<\/p>\n","protected":false},"excerpt":{"rendered":"<p>Dpress La Chambre des Repr\u00e9sentants abritera, les 02 et 03 septembre, les travaux de l\u2019Assembl\u00e9e G\u00e9n\u00e9rale de l\u2019Association des Secr\u00e9taires G\u00e9n\u00e9raux des Parlements Francophones (ASGPF). Cette assembl\u00e9e g\u00e9n\u00e9rale d\u00e9battra de trois th\u00e8mes principaux se rapportant aux \u201d Parlements bicam\u00e9raux: Relations entre les deux Assembl\u00e9es \u201c, au \u201d Code de Conduite et D\u00e9ontologie pour les Parlementaires &hellip;<\/p>\n","protected":false},"author":2,"featured_media":1920,"comment_status":"open","ping_status":"open","sticky":false,"template":"","format":"standard","meta":{"footnotes":""},"categories":[34],"tags":[],"class_list":["post-2274","post","type-post","status-publish","format-standard","has-post-thumbnail","hentry","category-diplomatie-parlementaire"],"yoast_head":"<!-- This site is optimized with the Yoast SEO plugin v27.5 - https:\/\/yoast.com\/product\/yoast-seo-wordpress\/ -->\n<title>L\u2019AG de l\u2019Association des secr\u00e9taires g\u00e9n\u00e9raux des parlements francophones, les 02 et 03 septembre \u00e0 Rabat - Dpress.ma\/fr<\/title>\n<meta name=\"robots\" content=\"index, follow, max-snippet:-1, max-image-preview:large, max-video-preview:-1\" \/>\n<link rel=\"canonical\" href=\"https:\/\/dpress.ma\/fr\/2022\/08\/31\/lag-de-lassociation-des-secretaires-generaux-des-parlements-francophones-les-02-et-03-septembre-a-rabat\/\" \/>\n<meta property=\"og:locale\" content=\"fr_FR\" \/>\n<meta property=\"og:type\" content=\"article\" \/>\n<meta property=\"og:title\" content=\"L\u2019AG de l\u2019Association des secr\u00e9taires g\u00e9n\u00e9raux des parlements francophones, les 02 et 03 septembre \u00e0 Rabat - Dpress.ma\/fr\" \/>\n<meta property=\"og:description\" content=\"Dpress La Chambre des Repr\u00e9sentants abritera, les 02 et 03 septembre, les travaux de l\u2019Assembl\u00e9e G\u00e9n\u00e9rale de l\u2019Association des Secr\u00e9taires G\u00e9n\u00e9raux des Parlements Francophones (ASGPF). Cette assembl\u00e9e g\u00e9n\u00e9rale d\u00e9battra de trois th\u00e8mes principaux se rapportant aux \u201d Parlements bicam\u00e9raux: Relations entre les deux Assembl\u00e9es \u201c, au \u201d Code de Conduite et D\u00e9ontologie pour les Parlementaires &hellip;\" \/>\n<meta property=\"og:url\" content=\"https:\/\/dpress.ma\/fr\/2022\/08\/31\/lag-de-lassociation-des-secretaires-generaux-des-parlements-francophones-les-02-et-03-septembre-a-rabat\/\" \/>\n<meta property=\"og:site_name\" content=\"Dpress.ma\/fr\" \/>\n<meta property=\"article:published_time\" content=\"2022-08-31T09:42:43+00:00\" \/>\n<meta property=\"article:modified_time\" content=\"2022-08-31T09:42:45+00:00\" \/>\n<meta property=\"og:image\" content=\"https:\/\/dpress.ma\/fr\/wp-content\/uploads\/sites\/2\/2022\/07\/sdfdsf.jpg\" \/>\n\t<meta property=\"og:image:width\" content=\"2539\" \/>\n\t<meta property=\"og:image:height\" content=\"1594\" \/>\n\t<meta property=\"og:image:type\" content=\"image\/jpeg\" \/>\n<meta name=\"author\" content=\"Dpress.ma\" \/>\n<meta name=\"twitter:card\" content=\"summary_large_image\" \/>\n<meta name=\"twitter:label1\" content=\"\u00c9crit par\" \/>\n\t<meta name=\"twitter:data1\" content=\"Dpress.ma\" \/>\n\t<meta name=\"twitter:label2\" content=\"Dur\u00e9e de lecture estim\u00e9e\" \/>\n\t<meta name=\"twitter:data2\" content=\"1 minute\" \/>\n<script type=\"application\/ld+json\" class=\"yoast-schema-graph\">{\"@context\":\"https:\\\/\\\/schema.org\",\"@graph\":[{\"@type\":\"Article\",\"@id\":\"https:\\\/\\\/dpress.ma\\\/fr\\\/2022\\\/08\\\/31\\\/lag-de-lassociation-des-secretaires-generaux-des-parlements-francophones-les-02-et-03-septembre-a-rabat\\\/#article\",\"isPartOf\":{\"@id\":\"https:\\\/\\\/dpress.ma\\\/fr\\\/2022\\\/08\\\/31\\\/lag-de-lassociation-des-secretaires-generaux-des-parlements-francophones-les-02-et-03-septembre-a-rabat\\\/\"},\"author\":{\"name\":\"Dpress.ma\",\"@id\":\"https:\\\/\\\/dpress.ma\\\/fr\\\/#\\\/schema\\\/person\\\/4898febf3ccd59e6578d838656a306a0\"},\"headline\":\"L\u2019AG de l\u2019Association des secr\u00e9taires g\u00e9n\u00e9raux des parlements francophones, les 02 et 03 septembre \u00e0 Rabat\",\"datePublished\":\"2022-08-31T09:42:43+00:00\",\"dateModified\":\"2022-08-31T09:42:45+00:00\",\"mainEntityOfPage\":{\"@id\":\"https:\\\/\\\/dpress.ma\\\/fr\\\/2022\\\/08\\\/31\\\/lag-de-lassociation-des-secretaires-generaux-des-parlements-francophones-les-02-et-03-septembre-a-rabat\\\/\"},\"wordCount\":208,\"commentCount\":0,\"image\":{\"@id\":\"https:\\\/\\\/dpress.ma\\\/fr\\\/2022\\\/08\\\/31\\\/lag-de-lassociation-des-secretaires-generaux-des-parlements-francophones-les-02-et-03-septembre-a-rabat\\\/#primaryimage\"},\"thumbnailUrl\":\"https:\\\/\\\/dpress.ma\\\/fr\\\/wp-content\\\/uploads\\\/sites\\\/2\\\/2022\\\/07\\\/sdfdsf.jpg\",\"articleSection\":[\"Diplomatie Parlementaire\"],\"inLanguage\":\"fr-FR\",\"potentialAction\":[{\"@type\":\"CommentAction\",\"name\":\"Comment\",\"target\":[\"https:\\\/\\\/dpress.ma\\\/fr\\\/2022\\\/08\\\/31\\\/lag-de-lassociation-des-secretaires-generaux-des-parlements-francophones-les-02-et-03-septembre-a-rabat\\\/#respond\"]}]},{\"@type\":\"WebPage\",\"@id\":\"https:\\\/\\\/dpress.ma\\\/fr\\\/2022\\\/08\\\/31\\\/lag-de-lassociation-des-secretaires-generaux-des-parlements-francophones-les-02-et-03-septembre-a-rabat\\\/\",\"url\":\"https:\\\/\\\/dpress.ma\\\/fr\\\/2022\\\/08\\\/31\\\/lag-de-lassociation-des-secretaires-generaux-des-parlements-francophones-les-02-et-03-septembre-a-rabat\\\/\",\"name\":\"L\u2019AG de l\u2019Association des secr\u00e9taires g\u00e9n\u00e9raux des parlements francophones, les 02 et 03 septembre \u00e0 Rabat - Dpress.ma\\\/fr\",\"isPartOf\":{\"@id\":\"https:\\\/\\\/dpress.ma\\\/fr\\\/#website\"},\"primaryImageOfPage\":{\"@id\":\"https:\\\/\\\/dpress.ma\\\/fr\\\/2022\\\/08\\\/31\\\/lag-de-lassociation-des-secretaires-generaux-des-parlements-francophones-les-02-et-03-septembre-a-rabat\\\/#primaryimage\"},\"image\":{\"@id\":\"https:\\\/\\\/dpress.ma\\\/fr\\\/2022\\\/08\\\/31\\\/lag-de-lassociation-des-secretaires-generaux-des-parlements-francophones-les-02-et-03-septembre-a-rabat\\\/#primaryimage\"},\"thumbnailUrl\":\"https:\\\/\\\/dpress.ma\\\/fr\\\/wp-content\\\/uploads\\\/sites\\\/2\\\/2022\\\/07\\\/sdfdsf.jpg\",\"datePublished\":\"2022-08-31T09:42:43+00:00\",\"dateModified\":\"2022-08-31T09:42:45+00:00\",\"author\":{\"@id\":\"https:\\\/\\\/dpress.ma\\\/fr\\\/#\\\/schema\\\/person\\\/4898febf3ccd59e6578d838656a306a0\"},\"breadcrumb\":{\"@id\":\"https:\\\/\\\/dpress.ma\\\/fr\\\/2022\\\/08\\\/31\\\/lag-de-lassociation-des-secretaires-generaux-des-parlements-francophones-les-02-et-03-septembre-a-rabat\\\/#breadcrumb\"},\"inLanguage\":\"fr-FR\",\"potentialAction\":[{\"@type\":\"ReadAction\",\"target\":[\"https:\\\/\\\/dpress.ma\\\/fr\\\/2022\\\/08\\\/31\\\/lag-de-lassociation-des-secretaires-generaux-des-parlements-francophones-les-02-et-03-septembre-a-rabat\\\/\"]}]},{\"@type\":\"ImageObject\",\"inLanguage\":\"fr-FR\",\"@id\":\"https:\\\/\\\/dpress.ma\\\/fr\\\/2022\\\/08\\\/31\\\/lag-de-lassociation-des-secretaires-generaux-des-parlements-francophones-les-02-et-03-septembre-a-rabat\\\/#primaryimage\",\"url\":\"https:\\\/\\\/dpress.ma\\\/fr\\\/wp-content\\\/uploads\\\/sites\\\/2\\\/2022\\\/07\\\/sdfdsf.jpg\",\"contentUrl\":\"https:\\\/\\\/dpress.ma\\\/fr\\\/wp-content\\\/uploads\\\/sites\\\/2\\\/2022\\\/07\\\/sdfdsf.jpg\",\"width\":2539,\"height\":1594},{\"@type\":\"BreadcrumbList\",\"@id\":\"https:\\\/\\\/dpress.ma\\\/fr\\\/2022\\\/08\\\/31\\\/lag-de-lassociation-des-secretaires-generaux-des-parlements-francophones-les-02-et-03-septembre-a-rabat\\\/#breadcrumb\",\"itemListElement\":[{\"@type\":\"ListItem\",\"position\":1,\"name\":\"Home\",\"item\":\"https:\\\/\\\/dpress.ma\\\/fr\\\/\"},{\"@type\":\"ListItem\",\"position\":2,\"name\":\"L\u2019AG de l\u2019Association des secr\u00e9taires g\u00e9n\u00e9raux des parlements francophones, les 02 et 03 septembre \u00e0 Rabat\"}]},{\"@type\":\"WebSite\",\"@id\":\"https:\\\/\\\/dpress.ma\\\/fr\\\/#website\",\"url\":\"https:\\\/\\\/dpress.ma\\\/fr\\\/\",\"name\":\"Dpress.ma\\\/fr\",\"description\":\"\",\"potentialAction\":[{\"@type\":\"SearchAction\",\"target\":{\"@type\":\"EntryPoint\",\"urlTemplate\":\"https:\\\/\\\/dpress.ma\\\/fr\\\/?s={search_term_string}\"},\"query-input\":{\"@type\":\"PropertyValueSpecification\",\"valueRequired\":true,\"valueName\":\"search_term_string\"}}],\"inLanguage\":\"fr-FR\"},{\"@type\":\"Person\",\"@id\":\"https:\\\/\\\/dpress.ma\\\/fr\\\/#\\\/schema\\\/person\\\/4898febf3ccd59e6578d838656a306a0\",\"name\":\"Dpress.ma\",\"image\":{\"@type\":\"ImageObject\",\"inLanguage\":\"fr-FR\",\"@id\":\"https:\\\/\\\/secure.gravatar.com\\\/avatar\\\/72ecc30e9db047a2e0e7176561eb9d564ed77c8108376495b19bd8336405198a?s=96&d=mm&r=g\",\"url\":\"https:\\\/\\\/secure.gravatar.com\\\/avatar\\\/72ecc30e9db047a2e0e7176561eb9d564ed77c8108376495b19bd8336405198a?s=96&d=mm&r=g\",\"contentUrl\":\"https:\\\/\\\/secure.gravatar.com\\\/avatar\\\/72ecc30e9db047a2e0e7176561eb9d564ed77c8108376495b19bd8336405198a?s=96&d=mm&r=g\",\"caption\":\"Dpress.ma\"},\"sameAs\":[\"https:\\\/\\\/www.dpress.ma\"],\"url\":\"https:\\\/\\\/dpress.ma\\\/fr\\\/author\\\/dpress-ma\\\/\"}]}<\/script>\n<!-- \/ Yoast SEO plugin. -->","yoast_head_json":{"title":"L\u2019AG de l\u2019Association des secr\u00e9taires g\u00e9n\u00e9raux des parlements francophones, les 02 et 03 septembre \u00e0 Rabat - Dpress.ma\/fr","robots":{"index":"index","follow":"follow","max-snippet":"max-snippet:-1","max-image-preview":"max-image-preview:large","max-video-preview":"max-video-preview:-1"},"canonical":"https:\/\/dpress.ma\/fr\/2022\/08\/31\/lag-de-lassociation-des-secretaires-generaux-des-parlements-francophones-les-02-et-03-septembre-a-rabat\/","og_locale":"fr_FR","og_type":"article","og_title":"L\u2019AG de l\u2019Association des secr\u00e9taires g\u00e9n\u00e9raux des parlements francophones, les 02 et 03 septembre \u00e0 Rabat - Dpress.ma\/fr","og_description":"Dpress La Chambre des Repr\u00e9sentants abritera, les 02 et 03 septembre, les travaux de l\u2019Assembl\u00e9e G\u00e9n\u00e9rale de l\u2019Association des Secr\u00e9taires G\u00e9n\u00e9raux des Parlements Francophones (ASGPF). Cette assembl\u00e9e g\u00e9n\u00e9rale d\u00e9battra de trois th\u00e8mes principaux se rapportant aux \u201d Parlements bicam\u00e9raux: Relations entre les deux Assembl\u00e9es \u201c, au \u201d Code de Conduite et D\u00e9ontologie pour les Parlementaires &hellip;","og_url":"https:\/\/dpress.ma\/fr\/2022\/08\/31\/lag-de-lassociation-des-secretaires-generaux-des-parlements-francophones-les-02-et-03-septembre-a-rabat\/","og_site_name":"Dpress.ma\/fr","article_published_time":"2022-08-31T09:42:43+00:00","article_modified_time":"2022-08-31T09:42:45+00:00","og_image":[{"width":2539,"height":1594,"url":"https:\/\/dpress.ma\/fr\/wp-content\/uploads\/sites\/2\/2022\/07\/sdfdsf.jpg","type":"image\/jpeg"}],"author":"Dpress.ma","twitter_card":"summary_large_image","twitter_misc":{"\u00c9crit par":"Dpress.ma","Dur\u00e9e de lecture estim\u00e9e":"1 minute"},"schema":{"@context":"https:\/\/schema.org","@graph":[{"@type":"Article","@id":"https:\/\/dpress.ma\/fr\/2022\/08\/31\/lag-de-lassociation-des-secretaires-generaux-des-parlements-francophones-les-02-et-03-septembre-a-rabat\/#article","isPartOf":{"@id":"https:\/\/dpress.ma\/fr\/2022\/08\/31\/lag-de-lassociation-des-secretaires-generaux-des-parlements-francophones-les-02-et-03-septembre-a-rabat\/"},"author":{"name":"Dpress.ma","@id":"https:\/\/dpress.ma\/fr\/#\/schema\/person\/4898febf3ccd59e6578d838656a306a0"},"headline":"L\u2019AG de l\u2019Association des secr\u00e9taires g\u00e9n\u00e9raux des parlements francophones, les 02 et 03 septembre \u00e0 Rabat","datePublished":"2022-08-31T09:42:43+00:00","dateModified":"2022-08-31T09:42:45+00:00","mainEntityOfPage":{"@id":"https:\/\/dpress.ma\/fr\/2022\/08\/31\/lag-de-lassociation-des-secretaires-generaux-des-parlements-francophones-les-02-et-03-septembre-a-rabat\/"},"wordCount":208,"commentCount":0,"image":{"@id":"https:\/\/dpress.ma\/fr\/2022\/08\/31\/lag-de-lassociation-des-secretaires-generaux-des-parlements-francophones-les-02-et-03-septembre-a-rabat\/#primaryimage"},"thumbnailUrl":"https:\/\/dpress.ma\/fr\/wp-content\/uploads\/sites\/2\/2022\/07\/sdfdsf.jpg","articleSection":["Diplomatie Parlementaire"],"inLanguage":"fr-FR","potentialAction":[{"@type":"CommentAction","name":"Comment","target":["https:\/\/dpress.ma\/fr\/2022\/08\/31\/lag-de-lassociation-des-secretaires-generaux-des-parlements-francophones-les-02-et-03-septembre-a-rabat\/#respond"]}]},{"@type":"WebPage","@id":"https:\/\/dpress.ma\/fr\/2022\/08\/31\/lag-de-lassociation-des-secretaires-generaux-des-parlements-francophones-les-02-et-03-septembre-a-rabat\/","url":"https:\/\/dpress.ma\/fr\/2022\/08\/31\/lag-de-lassociation-des-secretaires-generaux-des-parlements-francophones-les-02-et-03-septembre-a-rabat\/","name":"L\u2019AG de l\u2019Association des secr\u00e9taires g\u00e9n\u00e9raux des parlements francophones, les 02 et 03 septembre \u00e0 Rabat - Dpress.ma\/fr","isPartOf":{"@id":"https:\/\/dpress.ma\/fr\/#website"},"primaryImageOfPage":{"@id":"https:\/\/dpress.ma\/fr\/2022\/08\/31\/lag-de-lassociation-des-secretaires-generaux-des-parlements-francophones-les-02-et-03-septembre-a-rabat\/#primaryimage"},"image":{"@id":"https:\/\/dpress.ma\/fr\/2022\/08\/31\/lag-de-lassociation-des-secretaires-generaux-des-parlements-francophones-les-02-et-03-septembre-a-rabat\/#primaryimage"},"thumbnailUrl":"https:\/\/dpress.ma\/fr\/wp-content\/uploads\/sites\/2\/2022\/07\/sdfdsf.jpg","datePublished":"2022-08-31T09:42:43+00:00","dateModified":"2022-08-31T09:42:45+00:00","author":{"@id":"https:\/\/dpress.ma\/fr\/#\/schema\/person\/4898febf3ccd59e6578d838656a306a0"},"breadcrumb":{"@id":"https:\/\/dpress.ma\/fr\/2022\/08\/31\/lag-de-lassociation-des-secretaires-generaux-des-parlements-francophones-les-02-et-03-septembre-a-rabat\/#breadcrumb"},"inLanguage":"fr-FR","potentialAction":[{"@type":"ReadAction","target":["https:\/\/dpress.ma\/fr\/2022\/08\/31\/lag-de-lassociation-des-secretaires-generaux-des-parlements-francophones-les-02-et-03-septembre-a-rabat\/"]}]},{"@type":"ImageObject","inLanguage":"fr-FR","@id":"https:\/\/dpress.ma\/fr\/2022\/08\/31\/lag-de-lassociation-des-secretaires-generaux-des-parlements-francophones-les-02-et-03-septembre-a-rabat\/#primaryimage","url":"https:\/\/dpress.ma\/fr\/wp-content\/uploads\/sites\/2\/2022\/07\/sdfdsf.jpg","contentUrl":"https:\/\/dpress.ma\/fr\/wp-content\/uploads\/sites\/2\/2022\/07\/sdfdsf.jpg","width":2539,"height":1594},{"@type":"BreadcrumbList","@id":"https:\/\/dpress.ma\/fr\/2022\/08\/31\/lag-de-lassociation-des-secretaires-generaux-des-parlements-francophones-les-02-et-03-septembre-a-rabat\/#breadcrumb","itemListElement":[{"@type":"ListItem","position":1,"name":"Home","item":"https:\/\/dpress.ma\/fr\/"},{"@type":"ListItem","position":2,"name":"L\u2019AG de l\u2019Association des secr\u00e9taires g\u00e9n\u00e9raux des parlements francophones, les 02 et 03 septembre \u00e0 Rabat"}]},{"@type":"WebSite","@id":"https:\/\/dpress.ma\/fr\/#website","url":"https:\/\/dpress.ma\/fr\/","name":"Dpress.ma\/fr","description":"","potentialAction":[{"@type":"SearchAction","target":{"@type":"EntryPoint","urlTemplate":"https:\/\/dpress.ma\/fr\/?s={search_term_string}"},"query-input":{"@type":"PropertyValueSpecification","valueRequired":true,"valueName":"search_term_string"}}],"inLanguage":"fr-FR"},{"@type":"Person","@id":"https:\/\/dpress.ma\/fr\/#\/schema\/person\/4898febf3ccd59e6578d838656a306a0","name":"Dpress.ma","image":{"@type":"ImageObject","inLanguage":"fr-FR","@id":"https:\/\/secure.gravatar.com\/avatar\/72ecc30e9db047a2e0e7176561eb9d564ed77c8108376495b19bd8336405198a?s=96&d=mm&r=g","url":"https:\/\/secure.gravatar.com\/avatar\/72ecc30e9db047a2e0e7176561eb9d564ed77c8108376495b19bd8336405198a?s=96&d=mm&r=g","contentUrl":"https:\/\/secure.gravatar.com\/avatar\/72ecc30e9db047a2e0e7176561eb9d564ed77c8108376495b19bd8336405198a?s=96&d=mm&r=g","caption":"Dpress.ma"},"sameAs":["https:\/\/www.dpress.ma"],"url":"https:\/\/dpress.ma\/fr\/author\/dpress-ma\/"}]}},"amp_enabled":true,"_links":{"self":[{"href":"https:\/\/dpress.ma\/fr\/wp-json\/wp\/v2\/posts\/2274","targetHints":{"allow":["GET"]}}],"collection":[{"href":"https:\/\/dpress.ma\/fr\/wp-json\/wp\/v2\/posts"}],"about":[{"href":"https:\/\/dpress.ma\/fr\/wp-json\/wp\/v2\/types\/post"}],"author":[{"embeddable":true,"href":"https:\/\/dpress.ma\/fr\/wp-json\/wp\/v2\/users\/2"}],"replies":[{"embeddable":true,"href":"https:\/\/dpress.ma\/fr\/wp-json\/wp\/v2\/comments?post=2274"}],"version-history":[{"count":1,"href":"https:\/\/dpress.ma\/fr\/wp-json\/wp\/v2\/posts\/2274\/revisions"}],"predecessor-version":[{"id":2275,"href":"https:\/\/dpress.ma\/fr\/wp-json\/wp\/v2\/posts\/2274\/revisions\/2275"}],"wp:featuredmedia":[{"embeddable":true,"href":"https:\/\/dpress.ma\/fr\/wp-json\/wp\/v2\/media\/1920"}],"wp:attachment":[{"href":"https:\/\/dpress.ma\/fr\/wp-json\/wp\/v2\/media?parent=2274"}],"wp:term":[{"taxonomy":"category","embeddable":true,"href":"https:\/\/dpress.ma\/fr\/wp-json\/wp\/v2\/categories?post=2274"},{"taxonomy":"post_tag","embeddable":true,"href":"https:\/\/dpress.ma\/fr\/wp-json\/wp\/v2\/tags?post=2274"}],"curies":[{"name":"wp","href":"https:\/\/api.w.org\/{rel}","templated":true}]}}