{"id":2190,"date":"2022-08-26T09:52:38","date_gmt":"2022-08-26T09:52:38","guid":{"rendered":"https:\/\/dpress.ma\/fr\/?p=2190"},"modified":"2022-08-26T10:56:00","modified_gmt":"2022-08-26T10:56:00","slug":"etudiants-en-medecine-de-retour-dukraine-la-date-des-concours-dintegration-dans-les-facultes-privees-fixee-au-24-septembre","status":"publish","type":"post","link":"https:\/\/dpress.ma\/fr\/2022\/08\/26\/etudiants-en-medecine-de-retour-dukraine-la-date-des-concours-dintegration-dans-les-facultes-privees-fixee-au-24-septembre\/","title":{"rendered":"Etudiants en m\u00e9decine de retour d\u2019Ukraine : La date des concours d\u2019int\u00e9gration dans les facult\u00e9s priv\u00e9es fix\u00e9e au 24 septembre"},"content":{"rendered":"\n<p>Dpress<\/p>\n\n\n\n<p>Les concours d\u2019int\u00e9gration dans les facult\u00e9s priv\u00e9es des \u00e9tudiants en m\u00e9decine, en pharmacie et en m\u00e9decine dentaire de retour d\u2019Ukraine, se tiendront le 24 septembre prochain, a annonc\u00e9 jeudi le ministre de l\u2019Enseignement sup\u00e9rieur, de la recherche scientifique et de l\u2019innovation, Abdellatif<\/p>\n\n\n\n<p>Lors d\u2019une conf\u00e9rence de presse conjointe avec le ministre d\u00e9l\u00e9gu\u00e9 charg\u00e9 des Relations avec le parlement, porte-parole du gouvernement, Mustapha Baitas, \u00e0 l\u2019issue de la r\u00e9union hebdomadaire du conseil de gouvernement, Abdellatif Miraoui a affirm\u00e9 que ces \u00e9tudiants seraient int\u00e9gr\u00e9s dans les facult\u00e9s priv\u00e9es, notant que les r\u00e9sultats de ces concours seront affich\u00e9s le m\u00eame jour.<\/p>\n\n\n\n<p>Au total, 13 concours seront organis\u00e9s ce jour-l\u00e0 afin de prendre en compte l\u2019ann\u00e9e universitaire en cours pour tout \u00e9tudiant, \u00e0 l\u2019exception de ceux qui ont termin\u00e9 leurs \u00e9tudes en mode distanciel, a pr\u00e9cis\u00e9 le ministre, affirmant qu\u2019il sera proc\u00e9d\u00e9 \u00e0 la reconnaissance de la r\u00e9ussite de ces \u00e9tudiants et que le minist\u00e8re est en contact avec les \u00e9tudiants et l\u2019ambassade d\u2019Ukraine au Maroc \u00e0 ce sujet.<\/p>\n\n\n\n<p>Les concours se d\u00e9rouleront \u00e0 l\u2019Universit\u00e9 Mohammed&nbsp;VI des sciences de la sant\u00e9 de Casablanca, pour la branche m\u00e9decine, \u00e0 l\u2019H\u00f4pital universitaire Cheikh Khalifa de Rabat pour la branche pharmacie et \u00e0 l\u2019Universit\u00e9 internationale de Rabat pour la branche m\u00e9decine dentaire.<\/p>\n\n\n\n<h3 class=\"wp-block-heading\">800 \u00e9tudiants concern\u00e9s<\/h3>\n\n\n\n<p>Le nombre de personnes inscrites sur la plateforme \u00e9lectronique mise en place par le minist\u00e8re pour passer ces concours a atteint 800 \u00e9tudiants, a-t-il indiqu\u00e9, notant que l\u2019examen <em>\u201cd\u00e9terminera le nombre des si\u00e8ges qui seront consacr\u00e9s \u00e0 ces \u00e9tudiants par les facult\u00e9s priv\u00e9es\u201d<\/em>.<\/p>\n\n\n\n<p>Les inscriptions dans ces facult\u00e9s seront ouvertes du 27 au 30 septembre prochain, a poursuivi Miraoui, ajoutant que les \u00e9tudiants qui auront r\u00e9ussi les concours seront accompagn\u00e9s durant une p\u00e9riode allant de six mois \u00e0 un an pour assurer leur adaptation au cursus national, en particulier au niveau linguistique, puisqu\u2019ils \u00e9tudiaient jusque-l\u00e0 en langue ukrainienne ou anglaise.<\/p>\n\n\n\n<p>D\u2019autre part, il a assur\u00e9 que le minist\u00e8re \u00e9tait entr\u00e9 en contact avec les facult\u00e9s priv\u00e9es en vue de prendre en consid\u00e9ration la situation financi\u00e8re des parents, et traiter avec eux avec <em>\u201cune certaine flexibilit\u00e9\u201d<\/em>.<\/p>\n\n\n\n<p>Pour ce qui est des autres sp\u00e9cialit\u00e9s, comme l\u2019architecture, la topographie et la m\u00e9decine v\u00e9t\u00e9rinaire, Miraoui a fait savoir qu\u2019une rencontre serait tenue avec l\u2019ensemble des secteurs concern\u00e9s en vue de r\u00e9gler la situation des \u00e9tudiants de ces fili\u00e8res vers la fin du mois de septembre prochain.<\/p>\n","protected":false},"excerpt":{"rendered":"<p>Dpress Les concours d\u2019int\u00e9gration dans les facult\u00e9s priv\u00e9es des \u00e9tudiants en m\u00e9decine, en pharmacie et en m\u00e9decine dentaire de retour d\u2019Ukraine, se tiendront le 24 septembre prochain, a annonc\u00e9 jeudi le ministre de l\u2019Enseignement sup\u00e9rieur, de la recherche scientifique et de l\u2019innovation, Abdellatif Lors d\u2019une conf\u00e9rence de presse conjointe avec le ministre d\u00e9l\u00e9gu\u00e9 charg\u00e9 des &hellip;<\/p>\n","protected":false},"author":2,"featured_media":2191,"comment_status":"open","ping_status":"open","sticky":false,"template":"","format":"standard","meta":{"footnotes":""},"categories":[26],"tags":[],"class_list":["post-2190","post","type-post","status-publish","format-standard","has-post-thumbnail","hentry","category-politiques"],"yoast_head":"<!-- This site is optimized with the Yoast SEO plugin v27.5 - https:\/\/yoast.com\/product\/yoast-seo-wordpress\/ -->\n<title>Etudiants en m\u00e9decine de retour d\u2019Ukraine : La date des concours d\u2019int\u00e9gration dans les facult\u00e9s priv\u00e9es fix\u00e9e au 24 septembre - Dpress.ma\/fr<\/title>\n<meta name=\"robots\" content=\"index, follow, max-snippet:-1, max-image-preview:large, max-video-preview:-1\" \/>\n<link rel=\"canonical\" href=\"https:\/\/dpress.ma\/fr\/2022\/08\/26\/etudiants-en-medecine-de-retour-dukraine-la-date-des-concours-dintegration-dans-les-facultes-privees-fixee-au-24-septembre\/\" \/>\n<meta property=\"og:locale\" content=\"fr_FR\" \/>\n<meta property=\"og:type\" content=\"article\" \/>\n<meta property=\"og:title\" content=\"Etudiants en m\u00e9decine de retour d\u2019Ukraine : La date des concours d\u2019int\u00e9gration dans les facult\u00e9s priv\u00e9es fix\u00e9e au 24 septembre - Dpress.ma\/fr\" \/>\n<meta property=\"og:description\" content=\"Dpress Les concours d\u2019int\u00e9gration dans les facult\u00e9s priv\u00e9es des \u00e9tudiants en m\u00e9decine, en pharmacie et en m\u00e9decine dentaire de retour d\u2019Ukraine, se tiendront le 24 septembre prochain, a annonc\u00e9 jeudi le ministre de l\u2019Enseignement sup\u00e9rieur, de la recherche scientifique et de l\u2019innovation, Abdellatif Lors d\u2019une conf\u00e9rence de presse conjointe avec le ministre d\u00e9l\u00e9gu\u00e9 charg\u00e9 des &hellip;\" \/>\n<meta property=\"og:url\" content=\"https:\/\/dpress.ma\/fr\/2022\/08\/26\/etudiants-en-medecine-de-retour-dukraine-la-date-des-concours-dintegration-dans-les-facultes-privees-fixee-au-24-septembre\/\" \/>\n<meta property=\"og:site_name\" content=\"Dpress.ma\/fr\" \/>\n<meta property=\"article:published_time\" content=\"2022-08-26T09:52:38+00:00\" \/>\n<meta property=\"article:modified_time\" content=\"2022-08-26T10:56:00+00:00\" \/>\n<meta property=\"og:image\" content=\"https:\/\/dpress.ma\/fr\/wp-content\/uploads\/sites\/2\/2022\/08\/dimensions2-4.jpg\" \/>\n\t<meta property=\"og:image:width\" content=\"2539\" \/>\n\t<meta property=\"og:image:height\" content=\"1594\" \/>\n\t<meta property=\"og:image:type\" content=\"image\/jpeg\" \/>\n<meta name=\"author\" content=\"Dpress.ma\" \/>\n<meta name=\"twitter:card\" content=\"summary_large_image\" \/>\n<meta name=\"twitter:label1\" content=\"\u00c9crit par\" \/>\n\t<meta name=\"twitter:data1\" content=\"Dpress.ma\" \/>\n\t<meta name=\"twitter:label2\" content=\"Dur\u00e9e de lecture estim\u00e9e\" \/>\n\t<meta name=\"twitter:data2\" content=\"3 minutes\" \/>\n<script type=\"application\/ld+json\" class=\"yoast-schema-graph\">{\"@context\":\"https:\\\/\\\/schema.org\",\"@graph\":[{\"@type\":\"Article\",\"@id\":\"https:\\\/\\\/dpress.ma\\\/fr\\\/2022\\\/08\\\/26\\\/etudiants-en-medecine-de-retour-dukraine-la-date-des-concours-dintegration-dans-les-facultes-privees-fixee-au-24-septembre\\\/#article\",\"isPartOf\":{\"@id\":\"https:\\\/\\\/dpress.ma\\\/fr\\\/2022\\\/08\\\/26\\\/etudiants-en-medecine-de-retour-dukraine-la-date-des-concours-dintegration-dans-les-facultes-privees-fixee-au-24-septembre\\\/\"},\"author\":{\"name\":\"Dpress.ma\",\"@id\":\"https:\\\/\\\/dpress.ma\\\/fr\\\/#\\\/schema\\\/person\\\/4898febf3ccd59e6578d838656a306a0\"},\"headline\":\"Etudiants en m\u00e9decine de retour d\u2019Ukraine : La date des concours d\u2019int\u00e9gration dans les facult\u00e9s priv\u00e9es fix\u00e9e au 24 septembre\",\"datePublished\":\"2022-08-26T09:52:38+00:00\",\"dateModified\":\"2022-08-26T10:56:00+00:00\",\"mainEntityOfPage\":{\"@id\":\"https:\\\/\\\/dpress.ma\\\/fr\\\/2022\\\/08\\\/26\\\/etudiants-en-medecine-de-retour-dukraine-la-date-des-concours-dintegration-dans-les-facultes-privees-fixee-au-24-septembre\\\/\"},\"wordCount\":474,\"commentCount\":0,\"image\":{\"@id\":\"https:\\\/\\\/dpress.ma\\\/fr\\\/2022\\\/08\\\/26\\\/etudiants-en-medecine-de-retour-dukraine-la-date-des-concours-dintegration-dans-les-facultes-privees-fixee-au-24-septembre\\\/#primaryimage\"},\"thumbnailUrl\":\"https:\\\/\\\/dpress.ma\\\/fr\\\/wp-content\\\/uploads\\\/sites\\\/2\\\/2022\\\/08\\\/dimensions2-4.jpg\",\"articleSection\":[\"Politiques\"],\"inLanguage\":\"fr-FR\",\"potentialAction\":[{\"@type\":\"CommentAction\",\"name\":\"Comment\",\"target\":[\"https:\\\/\\\/dpress.ma\\\/fr\\\/2022\\\/08\\\/26\\\/etudiants-en-medecine-de-retour-dukraine-la-date-des-concours-dintegration-dans-les-facultes-privees-fixee-au-24-septembre\\\/#respond\"]}]},{\"@type\":\"WebPage\",\"@id\":\"https:\\\/\\\/dpress.ma\\\/fr\\\/2022\\\/08\\\/26\\\/etudiants-en-medecine-de-retour-dukraine-la-date-des-concours-dintegration-dans-les-facultes-privees-fixee-au-24-septembre\\\/\",\"url\":\"https:\\\/\\\/dpress.ma\\\/fr\\\/2022\\\/08\\\/26\\\/etudiants-en-medecine-de-retour-dukraine-la-date-des-concours-dintegration-dans-les-facultes-privees-fixee-au-24-septembre\\\/\",\"name\":\"Etudiants en m\u00e9decine de retour d\u2019Ukraine : La date des concours d\u2019int\u00e9gration dans les facult\u00e9s priv\u00e9es fix\u00e9e au 24 septembre - Dpress.ma\\\/fr\",\"isPartOf\":{\"@id\":\"https:\\\/\\\/dpress.ma\\\/fr\\\/#website\"},\"primaryImageOfPage\":{\"@id\":\"https:\\\/\\\/dpress.ma\\\/fr\\\/2022\\\/08\\\/26\\\/etudiants-en-medecine-de-retour-dukraine-la-date-des-concours-dintegration-dans-les-facultes-privees-fixee-au-24-septembre\\\/#primaryimage\"},\"image\":{\"@id\":\"https:\\\/\\\/dpress.ma\\\/fr\\\/2022\\\/08\\\/26\\\/etudiants-en-medecine-de-retour-dukraine-la-date-des-concours-dintegration-dans-les-facultes-privees-fixee-au-24-septembre\\\/#primaryimage\"},\"thumbnailUrl\":\"https:\\\/\\\/dpress.ma\\\/fr\\\/wp-content\\\/uploads\\\/sites\\\/2\\\/2022\\\/08\\\/dimensions2-4.jpg\",\"datePublished\":\"2022-08-26T09:52:38+00:00\",\"dateModified\":\"2022-08-26T10:56:00+00:00\",\"author\":{\"@id\":\"https:\\\/\\\/dpress.ma\\\/fr\\\/#\\\/schema\\\/person\\\/4898febf3ccd59e6578d838656a306a0\"},\"breadcrumb\":{\"@id\":\"https:\\\/\\\/dpress.ma\\\/fr\\\/2022\\\/08\\\/26\\\/etudiants-en-medecine-de-retour-dukraine-la-date-des-concours-dintegration-dans-les-facultes-privees-fixee-au-24-septembre\\\/#breadcrumb\"},\"inLanguage\":\"fr-FR\",\"potentialAction\":[{\"@type\":\"ReadAction\",\"target\":[\"https:\\\/\\\/dpress.ma\\\/fr\\\/2022\\\/08\\\/26\\\/etudiants-en-medecine-de-retour-dukraine-la-date-des-concours-dintegration-dans-les-facultes-privees-fixee-au-24-septembre\\\/\"]}]},{\"@type\":\"ImageObject\",\"inLanguage\":\"fr-FR\",\"@id\":\"https:\\\/\\\/dpress.ma\\\/fr\\\/2022\\\/08\\\/26\\\/etudiants-en-medecine-de-retour-dukraine-la-date-des-concours-dintegration-dans-les-facultes-privees-fixee-au-24-septembre\\\/#primaryimage\",\"url\":\"https:\\\/\\\/dpress.ma\\\/fr\\\/wp-content\\\/uploads\\\/sites\\\/2\\\/2022\\\/08\\\/dimensions2-4.jpg\",\"contentUrl\":\"https:\\\/\\\/dpress.ma\\\/fr\\\/wp-content\\\/uploads\\\/sites\\\/2\\\/2022\\\/08\\\/dimensions2-4.jpg\",\"width\":2539,\"height\":1594},{\"@type\":\"BreadcrumbList\",\"@id\":\"https:\\\/\\\/dpress.ma\\\/fr\\\/2022\\\/08\\\/26\\\/etudiants-en-medecine-de-retour-dukraine-la-date-des-concours-dintegration-dans-les-facultes-privees-fixee-au-24-septembre\\\/#breadcrumb\",\"itemListElement\":[{\"@type\":\"ListItem\",\"position\":1,\"name\":\"Home\",\"item\":\"https:\\\/\\\/dpress.ma\\\/fr\\\/\"},{\"@type\":\"ListItem\",\"position\":2,\"name\":\"Etudiants en m\u00e9decine de retour d\u2019Ukraine : La date des concours d\u2019int\u00e9gration dans les facult\u00e9s priv\u00e9es fix\u00e9e au 24 septembre\"}]},{\"@type\":\"WebSite\",\"@id\":\"https:\\\/\\\/dpress.ma\\\/fr\\\/#website\",\"url\":\"https:\\\/\\\/dpress.ma\\\/fr\\\/\",\"name\":\"Dpress.ma\\\/fr\",\"description\":\"\",\"potentialAction\":[{\"@type\":\"SearchAction\",\"target\":{\"@type\":\"EntryPoint\",\"urlTemplate\":\"https:\\\/\\\/dpress.ma\\\/fr\\\/?s={search_term_string}\"},\"query-input\":{\"@type\":\"PropertyValueSpecification\",\"valueRequired\":true,\"valueName\":\"search_term_string\"}}],\"inLanguage\":\"fr-FR\"},{\"@type\":\"Person\",\"@id\":\"https:\\\/\\\/dpress.ma\\\/fr\\\/#\\\/schema\\\/person\\\/4898febf3ccd59e6578d838656a306a0\",\"name\":\"Dpress.ma\",\"image\":{\"@type\":\"ImageObject\",\"inLanguage\":\"fr-FR\",\"@id\":\"https:\\\/\\\/secure.gravatar.com\\\/avatar\\\/72ecc30e9db047a2e0e7176561eb9d564ed77c8108376495b19bd8336405198a?s=96&d=mm&r=g\",\"url\":\"https:\\\/\\\/secure.gravatar.com\\\/avatar\\\/72ecc30e9db047a2e0e7176561eb9d564ed77c8108376495b19bd8336405198a?s=96&d=mm&r=g\",\"contentUrl\":\"https:\\\/\\\/secure.gravatar.com\\\/avatar\\\/72ecc30e9db047a2e0e7176561eb9d564ed77c8108376495b19bd8336405198a?s=96&d=mm&r=g\",\"caption\":\"Dpress.ma\"},\"sameAs\":[\"https:\\\/\\\/www.dpress.ma\"],\"url\":\"https:\\\/\\\/dpress.ma\\\/fr\\\/author\\\/dpress-ma\\\/\"}]}<\/script>\n<!-- \/ Yoast SEO plugin. -->","yoast_head_json":{"title":"Etudiants en m\u00e9decine de retour d\u2019Ukraine : La date des concours d\u2019int\u00e9gration dans les facult\u00e9s priv\u00e9es fix\u00e9e au 24 septembre - Dpress.ma\/fr","robots":{"index":"index","follow":"follow","max-snippet":"max-snippet:-1","max-image-preview":"max-image-preview:large","max-video-preview":"max-video-preview:-1"},"canonical":"https:\/\/dpress.ma\/fr\/2022\/08\/26\/etudiants-en-medecine-de-retour-dukraine-la-date-des-concours-dintegration-dans-les-facultes-privees-fixee-au-24-septembre\/","og_locale":"fr_FR","og_type":"article","og_title":"Etudiants en m\u00e9decine de retour d\u2019Ukraine : La date des concours d\u2019int\u00e9gration dans les facult\u00e9s priv\u00e9es fix\u00e9e au 24 septembre - Dpress.ma\/fr","og_description":"Dpress Les concours d\u2019int\u00e9gration dans les facult\u00e9s priv\u00e9es des \u00e9tudiants en m\u00e9decine, en pharmacie et en m\u00e9decine dentaire de retour d\u2019Ukraine, se tiendront le 24 septembre prochain, a annonc\u00e9 jeudi le ministre de l\u2019Enseignement sup\u00e9rieur, de la recherche scientifique et de l\u2019innovation, Abdellatif Lors d\u2019une conf\u00e9rence de presse conjointe avec le ministre d\u00e9l\u00e9gu\u00e9 charg\u00e9 des &hellip;","og_url":"https:\/\/dpress.ma\/fr\/2022\/08\/26\/etudiants-en-medecine-de-retour-dukraine-la-date-des-concours-dintegration-dans-les-facultes-privees-fixee-au-24-septembre\/","og_site_name":"Dpress.ma\/fr","article_published_time":"2022-08-26T09:52:38+00:00","article_modified_time":"2022-08-26T10:56:00+00:00","og_image":[{"width":2539,"height":1594,"url":"https:\/\/dpress.ma\/fr\/wp-content\/uploads\/sites\/2\/2022\/08\/dimensions2-4.jpg","type":"image\/jpeg"}],"author":"Dpress.ma","twitter_card":"summary_large_image","twitter_misc":{"\u00c9crit par":"Dpress.ma","Dur\u00e9e de lecture estim\u00e9e":"3 minutes"},"schema":{"@context":"https:\/\/schema.org","@graph":[{"@type":"Article","@id":"https:\/\/dpress.ma\/fr\/2022\/08\/26\/etudiants-en-medecine-de-retour-dukraine-la-date-des-concours-dintegration-dans-les-facultes-privees-fixee-au-24-septembre\/#article","isPartOf":{"@id":"https:\/\/dpress.ma\/fr\/2022\/08\/26\/etudiants-en-medecine-de-retour-dukraine-la-date-des-concours-dintegration-dans-les-facultes-privees-fixee-au-24-septembre\/"},"author":{"name":"Dpress.ma","@id":"https:\/\/dpress.ma\/fr\/#\/schema\/person\/4898febf3ccd59e6578d838656a306a0"},"headline":"Etudiants en m\u00e9decine de retour d\u2019Ukraine : La date des concours d\u2019int\u00e9gration dans les facult\u00e9s priv\u00e9es fix\u00e9e au 24 septembre","datePublished":"2022-08-26T09:52:38+00:00","dateModified":"2022-08-26T10:56:00+00:00","mainEntityOfPage":{"@id":"https:\/\/dpress.ma\/fr\/2022\/08\/26\/etudiants-en-medecine-de-retour-dukraine-la-date-des-concours-dintegration-dans-les-facultes-privees-fixee-au-24-septembre\/"},"wordCount":474,"commentCount":0,"image":{"@id":"https:\/\/dpress.ma\/fr\/2022\/08\/26\/etudiants-en-medecine-de-retour-dukraine-la-date-des-concours-dintegration-dans-les-facultes-privees-fixee-au-24-septembre\/#primaryimage"},"thumbnailUrl":"https:\/\/dpress.ma\/fr\/wp-content\/uploads\/sites\/2\/2022\/08\/dimensions2-4.jpg","articleSection":["Politiques"],"inLanguage":"fr-FR","potentialAction":[{"@type":"CommentAction","name":"Comment","target":["https:\/\/dpress.ma\/fr\/2022\/08\/26\/etudiants-en-medecine-de-retour-dukraine-la-date-des-concours-dintegration-dans-les-facultes-privees-fixee-au-24-septembre\/#respond"]}]},{"@type":"WebPage","@id":"https:\/\/dpress.ma\/fr\/2022\/08\/26\/etudiants-en-medecine-de-retour-dukraine-la-date-des-concours-dintegration-dans-les-facultes-privees-fixee-au-24-septembre\/","url":"https:\/\/dpress.ma\/fr\/2022\/08\/26\/etudiants-en-medecine-de-retour-dukraine-la-date-des-concours-dintegration-dans-les-facultes-privees-fixee-au-24-septembre\/","name":"Etudiants en m\u00e9decine de retour d\u2019Ukraine : La date des concours d\u2019int\u00e9gration dans les facult\u00e9s priv\u00e9es fix\u00e9e au 24 septembre - Dpress.ma\/fr","isPartOf":{"@id":"https:\/\/dpress.ma\/fr\/#website"},"primaryImageOfPage":{"@id":"https:\/\/dpress.ma\/fr\/2022\/08\/26\/etudiants-en-medecine-de-retour-dukraine-la-date-des-concours-dintegration-dans-les-facultes-privees-fixee-au-24-septembre\/#primaryimage"},"image":{"@id":"https:\/\/dpress.ma\/fr\/2022\/08\/26\/etudiants-en-medecine-de-retour-dukraine-la-date-des-concours-dintegration-dans-les-facultes-privees-fixee-au-24-septembre\/#primaryimage"},"thumbnailUrl":"https:\/\/dpress.ma\/fr\/wp-content\/uploads\/sites\/2\/2022\/08\/dimensions2-4.jpg","datePublished":"2022-08-26T09:52:38+00:00","dateModified":"2022-08-26T10:56:00+00:00","author":{"@id":"https:\/\/dpress.ma\/fr\/#\/schema\/person\/4898febf3ccd59e6578d838656a306a0"},"breadcrumb":{"@id":"https:\/\/dpress.ma\/fr\/2022\/08\/26\/etudiants-en-medecine-de-retour-dukraine-la-date-des-concours-dintegration-dans-les-facultes-privees-fixee-au-24-septembre\/#breadcrumb"},"inLanguage":"fr-FR","potentialAction":[{"@type":"ReadAction","target":["https:\/\/dpress.ma\/fr\/2022\/08\/26\/etudiants-en-medecine-de-retour-dukraine-la-date-des-concours-dintegration-dans-les-facultes-privees-fixee-au-24-septembre\/"]}]},{"@type":"ImageObject","inLanguage":"fr-FR","@id":"https:\/\/dpress.ma\/fr\/2022\/08\/26\/etudiants-en-medecine-de-retour-dukraine-la-date-des-concours-dintegration-dans-les-facultes-privees-fixee-au-24-septembre\/#primaryimage","url":"https:\/\/dpress.ma\/fr\/wp-content\/uploads\/sites\/2\/2022\/08\/dimensions2-4.jpg","contentUrl":"https:\/\/dpress.ma\/fr\/wp-content\/uploads\/sites\/2\/2022\/08\/dimensions2-4.jpg","width":2539,"height":1594},{"@type":"BreadcrumbList","@id":"https:\/\/dpress.ma\/fr\/2022\/08\/26\/etudiants-en-medecine-de-retour-dukraine-la-date-des-concours-dintegration-dans-les-facultes-privees-fixee-au-24-septembre\/#breadcrumb","itemListElement":[{"@type":"ListItem","position":1,"name":"Home","item":"https:\/\/dpress.ma\/fr\/"},{"@type":"ListItem","position":2,"name":"Etudiants en m\u00e9decine de retour d\u2019Ukraine : La date des concours d\u2019int\u00e9gration dans les facult\u00e9s priv\u00e9es fix\u00e9e au 24 septembre"}]},{"@type":"WebSite","@id":"https:\/\/dpress.ma\/fr\/#website","url":"https:\/\/dpress.ma\/fr\/","name":"Dpress.ma\/fr","description":"","potentialAction":[{"@type":"SearchAction","target":{"@type":"EntryPoint","urlTemplate":"https:\/\/dpress.ma\/fr\/?s={search_term_string}"},"query-input":{"@type":"PropertyValueSpecification","valueRequired":true,"valueName":"search_term_string"}}],"inLanguage":"fr-FR"},{"@type":"Person","@id":"https:\/\/dpress.ma\/fr\/#\/schema\/person\/4898febf3ccd59e6578d838656a306a0","name":"Dpress.ma","image":{"@type":"ImageObject","inLanguage":"fr-FR","@id":"https:\/\/secure.gravatar.com\/avatar\/72ecc30e9db047a2e0e7176561eb9d564ed77c8108376495b19bd8336405198a?s=96&d=mm&r=g","url":"https:\/\/secure.gravatar.com\/avatar\/72ecc30e9db047a2e0e7176561eb9d564ed77c8108376495b19bd8336405198a?s=96&d=mm&r=g","contentUrl":"https:\/\/secure.gravatar.com\/avatar\/72ecc30e9db047a2e0e7176561eb9d564ed77c8108376495b19bd8336405198a?s=96&d=mm&r=g","caption":"Dpress.ma"},"sameAs":["https:\/\/www.dpress.ma"],"url":"https:\/\/dpress.ma\/fr\/author\/dpress-ma\/"}]}},"amp_enabled":true,"_links":{"self":[{"href":"https:\/\/dpress.ma\/fr\/wp-json\/wp\/v2\/posts\/2190","targetHints":{"allow":["GET"]}}],"collection":[{"href":"https:\/\/dpress.ma\/fr\/wp-json\/wp\/v2\/posts"}],"about":[{"href":"https:\/\/dpress.ma\/fr\/wp-json\/wp\/v2\/types\/post"}],"author":[{"embeddable":true,"href":"https:\/\/dpress.ma\/fr\/wp-json\/wp\/v2\/users\/2"}],"replies":[{"embeddable":true,"href":"https:\/\/dpress.ma\/fr\/wp-json\/wp\/v2\/comments?post=2190"}],"version-history":[{"count":2,"href":"https:\/\/dpress.ma\/fr\/wp-json\/wp\/v2\/posts\/2190\/revisions"}],"predecessor-version":[{"id":2206,"href":"https:\/\/dpress.ma\/fr\/wp-json\/wp\/v2\/posts\/2190\/revisions\/2206"}],"wp:featuredmedia":[{"embeddable":true,"href":"https:\/\/dpress.ma\/fr\/wp-json\/wp\/v2\/media\/2191"}],"wp:attachment":[{"href":"https:\/\/dpress.ma\/fr\/wp-json\/wp\/v2\/media?parent=2190"}],"wp:term":[{"taxonomy":"category","embeddable":true,"href":"https:\/\/dpress.ma\/fr\/wp-json\/wp\/v2\/categories?post=2190"},{"taxonomy":"post_tag","embeddable":true,"href":"https:\/\/dpress.ma\/fr\/wp-json\/wp\/v2\/tags?post=2190"}],"curies":[{"name":"wp","href":"https:\/\/api.w.org\/{rel}","templated":true}]}}