{"id":2187,"date":"2022-08-25T12:38:54","date_gmt":"2022-08-25T12:38:54","guid":{"rendered":"https:\/\/dpress.ma\/fr\/?p=2187"},"modified":"2022-08-25T12:38:56","modified_gmt":"2022-08-25T12:38:56","slug":"aeroport-marrakech-menara-plus-de-22-millions-de-passagers-a-fin-juillet-onda","status":"publish","type":"post","link":"https:\/\/dpress.ma\/fr\/2022\/08\/25\/aeroport-marrakech-menara-plus-de-22-millions-de-passagers-a-fin-juillet-onda\/","title":{"rendered":"A\u00e9roport Marrakech- M\u00e9nara : Plus de 2,2 millions de passagers \u00e0 fin juillet (ONDA)"},"content":{"rendered":"\n<p>Dpress<\/p>\n\n\n\n<p>L\u2019a\u00e9roport international Marrakech- Menara&nbsp;a enregistr\u00e9, durant les sept premiers mois de l\u2019ann\u00e9e en cours, un volume de trafic commercial de 2.208.335 passagers, selon les donn\u00e9es de l\u2019Office National des A\u00e9roports (ONDA).<\/p>\n\n\n\n<p>Ce volume de trafic des passagers repr\u00e9sente un taux de r\u00e9cup\u00e9ration de 61 % par rapport \u00e0 la m\u00eame p\u00e9riode de l\u2019ann\u00e9e 2019 (3.638.259 passagers), pr\u00e9cise l\u2019ONDA dans son dernier bilan du trafic a\u00e9rien commercial.<\/p>\n\n\n\n<p>Pour le seul mois de juillet, cette plateforme a\u00e9roportuaire a affich\u00e9 un taux de r\u00e9cup\u00e9ration de 90%, avec 442.914 passagers accueillis, contre 492.025 voyageurs durant la m\u00eame p\u00e9riode de l\u2019ann\u00e9e 2019, ajoute la m\u00eame source.<\/p>\n\n\n\n<p>Les a\u00e9roports du Royaume ont enregistr\u00e9 \u00e0 fin juillet 2022, un volume de trafic commercial de 9.813.316 passagers \u00e0 travers 89.648 mouvements a\u00e9roportuaires pour l\u2019ensemble des a\u00e9roports, selon l\u2019ONDA.<\/p>\n\n\n\n<p>A fin juillet, les a\u00e9roports du Maroc continuent ainsi d\u2019afficher des taux de r\u00e9cup\u00e9ration largement positifs par rapport \u00e0 la m\u00eame p\u00e9riode de 2019, en accueillant 70% des passagers et 75% des mouvements a\u00e9roportuaires, indique l\u2019Office dans un communiqu\u00e9.<\/p>\n","protected":false},"excerpt":{"rendered":"<p>Dpress L\u2019a\u00e9roport international Marrakech- Menara&nbsp;a enregistr\u00e9, durant les sept premiers mois de l\u2019ann\u00e9e en cours, un volume de trafic commercial de 2.208.335 passagers, selon les donn\u00e9es de l\u2019Office National des A\u00e9roports (ONDA). Ce volume de trafic des passagers repr\u00e9sente un taux de r\u00e9cup\u00e9ration de 61 % par rapport \u00e0 la m\u00eame p\u00e9riode de l\u2019ann\u00e9e 2019 &hellip;<\/p>\n","protected":false},"author":2,"featured_media":2188,"comment_status":"open","ping_status":"open","sticky":false,"template":"","format":"standard","meta":{"footnotes":""},"categories":[32],"tags":[],"class_list":["post-2187","post","type-post","status-publish","format-standard","has-post-thumbnail","hentry","category-espace-marocain-du-monde"],"yoast_head":"<!-- This site is optimized with the Yoast SEO plugin v27.5 - https:\/\/yoast.com\/product\/yoast-seo-wordpress\/ -->\n<title>A\u00e9roport Marrakech- M\u00e9nara : Plus de 2,2 millions de passagers \u00e0 fin juillet (ONDA) - Dpress.ma\/fr<\/title>\n<meta name=\"robots\" content=\"index, follow, max-snippet:-1, max-image-preview:large, max-video-preview:-1\" \/>\n<link rel=\"canonical\" href=\"https:\/\/dpress.ma\/fr\/2022\/08\/25\/aeroport-marrakech-menara-plus-de-22-millions-de-passagers-a-fin-juillet-onda\/\" \/>\n<meta property=\"og:locale\" content=\"fr_FR\" \/>\n<meta property=\"og:type\" content=\"article\" \/>\n<meta property=\"og:title\" content=\"A\u00e9roport Marrakech- M\u00e9nara : Plus de 2,2 millions de passagers \u00e0 fin juillet (ONDA) - Dpress.ma\/fr\" \/>\n<meta property=\"og:description\" content=\"Dpress L\u2019a\u00e9roport international Marrakech- Menara&nbsp;a enregistr\u00e9, durant les sept premiers mois de l\u2019ann\u00e9e en cours, un volume de trafic commercial de 2.208.335 passagers, selon les donn\u00e9es de l\u2019Office National des A\u00e9roports (ONDA). Ce volume de trafic des passagers repr\u00e9sente un taux de r\u00e9cup\u00e9ration de 61 % par rapport \u00e0 la m\u00eame p\u00e9riode de l\u2019ann\u00e9e 2019 &hellip;\" \/>\n<meta property=\"og:url\" content=\"https:\/\/dpress.ma\/fr\/2022\/08\/25\/aeroport-marrakech-menara-plus-de-22-millions-de-passagers-a-fin-juillet-onda\/\" \/>\n<meta property=\"og:site_name\" content=\"Dpress.ma\/fr\" \/>\n<meta property=\"article:published_time\" content=\"2022-08-25T12:38:54+00:00\" \/>\n<meta property=\"article:modified_time\" content=\"2022-08-25T12:38:56+00:00\" \/>\n<meta property=\"og:image\" content=\"https:\/\/dpress.ma\/fr\/wp-content\/uploads\/sites\/2\/2022\/08\/dimensions2-3.jpg\" \/>\n\t<meta property=\"og:image:width\" content=\"2539\" \/>\n\t<meta property=\"og:image:height\" content=\"1594\" \/>\n\t<meta property=\"og:image:type\" content=\"image\/jpeg\" \/>\n<meta name=\"author\" content=\"Dpress.ma\" \/>\n<meta name=\"twitter:card\" content=\"summary_large_image\" \/>\n<meta name=\"twitter:label1\" content=\"\u00c9crit par\" \/>\n\t<meta name=\"twitter:data1\" content=\"Dpress.ma\" \/>\n\t<meta name=\"twitter:label2\" content=\"Dur\u00e9e de lecture estim\u00e9e\" \/>\n\t<meta name=\"twitter:data2\" content=\"1 minute\" \/>\n<script type=\"application\/ld+json\" class=\"yoast-schema-graph\">{\"@context\":\"https:\\\/\\\/schema.org\",\"@graph\":[{\"@type\":\"Article\",\"@id\":\"https:\\\/\\\/dpress.ma\\\/fr\\\/2022\\\/08\\\/25\\\/aeroport-marrakech-menara-plus-de-22-millions-de-passagers-a-fin-juillet-onda\\\/#article\",\"isPartOf\":{\"@id\":\"https:\\\/\\\/dpress.ma\\\/fr\\\/2022\\\/08\\\/25\\\/aeroport-marrakech-menara-plus-de-22-millions-de-passagers-a-fin-juillet-onda\\\/\"},\"author\":{\"name\":\"Dpress.ma\",\"@id\":\"https:\\\/\\\/dpress.ma\\\/fr\\\/#\\\/schema\\\/person\\\/4898febf3ccd59e6578d838656a306a0\"},\"headline\":\"A\u00e9roport Marrakech- M\u00e9nara : Plus de 2,2 millions de passagers \u00e0 fin juillet (ONDA)\",\"datePublished\":\"2022-08-25T12:38:54+00:00\",\"dateModified\":\"2022-08-25T12:38:56+00:00\",\"mainEntityOfPage\":{\"@id\":\"https:\\\/\\\/dpress.ma\\\/fr\\\/2022\\\/08\\\/25\\\/aeroport-marrakech-menara-plus-de-22-millions-de-passagers-a-fin-juillet-onda\\\/\"},\"wordCount\":204,\"commentCount\":0,\"image\":{\"@id\":\"https:\\\/\\\/dpress.ma\\\/fr\\\/2022\\\/08\\\/25\\\/aeroport-marrakech-menara-plus-de-22-millions-de-passagers-a-fin-juillet-onda\\\/#primaryimage\"},\"thumbnailUrl\":\"https:\\\/\\\/dpress.ma\\\/fr\\\/wp-content\\\/uploads\\\/sites\\\/2\\\/2022\\\/08\\\/dimensions2-3.jpg\",\"articleSection\":[\"Espace Marocain du Monde\"],\"inLanguage\":\"fr-FR\",\"potentialAction\":[{\"@type\":\"CommentAction\",\"name\":\"Comment\",\"target\":[\"https:\\\/\\\/dpress.ma\\\/fr\\\/2022\\\/08\\\/25\\\/aeroport-marrakech-menara-plus-de-22-millions-de-passagers-a-fin-juillet-onda\\\/#respond\"]}]},{\"@type\":\"WebPage\",\"@id\":\"https:\\\/\\\/dpress.ma\\\/fr\\\/2022\\\/08\\\/25\\\/aeroport-marrakech-menara-plus-de-22-millions-de-passagers-a-fin-juillet-onda\\\/\",\"url\":\"https:\\\/\\\/dpress.ma\\\/fr\\\/2022\\\/08\\\/25\\\/aeroport-marrakech-menara-plus-de-22-millions-de-passagers-a-fin-juillet-onda\\\/\",\"name\":\"A\u00e9roport Marrakech- M\u00e9nara : Plus de 2,2 millions de passagers \u00e0 fin juillet (ONDA) - Dpress.ma\\\/fr\",\"isPartOf\":{\"@id\":\"https:\\\/\\\/dpress.ma\\\/fr\\\/#website\"},\"primaryImageOfPage\":{\"@id\":\"https:\\\/\\\/dpress.ma\\\/fr\\\/2022\\\/08\\\/25\\\/aeroport-marrakech-menara-plus-de-22-millions-de-passagers-a-fin-juillet-onda\\\/#primaryimage\"},\"image\":{\"@id\":\"https:\\\/\\\/dpress.ma\\\/fr\\\/2022\\\/08\\\/25\\\/aeroport-marrakech-menara-plus-de-22-millions-de-passagers-a-fin-juillet-onda\\\/#primaryimage\"},\"thumbnailUrl\":\"https:\\\/\\\/dpress.ma\\\/fr\\\/wp-content\\\/uploads\\\/sites\\\/2\\\/2022\\\/08\\\/dimensions2-3.jpg\",\"datePublished\":\"2022-08-25T12:38:54+00:00\",\"dateModified\":\"2022-08-25T12:38:56+00:00\",\"author\":{\"@id\":\"https:\\\/\\\/dpress.ma\\\/fr\\\/#\\\/schema\\\/person\\\/4898febf3ccd59e6578d838656a306a0\"},\"breadcrumb\":{\"@id\":\"https:\\\/\\\/dpress.ma\\\/fr\\\/2022\\\/08\\\/25\\\/aeroport-marrakech-menara-plus-de-22-millions-de-passagers-a-fin-juillet-onda\\\/#breadcrumb\"},\"inLanguage\":\"fr-FR\",\"potentialAction\":[{\"@type\":\"ReadAction\",\"target\":[\"https:\\\/\\\/dpress.ma\\\/fr\\\/2022\\\/08\\\/25\\\/aeroport-marrakech-menara-plus-de-22-millions-de-passagers-a-fin-juillet-onda\\\/\"]}]},{\"@type\":\"ImageObject\",\"inLanguage\":\"fr-FR\",\"@id\":\"https:\\\/\\\/dpress.ma\\\/fr\\\/2022\\\/08\\\/25\\\/aeroport-marrakech-menara-plus-de-22-millions-de-passagers-a-fin-juillet-onda\\\/#primaryimage\",\"url\":\"https:\\\/\\\/dpress.ma\\\/fr\\\/wp-content\\\/uploads\\\/sites\\\/2\\\/2022\\\/08\\\/dimensions2-3.jpg\",\"contentUrl\":\"https:\\\/\\\/dpress.ma\\\/fr\\\/wp-content\\\/uploads\\\/sites\\\/2\\\/2022\\\/08\\\/dimensions2-3.jpg\",\"width\":2539,\"height\":1594},{\"@type\":\"BreadcrumbList\",\"@id\":\"https:\\\/\\\/dpress.ma\\\/fr\\\/2022\\\/08\\\/25\\\/aeroport-marrakech-menara-plus-de-22-millions-de-passagers-a-fin-juillet-onda\\\/#breadcrumb\",\"itemListElement\":[{\"@type\":\"ListItem\",\"position\":1,\"name\":\"Home\",\"item\":\"https:\\\/\\\/dpress.ma\\\/fr\\\/\"},{\"@type\":\"ListItem\",\"position\":2,\"name\":\"A\u00e9roport Marrakech- M\u00e9nara : Plus de 2,2 millions de passagers \u00e0 fin juillet (ONDA)\"}]},{\"@type\":\"WebSite\",\"@id\":\"https:\\\/\\\/dpress.ma\\\/fr\\\/#website\",\"url\":\"https:\\\/\\\/dpress.ma\\\/fr\\\/\",\"name\":\"Dpress.ma\\\/fr\",\"description\":\"\",\"potentialAction\":[{\"@type\":\"SearchAction\",\"target\":{\"@type\":\"EntryPoint\",\"urlTemplate\":\"https:\\\/\\\/dpress.ma\\\/fr\\\/?s={search_term_string}\"},\"query-input\":{\"@type\":\"PropertyValueSpecification\",\"valueRequired\":true,\"valueName\":\"search_term_string\"}}],\"inLanguage\":\"fr-FR\"},{\"@type\":\"Person\",\"@id\":\"https:\\\/\\\/dpress.ma\\\/fr\\\/#\\\/schema\\\/person\\\/4898febf3ccd59e6578d838656a306a0\",\"name\":\"Dpress.ma\",\"image\":{\"@type\":\"ImageObject\",\"inLanguage\":\"fr-FR\",\"@id\":\"https:\\\/\\\/secure.gravatar.com\\\/avatar\\\/72ecc30e9db047a2e0e7176561eb9d564ed77c8108376495b19bd8336405198a?s=96&d=mm&r=g\",\"url\":\"https:\\\/\\\/secure.gravatar.com\\\/avatar\\\/72ecc30e9db047a2e0e7176561eb9d564ed77c8108376495b19bd8336405198a?s=96&d=mm&r=g\",\"contentUrl\":\"https:\\\/\\\/secure.gravatar.com\\\/avatar\\\/72ecc30e9db047a2e0e7176561eb9d564ed77c8108376495b19bd8336405198a?s=96&d=mm&r=g\",\"caption\":\"Dpress.ma\"},\"sameAs\":[\"https:\\\/\\\/www.dpress.ma\"],\"url\":\"https:\\\/\\\/dpress.ma\\\/fr\\\/author\\\/dpress-ma\\\/\"}]}<\/script>\n<!-- \/ Yoast SEO plugin. -->","yoast_head_json":{"title":"A\u00e9roport Marrakech- M\u00e9nara : Plus de 2,2 millions de passagers \u00e0 fin juillet (ONDA) - Dpress.ma\/fr","robots":{"index":"index","follow":"follow","max-snippet":"max-snippet:-1","max-image-preview":"max-image-preview:large","max-video-preview":"max-video-preview:-1"},"canonical":"https:\/\/dpress.ma\/fr\/2022\/08\/25\/aeroport-marrakech-menara-plus-de-22-millions-de-passagers-a-fin-juillet-onda\/","og_locale":"fr_FR","og_type":"article","og_title":"A\u00e9roport Marrakech- M\u00e9nara : Plus de 2,2 millions de passagers \u00e0 fin juillet (ONDA) - Dpress.ma\/fr","og_description":"Dpress L\u2019a\u00e9roport international Marrakech- Menara&nbsp;a enregistr\u00e9, durant les sept premiers mois de l\u2019ann\u00e9e en cours, un volume de trafic commercial de 2.208.335 passagers, selon les donn\u00e9es de l\u2019Office National des A\u00e9roports (ONDA). Ce volume de trafic des passagers repr\u00e9sente un taux de r\u00e9cup\u00e9ration de 61 % par rapport \u00e0 la m\u00eame p\u00e9riode de l\u2019ann\u00e9e 2019 &hellip;","og_url":"https:\/\/dpress.ma\/fr\/2022\/08\/25\/aeroport-marrakech-menara-plus-de-22-millions-de-passagers-a-fin-juillet-onda\/","og_site_name":"Dpress.ma\/fr","article_published_time":"2022-08-25T12:38:54+00:00","article_modified_time":"2022-08-25T12:38:56+00:00","og_image":[{"width":2539,"height":1594,"url":"https:\/\/dpress.ma\/fr\/wp-content\/uploads\/sites\/2\/2022\/08\/dimensions2-3.jpg","type":"image\/jpeg"}],"author":"Dpress.ma","twitter_card":"summary_large_image","twitter_misc":{"\u00c9crit par":"Dpress.ma","Dur\u00e9e de lecture estim\u00e9e":"1 minute"},"schema":{"@context":"https:\/\/schema.org","@graph":[{"@type":"Article","@id":"https:\/\/dpress.ma\/fr\/2022\/08\/25\/aeroport-marrakech-menara-plus-de-22-millions-de-passagers-a-fin-juillet-onda\/#article","isPartOf":{"@id":"https:\/\/dpress.ma\/fr\/2022\/08\/25\/aeroport-marrakech-menara-plus-de-22-millions-de-passagers-a-fin-juillet-onda\/"},"author":{"name":"Dpress.ma","@id":"https:\/\/dpress.ma\/fr\/#\/schema\/person\/4898febf3ccd59e6578d838656a306a0"},"headline":"A\u00e9roport Marrakech- M\u00e9nara : Plus de 2,2 millions de passagers \u00e0 fin juillet (ONDA)","datePublished":"2022-08-25T12:38:54+00:00","dateModified":"2022-08-25T12:38:56+00:00","mainEntityOfPage":{"@id":"https:\/\/dpress.ma\/fr\/2022\/08\/25\/aeroport-marrakech-menara-plus-de-22-millions-de-passagers-a-fin-juillet-onda\/"},"wordCount":204,"commentCount":0,"image":{"@id":"https:\/\/dpress.ma\/fr\/2022\/08\/25\/aeroport-marrakech-menara-plus-de-22-millions-de-passagers-a-fin-juillet-onda\/#primaryimage"},"thumbnailUrl":"https:\/\/dpress.ma\/fr\/wp-content\/uploads\/sites\/2\/2022\/08\/dimensions2-3.jpg","articleSection":["Espace Marocain du Monde"],"inLanguage":"fr-FR","potentialAction":[{"@type":"CommentAction","name":"Comment","target":["https:\/\/dpress.ma\/fr\/2022\/08\/25\/aeroport-marrakech-menara-plus-de-22-millions-de-passagers-a-fin-juillet-onda\/#respond"]}]},{"@type":"WebPage","@id":"https:\/\/dpress.ma\/fr\/2022\/08\/25\/aeroport-marrakech-menara-plus-de-22-millions-de-passagers-a-fin-juillet-onda\/","url":"https:\/\/dpress.ma\/fr\/2022\/08\/25\/aeroport-marrakech-menara-plus-de-22-millions-de-passagers-a-fin-juillet-onda\/","name":"A\u00e9roport Marrakech- M\u00e9nara : Plus de 2,2 millions de passagers \u00e0 fin juillet (ONDA) - Dpress.ma\/fr","isPartOf":{"@id":"https:\/\/dpress.ma\/fr\/#website"},"primaryImageOfPage":{"@id":"https:\/\/dpress.ma\/fr\/2022\/08\/25\/aeroport-marrakech-menara-plus-de-22-millions-de-passagers-a-fin-juillet-onda\/#primaryimage"},"image":{"@id":"https:\/\/dpress.ma\/fr\/2022\/08\/25\/aeroport-marrakech-menara-plus-de-22-millions-de-passagers-a-fin-juillet-onda\/#primaryimage"},"thumbnailUrl":"https:\/\/dpress.ma\/fr\/wp-content\/uploads\/sites\/2\/2022\/08\/dimensions2-3.jpg","datePublished":"2022-08-25T12:38:54+00:00","dateModified":"2022-08-25T12:38:56+00:00","author":{"@id":"https:\/\/dpress.ma\/fr\/#\/schema\/person\/4898febf3ccd59e6578d838656a306a0"},"breadcrumb":{"@id":"https:\/\/dpress.ma\/fr\/2022\/08\/25\/aeroport-marrakech-menara-plus-de-22-millions-de-passagers-a-fin-juillet-onda\/#breadcrumb"},"inLanguage":"fr-FR","potentialAction":[{"@type":"ReadAction","target":["https:\/\/dpress.ma\/fr\/2022\/08\/25\/aeroport-marrakech-menara-plus-de-22-millions-de-passagers-a-fin-juillet-onda\/"]}]},{"@type":"ImageObject","inLanguage":"fr-FR","@id":"https:\/\/dpress.ma\/fr\/2022\/08\/25\/aeroport-marrakech-menara-plus-de-22-millions-de-passagers-a-fin-juillet-onda\/#primaryimage","url":"https:\/\/dpress.ma\/fr\/wp-content\/uploads\/sites\/2\/2022\/08\/dimensions2-3.jpg","contentUrl":"https:\/\/dpress.ma\/fr\/wp-content\/uploads\/sites\/2\/2022\/08\/dimensions2-3.jpg","width":2539,"height":1594},{"@type":"BreadcrumbList","@id":"https:\/\/dpress.ma\/fr\/2022\/08\/25\/aeroport-marrakech-menara-plus-de-22-millions-de-passagers-a-fin-juillet-onda\/#breadcrumb","itemListElement":[{"@type":"ListItem","position":1,"name":"Home","item":"https:\/\/dpress.ma\/fr\/"},{"@type":"ListItem","position":2,"name":"A\u00e9roport Marrakech- M\u00e9nara : Plus de 2,2 millions de passagers \u00e0 fin juillet (ONDA)"}]},{"@type":"WebSite","@id":"https:\/\/dpress.ma\/fr\/#website","url":"https:\/\/dpress.ma\/fr\/","name":"Dpress.ma\/fr","description":"","potentialAction":[{"@type":"SearchAction","target":{"@type":"EntryPoint","urlTemplate":"https:\/\/dpress.ma\/fr\/?s={search_term_string}"},"query-input":{"@type":"PropertyValueSpecification","valueRequired":true,"valueName":"search_term_string"}}],"inLanguage":"fr-FR"},{"@type":"Person","@id":"https:\/\/dpress.ma\/fr\/#\/schema\/person\/4898febf3ccd59e6578d838656a306a0","name":"Dpress.ma","image":{"@type":"ImageObject","inLanguage":"fr-FR","@id":"https:\/\/secure.gravatar.com\/avatar\/72ecc30e9db047a2e0e7176561eb9d564ed77c8108376495b19bd8336405198a?s=96&d=mm&r=g","url":"https:\/\/secure.gravatar.com\/avatar\/72ecc30e9db047a2e0e7176561eb9d564ed77c8108376495b19bd8336405198a?s=96&d=mm&r=g","contentUrl":"https:\/\/secure.gravatar.com\/avatar\/72ecc30e9db047a2e0e7176561eb9d564ed77c8108376495b19bd8336405198a?s=96&d=mm&r=g","caption":"Dpress.ma"},"sameAs":["https:\/\/www.dpress.ma"],"url":"https:\/\/dpress.ma\/fr\/author\/dpress-ma\/"}]}},"amp_enabled":true,"_links":{"self":[{"href":"https:\/\/dpress.ma\/fr\/wp-json\/wp\/v2\/posts\/2187","targetHints":{"allow":["GET"]}}],"collection":[{"href":"https:\/\/dpress.ma\/fr\/wp-json\/wp\/v2\/posts"}],"about":[{"href":"https:\/\/dpress.ma\/fr\/wp-json\/wp\/v2\/types\/post"}],"author":[{"embeddable":true,"href":"https:\/\/dpress.ma\/fr\/wp-json\/wp\/v2\/users\/2"}],"replies":[{"embeddable":true,"href":"https:\/\/dpress.ma\/fr\/wp-json\/wp\/v2\/comments?post=2187"}],"version-history":[{"count":1,"href":"https:\/\/dpress.ma\/fr\/wp-json\/wp\/v2\/posts\/2187\/revisions"}],"predecessor-version":[{"id":2189,"href":"https:\/\/dpress.ma\/fr\/wp-json\/wp\/v2\/posts\/2187\/revisions\/2189"}],"wp:featuredmedia":[{"embeddable":true,"href":"https:\/\/dpress.ma\/fr\/wp-json\/wp\/v2\/media\/2188"}],"wp:attachment":[{"href":"https:\/\/dpress.ma\/fr\/wp-json\/wp\/v2\/media?parent=2187"}],"wp:term":[{"taxonomy":"category","embeddable":true,"href":"https:\/\/dpress.ma\/fr\/wp-json\/wp\/v2\/categories?post=2187"},{"taxonomy":"post_tag","embeddable":true,"href":"https:\/\/dpress.ma\/fr\/wp-json\/wp\/v2\/tags?post=2187"}],"curies":[{"name":"wp","href":"https:\/\/api.w.org\/{rel}","templated":true}]}}