{"id":2183,"date":"2022-08-25T08:36:50","date_gmt":"2022-08-25T08:36:50","guid":{"rendered":"https:\/\/dpress.ma\/fr\/?p=2183"},"modified":"2022-08-25T08:36:52","modified_gmt":"2022-08-25T08:36:52","slug":"le-registre-social-unifie-un-prelude-a-meme-de-permettre-aux-citoyens-de-beneficier-du-soutien-direct","status":"publish","type":"post","link":"https:\/\/dpress.ma\/fr\/2022\/08\/25\/le-registre-social-unifie-un-prelude-a-meme-de-permettre-aux-citoyens-de-beneficier-du-soutien-direct\/","title":{"rendered":"Le Registre social unifi\u00e9, un pr\u00e9lude \u00e0 m\u00eame de permettre aux citoyens de b\u00e9n\u00e9ficier du soutien direct"},"content":{"rendered":"\n<p>Dpress<\/p>\n\n\n\n<p>Le syst\u00e8me du Registre social unifi\u00e9 (RSU) sur lequel travaille le gouvernement constitue un pr\u00e9lude \u00e0 m\u00eame de permettre aux citoyens de b\u00e9n\u00e9ficier du soutien direct, a affirm\u00e9, mercredi \u00e0 Rabat, le Chef du gouvernement, Aziz Akhannouch.<\/p>\n\n\n\n<p>Dans une d\u00e9claration \u00e0 la presse \u00e0 l\u2019issue de la r\u00e9union qu\u2019il a pr\u00e9sid\u00e9e et consacr\u00e9e aux moyens d\u2019acc\u00e9l\u00e9rer le d\u00e9ploiement et la mise en \u0153uvre du RSU, M. Akhannouch a relev\u00e9 que cette rencontre a permis d\u2019aborder l\u2019\u00e9tat d\u2019avancement de la mise en place de ce Registre et d\u2019insister sur la n\u00e9cessit\u00e9 d\u2019acc\u00e9l\u00e9rer l\u2019ex\u00e9cution du chantier de la protection sociale, conform\u00e9ment \u00e0 la vision \u00e9clair\u00e9e de SM le Roi Mohammed VI.<\/p>\n\n\n\n<p>Rappelant que le Souverain a mis l\u2019accent, dans le Discours du Tr\u00f4ne, sur le renforcement du chantier de la protection sociale, le Chef de l\u2019Ex\u00e9cutif a soulign\u00e9 que la mise en oeuvre de ce m\u00e9canisme contribuera \u00e0 d\u00e9terminer les personnes ayant besoin du soutien.<\/p>\n\n\n\n<p>Il a aussi fait savoir que les b\u00e9n\u00e9ficiaires du R\u00e9gime d\u2019Assistance M\u00e9dicale (RAMED) passeront d\u00e8s la fin de cette ann\u00e9e au r\u00e9gime de l\u2019Assurance maladie obligatoire (AMO), ajoutant que les familles ayant des enfants qui poursuivent leurs \u00e9tudes (7 millions), ainsi que celles en situation de pr\u00e9carit\u00e9 (3 millions) vont b\u00e9n\u00e9ficier d\u00e8s la fin de l\u2019ann\u00e9e prochaine du soutien direct.<\/p>\n\n\n\n<p>A rappeler que la tenue de cette r\u00e9union traduit la ferme volont\u00e9 du gouvernement d\u2019acc\u00e9l\u00e9rer le d\u00e9ploiement du RSU ainsi que les m\u00e9canismes de son suivi et ce, dans le cadre de la mise en \u0153uvre du chantier de g\u00e9n\u00e9ralisation de la protection sociale, conform\u00e9ment aux \u00e9ch\u00e9ances arr\u00eat\u00e9es en application des Hautes Instructions Royales.<\/p>\n","protected":false},"excerpt":{"rendered":"<p>Dpress Le syst\u00e8me du Registre social unifi\u00e9 (RSU) sur lequel travaille le gouvernement constitue un pr\u00e9lude \u00e0 m\u00eame de permettre aux citoyens de b\u00e9n\u00e9ficier du soutien direct, a affirm\u00e9, mercredi \u00e0 Rabat, le Chef du gouvernement, Aziz Akhannouch. Dans une d\u00e9claration \u00e0 la presse \u00e0 l\u2019issue de la r\u00e9union qu\u2019il a pr\u00e9sid\u00e9e et consacr\u00e9e aux &hellip;<\/p>\n","protected":false},"author":2,"featured_media":2009,"comment_status":"open","ping_status":"open","sticky":false,"template":"","format":"standard","meta":{"footnotes":""},"categories":[26],"tags":[],"class_list":["post-2183","post","type-post","status-publish","format-standard","has-post-thumbnail","hentry","category-politiques"],"yoast_head":"<!-- This site is optimized with the Yoast SEO plugin v27.5 - https:\/\/yoast.com\/product\/yoast-seo-wordpress\/ -->\n<title>Le Registre social unifi\u00e9, un pr\u00e9lude \u00e0 m\u00eame de permettre aux citoyens de b\u00e9n\u00e9ficier du soutien direct - Dpress.ma\/fr<\/title>\n<meta name=\"robots\" content=\"index, follow, max-snippet:-1, max-image-preview:large, max-video-preview:-1\" \/>\n<link rel=\"canonical\" href=\"https:\/\/dpress.ma\/fr\/2022\/08\/25\/le-registre-social-unifie-un-prelude-a-meme-de-permettre-aux-citoyens-de-beneficier-du-soutien-direct\/\" \/>\n<meta property=\"og:locale\" content=\"fr_FR\" \/>\n<meta property=\"og:type\" content=\"article\" \/>\n<meta property=\"og:title\" content=\"Le Registre social unifi\u00e9, un pr\u00e9lude \u00e0 m\u00eame de permettre aux citoyens de b\u00e9n\u00e9ficier du soutien direct - Dpress.ma\/fr\" \/>\n<meta property=\"og:description\" content=\"Dpress Le syst\u00e8me du Registre social unifi\u00e9 (RSU) sur lequel travaille le gouvernement constitue un pr\u00e9lude \u00e0 m\u00eame de permettre aux citoyens de b\u00e9n\u00e9ficier du soutien direct, a affirm\u00e9, mercredi \u00e0 Rabat, le Chef du gouvernement, Aziz Akhannouch. Dans une d\u00e9claration \u00e0 la presse \u00e0 l\u2019issue de la r\u00e9union qu\u2019il a pr\u00e9sid\u00e9e et consacr\u00e9e aux &hellip;\" \/>\n<meta property=\"og:url\" content=\"https:\/\/dpress.ma\/fr\/2022\/08\/25\/le-registre-social-unifie-un-prelude-a-meme-de-permettre-aux-citoyens-de-beneficier-du-soutien-direct\/\" \/>\n<meta property=\"og:site_name\" content=\"Dpress.ma\/fr\" \/>\n<meta property=\"article:published_time\" content=\"2022-08-25T08:36:50+00:00\" \/>\n<meta property=\"article:modified_time\" content=\"2022-08-25T08:36:52+00:00\" \/>\n<meta property=\"og:image\" content=\"https:\/\/dpress.ma\/fr\/wp-content\/uploads\/sites\/2\/2022\/07\/qsqs.jpg\" \/>\n\t<meta property=\"og:image:width\" content=\"2539\" \/>\n\t<meta property=\"og:image:height\" content=\"1594\" \/>\n\t<meta property=\"og:image:type\" content=\"image\/jpeg\" \/>\n<meta name=\"author\" content=\"Dpress.ma\" \/>\n<meta name=\"twitter:card\" content=\"summary_large_image\" \/>\n<meta name=\"twitter:label1\" content=\"\u00c9crit par\" \/>\n\t<meta name=\"twitter:data1\" content=\"Dpress.ma\" \/>\n\t<meta name=\"twitter:label2\" content=\"Dur\u00e9e de lecture estim\u00e9e\" \/>\n\t<meta name=\"twitter:data2\" content=\"2 minutes\" \/>\n<script type=\"application\/ld+json\" class=\"yoast-schema-graph\">{\"@context\":\"https:\\\/\\\/schema.org\",\"@graph\":[{\"@type\":\"Article\",\"@id\":\"https:\\\/\\\/dpress.ma\\\/fr\\\/2022\\\/08\\\/25\\\/le-registre-social-unifie-un-prelude-a-meme-de-permettre-aux-citoyens-de-beneficier-du-soutien-direct\\\/#article\",\"isPartOf\":{\"@id\":\"https:\\\/\\\/dpress.ma\\\/fr\\\/2022\\\/08\\\/25\\\/le-registre-social-unifie-un-prelude-a-meme-de-permettre-aux-citoyens-de-beneficier-du-soutien-direct\\\/\"},\"author\":{\"name\":\"Dpress.ma\",\"@id\":\"https:\\\/\\\/dpress.ma\\\/fr\\\/#\\\/schema\\\/person\\\/4898febf3ccd59e6578d838656a306a0\"},\"headline\":\"Le Registre social unifi\u00e9, un pr\u00e9lude \u00e0 m\u00eame de permettre aux citoyens de b\u00e9n\u00e9ficier du soutien direct\",\"datePublished\":\"2022-08-25T08:36:50+00:00\",\"dateModified\":\"2022-08-25T08:36:52+00:00\",\"mainEntityOfPage\":{\"@id\":\"https:\\\/\\\/dpress.ma\\\/fr\\\/2022\\\/08\\\/25\\\/le-registre-social-unifie-un-prelude-a-meme-de-permettre-aux-citoyens-de-beneficier-du-soutien-direct\\\/\"},\"wordCount\":341,\"commentCount\":0,\"image\":{\"@id\":\"https:\\\/\\\/dpress.ma\\\/fr\\\/2022\\\/08\\\/25\\\/le-registre-social-unifie-un-prelude-a-meme-de-permettre-aux-citoyens-de-beneficier-du-soutien-direct\\\/#primaryimage\"},\"thumbnailUrl\":\"https:\\\/\\\/dpress.ma\\\/fr\\\/wp-content\\\/uploads\\\/sites\\\/2\\\/2022\\\/07\\\/qsqs.jpg\",\"articleSection\":[\"Politiques\"],\"inLanguage\":\"fr-FR\",\"potentialAction\":[{\"@type\":\"CommentAction\",\"name\":\"Comment\",\"target\":[\"https:\\\/\\\/dpress.ma\\\/fr\\\/2022\\\/08\\\/25\\\/le-registre-social-unifie-un-prelude-a-meme-de-permettre-aux-citoyens-de-beneficier-du-soutien-direct\\\/#respond\"]}]},{\"@type\":\"WebPage\",\"@id\":\"https:\\\/\\\/dpress.ma\\\/fr\\\/2022\\\/08\\\/25\\\/le-registre-social-unifie-un-prelude-a-meme-de-permettre-aux-citoyens-de-beneficier-du-soutien-direct\\\/\",\"url\":\"https:\\\/\\\/dpress.ma\\\/fr\\\/2022\\\/08\\\/25\\\/le-registre-social-unifie-un-prelude-a-meme-de-permettre-aux-citoyens-de-beneficier-du-soutien-direct\\\/\",\"name\":\"Le Registre social unifi\u00e9, un pr\u00e9lude \u00e0 m\u00eame de permettre aux citoyens de b\u00e9n\u00e9ficier du soutien direct - Dpress.ma\\\/fr\",\"isPartOf\":{\"@id\":\"https:\\\/\\\/dpress.ma\\\/fr\\\/#website\"},\"primaryImageOfPage\":{\"@id\":\"https:\\\/\\\/dpress.ma\\\/fr\\\/2022\\\/08\\\/25\\\/le-registre-social-unifie-un-prelude-a-meme-de-permettre-aux-citoyens-de-beneficier-du-soutien-direct\\\/#primaryimage\"},\"image\":{\"@id\":\"https:\\\/\\\/dpress.ma\\\/fr\\\/2022\\\/08\\\/25\\\/le-registre-social-unifie-un-prelude-a-meme-de-permettre-aux-citoyens-de-beneficier-du-soutien-direct\\\/#primaryimage\"},\"thumbnailUrl\":\"https:\\\/\\\/dpress.ma\\\/fr\\\/wp-content\\\/uploads\\\/sites\\\/2\\\/2022\\\/07\\\/qsqs.jpg\",\"datePublished\":\"2022-08-25T08:36:50+00:00\",\"dateModified\":\"2022-08-25T08:36:52+00:00\",\"author\":{\"@id\":\"https:\\\/\\\/dpress.ma\\\/fr\\\/#\\\/schema\\\/person\\\/4898febf3ccd59e6578d838656a306a0\"},\"breadcrumb\":{\"@id\":\"https:\\\/\\\/dpress.ma\\\/fr\\\/2022\\\/08\\\/25\\\/le-registre-social-unifie-un-prelude-a-meme-de-permettre-aux-citoyens-de-beneficier-du-soutien-direct\\\/#breadcrumb\"},\"inLanguage\":\"fr-FR\",\"potentialAction\":[{\"@type\":\"ReadAction\",\"target\":[\"https:\\\/\\\/dpress.ma\\\/fr\\\/2022\\\/08\\\/25\\\/le-registre-social-unifie-un-prelude-a-meme-de-permettre-aux-citoyens-de-beneficier-du-soutien-direct\\\/\"]}]},{\"@type\":\"ImageObject\",\"inLanguage\":\"fr-FR\",\"@id\":\"https:\\\/\\\/dpress.ma\\\/fr\\\/2022\\\/08\\\/25\\\/le-registre-social-unifie-un-prelude-a-meme-de-permettre-aux-citoyens-de-beneficier-du-soutien-direct\\\/#primaryimage\",\"url\":\"https:\\\/\\\/dpress.ma\\\/fr\\\/wp-content\\\/uploads\\\/sites\\\/2\\\/2022\\\/07\\\/qsqs.jpg\",\"contentUrl\":\"https:\\\/\\\/dpress.ma\\\/fr\\\/wp-content\\\/uploads\\\/sites\\\/2\\\/2022\\\/07\\\/qsqs.jpg\",\"width\":2539,\"height\":1594},{\"@type\":\"BreadcrumbList\",\"@id\":\"https:\\\/\\\/dpress.ma\\\/fr\\\/2022\\\/08\\\/25\\\/le-registre-social-unifie-un-prelude-a-meme-de-permettre-aux-citoyens-de-beneficier-du-soutien-direct\\\/#breadcrumb\",\"itemListElement\":[{\"@type\":\"ListItem\",\"position\":1,\"name\":\"Home\",\"item\":\"https:\\\/\\\/dpress.ma\\\/fr\\\/\"},{\"@type\":\"ListItem\",\"position\":2,\"name\":\"Le Registre social unifi\u00e9, un pr\u00e9lude \u00e0 m\u00eame de permettre aux citoyens de b\u00e9n\u00e9ficier du soutien direct\"}]},{\"@type\":\"WebSite\",\"@id\":\"https:\\\/\\\/dpress.ma\\\/fr\\\/#website\",\"url\":\"https:\\\/\\\/dpress.ma\\\/fr\\\/\",\"name\":\"Dpress.ma\\\/fr\",\"description\":\"\",\"potentialAction\":[{\"@type\":\"SearchAction\",\"target\":{\"@type\":\"EntryPoint\",\"urlTemplate\":\"https:\\\/\\\/dpress.ma\\\/fr\\\/?s={search_term_string}\"},\"query-input\":{\"@type\":\"PropertyValueSpecification\",\"valueRequired\":true,\"valueName\":\"search_term_string\"}}],\"inLanguage\":\"fr-FR\"},{\"@type\":\"Person\",\"@id\":\"https:\\\/\\\/dpress.ma\\\/fr\\\/#\\\/schema\\\/person\\\/4898febf3ccd59e6578d838656a306a0\",\"name\":\"Dpress.ma\",\"image\":{\"@type\":\"ImageObject\",\"inLanguage\":\"fr-FR\",\"@id\":\"https:\\\/\\\/secure.gravatar.com\\\/avatar\\\/72ecc30e9db047a2e0e7176561eb9d564ed77c8108376495b19bd8336405198a?s=96&d=mm&r=g\",\"url\":\"https:\\\/\\\/secure.gravatar.com\\\/avatar\\\/72ecc30e9db047a2e0e7176561eb9d564ed77c8108376495b19bd8336405198a?s=96&d=mm&r=g\",\"contentUrl\":\"https:\\\/\\\/secure.gravatar.com\\\/avatar\\\/72ecc30e9db047a2e0e7176561eb9d564ed77c8108376495b19bd8336405198a?s=96&d=mm&r=g\",\"caption\":\"Dpress.ma\"},\"sameAs\":[\"https:\\\/\\\/www.dpress.ma\"],\"url\":\"https:\\\/\\\/dpress.ma\\\/fr\\\/author\\\/dpress-ma\\\/\"}]}<\/script>\n<!-- \/ Yoast SEO plugin. -->","yoast_head_json":{"title":"Le Registre social unifi\u00e9, un pr\u00e9lude \u00e0 m\u00eame de permettre aux citoyens de b\u00e9n\u00e9ficier du soutien direct - Dpress.ma\/fr","robots":{"index":"index","follow":"follow","max-snippet":"max-snippet:-1","max-image-preview":"max-image-preview:large","max-video-preview":"max-video-preview:-1"},"canonical":"https:\/\/dpress.ma\/fr\/2022\/08\/25\/le-registre-social-unifie-un-prelude-a-meme-de-permettre-aux-citoyens-de-beneficier-du-soutien-direct\/","og_locale":"fr_FR","og_type":"article","og_title":"Le Registre social unifi\u00e9, un pr\u00e9lude \u00e0 m\u00eame de permettre aux citoyens de b\u00e9n\u00e9ficier du soutien direct - Dpress.ma\/fr","og_description":"Dpress Le syst\u00e8me du Registre social unifi\u00e9 (RSU) sur lequel travaille le gouvernement constitue un pr\u00e9lude \u00e0 m\u00eame de permettre aux citoyens de b\u00e9n\u00e9ficier du soutien direct, a affirm\u00e9, mercredi \u00e0 Rabat, le Chef du gouvernement, Aziz Akhannouch. Dans une d\u00e9claration \u00e0 la presse \u00e0 l\u2019issue de la r\u00e9union qu\u2019il a pr\u00e9sid\u00e9e et consacr\u00e9e aux &hellip;","og_url":"https:\/\/dpress.ma\/fr\/2022\/08\/25\/le-registre-social-unifie-un-prelude-a-meme-de-permettre-aux-citoyens-de-beneficier-du-soutien-direct\/","og_site_name":"Dpress.ma\/fr","article_published_time":"2022-08-25T08:36:50+00:00","article_modified_time":"2022-08-25T08:36:52+00:00","og_image":[{"width":2539,"height":1594,"url":"https:\/\/dpress.ma\/fr\/wp-content\/uploads\/sites\/2\/2022\/07\/qsqs.jpg","type":"image\/jpeg"}],"author":"Dpress.ma","twitter_card":"summary_large_image","twitter_misc":{"\u00c9crit par":"Dpress.ma","Dur\u00e9e de lecture estim\u00e9e":"2 minutes"},"schema":{"@context":"https:\/\/schema.org","@graph":[{"@type":"Article","@id":"https:\/\/dpress.ma\/fr\/2022\/08\/25\/le-registre-social-unifie-un-prelude-a-meme-de-permettre-aux-citoyens-de-beneficier-du-soutien-direct\/#article","isPartOf":{"@id":"https:\/\/dpress.ma\/fr\/2022\/08\/25\/le-registre-social-unifie-un-prelude-a-meme-de-permettre-aux-citoyens-de-beneficier-du-soutien-direct\/"},"author":{"name":"Dpress.ma","@id":"https:\/\/dpress.ma\/fr\/#\/schema\/person\/4898febf3ccd59e6578d838656a306a0"},"headline":"Le Registre social unifi\u00e9, un pr\u00e9lude \u00e0 m\u00eame de permettre aux citoyens de b\u00e9n\u00e9ficier du soutien direct","datePublished":"2022-08-25T08:36:50+00:00","dateModified":"2022-08-25T08:36:52+00:00","mainEntityOfPage":{"@id":"https:\/\/dpress.ma\/fr\/2022\/08\/25\/le-registre-social-unifie-un-prelude-a-meme-de-permettre-aux-citoyens-de-beneficier-du-soutien-direct\/"},"wordCount":341,"commentCount":0,"image":{"@id":"https:\/\/dpress.ma\/fr\/2022\/08\/25\/le-registre-social-unifie-un-prelude-a-meme-de-permettre-aux-citoyens-de-beneficier-du-soutien-direct\/#primaryimage"},"thumbnailUrl":"https:\/\/dpress.ma\/fr\/wp-content\/uploads\/sites\/2\/2022\/07\/qsqs.jpg","articleSection":["Politiques"],"inLanguage":"fr-FR","potentialAction":[{"@type":"CommentAction","name":"Comment","target":["https:\/\/dpress.ma\/fr\/2022\/08\/25\/le-registre-social-unifie-un-prelude-a-meme-de-permettre-aux-citoyens-de-beneficier-du-soutien-direct\/#respond"]}]},{"@type":"WebPage","@id":"https:\/\/dpress.ma\/fr\/2022\/08\/25\/le-registre-social-unifie-un-prelude-a-meme-de-permettre-aux-citoyens-de-beneficier-du-soutien-direct\/","url":"https:\/\/dpress.ma\/fr\/2022\/08\/25\/le-registre-social-unifie-un-prelude-a-meme-de-permettre-aux-citoyens-de-beneficier-du-soutien-direct\/","name":"Le Registre social unifi\u00e9, un pr\u00e9lude \u00e0 m\u00eame de permettre aux citoyens de b\u00e9n\u00e9ficier du soutien direct - Dpress.ma\/fr","isPartOf":{"@id":"https:\/\/dpress.ma\/fr\/#website"},"primaryImageOfPage":{"@id":"https:\/\/dpress.ma\/fr\/2022\/08\/25\/le-registre-social-unifie-un-prelude-a-meme-de-permettre-aux-citoyens-de-beneficier-du-soutien-direct\/#primaryimage"},"image":{"@id":"https:\/\/dpress.ma\/fr\/2022\/08\/25\/le-registre-social-unifie-un-prelude-a-meme-de-permettre-aux-citoyens-de-beneficier-du-soutien-direct\/#primaryimage"},"thumbnailUrl":"https:\/\/dpress.ma\/fr\/wp-content\/uploads\/sites\/2\/2022\/07\/qsqs.jpg","datePublished":"2022-08-25T08:36:50+00:00","dateModified":"2022-08-25T08:36:52+00:00","author":{"@id":"https:\/\/dpress.ma\/fr\/#\/schema\/person\/4898febf3ccd59e6578d838656a306a0"},"breadcrumb":{"@id":"https:\/\/dpress.ma\/fr\/2022\/08\/25\/le-registre-social-unifie-un-prelude-a-meme-de-permettre-aux-citoyens-de-beneficier-du-soutien-direct\/#breadcrumb"},"inLanguage":"fr-FR","potentialAction":[{"@type":"ReadAction","target":["https:\/\/dpress.ma\/fr\/2022\/08\/25\/le-registre-social-unifie-un-prelude-a-meme-de-permettre-aux-citoyens-de-beneficier-du-soutien-direct\/"]}]},{"@type":"ImageObject","inLanguage":"fr-FR","@id":"https:\/\/dpress.ma\/fr\/2022\/08\/25\/le-registre-social-unifie-un-prelude-a-meme-de-permettre-aux-citoyens-de-beneficier-du-soutien-direct\/#primaryimage","url":"https:\/\/dpress.ma\/fr\/wp-content\/uploads\/sites\/2\/2022\/07\/qsqs.jpg","contentUrl":"https:\/\/dpress.ma\/fr\/wp-content\/uploads\/sites\/2\/2022\/07\/qsqs.jpg","width":2539,"height":1594},{"@type":"BreadcrumbList","@id":"https:\/\/dpress.ma\/fr\/2022\/08\/25\/le-registre-social-unifie-un-prelude-a-meme-de-permettre-aux-citoyens-de-beneficier-du-soutien-direct\/#breadcrumb","itemListElement":[{"@type":"ListItem","position":1,"name":"Home","item":"https:\/\/dpress.ma\/fr\/"},{"@type":"ListItem","position":2,"name":"Le Registre social unifi\u00e9, un pr\u00e9lude \u00e0 m\u00eame de permettre aux citoyens de b\u00e9n\u00e9ficier du soutien direct"}]},{"@type":"WebSite","@id":"https:\/\/dpress.ma\/fr\/#website","url":"https:\/\/dpress.ma\/fr\/","name":"Dpress.ma\/fr","description":"","potentialAction":[{"@type":"SearchAction","target":{"@type":"EntryPoint","urlTemplate":"https:\/\/dpress.ma\/fr\/?s={search_term_string}"},"query-input":{"@type":"PropertyValueSpecification","valueRequired":true,"valueName":"search_term_string"}}],"inLanguage":"fr-FR"},{"@type":"Person","@id":"https:\/\/dpress.ma\/fr\/#\/schema\/person\/4898febf3ccd59e6578d838656a306a0","name":"Dpress.ma","image":{"@type":"ImageObject","inLanguage":"fr-FR","@id":"https:\/\/secure.gravatar.com\/avatar\/72ecc30e9db047a2e0e7176561eb9d564ed77c8108376495b19bd8336405198a?s=96&d=mm&r=g","url":"https:\/\/secure.gravatar.com\/avatar\/72ecc30e9db047a2e0e7176561eb9d564ed77c8108376495b19bd8336405198a?s=96&d=mm&r=g","contentUrl":"https:\/\/secure.gravatar.com\/avatar\/72ecc30e9db047a2e0e7176561eb9d564ed77c8108376495b19bd8336405198a?s=96&d=mm&r=g","caption":"Dpress.ma"},"sameAs":["https:\/\/www.dpress.ma"],"url":"https:\/\/dpress.ma\/fr\/author\/dpress-ma\/"}]}},"amp_enabled":true,"_links":{"self":[{"href":"https:\/\/dpress.ma\/fr\/wp-json\/wp\/v2\/posts\/2183","targetHints":{"allow":["GET"]}}],"collection":[{"href":"https:\/\/dpress.ma\/fr\/wp-json\/wp\/v2\/posts"}],"about":[{"href":"https:\/\/dpress.ma\/fr\/wp-json\/wp\/v2\/types\/post"}],"author":[{"embeddable":true,"href":"https:\/\/dpress.ma\/fr\/wp-json\/wp\/v2\/users\/2"}],"replies":[{"embeddable":true,"href":"https:\/\/dpress.ma\/fr\/wp-json\/wp\/v2\/comments?post=2183"}],"version-history":[{"count":1,"href":"https:\/\/dpress.ma\/fr\/wp-json\/wp\/v2\/posts\/2183\/revisions"}],"predecessor-version":[{"id":2184,"href":"https:\/\/dpress.ma\/fr\/wp-json\/wp\/v2\/posts\/2183\/revisions\/2184"}],"wp:featuredmedia":[{"embeddable":true,"href":"https:\/\/dpress.ma\/fr\/wp-json\/wp\/v2\/media\/2009"}],"wp:attachment":[{"href":"https:\/\/dpress.ma\/fr\/wp-json\/wp\/v2\/media?parent=2183"}],"wp:term":[{"taxonomy":"category","embeddable":true,"href":"https:\/\/dpress.ma\/fr\/wp-json\/wp\/v2\/categories?post=2183"},{"taxonomy":"post_tag","embeddable":true,"href":"https:\/\/dpress.ma\/fr\/wp-json\/wp\/v2\/tags?post=2183"}],"curies":[{"name":"wp","href":"https:\/\/api.w.org\/{rel}","templated":true}]}}