{"id":2181,"date":"2022-08-25T08:33:47","date_gmt":"2022-08-25T08:33:47","guid":{"rendered":"https:\/\/dpress.ma\/fr\/?p=2181"},"modified":"2022-08-25T08:33:49","modified_gmt":"2022-08-25T08:33:49","slug":"sm-le-roi-adresse-un-message-de-condoleances-et-de-compassion-a-la-famille-de-feu-abdelhak-el-khiame","status":"publish","type":"post","link":"https:\/\/dpress.ma\/fr\/2022\/08\/25\/sm-le-roi-adresse-un-message-de-condoleances-et-de-compassion-a-la-famille-de-feu-abdelhak-el-khiame\/","title":{"rendered":"SM le Roi adresse un message de condol\u00e9ances et de compassion \u00e0 la famille de feu Abdelhak El Khiame"},"content":{"rendered":"\n<p>Dpress<\/p>\n\n\n\n<p>Sa Majest\u00e9 le Roi Mohammed VI a adress\u00e9 un message de condol\u00e9ances et de compassion aux membres de la famille de feu Abdelhak El Khiame.<\/p>\n\n\n\n<p>Dans ce message, le Souverain affirme avoir appris avec une vive \u00e9motion et une profonde affliction la nouvelle du d\u00e9c\u00e8s de Abdelhak El Khiame, ancien directeur du Bureau central d\u2019investigations judiciaires (BCIJ), que Dieu l\u2019accueille dans Son vaste paradis parmi les vertueux.<\/p>\n\n\n\n<p>En cette douloureuse circonstance, SM le Roi exprime aux membres de la famille du d\u00e9funt, et \u00e0 travers eux \u00e0 l\u2019ensemble de leurs proches, ainsi qu\u2019\u00e0 ses amis et \u00e0 la famille de la S\u00fbret\u00e9 nationale, Ses vives condol\u00e9ances et Ses sinc\u00e8res sentiments de compassion, implorant le Tout-Puissant d\u2019entourer le d\u00e9funt de Son infinie mis\u00e9ricorde et de leur accorder patience et r\u00e9confort.<\/p>\n\n\n\n<p>Le Souverain dit Se rem\u00e9morer les qualit\u00e9s du d\u00e9funt qui a fait preuve, tout au long de son honorable parcours professionnel de d\u00e9vouement, d\u2019altruisme et de patriotisme sinc\u00e8re au service de l\u2019int\u00e9r\u00eat g\u00e9n\u00e9ral, en mettant \u00e0 contribution ses comp\u00e9tences pour assumer, avec honn\u00eatet\u00e9 et responsabilit\u00e9, les diff\u00e9rentes missions s\u00e9curitaires qu\u2019il a assur\u00e9es dans un attachement ind\u00e9fectible aux constantes et sacralit\u00e9s de la Nation.<\/p>\n\n\n\n<p>Sa Majest\u00e9 le Roi dit partager avec les membres de la famille du d\u00e9funt leurs sentiments en cette p\u00e9nible \u00e9preuve, la volont\u00e9 divine \u00e9tant imparable, implorant le Tr\u00e8s-Haut de r\u00e9tribuer amplement le d\u00e9funt pour les services rendus \u00e0 sa Patrie.<\/p>\n","protected":false},"excerpt":{"rendered":"<p>Dpress Sa Majest\u00e9 le Roi Mohammed VI a adress\u00e9 un message de condol\u00e9ances et de compassion aux membres de la famille de feu Abdelhak El Khiame. Dans ce message, le Souverain affirme avoir appris avec une vive \u00e9motion et une profonde affliction la nouvelle du d\u00e9c\u00e8s de Abdelhak El Khiame, ancien directeur du Bureau central &hellip;<\/p>\n","protected":false},"author":2,"featured_media":1879,"comment_status":"open","ping_status":"open","sticky":false,"template":"","format":"standard","meta":{"footnotes":""},"categories":[29],"tags":[],"class_list":["post-2181","post","type-post","status-publish","format-standard","has-post-thumbnail","hentry","category-activites-royales"],"yoast_head":"<!-- This site is optimized with the Yoast SEO plugin v27.5 - https:\/\/yoast.com\/product\/yoast-seo-wordpress\/ -->\n<title>SM le Roi adresse un message de condol\u00e9ances et de compassion \u00e0 la famille de feu Abdelhak El Khiame - Dpress.ma\/fr<\/title>\n<meta name=\"robots\" content=\"index, follow, max-snippet:-1, max-image-preview:large, max-video-preview:-1\" \/>\n<link rel=\"canonical\" href=\"https:\/\/dpress.ma\/fr\/2022\/08\/25\/sm-le-roi-adresse-un-message-de-condoleances-et-de-compassion-a-la-famille-de-feu-abdelhak-el-khiame\/\" \/>\n<meta property=\"og:locale\" content=\"fr_FR\" \/>\n<meta property=\"og:type\" content=\"article\" \/>\n<meta property=\"og:title\" content=\"SM le Roi adresse un message de condol\u00e9ances et de compassion \u00e0 la famille de feu Abdelhak El Khiame - Dpress.ma\/fr\" \/>\n<meta property=\"og:description\" content=\"Dpress Sa Majest\u00e9 le Roi Mohammed VI a adress\u00e9 un message de condol\u00e9ances et de compassion aux membres de la famille de feu Abdelhak El Khiame. Dans ce message, le Souverain affirme avoir appris avec une vive \u00e9motion et une profonde affliction la nouvelle du d\u00e9c\u00e8s de Abdelhak El Khiame, ancien directeur du Bureau central &hellip;\" \/>\n<meta property=\"og:url\" content=\"https:\/\/dpress.ma\/fr\/2022\/08\/25\/sm-le-roi-adresse-un-message-de-condoleances-et-de-compassion-a-la-famille-de-feu-abdelhak-el-khiame\/\" \/>\n<meta property=\"og:site_name\" content=\"Dpress.ma\/fr\" \/>\n<meta property=\"article:published_time\" content=\"2022-08-25T08:33:47+00:00\" \/>\n<meta property=\"article:modified_time\" content=\"2022-08-25T08:33:49+00:00\" \/>\n<meta property=\"og:image\" content=\"https:\/\/dpress.ma\/fr\/wp-content\/uploads\/sites\/2\/2022\/07\/sghhsg.jpg\" \/>\n\t<meta property=\"og:image:width\" content=\"2539\" \/>\n\t<meta property=\"og:image:height\" content=\"1594\" \/>\n\t<meta property=\"og:image:type\" content=\"image\/jpeg\" \/>\n<meta name=\"author\" content=\"Dpress.ma\" \/>\n<meta name=\"twitter:card\" content=\"summary_large_image\" \/>\n<meta name=\"twitter:label1\" content=\"\u00c9crit par\" \/>\n\t<meta name=\"twitter:data1\" content=\"Dpress.ma\" \/>\n\t<meta name=\"twitter:label2\" content=\"Dur\u00e9e de lecture estim\u00e9e\" \/>\n\t<meta name=\"twitter:data2\" content=\"2 minutes\" \/>\n<script type=\"application\/ld+json\" class=\"yoast-schema-graph\">{\"@context\":\"https:\\\/\\\/schema.org\",\"@graph\":[{\"@type\":\"Article\",\"@id\":\"https:\\\/\\\/dpress.ma\\\/fr\\\/2022\\\/08\\\/25\\\/sm-le-roi-adresse-un-message-de-condoleances-et-de-compassion-a-la-famille-de-feu-abdelhak-el-khiame\\\/#article\",\"isPartOf\":{\"@id\":\"https:\\\/\\\/dpress.ma\\\/fr\\\/2022\\\/08\\\/25\\\/sm-le-roi-adresse-un-message-de-condoleances-et-de-compassion-a-la-famille-de-feu-abdelhak-el-khiame\\\/\"},\"author\":{\"name\":\"Dpress.ma\",\"@id\":\"https:\\\/\\\/dpress.ma\\\/fr\\\/#\\\/schema\\\/person\\\/4898febf3ccd59e6578d838656a306a0\"},\"headline\":\"SM le Roi adresse un message de condol\u00e9ances et de compassion \u00e0 la famille de feu Abdelhak El Khiame\",\"datePublished\":\"2022-08-25T08:33:47+00:00\",\"dateModified\":\"2022-08-25T08:33:49+00:00\",\"mainEntityOfPage\":{\"@id\":\"https:\\\/\\\/dpress.ma\\\/fr\\\/2022\\\/08\\\/25\\\/sm-le-roi-adresse-un-message-de-condoleances-et-de-compassion-a-la-famille-de-feu-abdelhak-el-khiame\\\/\"},\"wordCount\":285,\"commentCount\":0,\"image\":{\"@id\":\"https:\\\/\\\/dpress.ma\\\/fr\\\/2022\\\/08\\\/25\\\/sm-le-roi-adresse-un-message-de-condoleances-et-de-compassion-a-la-famille-de-feu-abdelhak-el-khiame\\\/#primaryimage\"},\"thumbnailUrl\":\"https:\\\/\\\/dpress.ma\\\/fr\\\/wp-content\\\/uploads\\\/sites\\\/2\\\/2022\\\/07\\\/sghhsg.jpg\",\"articleSection\":[\"Activit\u00e9s Royales\"],\"inLanguage\":\"fr-FR\",\"potentialAction\":[{\"@type\":\"CommentAction\",\"name\":\"Comment\",\"target\":[\"https:\\\/\\\/dpress.ma\\\/fr\\\/2022\\\/08\\\/25\\\/sm-le-roi-adresse-un-message-de-condoleances-et-de-compassion-a-la-famille-de-feu-abdelhak-el-khiame\\\/#respond\"]}]},{\"@type\":\"WebPage\",\"@id\":\"https:\\\/\\\/dpress.ma\\\/fr\\\/2022\\\/08\\\/25\\\/sm-le-roi-adresse-un-message-de-condoleances-et-de-compassion-a-la-famille-de-feu-abdelhak-el-khiame\\\/\",\"url\":\"https:\\\/\\\/dpress.ma\\\/fr\\\/2022\\\/08\\\/25\\\/sm-le-roi-adresse-un-message-de-condoleances-et-de-compassion-a-la-famille-de-feu-abdelhak-el-khiame\\\/\",\"name\":\"SM le Roi adresse un message de condol\u00e9ances et de compassion \u00e0 la famille de feu Abdelhak El Khiame - Dpress.ma\\\/fr\",\"isPartOf\":{\"@id\":\"https:\\\/\\\/dpress.ma\\\/fr\\\/#website\"},\"primaryImageOfPage\":{\"@id\":\"https:\\\/\\\/dpress.ma\\\/fr\\\/2022\\\/08\\\/25\\\/sm-le-roi-adresse-un-message-de-condoleances-et-de-compassion-a-la-famille-de-feu-abdelhak-el-khiame\\\/#primaryimage\"},\"image\":{\"@id\":\"https:\\\/\\\/dpress.ma\\\/fr\\\/2022\\\/08\\\/25\\\/sm-le-roi-adresse-un-message-de-condoleances-et-de-compassion-a-la-famille-de-feu-abdelhak-el-khiame\\\/#primaryimage\"},\"thumbnailUrl\":\"https:\\\/\\\/dpress.ma\\\/fr\\\/wp-content\\\/uploads\\\/sites\\\/2\\\/2022\\\/07\\\/sghhsg.jpg\",\"datePublished\":\"2022-08-25T08:33:47+00:00\",\"dateModified\":\"2022-08-25T08:33:49+00:00\",\"author\":{\"@id\":\"https:\\\/\\\/dpress.ma\\\/fr\\\/#\\\/schema\\\/person\\\/4898febf3ccd59e6578d838656a306a0\"},\"breadcrumb\":{\"@id\":\"https:\\\/\\\/dpress.ma\\\/fr\\\/2022\\\/08\\\/25\\\/sm-le-roi-adresse-un-message-de-condoleances-et-de-compassion-a-la-famille-de-feu-abdelhak-el-khiame\\\/#breadcrumb\"},\"inLanguage\":\"fr-FR\",\"potentialAction\":[{\"@type\":\"ReadAction\",\"target\":[\"https:\\\/\\\/dpress.ma\\\/fr\\\/2022\\\/08\\\/25\\\/sm-le-roi-adresse-un-message-de-condoleances-et-de-compassion-a-la-famille-de-feu-abdelhak-el-khiame\\\/\"]}]},{\"@type\":\"ImageObject\",\"inLanguage\":\"fr-FR\",\"@id\":\"https:\\\/\\\/dpress.ma\\\/fr\\\/2022\\\/08\\\/25\\\/sm-le-roi-adresse-un-message-de-condoleances-et-de-compassion-a-la-famille-de-feu-abdelhak-el-khiame\\\/#primaryimage\",\"url\":\"https:\\\/\\\/dpress.ma\\\/fr\\\/wp-content\\\/uploads\\\/sites\\\/2\\\/2022\\\/07\\\/sghhsg.jpg\",\"contentUrl\":\"https:\\\/\\\/dpress.ma\\\/fr\\\/wp-content\\\/uploads\\\/sites\\\/2\\\/2022\\\/07\\\/sghhsg.jpg\",\"width\":2539,\"height\":1594},{\"@type\":\"BreadcrumbList\",\"@id\":\"https:\\\/\\\/dpress.ma\\\/fr\\\/2022\\\/08\\\/25\\\/sm-le-roi-adresse-un-message-de-condoleances-et-de-compassion-a-la-famille-de-feu-abdelhak-el-khiame\\\/#breadcrumb\",\"itemListElement\":[{\"@type\":\"ListItem\",\"position\":1,\"name\":\"Home\",\"item\":\"https:\\\/\\\/dpress.ma\\\/fr\\\/\"},{\"@type\":\"ListItem\",\"position\":2,\"name\":\"SM le Roi adresse un message de condol\u00e9ances et de compassion \u00e0 la famille de feu Abdelhak El Khiame\"}]},{\"@type\":\"WebSite\",\"@id\":\"https:\\\/\\\/dpress.ma\\\/fr\\\/#website\",\"url\":\"https:\\\/\\\/dpress.ma\\\/fr\\\/\",\"name\":\"Dpress.ma\\\/fr\",\"description\":\"\",\"potentialAction\":[{\"@type\":\"SearchAction\",\"target\":{\"@type\":\"EntryPoint\",\"urlTemplate\":\"https:\\\/\\\/dpress.ma\\\/fr\\\/?s={search_term_string}\"},\"query-input\":{\"@type\":\"PropertyValueSpecification\",\"valueRequired\":true,\"valueName\":\"search_term_string\"}}],\"inLanguage\":\"fr-FR\"},{\"@type\":\"Person\",\"@id\":\"https:\\\/\\\/dpress.ma\\\/fr\\\/#\\\/schema\\\/person\\\/4898febf3ccd59e6578d838656a306a0\",\"name\":\"Dpress.ma\",\"image\":{\"@type\":\"ImageObject\",\"inLanguage\":\"fr-FR\",\"@id\":\"https:\\\/\\\/secure.gravatar.com\\\/avatar\\\/72ecc30e9db047a2e0e7176561eb9d564ed77c8108376495b19bd8336405198a?s=96&d=mm&r=g\",\"url\":\"https:\\\/\\\/secure.gravatar.com\\\/avatar\\\/72ecc30e9db047a2e0e7176561eb9d564ed77c8108376495b19bd8336405198a?s=96&d=mm&r=g\",\"contentUrl\":\"https:\\\/\\\/secure.gravatar.com\\\/avatar\\\/72ecc30e9db047a2e0e7176561eb9d564ed77c8108376495b19bd8336405198a?s=96&d=mm&r=g\",\"caption\":\"Dpress.ma\"},\"sameAs\":[\"https:\\\/\\\/www.dpress.ma\"],\"url\":\"https:\\\/\\\/dpress.ma\\\/fr\\\/author\\\/dpress-ma\\\/\"}]}<\/script>\n<!-- \/ Yoast SEO plugin. -->","yoast_head_json":{"title":"SM le Roi adresse un message de condol\u00e9ances et de compassion \u00e0 la famille de feu Abdelhak El Khiame - Dpress.ma\/fr","robots":{"index":"index","follow":"follow","max-snippet":"max-snippet:-1","max-image-preview":"max-image-preview:large","max-video-preview":"max-video-preview:-1"},"canonical":"https:\/\/dpress.ma\/fr\/2022\/08\/25\/sm-le-roi-adresse-un-message-de-condoleances-et-de-compassion-a-la-famille-de-feu-abdelhak-el-khiame\/","og_locale":"fr_FR","og_type":"article","og_title":"SM le Roi adresse un message de condol\u00e9ances et de compassion \u00e0 la famille de feu Abdelhak El Khiame - Dpress.ma\/fr","og_description":"Dpress Sa Majest\u00e9 le Roi Mohammed VI a adress\u00e9 un message de condol\u00e9ances et de compassion aux membres de la famille de feu Abdelhak El Khiame. Dans ce message, le Souverain affirme avoir appris avec une vive \u00e9motion et une profonde affliction la nouvelle du d\u00e9c\u00e8s de Abdelhak El Khiame, ancien directeur du Bureau central &hellip;","og_url":"https:\/\/dpress.ma\/fr\/2022\/08\/25\/sm-le-roi-adresse-un-message-de-condoleances-et-de-compassion-a-la-famille-de-feu-abdelhak-el-khiame\/","og_site_name":"Dpress.ma\/fr","article_published_time":"2022-08-25T08:33:47+00:00","article_modified_time":"2022-08-25T08:33:49+00:00","og_image":[{"width":2539,"height":1594,"url":"https:\/\/dpress.ma\/fr\/wp-content\/uploads\/sites\/2\/2022\/07\/sghhsg.jpg","type":"image\/jpeg"}],"author":"Dpress.ma","twitter_card":"summary_large_image","twitter_misc":{"\u00c9crit par":"Dpress.ma","Dur\u00e9e de lecture estim\u00e9e":"2 minutes"},"schema":{"@context":"https:\/\/schema.org","@graph":[{"@type":"Article","@id":"https:\/\/dpress.ma\/fr\/2022\/08\/25\/sm-le-roi-adresse-un-message-de-condoleances-et-de-compassion-a-la-famille-de-feu-abdelhak-el-khiame\/#article","isPartOf":{"@id":"https:\/\/dpress.ma\/fr\/2022\/08\/25\/sm-le-roi-adresse-un-message-de-condoleances-et-de-compassion-a-la-famille-de-feu-abdelhak-el-khiame\/"},"author":{"name":"Dpress.ma","@id":"https:\/\/dpress.ma\/fr\/#\/schema\/person\/4898febf3ccd59e6578d838656a306a0"},"headline":"SM le Roi adresse un message de condol\u00e9ances et de compassion \u00e0 la famille de feu Abdelhak El Khiame","datePublished":"2022-08-25T08:33:47+00:00","dateModified":"2022-08-25T08:33:49+00:00","mainEntityOfPage":{"@id":"https:\/\/dpress.ma\/fr\/2022\/08\/25\/sm-le-roi-adresse-un-message-de-condoleances-et-de-compassion-a-la-famille-de-feu-abdelhak-el-khiame\/"},"wordCount":285,"commentCount":0,"image":{"@id":"https:\/\/dpress.ma\/fr\/2022\/08\/25\/sm-le-roi-adresse-un-message-de-condoleances-et-de-compassion-a-la-famille-de-feu-abdelhak-el-khiame\/#primaryimage"},"thumbnailUrl":"https:\/\/dpress.ma\/fr\/wp-content\/uploads\/sites\/2\/2022\/07\/sghhsg.jpg","articleSection":["Activit\u00e9s Royales"],"inLanguage":"fr-FR","potentialAction":[{"@type":"CommentAction","name":"Comment","target":["https:\/\/dpress.ma\/fr\/2022\/08\/25\/sm-le-roi-adresse-un-message-de-condoleances-et-de-compassion-a-la-famille-de-feu-abdelhak-el-khiame\/#respond"]}]},{"@type":"WebPage","@id":"https:\/\/dpress.ma\/fr\/2022\/08\/25\/sm-le-roi-adresse-un-message-de-condoleances-et-de-compassion-a-la-famille-de-feu-abdelhak-el-khiame\/","url":"https:\/\/dpress.ma\/fr\/2022\/08\/25\/sm-le-roi-adresse-un-message-de-condoleances-et-de-compassion-a-la-famille-de-feu-abdelhak-el-khiame\/","name":"SM le Roi adresse un message de condol\u00e9ances et de compassion \u00e0 la famille de feu Abdelhak El Khiame - Dpress.ma\/fr","isPartOf":{"@id":"https:\/\/dpress.ma\/fr\/#website"},"primaryImageOfPage":{"@id":"https:\/\/dpress.ma\/fr\/2022\/08\/25\/sm-le-roi-adresse-un-message-de-condoleances-et-de-compassion-a-la-famille-de-feu-abdelhak-el-khiame\/#primaryimage"},"image":{"@id":"https:\/\/dpress.ma\/fr\/2022\/08\/25\/sm-le-roi-adresse-un-message-de-condoleances-et-de-compassion-a-la-famille-de-feu-abdelhak-el-khiame\/#primaryimage"},"thumbnailUrl":"https:\/\/dpress.ma\/fr\/wp-content\/uploads\/sites\/2\/2022\/07\/sghhsg.jpg","datePublished":"2022-08-25T08:33:47+00:00","dateModified":"2022-08-25T08:33:49+00:00","author":{"@id":"https:\/\/dpress.ma\/fr\/#\/schema\/person\/4898febf3ccd59e6578d838656a306a0"},"breadcrumb":{"@id":"https:\/\/dpress.ma\/fr\/2022\/08\/25\/sm-le-roi-adresse-un-message-de-condoleances-et-de-compassion-a-la-famille-de-feu-abdelhak-el-khiame\/#breadcrumb"},"inLanguage":"fr-FR","potentialAction":[{"@type":"ReadAction","target":["https:\/\/dpress.ma\/fr\/2022\/08\/25\/sm-le-roi-adresse-un-message-de-condoleances-et-de-compassion-a-la-famille-de-feu-abdelhak-el-khiame\/"]}]},{"@type":"ImageObject","inLanguage":"fr-FR","@id":"https:\/\/dpress.ma\/fr\/2022\/08\/25\/sm-le-roi-adresse-un-message-de-condoleances-et-de-compassion-a-la-famille-de-feu-abdelhak-el-khiame\/#primaryimage","url":"https:\/\/dpress.ma\/fr\/wp-content\/uploads\/sites\/2\/2022\/07\/sghhsg.jpg","contentUrl":"https:\/\/dpress.ma\/fr\/wp-content\/uploads\/sites\/2\/2022\/07\/sghhsg.jpg","width":2539,"height":1594},{"@type":"BreadcrumbList","@id":"https:\/\/dpress.ma\/fr\/2022\/08\/25\/sm-le-roi-adresse-un-message-de-condoleances-et-de-compassion-a-la-famille-de-feu-abdelhak-el-khiame\/#breadcrumb","itemListElement":[{"@type":"ListItem","position":1,"name":"Home","item":"https:\/\/dpress.ma\/fr\/"},{"@type":"ListItem","position":2,"name":"SM le Roi adresse un message de condol\u00e9ances et de compassion \u00e0 la famille de feu Abdelhak El Khiame"}]},{"@type":"WebSite","@id":"https:\/\/dpress.ma\/fr\/#website","url":"https:\/\/dpress.ma\/fr\/","name":"Dpress.ma\/fr","description":"","potentialAction":[{"@type":"SearchAction","target":{"@type":"EntryPoint","urlTemplate":"https:\/\/dpress.ma\/fr\/?s={search_term_string}"},"query-input":{"@type":"PropertyValueSpecification","valueRequired":true,"valueName":"search_term_string"}}],"inLanguage":"fr-FR"},{"@type":"Person","@id":"https:\/\/dpress.ma\/fr\/#\/schema\/person\/4898febf3ccd59e6578d838656a306a0","name":"Dpress.ma","image":{"@type":"ImageObject","inLanguage":"fr-FR","@id":"https:\/\/secure.gravatar.com\/avatar\/72ecc30e9db047a2e0e7176561eb9d564ed77c8108376495b19bd8336405198a?s=96&d=mm&r=g","url":"https:\/\/secure.gravatar.com\/avatar\/72ecc30e9db047a2e0e7176561eb9d564ed77c8108376495b19bd8336405198a?s=96&d=mm&r=g","contentUrl":"https:\/\/secure.gravatar.com\/avatar\/72ecc30e9db047a2e0e7176561eb9d564ed77c8108376495b19bd8336405198a?s=96&d=mm&r=g","caption":"Dpress.ma"},"sameAs":["https:\/\/www.dpress.ma"],"url":"https:\/\/dpress.ma\/fr\/author\/dpress-ma\/"}]}},"amp_enabled":true,"_links":{"self":[{"href":"https:\/\/dpress.ma\/fr\/wp-json\/wp\/v2\/posts\/2181","targetHints":{"allow":["GET"]}}],"collection":[{"href":"https:\/\/dpress.ma\/fr\/wp-json\/wp\/v2\/posts"}],"about":[{"href":"https:\/\/dpress.ma\/fr\/wp-json\/wp\/v2\/types\/post"}],"author":[{"embeddable":true,"href":"https:\/\/dpress.ma\/fr\/wp-json\/wp\/v2\/users\/2"}],"replies":[{"embeddable":true,"href":"https:\/\/dpress.ma\/fr\/wp-json\/wp\/v2\/comments?post=2181"}],"version-history":[{"count":1,"href":"https:\/\/dpress.ma\/fr\/wp-json\/wp\/v2\/posts\/2181\/revisions"}],"predecessor-version":[{"id":2182,"href":"https:\/\/dpress.ma\/fr\/wp-json\/wp\/v2\/posts\/2181\/revisions\/2182"}],"wp:featuredmedia":[{"embeddable":true,"href":"https:\/\/dpress.ma\/fr\/wp-json\/wp\/v2\/media\/1879"}],"wp:attachment":[{"href":"https:\/\/dpress.ma\/fr\/wp-json\/wp\/v2\/media?parent=2181"}],"wp:term":[{"taxonomy":"category","embeddable":true,"href":"https:\/\/dpress.ma\/fr\/wp-json\/wp\/v2\/categories?post=2181"},{"taxonomy":"post_tag","embeddable":true,"href":"https:\/\/dpress.ma\/fr\/wp-json\/wp\/v2\/tags?post=2181"}],"curies":[{"name":"wp","href":"https:\/\/api.w.org\/{rel}","templated":true}]}}