{"id":2106,"date":"2022-08-06T09:18:56","date_gmt":"2022-08-06T09:18:56","guid":{"rendered":"https:\/\/dpress.ma\/fr\/?p=2106"},"modified":"2022-08-06T09:18:58","modified_gmt":"2022-08-06T09:18:58","slug":"le-marche-solidaire-de-sanad-lorsque-lindh-sengage-pour-le-commerce-equitable","status":"publish","type":"post","link":"https:\/\/dpress.ma\/fr\/2022\/08\/06\/le-marche-solidaire-de-sanad-lorsque-lindh-sengage-pour-le-commerce-equitable\/","title":{"rendered":"Le March\u00e9 solidaire de Sanad, lorsque l\u2019INDH s\u2019engage pour le commerce \u00e9quitable"},"content":{"rendered":"\n<p>Dpress<\/p>\n\n\n\n<p>Le march\u00e9 solidaire de la coop\u00e9rative agricole Sanad \u00e0 Ouled M\u2019barek (11 km de B\u00e9ni Mellal) est une nouvelle illustration de l\u2019engagement fort de l\u2019Initiative nationale pour le d\u00e9veloppement humain (INDH) en faveur de l\u2019autonomisation de la femme rurale et de la promotion de l\u2019\u00e9conomie sociale et solidaire.<\/p>\n\n\n\n<p>V\u00e9ritable vitrine de promotion des produits des coop\u00e9ratives de la r\u00e9gion B\u00e9ni Mellal-Kh\u00e9nifra, ce march\u00e9 solidaire, unique en son genre, a \u00e9t\u00e9 r\u00e9alis\u00e9 en f\u00e9vrier dernier avec le soutien de l\u2019INDH.<\/p>\n\n\n\n<p>Ce projet, qui profite directement \u00e0 33 femmes rurales et indirectement \u00e0 plusieurs coop\u00e9ratives de la r\u00e9gion, ambitionne de valoriser les produits du terroir et promouvoir leur commercialisation, et d\u2019assurer le rayonnement du commerce \u00e9quitable.<\/p>\n\n\n\n<p>Ayant n\u00e9cessit\u00e9 un financement total de l\u2019ordre de 183.000 dirhams dont une contribution de pr\u00e8s de 110.000 dirhams de la part de l\u2019INDH, ce march\u00e9 solidaire vise aussi l\u2019am\u00e9lioration des conditions de travail des membres de la coop\u00e9rative f\u00e9minine Sanad, l\u2019inclusion de celle-ci au sein du tissu \u00e9conomique et la contribution \u00e0 la cr\u00e9ation d\u2019auto-emplois surtout au profit des femmes rurales.<\/p>\n\n\n\n<p>Ce qui fait la force et la particularit\u00e9 de ce nouvel espace du commerce \u00e9quitable, c\u2019est le fait qu\u2019il est enti\u00e8rement d\u00e9di\u00e9 \u00e0 la vente des produits issus des coop\u00e9ratives de la r\u00e9gion et qu\u2019il regroupe, dans un lieu unique et permanent, les produits du terroir et de l\u2019artisanat qu\u2019ils soient alimentaires, cosm\u00e9tiques ou textiles.<\/p>\n\n\n\n<p>A ce sujet, la pr\u00e9sidente de la coop\u00e9rative Sanad, Amina Majdi, a indiqu\u00e9 dans une d\u00e9claration \u00e0 M24, la cha\u00eene d\u2019information en continu de la MAP, que ce projet r\u00e9pond \u00e0 la probl\u00e9matique des d\u00e9bouch\u00e9s des produits des coop\u00e9ratives. D\u2019o\u00f9 son implantation sur la tr\u00e8s fr\u00e9quent\u00e9e route nationale n\u00b08 reliant F\u00e8s et Marrakech pour tirer parti du fort trafic routier qu\u2019enregistre ce tron\u00e7on.<\/p>\n\n\n\n<p>\u00ab&nbsp;Nous avons d\u00e9cid\u00e9 de cr\u00e9er un espace de vente d\u00e9di\u00e9 aux produits du terroir et de l\u2019artisanat afin de rem\u00e9dier \u00e0 la question de commercialisation qui demeure le principal obstacle au d\u00e9veloppement des activit\u00e9s des coop\u00e9ratives&nbsp;\u00bb, a affirm\u00e9 Mme Majdi.<\/p>\n\n\n\n<p>Cette boutique inspir\u00e9e de la tradition architecturale locale, et con\u00e7ue avec des mat\u00e9riaux \u00e9cologiques, permet de faire conna\u00eetre la richesse et la diversit\u00e9 des produits naturels qui font la renomm\u00e9e de la r\u00e9gion B\u00e9ni Mellal-Kh\u00e9nifra au b\u00e9n\u00e9fice des coop\u00e9ratives et de leurs membres.<\/p>\n\n\n\n<p>\u201cNous sommes au passage du circuit touristique des plus importantes attractivit\u00e9s de la r\u00e9gion comme les cascades d\u2019Ouzoud, la cath\u00e9drale d\u2019Imsfrane, A\u00efn Asserdoune et autres. C\u2019est un grand atout pour ce march\u00e9 solidaire qui propose aux visiteurs tous genres de cadeaux souvenirs et produits d\u2019artisanat issus des diff\u00e9rentes localit\u00e9s de la r\u00e9gion B\u00e9ni Mellal-Kh\u00e9nifra\u201d, a-t-elle soutenu.<\/p>\n\n\n\n<p>Se disant tr\u00e8s reconnaissante pour l\u2019appui et l\u2019accompagnement dont elle a b\u00e9n\u00e9fici\u00e9 de la part de l\u2019INDH, Mme Majdi a soulign\u00e9 que c\u2019est gr\u00e2ce \u00e0 l\u2019INDH que la coop\u00e9rative f\u00e9minine Sanad a pu voir le jour et se d\u00e9velopper depuis sa cr\u00e9ation en 2013.<\/p>\n\n\n\n<p>\u201cL\u2019INDH est un chantier de r\u00e8gne qui nous a apport\u00e9 un soutien tr\u00e8s pr\u00e9cieux depuis nos tous premiers d\u00e9buts. Elle est notre principal partenaire. Plusieurs de nos projets ont \u00e9t\u00e9 port\u00e9s par l\u2019INDH\u201d, a-t-elle fait observer.<\/p>\n\n\n\n<p>La coop\u00e9rative Sanad est une belle aventure humaine qui a commenc\u00e9 avec cinq femmes rurales. Aujourd\u2019hui elle compte 68 membres et cinq salari\u00e9s. Son succ\u00e8s r\u00e9sume parfaitement bien le parcours des femmes rurales de la r\u00e9gion de B\u00e9ni Mellal-Kh\u00e9nifra qui ont pu s\u2019en sortir de la pr\u00e9carit\u00e9 apr\u00e8s avoir entam\u00e9 une exp\u00e9rience r\u00e9ussie dans le domaine de valorisation des produits du terroir.<\/p>\n\n\n\n<p>Gr\u00e2ce aux efforts d\u2019un groupe soud\u00e9 de femmes d\u00e9termin\u00e9es et ambitieuses, la coop\u00e9rative a r\u00e9ussi \u00e0 am\u00e9liorer la qualit\u00e9 de ses produits et \u00e0 se tailler une place confortable sur les march\u00e9s.<\/p>\n","protected":false},"excerpt":{"rendered":"<p>Dpress Le march\u00e9 solidaire de la coop\u00e9rative agricole Sanad \u00e0 Ouled M\u2019barek (11 km de B\u00e9ni Mellal) est une nouvelle illustration de l\u2019engagement fort de l\u2019Initiative nationale pour le d\u00e9veloppement humain (INDH) en faveur de l\u2019autonomisation de la femme rurale et de la promotion de l\u2019\u00e9conomie sociale et solidaire. V\u00e9ritable vitrine de promotion des produits &hellip;<\/p>\n","protected":false},"author":2,"featured_media":2107,"comment_status":"open","ping_status":"open","sticky":false,"template":"","format":"standard","meta":{"footnotes":""},"categories":[25],"tags":[],"class_list":["post-2106","post","type-post","status-publish","format-standard","has-post-thumbnail","hentry","category-economie"],"yoast_head":"<!-- This site is optimized with the Yoast SEO plugin v27.5 - https:\/\/yoast.com\/product\/yoast-seo-wordpress\/ -->\n<title>Le March\u00e9 solidaire de Sanad, lorsque l\u2019INDH s\u2019engage pour le commerce \u00e9quitable - Dpress.ma\/fr<\/title>\n<meta name=\"robots\" content=\"index, follow, max-snippet:-1, max-image-preview:large, max-video-preview:-1\" \/>\n<link rel=\"canonical\" href=\"https:\/\/dpress.ma\/fr\/2022\/08\/06\/le-marche-solidaire-de-sanad-lorsque-lindh-sengage-pour-le-commerce-equitable\/\" \/>\n<meta property=\"og:locale\" content=\"fr_FR\" \/>\n<meta property=\"og:type\" content=\"article\" \/>\n<meta property=\"og:title\" content=\"Le March\u00e9 solidaire de Sanad, lorsque l\u2019INDH s\u2019engage pour le commerce \u00e9quitable - Dpress.ma\/fr\" \/>\n<meta property=\"og:description\" content=\"Dpress Le march\u00e9 solidaire de la coop\u00e9rative agricole Sanad \u00e0 Ouled M\u2019barek (11 km de B\u00e9ni Mellal) est une nouvelle illustration de l\u2019engagement fort de l\u2019Initiative nationale pour le d\u00e9veloppement humain (INDH) en faveur de l\u2019autonomisation de la femme rurale et de la promotion de l\u2019\u00e9conomie sociale et solidaire. V\u00e9ritable vitrine de promotion des produits &hellip;\" \/>\n<meta property=\"og:url\" content=\"https:\/\/dpress.ma\/fr\/2022\/08\/06\/le-marche-solidaire-de-sanad-lorsque-lindh-sengage-pour-le-commerce-equitable\/\" \/>\n<meta property=\"og:site_name\" content=\"Dpress.ma\/fr\" \/>\n<meta property=\"article:published_time\" content=\"2022-08-06T09:18:56+00:00\" \/>\n<meta property=\"article:modified_time\" content=\"2022-08-06T09:18:58+00:00\" \/>\n<meta property=\"og:image\" content=\"https:\/\/dpress.ma\/fr\/wp-content\/uploads\/sites\/2\/2022\/08\/\u0641\u0642\u063a\u0641\u063a\u0641.jpg\" \/>\n\t<meta property=\"og:image:width\" content=\"2539\" \/>\n\t<meta property=\"og:image:height\" content=\"1594\" \/>\n\t<meta property=\"og:image:type\" content=\"image\/jpeg\" \/>\n<meta name=\"author\" content=\"Dpress.ma\" \/>\n<meta name=\"twitter:card\" content=\"summary_large_image\" \/>\n<meta name=\"twitter:label1\" content=\"\u00c9crit par\" \/>\n\t<meta name=\"twitter:data1\" content=\"Dpress.ma\" \/>\n\t<meta name=\"twitter:label2\" content=\"Dur\u00e9e de lecture estim\u00e9e\" \/>\n\t<meta name=\"twitter:data2\" content=\"4 minutes\" \/>\n<script type=\"application\/ld+json\" class=\"yoast-schema-graph\">{\"@context\":\"https:\\\/\\\/schema.org\",\"@graph\":[{\"@type\":\"Article\",\"@id\":\"https:\\\/\\\/dpress.ma\\\/fr\\\/2022\\\/08\\\/06\\\/le-marche-solidaire-de-sanad-lorsque-lindh-sengage-pour-le-commerce-equitable\\\/#article\",\"isPartOf\":{\"@id\":\"https:\\\/\\\/dpress.ma\\\/fr\\\/2022\\\/08\\\/06\\\/le-marche-solidaire-de-sanad-lorsque-lindh-sengage-pour-le-commerce-equitable\\\/\"},\"author\":{\"name\":\"Dpress.ma\",\"@id\":\"https:\\\/\\\/dpress.ma\\\/fr\\\/#\\\/schema\\\/person\\\/4898febf3ccd59e6578d838656a306a0\"},\"headline\":\"Le March\u00e9 solidaire de Sanad, lorsque l\u2019INDH s\u2019engage pour le commerce \u00e9quitable\",\"datePublished\":\"2022-08-06T09:18:56+00:00\",\"dateModified\":\"2022-08-06T09:18:58+00:00\",\"mainEntityOfPage\":{\"@id\":\"https:\\\/\\\/dpress.ma\\\/fr\\\/2022\\\/08\\\/06\\\/le-marche-solidaire-de-sanad-lorsque-lindh-sengage-pour-le-commerce-equitable\\\/\"},\"wordCount\":736,\"commentCount\":0,\"image\":{\"@id\":\"https:\\\/\\\/dpress.ma\\\/fr\\\/2022\\\/08\\\/06\\\/le-marche-solidaire-de-sanad-lorsque-lindh-sengage-pour-le-commerce-equitable\\\/#primaryimage\"},\"thumbnailUrl\":\"https:\\\/\\\/dpress.ma\\\/fr\\\/wp-content\\\/uploads\\\/sites\\\/2\\\/2022\\\/08\\\/\u0641\u0642\u063a\u0641\u063a\u0641.jpg\",\"articleSection\":[\"\u00c9conomie\"],\"inLanguage\":\"fr-FR\",\"potentialAction\":[{\"@type\":\"CommentAction\",\"name\":\"Comment\",\"target\":[\"https:\\\/\\\/dpress.ma\\\/fr\\\/2022\\\/08\\\/06\\\/le-marche-solidaire-de-sanad-lorsque-lindh-sengage-pour-le-commerce-equitable\\\/#respond\"]}]},{\"@type\":\"WebPage\",\"@id\":\"https:\\\/\\\/dpress.ma\\\/fr\\\/2022\\\/08\\\/06\\\/le-marche-solidaire-de-sanad-lorsque-lindh-sengage-pour-le-commerce-equitable\\\/\",\"url\":\"https:\\\/\\\/dpress.ma\\\/fr\\\/2022\\\/08\\\/06\\\/le-marche-solidaire-de-sanad-lorsque-lindh-sengage-pour-le-commerce-equitable\\\/\",\"name\":\"Le March\u00e9 solidaire de Sanad, lorsque l\u2019INDH s\u2019engage pour le commerce \u00e9quitable - Dpress.ma\\\/fr\",\"isPartOf\":{\"@id\":\"https:\\\/\\\/dpress.ma\\\/fr\\\/#website\"},\"primaryImageOfPage\":{\"@id\":\"https:\\\/\\\/dpress.ma\\\/fr\\\/2022\\\/08\\\/06\\\/le-marche-solidaire-de-sanad-lorsque-lindh-sengage-pour-le-commerce-equitable\\\/#primaryimage\"},\"image\":{\"@id\":\"https:\\\/\\\/dpress.ma\\\/fr\\\/2022\\\/08\\\/06\\\/le-marche-solidaire-de-sanad-lorsque-lindh-sengage-pour-le-commerce-equitable\\\/#primaryimage\"},\"thumbnailUrl\":\"https:\\\/\\\/dpress.ma\\\/fr\\\/wp-content\\\/uploads\\\/sites\\\/2\\\/2022\\\/08\\\/\u0641\u0642\u063a\u0641\u063a\u0641.jpg\",\"datePublished\":\"2022-08-06T09:18:56+00:00\",\"dateModified\":\"2022-08-06T09:18:58+00:00\",\"author\":{\"@id\":\"https:\\\/\\\/dpress.ma\\\/fr\\\/#\\\/schema\\\/person\\\/4898febf3ccd59e6578d838656a306a0\"},\"breadcrumb\":{\"@id\":\"https:\\\/\\\/dpress.ma\\\/fr\\\/2022\\\/08\\\/06\\\/le-marche-solidaire-de-sanad-lorsque-lindh-sengage-pour-le-commerce-equitable\\\/#breadcrumb\"},\"inLanguage\":\"fr-FR\",\"potentialAction\":[{\"@type\":\"ReadAction\",\"target\":[\"https:\\\/\\\/dpress.ma\\\/fr\\\/2022\\\/08\\\/06\\\/le-marche-solidaire-de-sanad-lorsque-lindh-sengage-pour-le-commerce-equitable\\\/\"]}]},{\"@type\":\"ImageObject\",\"inLanguage\":\"fr-FR\",\"@id\":\"https:\\\/\\\/dpress.ma\\\/fr\\\/2022\\\/08\\\/06\\\/le-marche-solidaire-de-sanad-lorsque-lindh-sengage-pour-le-commerce-equitable\\\/#primaryimage\",\"url\":\"https:\\\/\\\/dpress.ma\\\/fr\\\/wp-content\\\/uploads\\\/sites\\\/2\\\/2022\\\/08\\\/\u0641\u0642\u063a\u0641\u063a\u0641.jpg\",\"contentUrl\":\"https:\\\/\\\/dpress.ma\\\/fr\\\/wp-content\\\/uploads\\\/sites\\\/2\\\/2022\\\/08\\\/\u0641\u0642\u063a\u0641\u063a\u0641.jpg\",\"width\":2539,\"height\":1594},{\"@type\":\"BreadcrumbList\",\"@id\":\"https:\\\/\\\/dpress.ma\\\/fr\\\/2022\\\/08\\\/06\\\/le-marche-solidaire-de-sanad-lorsque-lindh-sengage-pour-le-commerce-equitable\\\/#breadcrumb\",\"itemListElement\":[{\"@type\":\"ListItem\",\"position\":1,\"name\":\"Home\",\"item\":\"https:\\\/\\\/dpress.ma\\\/fr\\\/\"},{\"@type\":\"ListItem\",\"position\":2,\"name\":\"Le March\u00e9 solidaire de Sanad, lorsque l\u2019INDH s\u2019engage pour le commerce \u00e9quitable\"}]},{\"@type\":\"WebSite\",\"@id\":\"https:\\\/\\\/dpress.ma\\\/fr\\\/#website\",\"url\":\"https:\\\/\\\/dpress.ma\\\/fr\\\/\",\"name\":\"Dpress.ma\\\/fr\",\"description\":\"\",\"potentialAction\":[{\"@type\":\"SearchAction\",\"target\":{\"@type\":\"EntryPoint\",\"urlTemplate\":\"https:\\\/\\\/dpress.ma\\\/fr\\\/?s={search_term_string}\"},\"query-input\":{\"@type\":\"PropertyValueSpecification\",\"valueRequired\":true,\"valueName\":\"search_term_string\"}}],\"inLanguage\":\"fr-FR\"},{\"@type\":\"Person\",\"@id\":\"https:\\\/\\\/dpress.ma\\\/fr\\\/#\\\/schema\\\/person\\\/4898febf3ccd59e6578d838656a306a0\",\"name\":\"Dpress.ma\",\"image\":{\"@type\":\"ImageObject\",\"inLanguage\":\"fr-FR\",\"@id\":\"https:\\\/\\\/secure.gravatar.com\\\/avatar\\\/72ecc30e9db047a2e0e7176561eb9d564ed77c8108376495b19bd8336405198a?s=96&d=mm&r=g\",\"url\":\"https:\\\/\\\/secure.gravatar.com\\\/avatar\\\/72ecc30e9db047a2e0e7176561eb9d564ed77c8108376495b19bd8336405198a?s=96&d=mm&r=g\",\"contentUrl\":\"https:\\\/\\\/secure.gravatar.com\\\/avatar\\\/72ecc30e9db047a2e0e7176561eb9d564ed77c8108376495b19bd8336405198a?s=96&d=mm&r=g\",\"caption\":\"Dpress.ma\"},\"sameAs\":[\"https:\\\/\\\/www.dpress.ma\"],\"url\":\"https:\\\/\\\/dpress.ma\\\/fr\\\/author\\\/dpress-ma\\\/\"}]}<\/script>\n<!-- \/ Yoast SEO plugin. -->","yoast_head_json":{"title":"Le March\u00e9 solidaire de Sanad, lorsque l\u2019INDH s\u2019engage pour le commerce \u00e9quitable - Dpress.ma\/fr","robots":{"index":"index","follow":"follow","max-snippet":"max-snippet:-1","max-image-preview":"max-image-preview:large","max-video-preview":"max-video-preview:-1"},"canonical":"https:\/\/dpress.ma\/fr\/2022\/08\/06\/le-marche-solidaire-de-sanad-lorsque-lindh-sengage-pour-le-commerce-equitable\/","og_locale":"fr_FR","og_type":"article","og_title":"Le March\u00e9 solidaire de Sanad, lorsque l\u2019INDH s\u2019engage pour le commerce \u00e9quitable - Dpress.ma\/fr","og_description":"Dpress Le march\u00e9 solidaire de la coop\u00e9rative agricole Sanad \u00e0 Ouled M\u2019barek (11 km de B\u00e9ni Mellal) est une nouvelle illustration de l\u2019engagement fort de l\u2019Initiative nationale pour le d\u00e9veloppement humain (INDH) en faveur de l\u2019autonomisation de la femme rurale et de la promotion de l\u2019\u00e9conomie sociale et solidaire. V\u00e9ritable vitrine de promotion des produits &hellip;","og_url":"https:\/\/dpress.ma\/fr\/2022\/08\/06\/le-marche-solidaire-de-sanad-lorsque-lindh-sengage-pour-le-commerce-equitable\/","og_site_name":"Dpress.ma\/fr","article_published_time":"2022-08-06T09:18:56+00:00","article_modified_time":"2022-08-06T09:18:58+00:00","og_image":[{"width":2539,"height":1594,"url":"https:\/\/dpress.ma\/fr\/wp-content\/uploads\/sites\/2\/2022\/08\/\u0641\u0642\u063a\u0641\u063a\u0641.jpg","type":"image\/jpeg"}],"author":"Dpress.ma","twitter_card":"summary_large_image","twitter_misc":{"\u00c9crit par":"Dpress.ma","Dur\u00e9e de lecture estim\u00e9e":"4 minutes"},"schema":{"@context":"https:\/\/schema.org","@graph":[{"@type":"Article","@id":"https:\/\/dpress.ma\/fr\/2022\/08\/06\/le-marche-solidaire-de-sanad-lorsque-lindh-sengage-pour-le-commerce-equitable\/#article","isPartOf":{"@id":"https:\/\/dpress.ma\/fr\/2022\/08\/06\/le-marche-solidaire-de-sanad-lorsque-lindh-sengage-pour-le-commerce-equitable\/"},"author":{"name":"Dpress.ma","@id":"https:\/\/dpress.ma\/fr\/#\/schema\/person\/4898febf3ccd59e6578d838656a306a0"},"headline":"Le March\u00e9 solidaire de Sanad, lorsque l\u2019INDH s\u2019engage pour le commerce \u00e9quitable","datePublished":"2022-08-06T09:18:56+00:00","dateModified":"2022-08-06T09:18:58+00:00","mainEntityOfPage":{"@id":"https:\/\/dpress.ma\/fr\/2022\/08\/06\/le-marche-solidaire-de-sanad-lorsque-lindh-sengage-pour-le-commerce-equitable\/"},"wordCount":736,"commentCount":0,"image":{"@id":"https:\/\/dpress.ma\/fr\/2022\/08\/06\/le-marche-solidaire-de-sanad-lorsque-lindh-sengage-pour-le-commerce-equitable\/#primaryimage"},"thumbnailUrl":"https:\/\/dpress.ma\/fr\/wp-content\/uploads\/sites\/2\/2022\/08\/\u0641\u0642\u063a\u0641\u063a\u0641.jpg","articleSection":["\u00c9conomie"],"inLanguage":"fr-FR","potentialAction":[{"@type":"CommentAction","name":"Comment","target":["https:\/\/dpress.ma\/fr\/2022\/08\/06\/le-marche-solidaire-de-sanad-lorsque-lindh-sengage-pour-le-commerce-equitable\/#respond"]}]},{"@type":"WebPage","@id":"https:\/\/dpress.ma\/fr\/2022\/08\/06\/le-marche-solidaire-de-sanad-lorsque-lindh-sengage-pour-le-commerce-equitable\/","url":"https:\/\/dpress.ma\/fr\/2022\/08\/06\/le-marche-solidaire-de-sanad-lorsque-lindh-sengage-pour-le-commerce-equitable\/","name":"Le March\u00e9 solidaire de Sanad, lorsque l\u2019INDH s\u2019engage pour le commerce \u00e9quitable - Dpress.ma\/fr","isPartOf":{"@id":"https:\/\/dpress.ma\/fr\/#website"},"primaryImageOfPage":{"@id":"https:\/\/dpress.ma\/fr\/2022\/08\/06\/le-marche-solidaire-de-sanad-lorsque-lindh-sengage-pour-le-commerce-equitable\/#primaryimage"},"image":{"@id":"https:\/\/dpress.ma\/fr\/2022\/08\/06\/le-marche-solidaire-de-sanad-lorsque-lindh-sengage-pour-le-commerce-equitable\/#primaryimage"},"thumbnailUrl":"https:\/\/dpress.ma\/fr\/wp-content\/uploads\/sites\/2\/2022\/08\/\u0641\u0642\u063a\u0641\u063a\u0641.jpg","datePublished":"2022-08-06T09:18:56+00:00","dateModified":"2022-08-06T09:18:58+00:00","author":{"@id":"https:\/\/dpress.ma\/fr\/#\/schema\/person\/4898febf3ccd59e6578d838656a306a0"},"breadcrumb":{"@id":"https:\/\/dpress.ma\/fr\/2022\/08\/06\/le-marche-solidaire-de-sanad-lorsque-lindh-sengage-pour-le-commerce-equitable\/#breadcrumb"},"inLanguage":"fr-FR","potentialAction":[{"@type":"ReadAction","target":["https:\/\/dpress.ma\/fr\/2022\/08\/06\/le-marche-solidaire-de-sanad-lorsque-lindh-sengage-pour-le-commerce-equitable\/"]}]},{"@type":"ImageObject","inLanguage":"fr-FR","@id":"https:\/\/dpress.ma\/fr\/2022\/08\/06\/le-marche-solidaire-de-sanad-lorsque-lindh-sengage-pour-le-commerce-equitable\/#primaryimage","url":"https:\/\/dpress.ma\/fr\/wp-content\/uploads\/sites\/2\/2022\/08\/\u0641\u0642\u063a\u0641\u063a\u0641.jpg","contentUrl":"https:\/\/dpress.ma\/fr\/wp-content\/uploads\/sites\/2\/2022\/08\/\u0641\u0642\u063a\u0641\u063a\u0641.jpg","width":2539,"height":1594},{"@type":"BreadcrumbList","@id":"https:\/\/dpress.ma\/fr\/2022\/08\/06\/le-marche-solidaire-de-sanad-lorsque-lindh-sengage-pour-le-commerce-equitable\/#breadcrumb","itemListElement":[{"@type":"ListItem","position":1,"name":"Home","item":"https:\/\/dpress.ma\/fr\/"},{"@type":"ListItem","position":2,"name":"Le March\u00e9 solidaire de Sanad, lorsque l\u2019INDH s\u2019engage pour le commerce \u00e9quitable"}]},{"@type":"WebSite","@id":"https:\/\/dpress.ma\/fr\/#website","url":"https:\/\/dpress.ma\/fr\/","name":"Dpress.ma\/fr","description":"","potentialAction":[{"@type":"SearchAction","target":{"@type":"EntryPoint","urlTemplate":"https:\/\/dpress.ma\/fr\/?s={search_term_string}"},"query-input":{"@type":"PropertyValueSpecification","valueRequired":true,"valueName":"search_term_string"}}],"inLanguage":"fr-FR"},{"@type":"Person","@id":"https:\/\/dpress.ma\/fr\/#\/schema\/person\/4898febf3ccd59e6578d838656a306a0","name":"Dpress.ma","image":{"@type":"ImageObject","inLanguage":"fr-FR","@id":"https:\/\/secure.gravatar.com\/avatar\/72ecc30e9db047a2e0e7176561eb9d564ed77c8108376495b19bd8336405198a?s=96&d=mm&r=g","url":"https:\/\/secure.gravatar.com\/avatar\/72ecc30e9db047a2e0e7176561eb9d564ed77c8108376495b19bd8336405198a?s=96&d=mm&r=g","contentUrl":"https:\/\/secure.gravatar.com\/avatar\/72ecc30e9db047a2e0e7176561eb9d564ed77c8108376495b19bd8336405198a?s=96&d=mm&r=g","caption":"Dpress.ma"},"sameAs":["https:\/\/www.dpress.ma"],"url":"https:\/\/dpress.ma\/fr\/author\/dpress-ma\/"}]}},"amp_enabled":true,"_links":{"self":[{"href":"https:\/\/dpress.ma\/fr\/wp-json\/wp\/v2\/posts\/2106","targetHints":{"allow":["GET"]}}],"collection":[{"href":"https:\/\/dpress.ma\/fr\/wp-json\/wp\/v2\/posts"}],"about":[{"href":"https:\/\/dpress.ma\/fr\/wp-json\/wp\/v2\/types\/post"}],"author":[{"embeddable":true,"href":"https:\/\/dpress.ma\/fr\/wp-json\/wp\/v2\/users\/2"}],"replies":[{"embeddable":true,"href":"https:\/\/dpress.ma\/fr\/wp-json\/wp\/v2\/comments?post=2106"}],"version-history":[{"count":1,"href":"https:\/\/dpress.ma\/fr\/wp-json\/wp\/v2\/posts\/2106\/revisions"}],"predecessor-version":[{"id":2108,"href":"https:\/\/dpress.ma\/fr\/wp-json\/wp\/v2\/posts\/2106\/revisions\/2108"}],"wp:featuredmedia":[{"embeddable":true,"href":"https:\/\/dpress.ma\/fr\/wp-json\/wp\/v2\/media\/2107"}],"wp:attachment":[{"href":"https:\/\/dpress.ma\/fr\/wp-json\/wp\/v2\/media?parent=2106"}],"wp:term":[{"taxonomy":"category","embeddable":true,"href":"https:\/\/dpress.ma\/fr\/wp-json\/wp\/v2\/categories?post=2106"},{"taxonomy":"post_tag","embeddable":true,"href":"https:\/\/dpress.ma\/fr\/wp-json\/wp\/v2\/tags?post=2106"}],"curies":[{"name":"wp","href":"https:\/\/api.w.org\/{rel}","templated":true}]}}