{"id":2088,"date":"2022-08-04T09:59:15","date_gmt":"2022-08-04T09:59:15","guid":{"rendered":"https:\/\/dpress.ma\/fr\/?p=2088"},"modified":"2022-08-04T09:59:17","modified_gmt":"2022-08-04T09:59:17","slug":"le-maroc-dispose-a-soutenir-toutes-les-initiatives-serieuses-en-faveur-de-lafrique-m-mayara","status":"publish","type":"post","link":"https:\/\/dpress.ma\/fr\/2022\/08\/04\/le-maroc-dispose-a-soutenir-toutes-les-initiatives-serieuses-en-faveur-de-lafrique-m-mayara\/","title":{"rendered":"Le Maroc dispos\u00e9 \u00e0 soutenir toutes les initiatives s\u00e9rieuses en faveur de l\u2019Afrique (M. Mayara)"},"content":{"rendered":"\n<p>Dpress<\/p>\n\n\n\n<p>Le Maroc, sous la conduite \u00e9clair\u00e9e de Sa Majest\u00e9 le Roi Mohammed VI, est pr\u00eat \u00e0 soutenir toutes les initiatives s\u00e9rieuses et cr\u00e9dibles qui visent \u00e0 servir les causes africaines, a affirm\u00e9, mercredi \u00e0 Rabat, le pr\u00e9sident de la Chambre des conseillers, Naama Mayara.<\/p>\n\n\n\n<p>Intervenant lors de la c\u00e9r\u00e9monie de cl\u00f4ture de la 7\u00e8me assembl\u00e9e g\u00e9n\u00e9rale annuelle du R\u00e9seau des Parlementaires africains pour l\u2019\u00e9valuation et le d\u00e9veloppement (APNODE), tenue sous le th\u00e8me \u201cEngagement public parlementaire efficace pour un d\u00e9veloppement inclusif\u201d, M. Mayara a relev\u00e9 que le Maroc est d\u00e9termin\u00e9 \u00e0 soutenir ce R\u00e9seau pour lui permettre d\u2019atteindre ses objectifs en mati\u00e8re de d\u00e9veloppement, notant que les diff\u00e9rents parlements du Continent partagent les m\u00eames valeurs et la m\u00eame volont\u00e9 de servir les peuples qu\u2019ils repr\u00e9sentent.<\/p>\n\n\n\n<p>\u201cLes prochaines ann\u00e9es seront d\u00e9cisives pour garantir une transition profonde au niveau \u00e9conomique et social en Afrique\u201d, a-t-il affirm\u00e9, mettant en avant les richesses naturelles et humaines dont regorge le continent, \u00e0 m\u00eame d\u2019assurer la prosp\u00e9rit\u00e9 et la stabilit\u00e9 de ses peuples.<\/p>\n\n\n\n<p>Le d\u00e9veloppement est actuellement la composante principale des agendas continental et mondial, a indiqu\u00e9 le pr\u00e9sident de l\u2019institution l\u00e9gislative, soulignant le contexte particulier marqu\u00e9 par la reprise \u00e9conomique post-covid, l\u2019instabilit\u00e9 des march\u00e9s caus\u00e9e par la crise g\u00e9opolitique dans la mer Azov, ainsi que le processus en cours de la reconfiguration des cha\u00eenes de valeur et logistiques.<\/p>\n\n\n\n<p>M. Mayara n\u2019a pas manqu\u00e9 d\u2019aborder la n\u00e9cessit\u00e9 de concevoir un nouveau mod\u00e8le africain de l\u2019action parlementaire visant \u00e0 renforcer les m\u00e9canismes de d\u00e9veloppement aux niveaux nationaux et continentaux, soulignant que les Parlements africains sont appel\u00e9s \u00e0 relever tous les d\u00e9fis des agendas communs de d\u00e9veloppement de mani\u00e8re innovante, r\u00e9aliste et pragmatique.<\/p>\n\n\n\n<p>Enfin, le pr\u00e9sident de la Chambre des conseillers s\u2019est r\u00e9joui de l\u2019organisation de l\u2019assembl\u00e9e g\u00e9n\u00e9rale de l\u2019APNODE au Maroc, rappelant que le Royaume est le premier pays de la r\u00e9gion de l\u2019Afrique du nord \u00e0 organiser ce grand \u00e9v\u00e9nement institutionnel.<\/p>\n\n\n\n<p>De son c\u00f4t\u00e9, le pr\u00e9sident de l\u2019APNODE et d\u00e9put\u00e9 \u00e0 l\u2019assembl\u00e9 g\u00e9n\u00e9rale du B\u00e9nin, J\u00e9r\u00e9mie Adomahou, a exprim\u00e9 sa volont\u00e9 \u201cd\u2019agrandir et d\u2019accro\u00eetre le R\u00e9seau des parlementaires africains pour l\u2019\u00e9valuation du d\u00e9veloppement, en vue d\u2019y int\u00e9grer les 54 pays d\u2019Afrique\u201d.<\/p>\n\n\n\n<p>M. Adomahou a tenu \u00e0 remercier le Royaume du Maroc pour \u201cl\u2019organisation r\u00e9ussie\u201d de cette rencontre, tout en louant le travail assidu des membres du secr\u00e9tariat du R\u00e9seau.<\/p>\n\n\n\n<p>Pour leur part, des repr\u00e9sentants de parlements africains ont f\u00e9lici\u00e9 le Royaume pour la tenue de cette 7\u00e8me assembl\u00e9e g\u00e9n\u00e9rale annuelle de l\u2019APNODE, un rendez-vous qui vient consacrer la culture de l\u2019\u00e9valuation sur le continent, promouvoir son d\u00e9veloppement et stimuler le r\u00f4le des parlements.<\/p>\n\n\n\n<p>Plusieurs pays d\u2019Afrique ont r\u00e9alis\u00e9 d\u2019importants acquis en mati\u00e8re de r\u00e9alisation des ODD, \u00e0 la lumi\u00e8re des d\u00e9fis et enjeux actuels du continent africain, ont-il soulign\u00e9, appelant les parlements africains \u00e0 redoubler d\u2019efforts pour davantage de progr\u00e8s et de croissance.<\/p>\n\n\n\n<p>Les travaux de l\u2019assembl\u00e9e g\u00e9n\u00e9rale de l\u2019APNODE, qui se sont \u00e9tal\u00e9s sur trois jours (1-3 ao\u00fbt), se sont articul\u00e9s autour de plusieurs panels traitant notamment du bilan annuel de l\u2019APNODE et de l\u2019institutionnalisation de l\u2019\u00e9valuation comme outil de gouvernance, avec pour th\u00e9matique principale \u201cEngagement public parlementaire efficace pour un d\u00e9veloppement inclusif\u201d.<\/p>\n","protected":false},"excerpt":{"rendered":"<p>Dpress Le Maroc, sous la conduite \u00e9clair\u00e9e de Sa Majest\u00e9 le Roi Mohammed VI, est pr\u00eat \u00e0 soutenir toutes les initiatives s\u00e9rieuses et cr\u00e9dibles qui visent \u00e0 servir les causes africaines, a affirm\u00e9, mercredi \u00e0 Rabat, le pr\u00e9sident de la Chambre des conseillers, Naama Mayara. Intervenant lors de la c\u00e9r\u00e9monie de cl\u00f4ture de la 7\u00e8me &hellip;<\/p>\n","protected":false},"author":2,"featured_media":2021,"comment_status":"open","ping_status":"open","sticky":false,"template":"","format":"standard","meta":{"footnotes":""},"categories":[26],"tags":[],"class_list":["post-2088","post","type-post","status-publish","format-standard","has-post-thumbnail","hentry","category-politiques"],"yoast_head":"<!-- This site is optimized with the Yoast SEO plugin v27.5 - https:\/\/yoast.com\/product\/yoast-seo-wordpress\/ -->\n<title>Le Maroc dispos\u00e9 \u00e0 soutenir toutes les initiatives s\u00e9rieuses en faveur de l\u2019Afrique (M. Mayara) - Dpress.ma\/fr<\/title>\n<meta name=\"robots\" content=\"index, follow, max-snippet:-1, max-image-preview:large, max-video-preview:-1\" \/>\n<link rel=\"canonical\" href=\"https:\/\/dpress.ma\/fr\/2022\/08\/04\/le-maroc-dispose-a-soutenir-toutes-les-initiatives-serieuses-en-faveur-de-lafrique-m-mayara\/\" \/>\n<meta property=\"og:locale\" content=\"fr_FR\" \/>\n<meta property=\"og:type\" content=\"article\" \/>\n<meta property=\"og:title\" content=\"Le Maroc dispos\u00e9 \u00e0 soutenir toutes les initiatives s\u00e9rieuses en faveur de l\u2019Afrique (M. Mayara) - Dpress.ma\/fr\" \/>\n<meta property=\"og:description\" content=\"Dpress Le Maroc, sous la conduite \u00e9clair\u00e9e de Sa Majest\u00e9 le Roi Mohammed VI, est pr\u00eat \u00e0 soutenir toutes les initiatives s\u00e9rieuses et cr\u00e9dibles qui visent \u00e0 servir les causes africaines, a affirm\u00e9, mercredi \u00e0 Rabat, le pr\u00e9sident de la Chambre des conseillers, Naama Mayara. Intervenant lors de la c\u00e9r\u00e9monie de cl\u00f4ture de la 7\u00e8me &hellip;\" \/>\n<meta property=\"og:url\" content=\"https:\/\/dpress.ma\/fr\/2022\/08\/04\/le-maroc-dispose-a-soutenir-toutes-les-initiatives-serieuses-en-faveur-de-lafrique-m-mayara\/\" \/>\n<meta property=\"og:site_name\" content=\"Dpress.ma\/fr\" \/>\n<meta property=\"article:published_time\" content=\"2022-08-04T09:59:15+00:00\" \/>\n<meta property=\"article:modified_time\" content=\"2022-08-04T09:59:17+00:00\" \/>\n<meta property=\"og:image\" content=\"https:\/\/dpress.ma\/fr\/wp-content\/uploads\/sites\/2\/2022\/07\/hjbhjkhjk.jpg\" \/>\n\t<meta property=\"og:image:width\" content=\"2539\" \/>\n\t<meta property=\"og:image:height\" content=\"1594\" \/>\n\t<meta property=\"og:image:type\" content=\"image\/jpeg\" \/>\n<meta name=\"author\" content=\"Dpress.ma\" \/>\n<meta name=\"twitter:card\" content=\"summary_large_image\" \/>\n<meta name=\"twitter:label1\" content=\"\u00c9crit par\" \/>\n\t<meta name=\"twitter:data1\" content=\"Dpress.ma\" \/>\n\t<meta name=\"twitter:label2\" content=\"Dur\u00e9e de lecture estim\u00e9e\" \/>\n\t<meta name=\"twitter:data2\" content=\"3 minutes\" \/>\n<script type=\"application\/ld+json\" class=\"yoast-schema-graph\">{\"@context\":\"https:\\\/\\\/schema.org\",\"@graph\":[{\"@type\":\"Article\",\"@id\":\"https:\\\/\\\/dpress.ma\\\/fr\\\/2022\\\/08\\\/04\\\/le-maroc-dispose-a-soutenir-toutes-les-initiatives-serieuses-en-faveur-de-lafrique-m-mayara\\\/#article\",\"isPartOf\":{\"@id\":\"https:\\\/\\\/dpress.ma\\\/fr\\\/2022\\\/08\\\/04\\\/le-maroc-dispose-a-soutenir-toutes-les-initiatives-serieuses-en-faveur-de-lafrique-m-mayara\\\/\"},\"author\":{\"name\":\"Dpress.ma\",\"@id\":\"https:\\\/\\\/dpress.ma\\\/fr\\\/#\\\/schema\\\/person\\\/4898febf3ccd59e6578d838656a306a0\"},\"headline\":\"Le Maroc dispos\u00e9 \u00e0 soutenir toutes les initiatives s\u00e9rieuses en faveur de l\u2019Afrique (M. Mayara)\",\"datePublished\":\"2022-08-04T09:59:15+00:00\",\"dateModified\":\"2022-08-04T09:59:17+00:00\",\"mainEntityOfPage\":{\"@id\":\"https:\\\/\\\/dpress.ma\\\/fr\\\/2022\\\/08\\\/04\\\/le-maroc-dispose-a-soutenir-toutes-les-initiatives-serieuses-en-faveur-de-lafrique-m-mayara\\\/\"},\"wordCount\":639,\"commentCount\":0,\"image\":{\"@id\":\"https:\\\/\\\/dpress.ma\\\/fr\\\/2022\\\/08\\\/04\\\/le-maroc-dispose-a-soutenir-toutes-les-initiatives-serieuses-en-faveur-de-lafrique-m-mayara\\\/#primaryimage\"},\"thumbnailUrl\":\"https:\\\/\\\/dpress.ma\\\/fr\\\/wp-content\\\/uploads\\\/sites\\\/2\\\/2022\\\/07\\\/hjbhjkhjk.jpg\",\"articleSection\":[\"Politiques\"],\"inLanguage\":\"fr-FR\",\"potentialAction\":[{\"@type\":\"CommentAction\",\"name\":\"Comment\",\"target\":[\"https:\\\/\\\/dpress.ma\\\/fr\\\/2022\\\/08\\\/04\\\/le-maroc-dispose-a-soutenir-toutes-les-initiatives-serieuses-en-faveur-de-lafrique-m-mayara\\\/#respond\"]}]},{\"@type\":\"WebPage\",\"@id\":\"https:\\\/\\\/dpress.ma\\\/fr\\\/2022\\\/08\\\/04\\\/le-maroc-dispose-a-soutenir-toutes-les-initiatives-serieuses-en-faveur-de-lafrique-m-mayara\\\/\",\"url\":\"https:\\\/\\\/dpress.ma\\\/fr\\\/2022\\\/08\\\/04\\\/le-maroc-dispose-a-soutenir-toutes-les-initiatives-serieuses-en-faveur-de-lafrique-m-mayara\\\/\",\"name\":\"Le Maroc dispos\u00e9 \u00e0 soutenir toutes les initiatives s\u00e9rieuses en faveur de l\u2019Afrique (M. Mayara) - Dpress.ma\\\/fr\",\"isPartOf\":{\"@id\":\"https:\\\/\\\/dpress.ma\\\/fr\\\/#website\"},\"primaryImageOfPage\":{\"@id\":\"https:\\\/\\\/dpress.ma\\\/fr\\\/2022\\\/08\\\/04\\\/le-maroc-dispose-a-soutenir-toutes-les-initiatives-serieuses-en-faveur-de-lafrique-m-mayara\\\/#primaryimage\"},\"image\":{\"@id\":\"https:\\\/\\\/dpress.ma\\\/fr\\\/2022\\\/08\\\/04\\\/le-maroc-dispose-a-soutenir-toutes-les-initiatives-serieuses-en-faveur-de-lafrique-m-mayara\\\/#primaryimage\"},\"thumbnailUrl\":\"https:\\\/\\\/dpress.ma\\\/fr\\\/wp-content\\\/uploads\\\/sites\\\/2\\\/2022\\\/07\\\/hjbhjkhjk.jpg\",\"datePublished\":\"2022-08-04T09:59:15+00:00\",\"dateModified\":\"2022-08-04T09:59:17+00:00\",\"author\":{\"@id\":\"https:\\\/\\\/dpress.ma\\\/fr\\\/#\\\/schema\\\/person\\\/4898febf3ccd59e6578d838656a306a0\"},\"breadcrumb\":{\"@id\":\"https:\\\/\\\/dpress.ma\\\/fr\\\/2022\\\/08\\\/04\\\/le-maroc-dispose-a-soutenir-toutes-les-initiatives-serieuses-en-faveur-de-lafrique-m-mayara\\\/#breadcrumb\"},\"inLanguage\":\"fr-FR\",\"potentialAction\":[{\"@type\":\"ReadAction\",\"target\":[\"https:\\\/\\\/dpress.ma\\\/fr\\\/2022\\\/08\\\/04\\\/le-maroc-dispose-a-soutenir-toutes-les-initiatives-serieuses-en-faveur-de-lafrique-m-mayara\\\/\"]}]},{\"@type\":\"ImageObject\",\"inLanguage\":\"fr-FR\",\"@id\":\"https:\\\/\\\/dpress.ma\\\/fr\\\/2022\\\/08\\\/04\\\/le-maroc-dispose-a-soutenir-toutes-les-initiatives-serieuses-en-faveur-de-lafrique-m-mayara\\\/#primaryimage\",\"url\":\"https:\\\/\\\/dpress.ma\\\/fr\\\/wp-content\\\/uploads\\\/sites\\\/2\\\/2022\\\/07\\\/hjbhjkhjk.jpg\",\"contentUrl\":\"https:\\\/\\\/dpress.ma\\\/fr\\\/wp-content\\\/uploads\\\/sites\\\/2\\\/2022\\\/07\\\/hjbhjkhjk.jpg\",\"width\":2539,\"height\":1594},{\"@type\":\"BreadcrumbList\",\"@id\":\"https:\\\/\\\/dpress.ma\\\/fr\\\/2022\\\/08\\\/04\\\/le-maroc-dispose-a-soutenir-toutes-les-initiatives-serieuses-en-faveur-de-lafrique-m-mayara\\\/#breadcrumb\",\"itemListElement\":[{\"@type\":\"ListItem\",\"position\":1,\"name\":\"Home\",\"item\":\"https:\\\/\\\/dpress.ma\\\/fr\\\/\"},{\"@type\":\"ListItem\",\"position\":2,\"name\":\"Le Maroc dispos\u00e9 \u00e0 soutenir toutes les initiatives s\u00e9rieuses en faveur de l\u2019Afrique (M. Mayara)\"}]},{\"@type\":\"WebSite\",\"@id\":\"https:\\\/\\\/dpress.ma\\\/fr\\\/#website\",\"url\":\"https:\\\/\\\/dpress.ma\\\/fr\\\/\",\"name\":\"Dpress.ma\\\/fr\",\"description\":\"\",\"potentialAction\":[{\"@type\":\"SearchAction\",\"target\":{\"@type\":\"EntryPoint\",\"urlTemplate\":\"https:\\\/\\\/dpress.ma\\\/fr\\\/?s={search_term_string}\"},\"query-input\":{\"@type\":\"PropertyValueSpecification\",\"valueRequired\":true,\"valueName\":\"search_term_string\"}}],\"inLanguage\":\"fr-FR\"},{\"@type\":\"Person\",\"@id\":\"https:\\\/\\\/dpress.ma\\\/fr\\\/#\\\/schema\\\/person\\\/4898febf3ccd59e6578d838656a306a0\",\"name\":\"Dpress.ma\",\"image\":{\"@type\":\"ImageObject\",\"inLanguage\":\"fr-FR\",\"@id\":\"https:\\\/\\\/secure.gravatar.com\\\/avatar\\\/72ecc30e9db047a2e0e7176561eb9d564ed77c8108376495b19bd8336405198a?s=96&d=mm&r=g\",\"url\":\"https:\\\/\\\/secure.gravatar.com\\\/avatar\\\/72ecc30e9db047a2e0e7176561eb9d564ed77c8108376495b19bd8336405198a?s=96&d=mm&r=g\",\"contentUrl\":\"https:\\\/\\\/secure.gravatar.com\\\/avatar\\\/72ecc30e9db047a2e0e7176561eb9d564ed77c8108376495b19bd8336405198a?s=96&d=mm&r=g\",\"caption\":\"Dpress.ma\"},\"sameAs\":[\"https:\\\/\\\/www.dpress.ma\"],\"url\":\"https:\\\/\\\/dpress.ma\\\/fr\\\/author\\\/dpress-ma\\\/\"}]}<\/script>\n<!-- \/ Yoast SEO plugin. -->","yoast_head_json":{"title":"Le Maroc dispos\u00e9 \u00e0 soutenir toutes les initiatives s\u00e9rieuses en faveur de l\u2019Afrique (M. Mayara) - Dpress.ma\/fr","robots":{"index":"index","follow":"follow","max-snippet":"max-snippet:-1","max-image-preview":"max-image-preview:large","max-video-preview":"max-video-preview:-1"},"canonical":"https:\/\/dpress.ma\/fr\/2022\/08\/04\/le-maroc-dispose-a-soutenir-toutes-les-initiatives-serieuses-en-faveur-de-lafrique-m-mayara\/","og_locale":"fr_FR","og_type":"article","og_title":"Le Maroc dispos\u00e9 \u00e0 soutenir toutes les initiatives s\u00e9rieuses en faveur de l\u2019Afrique (M. Mayara) - Dpress.ma\/fr","og_description":"Dpress Le Maroc, sous la conduite \u00e9clair\u00e9e de Sa Majest\u00e9 le Roi Mohammed VI, est pr\u00eat \u00e0 soutenir toutes les initiatives s\u00e9rieuses et cr\u00e9dibles qui visent \u00e0 servir les causes africaines, a affirm\u00e9, mercredi \u00e0 Rabat, le pr\u00e9sident de la Chambre des conseillers, Naama Mayara. Intervenant lors de la c\u00e9r\u00e9monie de cl\u00f4ture de la 7\u00e8me &hellip;","og_url":"https:\/\/dpress.ma\/fr\/2022\/08\/04\/le-maroc-dispose-a-soutenir-toutes-les-initiatives-serieuses-en-faveur-de-lafrique-m-mayara\/","og_site_name":"Dpress.ma\/fr","article_published_time":"2022-08-04T09:59:15+00:00","article_modified_time":"2022-08-04T09:59:17+00:00","og_image":[{"width":2539,"height":1594,"url":"https:\/\/dpress.ma\/fr\/wp-content\/uploads\/sites\/2\/2022\/07\/hjbhjkhjk.jpg","type":"image\/jpeg"}],"author":"Dpress.ma","twitter_card":"summary_large_image","twitter_misc":{"\u00c9crit par":"Dpress.ma","Dur\u00e9e de lecture estim\u00e9e":"3 minutes"},"schema":{"@context":"https:\/\/schema.org","@graph":[{"@type":"Article","@id":"https:\/\/dpress.ma\/fr\/2022\/08\/04\/le-maroc-dispose-a-soutenir-toutes-les-initiatives-serieuses-en-faveur-de-lafrique-m-mayara\/#article","isPartOf":{"@id":"https:\/\/dpress.ma\/fr\/2022\/08\/04\/le-maroc-dispose-a-soutenir-toutes-les-initiatives-serieuses-en-faveur-de-lafrique-m-mayara\/"},"author":{"name":"Dpress.ma","@id":"https:\/\/dpress.ma\/fr\/#\/schema\/person\/4898febf3ccd59e6578d838656a306a0"},"headline":"Le Maroc dispos\u00e9 \u00e0 soutenir toutes les initiatives s\u00e9rieuses en faveur de l\u2019Afrique (M. Mayara)","datePublished":"2022-08-04T09:59:15+00:00","dateModified":"2022-08-04T09:59:17+00:00","mainEntityOfPage":{"@id":"https:\/\/dpress.ma\/fr\/2022\/08\/04\/le-maroc-dispose-a-soutenir-toutes-les-initiatives-serieuses-en-faveur-de-lafrique-m-mayara\/"},"wordCount":639,"commentCount":0,"image":{"@id":"https:\/\/dpress.ma\/fr\/2022\/08\/04\/le-maroc-dispose-a-soutenir-toutes-les-initiatives-serieuses-en-faveur-de-lafrique-m-mayara\/#primaryimage"},"thumbnailUrl":"https:\/\/dpress.ma\/fr\/wp-content\/uploads\/sites\/2\/2022\/07\/hjbhjkhjk.jpg","articleSection":["Politiques"],"inLanguage":"fr-FR","potentialAction":[{"@type":"CommentAction","name":"Comment","target":["https:\/\/dpress.ma\/fr\/2022\/08\/04\/le-maroc-dispose-a-soutenir-toutes-les-initiatives-serieuses-en-faveur-de-lafrique-m-mayara\/#respond"]}]},{"@type":"WebPage","@id":"https:\/\/dpress.ma\/fr\/2022\/08\/04\/le-maroc-dispose-a-soutenir-toutes-les-initiatives-serieuses-en-faveur-de-lafrique-m-mayara\/","url":"https:\/\/dpress.ma\/fr\/2022\/08\/04\/le-maroc-dispose-a-soutenir-toutes-les-initiatives-serieuses-en-faveur-de-lafrique-m-mayara\/","name":"Le Maroc dispos\u00e9 \u00e0 soutenir toutes les initiatives s\u00e9rieuses en faveur de l\u2019Afrique (M. Mayara) - Dpress.ma\/fr","isPartOf":{"@id":"https:\/\/dpress.ma\/fr\/#website"},"primaryImageOfPage":{"@id":"https:\/\/dpress.ma\/fr\/2022\/08\/04\/le-maroc-dispose-a-soutenir-toutes-les-initiatives-serieuses-en-faveur-de-lafrique-m-mayara\/#primaryimage"},"image":{"@id":"https:\/\/dpress.ma\/fr\/2022\/08\/04\/le-maroc-dispose-a-soutenir-toutes-les-initiatives-serieuses-en-faveur-de-lafrique-m-mayara\/#primaryimage"},"thumbnailUrl":"https:\/\/dpress.ma\/fr\/wp-content\/uploads\/sites\/2\/2022\/07\/hjbhjkhjk.jpg","datePublished":"2022-08-04T09:59:15+00:00","dateModified":"2022-08-04T09:59:17+00:00","author":{"@id":"https:\/\/dpress.ma\/fr\/#\/schema\/person\/4898febf3ccd59e6578d838656a306a0"},"breadcrumb":{"@id":"https:\/\/dpress.ma\/fr\/2022\/08\/04\/le-maroc-dispose-a-soutenir-toutes-les-initiatives-serieuses-en-faveur-de-lafrique-m-mayara\/#breadcrumb"},"inLanguage":"fr-FR","potentialAction":[{"@type":"ReadAction","target":["https:\/\/dpress.ma\/fr\/2022\/08\/04\/le-maroc-dispose-a-soutenir-toutes-les-initiatives-serieuses-en-faveur-de-lafrique-m-mayara\/"]}]},{"@type":"ImageObject","inLanguage":"fr-FR","@id":"https:\/\/dpress.ma\/fr\/2022\/08\/04\/le-maroc-dispose-a-soutenir-toutes-les-initiatives-serieuses-en-faveur-de-lafrique-m-mayara\/#primaryimage","url":"https:\/\/dpress.ma\/fr\/wp-content\/uploads\/sites\/2\/2022\/07\/hjbhjkhjk.jpg","contentUrl":"https:\/\/dpress.ma\/fr\/wp-content\/uploads\/sites\/2\/2022\/07\/hjbhjkhjk.jpg","width":2539,"height":1594},{"@type":"BreadcrumbList","@id":"https:\/\/dpress.ma\/fr\/2022\/08\/04\/le-maroc-dispose-a-soutenir-toutes-les-initiatives-serieuses-en-faveur-de-lafrique-m-mayara\/#breadcrumb","itemListElement":[{"@type":"ListItem","position":1,"name":"Home","item":"https:\/\/dpress.ma\/fr\/"},{"@type":"ListItem","position":2,"name":"Le Maroc dispos\u00e9 \u00e0 soutenir toutes les initiatives s\u00e9rieuses en faveur de l\u2019Afrique (M. Mayara)"}]},{"@type":"WebSite","@id":"https:\/\/dpress.ma\/fr\/#website","url":"https:\/\/dpress.ma\/fr\/","name":"Dpress.ma\/fr","description":"","potentialAction":[{"@type":"SearchAction","target":{"@type":"EntryPoint","urlTemplate":"https:\/\/dpress.ma\/fr\/?s={search_term_string}"},"query-input":{"@type":"PropertyValueSpecification","valueRequired":true,"valueName":"search_term_string"}}],"inLanguage":"fr-FR"},{"@type":"Person","@id":"https:\/\/dpress.ma\/fr\/#\/schema\/person\/4898febf3ccd59e6578d838656a306a0","name":"Dpress.ma","image":{"@type":"ImageObject","inLanguage":"fr-FR","@id":"https:\/\/secure.gravatar.com\/avatar\/72ecc30e9db047a2e0e7176561eb9d564ed77c8108376495b19bd8336405198a?s=96&d=mm&r=g","url":"https:\/\/secure.gravatar.com\/avatar\/72ecc30e9db047a2e0e7176561eb9d564ed77c8108376495b19bd8336405198a?s=96&d=mm&r=g","contentUrl":"https:\/\/secure.gravatar.com\/avatar\/72ecc30e9db047a2e0e7176561eb9d564ed77c8108376495b19bd8336405198a?s=96&d=mm&r=g","caption":"Dpress.ma"},"sameAs":["https:\/\/www.dpress.ma"],"url":"https:\/\/dpress.ma\/fr\/author\/dpress-ma\/"}]}},"amp_enabled":true,"_links":{"self":[{"href":"https:\/\/dpress.ma\/fr\/wp-json\/wp\/v2\/posts\/2088","targetHints":{"allow":["GET"]}}],"collection":[{"href":"https:\/\/dpress.ma\/fr\/wp-json\/wp\/v2\/posts"}],"about":[{"href":"https:\/\/dpress.ma\/fr\/wp-json\/wp\/v2\/types\/post"}],"author":[{"embeddable":true,"href":"https:\/\/dpress.ma\/fr\/wp-json\/wp\/v2\/users\/2"}],"replies":[{"embeddable":true,"href":"https:\/\/dpress.ma\/fr\/wp-json\/wp\/v2\/comments?post=2088"}],"version-history":[{"count":1,"href":"https:\/\/dpress.ma\/fr\/wp-json\/wp\/v2\/posts\/2088\/revisions"}],"predecessor-version":[{"id":2089,"href":"https:\/\/dpress.ma\/fr\/wp-json\/wp\/v2\/posts\/2088\/revisions\/2089"}],"wp:featuredmedia":[{"embeddable":true,"href":"https:\/\/dpress.ma\/fr\/wp-json\/wp\/v2\/media\/2021"}],"wp:attachment":[{"href":"https:\/\/dpress.ma\/fr\/wp-json\/wp\/v2\/media?parent=2088"}],"wp:term":[{"taxonomy":"category","embeddable":true,"href":"https:\/\/dpress.ma\/fr\/wp-json\/wp\/v2\/categories?post=2088"},{"taxonomy":"post_tag","embeddable":true,"href":"https:\/\/dpress.ma\/fr\/wp-json\/wp\/v2\/tags?post=2088"}],"curies":[{"name":"wp","href":"https:\/\/api.w.org\/{rel}","templated":true}]}}