{"id":2084,"date":"2022-08-03T14:31:43","date_gmt":"2022-08-03T14:31:43","guid":{"rendered":"https:\/\/dpress.ma\/fr\/?p=2084"},"modified":"2022-08-03T14:31:44","modified_gmt":"2022-08-03T14:31:44","slug":"lancement-et-visite-de-projets-de-developpement-agricole-dans-la-province-dal-hoceima","status":"publish","type":"post","link":"https:\/\/dpress.ma\/fr\/2022\/08\/03\/lancement-et-visite-de-projets-de-developpement-agricole-dans-la-province-dal-hoceima\/","title":{"rendered":"Lancement et visite de projets de d\u00e9veloppement agricole dans la province d\u2019Al Hoceima"},"content":{"rendered":"\n<p>Dpress<\/p>\n\n\n\n<p>Le ministre de l\u2019Agriculture, de la p\u00eache maritime, du d\u00e9veloppement rural et des eaux et for\u00eats, Mohammed Sadiki, a effectu\u00e9, mardi, une visite de terrain dans la province d\u2019Al Hoceima, marqu\u00e9e par le lancement et la visite de plusieurs projets de d\u00e9veloppement agricole.<\/p>\n","protected":false},"excerpt":{"rendered":"<p>Dpress Le ministre de l\u2019Agriculture, de la p\u00eache maritime, du d\u00e9veloppement rural et des eaux et for\u00eats, Mohammed Sadiki, a effectu\u00e9, mardi, une visite de terrain dans la province d\u2019Al Hoceima, marqu\u00e9e par le lancement et la visite de plusieurs projets de d\u00e9veloppement agricole.<\/p>\n","protected":false},"author":2,"featured_media":2085,"comment_status":"open","ping_status":"open","sticky":false,"template":"","format":"standard","meta":{"footnotes":""},"categories":[26],"tags":[],"class_list":["post-2084","post","type-post","status-publish","format-standard","has-post-thumbnail","hentry","category-politiques"],"yoast_head":"<!-- This site is optimized with the Yoast SEO plugin v27.5 - https:\/\/yoast.com\/product\/yoast-seo-wordpress\/ -->\n<title>Lancement et visite de projets de d\u00e9veloppement agricole dans la province d\u2019Al Hoceima - Dpress.ma\/fr<\/title>\n<meta name=\"robots\" content=\"index, follow, max-snippet:-1, max-image-preview:large, max-video-preview:-1\" \/>\n<link rel=\"canonical\" href=\"https:\/\/dpress.ma\/fr\/2022\/08\/03\/lancement-et-visite-de-projets-de-developpement-agricole-dans-la-province-dal-hoceima\/\" \/>\n<meta property=\"og:locale\" content=\"fr_FR\" \/>\n<meta property=\"og:type\" content=\"article\" \/>\n<meta property=\"og:title\" content=\"Lancement et visite de projets de d\u00e9veloppement agricole dans la province d\u2019Al Hoceima - Dpress.ma\/fr\" \/>\n<meta property=\"og:description\" content=\"Dpress Le ministre de l\u2019Agriculture, de la p\u00eache maritime, du d\u00e9veloppement rural et des eaux et for\u00eats, Mohammed Sadiki, a effectu\u00e9, mardi, une visite de terrain dans la province d\u2019Al Hoceima, marqu\u00e9e par le lancement et la visite de plusieurs projets de d\u00e9veloppement agricole.\" \/>\n<meta property=\"og:url\" content=\"https:\/\/dpress.ma\/fr\/2022\/08\/03\/lancement-et-visite-de-projets-de-developpement-agricole-dans-la-province-dal-hoceima\/\" \/>\n<meta property=\"og:site_name\" content=\"Dpress.ma\/fr\" \/>\n<meta property=\"article:published_time\" content=\"2022-08-03T14:31:43+00:00\" \/>\n<meta property=\"article:modified_time\" content=\"2022-08-03T14:31:44+00:00\" \/>\n<meta property=\"og:image\" content=\"https:\/\/dpress.ma\/fr\/wp-content\/uploads\/sites\/2\/2022\/08\/gjhg.jpg\" \/>\n\t<meta property=\"og:image:width\" content=\"2539\" \/>\n\t<meta property=\"og:image:height\" content=\"1594\" \/>\n\t<meta property=\"og:image:type\" content=\"image\/jpeg\" \/>\n<meta name=\"author\" content=\"Dpress.ma\" \/>\n<meta name=\"twitter:card\" content=\"summary_large_image\" \/>\n<meta name=\"twitter:label1\" content=\"\u00c9crit par\" \/>\n\t<meta name=\"twitter:data1\" content=\"Dpress.ma\" \/>\n\t<meta name=\"twitter:label2\" content=\"Dur\u00e9e de lecture estim\u00e9e\" \/>\n\t<meta name=\"twitter:data2\" content=\"1 minute\" \/>\n<script type=\"application\/ld+json\" class=\"yoast-schema-graph\">{\"@context\":\"https:\\\/\\\/schema.org\",\"@graph\":[{\"@type\":\"Article\",\"@id\":\"https:\\\/\\\/dpress.ma\\\/fr\\\/2022\\\/08\\\/03\\\/lancement-et-visite-de-projets-de-developpement-agricole-dans-la-province-dal-hoceima\\\/#article\",\"isPartOf\":{\"@id\":\"https:\\\/\\\/dpress.ma\\\/fr\\\/2022\\\/08\\\/03\\\/lancement-et-visite-de-projets-de-developpement-agricole-dans-la-province-dal-hoceima\\\/\"},\"author\":{\"name\":\"Dpress.ma\",\"@id\":\"https:\\\/\\\/dpress.ma\\\/fr\\\/#\\\/schema\\\/person\\\/4898febf3ccd59e6578d838656a306a0\"},\"headline\":\"Lancement et visite de projets de d\u00e9veloppement agricole dans la province d\u2019Al Hoceima\",\"datePublished\":\"2022-08-03T14:31:43+00:00\",\"dateModified\":\"2022-08-03T14:31:44+00:00\",\"mainEntityOfPage\":{\"@id\":\"https:\\\/\\\/dpress.ma\\\/fr\\\/2022\\\/08\\\/03\\\/lancement-et-visite-de-projets-de-developpement-agricole-dans-la-province-dal-hoceima\\\/\"},\"wordCount\":66,\"commentCount\":0,\"image\":{\"@id\":\"https:\\\/\\\/dpress.ma\\\/fr\\\/2022\\\/08\\\/03\\\/lancement-et-visite-de-projets-de-developpement-agricole-dans-la-province-dal-hoceima\\\/#primaryimage\"},\"thumbnailUrl\":\"https:\\\/\\\/dpress.ma\\\/fr\\\/wp-content\\\/uploads\\\/sites\\\/2\\\/2022\\\/08\\\/gjhg.jpg\",\"articleSection\":[\"Politiques\"],\"inLanguage\":\"fr-FR\",\"potentialAction\":[{\"@type\":\"CommentAction\",\"name\":\"Comment\",\"target\":[\"https:\\\/\\\/dpress.ma\\\/fr\\\/2022\\\/08\\\/03\\\/lancement-et-visite-de-projets-de-developpement-agricole-dans-la-province-dal-hoceima\\\/#respond\"]}]},{\"@type\":\"WebPage\",\"@id\":\"https:\\\/\\\/dpress.ma\\\/fr\\\/2022\\\/08\\\/03\\\/lancement-et-visite-de-projets-de-developpement-agricole-dans-la-province-dal-hoceima\\\/\",\"url\":\"https:\\\/\\\/dpress.ma\\\/fr\\\/2022\\\/08\\\/03\\\/lancement-et-visite-de-projets-de-developpement-agricole-dans-la-province-dal-hoceima\\\/\",\"name\":\"Lancement et visite de projets de d\u00e9veloppement agricole dans la province d\u2019Al Hoceima - Dpress.ma\\\/fr\",\"isPartOf\":{\"@id\":\"https:\\\/\\\/dpress.ma\\\/fr\\\/#website\"},\"primaryImageOfPage\":{\"@id\":\"https:\\\/\\\/dpress.ma\\\/fr\\\/2022\\\/08\\\/03\\\/lancement-et-visite-de-projets-de-developpement-agricole-dans-la-province-dal-hoceima\\\/#primaryimage\"},\"image\":{\"@id\":\"https:\\\/\\\/dpress.ma\\\/fr\\\/2022\\\/08\\\/03\\\/lancement-et-visite-de-projets-de-developpement-agricole-dans-la-province-dal-hoceima\\\/#primaryimage\"},\"thumbnailUrl\":\"https:\\\/\\\/dpress.ma\\\/fr\\\/wp-content\\\/uploads\\\/sites\\\/2\\\/2022\\\/08\\\/gjhg.jpg\",\"datePublished\":\"2022-08-03T14:31:43+00:00\",\"dateModified\":\"2022-08-03T14:31:44+00:00\",\"author\":{\"@id\":\"https:\\\/\\\/dpress.ma\\\/fr\\\/#\\\/schema\\\/person\\\/4898febf3ccd59e6578d838656a306a0\"},\"breadcrumb\":{\"@id\":\"https:\\\/\\\/dpress.ma\\\/fr\\\/2022\\\/08\\\/03\\\/lancement-et-visite-de-projets-de-developpement-agricole-dans-la-province-dal-hoceima\\\/#breadcrumb\"},\"inLanguage\":\"fr-FR\",\"potentialAction\":[{\"@type\":\"ReadAction\",\"target\":[\"https:\\\/\\\/dpress.ma\\\/fr\\\/2022\\\/08\\\/03\\\/lancement-et-visite-de-projets-de-developpement-agricole-dans-la-province-dal-hoceima\\\/\"]}]},{\"@type\":\"ImageObject\",\"inLanguage\":\"fr-FR\",\"@id\":\"https:\\\/\\\/dpress.ma\\\/fr\\\/2022\\\/08\\\/03\\\/lancement-et-visite-de-projets-de-developpement-agricole-dans-la-province-dal-hoceima\\\/#primaryimage\",\"url\":\"https:\\\/\\\/dpress.ma\\\/fr\\\/wp-content\\\/uploads\\\/sites\\\/2\\\/2022\\\/08\\\/gjhg.jpg\",\"contentUrl\":\"https:\\\/\\\/dpress.ma\\\/fr\\\/wp-content\\\/uploads\\\/sites\\\/2\\\/2022\\\/08\\\/gjhg.jpg\",\"width\":2539,\"height\":1594},{\"@type\":\"BreadcrumbList\",\"@id\":\"https:\\\/\\\/dpress.ma\\\/fr\\\/2022\\\/08\\\/03\\\/lancement-et-visite-de-projets-de-developpement-agricole-dans-la-province-dal-hoceima\\\/#breadcrumb\",\"itemListElement\":[{\"@type\":\"ListItem\",\"position\":1,\"name\":\"Home\",\"item\":\"https:\\\/\\\/dpress.ma\\\/fr\\\/\"},{\"@type\":\"ListItem\",\"position\":2,\"name\":\"Lancement et visite de projets de d\u00e9veloppement agricole dans la province d\u2019Al Hoceima\"}]},{\"@type\":\"WebSite\",\"@id\":\"https:\\\/\\\/dpress.ma\\\/fr\\\/#website\",\"url\":\"https:\\\/\\\/dpress.ma\\\/fr\\\/\",\"name\":\"Dpress.ma\\\/fr\",\"description\":\"\",\"potentialAction\":[{\"@type\":\"SearchAction\",\"target\":{\"@type\":\"EntryPoint\",\"urlTemplate\":\"https:\\\/\\\/dpress.ma\\\/fr\\\/?s={search_term_string}\"},\"query-input\":{\"@type\":\"PropertyValueSpecification\",\"valueRequired\":true,\"valueName\":\"search_term_string\"}}],\"inLanguage\":\"fr-FR\"},{\"@type\":\"Person\",\"@id\":\"https:\\\/\\\/dpress.ma\\\/fr\\\/#\\\/schema\\\/person\\\/4898febf3ccd59e6578d838656a306a0\",\"name\":\"Dpress.ma\",\"image\":{\"@type\":\"ImageObject\",\"inLanguage\":\"fr-FR\",\"@id\":\"https:\\\/\\\/secure.gravatar.com\\\/avatar\\\/72ecc30e9db047a2e0e7176561eb9d564ed77c8108376495b19bd8336405198a?s=96&d=mm&r=g\",\"url\":\"https:\\\/\\\/secure.gravatar.com\\\/avatar\\\/72ecc30e9db047a2e0e7176561eb9d564ed77c8108376495b19bd8336405198a?s=96&d=mm&r=g\",\"contentUrl\":\"https:\\\/\\\/secure.gravatar.com\\\/avatar\\\/72ecc30e9db047a2e0e7176561eb9d564ed77c8108376495b19bd8336405198a?s=96&d=mm&r=g\",\"caption\":\"Dpress.ma\"},\"sameAs\":[\"https:\\\/\\\/www.dpress.ma\"],\"url\":\"https:\\\/\\\/dpress.ma\\\/fr\\\/author\\\/dpress-ma\\\/\"}]}<\/script>\n<!-- \/ Yoast SEO plugin. -->","yoast_head_json":{"title":"Lancement et visite de projets de d\u00e9veloppement agricole dans la province d\u2019Al Hoceima - Dpress.ma\/fr","robots":{"index":"index","follow":"follow","max-snippet":"max-snippet:-1","max-image-preview":"max-image-preview:large","max-video-preview":"max-video-preview:-1"},"canonical":"https:\/\/dpress.ma\/fr\/2022\/08\/03\/lancement-et-visite-de-projets-de-developpement-agricole-dans-la-province-dal-hoceima\/","og_locale":"fr_FR","og_type":"article","og_title":"Lancement et visite de projets de d\u00e9veloppement agricole dans la province d\u2019Al Hoceima - Dpress.ma\/fr","og_description":"Dpress Le ministre de l\u2019Agriculture, de la p\u00eache maritime, du d\u00e9veloppement rural et des eaux et for\u00eats, Mohammed Sadiki, a effectu\u00e9, mardi, une visite de terrain dans la province d\u2019Al Hoceima, marqu\u00e9e par le lancement et la visite de plusieurs projets de d\u00e9veloppement agricole.","og_url":"https:\/\/dpress.ma\/fr\/2022\/08\/03\/lancement-et-visite-de-projets-de-developpement-agricole-dans-la-province-dal-hoceima\/","og_site_name":"Dpress.ma\/fr","article_published_time":"2022-08-03T14:31:43+00:00","article_modified_time":"2022-08-03T14:31:44+00:00","og_image":[{"width":2539,"height":1594,"url":"https:\/\/dpress.ma\/fr\/wp-content\/uploads\/sites\/2\/2022\/08\/gjhg.jpg","type":"image\/jpeg"}],"author":"Dpress.ma","twitter_card":"summary_large_image","twitter_misc":{"\u00c9crit par":"Dpress.ma","Dur\u00e9e de lecture estim\u00e9e":"1 minute"},"schema":{"@context":"https:\/\/schema.org","@graph":[{"@type":"Article","@id":"https:\/\/dpress.ma\/fr\/2022\/08\/03\/lancement-et-visite-de-projets-de-developpement-agricole-dans-la-province-dal-hoceima\/#article","isPartOf":{"@id":"https:\/\/dpress.ma\/fr\/2022\/08\/03\/lancement-et-visite-de-projets-de-developpement-agricole-dans-la-province-dal-hoceima\/"},"author":{"name":"Dpress.ma","@id":"https:\/\/dpress.ma\/fr\/#\/schema\/person\/4898febf3ccd59e6578d838656a306a0"},"headline":"Lancement et visite de projets de d\u00e9veloppement agricole dans la province d\u2019Al Hoceima","datePublished":"2022-08-03T14:31:43+00:00","dateModified":"2022-08-03T14:31:44+00:00","mainEntityOfPage":{"@id":"https:\/\/dpress.ma\/fr\/2022\/08\/03\/lancement-et-visite-de-projets-de-developpement-agricole-dans-la-province-dal-hoceima\/"},"wordCount":66,"commentCount":0,"image":{"@id":"https:\/\/dpress.ma\/fr\/2022\/08\/03\/lancement-et-visite-de-projets-de-developpement-agricole-dans-la-province-dal-hoceima\/#primaryimage"},"thumbnailUrl":"https:\/\/dpress.ma\/fr\/wp-content\/uploads\/sites\/2\/2022\/08\/gjhg.jpg","articleSection":["Politiques"],"inLanguage":"fr-FR","potentialAction":[{"@type":"CommentAction","name":"Comment","target":["https:\/\/dpress.ma\/fr\/2022\/08\/03\/lancement-et-visite-de-projets-de-developpement-agricole-dans-la-province-dal-hoceima\/#respond"]}]},{"@type":"WebPage","@id":"https:\/\/dpress.ma\/fr\/2022\/08\/03\/lancement-et-visite-de-projets-de-developpement-agricole-dans-la-province-dal-hoceima\/","url":"https:\/\/dpress.ma\/fr\/2022\/08\/03\/lancement-et-visite-de-projets-de-developpement-agricole-dans-la-province-dal-hoceima\/","name":"Lancement et visite de projets de d\u00e9veloppement agricole dans la province d\u2019Al Hoceima - Dpress.ma\/fr","isPartOf":{"@id":"https:\/\/dpress.ma\/fr\/#website"},"primaryImageOfPage":{"@id":"https:\/\/dpress.ma\/fr\/2022\/08\/03\/lancement-et-visite-de-projets-de-developpement-agricole-dans-la-province-dal-hoceima\/#primaryimage"},"image":{"@id":"https:\/\/dpress.ma\/fr\/2022\/08\/03\/lancement-et-visite-de-projets-de-developpement-agricole-dans-la-province-dal-hoceima\/#primaryimage"},"thumbnailUrl":"https:\/\/dpress.ma\/fr\/wp-content\/uploads\/sites\/2\/2022\/08\/gjhg.jpg","datePublished":"2022-08-03T14:31:43+00:00","dateModified":"2022-08-03T14:31:44+00:00","author":{"@id":"https:\/\/dpress.ma\/fr\/#\/schema\/person\/4898febf3ccd59e6578d838656a306a0"},"breadcrumb":{"@id":"https:\/\/dpress.ma\/fr\/2022\/08\/03\/lancement-et-visite-de-projets-de-developpement-agricole-dans-la-province-dal-hoceima\/#breadcrumb"},"inLanguage":"fr-FR","potentialAction":[{"@type":"ReadAction","target":["https:\/\/dpress.ma\/fr\/2022\/08\/03\/lancement-et-visite-de-projets-de-developpement-agricole-dans-la-province-dal-hoceima\/"]}]},{"@type":"ImageObject","inLanguage":"fr-FR","@id":"https:\/\/dpress.ma\/fr\/2022\/08\/03\/lancement-et-visite-de-projets-de-developpement-agricole-dans-la-province-dal-hoceima\/#primaryimage","url":"https:\/\/dpress.ma\/fr\/wp-content\/uploads\/sites\/2\/2022\/08\/gjhg.jpg","contentUrl":"https:\/\/dpress.ma\/fr\/wp-content\/uploads\/sites\/2\/2022\/08\/gjhg.jpg","width":2539,"height":1594},{"@type":"BreadcrumbList","@id":"https:\/\/dpress.ma\/fr\/2022\/08\/03\/lancement-et-visite-de-projets-de-developpement-agricole-dans-la-province-dal-hoceima\/#breadcrumb","itemListElement":[{"@type":"ListItem","position":1,"name":"Home","item":"https:\/\/dpress.ma\/fr\/"},{"@type":"ListItem","position":2,"name":"Lancement et visite de projets de d\u00e9veloppement agricole dans la province d\u2019Al Hoceima"}]},{"@type":"WebSite","@id":"https:\/\/dpress.ma\/fr\/#website","url":"https:\/\/dpress.ma\/fr\/","name":"Dpress.ma\/fr","description":"","potentialAction":[{"@type":"SearchAction","target":{"@type":"EntryPoint","urlTemplate":"https:\/\/dpress.ma\/fr\/?s={search_term_string}"},"query-input":{"@type":"PropertyValueSpecification","valueRequired":true,"valueName":"search_term_string"}}],"inLanguage":"fr-FR"},{"@type":"Person","@id":"https:\/\/dpress.ma\/fr\/#\/schema\/person\/4898febf3ccd59e6578d838656a306a0","name":"Dpress.ma","image":{"@type":"ImageObject","inLanguage":"fr-FR","@id":"https:\/\/secure.gravatar.com\/avatar\/72ecc30e9db047a2e0e7176561eb9d564ed77c8108376495b19bd8336405198a?s=96&d=mm&r=g","url":"https:\/\/secure.gravatar.com\/avatar\/72ecc30e9db047a2e0e7176561eb9d564ed77c8108376495b19bd8336405198a?s=96&d=mm&r=g","contentUrl":"https:\/\/secure.gravatar.com\/avatar\/72ecc30e9db047a2e0e7176561eb9d564ed77c8108376495b19bd8336405198a?s=96&d=mm&r=g","caption":"Dpress.ma"},"sameAs":["https:\/\/www.dpress.ma"],"url":"https:\/\/dpress.ma\/fr\/author\/dpress-ma\/"}]}},"amp_enabled":true,"_links":{"self":[{"href":"https:\/\/dpress.ma\/fr\/wp-json\/wp\/v2\/posts\/2084","targetHints":{"allow":["GET"]}}],"collection":[{"href":"https:\/\/dpress.ma\/fr\/wp-json\/wp\/v2\/posts"}],"about":[{"href":"https:\/\/dpress.ma\/fr\/wp-json\/wp\/v2\/types\/post"}],"author":[{"embeddable":true,"href":"https:\/\/dpress.ma\/fr\/wp-json\/wp\/v2\/users\/2"}],"replies":[{"embeddable":true,"href":"https:\/\/dpress.ma\/fr\/wp-json\/wp\/v2\/comments?post=2084"}],"version-history":[{"count":1,"href":"https:\/\/dpress.ma\/fr\/wp-json\/wp\/v2\/posts\/2084\/revisions"}],"predecessor-version":[{"id":2086,"href":"https:\/\/dpress.ma\/fr\/wp-json\/wp\/v2\/posts\/2084\/revisions\/2086"}],"wp:featuredmedia":[{"embeddable":true,"href":"https:\/\/dpress.ma\/fr\/wp-json\/wp\/v2\/media\/2085"}],"wp:attachment":[{"href":"https:\/\/dpress.ma\/fr\/wp-json\/wp\/v2\/media?parent=2084"}],"wp:term":[{"taxonomy":"category","embeddable":true,"href":"https:\/\/dpress.ma\/fr\/wp-json\/wp\/v2\/categories?post=2084"},{"taxonomy":"post_tag","embeddable":true,"href":"https:\/\/dpress.ma\/fr\/wp-json\/wp\/v2\/tags?post=2084"}],"curies":[{"name":"wp","href":"https:\/\/api.w.org\/{rel}","templated":true}]}}