{"id":2070,"date":"2022-08-02T13:36:14","date_gmt":"2022-08-02T13:36:14","guid":{"rendered":"https:\/\/dpress.ma\/fr\/?p=2070"},"modified":"2022-08-02T13:36:16","modified_gmt":"2022-08-02T13:36:16","slug":"la-chambre-des-conseillers-du-maroc-deviendra-le-deuxieme-membre-institutionnel-de-lapnode-mayara","status":"publish","type":"post","link":"https:\/\/dpress.ma\/fr\/2022\/08\/02\/la-chambre-des-conseillers-du-maroc-deviendra-le-deuxieme-membre-institutionnel-de-lapnode-mayara\/","title":{"rendered":"La chambre des conseillers du Maroc deviendra le deuxi\u00e8me membre institutionnel de l\u2019APNODE (Mayara)"},"content":{"rendered":"\n<p>Dpress<\/p>\n\n\n\n<p>La chambre des conseillers du Maroc deviendra le deuxi\u00e8me membre institutionnel du R\u00e9seau des Parlementaires africains pour l\u2019\u00e9valuation et le d\u00e9veloppement (APNODE), apr\u00e8s le Parlement du Zimbabwe, a annonc\u00e9 son pr\u00e9sident, Naama Mayara, mardi \u00e0 Rabat.<\/p>\n\n\n\n<p>Intervenant lors de la 7\u00e8me assembl\u00e9e g\u00e9n\u00e9rale annuelle de l\u2019APNODE, qui se tient \u00e0 Rabat, sous le th\u00e8me \u201cEngagement public parlementaire efficace pour un d\u00e9veloppement inclusif\u201d, Mayara a mis en avant les efforts ind\u00e9niables du Maroc pour le d\u00e9veloppement du continent africain, annon\u00e7ant que la chambre des conseillers deviendra le deuxi\u00e8me membre institutionnel de l\u2019APNODE apr\u00e8s le parlement zimbabw\u00e9en.<\/p>\n\n\n\n<p>Le Maroc, en tant que premier investisseur en Afrique de l\u2019Ouest et deuxi\u00e8me investisseur continental, oeuvre sans rel\u00e2che au progr\u00e8s et au d\u00e9veloppement de l\u2019Afrique, a affirm\u00e9 le pr\u00e9sident de la chambre des conseillers, soulignant la n\u00e9cessit\u00e9 de d\u00e9ployer davantage d\u2019efforts pour la r\u00e9alisation des objectifs de d\u00e9veloppement durables (ODD).<\/p>\n\n\n\n<p>Il a jug\u00e9 imp\u00e9ratif de mobiliser les efforts des diff\u00e9rents parlements africains, en vue de renforcer la l\u00e9gislation continentale et les politiques publiques pour atteindre les ODD \u00e0 l\u2019horizon 2030 et les programmes de l\u2019agenda de l\u2019Union Africaine \u00e0 l\u2019horizon 2063.<\/p>\n\n\n\n<p>A cet effet, M. Mayara, a appel\u00e9 \u00e0 la cr\u00e9ation de Think Tanks parlementaires au niveau de chaque institution l\u00e9gislative du continent, tout en \u00e9laborant des \u00e9tudes objectives \u00e0 m\u00eame de stimuler la croissance africaine.<\/p>\n\n\n\n<p>Le pr\u00e9sident de la chambre des conseillers a, par ailleurs, soulign\u00e9 l\u2019importance de la th\u00e9matique de cette \u00e9dition, qui ambitionne d\u00e9velopper une nouvelle g\u00e9n\u00e9ration de droits civiques, sociaux et politiques, \u00e0 l\u2019heure o\u00f9 le monde conna\u00eet des d\u00e9fis majeurs et subit les cons\u00e9quences n\u00e9fastes de la pand\u00e9mie de Covid-19.<\/p>\n\n\n\n<p>Ces diff\u00e9rents d\u00e9fis d\u2019ordres environnemental, \u00e9nerg\u00e9tique, social, hydrique et \u00e9conomique compromettent l\u2019avenir des g\u00e9n\u00e9rations futures, a d\u00e9plor\u00e9 Mayara qui a mis l\u2019accent sur la n\u00e9cessit\u00e9 pour les parlementaires d\u2019\u00e9laborer un mod\u00e8le de d\u00e9veloppement continental \u00e0 m\u00eame de promouvoir un d\u00e9veloppement inclusif et global en Afrique.<\/p>\n\n\n\n<p>L\u2019Afrique qui s\u2019accapare plus de 30% des ressources plan\u00e9taires en min\u00e9raux, gaz et p\u00e9trole, et qui abrite un grand potentiel logistique et industriel, dispose d\u2019une zone de libre \u00e9change continentale (ZLECA) avec un march\u00e9 ouvert \u00e0 plus de 1,3 milliard de personnes, a-t-il relev\u00e9.<\/p>\n\n\n\n<p>De son c\u00f4t\u00e9, le pr\u00e9sident de l\u2019APNODE et d\u00e9put\u00e9 \u00e0 l\u2019assembl\u00e9 g\u00e9n\u00e9rale du B\u00e9nin J\u00e9r\u00e9mie Adomahou, a indiqu\u00e9 que le r\u00e9seau des parlementaires africains pour l\u2019\u00e9valuation du d\u00e9veloppement promeut l\u2019utilisation de l\u2019\u00e9valuation dans la prise de d\u00e9cision au niveau national, pour soutenir l\u2019efficacit\u00e9 du d\u00e9veloppement et de la croissance inclusive.<\/p>\n\n\n\n<p>Lanc\u00e9 en 2014, \u00e0 partir d\u2019un noyau initial de 25 membres fondateurs provenant de 7 pays africains, le r\u00e9seau de l\u2019APNODE s\u2019\u00e9tend aujourd\u2019hui aux quatre coins du continent et dispose de 29 membres, a fait savoir M. Adomahou.<\/p>\n\n\n\n<p>Le pr\u00e9sident de l\u2019APNODE a indiqu\u00e9 que le r\u00e9seau vise, entre autres, \u00e0 encourager les parlementaires \u00e0 institutionnaliser l\u2019\u00e9valuation, \u00e0 renforcer la capacit\u00e9 des parlementaires et \u00e0 aider les d\u00e9put\u00e9s \u00e0 adopter une culture d\u2019\u00e9valuation et de prise de d\u00e9cision fond\u00e9es sur des donn\u00e9es probantes.<\/p>\n\n\n\n<p>Les travaux de cette assembl\u00e9e qui s\u2019\u00e9talent sur trois jours s\u2019articulent autour de plusieurs panels traitant notamment du bilan annuel de l\u2019APNODE et de l\u2019institutionnalisation de l\u2019\u00e9valuation comme outil de gouvernance.<\/p>\n","protected":false},"excerpt":{"rendered":"<p>Dpress La chambre des conseillers du Maroc deviendra le deuxi\u00e8me membre institutionnel du R\u00e9seau des Parlementaires africains pour l\u2019\u00e9valuation et le d\u00e9veloppement (APNODE), apr\u00e8s le Parlement du Zimbabwe, a annonc\u00e9 son pr\u00e9sident, Naama Mayara, mardi \u00e0 Rabat. Intervenant lors de la 7\u00e8me assembl\u00e9e g\u00e9n\u00e9rale annuelle de l\u2019APNODE, qui se tient \u00e0 Rabat, sous le th\u00e8me &hellip;<\/p>\n","protected":false},"author":2,"featured_media":1902,"comment_status":"open","ping_status":"open","sticky":false,"template":"","format":"standard","meta":{"footnotes":""},"categories":[34,26],"tags":[],"class_list":["post-2070","post","type-post","status-publish","format-standard","has-post-thumbnail","hentry","category-diplomatie-parlementaire","category-politiques"],"yoast_head":"<!-- This site is optimized with the Yoast SEO plugin v27.5 - https:\/\/yoast.com\/product\/yoast-seo-wordpress\/ -->\n<title>La chambre des conseillers du Maroc deviendra le deuxi\u00e8me membre institutionnel de l\u2019APNODE (Mayara) - Dpress.ma\/fr<\/title>\n<meta name=\"robots\" content=\"index, follow, max-snippet:-1, max-image-preview:large, max-video-preview:-1\" \/>\n<link rel=\"canonical\" href=\"https:\/\/dpress.ma\/fr\/2022\/08\/02\/la-chambre-des-conseillers-du-maroc-deviendra-le-deuxieme-membre-institutionnel-de-lapnode-mayara\/\" \/>\n<meta property=\"og:locale\" content=\"fr_FR\" \/>\n<meta property=\"og:type\" content=\"article\" \/>\n<meta property=\"og:title\" content=\"La chambre des conseillers du Maroc deviendra le deuxi\u00e8me membre institutionnel de l\u2019APNODE (Mayara) - Dpress.ma\/fr\" \/>\n<meta property=\"og:description\" content=\"Dpress La chambre des conseillers du Maroc deviendra le deuxi\u00e8me membre institutionnel du R\u00e9seau des Parlementaires africains pour l\u2019\u00e9valuation et le d\u00e9veloppement (APNODE), apr\u00e8s le Parlement du Zimbabwe, a annonc\u00e9 son pr\u00e9sident, Naama Mayara, mardi \u00e0 Rabat. Intervenant lors de la 7\u00e8me assembl\u00e9e g\u00e9n\u00e9rale annuelle de l\u2019APNODE, qui se tient \u00e0 Rabat, sous le th\u00e8me &hellip;\" \/>\n<meta property=\"og:url\" content=\"https:\/\/dpress.ma\/fr\/2022\/08\/02\/la-chambre-des-conseillers-du-maroc-deviendra-le-deuxieme-membre-institutionnel-de-lapnode-mayara\/\" \/>\n<meta property=\"og:site_name\" content=\"Dpress.ma\/fr\" \/>\n<meta property=\"article:published_time\" content=\"2022-08-02T13:36:14+00:00\" \/>\n<meta property=\"article:modified_time\" content=\"2022-08-02T13:36:16+00:00\" \/>\n<meta property=\"og:image\" content=\"https:\/\/dpress.ma\/fr\/wp-content\/uploads\/sites\/2\/2022\/07\/fgdgfd.jpg\" \/>\n\t<meta property=\"og:image:width\" content=\"2539\" \/>\n\t<meta property=\"og:image:height\" content=\"1594\" \/>\n\t<meta property=\"og:image:type\" content=\"image\/jpeg\" \/>\n<meta name=\"author\" content=\"Dpress.ma\" \/>\n<meta name=\"twitter:card\" content=\"summary_large_image\" \/>\n<meta name=\"twitter:label1\" content=\"\u00c9crit par\" \/>\n\t<meta name=\"twitter:data1\" content=\"Dpress.ma\" \/>\n\t<meta name=\"twitter:label2\" content=\"Dur\u00e9e de lecture estim\u00e9e\" \/>\n\t<meta name=\"twitter:data2\" content=\"3 minutes\" \/>\n<script type=\"application\/ld+json\" class=\"yoast-schema-graph\">{\"@context\":\"https:\\\/\\\/schema.org\",\"@graph\":[{\"@type\":\"Article\",\"@id\":\"https:\\\/\\\/dpress.ma\\\/fr\\\/2022\\\/08\\\/02\\\/la-chambre-des-conseillers-du-maroc-deviendra-le-deuxieme-membre-institutionnel-de-lapnode-mayara\\\/#article\",\"isPartOf\":{\"@id\":\"https:\\\/\\\/dpress.ma\\\/fr\\\/2022\\\/08\\\/02\\\/la-chambre-des-conseillers-du-maroc-deviendra-le-deuxieme-membre-institutionnel-de-lapnode-mayara\\\/\"},\"author\":{\"name\":\"Dpress.ma\",\"@id\":\"https:\\\/\\\/dpress.ma\\\/fr\\\/#\\\/schema\\\/person\\\/4898febf3ccd59e6578d838656a306a0\"},\"headline\":\"La chambre des conseillers du Maroc deviendra le deuxi\u00e8me membre institutionnel de l\u2019APNODE (Mayara)\",\"datePublished\":\"2022-08-02T13:36:14+00:00\",\"dateModified\":\"2022-08-02T13:36:16+00:00\",\"mainEntityOfPage\":{\"@id\":\"https:\\\/\\\/dpress.ma\\\/fr\\\/2022\\\/08\\\/02\\\/la-chambre-des-conseillers-du-maroc-deviendra-le-deuxieme-membre-institutionnel-de-lapnode-mayara\\\/\"},\"wordCount\":629,\"commentCount\":0,\"image\":{\"@id\":\"https:\\\/\\\/dpress.ma\\\/fr\\\/2022\\\/08\\\/02\\\/la-chambre-des-conseillers-du-maroc-deviendra-le-deuxieme-membre-institutionnel-de-lapnode-mayara\\\/#primaryimage\"},\"thumbnailUrl\":\"https:\\\/\\\/dpress.ma\\\/fr\\\/wp-content\\\/uploads\\\/sites\\\/2\\\/2022\\\/07\\\/fgdgfd.jpg\",\"articleSection\":[\"Diplomatie Parlementaire\",\"Politiques\"],\"inLanguage\":\"fr-FR\",\"potentialAction\":[{\"@type\":\"CommentAction\",\"name\":\"Comment\",\"target\":[\"https:\\\/\\\/dpress.ma\\\/fr\\\/2022\\\/08\\\/02\\\/la-chambre-des-conseillers-du-maroc-deviendra-le-deuxieme-membre-institutionnel-de-lapnode-mayara\\\/#respond\"]}]},{\"@type\":\"WebPage\",\"@id\":\"https:\\\/\\\/dpress.ma\\\/fr\\\/2022\\\/08\\\/02\\\/la-chambre-des-conseillers-du-maroc-deviendra-le-deuxieme-membre-institutionnel-de-lapnode-mayara\\\/\",\"url\":\"https:\\\/\\\/dpress.ma\\\/fr\\\/2022\\\/08\\\/02\\\/la-chambre-des-conseillers-du-maroc-deviendra-le-deuxieme-membre-institutionnel-de-lapnode-mayara\\\/\",\"name\":\"La chambre des conseillers du Maroc deviendra le deuxi\u00e8me membre institutionnel de l\u2019APNODE (Mayara) - Dpress.ma\\\/fr\",\"isPartOf\":{\"@id\":\"https:\\\/\\\/dpress.ma\\\/fr\\\/#website\"},\"primaryImageOfPage\":{\"@id\":\"https:\\\/\\\/dpress.ma\\\/fr\\\/2022\\\/08\\\/02\\\/la-chambre-des-conseillers-du-maroc-deviendra-le-deuxieme-membre-institutionnel-de-lapnode-mayara\\\/#primaryimage\"},\"image\":{\"@id\":\"https:\\\/\\\/dpress.ma\\\/fr\\\/2022\\\/08\\\/02\\\/la-chambre-des-conseillers-du-maroc-deviendra-le-deuxieme-membre-institutionnel-de-lapnode-mayara\\\/#primaryimage\"},\"thumbnailUrl\":\"https:\\\/\\\/dpress.ma\\\/fr\\\/wp-content\\\/uploads\\\/sites\\\/2\\\/2022\\\/07\\\/fgdgfd.jpg\",\"datePublished\":\"2022-08-02T13:36:14+00:00\",\"dateModified\":\"2022-08-02T13:36:16+00:00\",\"author\":{\"@id\":\"https:\\\/\\\/dpress.ma\\\/fr\\\/#\\\/schema\\\/person\\\/4898febf3ccd59e6578d838656a306a0\"},\"breadcrumb\":{\"@id\":\"https:\\\/\\\/dpress.ma\\\/fr\\\/2022\\\/08\\\/02\\\/la-chambre-des-conseillers-du-maroc-deviendra-le-deuxieme-membre-institutionnel-de-lapnode-mayara\\\/#breadcrumb\"},\"inLanguage\":\"fr-FR\",\"potentialAction\":[{\"@type\":\"ReadAction\",\"target\":[\"https:\\\/\\\/dpress.ma\\\/fr\\\/2022\\\/08\\\/02\\\/la-chambre-des-conseillers-du-maroc-deviendra-le-deuxieme-membre-institutionnel-de-lapnode-mayara\\\/\"]}]},{\"@type\":\"ImageObject\",\"inLanguage\":\"fr-FR\",\"@id\":\"https:\\\/\\\/dpress.ma\\\/fr\\\/2022\\\/08\\\/02\\\/la-chambre-des-conseillers-du-maroc-deviendra-le-deuxieme-membre-institutionnel-de-lapnode-mayara\\\/#primaryimage\",\"url\":\"https:\\\/\\\/dpress.ma\\\/fr\\\/wp-content\\\/uploads\\\/sites\\\/2\\\/2022\\\/07\\\/fgdgfd.jpg\",\"contentUrl\":\"https:\\\/\\\/dpress.ma\\\/fr\\\/wp-content\\\/uploads\\\/sites\\\/2\\\/2022\\\/07\\\/fgdgfd.jpg\",\"width\":2539,\"height\":1594},{\"@type\":\"BreadcrumbList\",\"@id\":\"https:\\\/\\\/dpress.ma\\\/fr\\\/2022\\\/08\\\/02\\\/la-chambre-des-conseillers-du-maroc-deviendra-le-deuxieme-membre-institutionnel-de-lapnode-mayara\\\/#breadcrumb\",\"itemListElement\":[{\"@type\":\"ListItem\",\"position\":1,\"name\":\"Home\",\"item\":\"https:\\\/\\\/dpress.ma\\\/fr\\\/\"},{\"@type\":\"ListItem\",\"position\":2,\"name\":\"La chambre des conseillers du Maroc deviendra le deuxi\u00e8me membre institutionnel de l\u2019APNODE (Mayara)\"}]},{\"@type\":\"WebSite\",\"@id\":\"https:\\\/\\\/dpress.ma\\\/fr\\\/#website\",\"url\":\"https:\\\/\\\/dpress.ma\\\/fr\\\/\",\"name\":\"Dpress.ma\\\/fr\",\"description\":\"\",\"potentialAction\":[{\"@type\":\"SearchAction\",\"target\":{\"@type\":\"EntryPoint\",\"urlTemplate\":\"https:\\\/\\\/dpress.ma\\\/fr\\\/?s={search_term_string}\"},\"query-input\":{\"@type\":\"PropertyValueSpecification\",\"valueRequired\":true,\"valueName\":\"search_term_string\"}}],\"inLanguage\":\"fr-FR\"},{\"@type\":\"Person\",\"@id\":\"https:\\\/\\\/dpress.ma\\\/fr\\\/#\\\/schema\\\/person\\\/4898febf3ccd59e6578d838656a306a0\",\"name\":\"Dpress.ma\",\"image\":{\"@type\":\"ImageObject\",\"inLanguage\":\"fr-FR\",\"@id\":\"https:\\\/\\\/secure.gravatar.com\\\/avatar\\\/72ecc30e9db047a2e0e7176561eb9d564ed77c8108376495b19bd8336405198a?s=96&d=mm&r=g\",\"url\":\"https:\\\/\\\/secure.gravatar.com\\\/avatar\\\/72ecc30e9db047a2e0e7176561eb9d564ed77c8108376495b19bd8336405198a?s=96&d=mm&r=g\",\"contentUrl\":\"https:\\\/\\\/secure.gravatar.com\\\/avatar\\\/72ecc30e9db047a2e0e7176561eb9d564ed77c8108376495b19bd8336405198a?s=96&d=mm&r=g\",\"caption\":\"Dpress.ma\"},\"sameAs\":[\"https:\\\/\\\/www.dpress.ma\"],\"url\":\"https:\\\/\\\/dpress.ma\\\/fr\\\/author\\\/dpress-ma\\\/\"}]}<\/script>\n<!-- \/ Yoast SEO plugin. -->","yoast_head_json":{"title":"La chambre des conseillers du Maroc deviendra le deuxi\u00e8me membre institutionnel de l\u2019APNODE (Mayara) - Dpress.ma\/fr","robots":{"index":"index","follow":"follow","max-snippet":"max-snippet:-1","max-image-preview":"max-image-preview:large","max-video-preview":"max-video-preview:-1"},"canonical":"https:\/\/dpress.ma\/fr\/2022\/08\/02\/la-chambre-des-conseillers-du-maroc-deviendra-le-deuxieme-membre-institutionnel-de-lapnode-mayara\/","og_locale":"fr_FR","og_type":"article","og_title":"La chambre des conseillers du Maroc deviendra le deuxi\u00e8me membre institutionnel de l\u2019APNODE (Mayara) - Dpress.ma\/fr","og_description":"Dpress La chambre des conseillers du Maroc deviendra le deuxi\u00e8me membre institutionnel du R\u00e9seau des Parlementaires africains pour l\u2019\u00e9valuation et le d\u00e9veloppement (APNODE), apr\u00e8s le Parlement du Zimbabwe, a annonc\u00e9 son pr\u00e9sident, Naama Mayara, mardi \u00e0 Rabat. Intervenant lors de la 7\u00e8me assembl\u00e9e g\u00e9n\u00e9rale annuelle de l\u2019APNODE, qui se tient \u00e0 Rabat, sous le th\u00e8me &hellip;","og_url":"https:\/\/dpress.ma\/fr\/2022\/08\/02\/la-chambre-des-conseillers-du-maroc-deviendra-le-deuxieme-membre-institutionnel-de-lapnode-mayara\/","og_site_name":"Dpress.ma\/fr","article_published_time":"2022-08-02T13:36:14+00:00","article_modified_time":"2022-08-02T13:36:16+00:00","og_image":[{"width":2539,"height":1594,"url":"https:\/\/dpress.ma\/fr\/wp-content\/uploads\/sites\/2\/2022\/07\/fgdgfd.jpg","type":"image\/jpeg"}],"author":"Dpress.ma","twitter_card":"summary_large_image","twitter_misc":{"\u00c9crit par":"Dpress.ma","Dur\u00e9e de lecture estim\u00e9e":"3 minutes"},"schema":{"@context":"https:\/\/schema.org","@graph":[{"@type":"Article","@id":"https:\/\/dpress.ma\/fr\/2022\/08\/02\/la-chambre-des-conseillers-du-maroc-deviendra-le-deuxieme-membre-institutionnel-de-lapnode-mayara\/#article","isPartOf":{"@id":"https:\/\/dpress.ma\/fr\/2022\/08\/02\/la-chambre-des-conseillers-du-maroc-deviendra-le-deuxieme-membre-institutionnel-de-lapnode-mayara\/"},"author":{"name":"Dpress.ma","@id":"https:\/\/dpress.ma\/fr\/#\/schema\/person\/4898febf3ccd59e6578d838656a306a0"},"headline":"La chambre des conseillers du Maroc deviendra le deuxi\u00e8me membre institutionnel de l\u2019APNODE (Mayara)","datePublished":"2022-08-02T13:36:14+00:00","dateModified":"2022-08-02T13:36:16+00:00","mainEntityOfPage":{"@id":"https:\/\/dpress.ma\/fr\/2022\/08\/02\/la-chambre-des-conseillers-du-maroc-deviendra-le-deuxieme-membre-institutionnel-de-lapnode-mayara\/"},"wordCount":629,"commentCount":0,"image":{"@id":"https:\/\/dpress.ma\/fr\/2022\/08\/02\/la-chambre-des-conseillers-du-maroc-deviendra-le-deuxieme-membre-institutionnel-de-lapnode-mayara\/#primaryimage"},"thumbnailUrl":"https:\/\/dpress.ma\/fr\/wp-content\/uploads\/sites\/2\/2022\/07\/fgdgfd.jpg","articleSection":["Diplomatie Parlementaire","Politiques"],"inLanguage":"fr-FR","potentialAction":[{"@type":"CommentAction","name":"Comment","target":["https:\/\/dpress.ma\/fr\/2022\/08\/02\/la-chambre-des-conseillers-du-maroc-deviendra-le-deuxieme-membre-institutionnel-de-lapnode-mayara\/#respond"]}]},{"@type":"WebPage","@id":"https:\/\/dpress.ma\/fr\/2022\/08\/02\/la-chambre-des-conseillers-du-maroc-deviendra-le-deuxieme-membre-institutionnel-de-lapnode-mayara\/","url":"https:\/\/dpress.ma\/fr\/2022\/08\/02\/la-chambre-des-conseillers-du-maroc-deviendra-le-deuxieme-membre-institutionnel-de-lapnode-mayara\/","name":"La chambre des conseillers du Maroc deviendra le deuxi\u00e8me membre institutionnel de l\u2019APNODE (Mayara) - Dpress.ma\/fr","isPartOf":{"@id":"https:\/\/dpress.ma\/fr\/#website"},"primaryImageOfPage":{"@id":"https:\/\/dpress.ma\/fr\/2022\/08\/02\/la-chambre-des-conseillers-du-maroc-deviendra-le-deuxieme-membre-institutionnel-de-lapnode-mayara\/#primaryimage"},"image":{"@id":"https:\/\/dpress.ma\/fr\/2022\/08\/02\/la-chambre-des-conseillers-du-maroc-deviendra-le-deuxieme-membre-institutionnel-de-lapnode-mayara\/#primaryimage"},"thumbnailUrl":"https:\/\/dpress.ma\/fr\/wp-content\/uploads\/sites\/2\/2022\/07\/fgdgfd.jpg","datePublished":"2022-08-02T13:36:14+00:00","dateModified":"2022-08-02T13:36:16+00:00","author":{"@id":"https:\/\/dpress.ma\/fr\/#\/schema\/person\/4898febf3ccd59e6578d838656a306a0"},"breadcrumb":{"@id":"https:\/\/dpress.ma\/fr\/2022\/08\/02\/la-chambre-des-conseillers-du-maroc-deviendra-le-deuxieme-membre-institutionnel-de-lapnode-mayara\/#breadcrumb"},"inLanguage":"fr-FR","potentialAction":[{"@type":"ReadAction","target":["https:\/\/dpress.ma\/fr\/2022\/08\/02\/la-chambre-des-conseillers-du-maroc-deviendra-le-deuxieme-membre-institutionnel-de-lapnode-mayara\/"]}]},{"@type":"ImageObject","inLanguage":"fr-FR","@id":"https:\/\/dpress.ma\/fr\/2022\/08\/02\/la-chambre-des-conseillers-du-maroc-deviendra-le-deuxieme-membre-institutionnel-de-lapnode-mayara\/#primaryimage","url":"https:\/\/dpress.ma\/fr\/wp-content\/uploads\/sites\/2\/2022\/07\/fgdgfd.jpg","contentUrl":"https:\/\/dpress.ma\/fr\/wp-content\/uploads\/sites\/2\/2022\/07\/fgdgfd.jpg","width":2539,"height":1594},{"@type":"BreadcrumbList","@id":"https:\/\/dpress.ma\/fr\/2022\/08\/02\/la-chambre-des-conseillers-du-maroc-deviendra-le-deuxieme-membre-institutionnel-de-lapnode-mayara\/#breadcrumb","itemListElement":[{"@type":"ListItem","position":1,"name":"Home","item":"https:\/\/dpress.ma\/fr\/"},{"@type":"ListItem","position":2,"name":"La chambre des conseillers du Maroc deviendra le deuxi\u00e8me membre institutionnel de l\u2019APNODE (Mayara)"}]},{"@type":"WebSite","@id":"https:\/\/dpress.ma\/fr\/#website","url":"https:\/\/dpress.ma\/fr\/","name":"Dpress.ma\/fr","description":"","potentialAction":[{"@type":"SearchAction","target":{"@type":"EntryPoint","urlTemplate":"https:\/\/dpress.ma\/fr\/?s={search_term_string}"},"query-input":{"@type":"PropertyValueSpecification","valueRequired":true,"valueName":"search_term_string"}}],"inLanguage":"fr-FR"},{"@type":"Person","@id":"https:\/\/dpress.ma\/fr\/#\/schema\/person\/4898febf3ccd59e6578d838656a306a0","name":"Dpress.ma","image":{"@type":"ImageObject","inLanguage":"fr-FR","@id":"https:\/\/secure.gravatar.com\/avatar\/72ecc30e9db047a2e0e7176561eb9d564ed77c8108376495b19bd8336405198a?s=96&d=mm&r=g","url":"https:\/\/secure.gravatar.com\/avatar\/72ecc30e9db047a2e0e7176561eb9d564ed77c8108376495b19bd8336405198a?s=96&d=mm&r=g","contentUrl":"https:\/\/secure.gravatar.com\/avatar\/72ecc30e9db047a2e0e7176561eb9d564ed77c8108376495b19bd8336405198a?s=96&d=mm&r=g","caption":"Dpress.ma"},"sameAs":["https:\/\/www.dpress.ma"],"url":"https:\/\/dpress.ma\/fr\/author\/dpress-ma\/"}]}},"amp_enabled":true,"_links":{"self":[{"href":"https:\/\/dpress.ma\/fr\/wp-json\/wp\/v2\/posts\/2070","targetHints":{"allow":["GET"]}}],"collection":[{"href":"https:\/\/dpress.ma\/fr\/wp-json\/wp\/v2\/posts"}],"about":[{"href":"https:\/\/dpress.ma\/fr\/wp-json\/wp\/v2\/types\/post"}],"author":[{"embeddable":true,"href":"https:\/\/dpress.ma\/fr\/wp-json\/wp\/v2\/users\/2"}],"replies":[{"embeddable":true,"href":"https:\/\/dpress.ma\/fr\/wp-json\/wp\/v2\/comments?post=2070"}],"version-history":[{"count":1,"href":"https:\/\/dpress.ma\/fr\/wp-json\/wp\/v2\/posts\/2070\/revisions"}],"predecessor-version":[{"id":2071,"href":"https:\/\/dpress.ma\/fr\/wp-json\/wp\/v2\/posts\/2070\/revisions\/2071"}],"wp:featuredmedia":[{"embeddable":true,"href":"https:\/\/dpress.ma\/fr\/wp-json\/wp\/v2\/media\/1902"}],"wp:attachment":[{"href":"https:\/\/dpress.ma\/fr\/wp-json\/wp\/v2\/media?parent=2070"}],"wp:term":[{"taxonomy":"category","embeddable":true,"href":"https:\/\/dpress.ma\/fr\/wp-json\/wp\/v2\/categories?post=2070"},{"taxonomy":"post_tag","embeddable":true,"href":"https:\/\/dpress.ma\/fr\/wp-json\/wp\/v2\/tags?post=2070"}],"curies":[{"name":"wp","href":"https:\/\/api.w.org\/{rel}","templated":true}]}}