{"id":2067,"date":"2022-08-02T09:44:03","date_gmt":"2022-08-02T09:44:03","guid":{"rendered":"https:\/\/dpress.ma\/fr\/?p=2067"},"modified":"2022-08-02T09:44:05","modified_gmt":"2022-08-02T09:44:05","slug":"signature-a-rabat-dun-memorandum-dentente-entre-la-chambre-des-conseillers-et-le-conseil-de-la-choura-darabie-saoudite","status":"publish","type":"post","link":"https:\/\/dpress.ma\/fr\/2022\/08\/02\/signature-a-rabat-dun-memorandum-dentente-entre-la-chambre-des-conseillers-et-le-conseil-de-la-choura-darabie-saoudite\/","title":{"rendered":"Signature \u00e0 Rabat d\u2019un m\u00e9morandum d\u2019entente entre la Chambre des conseillers et le Conseil de la Choura d\u2019Arabie Saoudite"},"content":{"rendered":"\n<p>Dpress<\/p>\n\n\n\n<p>La Chambre des conseillers et le Conseil de la Choura d\u2019Arabie Saoudite ont sign\u00e9, lundi \u00e0 Rabat, un m\u00e9morandum d\u2019entente dans le but de favoriser une coop\u00e9ration \u00e9troite et une r\u00e9activit\u00e9 permanente entre les deux institutions l\u00e9gislatives.<\/p>\n\n\n\n<p>Un communiqu\u00e9 de la deuxi\u00e8me chambre rapporte que la signature de ce m\u00e9morandum d\u2019entente, en pr\u00e9sence du pr\u00e9sident de la Chambre des conseillers, Naama Mayara et le docteur Abdellah Bin Mohamed Al Cheikh, pr\u00e9sident du Conseil de la Choura d\u2019Arabie Saoudite, est motiv\u00e9e par le d\u00e9sir des deux parties de consolider davantage leURs relations solides et amicale, mais aussi du fait que la r\u00e9activit\u00e9 parlementaire dans les domaines d\u2019int\u00e9r\u00eat commun aide \u00e0 promouvoir la confiance et l\u2019entente r\u00e9ciproques tout en \u00e9largissant les champs de la coop\u00e9ration.<\/p>\n\n\n\n<p>Ce texte porte sur la promotion des visites des d\u00e9l\u00e9gations parlementaires entre les deux parties ainsi que la r\u00e9activation de l\u2019action des commissions parlementaires d\u2019amiti\u00e9 en incitant ses membres \u00e0 accorder plus d\u2019int\u00e9r\u00eat aux aspects parlementaires d\u2019int\u00e9r\u00eat commun, outre la proposition portant sur la mise en place d\u2019un m\u00e9canisme d\u00e9di\u00e9 \u00e0 l\u2019\u00e9change des expertises et les \u00e9tudes parlementaires.<\/p>\n\n\n\n<p>\u00c0 cela s\u2019ajoutent la coop\u00e9ration et le dialogue en continu entre les deux institutions dans les domaines relatifs \u00e0 la s\u00e9curit\u00e9, la lutte contre le terrorisme et l\u2019extr\u00e9misme ainsi que le suivi des d\u00e9veloppements g\u00e9o-strat\u00e9giques, surtout dans la r\u00e9gion du Moyen-Orient et en Afrique du Nord, outre des domaines concernant les champs culturel, religieux et \u00e9conomique ou encore les investissements, la s\u00e9curit\u00e9 alimentaire et la lutte contre les changements climatiques, selon la m\u00eame source.<\/p>\n\n\n\n<p>Ce m\u00e9morandum d\u2019entente a \u00e9t\u00e9 sign\u00e9 \u00e0 l\u2019issue d\u2019entretiens entre le pr\u00e9sident de la Chambre des conseillers et son homologue saoudien, entretiens au cours desquels les deux parties se sont f\u00e9licit\u00e9es de l\u2019excellence des relations entre les deux Royaumes et qui reposent sur la coop\u00e9ration et le respect mutuel.<\/p>\n\n\n\n<p>Les deux parties ont aussi not\u00e9 que les relations entre le Maroc et l\u2019Arabie Saoudite puisent leur force dans la solidit\u00e9 des liens fraternels entre SM le Roi Mohammed VI et le Serviteur des Lieux Saints le Roi Salmane Bin Abdelaziz Al Saoud, et entre les peuples marocain et saoudien fr\u00e8res.<\/p>\n\n\n\n<p>A cette occasion, les deux parties ont exprim\u00e9 le v\u0153u de tirer vers le haut le niveau de la coop\u00e9ration entre les deux institutions parlementaires de mani\u00e8re \u00e0 servir au mieux les int\u00e9r\u00eats communs, dans un contexte marqu\u00e9 par des d\u00e9fis r\u00e9gionaux et internationaux, outre le resserrement des liens de coordination et de consultation interparlementaires entre les deux Royaumes dans les forums parlementaires r\u00e9gionaux, conclut le communiqu\u00e9.<\/p>\n","protected":false},"excerpt":{"rendered":"<p>Dpress La Chambre des conseillers et le Conseil de la Choura d\u2019Arabie Saoudite ont sign\u00e9, lundi \u00e0 Rabat, un m\u00e9morandum d\u2019entente dans le but de favoriser une coop\u00e9ration \u00e9troite et une r\u00e9activit\u00e9 permanente entre les deux institutions l\u00e9gislatives. Un communiqu\u00e9 de la deuxi\u00e8me chambre rapporte que la signature de ce m\u00e9morandum d\u2019entente, en pr\u00e9sence du &hellip;<\/p>\n","protected":false},"author":2,"featured_media":2068,"comment_status":"open","ping_status":"open","sticky":false,"template":"","format":"standard","meta":{"footnotes":""},"categories":[26],"tags":[],"class_list":["post-2067","post","type-post","status-publish","format-standard","has-post-thumbnail","hentry","category-politiques"],"yoast_head":"<!-- This site is optimized with the Yoast SEO plugin v27.5 - https:\/\/yoast.com\/product\/yoast-seo-wordpress\/ -->\n<title>Signature \u00e0 Rabat d\u2019un m\u00e9morandum d\u2019entente entre la Chambre des conseillers et le Conseil de la Choura d\u2019Arabie Saoudite - Dpress.ma\/fr<\/title>\n<meta name=\"robots\" content=\"index, follow, max-snippet:-1, max-image-preview:large, max-video-preview:-1\" \/>\n<link rel=\"canonical\" href=\"https:\/\/dpress.ma\/fr\/2022\/08\/02\/signature-a-rabat-dun-memorandum-dentente-entre-la-chambre-des-conseillers-et-le-conseil-de-la-choura-darabie-saoudite\/\" \/>\n<meta property=\"og:locale\" content=\"fr_FR\" \/>\n<meta property=\"og:type\" content=\"article\" \/>\n<meta property=\"og:title\" content=\"Signature \u00e0 Rabat d\u2019un m\u00e9morandum d\u2019entente entre la Chambre des conseillers et le Conseil de la Choura d\u2019Arabie Saoudite - Dpress.ma\/fr\" \/>\n<meta property=\"og:description\" content=\"Dpress La Chambre des conseillers et le Conseil de la Choura d\u2019Arabie Saoudite ont sign\u00e9, lundi \u00e0 Rabat, un m\u00e9morandum d\u2019entente dans le but de favoriser une coop\u00e9ration \u00e9troite et une r\u00e9activit\u00e9 permanente entre les deux institutions l\u00e9gislatives. Un communiqu\u00e9 de la deuxi\u00e8me chambre rapporte que la signature de ce m\u00e9morandum d\u2019entente, en pr\u00e9sence du &hellip;\" \/>\n<meta property=\"og:url\" content=\"https:\/\/dpress.ma\/fr\/2022\/08\/02\/signature-a-rabat-dun-memorandum-dentente-entre-la-chambre-des-conseillers-et-le-conseil-de-la-choura-darabie-saoudite\/\" \/>\n<meta property=\"og:site_name\" content=\"Dpress.ma\/fr\" \/>\n<meta property=\"article:published_time\" content=\"2022-08-02T09:44:03+00:00\" \/>\n<meta property=\"article:modified_time\" content=\"2022-08-02T09:44:05+00:00\" \/>\n<meta property=\"og:image\" content=\"https:\/\/dpress.ma\/fr\/wp-content\/uploads\/sites\/2\/2022\/08\/sdfsd.jpg\" \/>\n\t<meta property=\"og:image:width\" content=\"2539\" \/>\n\t<meta property=\"og:image:height\" content=\"1594\" \/>\n\t<meta property=\"og:image:type\" content=\"image\/jpeg\" \/>\n<meta name=\"author\" content=\"Dpress.ma\" \/>\n<meta name=\"twitter:card\" content=\"summary_large_image\" \/>\n<meta name=\"twitter:label1\" content=\"\u00c9crit par\" \/>\n\t<meta name=\"twitter:data1\" content=\"Dpress.ma\" \/>\n\t<meta name=\"twitter:label2\" content=\"Dur\u00e9e de lecture estim\u00e9e\" \/>\n\t<meta name=\"twitter:data2\" content=\"3 minutes\" \/>\n<script type=\"application\/ld+json\" class=\"yoast-schema-graph\">{\"@context\":\"https:\\\/\\\/schema.org\",\"@graph\":[{\"@type\":\"Article\",\"@id\":\"https:\\\/\\\/dpress.ma\\\/fr\\\/2022\\\/08\\\/02\\\/signature-a-rabat-dun-memorandum-dentente-entre-la-chambre-des-conseillers-et-le-conseil-de-la-choura-darabie-saoudite\\\/#article\",\"isPartOf\":{\"@id\":\"https:\\\/\\\/dpress.ma\\\/fr\\\/2022\\\/08\\\/02\\\/signature-a-rabat-dun-memorandum-dentente-entre-la-chambre-des-conseillers-et-le-conseil-de-la-choura-darabie-saoudite\\\/\"},\"author\":{\"name\":\"Dpress.ma\",\"@id\":\"https:\\\/\\\/dpress.ma\\\/fr\\\/#\\\/schema\\\/person\\\/4898febf3ccd59e6578d838656a306a0\"},\"headline\":\"Signature \u00e0 Rabat d\u2019un m\u00e9morandum d\u2019entente entre la Chambre des conseillers et le Conseil de la Choura d\u2019Arabie Saoudite\",\"datePublished\":\"2022-08-02T09:44:03+00:00\",\"dateModified\":\"2022-08-02T09:44:05+00:00\",\"mainEntityOfPage\":{\"@id\":\"https:\\\/\\\/dpress.ma\\\/fr\\\/2022\\\/08\\\/02\\\/signature-a-rabat-dun-memorandum-dentente-entre-la-chambre-des-conseillers-et-le-conseil-de-la-choura-darabie-saoudite\\\/\"},\"wordCount\":504,\"commentCount\":0,\"image\":{\"@id\":\"https:\\\/\\\/dpress.ma\\\/fr\\\/2022\\\/08\\\/02\\\/signature-a-rabat-dun-memorandum-dentente-entre-la-chambre-des-conseillers-et-le-conseil-de-la-choura-darabie-saoudite\\\/#primaryimage\"},\"thumbnailUrl\":\"https:\\\/\\\/dpress.ma\\\/fr\\\/wp-content\\\/uploads\\\/sites\\\/2\\\/2022\\\/08\\\/sdfsd.jpg\",\"articleSection\":[\"Politiques\"],\"inLanguage\":\"fr-FR\",\"potentialAction\":[{\"@type\":\"CommentAction\",\"name\":\"Comment\",\"target\":[\"https:\\\/\\\/dpress.ma\\\/fr\\\/2022\\\/08\\\/02\\\/signature-a-rabat-dun-memorandum-dentente-entre-la-chambre-des-conseillers-et-le-conseil-de-la-choura-darabie-saoudite\\\/#respond\"]}]},{\"@type\":\"WebPage\",\"@id\":\"https:\\\/\\\/dpress.ma\\\/fr\\\/2022\\\/08\\\/02\\\/signature-a-rabat-dun-memorandum-dentente-entre-la-chambre-des-conseillers-et-le-conseil-de-la-choura-darabie-saoudite\\\/\",\"url\":\"https:\\\/\\\/dpress.ma\\\/fr\\\/2022\\\/08\\\/02\\\/signature-a-rabat-dun-memorandum-dentente-entre-la-chambre-des-conseillers-et-le-conseil-de-la-choura-darabie-saoudite\\\/\",\"name\":\"Signature \u00e0 Rabat d\u2019un m\u00e9morandum d\u2019entente entre la Chambre des conseillers et le Conseil de la Choura d\u2019Arabie Saoudite - Dpress.ma\\\/fr\",\"isPartOf\":{\"@id\":\"https:\\\/\\\/dpress.ma\\\/fr\\\/#website\"},\"primaryImageOfPage\":{\"@id\":\"https:\\\/\\\/dpress.ma\\\/fr\\\/2022\\\/08\\\/02\\\/signature-a-rabat-dun-memorandum-dentente-entre-la-chambre-des-conseillers-et-le-conseil-de-la-choura-darabie-saoudite\\\/#primaryimage\"},\"image\":{\"@id\":\"https:\\\/\\\/dpress.ma\\\/fr\\\/2022\\\/08\\\/02\\\/signature-a-rabat-dun-memorandum-dentente-entre-la-chambre-des-conseillers-et-le-conseil-de-la-choura-darabie-saoudite\\\/#primaryimage\"},\"thumbnailUrl\":\"https:\\\/\\\/dpress.ma\\\/fr\\\/wp-content\\\/uploads\\\/sites\\\/2\\\/2022\\\/08\\\/sdfsd.jpg\",\"datePublished\":\"2022-08-02T09:44:03+00:00\",\"dateModified\":\"2022-08-02T09:44:05+00:00\",\"author\":{\"@id\":\"https:\\\/\\\/dpress.ma\\\/fr\\\/#\\\/schema\\\/person\\\/4898febf3ccd59e6578d838656a306a0\"},\"breadcrumb\":{\"@id\":\"https:\\\/\\\/dpress.ma\\\/fr\\\/2022\\\/08\\\/02\\\/signature-a-rabat-dun-memorandum-dentente-entre-la-chambre-des-conseillers-et-le-conseil-de-la-choura-darabie-saoudite\\\/#breadcrumb\"},\"inLanguage\":\"fr-FR\",\"potentialAction\":[{\"@type\":\"ReadAction\",\"target\":[\"https:\\\/\\\/dpress.ma\\\/fr\\\/2022\\\/08\\\/02\\\/signature-a-rabat-dun-memorandum-dentente-entre-la-chambre-des-conseillers-et-le-conseil-de-la-choura-darabie-saoudite\\\/\"]}]},{\"@type\":\"ImageObject\",\"inLanguage\":\"fr-FR\",\"@id\":\"https:\\\/\\\/dpress.ma\\\/fr\\\/2022\\\/08\\\/02\\\/signature-a-rabat-dun-memorandum-dentente-entre-la-chambre-des-conseillers-et-le-conseil-de-la-choura-darabie-saoudite\\\/#primaryimage\",\"url\":\"https:\\\/\\\/dpress.ma\\\/fr\\\/wp-content\\\/uploads\\\/sites\\\/2\\\/2022\\\/08\\\/sdfsd.jpg\",\"contentUrl\":\"https:\\\/\\\/dpress.ma\\\/fr\\\/wp-content\\\/uploads\\\/sites\\\/2\\\/2022\\\/08\\\/sdfsd.jpg\",\"width\":2539,\"height\":1594},{\"@type\":\"BreadcrumbList\",\"@id\":\"https:\\\/\\\/dpress.ma\\\/fr\\\/2022\\\/08\\\/02\\\/signature-a-rabat-dun-memorandum-dentente-entre-la-chambre-des-conseillers-et-le-conseil-de-la-choura-darabie-saoudite\\\/#breadcrumb\",\"itemListElement\":[{\"@type\":\"ListItem\",\"position\":1,\"name\":\"Home\",\"item\":\"https:\\\/\\\/dpress.ma\\\/fr\\\/\"},{\"@type\":\"ListItem\",\"position\":2,\"name\":\"Signature \u00e0 Rabat d\u2019un m\u00e9morandum d\u2019entente entre la Chambre des conseillers et le Conseil de la Choura d\u2019Arabie Saoudite\"}]},{\"@type\":\"WebSite\",\"@id\":\"https:\\\/\\\/dpress.ma\\\/fr\\\/#website\",\"url\":\"https:\\\/\\\/dpress.ma\\\/fr\\\/\",\"name\":\"Dpress.ma\\\/fr\",\"description\":\"\",\"potentialAction\":[{\"@type\":\"SearchAction\",\"target\":{\"@type\":\"EntryPoint\",\"urlTemplate\":\"https:\\\/\\\/dpress.ma\\\/fr\\\/?s={search_term_string}\"},\"query-input\":{\"@type\":\"PropertyValueSpecification\",\"valueRequired\":true,\"valueName\":\"search_term_string\"}}],\"inLanguage\":\"fr-FR\"},{\"@type\":\"Person\",\"@id\":\"https:\\\/\\\/dpress.ma\\\/fr\\\/#\\\/schema\\\/person\\\/4898febf3ccd59e6578d838656a306a0\",\"name\":\"Dpress.ma\",\"image\":{\"@type\":\"ImageObject\",\"inLanguage\":\"fr-FR\",\"@id\":\"https:\\\/\\\/secure.gravatar.com\\\/avatar\\\/72ecc30e9db047a2e0e7176561eb9d564ed77c8108376495b19bd8336405198a?s=96&d=mm&r=g\",\"url\":\"https:\\\/\\\/secure.gravatar.com\\\/avatar\\\/72ecc30e9db047a2e0e7176561eb9d564ed77c8108376495b19bd8336405198a?s=96&d=mm&r=g\",\"contentUrl\":\"https:\\\/\\\/secure.gravatar.com\\\/avatar\\\/72ecc30e9db047a2e0e7176561eb9d564ed77c8108376495b19bd8336405198a?s=96&d=mm&r=g\",\"caption\":\"Dpress.ma\"},\"sameAs\":[\"https:\\\/\\\/www.dpress.ma\"],\"url\":\"https:\\\/\\\/dpress.ma\\\/fr\\\/author\\\/dpress-ma\\\/\"}]}<\/script>\n<!-- \/ Yoast SEO plugin. -->","yoast_head_json":{"title":"Signature \u00e0 Rabat d\u2019un m\u00e9morandum d\u2019entente entre la Chambre des conseillers et le Conseil de la Choura d\u2019Arabie Saoudite - Dpress.ma\/fr","robots":{"index":"index","follow":"follow","max-snippet":"max-snippet:-1","max-image-preview":"max-image-preview:large","max-video-preview":"max-video-preview:-1"},"canonical":"https:\/\/dpress.ma\/fr\/2022\/08\/02\/signature-a-rabat-dun-memorandum-dentente-entre-la-chambre-des-conseillers-et-le-conseil-de-la-choura-darabie-saoudite\/","og_locale":"fr_FR","og_type":"article","og_title":"Signature \u00e0 Rabat d\u2019un m\u00e9morandum d\u2019entente entre la Chambre des conseillers et le Conseil de la Choura d\u2019Arabie Saoudite - Dpress.ma\/fr","og_description":"Dpress La Chambre des conseillers et le Conseil de la Choura d\u2019Arabie Saoudite ont sign\u00e9, lundi \u00e0 Rabat, un m\u00e9morandum d\u2019entente dans le but de favoriser une coop\u00e9ration \u00e9troite et une r\u00e9activit\u00e9 permanente entre les deux institutions l\u00e9gislatives. Un communiqu\u00e9 de la deuxi\u00e8me chambre rapporte que la signature de ce m\u00e9morandum d\u2019entente, en pr\u00e9sence du &hellip;","og_url":"https:\/\/dpress.ma\/fr\/2022\/08\/02\/signature-a-rabat-dun-memorandum-dentente-entre-la-chambre-des-conseillers-et-le-conseil-de-la-choura-darabie-saoudite\/","og_site_name":"Dpress.ma\/fr","article_published_time":"2022-08-02T09:44:03+00:00","article_modified_time":"2022-08-02T09:44:05+00:00","og_image":[{"width":2539,"height":1594,"url":"https:\/\/dpress.ma\/fr\/wp-content\/uploads\/sites\/2\/2022\/08\/sdfsd.jpg","type":"image\/jpeg"}],"author":"Dpress.ma","twitter_card":"summary_large_image","twitter_misc":{"\u00c9crit par":"Dpress.ma","Dur\u00e9e de lecture estim\u00e9e":"3 minutes"},"schema":{"@context":"https:\/\/schema.org","@graph":[{"@type":"Article","@id":"https:\/\/dpress.ma\/fr\/2022\/08\/02\/signature-a-rabat-dun-memorandum-dentente-entre-la-chambre-des-conseillers-et-le-conseil-de-la-choura-darabie-saoudite\/#article","isPartOf":{"@id":"https:\/\/dpress.ma\/fr\/2022\/08\/02\/signature-a-rabat-dun-memorandum-dentente-entre-la-chambre-des-conseillers-et-le-conseil-de-la-choura-darabie-saoudite\/"},"author":{"name":"Dpress.ma","@id":"https:\/\/dpress.ma\/fr\/#\/schema\/person\/4898febf3ccd59e6578d838656a306a0"},"headline":"Signature \u00e0 Rabat d\u2019un m\u00e9morandum d\u2019entente entre la Chambre des conseillers et le Conseil de la Choura d\u2019Arabie Saoudite","datePublished":"2022-08-02T09:44:03+00:00","dateModified":"2022-08-02T09:44:05+00:00","mainEntityOfPage":{"@id":"https:\/\/dpress.ma\/fr\/2022\/08\/02\/signature-a-rabat-dun-memorandum-dentente-entre-la-chambre-des-conseillers-et-le-conseil-de-la-choura-darabie-saoudite\/"},"wordCount":504,"commentCount":0,"image":{"@id":"https:\/\/dpress.ma\/fr\/2022\/08\/02\/signature-a-rabat-dun-memorandum-dentente-entre-la-chambre-des-conseillers-et-le-conseil-de-la-choura-darabie-saoudite\/#primaryimage"},"thumbnailUrl":"https:\/\/dpress.ma\/fr\/wp-content\/uploads\/sites\/2\/2022\/08\/sdfsd.jpg","articleSection":["Politiques"],"inLanguage":"fr-FR","potentialAction":[{"@type":"CommentAction","name":"Comment","target":["https:\/\/dpress.ma\/fr\/2022\/08\/02\/signature-a-rabat-dun-memorandum-dentente-entre-la-chambre-des-conseillers-et-le-conseil-de-la-choura-darabie-saoudite\/#respond"]}]},{"@type":"WebPage","@id":"https:\/\/dpress.ma\/fr\/2022\/08\/02\/signature-a-rabat-dun-memorandum-dentente-entre-la-chambre-des-conseillers-et-le-conseil-de-la-choura-darabie-saoudite\/","url":"https:\/\/dpress.ma\/fr\/2022\/08\/02\/signature-a-rabat-dun-memorandum-dentente-entre-la-chambre-des-conseillers-et-le-conseil-de-la-choura-darabie-saoudite\/","name":"Signature \u00e0 Rabat d\u2019un m\u00e9morandum d\u2019entente entre la Chambre des conseillers et le Conseil de la Choura d\u2019Arabie Saoudite - Dpress.ma\/fr","isPartOf":{"@id":"https:\/\/dpress.ma\/fr\/#website"},"primaryImageOfPage":{"@id":"https:\/\/dpress.ma\/fr\/2022\/08\/02\/signature-a-rabat-dun-memorandum-dentente-entre-la-chambre-des-conseillers-et-le-conseil-de-la-choura-darabie-saoudite\/#primaryimage"},"image":{"@id":"https:\/\/dpress.ma\/fr\/2022\/08\/02\/signature-a-rabat-dun-memorandum-dentente-entre-la-chambre-des-conseillers-et-le-conseil-de-la-choura-darabie-saoudite\/#primaryimage"},"thumbnailUrl":"https:\/\/dpress.ma\/fr\/wp-content\/uploads\/sites\/2\/2022\/08\/sdfsd.jpg","datePublished":"2022-08-02T09:44:03+00:00","dateModified":"2022-08-02T09:44:05+00:00","author":{"@id":"https:\/\/dpress.ma\/fr\/#\/schema\/person\/4898febf3ccd59e6578d838656a306a0"},"breadcrumb":{"@id":"https:\/\/dpress.ma\/fr\/2022\/08\/02\/signature-a-rabat-dun-memorandum-dentente-entre-la-chambre-des-conseillers-et-le-conseil-de-la-choura-darabie-saoudite\/#breadcrumb"},"inLanguage":"fr-FR","potentialAction":[{"@type":"ReadAction","target":["https:\/\/dpress.ma\/fr\/2022\/08\/02\/signature-a-rabat-dun-memorandum-dentente-entre-la-chambre-des-conseillers-et-le-conseil-de-la-choura-darabie-saoudite\/"]}]},{"@type":"ImageObject","inLanguage":"fr-FR","@id":"https:\/\/dpress.ma\/fr\/2022\/08\/02\/signature-a-rabat-dun-memorandum-dentente-entre-la-chambre-des-conseillers-et-le-conseil-de-la-choura-darabie-saoudite\/#primaryimage","url":"https:\/\/dpress.ma\/fr\/wp-content\/uploads\/sites\/2\/2022\/08\/sdfsd.jpg","contentUrl":"https:\/\/dpress.ma\/fr\/wp-content\/uploads\/sites\/2\/2022\/08\/sdfsd.jpg","width":2539,"height":1594},{"@type":"BreadcrumbList","@id":"https:\/\/dpress.ma\/fr\/2022\/08\/02\/signature-a-rabat-dun-memorandum-dentente-entre-la-chambre-des-conseillers-et-le-conseil-de-la-choura-darabie-saoudite\/#breadcrumb","itemListElement":[{"@type":"ListItem","position":1,"name":"Home","item":"https:\/\/dpress.ma\/fr\/"},{"@type":"ListItem","position":2,"name":"Signature \u00e0 Rabat d\u2019un m\u00e9morandum d\u2019entente entre la Chambre des conseillers et le Conseil de la Choura d\u2019Arabie Saoudite"}]},{"@type":"WebSite","@id":"https:\/\/dpress.ma\/fr\/#website","url":"https:\/\/dpress.ma\/fr\/","name":"Dpress.ma\/fr","description":"","potentialAction":[{"@type":"SearchAction","target":{"@type":"EntryPoint","urlTemplate":"https:\/\/dpress.ma\/fr\/?s={search_term_string}"},"query-input":{"@type":"PropertyValueSpecification","valueRequired":true,"valueName":"search_term_string"}}],"inLanguage":"fr-FR"},{"@type":"Person","@id":"https:\/\/dpress.ma\/fr\/#\/schema\/person\/4898febf3ccd59e6578d838656a306a0","name":"Dpress.ma","image":{"@type":"ImageObject","inLanguage":"fr-FR","@id":"https:\/\/secure.gravatar.com\/avatar\/72ecc30e9db047a2e0e7176561eb9d564ed77c8108376495b19bd8336405198a?s=96&d=mm&r=g","url":"https:\/\/secure.gravatar.com\/avatar\/72ecc30e9db047a2e0e7176561eb9d564ed77c8108376495b19bd8336405198a?s=96&d=mm&r=g","contentUrl":"https:\/\/secure.gravatar.com\/avatar\/72ecc30e9db047a2e0e7176561eb9d564ed77c8108376495b19bd8336405198a?s=96&d=mm&r=g","caption":"Dpress.ma"},"sameAs":["https:\/\/www.dpress.ma"],"url":"https:\/\/dpress.ma\/fr\/author\/dpress-ma\/"}]}},"amp_enabled":true,"_links":{"self":[{"href":"https:\/\/dpress.ma\/fr\/wp-json\/wp\/v2\/posts\/2067","targetHints":{"allow":["GET"]}}],"collection":[{"href":"https:\/\/dpress.ma\/fr\/wp-json\/wp\/v2\/posts"}],"about":[{"href":"https:\/\/dpress.ma\/fr\/wp-json\/wp\/v2\/types\/post"}],"author":[{"embeddable":true,"href":"https:\/\/dpress.ma\/fr\/wp-json\/wp\/v2\/users\/2"}],"replies":[{"embeddable":true,"href":"https:\/\/dpress.ma\/fr\/wp-json\/wp\/v2\/comments?post=2067"}],"version-history":[{"count":1,"href":"https:\/\/dpress.ma\/fr\/wp-json\/wp\/v2\/posts\/2067\/revisions"}],"predecessor-version":[{"id":2069,"href":"https:\/\/dpress.ma\/fr\/wp-json\/wp\/v2\/posts\/2067\/revisions\/2069"}],"wp:featuredmedia":[{"embeddable":true,"href":"https:\/\/dpress.ma\/fr\/wp-json\/wp\/v2\/media\/2068"}],"wp:attachment":[{"href":"https:\/\/dpress.ma\/fr\/wp-json\/wp\/v2\/media?parent=2067"}],"wp:term":[{"taxonomy":"category","embeddable":true,"href":"https:\/\/dpress.ma\/fr\/wp-json\/wp\/v2\/categories?post=2067"},{"taxonomy":"post_tag","embeddable":true,"href":"https:\/\/dpress.ma\/fr\/wp-json\/wp\/v2\/tags?post=2067"}],"curies":[{"name":"wp","href":"https:\/\/api.w.org\/{rel}","templated":true}]}}