{"id":2041,"date":"2022-07-30T11:06:23","date_gmt":"2022-07-30T11:06:23","guid":{"rendered":"https:\/\/dpress.ma\/fr\/?p=2041"},"modified":"2022-07-30T11:06:24","modified_gmt":"2022-07-30T11:06:24","slug":"fete-du-trone-message-de-felicitations-a-sm-le-roi-de-la-gouverneure-generale-du-canada","status":"publish","type":"post","link":"https:\/\/dpress.ma\/fr\/2022\/07\/30\/fete-du-trone-message-de-felicitations-a-sm-le-roi-de-la-gouverneure-generale-du-canada\/","title":{"rendered":"F\u00eate du Tr\u00f4ne: Message de f\u00e9licitations \u00e0 SM le Roi de la Gouverneure g\u00e9n\u00e9rale du Canada"},"content":{"rendered":"\n<p>Dpress<\/p>\n\n\n\n<p>Sa Majest\u00e9 le Roi Mohammed VI a re\u00e7u un message de f\u00e9licitations de la Gouverneure g\u00e9n\u00e9rale du Canada, Mme Mary May Simon, \u00e0 l\u2019occasion du 23\u00e8me anniversaire de l\u2019accession du Souverain au Tr\u00f4ne de Ses glorieux anc\u00eatres.<\/p>\n\n\n\n<p>Dans ce message, Mme Simon exprime, au nom des Canadiennes et des Canadiens, ses meilleurs v\u0153ux \u00e0 SM le Roi et au peuple marocain.<\/p>\n\n\n\n<p>Elle saisit cette occasion pour rappeler la grande importance qu\u2019accorde le Canada aux liens culturels et \u00e9conomiques qui unissent les deux pays et les deux peuples, ainsi \u201cqu\u2019\u00e0 notre collaboration en faveur de la stabilit\u00e9\u201d.<\/p>\n\n\n\n<p>Elle souligne, en outre, que cette ann\u00e9e co\u00efncide avec le 60\u00e8me anniversaire de l\u2019\u00e9tablissement des relations diplomatiques entre le Canada et le Royaume du Maroc, et se r\u00e9jouit que ces relations soient aussi chaleureuses et durables.<\/p>\n","protected":false},"excerpt":{"rendered":"<p>Dpress Sa Majest\u00e9 le Roi Mohammed VI a re\u00e7u un message de f\u00e9licitations de la Gouverneure g\u00e9n\u00e9rale du Canada, Mme Mary May Simon, \u00e0 l\u2019occasion du 23\u00e8me anniversaire de l\u2019accession du Souverain au Tr\u00f4ne de Ses glorieux anc\u00eatres. Dans ce message, Mme Simon exprime, au nom des Canadiennes et des Canadiens, ses meilleurs v\u0153ux \u00e0 &hellip;<\/p>\n","protected":false},"author":2,"featured_media":1859,"comment_status":"open","ping_status":"open","sticky":false,"template":"","format":"standard","meta":{"footnotes":""},"categories":[29],"tags":[],"class_list":["post-2041","post","type-post","status-publish","format-standard","has-post-thumbnail","hentry","category-activites-royales"],"yoast_head":"<!-- This site is optimized with the Yoast SEO plugin v27.5 - https:\/\/yoast.com\/product\/yoast-seo-wordpress\/ -->\n<title>F\u00eate du Tr\u00f4ne: Message de f\u00e9licitations \u00e0 SM le Roi de la Gouverneure g\u00e9n\u00e9rale du Canada - Dpress.ma\/fr<\/title>\n<meta name=\"robots\" content=\"index, follow, max-snippet:-1, max-image-preview:large, max-video-preview:-1\" \/>\n<link rel=\"canonical\" href=\"https:\/\/dpress.ma\/fr\/2022\/07\/30\/fete-du-trone-message-de-felicitations-a-sm-le-roi-de-la-gouverneure-generale-du-canada\/\" \/>\n<meta property=\"og:locale\" content=\"fr_FR\" \/>\n<meta property=\"og:type\" content=\"article\" \/>\n<meta property=\"og:title\" content=\"F\u00eate du Tr\u00f4ne: Message de f\u00e9licitations \u00e0 SM le Roi de la Gouverneure g\u00e9n\u00e9rale du Canada - Dpress.ma\/fr\" \/>\n<meta property=\"og:description\" content=\"Dpress Sa Majest\u00e9 le Roi Mohammed VI a re\u00e7u un message de f\u00e9licitations de la Gouverneure g\u00e9n\u00e9rale du Canada, Mme Mary May Simon, \u00e0 l\u2019occasion du 23\u00e8me anniversaire de l\u2019accession du Souverain au Tr\u00f4ne de Ses glorieux anc\u00eatres. Dans ce message, Mme Simon exprime, au nom des Canadiennes et des Canadiens, ses meilleurs v\u0153ux \u00e0 &hellip;\" \/>\n<meta property=\"og:url\" content=\"https:\/\/dpress.ma\/fr\/2022\/07\/30\/fete-du-trone-message-de-felicitations-a-sm-le-roi-de-la-gouverneure-generale-du-canada\/\" \/>\n<meta property=\"og:site_name\" content=\"Dpress.ma\/fr\" \/>\n<meta property=\"article:published_time\" content=\"2022-07-30T11:06:23+00:00\" \/>\n<meta property=\"article:modified_time\" content=\"2022-07-30T11:06:24+00:00\" \/>\n<meta property=\"og:image\" content=\"https:\/\/dpress.ma\/fr\/wp-content\/uploads\/sites\/2\/2022\/07\/roi-m-6.jpg\" \/>\n\t<meta property=\"og:image:width\" content=\"2539\" \/>\n\t<meta property=\"og:image:height\" content=\"1594\" \/>\n\t<meta property=\"og:image:type\" content=\"image\/jpeg\" \/>\n<meta name=\"author\" content=\"Dpress.ma\" \/>\n<meta name=\"twitter:card\" content=\"summary_large_image\" \/>\n<meta name=\"twitter:label1\" content=\"\u00c9crit par\" \/>\n\t<meta name=\"twitter:data1\" content=\"Dpress.ma\" \/>\n\t<meta name=\"twitter:label2\" content=\"Dur\u00e9e de lecture estim\u00e9e\" \/>\n\t<meta name=\"twitter:data2\" content=\"1 minute\" \/>\n<script type=\"application\/ld+json\" class=\"yoast-schema-graph\">{\"@context\":\"https:\\\/\\\/schema.org\",\"@graph\":[{\"@type\":\"Article\",\"@id\":\"https:\\\/\\\/dpress.ma\\\/fr\\\/2022\\\/07\\\/30\\\/fete-du-trone-message-de-felicitations-a-sm-le-roi-de-la-gouverneure-generale-du-canada\\\/#article\",\"isPartOf\":{\"@id\":\"https:\\\/\\\/dpress.ma\\\/fr\\\/2022\\\/07\\\/30\\\/fete-du-trone-message-de-felicitations-a-sm-le-roi-de-la-gouverneure-generale-du-canada\\\/\"},\"author\":{\"name\":\"Dpress.ma\",\"@id\":\"https:\\\/\\\/dpress.ma\\\/fr\\\/#\\\/schema\\\/person\\\/4898febf3ccd59e6578d838656a306a0\"},\"headline\":\"F\u00eate du Tr\u00f4ne: Message de f\u00e9licitations \u00e0 SM le Roi de la Gouverneure g\u00e9n\u00e9rale du Canada\",\"datePublished\":\"2022-07-30T11:06:23+00:00\",\"dateModified\":\"2022-07-30T11:06:24+00:00\",\"mainEntityOfPage\":{\"@id\":\"https:\\\/\\\/dpress.ma\\\/fr\\\/2022\\\/07\\\/30\\\/fete-du-trone-message-de-felicitations-a-sm-le-roi-de-la-gouverneure-generale-du-canada\\\/\"},\"wordCount\":165,\"commentCount\":0,\"image\":{\"@id\":\"https:\\\/\\\/dpress.ma\\\/fr\\\/2022\\\/07\\\/30\\\/fete-du-trone-message-de-felicitations-a-sm-le-roi-de-la-gouverneure-generale-du-canada\\\/#primaryimage\"},\"thumbnailUrl\":\"https:\\\/\\\/dpress.ma\\\/fr\\\/wp-content\\\/uploads\\\/sites\\\/2\\\/2022\\\/07\\\/roi-m-6.jpg\",\"articleSection\":[\"Activit\u00e9s Royales\"],\"inLanguage\":\"fr-FR\",\"potentialAction\":[{\"@type\":\"CommentAction\",\"name\":\"Comment\",\"target\":[\"https:\\\/\\\/dpress.ma\\\/fr\\\/2022\\\/07\\\/30\\\/fete-du-trone-message-de-felicitations-a-sm-le-roi-de-la-gouverneure-generale-du-canada\\\/#respond\"]}]},{\"@type\":\"WebPage\",\"@id\":\"https:\\\/\\\/dpress.ma\\\/fr\\\/2022\\\/07\\\/30\\\/fete-du-trone-message-de-felicitations-a-sm-le-roi-de-la-gouverneure-generale-du-canada\\\/\",\"url\":\"https:\\\/\\\/dpress.ma\\\/fr\\\/2022\\\/07\\\/30\\\/fete-du-trone-message-de-felicitations-a-sm-le-roi-de-la-gouverneure-generale-du-canada\\\/\",\"name\":\"F\u00eate du Tr\u00f4ne: Message de f\u00e9licitations \u00e0 SM le Roi de la Gouverneure g\u00e9n\u00e9rale du Canada - Dpress.ma\\\/fr\",\"isPartOf\":{\"@id\":\"https:\\\/\\\/dpress.ma\\\/fr\\\/#website\"},\"primaryImageOfPage\":{\"@id\":\"https:\\\/\\\/dpress.ma\\\/fr\\\/2022\\\/07\\\/30\\\/fete-du-trone-message-de-felicitations-a-sm-le-roi-de-la-gouverneure-generale-du-canada\\\/#primaryimage\"},\"image\":{\"@id\":\"https:\\\/\\\/dpress.ma\\\/fr\\\/2022\\\/07\\\/30\\\/fete-du-trone-message-de-felicitations-a-sm-le-roi-de-la-gouverneure-generale-du-canada\\\/#primaryimage\"},\"thumbnailUrl\":\"https:\\\/\\\/dpress.ma\\\/fr\\\/wp-content\\\/uploads\\\/sites\\\/2\\\/2022\\\/07\\\/roi-m-6.jpg\",\"datePublished\":\"2022-07-30T11:06:23+00:00\",\"dateModified\":\"2022-07-30T11:06:24+00:00\",\"author\":{\"@id\":\"https:\\\/\\\/dpress.ma\\\/fr\\\/#\\\/schema\\\/person\\\/4898febf3ccd59e6578d838656a306a0\"},\"breadcrumb\":{\"@id\":\"https:\\\/\\\/dpress.ma\\\/fr\\\/2022\\\/07\\\/30\\\/fete-du-trone-message-de-felicitations-a-sm-le-roi-de-la-gouverneure-generale-du-canada\\\/#breadcrumb\"},\"inLanguage\":\"fr-FR\",\"potentialAction\":[{\"@type\":\"ReadAction\",\"target\":[\"https:\\\/\\\/dpress.ma\\\/fr\\\/2022\\\/07\\\/30\\\/fete-du-trone-message-de-felicitations-a-sm-le-roi-de-la-gouverneure-generale-du-canada\\\/\"]}]},{\"@type\":\"ImageObject\",\"inLanguage\":\"fr-FR\",\"@id\":\"https:\\\/\\\/dpress.ma\\\/fr\\\/2022\\\/07\\\/30\\\/fete-du-trone-message-de-felicitations-a-sm-le-roi-de-la-gouverneure-generale-du-canada\\\/#primaryimage\",\"url\":\"https:\\\/\\\/dpress.ma\\\/fr\\\/wp-content\\\/uploads\\\/sites\\\/2\\\/2022\\\/07\\\/roi-m-6.jpg\",\"contentUrl\":\"https:\\\/\\\/dpress.ma\\\/fr\\\/wp-content\\\/uploads\\\/sites\\\/2\\\/2022\\\/07\\\/roi-m-6.jpg\",\"width\":2539,\"height\":1594},{\"@type\":\"BreadcrumbList\",\"@id\":\"https:\\\/\\\/dpress.ma\\\/fr\\\/2022\\\/07\\\/30\\\/fete-du-trone-message-de-felicitations-a-sm-le-roi-de-la-gouverneure-generale-du-canada\\\/#breadcrumb\",\"itemListElement\":[{\"@type\":\"ListItem\",\"position\":1,\"name\":\"Home\",\"item\":\"https:\\\/\\\/dpress.ma\\\/fr\\\/\"},{\"@type\":\"ListItem\",\"position\":2,\"name\":\"F\u00eate du Tr\u00f4ne: Message de f\u00e9licitations \u00e0 SM le Roi de la Gouverneure g\u00e9n\u00e9rale du Canada\"}]},{\"@type\":\"WebSite\",\"@id\":\"https:\\\/\\\/dpress.ma\\\/fr\\\/#website\",\"url\":\"https:\\\/\\\/dpress.ma\\\/fr\\\/\",\"name\":\"Dpress.ma\\\/fr\",\"description\":\"\",\"potentialAction\":[{\"@type\":\"SearchAction\",\"target\":{\"@type\":\"EntryPoint\",\"urlTemplate\":\"https:\\\/\\\/dpress.ma\\\/fr\\\/?s={search_term_string}\"},\"query-input\":{\"@type\":\"PropertyValueSpecification\",\"valueRequired\":true,\"valueName\":\"search_term_string\"}}],\"inLanguage\":\"fr-FR\"},{\"@type\":\"Person\",\"@id\":\"https:\\\/\\\/dpress.ma\\\/fr\\\/#\\\/schema\\\/person\\\/4898febf3ccd59e6578d838656a306a0\",\"name\":\"Dpress.ma\",\"image\":{\"@type\":\"ImageObject\",\"inLanguage\":\"fr-FR\",\"@id\":\"https:\\\/\\\/secure.gravatar.com\\\/avatar\\\/72ecc30e9db047a2e0e7176561eb9d564ed77c8108376495b19bd8336405198a?s=96&d=mm&r=g\",\"url\":\"https:\\\/\\\/secure.gravatar.com\\\/avatar\\\/72ecc30e9db047a2e0e7176561eb9d564ed77c8108376495b19bd8336405198a?s=96&d=mm&r=g\",\"contentUrl\":\"https:\\\/\\\/secure.gravatar.com\\\/avatar\\\/72ecc30e9db047a2e0e7176561eb9d564ed77c8108376495b19bd8336405198a?s=96&d=mm&r=g\",\"caption\":\"Dpress.ma\"},\"sameAs\":[\"https:\\\/\\\/www.dpress.ma\"],\"url\":\"https:\\\/\\\/dpress.ma\\\/fr\\\/author\\\/dpress-ma\\\/\"}]}<\/script>\n<!-- \/ Yoast SEO plugin. -->","yoast_head_json":{"title":"F\u00eate du Tr\u00f4ne: Message de f\u00e9licitations \u00e0 SM le Roi de la Gouverneure g\u00e9n\u00e9rale du Canada - Dpress.ma\/fr","robots":{"index":"index","follow":"follow","max-snippet":"max-snippet:-1","max-image-preview":"max-image-preview:large","max-video-preview":"max-video-preview:-1"},"canonical":"https:\/\/dpress.ma\/fr\/2022\/07\/30\/fete-du-trone-message-de-felicitations-a-sm-le-roi-de-la-gouverneure-generale-du-canada\/","og_locale":"fr_FR","og_type":"article","og_title":"F\u00eate du Tr\u00f4ne: Message de f\u00e9licitations \u00e0 SM le Roi de la Gouverneure g\u00e9n\u00e9rale du Canada - Dpress.ma\/fr","og_description":"Dpress Sa Majest\u00e9 le Roi Mohammed VI a re\u00e7u un message de f\u00e9licitations de la Gouverneure g\u00e9n\u00e9rale du Canada, Mme Mary May Simon, \u00e0 l\u2019occasion du 23\u00e8me anniversaire de l\u2019accession du Souverain au Tr\u00f4ne de Ses glorieux anc\u00eatres. Dans ce message, Mme Simon exprime, au nom des Canadiennes et des Canadiens, ses meilleurs v\u0153ux \u00e0 &hellip;","og_url":"https:\/\/dpress.ma\/fr\/2022\/07\/30\/fete-du-trone-message-de-felicitations-a-sm-le-roi-de-la-gouverneure-generale-du-canada\/","og_site_name":"Dpress.ma\/fr","article_published_time":"2022-07-30T11:06:23+00:00","article_modified_time":"2022-07-30T11:06:24+00:00","og_image":[{"width":2539,"height":1594,"url":"https:\/\/dpress.ma\/fr\/wp-content\/uploads\/sites\/2\/2022\/07\/roi-m-6.jpg","type":"image\/jpeg"}],"author":"Dpress.ma","twitter_card":"summary_large_image","twitter_misc":{"\u00c9crit par":"Dpress.ma","Dur\u00e9e de lecture estim\u00e9e":"1 minute"},"schema":{"@context":"https:\/\/schema.org","@graph":[{"@type":"Article","@id":"https:\/\/dpress.ma\/fr\/2022\/07\/30\/fete-du-trone-message-de-felicitations-a-sm-le-roi-de-la-gouverneure-generale-du-canada\/#article","isPartOf":{"@id":"https:\/\/dpress.ma\/fr\/2022\/07\/30\/fete-du-trone-message-de-felicitations-a-sm-le-roi-de-la-gouverneure-generale-du-canada\/"},"author":{"name":"Dpress.ma","@id":"https:\/\/dpress.ma\/fr\/#\/schema\/person\/4898febf3ccd59e6578d838656a306a0"},"headline":"F\u00eate du Tr\u00f4ne: Message de f\u00e9licitations \u00e0 SM le Roi de la Gouverneure g\u00e9n\u00e9rale du Canada","datePublished":"2022-07-30T11:06:23+00:00","dateModified":"2022-07-30T11:06:24+00:00","mainEntityOfPage":{"@id":"https:\/\/dpress.ma\/fr\/2022\/07\/30\/fete-du-trone-message-de-felicitations-a-sm-le-roi-de-la-gouverneure-generale-du-canada\/"},"wordCount":165,"commentCount":0,"image":{"@id":"https:\/\/dpress.ma\/fr\/2022\/07\/30\/fete-du-trone-message-de-felicitations-a-sm-le-roi-de-la-gouverneure-generale-du-canada\/#primaryimage"},"thumbnailUrl":"https:\/\/dpress.ma\/fr\/wp-content\/uploads\/sites\/2\/2022\/07\/roi-m-6.jpg","articleSection":["Activit\u00e9s Royales"],"inLanguage":"fr-FR","potentialAction":[{"@type":"CommentAction","name":"Comment","target":["https:\/\/dpress.ma\/fr\/2022\/07\/30\/fete-du-trone-message-de-felicitations-a-sm-le-roi-de-la-gouverneure-generale-du-canada\/#respond"]}]},{"@type":"WebPage","@id":"https:\/\/dpress.ma\/fr\/2022\/07\/30\/fete-du-trone-message-de-felicitations-a-sm-le-roi-de-la-gouverneure-generale-du-canada\/","url":"https:\/\/dpress.ma\/fr\/2022\/07\/30\/fete-du-trone-message-de-felicitations-a-sm-le-roi-de-la-gouverneure-generale-du-canada\/","name":"F\u00eate du Tr\u00f4ne: Message de f\u00e9licitations \u00e0 SM le Roi de la Gouverneure g\u00e9n\u00e9rale du Canada - Dpress.ma\/fr","isPartOf":{"@id":"https:\/\/dpress.ma\/fr\/#website"},"primaryImageOfPage":{"@id":"https:\/\/dpress.ma\/fr\/2022\/07\/30\/fete-du-trone-message-de-felicitations-a-sm-le-roi-de-la-gouverneure-generale-du-canada\/#primaryimage"},"image":{"@id":"https:\/\/dpress.ma\/fr\/2022\/07\/30\/fete-du-trone-message-de-felicitations-a-sm-le-roi-de-la-gouverneure-generale-du-canada\/#primaryimage"},"thumbnailUrl":"https:\/\/dpress.ma\/fr\/wp-content\/uploads\/sites\/2\/2022\/07\/roi-m-6.jpg","datePublished":"2022-07-30T11:06:23+00:00","dateModified":"2022-07-30T11:06:24+00:00","author":{"@id":"https:\/\/dpress.ma\/fr\/#\/schema\/person\/4898febf3ccd59e6578d838656a306a0"},"breadcrumb":{"@id":"https:\/\/dpress.ma\/fr\/2022\/07\/30\/fete-du-trone-message-de-felicitations-a-sm-le-roi-de-la-gouverneure-generale-du-canada\/#breadcrumb"},"inLanguage":"fr-FR","potentialAction":[{"@type":"ReadAction","target":["https:\/\/dpress.ma\/fr\/2022\/07\/30\/fete-du-trone-message-de-felicitations-a-sm-le-roi-de-la-gouverneure-generale-du-canada\/"]}]},{"@type":"ImageObject","inLanguage":"fr-FR","@id":"https:\/\/dpress.ma\/fr\/2022\/07\/30\/fete-du-trone-message-de-felicitations-a-sm-le-roi-de-la-gouverneure-generale-du-canada\/#primaryimage","url":"https:\/\/dpress.ma\/fr\/wp-content\/uploads\/sites\/2\/2022\/07\/roi-m-6.jpg","contentUrl":"https:\/\/dpress.ma\/fr\/wp-content\/uploads\/sites\/2\/2022\/07\/roi-m-6.jpg","width":2539,"height":1594},{"@type":"BreadcrumbList","@id":"https:\/\/dpress.ma\/fr\/2022\/07\/30\/fete-du-trone-message-de-felicitations-a-sm-le-roi-de-la-gouverneure-generale-du-canada\/#breadcrumb","itemListElement":[{"@type":"ListItem","position":1,"name":"Home","item":"https:\/\/dpress.ma\/fr\/"},{"@type":"ListItem","position":2,"name":"F\u00eate du Tr\u00f4ne: Message de f\u00e9licitations \u00e0 SM le Roi de la Gouverneure g\u00e9n\u00e9rale du Canada"}]},{"@type":"WebSite","@id":"https:\/\/dpress.ma\/fr\/#website","url":"https:\/\/dpress.ma\/fr\/","name":"Dpress.ma\/fr","description":"","potentialAction":[{"@type":"SearchAction","target":{"@type":"EntryPoint","urlTemplate":"https:\/\/dpress.ma\/fr\/?s={search_term_string}"},"query-input":{"@type":"PropertyValueSpecification","valueRequired":true,"valueName":"search_term_string"}}],"inLanguage":"fr-FR"},{"@type":"Person","@id":"https:\/\/dpress.ma\/fr\/#\/schema\/person\/4898febf3ccd59e6578d838656a306a0","name":"Dpress.ma","image":{"@type":"ImageObject","inLanguage":"fr-FR","@id":"https:\/\/secure.gravatar.com\/avatar\/72ecc30e9db047a2e0e7176561eb9d564ed77c8108376495b19bd8336405198a?s=96&d=mm&r=g","url":"https:\/\/secure.gravatar.com\/avatar\/72ecc30e9db047a2e0e7176561eb9d564ed77c8108376495b19bd8336405198a?s=96&d=mm&r=g","contentUrl":"https:\/\/secure.gravatar.com\/avatar\/72ecc30e9db047a2e0e7176561eb9d564ed77c8108376495b19bd8336405198a?s=96&d=mm&r=g","caption":"Dpress.ma"},"sameAs":["https:\/\/www.dpress.ma"],"url":"https:\/\/dpress.ma\/fr\/author\/dpress-ma\/"}]}},"amp_enabled":true,"_links":{"self":[{"href":"https:\/\/dpress.ma\/fr\/wp-json\/wp\/v2\/posts\/2041","targetHints":{"allow":["GET"]}}],"collection":[{"href":"https:\/\/dpress.ma\/fr\/wp-json\/wp\/v2\/posts"}],"about":[{"href":"https:\/\/dpress.ma\/fr\/wp-json\/wp\/v2\/types\/post"}],"author":[{"embeddable":true,"href":"https:\/\/dpress.ma\/fr\/wp-json\/wp\/v2\/users\/2"}],"replies":[{"embeddable":true,"href":"https:\/\/dpress.ma\/fr\/wp-json\/wp\/v2\/comments?post=2041"}],"version-history":[{"count":1,"href":"https:\/\/dpress.ma\/fr\/wp-json\/wp\/v2\/posts\/2041\/revisions"}],"predecessor-version":[{"id":2042,"href":"https:\/\/dpress.ma\/fr\/wp-json\/wp\/v2\/posts\/2041\/revisions\/2042"}],"wp:featuredmedia":[{"embeddable":true,"href":"https:\/\/dpress.ma\/fr\/wp-json\/wp\/v2\/media\/1859"}],"wp:attachment":[{"href":"https:\/\/dpress.ma\/fr\/wp-json\/wp\/v2\/media?parent=2041"}],"wp:term":[{"taxonomy":"category","embeddable":true,"href":"https:\/\/dpress.ma\/fr\/wp-json\/wp\/v2\/categories?post=2041"},{"taxonomy":"post_tag","embeddable":true,"href":"https:\/\/dpress.ma\/fr\/wp-json\/wp\/v2\/tags?post=2041"}],"curies":[{"name":"wp","href":"https:\/\/api.w.org\/{rel}","templated":true}]}}