{"id":1986,"date":"2022-07-26T14:25:03","date_gmt":"2022-07-26T14:25:03","guid":{"rendered":"https:\/\/dpress.ma\/fr\/?p=1986"},"modified":"2022-07-26T14:25:05","modified_gmt":"2022-07-26T14:25:05","slug":"la-chambre-des-representants-adopte-a-lunanimite-un-projet-de-loi-modifiant-et-completant-le-dahir-portant-statut-general-de-la-fonction-publique","status":"publish","type":"post","link":"https:\/\/dpress.ma\/fr\/2022\/07\/26\/la-chambre-des-representants-adopte-a-lunanimite-un-projet-de-loi-modifiant-et-completant-le-dahir-portant-statut-general-de-la-fonction-publique\/","title":{"rendered":"La Chambre des Repr\u00e9sentants adopte \u00e0 l\u2019unanimit\u00e9 un projet de loi  modifiant et compl\u00e9tant le Dahir portant statut g\u00e9n\u00e9ral de la fonction  publique"},"content":{"rendered":"\n<p>Dpress<\/p>\n\n\n\n<p>La Chambre des Repr\u00e9sentants a adopt\u00e9, lundi \u00e0 l\u2019unanimit\u00e9, le projet de loi n\u00b0 30.22 modifiant et compl\u00e9tant le Dahir n\u00b0 1.58.008 publi\u00e9 le 04 Ch\u00e2abane 1377 (24 f\u00e9vrier 1958), portant statut g\u00e9n\u00e9ral de la fonction publique.<\/p>\n\n\n\n<p>Pr\u00e9sentant ce projet de loi, la ministre d\u00e9l\u00e9gu\u00e9e charg\u00e9e de la Transition num\u00e9rique et de la R\u00e9forme de l\u2019Administration, Ghita Mezzour, a indiqu\u00e9 que ce texte intervient en application de l\u2019accord d\u2019avril 2022 sign\u00e9 avec les Centrales syndicales les plus repr\u00e9sentatives, dans le cadre de la consolidation du dialogue et de la concertation avec les partenaires sociaux.<\/p>\n\n\n\n<p>Elle a soulign\u00e9 que ce projet de loi vise \u00e0 modifier et \u00e0 compl\u00e9ter les dispositions des articles 38, 39 et 46 du Dahir n\u00b0 1.58.008, en pr\u00e9voyant de nouvelles dispositions qui pr\u00e9voient que le fonctionnaire (homme) qui vient d\u2019avoir un nouveau-n\u00e9 b\u00e9n\u00e9ficiera d\u2019un cong\u00e9 de paternit\u00e9 de 15 jours r\u00e9mun\u00e9r\u00e9s et que le fonctionnaire qui prend en charge un enfant de moins de 24 mois dans le cadre de l\u2019institution de la Kafala b\u00e9n\u00e9ficiera d\u2019un cong\u00e9 de 15 jours r\u00e9mun\u00e9r\u00e9s, conform\u00e9ment aux textes l\u00e9gislatifs et r\u00e9glementaires en vigueur.<\/p>\n\n\n\n<p>La fonctionnaire (femme) qui prend en charge un enfant de moins de 24 mois dans le cadre de l\u2019institution de la Kafala b\u00e9n\u00e9ficiera \u00e9galement d\u2019un cong\u00e9 de 14 semaines r\u00e9mun\u00e9r\u00e9s, conform\u00e9ment aux textes l\u00e9gislatifs et r\u00e9glementaires en vigueur, a-t-elle poursuivi.<\/p>\n\n\n\n<p>Le texte dispose aussi que la fonctionnaire qui a donn\u00e9 naissance \u00e0 un enfant ou qui a en charge un enfant dans le cadre de l\u2019institution de la Kafala b\u00e9n\u00e9ficiera d\u2019une autorisation d\u2019allaitement fix\u00e9e \u00e0 une heure par jour, \u00e0 partir de l\u2019arriv\u00e9e \u00e0 \u00e9ch\u00e9ance du cong\u00e9 de maternit\u00e9 ou de la kafala, jusqu\u2019\u00e0 ce que le nouveau-n\u00e9 ou l\u2019enfant en garde atteigne l\u2019\u00e2ge de 24 mois, selon la ministre.<\/p>\n\n\n\n<p>Ce projet de loi s\u2019inscrit dans le cadre de la volont\u00e9 de promouvoir les droits des salari\u00e9s, hommes et femmes, et de leur permettre de concilier entre vie professionnelle et priv\u00e9e, conform\u00e9ment au principe de co-responsabilit\u00e9 sur lequel repose la famille marocaine et au contenu de la Convention internationale n\u00b0 183 concernant la r\u00e9vision de la Convention sur la protection de la maternit\u00e9, adopt\u00e9e par la 88\u00e8me Conf\u00e9rence g\u00e9n\u00e9rale de l\u2019Organisation internationale du travail et ratifi\u00e9e par le Maroc le 13 avril 2011.<\/p>\n","protected":false},"excerpt":{"rendered":"<p>Dpress La Chambre des Repr\u00e9sentants a adopt\u00e9, lundi \u00e0 l\u2019unanimit\u00e9, le projet de loi n\u00b0 30.22 modifiant et compl\u00e9tant le Dahir n\u00b0 1.58.008 publi\u00e9 le 04 Ch\u00e2abane 1377 (24 f\u00e9vrier 1958), portant statut g\u00e9n\u00e9ral de la fonction publique. Pr\u00e9sentant ce projet de loi, la ministre d\u00e9l\u00e9gu\u00e9e charg\u00e9e de la Transition num\u00e9rique et de la R\u00e9forme &hellip;<\/p>\n","protected":false},"author":2,"featured_media":1987,"comment_status":"open","ping_status":"open","sticky":false,"template":"","format":"standard","meta":{"footnotes":""},"categories":[34,26],"tags":[],"class_list":["post-1986","post","type-post","status-publish","format-standard","has-post-thumbnail","hentry","category-diplomatie-parlementaire","category-politiques"],"yoast_head":"<!-- This site is optimized with the Yoast SEO plugin v27.5 - https:\/\/yoast.com\/product\/yoast-seo-wordpress\/ -->\n<title>La Chambre des Repr\u00e9sentants adopte \u00e0 l\u2019unanimit\u00e9 un projet de loi modifiant et compl\u00e9tant le Dahir portant statut g\u00e9n\u00e9ral de la fonction publique - Dpress.ma\/fr<\/title>\n<meta name=\"robots\" content=\"index, follow, max-snippet:-1, max-image-preview:large, max-video-preview:-1\" \/>\n<link rel=\"canonical\" href=\"https:\/\/dpress.ma\/fr\/2022\/07\/26\/la-chambre-des-representants-adopte-a-lunanimite-un-projet-de-loi-modifiant-et-completant-le-dahir-portant-statut-general-de-la-fonction-publique\/\" \/>\n<meta property=\"og:locale\" content=\"fr_FR\" \/>\n<meta property=\"og:type\" content=\"article\" \/>\n<meta property=\"og:title\" content=\"La Chambre des Repr\u00e9sentants adopte \u00e0 l\u2019unanimit\u00e9 un projet de loi modifiant et compl\u00e9tant le Dahir portant statut g\u00e9n\u00e9ral de la fonction publique - Dpress.ma\/fr\" \/>\n<meta property=\"og:description\" content=\"Dpress La Chambre des Repr\u00e9sentants a adopt\u00e9, lundi \u00e0 l\u2019unanimit\u00e9, le projet de loi n\u00b0 30.22 modifiant et compl\u00e9tant le Dahir n\u00b0 1.58.008 publi\u00e9 le 04 Ch\u00e2abane 1377 (24 f\u00e9vrier 1958), portant statut g\u00e9n\u00e9ral de la fonction publique. Pr\u00e9sentant ce projet de loi, la ministre d\u00e9l\u00e9gu\u00e9e charg\u00e9e de la Transition num\u00e9rique et de la R\u00e9forme &hellip;\" \/>\n<meta property=\"og:url\" content=\"https:\/\/dpress.ma\/fr\/2022\/07\/26\/la-chambre-des-representants-adopte-a-lunanimite-un-projet-de-loi-modifiant-et-completant-le-dahir-portant-statut-general-de-la-fonction-publique\/\" \/>\n<meta property=\"og:site_name\" content=\"Dpress.ma\/fr\" \/>\n<meta property=\"article:published_time\" content=\"2022-07-26T14:25:03+00:00\" \/>\n<meta property=\"article:modified_time\" content=\"2022-07-26T14:25:05+00:00\" \/>\n<meta property=\"og:image\" content=\"https:\/\/dpress.ma\/fr\/wp-content\/uploads\/sites\/2\/2022\/07\/qxcxqc.jpg\" \/>\n\t<meta property=\"og:image:width\" content=\"2539\" \/>\n\t<meta property=\"og:image:height\" content=\"1594\" \/>\n\t<meta property=\"og:image:type\" content=\"image\/jpeg\" \/>\n<meta name=\"author\" content=\"Dpress.ma\" \/>\n<meta name=\"twitter:card\" content=\"summary_large_image\" \/>\n<meta name=\"twitter:label1\" content=\"\u00c9crit par\" \/>\n\t<meta name=\"twitter:data1\" content=\"Dpress.ma\" \/>\n\t<meta name=\"twitter:label2\" content=\"Dur\u00e9e de lecture estim\u00e9e\" \/>\n\t<meta name=\"twitter:data2\" content=\"2 minutes\" \/>\n<script type=\"application\/ld+json\" class=\"yoast-schema-graph\">{\"@context\":\"https:\\\/\\\/schema.org\",\"@graph\":[{\"@type\":\"Article\",\"@id\":\"https:\\\/\\\/dpress.ma\\\/fr\\\/2022\\\/07\\\/26\\\/la-chambre-des-representants-adopte-a-lunanimite-un-projet-de-loi-modifiant-et-completant-le-dahir-portant-statut-general-de-la-fonction-publique\\\/#article\",\"isPartOf\":{\"@id\":\"https:\\\/\\\/dpress.ma\\\/fr\\\/2022\\\/07\\\/26\\\/la-chambre-des-representants-adopte-a-lunanimite-un-projet-de-loi-modifiant-et-completant-le-dahir-portant-statut-general-de-la-fonction-publique\\\/\"},\"author\":{\"name\":\"Dpress.ma\",\"@id\":\"https:\\\/\\\/dpress.ma\\\/fr\\\/#\\\/schema\\\/person\\\/4898febf3ccd59e6578d838656a306a0\"},\"headline\":\"La Chambre des Repr\u00e9sentants adopte \u00e0 l\u2019unanimit\u00e9 un projet de loi modifiant et compl\u00e9tant le Dahir portant statut g\u00e9n\u00e9ral de la fonction publique\",\"datePublished\":\"2022-07-26T14:25:03+00:00\",\"dateModified\":\"2022-07-26T14:25:05+00:00\",\"mainEntityOfPage\":{\"@id\":\"https:\\\/\\\/dpress.ma\\\/fr\\\/2022\\\/07\\\/26\\\/la-chambre-des-representants-adopte-a-lunanimite-un-projet-de-loi-modifiant-et-completant-le-dahir-portant-statut-general-de-la-fonction-publique\\\/\"},\"wordCount\":447,\"commentCount\":0,\"image\":{\"@id\":\"https:\\\/\\\/dpress.ma\\\/fr\\\/2022\\\/07\\\/26\\\/la-chambre-des-representants-adopte-a-lunanimite-un-projet-de-loi-modifiant-et-completant-le-dahir-portant-statut-general-de-la-fonction-publique\\\/#primaryimage\"},\"thumbnailUrl\":\"https:\\\/\\\/dpress.ma\\\/fr\\\/wp-content\\\/uploads\\\/sites\\\/2\\\/2022\\\/07\\\/qxcxqc.jpg\",\"articleSection\":[\"Diplomatie Parlementaire\",\"Politiques\"],\"inLanguage\":\"fr-FR\",\"potentialAction\":[{\"@type\":\"CommentAction\",\"name\":\"Comment\",\"target\":[\"https:\\\/\\\/dpress.ma\\\/fr\\\/2022\\\/07\\\/26\\\/la-chambre-des-representants-adopte-a-lunanimite-un-projet-de-loi-modifiant-et-completant-le-dahir-portant-statut-general-de-la-fonction-publique\\\/#respond\"]}]},{\"@type\":\"WebPage\",\"@id\":\"https:\\\/\\\/dpress.ma\\\/fr\\\/2022\\\/07\\\/26\\\/la-chambre-des-representants-adopte-a-lunanimite-un-projet-de-loi-modifiant-et-completant-le-dahir-portant-statut-general-de-la-fonction-publique\\\/\",\"url\":\"https:\\\/\\\/dpress.ma\\\/fr\\\/2022\\\/07\\\/26\\\/la-chambre-des-representants-adopte-a-lunanimite-un-projet-de-loi-modifiant-et-completant-le-dahir-portant-statut-general-de-la-fonction-publique\\\/\",\"name\":\"La Chambre des Repr\u00e9sentants adopte \u00e0 l\u2019unanimit\u00e9 un projet de loi modifiant et compl\u00e9tant le Dahir portant statut g\u00e9n\u00e9ral de la fonction publique - Dpress.ma\\\/fr\",\"isPartOf\":{\"@id\":\"https:\\\/\\\/dpress.ma\\\/fr\\\/#website\"},\"primaryImageOfPage\":{\"@id\":\"https:\\\/\\\/dpress.ma\\\/fr\\\/2022\\\/07\\\/26\\\/la-chambre-des-representants-adopte-a-lunanimite-un-projet-de-loi-modifiant-et-completant-le-dahir-portant-statut-general-de-la-fonction-publique\\\/#primaryimage\"},\"image\":{\"@id\":\"https:\\\/\\\/dpress.ma\\\/fr\\\/2022\\\/07\\\/26\\\/la-chambre-des-representants-adopte-a-lunanimite-un-projet-de-loi-modifiant-et-completant-le-dahir-portant-statut-general-de-la-fonction-publique\\\/#primaryimage\"},\"thumbnailUrl\":\"https:\\\/\\\/dpress.ma\\\/fr\\\/wp-content\\\/uploads\\\/sites\\\/2\\\/2022\\\/07\\\/qxcxqc.jpg\",\"datePublished\":\"2022-07-26T14:25:03+00:00\",\"dateModified\":\"2022-07-26T14:25:05+00:00\",\"author\":{\"@id\":\"https:\\\/\\\/dpress.ma\\\/fr\\\/#\\\/schema\\\/person\\\/4898febf3ccd59e6578d838656a306a0\"},\"breadcrumb\":{\"@id\":\"https:\\\/\\\/dpress.ma\\\/fr\\\/2022\\\/07\\\/26\\\/la-chambre-des-representants-adopte-a-lunanimite-un-projet-de-loi-modifiant-et-completant-le-dahir-portant-statut-general-de-la-fonction-publique\\\/#breadcrumb\"},\"inLanguage\":\"fr-FR\",\"potentialAction\":[{\"@type\":\"ReadAction\",\"target\":[\"https:\\\/\\\/dpress.ma\\\/fr\\\/2022\\\/07\\\/26\\\/la-chambre-des-representants-adopte-a-lunanimite-un-projet-de-loi-modifiant-et-completant-le-dahir-portant-statut-general-de-la-fonction-publique\\\/\"]}]},{\"@type\":\"ImageObject\",\"inLanguage\":\"fr-FR\",\"@id\":\"https:\\\/\\\/dpress.ma\\\/fr\\\/2022\\\/07\\\/26\\\/la-chambre-des-representants-adopte-a-lunanimite-un-projet-de-loi-modifiant-et-completant-le-dahir-portant-statut-general-de-la-fonction-publique\\\/#primaryimage\",\"url\":\"https:\\\/\\\/dpress.ma\\\/fr\\\/wp-content\\\/uploads\\\/sites\\\/2\\\/2022\\\/07\\\/qxcxqc.jpg\",\"contentUrl\":\"https:\\\/\\\/dpress.ma\\\/fr\\\/wp-content\\\/uploads\\\/sites\\\/2\\\/2022\\\/07\\\/qxcxqc.jpg\",\"width\":2539,\"height\":1594},{\"@type\":\"BreadcrumbList\",\"@id\":\"https:\\\/\\\/dpress.ma\\\/fr\\\/2022\\\/07\\\/26\\\/la-chambre-des-representants-adopte-a-lunanimite-un-projet-de-loi-modifiant-et-completant-le-dahir-portant-statut-general-de-la-fonction-publique\\\/#breadcrumb\",\"itemListElement\":[{\"@type\":\"ListItem\",\"position\":1,\"name\":\"Home\",\"item\":\"https:\\\/\\\/dpress.ma\\\/fr\\\/\"},{\"@type\":\"ListItem\",\"position\":2,\"name\":\"La Chambre des Repr\u00e9sentants adopte \u00e0 l\u2019unanimit\u00e9 un projet de loi modifiant et compl\u00e9tant le Dahir portant statut g\u00e9n\u00e9ral de la fonction publique\"}]},{\"@type\":\"WebSite\",\"@id\":\"https:\\\/\\\/dpress.ma\\\/fr\\\/#website\",\"url\":\"https:\\\/\\\/dpress.ma\\\/fr\\\/\",\"name\":\"Dpress.ma\\\/fr\",\"description\":\"\",\"potentialAction\":[{\"@type\":\"SearchAction\",\"target\":{\"@type\":\"EntryPoint\",\"urlTemplate\":\"https:\\\/\\\/dpress.ma\\\/fr\\\/?s={search_term_string}\"},\"query-input\":{\"@type\":\"PropertyValueSpecification\",\"valueRequired\":true,\"valueName\":\"search_term_string\"}}],\"inLanguage\":\"fr-FR\"},{\"@type\":\"Person\",\"@id\":\"https:\\\/\\\/dpress.ma\\\/fr\\\/#\\\/schema\\\/person\\\/4898febf3ccd59e6578d838656a306a0\",\"name\":\"Dpress.ma\",\"image\":{\"@type\":\"ImageObject\",\"inLanguage\":\"fr-FR\",\"@id\":\"https:\\\/\\\/secure.gravatar.com\\\/avatar\\\/72ecc30e9db047a2e0e7176561eb9d564ed77c8108376495b19bd8336405198a?s=96&d=mm&r=g\",\"url\":\"https:\\\/\\\/secure.gravatar.com\\\/avatar\\\/72ecc30e9db047a2e0e7176561eb9d564ed77c8108376495b19bd8336405198a?s=96&d=mm&r=g\",\"contentUrl\":\"https:\\\/\\\/secure.gravatar.com\\\/avatar\\\/72ecc30e9db047a2e0e7176561eb9d564ed77c8108376495b19bd8336405198a?s=96&d=mm&r=g\",\"caption\":\"Dpress.ma\"},\"sameAs\":[\"https:\\\/\\\/www.dpress.ma\"],\"url\":\"https:\\\/\\\/dpress.ma\\\/fr\\\/author\\\/dpress-ma\\\/\"}]}<\/script>\n<!-- \/ Yoast SEO plugin. -->","yoast_head_json":{"title":"La Chambre des Repr\u00e9sentants adopte \u00e0 l\u2019unanimit\u00e9 un projet de loi modifiant et compl\u00e9tant le Dahir portant statut g\u00e9n\u00e9ral de la fonction publique - Dpress.ma\/fr","robots":{"index":"index","follow":"follow","max-snippet":"max-snippet:-1","max-image-preview":"max-image-preview:large","max-video-preview":"max-video-preview:-1"},"canonical":"https:\/\/dpress.ma\/fr\/2022\/07\/26\/la-chambre-des-representants-adopte-a-lunanimite-un-projet-de-loi-modifiant-et-completant-le-dahir-portant-statut-general-de-la-fonction-publique\/","og_locale":"fr_FR","og_type":"article","og_title":"La Chambre des Repr\u00e9sentants adopte \u00e0 l\u2019unanimit\u00e9 un projet de loi modifiant et compl\u00e9tant le Dahir portant statut g\u00e9n\u00e9ral de la fonction publique - Dpress.ma\/fr","og_description":"Dpress La Chambre des Repr\u00e9sentants a adopt\u00e9, lundi \u00e0 l\u2019unanimit\u00e9, le projet de loi n\u00b0 30.22 modifiant et compl\u00e9tant le Dahir n\u00b0 1.58.008 publi\u00e9 le 04 Ch\u00e2abane 1377 (24 f\u00e9vrier 1958), portant statut g\u00e9n\u00e9ral de la fonction publique. Pr\u00e9sentant ce projet de loi, la ministre d\u00e9l\u00e9gu\u00e9e charg\u00e9e de la Transition num\u00e9rique et de la R\u00e9forme &hellip;","og_url":"https:\/\/dpress.ma\/fr\/2022\/07\/26\/la-chambre-des-representants-adopte-a-lunanimite-un-projet-de-loi-modifiant-et-completant-le-dahir-portant-statut-general-de-la-fonction-publique\/","og_site_name":"Dpress.ma\/fr","article_published_time":"2022-07-26T14:25:03+00:00","article_modified_time":"2022-07-26T14:25:05+00:00","og_image":[{"width":2539,"height":1594,"url":"https:\/\/dpress.ma\/fr\/wp-content\/uploads\/sites\/2\/2022\/07\/qxcxqc.jpg","type":"image\/jpeg"}],"author":"Dpress.ma","twitter_card":"summary_large_image","twitter_misc":{"\u00c9crit par":"Dpress.ma","Dur\u00e9e de lecture estim\u00e9e":"2 minutes"},"schema":{"@context":"https:\/\/schema.org","@graph":[{"@type":"Article","@id":"https:\/\/dpress.ma\/fr\/2022\/07\/26\/la-chambre-des-representants-adopte-a-lunanimite-un-projet-de-loi-modifiant-et-completant-le-dahir-portant-statut-general-de-la-fonction-publique\/#article","isPartOf":{"@id":"https:\/\/dpress.ma\/fr\/2022\/07\/26\/la-chambre-des-representants-adopte-a-lunanimite-un-projet-de-loi-modifiant-et-completant-le-dahir-portant-statut-general-de-la-fonction-publique\/"},"author":{"name":"Dpress.ma","@id":"https:\/\/dpress.ma\/fr\/#\/schema\/person\/4898febf3ccd59e6578d838656a306a0"},"headline":"La Chambre des Repr\u00e9sentants adopte \u00e0 l\u2019unanimit\u00e9 un projet de loi modifiant et compl\u00e9tant le Dahir portant statut g\u00e9n\u00e9ral de la fonction publique","datePublished":"2022-07-26T14:25:03+00:00","dateModified":"2022-07-26T14:25:05+00:00","mainEntityOfPage":{"@id":"https:\/\/dpress.ma\/fr\/2022\/07\/26\/la-chambre-des-representants-adopte-a-lunanimite-un-projet-de-loi-modifiant-et-completant-le-dahir-portant-statut-general-de-la-fonction-publique\/"},"wordCount":447,"commentCount":0,"image":{"@id":"https:\/\/dpress.ma\/fr\/2022\/07\/26\/la-chambre-des-representants-adopte-a-lunanimite-un-projet-de-loi-modifiant-et-completant-le-dahir-portant-statut-general-de-la-fonction-publique\/#primaryimage"},"thumbnailUrl":"https:\/\/dpress.ma\/fr\/wp-content\/uploads\/sites\/2\/2022\/07\/qxcxqc.jpg","articleSection":["Diplomatie Parlementaire","Politiques"],"inLanguage":"fr-FR","potentialAction":[{"@type":"CommentAction","name":"Comment","target":["https:\/\/dpress.ma\/fr\/2022\/07\/26\/la-chambre-des-representants-adopte-a-lunanimite-un-projet-de-loi-modifiant-et-completant-le-dahir-portant-statut-general-de-la-fonction-publique\/#respond"]}]},{"@type":"WebPage","@id":"https:\/\/dpress.ma\/fr\/2022\/07\/26\/la-chambre-des-representants-adopte-a-lunanimite-un-projet-de-loi-modifiant-et-completant-le-dahir-portant-statut-general-de-la-fonction-publique\/","url":"https:\/\/dpress.ma\/fr\/2022\/07\/26\/la-chambre-des-representants-adopte-a-lunanimite-un-projet-de-loi-modifiant-et-completant-le-dahir-portant-statut-general-de-la-fonction-publique\/","name":"La Chambre des Repr\u00e9sentants adopte \u00e0 l\u2019unanimit\u00e9 un projet de loi modifiant et compl\u00e9tant le Dahir portant statut g\u00e9n\u00e9ral de la fonction publique - Dpress.ma\/fr","isPartOf":{"@id":"https:\/\/dpress.ma\/fr\/#website"},"primaryImageOfPage":{"@id":"https:\/\/dpress.ma\/fr\/2022\/07\/26\/la-chambre-des-representants-adopte-a-lunanimite-un-projet-de-loi-modifiant-et-completant-le-dahir-portant-statut-general-de-la-fonction-publique\/#primaryimage"},"image":{"@id":"https:\/\/dpress.ma\/fr\/2022\/07\/26\/la-chambre-des-representants-adopte-a-lunanimite-un-projet-de-loi-modifiant-et-completant-le-dahir-portant-statut-general-de-la-fonction-publique\/#primaryimage"},"thumbnailUrl":"https:\/\/dpress.ma\/fr\/wp-content\/uploads\/sites\/2\/2022\/07\/qxcxqc.jpg","datePublished":"2022-07-26T14:25:03+00:00","dateModified":"2022-07-26T14:25:05+00:00","author":{"@id":"https:\/\/dpress.ma\/fr\/#\/schema\/person\/4898febf3ccd59e6578d838656a306a0"},"breadcrumb":{"@id":"https:\/\/dpress.ma\/fr\/2022\/07\/26\/la-chambre-des-representants-adopte-a-lunanimite-un-projet-de-loi-modifiant-et-completant-le-dahir-portant-statut-general-de-la-fonction-publique\/#breadcrumb"},"inLanguage":"fr-FR","potentialAction":[{"@type":"ReadAction","target":["https:\/\/dpress.ma\/fr\/2022\/07\/26\/la-chambre-des-representants-adopte-a-lunanimite-un-projet-de-loi-modifiant-et-completant-le-dahir-portant-statut-general-de-la-fonction-publique\/"]}]},{"@type":"ImageObject","inLanguage":"fr-FR","@id":"https:\/\/dpress.ma\/fr\/2022\/07\/26\/la-chambre-des-representants-adopte-a-lunanimite-un-projet-de-loi-modifiant-et-completant-le-dahir-portant-statut-general-de-la-fonction-publique\/#primaryimage","url":"https:\/\/dpress.ma\/fr\/wp-content\/uploads\/sites\/2\/2022\/07\/qxcxqc.jpg","contentUrl":"https:\/\/dpress.ma\/fr\/wp-content\/uploads\/sites\/2\/2022\/07\/qxcxqc.jpg","width":2539,"height":1594},{"@type":"BreadcrumbList","@id":"https:\/\/dpress.ma\/fr\/2022\/07\/26\/la-chambre-des-representants-adopte-a-lunanimite-un-projet-de-loi-modifiant-et-completant-le-dahir-portant-statut-general-de-la-fonction-publique\/#breadcrumb","itemListElement":[{"@type":"ListItem","position":1,"name":"Home","item":"https:\/\/dpress.ma\/fr\/"},{"@type":"ListItem","position":2,"name":"La Chambre des Repr\u00e9sentants adopte \u00e0 l\u2019unanimit\u00e9 un projet de loi modifiant et compl\u00e9tant le Dahir portant statut g\u00e9n\u00e9ral de la fonction publique"}]},{"@type":"WebSite","@id":"https:\/\/dpress.ma\/fr\/#website","url":"https:\/\/dpress.ma\/fr\/","name":"Dpress.ma\/fr","description":"","potentialAction":[{"@type":"SearchAction","target":{"@type":"EntryPoint","urlTemplate":"https:\/\/dpress.ma\/fr\/?s={search_term_string}"},"query-input":{"@type":"PropertyValueSpecification","valueRequired":true,"valueName":"search_term_string"}}],"inLanguage":"fr-FR"},{"@type":"Person","@id":"https:\/\/dpress.ma\/fr\/#\/schema\/person\/4898febf3ccd59e6578d838656a306a0","name":"Dpress.ma","image":{"@type":"ImageObject","inLanguage":"fr-FR","@id":"https:\/\/secure.gravatar.com\/avatar\/72ecc30e9db047a2e0e7176561eb9d564ed77c8108376495b19bd8336405198a?s=96&d=mm&r=g","url":"https:\/\/secure.gravatar.com\/avatar\/72ecc30e9db047a2e0e7176561eb9d564ed77c8108376495b19bd8336405198a?s=96&d=mm&r=g","contentUrl":"https:\/\/secure.gravatar.com\/avatar\/72ecc30e9db047a2e0e7176561eb9d564ed77c8108376495b19bd8336405198a?s=96&d=mm&r=g","caption":"Dpress.ma"},"sameAs":["https:\/\/www.dpress.ma"],"url":"https:\/\/dpress.ma\/fr\/author\/dpress-ma\/"}]}},"amp_enabled":true,"_links":{"self":[{"href":"https:\/\/dpress.ma\/fr\/wp-json\/wp\/v2\/posts\/1986","targetHints":{"allow":["GET"]}}],"collection":[{"href":"https:\/\/dpress.ma\/fr\/wp-json\/wp\/v2\/posts"}],"about":[{"href":"https:\/\/dpress.ma\/fr\/wp-json\/wp\/v2\/types\/post"}],"author":[{"embeddable":true,"href":"https:\/\/dpress.ma\/fr\/wp-json\/wp\/v2\/users\/2"}],"replies":[{"embeddable":true,"href":"https:\/\/dpress.ma\/fr\/wp-json\/wp\/v2\/comments?post=1986"}],"version-history":[{"count":1,"href":"https:\/\/dpress.ma\/fr\/wp-json\/wp\/v2\/posts\/1986\/revisions"}],"predecessor-version":[{"id":1988,"href":"https:\/\/dpress.ma\/fr\/wp-json\/wp\/v2\/posts\/1986\/revisions\/1988"}],"wp:featuredmedia":[{"embeddable":true,"href":"https:\/\/dpress.ma\/fr\/wp-json\/wp\/v2\/media\/1987"}],"wp:attachment":[{"href":"https:\/\/dpress.ma\/fr\/wp-json\/wp\/v2\/media?parent=1986"}],"wp:term":[{"taxonomy":"category","embeddable":true,"href":"https:\/\/dpress.ma\/fr\/wp-json\/wp\/v2\/categories?post=1986"},{"taxonomy":"post_tag","embeddable":true,"href":"https:\/\/dpress.ma\/fr\/wp-json\/wp\/v2\/tags?post=1986"}],"curies":[{"name":"wp","href":"https:\/\/api.w.org\/{rel}","templated":true}]}}