{"id":1950,"date":"2022-07-22T14:12:27","date_gmt":"2022-07-22T14:12:27","guid":{"rendered":"https:\/\/dpress.ma\/fr\/?p=1950"},"modified":"2022-07-22T14:12:28","modified_gmt":"2022-07-22T14:12:28","slug":"convention-cadre-pour-lattenuation-de-limpact-des-incendies-de-foret-dun-cout-de-290-mdh","status":"publish","type":"post","link":"https:\/\/dpress.ma\/fr\/2022\/07\/22\/convention-cadre-pour-lattenuation-de-limpact-des-incendies-de-foret-dun-cout-de-290-mdh\/","title":{"rendered":"Convention cadre pour l\u2019att\u00e9nuation de l\u2019impact des incendies de for\u00eat d\u2019un co\u00fbt de 290 MDH"},"content":{"rendered":"\n<p>Dpress<\/p>\n\n\n\n<p>En application des Hautes Directives Royales, le Chef du gouvernement, Aziz Akhannouch a pr\u00e9sid\u00e9, vendredi \u00e0 Rabat, la c\u00e9r\u00e9monie de signature d\u2019une convention cadre pour la mise en \u0153uvre d\u2019une s\u00e9rie de mesures urgentes visant \u00e0 att\u00e9nuer l\u2019impact des r\u00e9cents incendies sur l\u2019activit\u00e9 agricole et les for\u00eats, et \u00e0 apporter un soutien aux populations locales touch\u00e9es, d\u2019un co\u00fbt de 290 millions de dirhams (MDH).<\/p>\n\n\n\n<p>Cette convention cadre a \u00e9t\u00e9 sign\u00e9e par la ministre de l\u2019Economie et des Finances, Nadia Fettah Alaoui, la ministre de l\u2019Am\u00e9nagement du territoire national, de l\u2019Urbanisme, de l\u2019Habitat et de la Politique de la ville, Fatim Ezzahra El Mansouri, le ministre de l\u2019Agriculture, de la P\u00eache maritime, du D\u00e9veloppement rural et des Eaux et For\u00eats, Mohammed Sadiki, le ministre de l\u2019Inclusion Economique, de la Petite entreprise, du Travail et des Comp\u00e9tences Younes Sekkouri, le wali de la R\u00e9gion Tanger-T\u00e9touan-Al Hoceima Mohamed Mhidiya, le wali de la R\u00e9gion F\u00e8s-Mekn\u00e8s, Said Zniber, le Pr\u00e9sident du Conseil de la R\u00e9gion de Tanger-T\u00e9touan-Al Hoceima, Omar Mourou, et le Pr\u00e9sident du Conseil de la R\u00e9gion de F\u00e8s-Mekn\u00e8s Abdelouhed Al Ansari, a indiqu\u00e9 un communiqu\u00e9 du d\u00e9partement du chef du gouvernement.<\/p>\n\n\n\n<p>Cette convention, qui vise l\u2019att\u00e9nuation de l\u2019impact des incendies survenus courant juillet 2022 sur la population, comprend la prise de diff\u00e9rentes mesures, \u00e0 court et moyen termes, en vue d\u2019apporter un soutien \u00e0 la population pour la r\u00e9fection des habitations touch\u00e9es qui ont \u00e9t\u00e9 recens\u00e9es par les autorit\u00e9s publiques, de lancer des op\u00e9rations de reforestation sur quelque 9.330 hectares et de remise en valeur des arbres fruitiers touch\u00e9s, de renforcer les moyens de pr\u00e9vention et de lutte contre de nouveaux incendies et d\u2019att\u00e9nuer l\u2019impact sur les \u00e9leveurs de b\u00e9tail et les apiculteurs dans les r\u00e9gions touch\u00e9es, tout en poursuivant la mise en \u0153uvre des projets de d\u00e9veloppement \u00e9conomique int\u00e9gr\u00e9s dans les zones touch\u00e9es.<\/p>\n\n\n\n<p>La convention porte \u00e9galement sur la cr\u00e9ation de 1.000 opportunit\u00e9s d\u2019emploi suppl\u00e9mentaires dans la R\u00e9gion de Tanger-T\u00e9touan- Al Hoceima, d\u00e9di\u00e9es aux personnes touch\u00e9es et aux membres de leurs familles pour travailler dans les chantiers du programme Awrach.<\/p>\n\n\n\n<p>Cit\u00e9 par le communiqu\u00e9, le Chef du gouvernement, a affirm\u00e9 que les \u00e9quipes d\u2019intervention relevant des Forces Arm\u00e9es Royales, de la Gendarmerie Royale, des Forces Auxiliaires, de la Protection Civile et de l\u2019Agence Nationale des Eaux et For\u00eats, se sont mobilis\u00e9es, conform\u00e9ment aux Hautes Instructions Royales, pour \u00e9teindre les incendies, apporter un soutien aux populations touch\u00e9es et prot\u00e9ger leurs biens, saluant la mobilisation totale de l\u2019ensemble des intervenants pour maitriser ces incendies.<\/p>\n\n\n\n<p>Le Chef du gouvernement a appel\u00e9 tous les intervenants \u00e0 veiller \u00e0 la mise en \u0153uvre imm\u00e9diate des mesures d\u2019urgence arr\u00eat\u00e9es en vue d\u2019att\u00e9nuer l\u2019impact des incendies sur l\u2019activit\u00e9 agricole et les for\u00eats et de soutenir la population affect\u00e9e par ces sinistres survenus au cours du mois de juillet 2022.<\/p>\n","protected":false},"excerpt":{"rendered":"<p>Dpress En application des Hautes Directives Royales, le Chef du gouvernement, Aziz Akhannouch a pr\u00e9sid\u00e9, vendredi \u00e0 Rabat, la c\u00e9r\u00e9monie de signature d\u2019une convention cadre pour la mise en \u0153uvre d\u2019une s\u00e9rie de mesures urgentes visant \u00e0 att\u00e9nuer l\u2019impact des r\u00e9cents incendies sur l\u2019activit\u00e9 agricole et les for\u00eats, et \u00e0 apporter un soutien aux populations &hellip;<\/p>\n","protected":false},"author":2,"featured_media":1951,"comment_status":"open","ping_status":"open","sticky":false,"template":"","format":"standard","meta":{"footnotes":""},"categories":[26],"tags":[],"class_list":["post-1950","post","type-post","status-publish","format-standard","has-post-thumbnail","hentry","category-politiques"],"yoast_head":"<!-- This site is optimized with the Yoast SEO plugin v27.5 - https:\/\/yoast.com\/product\/yoast-seo-wordpress\/ -->\n<title>Convention cadre pour l\u2019att\u00e9nuation de l\u2019impact des incendies de for\u00eat d\u2019un co\u00fbt de 290 MDH - Dpress.ma\/fr<\/title>\n<meta name=\"robots\" content=\"index, follow, max-snippet:-1, max-image-preview:large, max-video-preview:-1\" \/>\n<link rel=\"canonical\" href=\"https:\/\/dpress.ma\/fr\/2022\/07\/22\/convention-cadre-pour-lattenuation-de-limpact-des-incendies-de-foret-dun-cout-de-290-mdh\/\" \/>\n<meta property=\"og:locale\" content=\"fr_FR\" \/>\n<meta property=\"og:type\" content=\"article\" \/>\n<meta property=\"og:title\" content=\"Convention cadre pour l\u2019att\u00e9nuation de l\u2019impact des incendies de for\u00eat d\u2019un co\u00fbt de 290 MDH - Dpress.ma\/fr\" \/>\n<meta property=\"og:description\" content=\"Dpress En application des Hautes Directives Royales, le Chef du gouvernement, Aziz Akhannouch a pr\u00e9sid\u00e9, vendredi \u00e0 Rabat, la c\u00e9r\u00e9monie de signature d\u2019une convention cadre pour la mise en \u0153uvre d\u2019une s\u00e9rie de mesures urgentes visant \u00e0 att\u00e9nuer l\u2019impact des r\u00e9cents incendies sur l\u2019activit\u00e9 agricole et les for\u00eats, et \u00e0 apporter un soutien aux populations &hellip;\" \/>\n<meta property=\"og:url\" content=\"https:\/\/dpress.ma\/fr\/2022\/07\/22\/convention-cadre-pour-lattenuation-de-limpact-des-incendies-de-foret-dun-cout-de-290-mdh\/\" \/>\n<meta property=\"og:site_name\" content=\"Dpress.ma\/fr\" \/>\n<meta property=\"article:published_time\" content=\"2022-07-22T14:12:27+00:00\" \/>\n<meta property=\"article:modified_time\" content=\"2022-07-22T14:12:28+00:00\" \/>\n<meta property=\"og:image\" content=\"https:\/\/dpress.ma\/fr\/wp-content\/uploads\/sites\/2\/2022\/07\/jhgjgh.jpg\" \/>\n\t<meta property=\"og:image:width\" content=\"2539\" \/>\n\t<meta property=\"og:image:height\" content=\"1594\" \/>\n\t<meta property=\"og:image:type\" content=\"image\/jpeg\" \/>\n<meta name=\"author\" content=\"Dpress.ma\" \/>\n<meta name=\"twitter:card\" content=\"summary_large_image\" \/>\n<meta name=\"twitter:label1\" content=\"\u00c9crit par\" \/>\n\t<meta name=\"twitter:data1\" content=\"Dpress.ma\" \/>\n\t<meta name=\"twitter:label2\" content=\"Dur\u00e9e de lecture estim\u00e9e\" \/>\n\t<meta name=\"twitter:data2\" content=\"3 minutes\" \/>\n<script type=\"application\/ld+json\" class=\"yoast-schema-graph\">{\"@context\":\"https:\\\/\\\/schema.org\",\"@graph\":[{\"@type\":\"Article\",\"@id\":\"https:\\\/\\\/dpress.ma\\\/fr\\\/2022\\\/07\\\/22\\\/convention-cadre-pour-lattenuation-de-limpact-des-incendies-de-foret-dun-cout-de-290-mdh\\\/#article\",\"isPartOf\":{\"@id\":\"https:\\\/\\\/dpress.ma\\\/fr\\\/2022\\\/07\\\/22\\\/convention-cadre-pour-lattenuation-de-limpact-des-incendies-de-foret-dun-cout-de-290-mdh\\\/\"},\"author\":{\"name\":\"Dpress.ma\",\"@id\":\"https:\\\/\\\/dpress.ma\\\/fr\\\/#\\\/schema\\\/person\\\/4898febf3ccd59e6578d838656a306a0\"},\"headline\":\"Convention cadre pour l\u2019att\u00e9nuation de l\u2019impact des incendies de for\u00eat d\u2019un co\u00fbt de 290 MDH\",\"datePublished\":\"2022-07-22T14:12:27+00:00\",\"dateModified\":\"2022-07-22T14:12:28+00:00\",\"mainEntityOfPage\":{\"@id\":\"https:\\\/\\\/dpress.ma\\\/fr\\\/2022\\\/07\\\/22\\\/convention-cadre-pour-lattenuation-de-limpact-des-incendies-de-foret-dun-cout-de-290-mdh\\\/\"},\"wordCount\":559,\"commentCount\":0,\"image\":{\"@id\":\"https:\\\/\\\/dpress.ma\\\/fr\\\/2022\\\/07\\\/22\\\/convention-cadre-pour-lattenuation-de-limpact-des-incendies-de-foret-dun-cout-de-290-mdh\\\/#primaryimage\"},\"thumbnailUrl\":\"https:\\\/\\\/dpress.ma\\\/fr\\\/wp-content\\\/uploads\\\/sites\\\/2\\\/2022\\\/07\\\/jhgjgh.jpg\",\"articleSection\":[\"Politiques\"],\"inLanguage\":\"fr-FR\",\"potentialAction\":[{\"@type\":\"CommentAction\",\"name\":\"Comment\",\"target\":[\"https:\\\/\\\/dpress.ma\\\/fr\\\/2022\\\/07\\\/22\\\/convention-cadre-pour-lattenuation-de-limpact-des-incendies-de-foret-dun-cout-de-290-mdh\\\/#respond\"]}]},{\"@type\":\"WebPage\",\"@id\":\"https:\\\/\\\/dpress.ma\\\/fr\\\/2022\\\/07\\\/22\\\/convention-cadre-pour-lattenuation-de-limpact-des-incendies-de-foret-dun-cout-de-290-mdh\\\/\",\"url\":\"https:\\\/\\\/dpress.ma\\\/fr\\\/2022\\\/07\\\/22\\\/convention-cadre-pour-lattenuation-de-limpact-des-incendies-de-foret-dun-cout-de-290-mdh\\\/\",\"name\":\"Convention cadre pour l\u2019att\u00e9nuation de l\u2019impact des incendies de for\u00eat d\u2019un co\u00fbt de 290 MDH - Dpress.ma\\\/fr\",\"isPartOf\":{\"@id\":\"https:\\\/\\\/dpress.ma\\\/fr\\\/#website\"},\"primaryImageOfPage\":{\"@id\":\"https:\\\/\\\/dpress.ma\\\/fr\\\/2022\\\/07\\\/22\\\/convention-cadre-pour-lattenuation-de-limpact-des-incendies-de-foret-dun-cout-de-290-mdh\\\/#primaryimage\"},\"image\":{\"@id\":\"https:\\\/\\\/dpress.ma\\\/fr\\\/2022\\\/07\\\/22\\\/convention-cadre-pour-lattenuation-de-limpact-des-incendies-de-foret-dun-cout-de-290-mdh\\\/#primaryimage\"},\"thumbnailUrl\":\"https:\\\/\\\/dpress.ma\\\/fr\\\/wp-content\\\/uploads\\\/sites\\\/2\\\/2022\\\/07\\\/jhgjgh.jpg\",\"datePublished\":\"2022-07-22T14:12:27+00:00\",\"dateModified\":\"2022-07-22T14:12:28+00:00\",\"author\":{\"@id\":\"https:\\\/\\\/dpress.ma\\\/fr\\\/#\\\/schema\\\/person\\\/4898febf3ccd59e6578d838656a306a0\"},\"breadcrumb\":{\"@id\":\"https:\\\/\\\/dpress.ma\\\/fr\\\/2022\\\/07\\\/22\\\/convention-cadre-pour-lattenuation-de-limpact-des-incendies-de-foret-dun-cout-de-290-mdh\\\/#breadcrumb\"},\"inLanguage\":\"fr-FR\",\"potentialAction\":[{\"@type\":\"ReadAction\",\"target\":[\"https:\\\/\\\/dpress.ma\\\/fr\\\/2022\\\/07\\\/22\\\/convention-cadre-pour-lattenuation-de-limpact-des-incendies-de-foret-dun-cout-de-290-mdh\\\/\"]}]},{\"@type\":\"ImageObject\",\"inLanguage\":\"fr-FR\",\"@id\":\"https:\\\/\\\/dpress.ma\\\/fr\\\/2022\\\/07\\\/22\\\/convention-cadre-pour-lattenuation-de-limpact-des-incendies-de-foret-dun-cout-de-290-mdh\\\/#primaryimage\",\"url\":\"https:\\\/\\\/dpress.ma\\\/fr\\\/wp-content\\\/uploads\\\/sites\\\/2\\\/2022\\\/07\\\/jhgjgh.jpg\",\"contentUrl\":\"https:\\\/\\\/dpress.ma\\\/fr\\\/wp-content\\\/uploads\\\/sites\\\/2\\\/2022\\\/07\\\/jhgjgh.jpg\",\"width\":2539,\"height\":1594},{\"@type\":\"BreadcrumbList\",\"@id\":\"https:\\\/\\\/dpress.ma\\\/fr\\\/2022\\\/07\\\/22\\\/convention-cadre-pour-lattenuation-de-limpact-des-incendies-de-foret-dun-cout-de-290-mdh\\\/#breadcrumb\",\"itemListElement\":[{\"@type\":\"ListItem\",\"position\":1,\"name\":\"Home\",\"item\":\"https:\\\/\\\/dpress.ma\\\/fr\\\/\"},{\"@type\":\"ListItem\",\"position\":2,\"name\":\"Convention cadre pour l\u2019att\u00e9nuation de l\u2019impact des incendies de for\u00eat d\u2019un co\u00fbt de 290 MDH\"}]},{\"@type\":\"WebSite\",\"@id\":\"https:\\\/\\\/dpress.ma\\\/fr\\\/#website\",\"url\":\"https:\\\/\\\/dpress.ma\\\/fr\\\/\",\"name\":\"Dpress.ma\\\/fr\",\"description\":\"\",\"potentialAction\":[{\"@type\":\"SearchAction\",\"target\":{\"@type\":\"EntryPoint\",\"urlTemplate\":\"https:\\\/\\\/dpress.ma\\\/fr\\\/?s={search_term_string}\"},\"query-input\":{\"@type\":\"PropertyValueSpecification\",\"valueRequired\":true,\"valueName\":\"search_term_string\"}}],\"inLanguage\":\"fr-FR\"},{\"@type\":\"Person\",\"@id\":\"https:\\\/\\\/dpress.ma\\\/fr\\\/#\\\/schema\\\/person\\\/4898febf3ccd59e6578d838656a306a0\",\"name\":\"Dpress.ma\",\"image\":{\"@type\":\"ImageObject\",\"inLanguage\":\"fr-FR\",\"@id\":\"https:\\\/\\\/secure.gravatar.com\\\/avatar\\\/72ecc30e9db047a2e0e7176561eb9d564ed77c8108376495b19bd8336405198a?s=96&d=mm&r=g\",\"url\":\"https:\\\/\\\/secure.gravatar.com\\\/avatar\\\/72ecc30e9db047a2e0e7176561eb9d564ed77c8108376495b19bd8336405198a?s=96&d=mm&r=g\",\"contentUrl\":\"https:\\\/\\\/secure.gravatar.com\\\/avatar\\\/72ecc30e9db047a2e0e7176561eb9d564ed77c8108376495b19bd8336405198a?s=96&d=mm&r=g\",\"caption\":\"Dpress.ma\"},\"sameAs\":[\"https:\\\/\\\/www.dpress.ma\"],\"url\":\"https:\\\/\\\/dpress.ma\\\/fr\\\/author\\\/dpress-ma\\\/\"}]}<\/script>\n<!-- \/ Yoast SEO plugin. -->","yoast_head_json":{"title":"Convention cadre pour l\u2019att\u00e9nuation de l\u2019impact des incendies de for\u00eat d\u2019un co\u00fbt de 290 MDH - Dpress.ma\/fr","robots":{"index":"index","follow":"follow","max-snippet":"max-snippet:-1","max-image-preview":"max-image-preview:large","max-video-preview":"max-video-preview:-1"},"canonical":"https:\/\/dpress.ma\/fr\/2022\/07\/22\/convention-cadre-pour-lattenuation-de-limpact-des-incendies-de-foret-dun-cout-de-290-mdh\/","og_locale":"fr_FR","og_type":"article","og_title":"Convention cadre pour l\u2019att\u00e9nuation de l\u2019impact des incendies de for\u00eat d\u2019un co\u00fbt de 290 MDH - Dpress.ma\/fr","og_description":"Dpress En application des Hautes Directives Royales, le Chef du gouvernement, Aziz Akhannouch a pr\u00e9sid\u00e9, vendredi \u00e0 Rabat, la c\u00e9r\u00e9monie de signature d\u2019une convention cadre pour la mise en \u0153uvre d\u2019une s\u00e9rie de mesures urgentes visant \u00e0 att\u00e9nuer l\u2019impact des r\u00e9cents incendies sur l\u2019activit\u00e9 agricole et les for\u00eats, et \u00e0 apporter un soutien aux populations &hellip;","og_url":"https:\/\/dpress.ma\/fr\/2022\/07\/22\/convention-cadre-pour-lattenuation-de-limpact-des-incendies-de-foret-dun-cout-de-290-mdh\/","og_site_name":"Dpress.ma\/fr","article_published_time":"2022-07-22T14:12:27+00:00","article_modified_time":"2022-07-22T14:12:28+00:00","og_image":[{"width":2539,"height":1594,"url":"https:\/\/dpress.ma\/fr\/wp-content\/uploads\/sites\/2\/2022\/07\/jhgjgh.jpg","type":"image\/jpeg"}],"author":"Dpress.ma","twitter_card":"summary_large_image","twitter_misc":{"\u00c9crit par":"Dpress.ma","Dur\u00e9e de lecture estim\u00e9e":"3 minutes"},"schema":{"@context":"https:\/\/schema.org","@graph":[{"@type":"Article","@id":"https:\/\/dpress.ma\/fr\/2022\/07\/22\/convention-cadre-pour-lattenuation-de-limpact-des-incendies-de-foret-dun-cout-de-290-mdh\/#article","isPartOf":{"@id":"https:\/\/dpress.ma\/fr\/2022\/07\/22\/convention-cadre-pour-lattenuation-de-limpact-des-incendies-de-foret-dun-cout-de-290-mdh\/"},"author":{"name":"Dpress.ma","@id":"https:\/\/dpress.ma\/fr\/#\/schema\/person\/4898febf3ccd59e6578d838656a306a0"},"headline":"Convention cadre pour l\u2019att\u00e9nuation de l\u2019impact des incendies de for\u00eat d\u2019un co\u00fbt de 290 MDH","datePublished":"2022-07-22T14:12:27+00:00","dateModified":"2022-07-22T14:12:28+00:00","mainEntityOfPage":{"@id":"https:\/\/dpress.ma\/fr\/2022\/07\/22\/convention-cadre-pour-lattenuation-de-limpact-des-incendies-de-foret-dun-cout-de-290-mdh\/"},"wordCount":559,"commentCount":0,"image":{"@id":"https:\/\/dpress.ma\/fr\/2022\/07\/22\/convention-cadre-pour-lattenuation-de-limpact-des-incendies-de-foret-dun-cout-de-290-mdh\/#primaryimage"},"thumbnailUrl":"https:\/\/dpress.ma\/fr\/wp-content\/uploads\/sites\/2\/2022\/07\/jhgjgh.jpg","articleSection":["Politiques"],"inLanguage":"fr-FR","potentialAction":[{"@type":"CommentAction","name":"Comment","target":["https:\/\/dpress.ma\/fr\/2022\/07\/22\/convention-cadre-pour-lattenuation-de-limpact-des-incendies-de-foret-dun-cout-de-290-mdh\/#respond"]}]},{"@type":"WebPage","@id":"https:\/\/dpress.ma\/fr\/2022\/07\/22\/convention-cadre-pour-lattenuation-de-limpact-des-incendies-de-foret-dun-cout-de-290-mdh\/","url":"https:\/\/dpress.ma\/fr\/2022\/07\/22\/convention-cadre-pour-lattenuation-de-limpact-des-incendies-de-foret-dun-cout-de-290-mdh\/","name":"Convention cadre pour l\u2019att\u00e9nuation de l\u2019impact des incendies de for\u00eat d\u2019un co\u00fbt de 290 MDH - Dpress.ma\/fr","isPartOf":{"@id":"https:\/\/dpress.ma\/fr\/#website"},"primaryImageOfPage":{"@id":"https:\/\/dpress.ma\/fr\/2022\/07\/22\/convention-cadre-pour-lattenuation-de-limpact-des-incendies-de-foret-dun-cout-de-290-mdh\/#primaryimage"},"image":{"@id":"https:\/\/dpress.ma\/fr\/2022\/07\/22\/convention-cadre-pour-lattenuation-de-limpact-des-incendies-de-foret-dun-cout-de-290-mdh\/#primaryimage"},"thumbnailUrl":"https:\/\/dpress.ma\/fr\/wp-content\/uploads\/sites\/2\/2022\/07\/jhgjgh.jpg","datePublished":"2022-07-22T14:12:27+00:00","dateModified":"2022-07-22T14:12:28+00:00","author":{"@id":"https:\/\/dpress.ma\/fr\/#\/schema\/person\/4898febf3ccd59e6578d838656a306a0"},"breadcrumb":{"@id":"https:\/\/dpress.ma\/fr\/2022\/07\/22\/convention-cadre-pour-lattenuation-de-limpact-des-incendies-de-foret-dun-cout-de-290-mdh\/#breadcrumb"},"inLanguage":"fr-FR","potentialAction":[{"@type":"ReadAction","target":["https:\/\/dpress.ma\/fr\/2022\/07\/22\/convention-cadre-pour-lattenuation-de-limpact-des-incendies-de-foret-dun-cout-de-290-mdh\/"]}]},{"@type":"ImageObject","inLanguage":"fr-FR","@id":"https:\/\/dpress.ma\/fr\/2022\/07\/22\/convention-cadre-pour-lattenuation-de-limpact-des-incendies-de-foret-dun-cout-de-290-mdh\/#primaryimage","url":"https:\/\/dpress.ma\/fr\/wp-content\/uploads\/sites\/2\/2022\/07\/jhgjgh.jpg","contentUrl":"https:\/\/dpress.ma\/fr\/wp-content\/uploads\/sites\/2\/2022\/07\/jhgjgh.jpg","width":2539,"height":1594},{"@type":"BreadcrumbList","@id":"https:\/\/dpress.ma\/fr\/2022\/07\/22\/convention-cadre-pour-lattenuation-de-limpact-des-incendies-de-foret-dun-cout-de-290-mdh\/#breadcrumb","itemListElement":[{"@type":"ListItem","position":1,"name":"Home","item":"https:\/\/dpress.ma\/fr\/"},{"@type":"ListItem","position":2,"name":"Convention cadre pour l\u2019att\u00e9nuation de l\u2019impact des incendies de for\u00eat d\u2019un co\u00fbt de 290 MDH"}]},{"@type":"WebSite","@id":"https:\/\/dpress.ma\/fr\/#website","url":"https:\/\/dpress.ma\/fr\/","name":"Dpress.ma\/fr","description":"","potentialAction":[{"@type":"SearchAction","target":{"@type":"EntryPoint","urlTemplate":"https:\/\/dpress.ma\/fr\/?s={search_term_string}"},"query-input":{"@type":"PropertyValueSpecification","valueRequired":true,"valueName":"search_term_string"}}],"inLanguage":"fr-FR"},{"@type":"Person","@id":"https:\/\/dpress.ma\/fr\/#\/schema\/person\/4898febf3ccd59e6578d838656a306a0","name":"Dpress.ma","image":{"@type":"ImageObject","inLanguage":"fr-FR","@id":"https:\/\/secure.gravatar.com\/avatar\/72ecc30e9db047a2e0e7176561eb9d564ed77c8108376495b19bd8336405198a?s=96&d=mm&r=g","url":"https:\/\/secure.gravatar.com\/avatar\/72ecc30e9db047a2e0e7176561eb9d564ed77c8108376495b19bd8336405198a?s=96&d=mm&r=g","contentUrl":"https:\/\/secure.gravatar.com\/avatar\/72ecc30e9db047a2e0e7176561eb9d564ed77c8108376495b19bd8336405198a?s=96&d=mm&r=g","caption":"Dpress.ma"},"sameAs":["https:\/\/www.dpress.ma"],"url":"https:\/\/dpress.ma\/fr\/author\/dpress-ma\/"}]}},"amp_enabled":true,"_links":{"self":[{"href":"https:\/\/dpress.ma\/fr\/wp-json\/wp\/v2\/posts\/1950","targetHints":{"allow":["GET"]}}],"collection":[{"href":"https:\/\/dpress.ma\/fr\/wp-json\/wp\/v2\/posts"}],"about":[{"href":"https:\/\/dpress.ma\/fr\/wp-json\/wp\/v2\/types\/post"}],"author":[{"embeddable":true,"href":"https:\/\/dpress.ma\/fr\/wp-json\/wp\/v2\/users\/2"}],"replies":[{"embeddable":true,"href":"https:\/\/dpress.ma\/fr\/wp-json\/wp\/v2\/comments?post=1950"}],"version-history":[{"count":1,"href":"https:\/\/dpress.ma\/fr\/wp-json\/wp\/v2\/posts\/1950\/revisions"}],"predecessor-version":[{"id":1952,"href":"https:\/\/dpress.ma\/fr\/wp-json\/wp\/v2\/posts\/1950\/revisions\/1952"}],"wp:featuredmedia":[{"embeddable":true,"href":"https:\/\/dpress.ma\/fr\/wp-json\/wp\/v2\/media\/1951"}],"wp:attachment":[{"href":"https:\/\/dpress.ma\/fr\/wp-json\/wp\/v2\/media?parent=1950"}],"wp:term":[{"taxonomy":"category","embeddable":true,"href":"https:\/\/dpress.ma\/fr\/wp-json\/wp\/v2\/categories?post=1950"},{"taxonomy":"post_tag","embeddable":true,"href":"https:\/\/dpress.ma\/fr\/wp-json\/wp\/v2\/tags?post=1950"}],"curies":[{"name":"wp","href":"https:\/\/api.w.org\/{rel}","templated":true}]}}