{"id":1933,"date":"2022-07-21T09:09:55","date_gmt":"2022-07-21T09:09:55","guid":{"rendered":"https:\/\/dpress.ma\/fr\/?p=1933"},"modified":"2022-07-21T09:09:57","modified_gmt":"2022-07-21T09:09:57","slug":"chambre-des-conseillers-m-atmoun-sentretient-avec-la-presidente-de-la-commission-des-affaires-etrangeres-et-de-lemigration-au-senat-italien","status":"publish","type":"post","link":"https:\/\/dpress.ma\/fr\/2022\/07\/21\/chambre-des-conseillers-m-atmoun-sentretient-avec-la-presidente-de-la-commission-des-affaires-etrangeres-et-de-lemigration-au-senat-italien\/","title":{"rendered":"Chambre des Conseillers: M. Atmoun s\u2019entretient avec la pr\u00e9sidente  de la commission des affaires \u00e9trang\u00e8res et de l\u2019\u00e9migration au S\u00e9nat  italien"},"content":{"rendered":"\n<p>Dpress<\/p>\n\n\n\n<p>Le quatri\u00e8me vice-pr\u00e9sident de la Chambre des conseillers, El Mehdi Atmoun, s\u2019est entretenu, mardi \u00e0 Rabat, avec la pr\u00e9sidente de la commission des affaires \u00e9trang\u00e8res et de l\u2019\u00e9migration au S\u00e9nat italien, Stefania Craxi.<\/p>\n\n\n\n<p>Lors de cette entrevue, qui s\u2019est d\u00e9roul\u00e9e en pr\u00e9sence de la pr\u00e9sidente de la Commission des affaires \u00e9trang\u00e8res, de la d\u00e9fense nationale et des Marocains r\u00e9sidant \u00e0 l\u2019\u00e9tranger \u00e0 la Chambre des conseillers, Neila Mia Tazi, M. Atmoun a soulign\u00e9 les bonnes relations entre Rabat et Rome, unis par des liens solides et profond\u00e9ment ancr\u00e9s, indique un communiqu\u00e9 de la Chambre des conseillers.<\/p>\n\n\n\n<p>M. Atmoun a mis en avant la volont\u00e9 forte et partag\u00e9e de consolider ces relations et de les hisser au rang d\u2019un partenariat mod\u00e8le entre les deux pays amis, mettant en exergue les efforts engag\u00e9s par le Royaume du Maroc pour pr\u00e9server la s\u00e9curit\u00e9 et la stabilit\u00e9 dans la r\u00e9gion m\u00e9diterran\u00e9enne.<\/p>\n\n\n\n<p>Il a \u00e9galement pr\u00e9sent\u00e9 \u00e0 Mme Craxi la composition diversifi\u00e9e de la Chambre des conseillers, soulignant l\u2019importance de l\u2019action parlementaire commune, de l\u2019\u00e9change de visites et de l\u2019activation des groupes de coop\u00e9ration et d\u2019amiti\u00e9 entre les deux institutions l\u00e9gislatives, \u201cqui contribuent \u00e0 rapprocher les id\u00e9es et les points de vue sur nombre de questions d\u2019int\u00e9r\u00eat commun, notamment les man\u0153uvres ourdies par les ennemis de notre int\u00e9grit\u00e9 territoriale et les tenants et aboutissants du conflit artificiel autour du Sahara marocain\u201d.<\/p>\n\n\n\n<p>M. Atmoun a \u00e9galement invit\u00e9 la d\u00e9l\u00e9gation parlementaire italienne \u00e0 visiter les provinces du Sud du Royaume pour constater de visu les multiples projets structurants et les importants chantiers de d\u00e9veloppement r\u00e9alis\u00e9s.<\/p>\n\n\n\n<p>Pour sa part, Mme Neila Tazi s\u2019est arr\u00eat\u00e9e sur le r\u00f4le de la Conf\u00e9d\u00e9ration g\u00e9n\u00e9rale des entreprises du Maroc (CGEM), en particulier dans la dynamisation de la diplomatie \u00e9conomique, appelant \u00e0 explorer toutes les opportunit\u00e9s et possibilit\u00e9s offertes par le partenariat \u00e9conomique entre le Maroc et l\u2019Italie pour \u00e9laborer des projets et des plans d\u2019action qui profitent aux deux parties.<\/p>\n\n\n\n<p>De son c\u00f4t\u00e9, Mme Craxi s\u2019est f\u00e9licit\u00e9e des relations parlementaires maroco-italiennes, mettant en avant les initiatives du Maroc \u00e0 l\u2019\u00e9chelle nationale et internationale ainsi que son leadership dans la gestion de plusieurs d\u00e9fis et crises.<\/p>\n\n\n\n<p>Elle a \u00e9galement rappel\u00e9 la qualit\u00e9 des relations maroco-italiennes \u00e0 diff\u00e9rents niveaux, bas\u00e9es sur l\u2019amiti\u00e9 solide et l\u2019estime mutuelle, soulignant que Rome aspire \u00e0 renforcer ses relations avec Rabat et consolider la coop\u00e9ration bilat\u00e9rale dans le domaine culturel et universitaire et en mati\u00e8re d\u2019\u00e9nergies renouvelables.<\/p>\n","protected":false},"excerpt":{"rendered":"<p>Dpress Le quatri\u00e8me vice-pr\u00e9sident de la Chambre des conseillers, El Mehdi Atmoun, s\u2019est entretenu, mardi \u00e0 Rabat, avec la pr\u00e9sidente de la commission des affaires \u00e9trang\u00e8res et de l\u2019\u00e9migration au S\u00e9nat italien, Stefania Craxi. Lors de cette entrevue, qui s\u2019est d\u00e9roul\u00e9e en pr\u00e9sence de la pr\u00e9sidente de la Commission des affaires \u00e9trang\u00e8res, de la d\u00e9fense &hellip;<\/p>\n","protected":false},"author":2,"featured_media":1934,"comment_status":"open","ping_status":"open","sticky":false,"template":"","format":"standard","meta":{"footnotes":""},"categories":[34,26],"tags":[],"class_list":["post-1933","post","type-post","status-publish","format-standard","has-post-thumbnail","hentry","category-diplomatie-parlementaire","category-politiques"],"yoast_head":"<!-- This site is optimized with the Yoast SEO plugin v27.5 - https:\/\/yoast.com\/product\/yoast-seo-wordpress\/ -->\n<title>Chambre des Conseillers: M. Atmoun s\u2019entretient avec la pr\u00e9sidente de la commission des affaires \u00e9trang\u00e8res et de l\u2019\u00e9migration au S\u00e9nat italien - Dpress.ma\/fr<\/title>\n<meta name=\"robots\" content=\"index, follow, max-snippet:-1, max-image-preview:large, max-video-preview:-1\" \/>\n<link rel=\"canonical\" href=\"https:\/\/dpress.ma\/fr\/2022\/07\/21\/chambre-des-conseillers-m-atmoun-sentretient-avec-la-presidente-de-la-commission-des-affaires-etrangeres-et-de-lemigration-au-senat-italien\/\" \/>\n<meta property=\"og:locale\" content=\"fr_FR\" \/>\n<meta property=\"og:type\" content=\"article\" \/>\n<meta property=\"og:title\" content=\"Chambre des Conseillers: M. Atmoun s\u2019entretient avec la pr\u00e9sidente de la commission des affaires \u00e9trang\u00e8res et de l\u2019\u00e9migration au S\u00e9nat italien - Dpress.ma\/fr\" \/>\n<meta property=\"og:description\" content=\"Dpress Le quatri\u00e8me vice-pr\u00e9sident de la Chambre des conseillers, El Mehdi Atmoun, s\u2019est entretenu, mardi \u00e0 Rabat, avec la pr\u00e9sidente de la commission des affaires \u00e9trang\u00e8res et de l\u2019\u00e9migration au S\u00e9nat italien, Stefania Craxi. Lors de cette entrevue, qui s\u2019est d\u00e9roul\u00e9e en pr\u00e9sence de la pr\u00e9sidente de la Commission des affaires \u00e9trang\u00e8res, de la d\u00e9fense &hellip;\" \/>\n<meta property=\"og:url\" content=\"https:\/\/dpress.ma\/fr\/2022\/07\/21\/chambre-des-conseillers-m-atmoun-sentretient-avec-la-presidente-de-la-commission-des-affaires-etrangeres-et-de-lemigration-au-senat-italien\/\" \/>\n<meta property=\"og:site_name\" content=\"Dpress.ma\/fr\" \/>\n<meta property=\"article:published_time\" content=\"2022-07-21T09:09:55+00:00\" \/>\n<meta property=\"article:modified_time\" content=\"2022-07-21T09:09:57+00:00\" \/>\n<meta property=\"og:image\" content=\"https:\/\/dpress.ma\/fr\/wp-content\/uploads\/sites\/2\/2022\/07\/jkj.jpg\" \/>\n\t<meta property=\"og:image:width\" content=\"2539\" \/>\n\t<meta property=\"og:image:height\" content=\"1594\" \/>\n\t<meta property=\"og:image:type\" content=\"image\/jpeg\" \/>\n<meta name=\"author\" content=\"Dpress.ma\" \/>\n<meta name=\"twitter:card\" content=\"summary_large_image\" \/>\n<meta name=\"twitter:label1\" content=\"\u00c9crit par\" \/>\n\t<meta name=\"twitter:data1\" content=\"Dpress.ma\" \/>\n\t<meta name=\"twitter:label2\" content=\"Dur\u00e9e de lecture estim\u00e9e\" \/>\n\t<meta name=\"twitter:data2\" content=\"3 minutes\" \/>\n<script type=\"application\/ld+json\" class=\"yoast-schema-graph\">{\"@context\":\"https:\\\/\\\/schema.org\",\"@graph\":[{\"@type\":\"Article\",\"@id\":\"https:\\\/\\\/dpress.ma\\\/fr\\\/2022\\\/07\\\/21\\\/chambre-des-conseillers-m-atmoun-sentretient-avec-la-presidente-de-la-commission-des-affaires-etrangeres-et-de-lemigration-au-senat-italien\\\/#article\",\"isPartOf\":{\"@id\":\"https:\\\/\\\/dpress.ma\\\/fr\\\/2022\\\/07\\\/21\\\/chambre-des-conseillers-m-atmoun-sentretient-avec-la-presidente-de-la-commission-des-affaires-etrangeres-et-de-lemigration-au-senat-italien\\\/\"},\"author\":{\"name\":\"Dpress.ma\",\"@id\":\"https:\\\/\\\/dpress.ma\\\/fr\\\/#\\\/schema\\\/person\\\/4898febf3ccd59e6578d838656a306a0\"},\"headline\":\"Chambre des Conseillers: M. Atmoun s\u2019entretient avec la pr\u00e9sidente de la commission des affaires \u00e9trang\u00e8res et de l\u2019\u00e9migration au S\u00e9nat italien\",\"datePublished\":\"2022-07-21T09:09:55+00:00\",\"dateModified\":\"2022-07-21T09:09:57+00:00\",\"mainEntityOfPage\":{\"@id\":\"https:\\\/\\\/dpress.ma\\\/fr\\\/2022\\\/07\\\/21\\\/chambre-des-conseillers-m-atmoun-sentretient-avec-la-presidente-de-la-commission-des-affaires-etrangeres-et-de-lemigration-au-senat-italien\\\/\"},\"wordCount\":488,\"commentCount\":0,\"image\":{\"@id\":\"https:\\\/\\\/dpress.ma\\\/fr\\\/2022\\\/07\\\/21\\\/chambre-des-conseillers-m-atmoun-sentretient-avec-la-presidente-de-la-commission-des-affaires-etrangeres-et-de-lemigration-au-senat-italien\\\/#primaryimage\"},\"thumbnailUrl\":\"https:\\\/\\\/dpress.ma\\\/fr\\\/wp-content\\\/uploads\\\/sites\\\/2\\\/2022\\\/07\\\/jkj.jpg\",\"articleSection\":[\"Diplomatie Parlementaire\",\"Politiques\"],\"inLanguage\":\"fr-FR\",\"potentialAction\":[{\"@type\":\"CommentAction\",\"name\":\"Comment\",\"target\":[\"https:\\\/\\\/dpress.ma\\\/fr\\\/2022\\\/07\\\/21\\\/chambre-des-conseillers-m-atmoun-sentretient-avec-la-presidente-de-la-commission-des-affaires-etrangeres-et-de-lemigration-au-senat-italien\\\/#respond\"]}]},{\"@type\":\"WebPage\",\"@id\":\"https:\\\/\\\/dpress.ma\\\/fr\\\/2022\\\/07\\\/21\\\/chambre-des-conseillers-m-atmoun-sentretient-avec-la-presidente-de-la-commission-des-affaires-etrangeres-et-de-lemigration-au-senat-italien\\\/\",\"url\":\"https:\\\/\\\/dpress.ma\\\/fr\\\/2022\\\/07\\\/21\\\/chambre-des-conseillers-m-atmoun-sentretient-avec-la-presidente-de-la-commission-des-affaires-etrangeres-et-de-lemigration-au-senat-italien\\\/\",\"name\":\"Chambre des Conseillers: M. Atmoun s\u2019entretient avec la pr\u00e9sidente de la commission des affaires \u00e9trang\u00e8res et de l\u2019\u00e9migration au S\u00e9nat italien - Dpress.ma\\\/fr\",\"isPartOf\":{\"@id\":\"https:\\\/\\\/dpress.ma\\\/fr\\\/#website\"},\"primaryImageOfPage\":{\"@id\":\"https:\\\/\\\/dpress.ma\\\/fr\\\/2022\\\/07\\\/21\\\/chambre-des-conseillers-m-atmoun-sentretient-avec-la-presidente-de-la-commission-des-affaires-etrangeres-et-de-lemigration-au-senat-italien\\\/#primaryimage\"},\"image\":{\"@id\":\"https:\\\/\\\/dpress.ma\\\/fr\\\/2022\\\/07\\\/21\\\/chambre-des-conseillers-m-atmoun-sentretient-avec-la-presidente-de-la-commission-des-affaires-etrangeres-et-de-lemigration-au-senat-italien\\\/#primaryimage\"},\"thumbnailUrl\":\"https:\\\/\\\/dpress.ma\\\/fr\\\/wp-content\\\/uploads\\\/sites\\\/2\\\/2022\\\/07\\\/jkj.jpg\",\"datePublished\":\"2022-07-21T09:09:55+00:00\",\"dateModified\":\"2022-07-21T09:09:57+00:00\",\"author\":{\"@id\":\"https:\\\/\\\/dpress.ma\\\/fr\\\/#\\\/schema\\\/person\\\/4898febf3ccd59e6578d838656a306a0\"},\"breadcrumb\":{\"@id\":\"https:\\\/\\\/dpress.ma\\\/fr\\\/2022\\\/07\\\/21\\\/chambre-des-conseillers-m-atmoun-sentretient-avec-la-presidente-de-la-commission-des-affaires-etrangeres-et-de-lemigration-au-senat-italien\\\/#breadcrumb\"},\"inLanguage\":\"fr-FR\",\"potentialAction\":[{\"@type\":\"ReadAction\",\"target\":[\"https:\\\/\\\/dpress.ma\\\/fr\\\/2022\\\/07\\\/21\\\/chambre-des-conseillers-m-atmoun-sentretient-avec-la-presidente-de-la-commission-des-affaires-etrangeres-et-de-lemigration-au-senat-italien\\\/\"]}]},{\"@type\":\"ImageObject\",\"inLanguage\":\"fr-FR\",\"@id\":\"https:\\\/\\\/dpress.ma\\\/fr\\\/2022\\\/07\\\/21\\\/chambre-des-conseillers-m-atmoun-sentretient-avec-la-presidente-de-la-commission-des-affaires-etrangeres-et-de-lemigration-au-senat-italien\\\/#primaryimage\",\"url\":\"https:\\\/\\\/dpress.ma\\\/fr\\\/wp-content\\\/uploads\\\/sites\\\/2\\\/2022\\\/07\\\/jkj.jpg\",\"contentUrl\":\"https:\\\/\\\/dpress.ma\\\/fr\\\/wp-content\\\/uploads\\\/sites\\\/2\\\/2022\\\/07\\\/jkj.jpg\",\"width\":2539,\"height\":1594},{\"@type\":\"BreadcrumbList\",\"@id\":\"https:\\\/\\\/dpress.ma\\\/fr\\\/2022\\\/07\\\/21\\\/chambre-des-conseillers-m-atmoun-sentretient-avec-la-presidente-de-la-commission-des-affaires-etrangeres-et-de-lemigration-au-senat-italien\\\/#breadcrumb\",\"itemListElement\":[{\"@type\":\"ListItem\",\"position\":1,\"name\":\"Home\",\"item\":\"https:\\\/\\\/dpress.ma\\\/fr\\\/\"},{\"@type\":\"ListItem\",\"position\":2,\"name\":\"Chambre des Conseillers: M. Atmoun s\u2019entretient avec la pr\u00e9sidente de la commission des affaires \u00e9trang\u00e8res et de l\u2019\u00e9migration au S\u00e9nat italien\"}]},{\"@type\":\"WebSite\",\"@id\":\"https:\\\/\\\/dpress.ma\\\/fr\\\/#website\",\"url\":\"https:\\\/\\\/dpress.ma\\\/fr\\\/\",\"name\":\"Dpress.ma\\\/fr\",\"description\":\"\",\"potentialAction\":[{\"@type\":\"SearchAction\",\"target\":{\"@type\":\"EntryPoint\",\"urlTemplate\":\"https:\\\/\\\/dpress.ma\\\/fr\\\/?s={search_term_string}\"},\"query-input\":{\"@type\":\"PropertyValueSpecification\",\"valueRequired\":true,\"valueName\":\"search_term_string\"}}],\"inLanguage\":\"fr-FR\"},{\"@type\":\"Person\",\"@id\":\"https:\\\/\\\/dpress.ma\\\/fr\\\/#\\\/schema\\\/person\\\/4898febf3ccd59e6578d838656a306a0\",\"name\":\"Dpress.ma\",\"image\":{\"@type\":\"ImageObject\",\"inLanguage\":\"fr-FR\",\"@id\":\"https:\\\/\\\/secure.gravatar.com\\\/avatar\\\/72ecc30e9db047a2e0e7176561eb9d564ed77c8108376495b19bd8336405198a?s=96&d=mm&r=g\",\"url\":\"https:\\\/\\\/secure.gravatar.com\\\/avatar\\\/72ecc30e9db047a2e0e7176561eb9d564ed77c8108376495b19bd8336405198a?s=96&d=mm&r=g\",\"contentUrl\":\"https:\\\/\\\/secure.gravatar.com\\\/avatar\\\/72ecc30e9db047a2e0e7176561eb9d564ed77c8108376495b19bd8336405198a?s=96&d=mm&r=g\",\"caption\":\"Dpress.ma\"},\"sameAs\":[\"https:\\\/\\\/www.dpress.ma\"],\"url\":\"https:\\\/\\\/dpress.ma\\\/fr\\\/author\\\/dpress-ma\\\/\"}]}<\/script>\n<!-- \/ Yoast SEO plugin. -->","yoast_head_json":{"title":"Chambre des Conseillers: M. Atmoun s\u2019entretient avec la pr\u00e9sidente de la commission des affaires \u00e9trang\u00e8res et de l\u2019\u00e9migration au S\u00e9nat italien - Dpress.ma\/fr","robots":{"index":"index","follow":"follow","max-snippet":"max-snippet:-1","max-image-preview":"max-image-preview:large","max-video-preview":"max-video-preview:-1"},"canonical":"https:\/\/dpress.ma\/fr\/2022\/07\/21\/chambre-des-conseillers-m-atmoun-sentretient-avec-la-presidente-de-la-commission-des-affaires-etrangeres-et-de-lemigration-au-senat-italien\/","og_locale":"fr_FR","og_type":"article","og_title":"Chambre des Conseillers: M. Atmoun s\u2019entretient avec la pr\u00e9sidente de la commission des affaires \u00e9trang\u00e8res et de l\u2019\u00e9migration au S\u00e9nat italien - Dpress.ma\/fr","og_description":"Dpress Le quatri\u00e8me vice-pr\u00e9sident de la Chambre des conseillers, El Mehdi Atmoun, s\u2019est entretenu, mardi \u00e0 Rabat, avec la pr\u00e9sidente de la commission des affaires \u00e9trang\u00e8res et de l\u2019\u00e9migration au S\u00e9nat italien, Stefania Craxi. Lors de cette entrevue, qui s\u2019est d\u00e9roul\u00e9e en pr\u00e9sence de la pr\u00e9sidente de la Commission des affaires \u00e9trang\u00e8res, de la d\u00e9fense &hellip;","og_url":"https:\/\/dpress.ma\/fr\/2022\/07\/21\/chambre-des-conseillers-m-atmoun-sentretient-avec-la-presidente-de-la-commission-des-affaires-etrangeres-et-de-lemigration-au-senat-italien\/","og_site_name":"Dpress.ma\/fr","article_published_time":"2022-07-21T09:09:55+00:00","article_modified_time":"2022-07-21T09:09:57+00:00","og_image":[{"width":2539,"height":1594,"url":"https:\/\/dpress.ma\/fr\/wp-content\/uploads\/sites\/2\/2022\/07\/jkj.jpg","type":"image\/jpeg"}],"author":"Dpress.ma","twitter_card":"summary_large_image","twitter_misc":{"\u00c9crit par":"Dpress.ma","Dur\u00e9e de lecture estim\u00e9e":"3 minutes"},"schema":{"@context":"https:\/\/schema.org","@graph":[{"@type":"Article","@id":"https:\/\/dpress.ma\/fr\/2022\/07\/21\/chambre-des-conseillers-m-atmoun-sentretient-avec-la-presidente-de-la-commission-des-affaires-etrangeres-et-de-lemigration-au-senat-italien\/#article","isPartOf":{"@id":"https:\/\/dpress.ma\/fr\/2022\/07\/21\/chambre-des-conseillers-m-atmoun-sentretient-avec-la-presidente-de-la-commission-des-affaires-etrangeres-et-de-lemigration-au-senat-italien\/"},"author":{"name":"Dpress.ma","@id":"https:\/\/dpress.ma\/fr\/#\/schema\/person\/4898febf3ccd59e6578d838656a306a0"},"headline":"Chambre des Conseillers: M. Atmoun s\u2019entretient avec la pr\u00e9sidente de la commission des affaires \u00e9trang\u00e8res et de l\u2019\u00e9migration au S\u00e9nat italien","datePublished":"2022-07-21T09:09:55+00:00","dateModified":"2022-07-21T09:09:57+00:00","mainEntityOfPage":{"@id":"https:\/\/dpress.ma\/fr\/2022\/07\/21\/chambre-des-conseillers-m-atmoun-sentretient-avec-la-presidente-de-la-commission-des-affaires-etrangeres-et-de-lemigration-au-senat-italien\/"},"wordCount":488,"commentCount":0,"image":{"@id":"https:\/\/dpress.ma\/fr\/2022\/07\/21\/chambre-des-conseillers-m-atmoun-sentretient-avec-la-presidente-de-la-commission-des-affaires-etrangeres-et-de-lemigration-au-senat-italien\/#primaryimage"},"thumbnailUrl":"https:\/\/dpress.ma\/fr\/wp-content\/uploads\/sites\/2\/2022\/07\/jkj.jpg","articleSection":["Diplomatie Parlementaire","Politiques"],"inLanguage":"fr-FR","potentialAction":[{"@type":"CommentAction","name":"Comment","target":["https:\/\/dpress.ma\/fr\/2022\/07\/21\/chambre-des-conseillers-m-atmoun-sentretient-avec-la-presidente-de-la-commission-des-affaires-etrangeres-et-de-lemigration-au-senat-italien\/#respond"]}]},{"@type":"WebPage","@id":"https:\/\/dpress.ma\/fr\/2022\/07\/21\/chambre-des-conseillers-m-atmoun-sentretient-avec-la-presidente-de-la-commission-des-affaires-etrangeres-et-de-lemigration-au-senat-italien\/","url":"https:\/\/dpress.ma\/fr\/2022\/07\/21\/chambre-des-conseillers-m-atmoun-sentretient-avec-la-presidente-de-la-commission-des-affaires-etrangeres-et-de-lemigration-au-senat-italien\/","name":"Chambre des Conseillers: M. Atmoun s\u2019entretient avec la pr\u00e9sidente de la commission des affaires \u00e9trang\u00e8res et de l\u2019\u00e9migration au S\u00e9nat italien - Dpress.ma\/fr","isPartOf":{"@id":"https:\/\/dpress.ma\/fr\/#website"},"primaryImageOfPage":{"@id":"https:\/\/dpress.ma\/fr\/2022\/07\/21\/chambre-des-conseillers-m-atmoun-sentretient-avec-la-presidente-de-la-commission-des-affaires-etrangeres-et-de-lemigration-au-senat-italien\/#primaryimage"},"image":{"@id":"https:\/\/dpress.ma\/fr\/2022\/07\/21\/chambre-des-conseillers-m-atmoun-sentretient-avec-la-presidente-de-la-commission-des-affaires-etrangeres-et-de-lemigration-au-senat-italien\/#primaryimage"},"thumbnailUrl":"https:\/\/dpress.ma\/fr\/wp-content\/uploads\/sites\/2\/2022\/07\/jkj.jpg","datePublished":"2022-07-21T09:09:55+00:00","dateModified":"2022-07-21T09:09:57+00:00","author":{"@id":"https:\/\/dpress.ma\/fr\/#\/schema\/person\/4898febf3ccd59e6578d838656a306a0"},"breadcrumb":{"@id":"https:\/\/dpress.ma\/fr\/2022\/07\/21\/chambre-des-conseillers-m-atmoun-sentretient-avec-la-presidente-de-la-commission-des-affaires-etrangeres-et-de-lemigration-au-senat-italien\/#breadcrumb"},"inLanguage":"fr-FR","potentialAction":[{"@type":"ReadAction","target":["https:\/\/dpress.ma\/fr\/2022\/07\/21\/chambre-des-conseillers-m-atmoun-sentretient-avec-la-presidente-de-la-commission-des-affaires-etrangeres-et-de-lemigration-au-senat-italien\/"]}]},{"@type":"ImageObject","inLanguage":"fr-FR","@id":"https:\/\/dpress.ma\/fr\/2022\/07\/21\/chambre-des-conseillers-m-atmoun-sentretient-avec-la-presidente-de-la-commission-des-affaires-etrangeres-et-de-lemigration-au-senat-italien\/#primaryimage","url":"https:\/\/dpress.ma\/fr\/wp-content\/uploads\/sites\/2\/2022\/07\/jkj.jpg","contentUrl":"https:\/\/dpress.ma\/fr\/wp-content\/uploads\/sites\/2\/2022\/07\/jkj.jpg","width":2539,"height":1594},{"@type":"BreadcrumbList","@id":"https:\/\/dpress.ma\/fr\/2022\/07\/21\/chambre-des-conseillers-m-atmoun-sentretient-avec-la-presidente-de-la-commission-des-affaires-etrangeres-et-de-lemigration-au-senat-italien\/#breadcrumb","itemListElement":[{"@type":"ListItem","position":1,"name":"Home","item":"https:\/\/dpress.ma\/fr\/"},{"@type":"ListItem","position":2,"name":"Chambre des Conseillers: M. Atmoun s\u2019entretient avec la pr\u00e9sidente de la commission des affaires \u00e9trang\u00e8res et de l\u2019\u00e9migration au S\u00e9nat italien"}]},{"@type":"WebSite","@id":"https:\/\/dpress.ma\/fr\/#website","url":"https:\/\/dpress.ma\/fr\/","name":"Dpress.ma\/fr","description":"","potentialAction":[{"@type":"SearchAction","target":{"@type":"EntryPoint","urlTemplate":"https:\/\/dpress.ma\/fr\/?s={search_term_string}"},"query-input":{"@type":"PropertyValueSpecification","valueRequired":true,"valueName":"search_term_string"}}],"inLanguage":"fr-FR"},{"@type":"Person","@id":"https:\/\/dpress.ma\/fr\/#\/schema\/person\/4898febf3ccd59e6578d838656a306a0","name":"Dpress.ma","image":{"@type":"ImageObject","inLanguage":"fr-FR","@id":"https:\/\/secure.gravatar.com\/avatar\/72ecc30e9db047a2e0e7176561eb9d564ed77c8108376495b19bd8336405198a?s=96&d=mm&r=g","url":"https:\/\/secure.gravatar.com\/avatar\/72ecc30e9db047a2e0e7176561eb9d564ed77c8108376495b19bd8336405198a?s=96&d=mm&r=g","contentUrl":"https:\/\/secure.gravatar.com\/avatar\/72ecc30e9db047a2e0e7176561eb9d564ed77c8108376495b19bd8336405198a?s=96&d=mm&r=g","caption":"Dpress.ma"},"sameAs":["https:\/\/www.dpress.ma"],"url":"https:\/\/dpress.ma\/fr\/author\/dpress-ma\/"}]}},"amp_enabled":true,"_links":{"self":[{"href":"https:\/\/dpress.ma\/fr\/wp-json\/wp\/v2\/posts\/1933","targetHints":{"allow":["GET"]}}],"collection":[{"href":"https:\/\/dpress.ma\/fr\/wp-json\/wp\/v2\/posts"}],"about":[{"href":"https:\/\/dpress.ma\/fr\/wp-json\/wp\/v2\/types\/post"}],"author":[{"embeddable":true,"href":"https:\/\/dpress.ma\/fr\/wp-json\/wp\/v2\/users\/2"}],"replies":[{"embeddable":true,"href":"https:\/\/dpress.ma\/fr\/wp-json\/wp\/v2\/comments?post=1933"}],"version-history":[{"count":1,"href":"https:\/\/dpress.ma\/fr\/wp-json\/wp\/v2\/posts\/1933\/revisions"}],"predecessor-version":[{"id":1935,"href":"https:\/\/dpress.ma\/fr\/wp-json\/wp\/v2\/posts\/1933\/revisions\/1935"}],"wp:featuredmedia":[{"embeddable":true,"href":"https:\/\/dpress.ma\/fr\/wp-json\/wp\/v2\/media\/1934"}],"wp:attachment":[{"href":"https:\/\/dpress.ma\/fr\/wp-json\/wp\/v2\/media?parent=1933"}],"wp:term":[{"taxonomy":"category","embeddable":true,"href":"https:\/\/dpress.ma\/fr\/wp-json\/wp\/v2\/categories?post=1933"},{"taxonomy":"post_tag","embeddable":true,"href":"https:\/\/dpress.ma\/fr\/wp-json\/wp\/v2\/tags?post=1933"}],"curies":[{"name":"wp","href":"https:\/\/api.w.org\/{rel}","templated":true}]}}