{"id":1928,"date":"2022-07-20T09:40:47","date_gmt":"2022-07-20T09:40:47","guid":{"rendered":"https:\/\/dpress.ma\/fr\/?p=1928"},"modified":"2022-07-20T09:40:49","modified_gmt":"2022-07-20T09:40:49","slug":"m-bourita-recoit-la-presidente-de-la-commission-des-affaires-etrangeres-et-de-lemigration-au-senat-italien","status":"publish","type":"post","link":"https:\/\/dpress.ma\/fr\/2022\/07\/20\/m-bourita-recoit-la-presidente-de-la-commission-des-affaires-etrangeres-et-de-lemigration-au-senat-italien\/","title":{"rendered":"M. Bourita re\u00e7oit la Pr\u00e9sidente de la commission des affaires \u00e9trang\u00e8res et de l\u2019\u00e9migration au s\u00e9nat italien"},"content":{"rendered":"\n<p>Dpress<\/p>\n\n\n\n<p>Le ministre des Affaires \u00e9trang\u00e8res, de la Coop\u00e9ration africaine et des Marocains r\u00e9sidant \u00e0 l\u2019\u00e9tranger, Nasser Bourita, a re\u00e7u, mardi \u00e0 Rabat, la Pr\u00e9sidente de la commission des affaires \u00e9trang\u00e8res et de l\u2019\u00e9migration au s\u00e9nat italien, Stefania Craxi.<\/p>\n\n\n\n<p>Mme Stefania Craxi effectue une visite de travail au Maroc pour prendre part \u00e0 la c\u00e9r\u00e9monie de pr\u00e9sentation du bilan de mi-parcours du Jumelage Maroc-UE, intitul\u00e9 \u201cAppui \u00e0 la Chambre des Conseillers\u201d.<\/p>\n\n\n\n<p>Lanc\u00e9 le 16 mai 2021 pour une dur\u00e9e de 18 mois, le jumelage \u201cAppui \u00e0 la Chambre des Conseillers au Maroc\u201d r\u00e9unit un consortium de Parlements de sept \u00c9tats membres de l\u2019UE.<\/p>\n\n\n\n<p>Mme Craxi a \u00e9t\u00e9 \u00e9galement re\u00e7ue par le pr\u00e9sident de la Chambre des repr\u00e9sentants, Rachid Talbi Alami.<\/p>\n\n\n\n<p>Lors de cette rencontre, les deux parties ont \u00e9voqu\u00e9 les relations parlementaires maroco-italiennes, qui se sont renforc\u00e9es au cours de la derni\u00e8re d\u00e9cennie \u00e0 la faveur des programmes de coop\u00e9ration, de jumelage, d\u2019\u00e9change d\u2019expertises et de renforcement du r\u00f4le des groupes d\u2019amiti\u00e9, ainsi qu\u2019\u00e0 travers la coordination et la communication parlementaire sur les plans bilat\u00e9ral et multilat\u00e9ral.<\/p>\n","protected":false},"excerpt":{"rendered":"<p>Dpress Le ministre des Affaires \u00e9trang\u00e8res, de la Coop\u00e9ration africaine et des Marocains r\u00e9sidant \u00e0 l\u2019\u00e9tranger, Nasser Bourita, a re\u00e7u, mardi \u00e0 Rabat, la Pr\u00e9sidente de la commission des affaires \u00e9trang\u00e8res et de l\u2019\u00e9migration au s\u00e9nat italien, Stefania Craxi. Mme Stefania Craxi effectue une visite de travail au Maroc pour prendre part \u00e0 la c\u00e9r\u00e9monie &hellip;<\/p>\n","protected":false},"author":2,"featured_media":1929,"comment_status":"open","ping_status":"open","sticky":false,"template":"","format":"standard","meta":{"footnotes":""},"categories":[26],"tags":[],"class_list":["post-1928","post","type-post","status-publish","format-standard","has-post-thumbnail","hentry","category-politiques"],"yoast_head":"<!-- This site is optimized with the Yoast SEO plugin v27.5 - https:\/\/yoast.com\/product\/yoast-seo-wordpress\/ -->\n<title>M. Bourita re\u00e7oit la Pr\u00e9sidente de la commission des affaires \u00e9trang\u00e8res et de l\u2019\u00e9migration au s\u00e9nat italien - Dpress.ma\/fr<\/title>\n<meta name=\"robots\" content=\"index, follow, max-snippet:-1, max-image-preview:large, max-video-preview:-1\" \/>\n<link rel=\"canonical\" href=\"https:\/\/dpress.ma\/fr\/2022\/07\/20\/m-bourita-recoit-la-presidente-de-la-commission-des-affaires-etrangeres-et-de-lemigration-au-senat-italien\/\" \/>\n<meta property=\"og:locale\" content=\"fr_FR\" \/>\n<meta property=\"og:type\" content=\"article\" \/>\n<meta property=\"og:title\" content=\"M. Bourita re\u00e7oit la Pr\u00e9sidente de la commission des affaires \u00e9trang\u00e8res et de l\u2019\u00e9migration au s\u00e9nat italien - Dpress.ma\/fr\" \/>\n<meta property=\"og:description\" content=\"Dpress Le ministre des Affaires \u00e9trang\u00e8res, de la Coop\u00e9ration africaine et des Marocains r\u00e9sidant \u00e0 l\u2019\u00e9tranger, Nasser Bourita, a re\u00e7u, mardi \u00e0 Rabat, la Pr\u00e9sidente de la commission des affaires \u00e9trang\u00e8res et de l\u2019\u00e9migration au s\u00e9nat italien, Stefania Craxi. Mme Stefania Craxi effectue une visite de travail au Maroc pour prendre part \u00e0 la c\u00e9r\u00e9monie &hellip;\" \/>\n<meta property=\"og:url\" content=\"https:\/\/dpress.ma\/fr\/2022\/07\/20\/m-bourita-recoit-la-presidente-de-la-commission-des-affaires-etrangeres-et-de-lemigration-au-senat-italien\/\" \/>\n<meta property=\"og:site_name\" content=\"Dpress.ma\/fr\" \/>\n<meta property=\"article:published_time\" content=\"2022-07-20T09:40:47+00:00\" \/>\n<meta property=\"article:modified_time\" content=\"2022-07-20T09:40:49+00:00\" \/>\n<meta property=\"og:image\" content=\"https:\/\/dpress.ma\/fr\/wp-content\/uploads\/sites\/2\/2022\/07\/gfhdhgf.jpg\" \/>\n\t<meta property=\"og:image:width\" content=\"2539\" \/>\n\t<meta property=\"og:image:height\" content=\"1594\" \/>\n\t<meta property=\"og:image:type\" content=\"image\/jpeg\" \/>\n<meta name=\"author\" content=\"Dpress.ma\" \/>\n<meta name=\"twitter:card\" content=\"summary_large_image\" \/>\n<meta name=\"twitter:label1\" content=\"\u00c9crit par\" \/>\n\t<meta name=\"twitter:data1\" content=\"Dpress.ma\" \/>\n\t<meta name=\"twitter:label2\" content=\"Dur\u00e9e de lecture estim\u00e9e\" \/>\n\t<meta name=\"twitter:data2\" content=\"1 minute\" \/>\n<script type=\"application\/ld+json\" class=\"yoast-schema-graph\">{\"@context\":\"https:\\\/\\\/schema.org\",\"@graph\":[{\"@type\":\"Article\",\"@id\":\"https:\\\/\\\/dpress.ma\\\/fr\\\/2022\\\/07\\\/20\\\/m-bourita-recoit-la-presidente-de-la-commission-des-affaires-etrangeres-et-de-lemigration-au-senat-italien\\\/#article\",\"isPartOf\":{\"@id\":\"https:\\\/\\\/dpress.ma\\\/fr\\\/2022\\\/07\\\/20\\\/m-bourita-recoit-la-presidente-de-la-commission-des-affaires-etrangeres-et-de-lemigration-au-senat-italien\\\/\"},\"author\":{\"name\":\"Dpress.ma\",\"@id\":\"https:\\\/\\\/dpress.ma\\\/fr\\\/#\\\/schema\\\/person\\\/4898febf3ccd59e6578d838656a306a0\"},\"headline\":\"M. Bourita re\u00e7oit la Pr\u00e9sidente de la commission des affaires \u00e9trang\u00e8res et de l\u2019\u00e9migration au s\u00e9nat italien\",\"datePublished\":\"2022-07-20T09:40:47+00:00\",\"dateModified\":\"2022-07-20T09:40:49+00:00\",\"mainEntityOfPage\":{\"@id\":\"https:\\\/\\\/dpress.ma\\\/fr\\\/2022\\\/07\\\/20\\\/m-bourita-recoit-la-presidente-de-la-commission-des-affaires-etrangeres-et-de-lemigration-au-senat-italien\\\/\"},\"wordCount\":218,\"commentCount\":0,\"image\":{\"@id\":\"https:\\\/\\\/dpress.ma\\\/fr\\\/2022\\\/07\\\/20\\\/m-bourita-recoit-la-presidente-de-la-commission-des-affaires-etrangeres-et-de-lemigration-au-senat-italien\\\/#primaryimage\"},\"thumbnailUrl\":\"https:\\\/\\\/dpress.ma\\\/fr\\\/wp-content\\\/uploads\\\/sites\\\/2\\\/2022\\\/07\\\/gfhdhgf.jpg\",\"articleSection\":[\"Politiques\"],\"inLanguage\":\"fr-FR\",\"potentialAction\":[{\"@type\":\"CommentAction\",\"name\":\"Comment\",\"target\":[\"https:\\\/\\\/dpress.ma\\\/fr\\\/2022\\\/07\\\/20\\\/m-bourita-recoit-la-presidente-de-la-commission-des-affaires-etrangeres-et-de-lemigration-au-senat-italien\\\/#respond\"]}]},{\"@type\":\"WebPage\",\"@id\":\"https:\\\/\\\/dpress.ma\\\/fr\\\/2022\\\/07\\\/20\\\/m-bourita-recoit-la-presidente-de-la-commission-des-affaires-etrangeres-et-de-lemigration-au-senat-italien\\\/\",\"url\":\"https:\\\/\\\/dpress.ma\\\/fr\\\/2022\\\/07\\\/20\\\/m-bourita-recoit-la-presidente-de-la-commission-des-affaires-etrangeres-et-de-lemigration-au-senat-italien\\\/\",\"name\":\"M. Bourita re\u00e7oit la Pr\u00e9sidente de la commission des affaires \u00e9trang\u00e8res et de l\u2019\u00e9migration au s\u00e9nat italien - Dpress.ma\\\/fr\",\"isPartOf\":{\"@id\":\"https:\\\/\\\/dpress.ma\\\/fr\\\/#website\"},\"primaryImageOfPage\":{\"@id\":\"https:\\\/\\\/dpress.ma\\\/fr\\\/2022\\\/07\\\/20\\\/m-bourita-recoit-la-presidente-de-la-commission-des-affaires-etrangeres-et-de-lemigration-au-senat-italien\\\/#primaryimage\"},\"image\":{\"@id\":\"https:\\\/\\\/dpress.ma\\\/fr\\\/2022\\\/07\\\/20\\\/m-bourita-recoit-la-presidente-de-la-commission-des-affaires-etrangeres-et-de-lemigration-au-senat-italien\\\/#primaryimage\"},\"thumbnailUrl\":\"https:\\\/\\\/dpress.ma\\\/fr\\\/wp-content\\\/uploads\\\/sites\\\/2\\\/2022\\\/07\\\/gfhdhgf.jpg\",\"datePublished\":\"2022-07-20T09:40:47+00:00\",\"dateModified\":\"2022-07-20T09:40:49+00:00\",\"author\":{\"@id\":\"https:\\\/\\\/dpress.ma\\\/fr\\\/#\\\/schema\\\/person\\\/4898febf3ccd59e6578d838656a306a0\"},\"breadcrumb\":{\"@id\":\"https:\\\/\\\/dpress.ma\\\/fr\\\/2022\\\/07\\\/20\\\/m-bourita-recoit-la-presidente-de-la-commission-des-affaires-etrangeres-et-de-lemigration-au-senat-italien\\\/#breadcrumb\"},\"inLanguage\":\"fr-FR\",\"potentialAction\":[{\"@type\":\"ReadAction\",\"target\":[\"https:\\\/\\\/dpress.ma\\\/fr\\\/2022\\\/07\\\/20\\\/m-bourita-recoit-la-presidente-de-la-commission-des-affaires-etrangeres-et-de-lemigration-au-senat-italien\\\/\"]}]},{\"@type\":\"ImageObject\",\"inLanguage\":\"fr-FR\",\"@id\":\"https:\\\/\\\/dpress.ma\\\/fr\\\/2022\\\/07\\\/20\\\/m-bourita-recoit-la-presidente-de-la-commission-des-affaires-etrangeres-et-de-lemigration-au-senat-italien\\\/#primaryimage\",\"url\":\"https:\\\/\\\/dpress.ma\\\/fr\\\/wp-content\\\/uploads\\\/sites\\\/2\\\/2022\\\/07\\\/gfhdhgf.jpg\",\"contentUrl\":\"https:\\\/\\\/dpress.ma\\\/fr\\\/wp-content\\\/uploads\\\/sites\\\/2\\\/2022\\\/07\\\/gfhdhgf.jpg\",\"width\":2539,\"height\":1594},{\"@type\":\"BreadcrumbList\",\"@id\":\"https:\\\/\\\/dpress.ma\\\/fr\\\/2022\\\/07\\\/20\\\/m-bourita-recoit-la-presidente-de-la-commission-des-affaires-etrangeres-et-de-lemigration-au-senat-italien\\\/#breadcrumb\",\"itemListElement\":[{\"@type\":\"ListItem\",\"position\":1,\"name\":\"Home\",\"item\":\"https:\\\/\\\/dpress.ma\\\/fr\\\/\"},{\"@type\":\"ListItem\",\"position\":2,\"name\":\"M. Bourita re\u00e7oit la Pr\u00e9sidente de la commission des affaires \u00e9trang\u00e8res et de l\u2019\u00e9migration au s\u00e9nat italien\"}]},{\"@type\":\"WebSite\",\"@id\":\"https:\\\/\\\/dpress.ma\\\/fr\\\/#website\",\"url\":\"https:\\\/\\\/dpress.ma\\\/fr\\\/\",\"name\":\"Dpress.ma\\\/fr\",\"description\":\"\",\"potentialAction\":[{\"@type\":\"SearchAction\",\"target\":{\"@type\":\"EntryPoint\",\"urlTemplate\":\"https:\\\/\\\/dpress.ma\\\/fr\\\/?s={search_term_string}\"},\"query-input\":{\"@type\":\"PropertyValueSpecification\",\"valueRequired\":true,\"valueName\":\"search_term_string\"}}],\"inLanguage\":\"fr-FR\"},{\"@type\":\"Person\",\"@id\":\"https:\\\/\\\/dpress.ma\\\/fr\\\/#\\\/schema\\\/person\\\/4898febf3ccd59e6578d838656a306a0\",\"name\":\"Dpress.ma\",\"image\":{\"@type\":\"ImageObject\",\"inLanguage\":\"fr-FR\",\"@id\":\"https:\\\/\\\/secure.gravatar.com\\\/avatar\\\/72ecc30e9db047a2e0e7176561eb9d564ed77c8108376495b19bd8336405198a?s=96&d=mm&r=g\",\"url\":\"https:\\\/\\\/secure.gravatar.com\\\/avatar\\\/72ecc30e9db047a2e0e7176561eb9d564ed77c8108376495b19bd8336405198a?s=96&d=mm&r=g\",\"contentUrl\":\"https:\\\/\\\/secure.gravatar.com\\\/avatar\\\/72ecc30e9db047a2e0e7176561eb9d564ed77c8108376495b19bd8336405198a?s=96&d=mm&r=g\",\"caption\":\"Dpress.ma\"},\"sameAs\":[\"https:\\\/\\\/www.dpress.ma\"],\"url\":\"https:\\\/\\\/dpress.ma\\\/fr\\\/author\\\/dpress-ma\\\/\"}]}<\/script>\n<!-- \/ Yoast SEO plugin. -->","yoast_head_json":{"title":"M. Bourita re\u00e7oit la Pr\u00e9sidente de la commission des affaires \u00e9trang\u00e8res et de l\u2019\u00e9migration au s\u00e9nat italien - Dpress.ma\/fr","robots":{"index":"index","follow":"follow","max-snippet":"max-snippet:-1","max-image-preview":"max-image-preview:large","max-video-preview":"max-video-preview:-1"},"canonical":"https:\/\/dpress.ma\/fr\/2022\/07\/20\/m-bourita-recoit-la-presidente-de-la-commission-des-affaires-etrangeres-et-de-lemigration-au-senat-italien\/","og_locale":"fr_FR","og_type":"article","og_title":"M. Bourita re\u00e7oit la Pr\u00e9sidente de la commission des affaires \u00e9trang\u00e8res et de l\u2019\u00e9migration au s\u00e9nat italien - Dpress.ma\/fr","og_description":"Dpress Le ministre des Affaires \u00e9trang\u00e8res, de la Coop\u00e9ration africaine et des Marocains r\u00e9sidant \u00e0 l\u2019\u00e9tranger, Nasser Bourita, a re\u00e7u, mardi \u00e0 Rabat, la Pr\u00e9sidente de la commission des affaires \u00e9trang\u00e8res et de l\u2019\u00e9migration au s\u00e9nat italien, Stefania Craxi. Mme Stefania Craxi effectue une visite de travail au Maroc pour prendre part \u00e0 la c\u00e9r\u00e9monie &hellip;","og_url":"https:\/\/dpress.ma\/fr\/2022\/07\/20\/m-bourita-recoit-la-presidente-de-la-commission-des-affaires-etrangeres-et-de-lemigration-au-senat-italien\/","og_site_name":"Dpress.ma\/fr","article_published_time":"2022-07-20T09:40:47+00:00","article_modified_time":"2022-07-20T09:40:49+00:00","og_image":[{"width":2539,"height":1594,"url":"https:\/\/dpress.ma\/fr\/wp-content\/uploads\/sites\/2\/2022\/07\/gfhdhgf.jpg","type":"image\/jpeg"}],"author":"Dpress.ma","twitter_card":"summary_large_image","twitter_misc":{"\u00c9crit par":"Dpress.ma","Dur\u00e9e de lecture estim\u00e9e":"1 minute"},"schema":{"@context":"https:\/\/schema.org","@graph":[{"@type":"Article","@id":"https:\/\/dpress.ma\/fr\/2022\/07\/20\/m-bourita-recoit-la-presidente-de-la-commission-des-affaires-etrangeres-et-de-lemigration-au-senat-italien\/#article","isPartOf":{"@id":"https:\/\/dpress.ma\/fr\/2022\/07\/20\/m-bourita-recoit-la-presidente-de-la-commission-des-affaires-etrangeres-et-de-lemigration-au-senat-italien\/"},"author":{"name":"Dpress.ma","@id":"https:\/\/dpress.ma\/fr\/#\/schema\/person\/4898febf3ccd59e6578d838656a306a0"},"headline":"M. Bourita re\u00e7oit la Pr\u00e9sidente de la commission des affaires \u00e9trang\u00e8res et de l\u2019\u00e9migration au s\u00e9nat italien","datePublished":"2022-07-20T09:40:47+00:00","dateModified":"2022-07-20T09:40:49+00:00","mainEntityOfPage":{"@id":"https:\/\/dpress.ma\/fr\/2022\/07\/20\/m-bourita-recoit-la-presidente-de-la-commission-des-affaires-etrangeres-et-de-lemigration-au-senat-italien\/"},"wordCount":218,"commentCount":0,"image":{"@id":"https:\/\/dpress.ma\/fr\/2022\/07\/20\/m-bourita-recoit-la-presidente-de-la-commission-des-affaires-etrangeres-et-de-lemigration-au-senat-italien\/#primaryimage"},"thumbnailUrl":"https:\/\/dpress.ma\/fr\/wp-content\/uploads\/sites\/2\/2022\/07\/gfhdhgf.jpg","articleSection":["Politiques"],"inLanguage":"fr-FR","potentialAction":[{"@type":"CommentAction","name":"Comment","target":["https:\/\/dpress.ma\/fr\/2022\/07\/20\/m-bourita-recoit-la-presidente-de-la-commission-des-affaires-etrangeres-et-de-lemigration-au-senat-italien\/#respond"]}]},{"@type":"WebPage","@id":"https:\/\/dpress.ma\/fr\/2022\/07\/20\/m-bourita-recoit-la-presidente-de-la-commission-des-affaires-etrangeres-et-de-lemigration-au-senat-italien\/","url":"https:\/\/dpress.ma\/fr\/2022\/07\/20\/m-bourita-recoit-la-presidente-de-la-commission-des-affaires-etrangeres-et-de-lemigration-au-senat-italien\/","name":"M. Bourita re\u00e7oit la Pr\u00e9sidente de la commission des affaires \u00e9trang\u00e8res et de l\u2019\u00e9migration au s\u00e9nat italien - Dpress.ma\/fr","isPartOf":{"@id":"https:\/\/dpress.ma\/fr\/#website"},"primaryImageOfPage":{"@id":"https:\/\/dpress.ma\/fr\/2022\/07\/20\/m-bourita-recoit-la-presidente-de-la-commission-des-affaires-etrangeres-et-de-lemigration-au-senat-italien\/#primaryimage"},"image":{"@id":"https:\/\/dpress.ma\/fr\/2022\/07\/20\/m-bourita-recoit-la-presidente-de-la-commission-des-affaires-etrangeres-et-de-lemigration-au-senat-italien\/#primaryimage"},"thumbnailUrl":"https:\/\/dpress.ma\/fr\/wp-content\/uploads\/sites\/2\/2022\/07\/gfhdhgf.jpg","datePublished":"2022-07-20T09:40:47+00:00","dateModified":"2022-07-20T09:40:49+00:00","author":{"@id":"https:\/\/dpress.ma\/fr\/#\/schema\/person\/4898febf3ccd59e6578d838656a306a0"},"breadcrumb":{"@id":"https:\/\/dpress.ma\/fr\/2022\/07\/20\/m-bourita-recoit-la-presidente-de-la-commission-des-affaires-etrangeres-et-de-lemigration-au-senat-italien\/#breadcrumb"},"inLanguage":"fr-FR","potentialAction":[{"@type":"ReadAction","target":["https:\/\/dpress.ma\/fr\/2022\/07\/20\/m-bourita-recoit-la-presidente-de-la-commission-des-affaires-etrangeres-et-de-lemigration-au-senat-italien\/"]}]},{"@type":"ImageObject","inLanguage":"fr-FR","@id":"https:\/\/dpress.ma\/fr\/2022\/07\/20\/m-bourita-recoit-la-presidente-de-la-commission-des-affaires-etrangeres-et-de-lemigration-au-senat-italien\/#primaryimage","url":"https:\/\/dpress.ma\/fr\/wp-content\/uploads\/sites\/2\/2022\/07\/gfhdhgf.jpg","contentUrl":"https:\/\/dpress.ma\/fr\/wp-content\/uploads\/sites\/2\/2022\/07\/gfhdhgf.jpg","width":2539,"height":1594},{"@type":"BreadcrumbList","@id":"https:\/\/dpress.ma\/fr\/2022\/07\/20\/m-bourita-recoit-la-presidente-de-la-commission-des-affaires-etrangeres-et-de-lemigration-au-senat-italien\/#breadcrumb","itemListElement":[{"@type":"ListItem","position":1,"name":"Home","item":"https:\/\/dpress.ma\/fr\/"},{"@type":"ListItem","position":2,"name":"M. Bourita re\u00e7oit la Pr\u00e9sidente de la commission des affaires \u00e9trang\u00e8res et de l\u2019\u00e9migration au s\u00e9nat italien"}]},{"@type":"WebSite","@id":"https:\/\/dpress.ma\/fr\/#website","url":"https:\/\/dpress.ma\/fr\/","name":"Dpress.ma\/fr","description":"","potentialAction":[{"@type":"SearchAction","target":{"@type":"EntryPoint","urlTemplate":"https:\/\/dpress.ma\/fr\/?s={search_term_string}"},"query-input":{"@type":"PropertyValueSpecification","valueRequired":true,"valueName":"search_term_string"}}],"inLanguage":"fr-FR"},{"@type":"Person","@id":"https:\/\/dpress.ma\/fr\/#\/schema\/person\/4898febf3ccd59e6578d838656a306a0","name":"Dpress.ma","image":{"@type":"ImageObject","inLanguage":"fr-FR","@id":"https:\/\/secure.gravatar.com\/avatar\/72ecc30e9db047a2e0e7176561eb9d564ed77c8108376495b19bd8336405198a?s=96&d=mm&r=g","url":"https:\/\/secure.gravatar.com\/avatar\/72ecc30e9db047a2e0e7176561eb9d564ed77c8108376495b19bd8336405198a?s=96&d=mm&r=g","contentUrl":"https:\/\/secure.gravatar.com\/avatar\/72ecc30e9db047a2e0e7176561eb9d564ed77c8108376495b19bd8336405198a?s=96&d=mm&r=g","caption":"Dpress.ma"},"sameAs":["https:\/\/www.dpress.ma"],"url":"https:\/\/dpress.ma\/fr\/author\/dpress-ma\/"}]}},"amp_enabled":true,"_links":{"self":[{"href":"https:\/\/dpress.ma\/fr\/wp-json\/wp\/v2\/posts\/1928","targetHints":{"allow":["GET"]}}],"collection":[{"href":"https:\/\/dpress.ma\/fr\/wp-json\/wp\/v2\/posts"}],"about":[{"href":"https:\/\/dpress.ma\/fr\/wp-json\/wp\/v2\/types\/post"}],"author":[{"embeddable":true,"href":"https:\/\/dpress.ma\/fr\/wp-json\/wp\/v2\/users\/2"}],"replies":[{"embeddable":true,"href":"https:\/\/dpress.ma\/fr\/wp-json\/wp\/v2\/comments?post=1928"}],"version-history":[{"count":1,"href":"https:\/\/dpress.ma\/fr\/wp-json\/wp\/v2\/posts\/1928\/revisions"}],"predecessor-version":[{"id":1930,"href":"https:\/\/dpress.ma\/fr\/wp-json\/wp\/v2\/posts\/1928\/revisions\/1930"}],"wp:featuredmedia":[{"embeddable":true,"href":"https:\/\/dpress.ma\/fr\/wp-json\/wp\/v2\/media\/1929"}],"wp:attachment":[{"href":"https:\/\/dpress.ma\/fr\/wp-json\/wp\/v2\/media?parent=1928"}],"wp:term":[{"taxonomy":"category","embeddable":true,"href":"https:\/\/dpress.ma\/fr\/wp-json\/wp\/v2\/categories?post=1928"},{"taxonomy":"post_tag","embeddable":true,"href":"https:\/\/dpress.ma\/fr\/wp-json\/wp\/v2\/tags?post=1928"}],"curies":[{"name":"wp","href":"https:\/\/api.w.org\/{rel}","templated":true}]}}