{"id":18966,"date":"2025-12-17T17:01:02","date_gmt":"2025-12-17T17:01:02","guid":{"rendered":"https:\/\/dpress.ma\/fr\/?p=18966"},"modified":"2025-12-17T17:01:04","modified_gmt":"2025-12-17T17:01:04","slug":"ryanair-ouverture-dune-nouvelle-base-a-rabat-en-avril-prochain","status":"publish","type":"post","link":"https:\/\/dpress.ma\/fr\/2025\/12\/17\/ryanair-ouverture-dune-nouvelle-base-a-rabat-en-avril-prochain\/","title":{"rendered":"Ryanair : ouverture d\u2019une nouvelle base \u00e0 Rabat en avril prochain"},"content":{"rendered":"\n<p>Dpress<\/p>\n\n\n\n<p>La compagnie a\u00e9rienne Ryanair, en partenariat avec l\u2019Office National Marocain du Tourisme (ONMT), a annonc\u00e9, mercredi \u00e0 l\u2019A\u00e9roport Rabat-Sal\u00e9, l\u2019ouverture d\u2019une nouvelle base \u00e0 Rabat \u00e0 partir d\u2019avril 2026, sa cinqui\u00e8me au Maroc, avec 2 avions bas\u00e9s, 20 lignes op\u00e9r\u00e9es et un investissement de 200 millions de dollars (M$).<\/p>\n\n\n\n<p>L\u2019annonce a \u00e9t\u00e9 faite lors d\u2019une c\u00e9r\u00e9monie tenue en pr\u00e9sence de la ministre du Tourisme, de l\u2019Artisanat et de l\u2019\u00c9conomie sociale et solidaire, Fatim-Zahra Ammor qui a soulign\u00e9 que l\u2019ouverture de cette nouvelle base \u00e0 Rabat s\u2019inscrit dans la dynamique touristique exceptionnelle que conna\u00eet le Maroc, sous la vision \u00e9clair\u00e9e de Sa Majest\u00e9 le Roi Mohammed VI.<\/p>\n\n\n\n<p>\u201cCet investissement majeur traduit concr\u00e8tement les orientations de la feuille de route du tourisme, qui accorde une place importante \u00e0 la connectivit\u00e9 a\u00e9rienne. Il t\u00e9moigne \u00e9galement de la confiance de nos partenaires internationaux, qui accompagnent notre ambition de positionner le Maroc parmi les destinations touristiques de classe mondiale, tout en g\u00e9n\u00e9rant un impact \u00e9conomique concret au niveau territorial\u201d, a dit la ministre.<\/p>\n\n\n\n<p>Cette avanc\u00e9e strat\u00e9gique pour Ryanair s\u2019est construite en \u00e9troite coordination avec l\u2019ONMT, engag\u00e9 dans le d\u00e9veloppement de l\u2019offre a\u00e9rienne comme levier central de l\u2019attractivit\u00e9 touristique du Royaume.<\/p>\n\n\n\n<p>Sept nouvelles lignes internationales relieront ainsi Rabat \u00e0 Milan Bergame, Baden-Baden, Francfort Hahn, Nuremberg, Porto, Pise et Valence d\u00e8s l\u2019\u00e9t\u00e9 2026. L\u2019offre globale atteindra ainsi plus de 18 vols hebdomadaires au d\u00e9part de Rabat d\u00e8s la premi\u00e8re saison d\u2019exploitation, ce qui constitue 79.000 si\u00e8ges suppl\u00e9mentaires sur le march\u00e9 international et une croissance de plus de 49% des op\u00e9rations de Ryanair \u00e0 partir de l\u2019a\u00e9roport de Rabat.<\/p>\n\n\n\n<p>Pour l\u2019ONMT, cette annonce marque une \u00e9tape cl\u00e9 dans la diversification des points d\u2019entr\u00e9e du Royaume et la mont\u00e9e en puissance de Rabat, comme destination touristique \u00e0 part enti\u00e8re.<\/p>\n\n\n\n<p>\u201cLe d\u00e9veloppement de la base de Ryanair \u00e0 Rabat s\u2019inscrit pleinement dans notre strat\u00e9gie de connectivit\u00e9 a\u00e9rienne et de valorisation des destinations \u00e0 fort potentiel\u201d, a d\u00e9clar\u00e9 Achraf Fayda, directeur g\u00e9n\u00e9ral de l\u2019ONMT.<\/p>\n\n\n\n<p>Et de poursuivre : \u201cRabat dispose de tous les atouts pour s\u00e9duire les march\u00e9s europ\u00e9ens, et ce partenariat traduit notre volont\u00e9 d\u2019anticiper les grands rendez-vous internationaux \u00e0 venir comme la Coupe du Monde 2030\u201d.<\/p>\n\n\n\n<p>De son c\u00f4t\u00e9, Eddie Wilson, CEO de Ryanair, a fait savoir que \u201ccette nouvelle base porte notre investissement total au Maroc \u00e0 plus de 1,6 milliard de dollars et soutient plus de 8.500 emplois directs et indirects\u201d.<\/p>\n\n\n\n<p>\u201cGr\u00e2ce \u00e0 une collaboration \u00e9troite avec l\u2019Office National Marocain du Tourisme, nous positionnons Rabat comme une destination majeure, forte de son histoire, de sa culture, de son littoral et de son art de vivre\u201d, a-t-il ajout\u00e9.<\/p>\n\n\n\n<p>L\u2019ouverture de cette base entra\u00eenera une hausse de 45% de la capacit\u00e9 de Rabat et s\u2019int\u00e9grera dans le d\u00e9ploiement estival le plus ambitieux de Ryanair au Maroc, avec plus de 10,7 millions de passagers attendus sur treize a\u00e9roports du Royaume.<\/p>\n\n\n\n<p>Elle g\u00e9n\u00e9rera \u00e9galement plus de 800 emplois locaux, dont 60 postes hautement qualifi\u00e9s pour les pilotes et le personnel navigant commercial.<\/p>\n\n\n\n<p>En consolidant la pr\u00e9sence de Ryanair \u00e0 Rabat, l\u2019ONMT confirme son r\u00f4le moteur dans la structuration de la connectivit\u00e9 a\u00e9rienne du Royaume. \u00c0 travers ce partenariat, l\u2019Office r\u00e9affirme sa volont\u00e9 de faire de l\u2019a\u00e9rien un levier strat\u00e9gique au service de l\u2019attractivit\u00e9, de l\u2019\u00e9quilibre territorial et du rayonnement international du Maroc.<\/p>\n","protected":false},"excerpt":{"rendered":"<p>Dpress La compagnie a\u00e9rienne Ryanair, en partenariat avec l\u2019Office National Marocain du Tourisme (ONMT), a annonc\u00e9, mercredi \u00e0 l\u2019A\u00e9roport Rabat-Sal\u00e9, l\u2019ouverture d\u2019une nouvelle base \u00e0 Rabat \u00e0 partir d\u2019avril 2026, sa cinqui\u00e8me au Maroc, avec 2 avions bas\u00e9s, 20 lignes op\u00e9r\u00e9es et un investissement de 200 millions de dollars (M$). L\u2019annonce a \u00e9t\u00e9 faite lors &hellip;<\/p>\n","protected":false},"author":2,"featured_media":18967,"comment_status":"open","ping_status":"open","sticky":false,"template":"","format":"standard","meta":{"footnotes":""},"categories":[25],"tags":[],"class_list":["post-18966","post","type-post","status-publish","format-standard","has-post-thumbnail","hentry","category-economie"],"yoast_head":"<!-- This site is optimized with the Yoast SEO plugin v27.5 - https:\/\/yoast.com\/product\/yoast-seo-wordpress\/ -->\n<title>Ryanair : ouverture d\u2019une nouvelle base \u00e0 Rabat en avril prochain - Dpress.ma\/fr<\/title>\n<meta name=\"robots\" content=\"index, follow, max-snippet:-1, max-image-preview:large, max-video-preview:-1\" \/>\n<link rel=\"canonical\" href=\"https:\/\/dpress.ma\/fr\/2025\/12\/17\/ryanair-ouverture-dune-nouvelle-base-a-rabat-en-avril-prochain\/\" \/>\n<meta property=\"og:locale\" content=\"fr_FR\" \/>\n<meta property=\"og:type\" content=\"article\" \/>\n<meta property=\"og:title\" content=\"Ryanair : ouverture d\u2019une nouvelle base \u00e0 Rabat en avril prochain - Dpress.ma\/fr\" \/>\n<meta property=\"og:description\" content=\"Dpress La compagnie a\u00e9rienne Ryanair, en partenariat avec l\u2019Office National Marocain du Tourisme (ONMT), a annonc\u00e9, mercredi \u00e0 l\u2019A\u00e9roport Rabat-Sal\u00e9, l\u2019ouverture d\u2019une nouvelle base \u00e0 Rabat \u00e0 partir d\u2019avril 2026, sa cinqui\u00e8me au Maroc, avec 2 avions bas\u00e9s, 20 lignes op\u00e9r\u00e9es et un investissement de 200 millions de dollars (M$). L\u2019annonce a \u00e9t\u00e9 faite lors &hellip;\" \/>\n<meta property=\"og:url\" content=\"https:\/\/dpress.ma\/fr\/2025\/12\/17\/ryanair-ouverture-dune-nouvelle-base-a-rabat-en-avril-prochain\/\" \/>\n<meta property=\"og:site_name\" content=\"Dpress.ma\/fr\" \/>\n<meta property=\"article:published_time\" content=\"2025-12-17T17:01:02+00:00\" \/>\n<meta property=\"article:modified_time\" content=\"2025-12-17T17:01:04+00:00\" \/>\n<meta property=\"og:image\" content=\"https:\/\/dpress.ma\/fr\/wp-content\/uploads\/sites\/2\/2025\/12\/21-2.jpg\" \/>\n\t<meta property=\"og:image:width\" content=\"2539\" \/>\n\t<meta property=\"og:image:height\" content=\"1594\" \/>\n\t<meta property=\"og:image:type\" content=\"image\/jpeg\" \/>\n<meta name=\"author\" content=\"Dpress.ma\" \/>\n<meta name=\"twitter:card\" content=\"summary_large_image\" \/>\n<meta name=\"twitter:label1\" content=\"\u00c9crit par\" \/>\n\t<meta name=\"twitter:data1\" content=\"Dpress.ma\" \/>\n\t<meta name=\"twitter:label2\" content=\"Dur\u00e9e de lecture estim\u00e9e\" \/>\n\t<meta name=\"twitter:data2\" content=\"3 minutes\" \/>\n<script type=\"application\/ld+json\" class=\"yoast-schema-graph\">{\"@context\":\"https:\\\/\\\/schema.org\",\"@graph\":[{\"@type\":\"Article\",\"@id\":\"https:\\\/\\\/dpress.ma\\\/fr\\\/2025\\\/12\\\/17\\\/ryanair-ouverture-dune-nouvelle-base-a-rabat-en-avril-prochain\\\/#article\",\"isPartOf\":{\"@id\":\"https:\\\/\\\/dpress.ma\\\/fr\\\/2025\\\/12\\\/17\\\/ryanair-ouverture-dune-nouvelle-base-a-rabat-en-avril-prochain\\\/\"},\"author\":{\"name\":\"Dpress.ma\",\"@id\":\"https:\\\/\\\/dpress.ma\\\/fr\\\/#\\\/schema\\\/person\\\/4898febf3ccd59e6578d838656a306a0\"},\"headline\":\"Ryanair : ouverture d\u2019une nouvelle base \u00e0 Rabat en avril prochain\",\"datePublished\":\"2025-12-17T17:01:02+00:00\",\"dateModified\":\"2025-12-17T17:01:04+00:00\",\"mainEntityOfPage\":{\"@id\":\"https:\\\/\\\/dpress.ma\\\/fr\\\/2025\\\/12\\\/17\\\/ryanair-ouverture-dune-nouvelle-base-a-rabat-en-avril-prochain\\\/\"},\"wordCount\":608,\"commentCount\":0,\"image\":{\"@id\":\"https:\\\/\\\/dpress.ma\\\/fr\\\/2025\\\/12\\\/17\\\/ryanair-ouverture-dune-nouvelle-base-a-rabat-en-avril-prochain\\\/#primaryimage\"},\"thumbnailUrl\":\"https:\\\/\\\/dpress.ma\\\/fr\\\/wp-content\\\/uploads\\\/sites\\\/2\\\/2025\\\/12\\\/21-2.jpg\",\"articleSection\":[\"\u00c9conomie\"],\"inLanguage\":\"fr-FR\",\"potentialAction\":[{\"@type\":\"CommentAction\",\"name\":\"Comment\",\"target\":[\"https:\\\/\\\/dpress.ma\\\/fr\\\/2025\\\/12\\\/17\\\/ryanair-ouverture-dune-nouvelle-base-a-rabat-en-avril-prochain\\\/#respond\"]}]},{\"@type\":\"WebPage\",\"@id\":\"https:\\\/\\\/dpress.ma\\\/fr\\\/2025\\\/12\\\/17\\\/ryanair-ouverture-dune-nouvelle-base-a-rabat-en-avril-prochain\\\/\",\"url\":\"https:\\\/\\\/dpress.ma\\\/fr\\\/2025\\\/12\\\/17\\\/ryanair-ouverture-dune-nouvelle-base-a-rabat-en-avril-prochain\\\/\",\"name\":\"Ryanair : ouverture d\u2019une nouvelle base \u00e0 Rabat en avril prochain - Dpress.ma\\\/fr\",\"isPartOf\":{\"@id\":\"https:\\\/\\\/dpress.ma\\\/fr\\\/#website\"},\"primaryImageOfPage\":{\"@id\":\"https:\\\/\\\/dpress.ma\\\/fr\\\/2025\\\/12\\\/17\\\/ryanair-ouverture-dune-nouvelle-base-a-rabat-en-avril-prochain\\\/#primaryimage\"},\"image\":{\"@id\":\"https:\\\/\\\/dpress.ma\\\/fr\\\/2025\\\/12\\\/17\\\/ryanair-ouverture-dune-nouvelle-base-a-rabat-en-avril-prochain\\\/#primaryimage\"},\"thumbnailUrl\":\"https:\\\/\\\/dpress.ma\\\/fr\\\/wp-content\\\/uploads\\\/sites\\\/2\\\/2025\\\/12\\\/21-2.jpg\",\"datePublished\":\"2025-12-17T17:01:02+00:00\",\"dateModified\":\"2025-12-17T17:01:04+00:00\",\"author\":{\"@id\":\"https:\\\/\\\/dpress.ma\\\/fr\\\/#\\\/schema\\\/person\\\/4898febf3ccd59e6578d838656a306a0\"},\"breadcrumb\":{\"@id\":\"https:\\\/\\\/dpress.ma\\\/fr\\\/2025\\\/12\\\/17\\\/ryanair-ouverture-dune-nouvelle-base-a-rabat-en-avril-prochain\\\/#breadcrumb\"},\"inLanguage\":\"fr-FR\",\"potentialAction\":[{\"@type\":\"ReadAction\",\"target\":[\"https:\\\/\\\/dpress.ma\\\/fr\\\/2025\\\/12\\\/17\\\/ryanair-ouverture-dune-nouvelle-base-a-rabat-en-avril-prochain\\\/\"]}]},{\"@type\":\"ImageObject\",\"inLanguage\":\"fr-FR\",\"@id\":\"https:\\\/\\\/dpress.ma\\\/fr\\\/2025\\\/12\\\/17\\\/ryanair-ouverture-dune-nouvelle-base-a-rabat-en-avril-prochain\\\/#primaryimage\",\"url\":\"https:\\\/\\\/dpress.ma\\\/fr\\\/wp-content\\\/uploads\\\/sites\\\/2\\\/2025\\\/12\\\/21-2.jpg\",\"contentUrl\":\"https:\\\/\\\/dpress.ma\\\/fr\\\/wp-content\\\/uploads\\\/sites\\\/2\\\/2025\\\/12\\\/21-2.jpg\",\"width\":2539,\"height\":1594},{\"@type\":\"BreadcrumbList\",\"@id\":\"https:\\\/\\\/dpress.ma\\\/fr\\\/2025\\\/12\\\/17\\\/ryanair-ouverture-dune-nouvelle-base-a-rabat-en-avril-prochain\\\/#breadcrumb\",\"itemListElement\":[{\"@type\":\"ListItem\",\"position\":1,\"name\":\"Home\",\"item\":\"https:\\\/\\\/dpress.ma\\\/fr\\\/\"},{\"@type\":\"ListItem\",\"position\":2,\"name\":\"Ryanair : ouverture d\u2019une nouvelle base \u00e0 Rabat en avril prochain\"}]},{\"@type\":\"WebSite\",\"@id\":\"https:\\\/\\\/dpress.ma\\\/fr\\\/#website\",\"url\":\"https:\\\/\\\/dpress.ma\\\/fr\\\/\",\"name\":\"Dpress.ma\\\/fr\",\"description\":\"\",\"potentialAction\":[{\"@type\":\"SearchAction\",\"target\":{\"@type\":\"EntryPoint\",\"urlTemplate\":\"https:\\\/\\\/dpress.ma\\\/fr\\\/?s={search_term_string}\"},\"query-input\":{\"@type\":\"PropertyValueSpecification\",\"valueRequired\":true,\"valueName\":\"search_term_string\"}}],\"inLanguage\":\"fr-FR\"},{\"@type\":\"Person\",\"@id\":\"https:\\\/\\\/dpress.ma\\\/fr\\\/#\\\/schema\\\/person\\\/4898febf3ccd59e6578d838656a306a0\",\"name\":\"Dpress.ma\",\"image\":{\"@type\":\"ImageObject\",\"inLanguage\":\"fr-FR\",\"@id\":\"https:\\\/\\\/secure.gravatar.com\\\/avatar\\\/72ecc30e9db047a2e0e7176561eb9d564ed77c8108376495b19bd8336405198a?s=96&d=mm&r=g\",\"url\":\"https:\\\/\\\/secure.gravatar.com\\\/avatar\\\/72ecc30e9db047a2e0e7176561eb9d564ed77c8108376495b19bd8336405198a?s=96&d=mm&r=g\",\"contentUrl\":\"https:\\\/\\\/secure.gravatar.com\\\/avatar\\\/72ecc30e9db047a2e0e7176561eb9d564ed77c8108376495b19bd8336405198a?s=96&d=mm&r=g\",\"caption\":\"Dpress.ma\"},\"sameAs\":[\"https:\\\/\\\/www.dpress.ma\"],\"url\":\"https:\\\/\\\/dpress.ma\\\/fr\\\/author\\\/dpress-ma\\\/\"}]}<\/script>\n<!-- \/ Yoast SEO plugin. -->","yoast_head_json":{"title":"Ryanair : ouverture d\u2019une nouvelle base \u00e0 Rabat en avril prochain - Dpress.ma\/fr","robots":{"index":"index","follow":"follow","max-snippet":"max-snippet:-1","max-image-preview":"max-image-preview:large","max-video-preview":"max-video-preview:-1"},"canonical":"https:\/\/dpress.ma\/fr\/2025\/12\/17\/ryanair-ouverture-dune-nouvelle-base-a-rabat-en-avril-prochain\/","og_locale":"fr_FR","og_type":"article","og_title":"Ryanair : ouverture d\u2019une nouvelle base \u00e0 Rabat en avril prochain - Dpress.ma\/fr","og_description":"Dpress La compagnie a\u00e9rienne Ryanair, en partenariat avec l\u2019Office National Marocain du Tourisme (ONMT), a annonc\u00e9, mercredi \u00e0 l\u2019A\u00e9roport Rabat-Sal\u00e9, l\u2019ouverture d\u2019une nouvelle base \u00e0 Rabat \u00e0 partir d\u2019avril 2026, sa cinqui\u00e8me au Maroc, avec 2 avions bas\u00e9s, 20 lignes op\u00e9r\u00e9es et un investissement de 200 millions de dollars (M$). L\u2019annonce a \u00e9t\u00e9 faite lors &hellip;","og_url":"https:\/\/dpress.ma\/fr\/2025\/12\/17\/ryanair-ouverture-dune-nouvelle-base-a-rabat-en-avril-prochain\/","og_site_name":"Dpress.ma\/fr","article_published_time":"2025-12-17T17:01:02+00:00","article_modified_time":"2025-12-17T17:01:04+00:00","og_image":[{"width":2539,"height":1594,"url":"https:\/\/dpress.ma\/fr\/wp-content\/uploads\/sites\/2\/2025\/12\/21-2.jpg","type":"image\/jpeg"}],"author":"Dpress.ma","twitter_card":"summary_large_image","twitter_misc":{"\u00c9crit par":"Dpress.ma","Dur\u00e9e de lecture estim\u00e9e":"3 minutes"},"schema":{"@context":"https:\/\/schema.org","@graph":[{"@type":"Article","@id":"https:\/\/dpress.ma\/fr\/2025\/12\/17\/ryanair-ouverture-dune-nouvelle-base-a-rabat-en-avril-prochain\/#article","isPartOf":{"@id":"https:\/\/dpress.ma\/fr\/2025\/12\/17\/ryanair-ouverture-dune-nouvelle-base-a-rabat-en-avril-prochain\/"},"author":{"name":"Dpress.ma","@id":"https:\/\/dpress.ma\/fr\/#\/schema\/person\/4898febf3ccd59e6578d838656a306a0"},"headline":"Ryanair : ouverture d\u2019une nouvelle base \u00e0 Rabat en avril prochain","datePublished":"2025-12-17T17:01:02+00:00","dateModified":"2025-12-17T17:01:04+00:00","mainEntityOfPage":{"@id":"https:\/\/dpress.ma\/fr\/2025\/12\/17\/ryanair-ouverture-dune-nouvelle-base-a-rabat-en-avril-prochain\/"},"wordCount":608,"commentCount":0,"image":{"@id":"https:\/\/dpress.ma\/fr\/2025\/12\/17\/ryanair-ouverture-dune-nouvelle-base-a-rabat-en-avril-prochain\/#primaryimage"},"thumbnailUrl":"https:\/\/dpress.ma\/fr\/wp-content\/uploads\/sites\/2\/2025\/12\/21-2.jpg","articleSection":["\u00c9conomie"],"inLanguage":"fr-FR","potentialAction":[{"@type":"CommentAction","name":"Comment","target":["https:\/\/dpress.ma\/fr\/2025\/12\/17\/ryanair-ouverture-dune-nouvelle-base-a-rabat-en-avril-prochain\/#respond"]}]},{"@type":"WebPage","@id":"https:\/\/dpress.ma\/fr\/2025\/12\/17\/ryanair-ouverture-dune-nouvelle-base-a-rabat-en-avril-prochain\/","url":"https:\/\/dpress.ma\/fr\/2025\/12\/17\/ryanair-ouverture-dune-nouvelle-base-a-rabat-en-avril-prochain\/","name":"Ryanair : ouverture d\u2019une nouvelle base \u00e0 Rabat en avril prochain - Dpress.ma\/fr","isPartOf":{"@id":"https:\/\/dpress.ma\/fr\/#website"},"primaryImageOfPage":{"@id":"https:\/\/dpress.ma\/fr\/2025\/12\/17\/ryanair-ouverture-dune-nouvelle-base-a-rabat-en-avril-prochain\/#primaryimage"},"image":{"@id":"https:\/\/dpress.ma\/fr\/2025\/12\/17\/ryanair-ouverture-dune-nouvelle-base-a-rabat-en-avril-prochain\/#primaryimage"},"thumbnailUrl":"https:\/\/dpress.ma\/fr\/wp-content\/uploads\/sites\/2\/2025\/12\/21-2.jpg","datePublished":"2025-12-17T17:01:02+00:00","dateModified":"2025-12-17T17:01:04+00:00","author":{"@id":"https:\/\/dpress.ma\/fr\/#\/schema\/person\/4898febf3ccd59e6578d838656a306a0"},"breadcrumb":{"@id":"https:\/\/dpress.ma\/fr\/2025\/12\/17\/ryanair-ouverture-dune-nouvelle-base-a-rabat-en-avril-prochain\/#breadcrumb"},"inLanguage":"fr-FR","potentialAction":[{"@type":"ReadAction","target":["https:\/\/dpress.ma\/fr\/2025\/12\/17\/ryanair-ouverture-dune-nouvelle-base-a-rabat-en-avril-prochain\/"]}]},{"@type":"ImageObject","inLanguage":"fr-FR","@id":"https:\/\/dpress.ma\/fr\/2025\/12\/17\/ryanair-ouverture-dune-nouvelle-base-a-rabat-en-avril-prochain\/#primaryimage","url":"https:\/\/dpress.ma\/fr\/wp-content\/uploads\/sites\/2\/2025\/12\/21-2.jpg","contentUrl":"https:\/\/dpress.ma\/fr\/wp-content\/uploads\/sites\/2\/2025\/12\/21-2.jpg","width":2539,"height":1594},{"@type":"BreadcrumbList","@id":"https:\/\/dpress.ma\/fr\/2025\/12\/17\/ryanair-ouverture-dune-nouvelle-base-a-rabat-en-avril-prochain\/#breadcrumb","itemListElement":[{"@type":"ListItem","position":1,"name":"Home","item":"https:\/\/dpress.ma\/fr\/"},{"@type":"ListItem","position":2,"name":"Ryanair : ouverture d\u2019une nouvelle base \u00e0 Rabat en avril prochain"}]},{"@type":"WebSite","@id":"https:\/\/dpress.ma\/fr\/#website","url":"https:\/\/dpress.ma\/fr\/","name":"Dpress.ma\/fr","description":"","potentialAction":[{"@type":"SearchAction","target":{"@type":"EntryPoint","urlTemplate":"https:\/\/dpress.ma\/fr\/?s={search_term_string}"},"query-input":{"@type":"PropertyValueSpecification","valueRequired":true,"valueName":"search_term_string"}}],"inLanguage":"fr-FR"},{"@type":"Person","@id":"https:\/\/dpress.ma\/fr\/#\/schema\/person\/4898febf3ccd59e6578d838656a306a0","name":"Dpress.ma","image":{"@type":"ImageObject","inLanguage":"fr-FR","@id":"https:\/\/secure.gravatar.com\/avatar\/72ecc30e9db047a2e0e7176561eb9d564ed77c8108376495b19bd8336405198a?s=96&d=mm&r=g","url":"https:\/\/secure.gravatar.com\/avatar\/72ecc30e9db047a2e0e7176561eb9d564ed77c8108376495b19bd8336405198a?s=96&d=mm&r=g","contentUrl":"https:\/\/secure.gravatar.com\/avatar\/72ecc30e9db047a2e0e7176561eb9d564ed77c8108376495b19bd8336405198a?s=96&d=mm&r=g","caption":"Dpress.ma"},"sameAs":["https:\/\/www.dpress.ma"],"url":"https:\/\/dpress.ma\/fr\/author\/dpress-ma\/"}]}},"amp_enabled":true,"_links":{"self":[{"href":"https:\/\/dpress.ma\/fr\/wp-json\/wp\/v2\/posts\/18966","targetHints":{"allow":["GET"]}}],"collection":[{"href":"https:\/\/dpress.ma\/fr\/wp-json\/wp\/v2\/posts"}],"about":[{"href":"https:\/\/dpress.ma\/fr\/wp-json\/wp\/v2\/types\/post"}],"author":[{"embeddable":true,"href":"https:\/\/dpress.ma\/fr\/wp-json\/wp\/v2\/users\/2"}],"replies":[{"embeddable":true,"href":"https:\/\/dpress.ma\/fr\/wp-json\/wp\/v2\/comments?post=18966"}],"version-history":[{"count":1,"href":"https:\/\/dpress.ma\/fr\/wp-json\/wp\/v2\/posts\/18966\/revisions"}],"predecessor-version":[{"id":18968,"href":"https:\/\/dpress.ma\/fr\/wp-json\/wp\/v2\/posts\/18966\/revisions\/18968"}],"wp:featuredmedia":[{"embeddable":true,"href":"https:\/\/dpress.ma\/fr\/wp-json\/wp\/v2\/media\/18967"}],"wp:attachment":[{"href":"https:\/\/dpress.ma\/fr\/wp-json\/wp\/v2\/media?parent=18966"}],"wp:term":[{"taxonomy":"category","embeddable":true,"href":"https:\/\/dpress.ma\/fr\/wp-json\/wp\/v2\/categories?post=18966"},{"taxonomy":"post_tag","embeddable":true,"href":"https:\/\/dpress.ma\/fr\/wp-json\/wp\/v2\/tags?post=18966"}],"curies":[{"name":"wp","href":"https:\/\/api.w.org\/{rel}","templated":true}]}}