{"id":18960,"date":"2025-12-17T16:56:54","date_gmt":"2025-12-17T16:56:54","guid":{"rendered":"https:\/\/dpress.ma\/fr\/?p=18960"},"modified":"2025-12-17T16:56:55","modified_gmt":"2025-12-17T16:56:55","slug":"les-fake-news-une-menace-pour-la-memoire-collective-les-valeurs-communes-et-la-confiance-dans-les-institutions","status":"publish","type":"post","link":"https:\/\/dpress.ma\/fr\/2025\/12\/17\/les-fake-news-une-menace-pour-la-memoire-collective-les-valeurs-communes-et-la-confiance-dans-les-institutions\/","title":{"rendered":"Les Fake news, une menace pour la m\u00e9moire collective, les valeurs communes et la confiance dans les institutions"},"content":{"rendered":"\n<p>Dpress<\/p>\n\n\n\n<p>Les Fake news constituent une menace pour la m\u00e9moire collective, les valeurs communes et la confiance de la soci\u00e9t\u00e9 dans ses institutions, a indiqu\u00e9, mercredi \u00e0 Rabat, le ministre de la Jeunesse, de la Culture et de la Communication, Mohamed Mehdi Bensaid.<\/p>\n\n\n\n<p>S\u2019exprimant lors d\u2019une r\u00e9union organis\u00e9e par le minist\u00e8re -D\u00e9partement de la Communication- sur le th\u00e8me \u201cLa lutte contre les Fake news : approches et regards crois\u00e9s\u201d, M. Bensaid a affirm\u00e9 que le Maroc, sous la sage conduite de Sa Majest\u00e9 le Roi Mohammed VI, est convaincu que la construction d\u2019une soci\u00e9t\u00e9 consciente et immunis\u00e9e passe par l\u2019instauration d\u2019un environnement m\u00e9diatique sain, o\u00f9 triomphe l\u2019information fiable et s\u00fbre.<\/p>\n\n\n\n<p>Dans le contexte de la r\u00e9volution num\u00e9rique, l\u2019acc\u00e8s \u00e0 l\u2019information fiable est de plus en plus menac\u00e9, a-t-il estim\u00e9, ajoutant que \u201cl\u2019information n\u2019est plus seulement une nouvelle, mais est devenue un outil pouvant \u00eatre mobilis\u00e9 pour semer la discorde, d\u00e9former les faits, porter atteinte aux institutions et affaiblir l\u2019immunit\u00e9 nationale.<\/p>\n\n\n\n<p>Selon lui, l\u2019espace m\u00e9diatique et num\u00e9rique au Maroc, \u00e0 l\u2019instar des autres pays, conna\u00eet des mutations rapides qui ont une incidence sur le mode de production et de consommation de l\u2019information, ainsi que sur les mod\u00e8les connus de production et de diffusion de l\u2019information.<\/p>\n\n\n\n<p>La diffusion rapide de l\u2019information, dans le contexte des changements impos\u00e9s par la \u201cr\u00e9volution num\u00e9rique\u201d, implique la perturbation du processus de v\u00e9rification des informations, ce qui augmente le nombre des fake news et des rumeurs et, par ricochet, peut aboutir \u00e0 la d\u00e9sinformation et \u00e0 la falsification des faits, a-t-il fait observer.<\/p>\n\n\n\n<p>\u00c0 cet \u00e9gard, le ministre a fait savoir que \u201cce contexte n\u00e9cessite le renforcement des m\u00e9dias publics et priv\u00e9s nationaux et la production de l\u2019information de mani\u00e8re transparente et rapide\u201d, soulignant l\u2019importance de soutenir la presse d\u2019investigation sp\u00e9cialis\u00e9e dans la v\u00e9rification des faits (fact-checking), consid\u00e9r\u00e9e comme la premi\u00e8re ligne de d\u00e9fense de la cr\u00e9dibilit\u00e9 de l\u2019information.<\/p>\n\n\n\n<p>Cette rencontre, a-t-il relev\u00e9, constitue une reconnaissance que la lutte contre la d\u00e9sinformation ne peut aboutir qu\u2019\u00e0 travers la conjugaison des efforts et la compl\u00e9mentarit\u00e9 des visions entre les diff\u00e9rents secteurs et domaines, mettant l\u2019accent sur l\u2019importance pour les jeunes de passer de la consommation passive des informations \u00e0 une attitude plus critique et analytique.<\/p>\n\n\n\n<p>Revenant sur les principales \u00e9tapes du processus de renforcement de la libert\u00e9 d\u2019expression et de consolidation du r\u00f4le de la presse professionnelle au Maroc, il a soulign\u00e9 que le d\u00e9veloppement institutionnel et l\u00e9gislatif du Royaume a renforc\u00e9 le r\u00f4le de la presse professionnelle en mati\u00e8re d\u2019accompagnement et de sensibilisation du citoyen, notant que la Constitution de 2011 a couronn\u00e9 ce processus en r\u00e9affirmant le droit \u00e0 une presse libre, plurielle et responsable.<\/p>\n\n\n\n<p>Le Maroc poursuit le d\u00e9veloppement de son cadre l\u00e9gal r\u00e9gissant les m\u00e9tiers de la presse et des m\u00e9dias, tout en renfor\u00e7ant les m\u00e9canismes d\u00e9di\u00e9s \u00e0 la promotion du mod\u00e8le \u00e9conomique des entreprises m\u00e9diatiques, a-t-il soutenu.<\/p>\n\n\n\n<p>M. Bensaid a, de m\u00eame, fait valoir que les entreprises m\u00e9diatiques se doivent de redoubler d\u2019efforts afin de combler le foss\u00e9 num\u00e9rique en garantissant le droit du public \u00e0 l\u2019information et en prot\u00e9geant la soci\u00e9t\u00e9 des dangers relatifs aux fake news, \u00e0 travers la v\u00e9rification des faits (fact-checking) et le d\u00e9veloppement de l\u2019esprit critique.<\/p>\n\n\n\n<p>Le minist\u00e8re est pleinement engag\u00e9 \u00e0 renforcer l\u2019\u00e9ducation aux m\u00e9dias \u00e0 travers plusieurs initiatives, formations et guides p\u00e9dagogiques \u00e9labor\u00e9s par le l\u2019Institut sup\u00e9rieur de l\u2019information et de la communication (ISIC), a-t-il affirm\u00e9.<\/p>\n\n\n\n<p>Cette rencontre, qui r\u00e9unit les diff\u00e9rents acteurs institutionnels et professionnels du secteur, ainsi que des experts dans les domaines de l\u2019information et du num\u00e9rique, s\u2019inscrit dans la continuit\u00e9 des efforts d\u00e9ploy\u00e9s par le minist\u00e8re en vue de faire face \u00e0 certains ph\u00e9nom\u00e8nes, dont les fake news, \u00e0 travers une approche sociale et durable, bas\u00e9e sur le dialogue, la coop\u00e9ration et le partage d\u2019exp\u00e9riences et des bonnes pratiques.<\/p>\n","protected":false},"excerpt":{"rendered":"<p>Dpress Les Fake news constituent une menace pour la m\u00e9moire collective, les valeurs communes et la confiance de la soci\u00e9t\u00e9 dans ses institutions, a indiqu\u00e9, mercredi \u00e0 Rabat, le ministre de la Jeunesse, de la Culture et de la Communication, Mohamed Mehdi Bensaid. S\u2019exprimant lors d\u2019une r\u00e9union organis\u00e9e par le minist\u00e8re -D\u00e9partement de la Communication- &hellip;<\/p>\n","protected":false},"author":2,"featured_media":18961,"comment_status":"open","ping_status":"open","sticky":false,"template":"","format":"standard","meta":{"footnotes":""},"categories":[40],"tags":[],"class_list":["post-18960","post","type-post","status-publish","format-standard","has-post-thumbnail","hentry","category-societe-et-regions"],"yoast_head":"<!-- This site is optimized with the Yoast SEO plugin v27.5 - https:\/\/yoast.com\/product\/yoast-seo-wordpress\/ -->\n<title>Les Fake news, une menace pour la m\u00e9moire collective, les valeurs communes et la confiance dans les institutions - Dpress.ma\/fr<\/title>\n<meta name=\"robots\" content=\"index, follow, max-snippet:-1, max-image-preview:large, max-video-preview:-1\" \/>\n<link rel=\"canonical\" href=\"https:\/\/dpress.ma\/fr\/2025\/12\/17\/les-fake-news-une-menace-pour-la-memoire-collective-les-valeurs-communes-et-la-confiance-dans-les-institutions\/\" \/>\n<meta property=\"og:locale\" content=\"fr_FR\" \/>\n<meta property=\"og:type\" content=\"article\" \/>\n<meta property=\"og:title\" content=\"Les Fake news, une menace pour la m\u00e9moire collective, les valeurs communes et la confiance dans les institutions - Dpress.ma\/fr\" \/>\n<meta property=\"og:description\" content=\"Dpress Les Fake news constituent une menace pour la m\u00e9moire collective, les valeurs communes et la confiance de la soci\u00e9t\u00e9 dans ses institutions, a indiqu\u00e9, mercredi \u00e0 Rabat, le ministre de la Jeunesse, de la Culture et de la Communication, Mohamed Mehdi Bensaid. S\u2019exprimant lors d\u2019une r\u00e9union organis\u00e9e par le minist\u00e8re -D\u00e9partement de la Communication- &hellip;\" \/>\n<meta property=\"og:url\" content=\"https:\/\/dpress.ma\/fr\/2025\/12\/17\/les-fake-news-une-menace-pour-la-memoire-collective-les-valeurs-communes-et-la-confiance-dans-les-institutions\/\" \/>\n<meta property=\"og:site_name\" content=\"Dpress.ma\/fr\" \/>\n<meta property=\"article:published_time\" content=\"2025-12-17T16:56:54+00:00\" \/>\n<meta property=\"article:modified_time\" content=\"2025-12-17T16:56:55+00:00\" \/>\n<meta property=\"og:image\" content=\"https:\/\/dpress.ma\/fr\/wp-content\/uploads\/sites\/2\/2025\/12\/16-3.jpg\" \/>\n\t<meta property=\"og:image:width\" content=\"2539\" \/>\n\t<meta property=\"og:image:height\" content=\"1594\" \/>\n\t<meta property=\"og:image:type\" content=\"image\/jpeg\" \/>\n<meta name=\"author\" content=\"Dpress.ma\" \/>\n<meta name=\"twitter:card\" content=\"summary_large_image\" \/>\n<meta name=\"twitter:label1\" content=\"\u00c9crit par\" \/>\n\t<meta name=\"twitter:data1\" content=\"Dpress.ma\" \/>\n\t<meta name=\"twitter:label2\" content=\"Dur\u00e9e de lecture estim\u00e9e\" \/>\n\t<meta name=\"twitter:data2\" content=\"4 minutes\" \/>\n<script type=\"application\/ld+json\" class=\"yoast-schema-graph\">{\"@context\":\"https:\\\/\\\/schema.org\",\"@graph\":[{\"@type\":\"Article\",\"@id\":\"https:\\\/\\\/dpress.ma\\\/fr\\\/2025\\\/12\\\/17\\\/les-fake-news-une-menace-pour-la-memoire-collective-les-valeurs-communes-et-la-confiance-dans-les-institutions\\\/#article\",\"isPartOf\":{\"@id\":\"https:\\\/\\\/dpress.ma\\\/fr\\\/2025\\\/12\\\/17\\\/les-fake-news-une-menace-pour-la-memoire-collective-les-valeurs-communes-et-la-confiance-dans-les-institutions\\\/\"},\"author\":{\"name\":\"Dpress.ma\",\"@id\":\"https:\\\/\\\/dpress.ma\\\/fr\\\/#\\\/schema\\\/person\\\/4898febf3ccd59e6578d838656a306a0\"},\"headline\":\"Les Fake news, une menace pour la m\u00e9moire collective, les valeurs communes et la confiance dans les institutions\",\"datePublished\":\"2025-12-17T16:56:54+00:00\",\"dateModified\":\"2025-12-17T16:56:55+00:00\",\"mainEntityOfPage\":{\"@id\":\"https:\\\/\\\/dpress.ma\\\/fr\\\/2025\\\/12\\\/17\\\/les-fake-news-une-menace-pour-la-memoire-collective-les-valeurs-communes-et-la-confiance-dans-les-institutions\\\/\"},\"wordCount\":742,\"commentCount\":0,\"image\":{\"@id\":\"https:\\\/\\\/dpress.ma\\\/fr\\\/2025\\\/12\\\/17\\\/les-fake-news-une-menace-pour-la-memoire-collective-les-valeurs-communes-et-la-confiance-dans-les-institutions\\\/#primaryimage\"},\"thumbnailUrl\":\"https:\\\/\\\/dpress.ma\\\/fr\\\/wp-content\\\/uploads\\\/sites\\\/2\\\/2025\\\/12\\\/16-3.jpg\",\"articleSection\":[\"societe et regions\"],\"inLanguage\":\"fr-FR\",\"potentialAction\":[{\"@type\":\"CommentAction\",\"name\":\"Comment\",\"target\":[\"https:\\\/\\\/dpress.ma\\\/fr\\\/2025\\\/12\\\/17\\\/les-fake-news-une-menace-pour-la-memoire-collective-les-valeurs-communes-et-la-confiance-dans-les-institutions\\\/#respond\"]}]},{\"@type\":\"WebPage\",\"@id\":\"https:\\\/\\\/dpress.ma\\\/fr\\\/2025\\\/12\\\/17\\\/les-fake-news-une-menace-pour-la-memoire-collective-les-valeurs-communes-et-la-confiance-dans-les-institutions\\\/\",\"url\":\"https:\\\/\\\/dpress.ma\\\/fr\\\/2025\\\/12\\\/17\\\/les-fake-news-une-menace-pour-la-memoire-collective-les-valeurs-communes-et-la-confiance-dans-les-institutions\\\/\",\"name\":\"Les Fake news, une menace pour la m\u00e9moire collective, les valeurs communes et la confiance dans les institutions - Dpress.ma\\\/fr\",\"isPartOf\":{\"@id\":\"https:\\\/\\\/dpress.ma\\\/fr\\\/#website\"},\"primaryImageOfPage\":{\"@id\":\"https:\\\/\\\/dpress.ma\\\/fr\\\/2025\\\/12\\\/17\\\/les-fake-news-une-menace-pour-la-memoire-collective-les-valeurs-communes-et-la-confiance-dans-les-institutions\\\/#primaryimage\"},\"image\":{\"@id\":\"https:\\\/\\\/dpress.ma\\\/fr\\\/2025\\\/12\\\/17\\\/les-fake-news-une-menace-pour-la-memoire-collective-les-valeurs-communes-et-la-confiance-dans-les-institutions\\\/#primaryimage\"},\"thumbnailUrl\":\"https:\\\/\\\/dpress.ma\\\/fr\\\/wp-content\\\/uploads\\\/sites\\\/2\\\/2025\\\/12\\\/16-3.jpg\",\"datePublished\":\"2025-12-17T16:56:54+00:00\",\"dateModified\":\"2025-12-17T16:56:55+00:00\",\"author\":{\"@id\":\"https:\\\/\\\/dpress.ma\\\/fr\\\/#\\\/schema\\\/person\\\/4898febf3ccd59e6578d838656a306a0\"},\"breadcrumb\":{\"@id\":\"https:\\\/\\\/dpress.ma\\\/fr\\\/2025\\\/12\\\/17\\\/les-fake-news-une-menace-pour-la-memoire-collective-les-valeurs-communes-et-la-confiance-dans-les-institutions\\\/#breadcrumb\"},\"inLanguage\":\"fr-FR\",\"potentialAction\":[{\"@type\":\"ReadAction\",\"target\":[\"https:\\\/\\\/dpress.ma\\\/fr\\\/2025\\\/12\\\/17\\\/les-fake-news-une-menace-pour-la-memoire-collective-les-valeurs-communes-et-la-confiance-dans-les-institutions\\\/\"]}]},{\"@type\":\"ImageObject\",\"inLanguage\":\"fr-FR\",\"@id\":\"https:\\\/\\\/dpress.ma\\\/fr\\\/2025\\\/12\\\/17\\\/les-fake-news-une-menace-pour-la-memoire-collective-les-valeurs-communes-et-la-confiance-dans-les-institutions\\\/#primaryimage\",\"url\":\"https:\\\/\\\/dpress.ma\\\/fr\\\/wp-content\\\/uploads\\\/sites\\\/2\\\/2025\\\/12\\\/16-3.jpg\",\"contentUrl\":\"https:\\\/\\\/dpress.ma\\\/fr\\\/wp-content\\\/uploads\\\/sites\\\/2\\\/2025\\\/12\\\/16-3.jpg\",\"width\":2539,\"height\":1594},{\"@type\":\"BreadcrumbList\",\"@id\":\"https:\\\/\\\/dpress.ma\\\/fr\\\/2025\\\/12\\\/17\\\/les-fake-news-une-menace-pour-la-memoire-collective-les-valeurs-communes-et-la-confiance-dans-les-institutions\\\/#breadcrumb\",\"itemListElement\":[{\"@type\":\"ListItem\",\"position\":1,\"name\":\"Home\",\"item\":\"https:\\\/\\\/dpress.ma\\\/fr\\\/\"},{\"@type\":\"ListItem\",\"position\":2,\"name\":\"Les Fake news, une menace pour la m\u00e9moire collective, les valeurs communes et la confiance dans les institutions\"}]},{\"@type\":\"WebSite\",\"@id\":\"https:\\\/\\\/dpress.ma\\\/fr\\\/#website\",\"url\":\"https:\\\/\\\/dpress.ma\\\/fr\\\/\",\"name\":\"Dpress.ma\\\/fr\",\"description\":\"\",\"potentialAction\":[{\"@type\":\"SearchAction\",\"target\":{\"@type\":\"EntryPoint\",\"urlTemplate\":\"https:\\\/\\\/dpress.ma\\\/fr\\\/?s={search_term_string}\"},\"query-input\":{\"@type\":\"PropertyValueSpecification\",\"valueRequired\":true,\"valueName\":\"search_term_string\"}}],\"inLanguage\":\"fr-FR\"},{\"@type\":\"Person\",\"@id\":\"https:\\\/\\\/dpress.ma\\\/fr\\\/#\\\/schema\\\/person\\\/4898febf3ccd59e6578d838656a306a0\",\"name\":\"Dpress.ma\",\"image\":{\"@type\":\"ImageObject\",\"inLanguage\":\"fr-FR\",\"@id\":\"https:\\\/\\\/secure.gravatar.com\\\/avatar\\\/72ecc30e9db047a2e0e7176561eb9d564ed77c8108376495b19bd8336405198a?s=96&d=mm&r=g\",\"url\":\"https:\\\/\\\/secure.gravatar.com\\\/avatar\\\/72ecc30e9db047a2e0e7176561eb9d564ed77c8108376495b19bd8336405198a?s=96&d=mm&r=g\",\"contentUrl\":\"https:\\\/\\\/secure.gravatar.com\\\/avatar\\\/72ecc30e9db047a2e0e7176561eb9d564ed77c8108376495b19bd8336405198a?s=96&d=mm&r=g\",\"caption\":\"Dpress.ma\"},\"sameAs\":[\"https:\\\/\\\/www.dpress.ma\"],\"url\":\"https:\\\/\\\/dpress.ma\\\/fr\\\/author\\\/dpress-ma\\\/\"}]}<\/script>\n<!-- \/ Yoast SEO plugin. -->","yoast_head_json":{"title":"Les Fake news, une menace pour la m\u00e9moire collective, les valeurs communes et la confiance dans les institutions - Dpress.ma\/fr","robots":{"index":"index","follow":"follow","max-snippet":"max-snippet:-1","max-image-preview":"max-image-preview:large","max-video-preview":"max-video-preview:-1"},"canonical":"https:\/\/dpress.ma\/fr\/2025\/12\/17\/les-fake-news-une-menace-pour-la-memoire-collective-les-valeurs-communes-et-la-confiance-dans-les-institutions\/","og_locale":"fr_FR","og_type":"article","og_title":"Les Fake news, une menace pour la m\u00e9moire collective, les valeurs communes et la confiance dans les institutions - Dpress.ma\/fr","og_description":"Dpress Les Fake news constituent une menace pour la m\u00e9moire collective, les valeurs communes et la confiance de la soci\u00e9t\u00e9 dans ses institutions, a indiqu\u00e9, mercredi \u00e0 Rabat, le ministre de la Jeunesse, de la Culture et de la Communication, Mohamed Mehdi Bensaid. S\u2019exprimant lors d\u2019une r\u00e9union organis\u00e9e par le minist\u00e8re -D\u00e9partement de la Communication- &hellip;","og_url":"https:\/\/dpress.ma\/fr\/2025\/12\/17\/les-fake-news-une-menace-pour-la-memoire-collective-les-valeurs-communes-et-la-confiance-dans-les-institutions\/","og_site_name":"Dpress.ma\/fr","article_published_time":"2025-12-17T16:56:54+00:00","article_modified_time":"2025-12-17T16:56:55+00:00","og_image":[{"width":2539,"height":1594,"url":"https:\/\/dpress.ma\/fr\/wp-content\/uploads\/sites\/2\/2025\/12\/16-3.jpg","type":"image\/jpeg"}],"author":"Dpress.ma","twitter_card":"summary_large_image","twitter_misc":{"\u00c9crit par":"Dpress.ma","Dur\u00e9e de lecture estim\u00e9e":"4 minutes"},"schema":{"@context":"https:\/\/schema.org","@graph":[{"@type":"Article","@id":"https:\/\/dpress.ma\/fr\/2025\/12\/17\/les-fake-news-une-menace-pour-la-memoire-collective-les-valeurs-communes-et-la-confiance-dans-les-institutions\/#article","isPartOf":{"@id":"https:\/\/dpress.ma\/fr\/2025\/12\/17\/les-fake-news-une-menace-pour-la-memoire-collective-les-valeurs-communes-et-la-confiance-dans-les-institutions\/"},"author":{"name":"Dpress.ma","@id":"https:\/\/dpress.ma\/fr\/#\/schema\/person\/4898febf3ccd59e6578d838656a306a0"},"headline":"Les Fake news, une menace pour la m\u00e9moire collective, les valeurs communes et la confiance dans les institutions","datePublished":"2025-12-17T16:56:54+00:00","dateModified":"2025-12-17T16:56:55+00:00","mainEntityOfPage":{"@id":"https:\/\/dpress.ma\/fr\/2025\/12\/17\/les-fake-news-une-menace-pour-la-memoire-collective-les-valeurs-communes-et-la-confiance-dans-les-institutions\/"},"wordCount":742,"commentCount":0,"image":{"@id":"https:\/\/dpress.ma\/fr\/2025\/12\/17\/les-fake-news-une-menace-pour-la-memoire-collective-les-valeurs-communes-et-la-confiance-dans-les-institutions\/#primaryimage"},"thumbnailUrl":"https:\/\/dpress.ma\/fr\/wp-content\/uploads\/sites\/2\/2025\/12\/16-3.jpg","articleSection":["societe et regions"],"inLanguage":"fr-FR","potentialAction":[{"@type":"CommentAction","name":"Comment","target":["https:\/\/dpress.ma\/fr\/2025\/12\/17\/les-fake-news-une-menace-pour-la-memoire-collective-les-valeurs-communes-et-la-confiance-dans-les-institutions\/#respond"]}]},{"@type":"WebPage","@id":"https:\/\/dpress.ma\/fr\/2025\/12\/17\/les-fake-news-une-menace-pour-la-memoire-collective-les-valeurs-communes-et-la-confiance-dans-les-institutions\/","url":"https:\/\/dpress.ma\/fr\/2025\/12\/17\/les-fake-news-une-menace-pour-la-memoire-collective-les-valeurs-communes-et-la-confiance-dans-les-institutions\/","name":"Les Fake news, une menace pour la m\u00e9moire collective, les valeurs communes et la confiance dans les institutions - Dpress.ma\/fr","isPartOf":{"@id":"https:\/\/dpress.ma\/fr\/#website"},"primaryImageOfPage":{"@id":"https:\/\/dpress.ma\/fr\/2025\/12\/17\/les-fake-news-une-menace-pour-la-memoire-collective-les-valeurs-communes-et-la-confiance-dans-les-institutions\/#primaryimage"},"image":{"@id":"https:\/\/dpress.ma\/fr\/2025\/12\/17\/les-fake-news-une-menace-pour-la-memoire-collective-les-valeurs-communes-et-la-confiance-dans-les-institutions\/#primaryimage"},"thumbnailUrl":"https:\/\/dpress.ma\/fr\/wp-content\/uploads\/sites\/2\/2025\/12\/16-3.jpg","datePublished":"2025-12-17T16:56:54+00:00","dateModified":"2025-12-17T16:56:55+00:00","author":{"@id":"https:\/\/dpress.ma\/fr\/#\/schema\/person\/4898febf3ccd59e6578d838656a306a0"},"breadcrumb":{"@id":"https:\/\/dpress.ma\/fr\/2025\/12\/17\/les-fake-news-une-menace-pour-la-memoire-collective-les-valeurs-communes-et-la-confiance-dans-les-institutions\/#breadcrumb"},"inLanguage":"fr-FR","potentialAction":[{"@type":"ReadAction","target":["https:\/\/dpress.ma\/fr\/2025\/12\/17\/les-fake-news-une-menace-pour-la-memoire-collective-les-valeurs-communes-et-la-confiance-dans-les-institutions\/"]}]},{"@type":"ImageObject","inLanguage":"fr-FR","@id":"https:\/\/dpress.ma\/fr\/2025\/12\/17\/les-fake-news-une-menace-pour-la-memoire-collective-les-valeurs-communes-et-la-confiance-dans-les-institutions\/#primaryimage","url":"https:\/\/dpress.ma\/fr\/wp-content\/uploads\/sites\/2\/2025\/12\/16-3.jpg","contentUrl":"https:\/\/dpress.ma\/fr\/wp-content\/uploads\/sites\/2\/2025\/12\/16-3.jpg","width":2539,"height":1594},{"@type":"BreadcrumbList","@id":"https:\/\/dpress.ma\/fr\/2025\/12\/17\/les-fake-news-une-menace-pour-la-memoire-collective-les-valeurs-communes-et-la-confiance-dans-les-institutions\/#breadcrumb","itemListElement":[{"@type":"ListItem","position":1,"name":"Home","item":"https:\/\/dpress.ma\/fr\/"},{"@type":"ListItem","position":2,"name":"Les Fake news, une menace pour la m\u00e9moire collective, les valeurs communes et la confiance dans les institutions"}]},{"@type":"WebSite","@id":"https:\/\/dpress.ma\/fr\/#website","url":"https:\/\/dpress.ma\/fr\/","name":"Dpress.ma\/fr","description":"","potentialAction":[{"@type":"SearchAction","target":{"@type":"EntryPoint","urlTemplate":"https:\/\/dpress.ma\/fr\/?s={search_term_string}"},"query-input":{"@type":"PropertyValueSpecification","valueRequired":true,"valueName":"search_term_string"}}],"inLanguage":"fr-FR"},{"@type":"Person","@id":"https:\/\/dpress.ma\/fr\/#\/schema\/person\/4898febf3ccd59e6578d838656a306a0","name":"Dpress.ma","image":{"@type":"ImageObject","inLanguage":"fr-FR","@id":"https:\/\/secure.gravatar.com\/avatar\/72ecc30e9db047a2e0e7176561eb9d564ed77c8108376495b19bd8336405198a?s=96&d=mm&r=g","url":"https:\/\/secure.gravatar.com\/avatar\/72ecc30e9db047a2e0e7176561eb9d564ed77c8108376495b19bd8336405198a?s=96&d=mm&r=g","contentUrl":"https:\/\/secure.gravatar.com\/avatar\/72ecc30e9db047a2e0e7176561eb9d564ed77c8108376495b19bd8336405198a?s=96&d=mm&r=g","caption":"Dpress.ma"},"sameAs":["https:\/\/www.dpress.ma"],"url":"https:\/\/dpress.ma\/fr\/author\/dpress-ma\/"}]}},"amp_enabled":true,"_links":{"self":[{"href":"https:\/\/dpress.ma\/fr\/wp-json\/wp\/v2\/posts\/18960","targetHints":{"allow":["GET"]}}],"collection":[{"href":"https:\/\/dpress.ma\/fr\/wp-json\/wp\/v2\/posts"}],"about":[{"href":"https:\/\/dpress.ma\/fr\/wp-json\/wp\/v2\/types\/post"}],"author":[{"embeddable":true,"href":"https:\/\/dpress.ma\/fr\/wp-json\/wp\/v2\/users\/2"}],"replies":[{"embeddable":true,"href":"https:\/\/dpress.ma\/fr\/wp-json\/wp\/v2\/comments?post=18960"}],"version-history":[{"count":1,"href":"https:\/\/dpress.ma\/fr\/wp-json\/wp\/v2\/posts\/18960\/revisions"}],"predecessor-version":[{"id":18962,"href":"https:\/\/dpress.ma\/fr\/wp-json\/wp\/v2\/posts\/18960\/revisions\/18962"}],"wp:featuredmedia":[{"embeddable":true,"href":"https:\/\/dpress.ma\/fr\/wp-json\/wp\/v2\/media\/18961"}],"wp:attachment":[{"href":"https:\/\/dpress.ma\/fr\/wp-json\/wp\/v2\/media?parent=18960"}],"wp:term":[{"taxonomy":"category","embeddable":true,"href":"https:\/\/dpress.ma\/fr\/wp-json\/wp\/v2\/categories?post=18960"},{"taxonomy":"post_tag","embeddable":true,"href":"https:\/\/dpress.ma\/fr\/wp-json\/wp\/v2\/tags?post=18960"}],"curies":[{"name":"wp","href":"https:\/\/api.w.org\/{rel}","templated":true}]}}