{"id":18957,"date":"2025-12-17T16:39:32","date_gmt":"2025-12-17T16:39:32","guid":{"rendered":"https:\/\/dpress.ma\/fr\/?p=18957"},"modified":"2025-12-17T16:39:33","modified_gmt":"2025-12-17T16:39:33","slug":"tetouan-mobilisation-constante-et-mesures-proactives-face-aux-risques-liees-aux-perturbations-meteorologiques","status":"publish","type":"post","link":"https:\/\/dpress.ma\/fr\/2025\/12\/17\/tetouan-mobilisation-constante-et-mesures-proactives-face-aux-risques-liees-aux-perturbations-meteorologiques\/","title":{"rendered":"T\u00e9touan: Mobilisation constante et mesures proactives face aux risques li\u00e9es aux perturbations m\u00e9t\u00e9orologiques"},"content":{"rendered":"\n<p>Dpress<\/p>\n\n\n\n<p>La mobilisation constante et les mesures proactives mise en oeuvre \u00e0 l\u2019\u00e9chelle de la province de T\u00e9touan ont permis&nbsp;de limiter les effets n\u00e9gatifs des perturbations m\u00e9t\u00e9orologiques et d\u2019assurer une gestion efficace des apports en eau r\u00e9sultant des fortes pr\u00e9cipitations enregistr\u00e9es ces derniers jours.<\/p>\n\n\n\n<p>La ville de T\u00e9touan a ainsi enregistr\u00e9 un cumul de pr\u00e9cipitations de 150 mm sur 72 heures, dont pr\u00e8s de 25 mm en seulement 30 minutes, sans qu\u2019aucun d\u00e9g\u00e2t mat\u00e9riel majeur n\u2019ait \u00e9t\u00e9 constat\u00e9.<\/p>\n\n\n\n<p>Cette situation s\u2019explique par la r\u00e9alisation de plusieurs ouvrages et infrastructures destin\u00e9s \u00e0 r\u00e9duire les risques d\u2019inondation, ainsi que par les mesures proactives engag\u00e9es pour la mise \u00e0 niveau des oueds et des chenaux hydrauliques.<\/p>\n\n\n\n<p>Dans une d\u00e9claration \u00e0 la MAP, le chef du service de l\u2019\u00e9quipement \u00e0 la province de T\u00e9touan, Mohamed Bousmaha, a indiqu\u00e9 que la province a enregistr\u00e9 des pr\u00e9cipitations importantes d\u2019une intensit\u00e9 in\u00e9dite au cours des trente derni\u00e8res ann\u00e9es.<\/p>\n\n\n\n<p>Il a pr\u00e9cis\u00e9 que le Comit\u00e9 de veille, pr\u00e9sid\u00e9 par le gouverneur de la province, a adopt\u00e9 une s\u00e9rie de mesures proactives pour faire face aux risques d\u2019inondation, mobilisant 103 engins et 850 personnes, comprenant ouvriers, techniciens et ing\u00e9nieurs, pour intervenir dans les zones expos\u00e9es.<\/p>\n\n\n\n<p>Le responsable a indiqu\u00e9 que plusieurs quartiers, qui avaient \u00e9t\u00e9 expos\u00e9s \u00e0 des submersions au cours des ann\u00e9es pr\u00e9c\u00e9dentes, n\u2019ont cette ann\u00e9e rencontr\u00e9 aucun risque majeur, gr\u00e2ce aux efforts d\u00e9ploy\u00e9s pour la r\u00e9alisation d\u2019infrastructures et l\u2019installation de conduites de grand diam\u00e8tre destin\u00e9es \u00e0 l\u2019\u00e9vacuation des eaux pluviales.<\/p>\n\n\n\n<p>Cette mobilisation constante a \u00e9galement permis de rouvrir rapidement toutes les routes et pistes rurales dont la circulation avait \u00e9t\u00e9 partiellement interrompue, ainsi que d\u2019\u00e9vacuer les exc\u00e9dents d\u2019eau de pluie et les mares form\u00e9es \u00e0 la suite des pr\u00e9cipitations.<\/p>\n\n\n\n<p>De son c\u00f4t\u00e9, le directeur de l\u2019Agence du bassin hydraulique du Loukkos, Mohamed Abdellah Zouini, a indiqu\u00e9 que la province de T\u00e9touan a enregistr\u00e9, du 12 au 16 d\u00e9cembre, d\u2019importantes pr\u00e9cipitations, avec un cumul maximal de 180 mm \u00e0 l\u2019\u00e9chelle de la province et d\u2019environ 150 mm dans la ville de T\u00e9touan.<\/p>\n\n\n\n<p>Il a soulign\u00e9 que \u201cles investissements r\u00e9alis\u00e9s dans le cadre de projets majeurs de protection de la ville contre les inondations ont eu un impact significatif sur la protection de l\u2019ensemble des populations riveraines des oueds\u201d.<\/p>\n\n\n\n<p>Par ailleurs, il a mis en avant l\u2019impact positif de ces pr\u00e9cipitations sur la recharge de la nappe phr\u00e9atique, pr\u00e9cisant que les barrages de la r\u00e9gion ont re\u00e7u des apports en eau importants, estim\u00e9s \u00e0 environ 10,6 millions de m\u00e8tres cubes en l\u2019espace de quatre jours, avec des pr\u00e9visions d\u2019apports suppl\u00e9mentaires dans les jours \u00e0 venir.<\/p>\n\n\n\n<p>Il a conclu que les mesures proactives mises en \u0153uvre par la province de T\u00e9touan, dans le cadre du Comit\u00e9 de veille pr\u00e9sid\u00e9 par le gouverneur, ont permis une gestion efficace de l\u2019\u00e9coulement des eaux pluviales, notamment gr\u00e2ce aux op\u00e9rations de curage et de nettoyage des oueds, ainsi qu\u2019\u00e0 l\u2019installation de canalisations d\u00e9di\u00e9es \u00e0 l\u2019\u00e9vacuation des eaux de pluie.<\/p>\n","protected":false},"excerpt":{"rendered":"<p>Dpress La mobilisation constante et les mesures proactives mise en oeuvre \u00e0 l\u2019\u00e9chelle de la province de T\u00e9touan ont permis&nbsp;de limiter les effets n\u00e9gatifs des perturbations m\u00e9t\u00e9orologiques et d\u2019assurer une gestion efficace des apports en eau r\u00e9sultant des fortes pr\u00e9cipitations enregistr\u00e9es ces derniers jours. La ville de T\u00e9touan a ainsi enregistr\u00e9 un cumul de pr\u00e9cipitations &hellip;<\/p>\n","protected":false},"author":2,"featured_media":18958,"comment_status":"open","ping_status":"open","sticky":false,"template":"","format":"standard","meta":{"footnotes":""},"categories":[40],"tags":[],"class_list":["post-18957","post","type-post","status-publish","format-standard","has-post-thumbnail","hentry","category-societe-et-regions"],"yoast_head":"<!-- This site is optimized with the Yoast SEO plugin v27.5 - https:\/\/yoast.com\/product\/yoast-seo-wordpress\/ -->\n<title>T\u00e9touan: Mobilisation constante et mesures proactives face aux risques li\u00e9es aux perturbations m\u00e9t\u00e9orologiques - Dpress.ma\/fr<\/title>\n<meta name=\"robots\" content=\"index, follow, max-snippet:-1, max-image-preview:large, max-video-preview:-1\" \/>\n<link rel=\"canonical\" href=\"https:\/\/dpress.ma\/fr\/2025\/12\/17\/tetouan-mobilisation-constante-et-mesures-proactives-face-aux-risques-liees-aux-perturbations-meteorologiques\/\" \/>\n<meta property=\"og:locale\" content=\"fr_FR\" \/>\n<meta property=\"og:type\" content=\"article\" \/>\n<meta property=\"og:title\" content=\"T\u00e9touan: Mobilisation constante et mesures proactives face aux risques li\u00e9es aux perturbations m\u00e9t\u00e9orologiques - Dpress.ma\/fr\" \/>\n<meta property=\"og:description\" content=\"Dpress La mobilisation constante et les mesures proactives mise en oeuvre \u00e0 l\u2019\u00e9chelle de la province de T\u00e9touan ont permis&nbsp;de limiter les effets n\u00e9gatifs des perturbations m\u00e9t\u00e9orologiques et d\u2019assurer une gestion efficace des apports en eau r\u00e9sultant des fortes pr\u00e9cipitations enregistr\u00e9es ces derniers jours. La ville de T\u00e9touan a ainsi enregistr\u00e9 un cumul de pr\u00e9cipitations &hellip;\" \/>\n<meta property=\"og:url\" content=\"https:\/\/dpress.ma\/fr\/2025\/12\/17\/tetouan-mobilisation-constante-et-mesures-proactives-face-aux-risques-liees-aux-perturbations-meteorologiques\/\" \/>\n<meta property=\"og:site_name\" content=\"Dpress.ma\/fr\" \/>\n<meta property=\"article:published_time\" content=\"2025-12-17T16:39:32+00:00\" \/>\n<meta property=\"article:modified_time\" content=\"2025-12-17T16:39:33+00:00\" \/>\n<meta property=\"og:image\" content=\"https:\/\/dpress.ma\/fr\/wp-content\/uploads\/sites\/2\/2025\/12\/11-6.jpg\" \/>\n\t<meta property=\"og:image:width\" content=\"2539\" \/>\n\t<meta property=\"og:image:height\" content=\"1594\" \/>\n\t<meta property=\"og:image:type\" content=\"image\/jpeg\" \/>\n<meta name=\"author\" content=\"Dpress.ma\" \/>\n<meta name=\"twitter:card\" content=\"summary_large_image\" \/>\n<meta name=\"twitter:label1\" content=\"\u00c9crit par\" \/>\n\t<meta name=\"twitter:data1\" content=\"Dpress.ma\" \/>\n\t<meta name=\"twitter:label2\" content=\"Dur\u00e9e de lecture estim\u00e9e\" \/>\n\t<meta name=\"twitter:data2\" content=\"3 minutes\" \/>\n<script type=\"application\/ld+json\" class=\"yoast-schema-graph\">{\"@context\":\"https:\\\/\\\/schema.org\",\"@graph\":[{\"@type\":\"Article\",\"@id\":\"https:\\\/\\\/dpress.ma\\\/fr\\\/2025\\\/12\\\/17\\\/tetouan-mobilisation-constante-et-mesures-proactives-face-aux-risques-liees-aux-perturbations-meteorologiques\\\/#article\",\"isPartOf\":{\"@id\":\"https:\\\/\\\/dpress.ma\\\/fr\\\/2025\\\/12\\\/17\\\/tetouan-mobilisation-constante-et-mesures-proactives-face-aux-risques-liees-aux-perturbations-meteorologiques\\\/\"},\"author\":{\"name\":\"Dpress.ma\",\"@id\":\"https:\\\/\\\/dpress.ma\\\/fr\\\/#\\\/schema\\\/person\\\/4898febf3ccd59e6578d838656a306a0\"},\"headline\":\"T\u00e9touan: Mobilisation constante et mesures proactives face aux risques li\u00e9es aux perturbations m\u00e9t\u00e9orologiques\",\"datePublished\":\"2025-12-17T16:39:32+00:00\",\"dateModified\":\"2025-12-17T16:39:33+00:00\",\"mainEntityOfPage\":{\"@id\":\"https:\\\/\\\/dpress.ma\\\/fr\\\/2025\\\/12\\\/17\\\/tetouan-mobilisation-constante-et-mesures-proactives-face-aux-risques-liees-aux-perturbations-meteorologiques\\\/\"},\"wordCount\":571,\"commentCount\":0,\"image\":{\"@id\":\"https:\\\/\\\/dpress.ma\\\/fr\\\/2025\\\/12\\\/17\\\/tetouan-mobilisation-constante-et-mesures-proactives-face-aux-risques-liees-aux-perturbations-meteorologiques\\\/#primaryimage\"},\"thumbnailUrl\":\"https:\\\/\\\/dpress.ma\\\/fr\\\/wp-content\\\/uploads\\\/sites\\\/2\\\/2025\\\/12\\\/11-6.jpg\",\"articleSection\":[\"societe et regions\"],\"inLanguage\":\"fr-FR\",\"potentialAction\":[{\"@type\":\"CommentAction\",\"name\":\"Comment\",\"target\":[\"https:\\\/\\\/dpress.ma\\\/fr\\\/2025\\\/12\\\/17\\\/tetouan-mobilisation-constante-et-mesures-proactives-face-aux-risques-liees-aux-perturbations-meteorologiques\\\/#respond\"]}]},{\"@type\":\"WebPage\",\"@id\":\"https:\\\/\\\/dpress.ma\\\/fr\\\/2025\\\/12\\\/17\\\/tetouan-mobilisation-constante-et-mesures-proactives-face-aux-risques-liees-aux-perturbations-meteorologiques\\\/\",\"url\":\"https:\\\/\\\/dpress.ma\\\/fr\\\/2025\\\/12\\\/17\\\/tetouan-mobilisation-constante-et-mesures-proactives-face-aux-risques-liees-aux-perturbations-meteorologiques\\\/\",\"name\":\"T\u00e9touan: Mobilisation constante et mesures proactives face aux risques li\u00e9es aux perturbations m\u00e9t\u00e9orologiques - Dpress.ma\\\/fr\",\"isPartOf\":{\"@id\":\"https:\\\/\\\/dpress.ma\\\/fr\\\/#website\"},\"primaryImageOfPage\":{\"@id\":\"https:\\\/\\\/dpress.ma\\\/fr\\\/2025\\\/12\\\/17\\\/tetouan-mobilisation-constante-et-mesures-proactives-face-aux-risques-liees-aux-perturbations-meteorologiques\\\/#primaryimage\"},\"image\":{\"@id\":\"https:\\\/\\\/dpress.ma\\\/fr\\\/2025\\\/12\\\/17\\\/tetouan-mobilisation-constante-et-mesures-proactives-face-aux-risques-liees-aux-perturbations-meteorologiques\\\/#primaryimage\"},\"thumbnailUrl\":\"https:\\\/\\\/dpress.ma\\\/fr\\\/wp-content\\\/uploads\\\/sites\\\/2\\\/2025\\\/12\\\/11-6.jpg\",\"datePublished\":\"2025-12-17T16:39:32+00:00\",\"dateModified\":\"2025-12-17T16:39:33+00:00\",\"author\":{\"@id\":\"https:\\\/\\\/dpress.ma\\\/fr\\\/#\\\/schema\\\/person\\\/4898febf3ccd59e6578d838656a306a0\"},\"breadcrumb\":{\"@id\":\"https:\\\/\\\/dpress.ma\\\/fr\\\/2025\\\/12\\\/17\\\/tetouan-mobilisation-constante-et-mesures-proactives-face-aux-risques-liees-aux-perturbations-meteorologiques\\\/#breadcrumb\"},\"inLanguage\":\"fr-FR\",\"potentialAction\":[{\"@type\":\"ReadAction\",\"target\":[\"https:\\\/\\\/dpress.ma\\\/fr\\\/2025\\\/12\\\/17\\\/tetouan-mobilisation-constante-et-mesures-proactives-face-aux-risques-liees-aux-perturbations-meteorologiques\\\/\"]}]},{\"@type\":\"ImageObject\",\"inLanguage\":\"fr-FR\",\"@id\":\"https:\\\/\\\/dpress.ma\\\/fr\\\/2025\\\/12\\\/17\\\/tetouan-mobilisation-constante-et-mesures-proactives-face-aux-risques-liees-aux-perturbations-meteorologiques\\\/#primaryimage\",\"url\":\"https:\\\/\\\/dpress.ma\\\/fr\\\/wp-content\\\/uploads\\\/sites\\\/2\\\/2025\\\/12\\\/11-6.jpg\",\"contentUrl\":\"https:\\\/\\\/dpress.ma\\\/fr\\\/wp-content\\\/uploads\\\/sites\\\/2\\\/2025\\\/12\\\/11-6.jpg\",\"width\":2539,\"height\":1594},{\"@type\":\"BreadcrumbList\",\"@id\":\"https:\\\/\\\/dpress.ma\\\/fr\\\/2025\\\/12\\\/17\\\/tetouan-mobilisation-constante-et-mesures-proactives-face-aux-risques-liees-aux-perturbations-meteorologiques\\\/#breadcrumb\",\"itemListElement\":[{\"@type\":\"ListItem\",\"position\":1,\"name\":\"Home\",\"item\":\"https:\\\/\\\/dpress.ma\\\/fr\\\/\"},{\"@type\":\"ListItem\",\"position\":2,\"name\":\"T\u00e9touan: Mobilisation constante et mesures proactives face aux risques li\u00e9es aux perturbations m\u00e9t\u00e9orologiques\"}]},{\"@type\":\"WebSite\",\"@id\":\"https:\\\/\\\/dpress.ma\\\/fr\\\/#website\",\"url\":\"https:\\\/\\\/dpress.ma\\\/fr\\\/\",\"name\":\"Dpress.ma\\\/fr\",\"description\":\"\",\"potentialAction\":[{\"@type\":\"SearchAction\",\"target\":{\"@type\":\"EntryPoint\",\"urlTemplate\":\"https:\\\/\\\/dpress.ma\\\/fr\\\/?s={search_term_string}\"},\"query-input\":{\"@type\":\"PropertyValueSpecification\",\"valueRequired\":true,\"valueName\":\"search_term_string\"}}],\"inLanguage\":\"fr-FR\"},{\"@type\":\"Person\",\"@id\":\"https:\\\/\\\/dpress.ma\\\/fr\\\/#\\\/schema\\\/person\\\/4898febf3ccd59e6578d838656a306a0\",\"name\":\"Dpress.ma\",\"image\":{\"@type\":\"ImageObject\",\"inLanguage\":\"fr-FR\",\"@id\":\"https:\\\/\\\/secure.gravatar.com\\\/avatar\\\/72ecc30e9db047a2e0e7176561eb9d564ed77c8108376495b19bd8336405198a?s=96&d=mm&r=g\",\"url\":\"https:\\\/\\\/secure.gravatar.com\\\/avatar\\\/72ecc30e9db047a2e0e7176561eb9d564ed77c8108376495b19bd8336405198a?s=96&d=mm&r=g\",\"contentUrl\":\"https:\\\/\\\/secure.gravatar.com\\\/avatar\\\/72ecc30e9db047a2e0e7176561eb9d564ed77c8108376495b19bd8336405198a?s=96&d=mm&r=g\",\"caption\":\"Dpress.ma\"},\"sameAs\":[\"https:\\\/\\\/www.dpress.ma\"],\"url\":\"https:\\\/\\\/dpress.ma\\\/fr\\\/author\\\/dpress-ma\\\/\"}]}<\/script>\n<!-- \/ Yoast SEO plugin. -->","yoast_head_json":{"title":"T\u00e9touan: Mobilisation constante et mesures proactives face aux risques li\u00e9es aux perturbations m\u00e9t\u00e9orologiques - Dpress.ma\/fr","robots":{"index":"index","follow":"follow","max-snippet":"max-snippet:-1","max-image-preview":"max-image-preview:large","max-video-preview":"max-video-preview:-1"},"canonical":"https:\/\/dpress.ma\/fr\/2025\/12\/17\/tetouan-mobilisation-constante-et-mesures-proactives-face-aux-risques-liees-aux-perturbations-meteorologiques\/","og_locale":"fr_FR","og_type":"article","og_title":"T\u00e9touan: Mobilisation constante et mesures proactives face aux risques li\u00e9es aux perturbations m\u00e9t\u00e9orologiques - Dpress.ma\/fr","og_description":"Dpress La mobilisation constante et les mesures proactives mise en oeuvre \u00e0 l\u2019\u00e9chelle de la province de T\u00e9touan ont permis&nbsp;de limiter les effets n\u00e9gatifs des perturbations m\u00e9t\u00e9orologiques et d\u2019assurer une gestion efficace des apports en eau r\u00e9sultant des fortes pr\u00e9cipitations enregistr\u00e9es ces derniers jours. La ville de T\u00e9touan a ainsi enregistr\u00e9 un cumul de pr\u00e9cipitations &hellip;","og_url":"https:\/\/dpress.ma\/fr\/2025\/12\/17\/tetouan-mobilisation-constante-et-mesures-proactives-face-aux-risques-liees-aux-perturbations-meteorologiques\/","og_site_name":"Dpress.ma\/fr","article_published_time":"2025-12-17T16:39:32+00:00","article_modified_time":"2025-12-17T16:39:33+00:00","og_image":[{"width":2539,"height":1594,"url":"https:\/\/dpress.ma\/fr\/wp-content\/uploads\/sites\/2\/2025\/12\/11-6.jpg","type":"image\/jpeg"}],"author":"Dpress.ma","twitter_card":"summary_large_image","twitter_misc":{"\u00c9crit par":"Dpress.ma","Dur\u00e9e de lecture estim\u00e9e":"3 minutes"},"schema":{"@context":"https:\/\/schema.org","@graph":[{"@type":"Article","@id":"https:\/\/dpress.ma\/fr\/2025\/12\/17\/tetouan-mobilisation-constante-et-mesures-proactives-face-aux-risques-liees-aux-perturbations-meteorologiques\/#article","isPartOf":{"@id":"https:\/\/dpress.ma\/fr\/2025\/12\/17\/tetouan-mobilisation-constante-et-mesures-proactives-face-aux-risques-liees-aux-perturbations-meteorologiques\/"},"author":{"name":"Dpress.ma","@id":"https:\/\/dpress.ma\/fr\/#\/schema\/person\/4898febf3ccd59e6578d838656a306a0"},"headline":"T\u00e9touan: Mobilisation constante et mesures proactives face aux risques li\u00e9es aux perturbations m\u00e9t\u00e9orologiques","datePublished":"2025-12-17T16:39:32+00:00","dateModified":"2025-12-17T16:39:33+00:00","mainEntityOfPage":{"@id":"https:\/\/dpress.ma\/fr\/2025\/12\/17\/tetouan-mobilisation-constante-et-mesures-proactives-face-aux-risques-liees-aux-perturbations-meteorologiques\/"},"wordCount":571,"commentCount":0,"image":{"@id":"https:\/\/dpress.ma\/fr\/2025\/12\/17\/tetouan-mobilisation-constante-et-mesures-proactives-face-aux-risques-liees-aux-perturbations-meteorologiques\/#primaryimage"},"thumbnailUrl":"https:\/\/dpress.ma\/fr\/wp-content\/uploads\/sites\/2\/2025\/12\/11-6.jpg","articleSection":["societe et regions"],"inLanguage":"fr-FR","potentialAction":[{"@type":"CommentAction","name":"Comment","target":["https:\/\/dpress.ma\/fr\/2025\/12\/17\/tetouan-mobilisation-constante-et-mesures-proactives-face-aux-risques-liees-aux-perturbations-meteorologiques\/#respond"]}]},{"@type":"WebPage","@id":"https:\/\/dpress.ma\/fr\/2025\/12\/17\/tetouan-mobilisation-constante-et-mesures-proactives-face-aux-risques-liees-aux-perturbations-meteorologiques\/","url":"https:\/\/dpress.ma\/fr\/2025\/12\/17\/tetouan-mobilisation-constante-et-mesures-proactives-face-aux-risques-liees-aux-perturbations-meteorologiques\/","name":"T\u00e9touan: Mobilisation constante et mesures proactives face aux risques li\u00e9es aux perturbations m\u00e9t\u00e9orologiques - Dpress.ma\/fr","isPartOf":{"@id":"https:\/\/dpress.ma\/fr\/#website"},"primaryImageOfPage":{"@id":"https:\/\/dpress.ma\/fr\/2025\/12\/17\/tetouan-mobilisation-constante-et-mesures-proactives-face-aux-risques-liees-aux-perturbations-meteorologiques\/#primaryimage"},"image":{"@id":"https:\/\/dpress.ma\/fr\/2025\/12\/17\/tetouan-mobilisation-constante-et-mesures-proactives-face-aux-risques-liees-aux-perturbations-meteorologiques\/#primaryimage"},"thumbnailUrl":"https:\/\/dpress.ma\/fr\/wp-content\/uploads\/sites\/2\/2025\/12\/11-6.jpg","datePublished":"2025-12-17T16:39:32+00:00","dateModified":"2025-12-17T16:39:33+00:00","author":{"@id":"https:\/\/dpress.ma\/fr\/#\/schema\/person\/4898febf3ccd59e6578d838656a306a0"},"breadcrumb":{"@id":"https:\/\/dpress.ma\/fr\/2025\/12\/17\/tetouan-mobilisation-constante-et-mesures-proactives-face-aux-risques-liees-aux-perturbations-meteorologiques\/#breadcrumb"},"inLanguage":"fr-FR","potentialAction":[{"@type":"ReadAction","target":["https:\/\/dpress.ma\/fr\/2025\/12\/17\/tetouan-mobilisation-constante-et-mesures-proactives-face-aux-risques-liees-aux-perturbations-meteorologiques\/"]}]},{"@type":"ImageObject","inLanguage":"fr-FR","@id":"https:\/\/dpress.ma\/fr\/2025\/12\/17\/tetouan-mobilisation-constante-et-mesures-proactives-face-aux-risques-liees-aux-perturbations-meteorologiques\/#primaryimage","url":"https:\/\/dpress.ma\/fr\/wp-content\/uploads\/sites\/2\/2025\/12\/11-6.jpg","contentUrl":"https:\/\/dpress.ma\/fr\/wp-content\/uploads\/sites\/2\/2025\/12\/11-6.jpg","width":2539,"height":1594},{"@type":"BreadcrumbList","@id":"https:\/\/dpress.ma\/fr\/2025\/12\/17\/tetouan-mobilisation-constante-et-mesures-proactives-face-aux-risques-liees-aux-perturbations-meteorologiques\/#breadcrumb","itemListElement":[{"@type":"ListItem","position":1,"name":"Home","item":"https:\/\/dpress.ma\/fr\/"},{"@type":"ListItem","position":2,"name":"T\u00e9touan: Mobilisation constante et mesures proactives face aux risques li\u00e9es aux perturbations m\u00e9t\u00e9orologiques"}]},{"@type":"WebSite","@id":"https:\/\/dpress.ma\/fr\/#website","url":"https:\/\/dpress.ma\/fr\/","name":"Dpress.ma\/fr","description":"","potentialAction":[{"@type":"SearchAction","target":{"@type":"EntryPoint","urlTemplate":"https:\/\/dpress.ma\/fr\/?s={search_term_string}"},"query-input":{"@type":"PropertyValueSpecification","valueRequired":true,"valueName":"search_term_string"}}],"inLanguage":"fr-FR"},{"@type":"Person","@id":"https:\/\/dpress.ma\/fr\/#\/schema\/person\/4898febf3ccd59e6578d838656a306a0","name":"Dpress.ma","image":{"@type":"ImageObject","inLanguage":"fr-FR","@id":"https:\/\/secure.gravatar.com\/avatar\/72ecc30e9db047a2e0e7176561eb9d564ed77c8108376495b19bd8336405198a?s=96&d=mm&r=g","url":"https:\/\/secure.gravatar.com\/avatar\/72ecc30e9db047a2e0e7176561eb9d564ed77c8108376495b19bd8336405198a?s=96&d=mm&r=g","contentUrl":"https:\/\/secure.gravatar.com\/avatar\/72ecc30e9db047a2e0e7176561eb9d564ed77c8108376495b19bd8336405198a?s=96&d=mm&r=g","caption":"Dpress.ma"},"sameAs":["https:\/\/www.dpress.ma"],"url":"https:\/\/dpress.ma\/fr\/author\/dpress-ma\/"}]}},"amp_enabled":true,"_links":{"self":[{"href":"https:\/\/dpress.ma\/fr\/wp-json\/wp\/v2\/posts\/18957","targetHints":{"allow":["GET"]}}],"collection":[{"href":"https:\/\/dpress.ma\/fr\/wp-json\/wp\/v2\/posts"}],"about":[{"href":"https:\/\/dpress.ma\/fr\/wp-json\/wp\/v2\/types\/post"}],"author":[{"embeddable":true,"href":"https:\/\/dpress.ma\/fr\/wp-json\/wp\/v2\/users\/2"}],"replies":[{"embeddable":true,"href":"https:\/\/dpress.ma\/fr\/wp-json\/wp\/v2\/comments?post=18957"}],"version-history":[{"count":1,"href":"https:\/\/dpress.ma\/fr\/wp-json\/wp\/v2\/posts\/18957\/revisions"}],"predecessor-version":[{"id":18959,"href":"https:\/\/dpress.ma\/fr\/wp-json\/wp\/v2\/posts\/18957\/revisions\/18959"}],"wp:featuredmedia":[{"embeddable":true,"href":"https:\/\/dpress.ma\/fr\/wp-json\/wp\/v2\/media\/18958"}],"wp:attachment":[{"href":"https:\/\/dpress.ma\/fr\/wp-json\/wp\/v2\/media?parent=18957"}],"wp:term":[{"taxonomy":"category","embeddable":true,"href":"https:\/\/dpress.ma\/fr\/wp-json\/wp\/v2\/categories?post=18957"},{"taxonomy":"post_tag","embeddable":true,"href":"https:\/\/dpress.ma\/fr\/wp-json\/wp\/v2\/tags?post=18957"}],"curies":[{"name":"wp","href":"https:\/\/api.w.org\/{rel}","templated":true}]}}