{"id":1850,"date":"2022-07-08T10:16:13","date_gmt":"2022-07-08T10:16:13","guid":{"rendered":"https:\/\/dpress.ma\/fr\/?p=1850"},"modified":"2022-07-08T10:16:15","modified_gmt":"2022-07-08T10:16:15","slug":"programme-forsa-les-financements-octroyes-aux-beneficiaires-a-partir-daout-prochain-m-baitas","status":"publish","type":"post","link":"https:\/\/dpress.ma\/fr\/2022\/07\/08\/programme-forsa-les-financements-octroyes-aux-beneficiaires-a-partir-daout-prochain-m-baitas\/","title":{"rendered":"Programme Forsa: Les financements octroy\u00e9s aux b\u00e9n\u00e9ficiaires \u00e0 partir d\u2019ao\u00fbt prochain (M. Baitas)"},"content":{"rendered":"\n<p>Dpress<\/p>\n\n\n\n<p>Le ministre d\u00e9l\u00e9gu\u00e9 charg\u00e9 des Relations avec le parlement, porte-parole du gouvernement, Mustapha Baitas, a indiqu\u00e9, jeudi \u00e0 Rabat, que les financements destin\u00e9s aux b\u00e9n\u00e9ficiaires du programme \u201cForsa\u201d seront octroy\u00e9s \u00e0 partir du mois d\u2019ao\u00fbt prochain.<\/p>\n\n\n\n<p>R\u00e9agissant aux questions des journalistes lors d\u2019un point de presse \u00e0 l\u2019issue de la r\u00e9union hebdomadaire du Conseil de gouvernement, M. Baitas a fait \u00e9tat du traitement d\u2019un total de 160.000 demandes via le centre des relations clients Forsa, notant que les demandes incompl\u00e8tes b\u00e9n\u00e9ficieront d\u2019un accompagnement pour les int\u00e9grer dans le programme, dans les plus brefs d\u00e9lais.<\/p>\n\n\n\n<p>Rappelant que Forsa a parcouru toutes les principales \u00e9tapes, achev\u00e9es par la g\u00e9n\u00e9ralisation des commissions de s\u00e9lection r\u00e9gionales \u00e0 l\u2019ensemble des r\u00e9gions du Maroc, le ministre a affirm\u00e9 que la cr\u00e9ation de ces commissions constitue la derni\u00e8re \u00e9tape avant l\u2019acc\u00e8s effectif \u00e0 ce programme \u00e0 travers la formation.<\/p>\n\n\n\n<p>Le programme Forsa atteindra sa vitesse de croisi\u00e8re fin juillet courant \u00e0 travers la tenue des r\u00e9unions des commissions r\u00e9gionales de s\u00e9lection qui permettront le traitement d\u2019environ 2.000 dossiers par semaine, a fait observer M. Baitas.<\/p>\n\n\n\n<p>En parall\u00e8le avec ces r\u00e9unions, l\u2019\u00e9tape des entretiens individuels qui permet aux porteurs de projets de d\u00e9fendre leurs id\u00e9es devant les experts, sera acc\u00e9l\u00e9r\u00e9e, a-t-il ajout\u00e9, faisant remarquer que \u201cplus de 5.900 entretiens ont eu lieu \u00e0 date d\u2019aujourd\u2019hui\u201d.<\/p>\n\n\n\n<p>Le gouvernement a lanc\u00e9, en mars, le programme \u201cFORSA\u201d, qui s\u2019adresse \u00e0 toutes les personnes \u00e2g\u00e9es de plus de 18 ans porteuses d\u2019id\u00e9es ou de projets d\u2019entrepreneuriat, compte tenu des difficult\u00e9s d\u2019acc\u00e8s des jeunes aux sources de financement et des contraintes que subissent les toutes petites entreprises, et eu \u00e9gard aux effets de la crise du nouveau coronavirus (covid-19) sur l\u2019\u00e9conomie nationale.<\/p>\n\n\n\n<p>Ledit programme, qui vient en r\u00e9ponse aux Hautes Orientations Royales pour la promotion de l\u2019investissement et de l\u2019emploi, particuli\u00e8rement parmi les jeunes, se verra consacrer une enveloppe budg\u00e9taire de 1,25 milliard de dirhams (MMDH) au titre de l\u2019ann\u00e9e 2022 et ciblera l\u2019accompagnement de 10.000 porteurs de projets incluant tous les secteurs de l\u2019\u00e9conomie, tout en assurant les principes d\u2019\u00e9quit\u00e9 r\u00e9gionale et de genre.<\/p>\n\n\n\n<p>Le dispositif de financement pr\u00e9vu au profit des b\u00e9n\u00e9ficiaires consiste en un pr\u00eat d\u2019honneur d\u2019un montant maximal de 100.000 dirhams, dont une subvention pouvant atteindre 10.000 dirhams. Tous les secteurs d\u2019activit\u00e9 sont \u00e9ligibles et la dur\u00e9e maximale du remboursement du pr\u00eat est de 10 ans avec un diff\u00e9r\u00e9 de 2 ans.<\/p>\n","protected":false},"excerpt":{"rendered":"<p>Dpress Le ministre d\u00e9l\u00e9gu\u00e9 charg\u00e9 des Relations avec le parlement, porte-parole du gouvernement, Mustapha Baitas, a indiqu\u00e9, jeudi \u00e0 Rabat, que les financements destin\u00e9s aux b\u00e9n\u00e9ficiaires du programme \u201cForsa\u201d seront octroy\u00e9s \u00e0 partir du mois d\u2019ao\u00fbt prochain. R\u00e9agissant aux questions des journalistes lors d\u2019un point de presse \u00e0 l\u2019issue de la r\u00e9union hebdomadaire du Conseil &hellip;<\/p>\n","protected":false},"author":2,"featured_media":1845,"comment_status":"open","ping_status":"open","sticky":false,"template":"","format":"standard","meta":{"footnotes":""},"categories":[34,26],"tags":[],"class_list":["post-1850","post","type-post","status-publish","format-standard","has-post-thumbnail","hentry","category-diplomatie-parlementaire","category-politiques"],"yoast_head":"<!-- This site is optimized with the Yoast SEO plugin v27.5 - https:\/\/yoast.com\/product\/yoast-seo-wordpress\/ -->\n<title>Programme Forsa: Les financements octroy\u00e9s aux b\u00e9n\u00e9ficiaires \u00e0 partir d\u2019ao\u00fbt prochain (M. Baitas) - Dpress.ma\/fr<\/title>\n<meta name=\"robots\" content=\"index, follow, max-snippet:-1, max-image-preview:large, max-video-preview:-1\" \/>\n<link rel=\"canonical\" href=\"https:\/\/dpress.ma\/fr\/2022\/07\/08\/programme-forsa-les-financements-octroyes-aux-beneficiaires-a-partir-daout-prochain-m-baitas\/\" \/>\n<meta property=\"og:locale\" content=\"fr_FR\" \/>\n<meta property=\"og:type\" content=\"article\" \/>\n<meta property=\"og:title\" content=\"Programme Forsa: Les financements octroy\u00e9s aux b\u00e9n\u00e9ficiaires \u00e0 partir d\u2019ao\u00fbt prochain (M. Baitas) - Dpress.ma\/fr\" \/>\n<meta property=\"og:description\" content=\"Dpress Le ministre d\u00e9l\u00e9gu\u00e9 charg\u00e9 des Relations avec le parlement, porte-parole du gouvernement, Mustapha Baitas, a indiqu\u00e9, jeudi \u00e0 Rabat, que les financements destin\u00e9s aux b\u00e9n\u00e9ficiaires du programme \u201cForsa\u201d seront octroy\u00e9s \u00e0 partir du mois d\u2019ao\u00fbt prochain. R\u00e9agissant aux questions des journalistes lors d\u2019un point de presse \u00e0 l\u2019issue de la r\u00e9union hebdomadaire du Conseil &hellip;\" \/>\n<meta property=\"og:url\" content=\"https:\/\/dpress.ma\/fr\/2022\/07\/08\/programme-forsa-les-financements-octroyes-aux-beneficiaires-a-partir-daout-prochain-m-baitas\/\" \/>\n<meta property=\"og:site_name\" content=\"Dpress.ma\/fr\" \/>\n<meta property=\"article:published_time\" content=\"2022-07-08T10:16:13+00:00\" \/>\n<meta property=\"article:modified_time\" content=\"2022-07-08T10:16:15+00:00\" \/>\n<meta property=\"og:image\" content=\"https:\/\/dpress.ma\/fr\/wp-content\/uploads\/sites\/2\/2022\/07\/HJ.jpg\" \/>\n\t<meta property=\"og:image:width\" content=\"2539\" \/>\n\t<meta property=\"og:image:height\" content=\"1594\" \/>\n\t<meta property=\"og:image:type\" content=\"image\/jpeg\" \/>\n<meta name=\"author\" content=\"Dpress.ma\" \/>\n<meta name=\"twitter:card\" content=\"summary_large_image\" \/>\n<meta name=\"twitter:label1\" content=\"\u00c9crit par\" \/>\n\t<meta name=\"twitter:data1\" content=\"Dpress.ma\" \/>\n\t<meta name=\"twitter:label2\" content=\"Dur\u00e9e de lecture estim\u00e9e\" \/>\n\t<meta name=\"twitter:data2\" content=\"3 minutes\" \/>\n<script type=\"application\/ld+json\" class=\"yoast-schema-graph\">{\"@context\":\"https:\\\/\\\/schema.org\",\"@graph\":[{\"@type\":\"Article\",\"@id\":\"https:\\\/\\\/dpress.ma\\\/fr\\\/2022\\\/07\\\/08\\\/programme-forsa-les-financements-octroyes-aux-beneficiaires-a-partir-daout-prochain-m-baitas\\\/#article\",\"isPartOf\":{\"@id\":\"https:\\\/\\\/dpress.ma\\\/fr\\\/2022\\\/07\\\/08\\\/programme-forsa-les-financements-octroyes-aux-beneficiaires-a-partir-daout-prochain-m-baitas\\\/\"},\"author\":{\"name\":\"Dpress.ma\",\"@id\":\"https:\\\/\\\/dpress.ma\\\/fr\\\/#\\\/schema\\\/person\\\/4898febf3ccd59e6578d838656a306a0\"},\"headline\":\"Programme Forsa: Les financements octroy\u00e9s aux b\u00e9n\u00e9ficiaires \u00e0 partir d\u2019ao\u00fbt prochain (M. Baitas)\",\"datePublished\":\"2022-07-08T10:16:13+00:00\",\"dateModified\":\"2022-07-08T10:16:15+00:00\",\"mainEntityOfPage\":{\"@id\":\"https:\\\/\\\/dpress.ma\\\/fr\\\/2022\\\/07\\\/08\\\/programme-forsa-les-financements-octroyes-aux-beneficiaires-a-partir-daout-prochain-m-baitas\\\/\"},\"wordCount\":466,\"commentCount\":0,\"image\":{\"@id\":\"https:\\\/\\\/dpress.ma\\\/fr\\\/2022\\\/07\\\/08\\\/programme-forsa-les-financements-octroyes-aux-beneficiaires-a-partir-daout-prochain-m-baitas\\\/#primaryimage\"},\"thumbnailUrl\":\"https:\\\/\\\/dpress.ma\\\/fr\\\/wp-content\\\/uploads\\\/sites\\\/2\\\/2022\\\/07\\\/HJ.jpg\",\"articleSection\":[\"Diplomatie Parlementaire\",\"Politiques\"],\"inLanguage\":\"fr-FR\",\"potentialAction\":[{\"@type\":\"CommentAction\",\"name\":\"Comment\",\"target\":[\"https:\\\/\\\/dpress.ma\\\/fr\\\/2022\\\/07\\\/08\\\/programme-forsa-les-financements-octroyes-aux-beneficiaires-a-partir-daout-prochain-m-baitas\\\/#respond\"]}]},{\"@type\":\"WebPage\",\"@id\":\"https:\\\/\\\/dpress.ma\\\/fr\\\/2022\\\/07\\\/08\\\/programme-forsa-les-financements-octroyes-aux-beneficiaires-a-partir-daout-prochain-m-baitas\\\/\",\"url\":\"https:\\\/\\\/dpress.ma\\\/fr\\\/2022\\\/07\\\/08\\\/programme-forsa-les-financements-octroyes-aux-beneficiaires-a-partir-daout-prochain-m-baitas\\\/\",\"name\":\"Programme Forsa: Les financements octroy\u00e9s aux b\u00e9n\u00e9ficiaires \u00e0 partir d\u2019ao\u00fbt prochain (M. Baitas) - Dpress.ma\\\/fr\",\"isPartOf\":{\"@id\":\"https:\\\/\\\/dpress.ma\\\/fr\\\/#website\"},\"primaryImageOfPage\":{\"@id\":\"https:\\\/\\\/dpress.ma\\\/fr\\\/2022\\\/07\\\/08\\\/programme-forsa-les-financements-octroyes-aux-beneficiaires-a-partir-daout-prochain-m-baitas\\\/#primaryimage\"},\"image\":{\"@id\":\"https:\\\/\\\/dpress.ma\\\/fr\\\/2022\\\/07\\\/08\\\/programme-forsa-les-financements-octroyes-aux-beneficiaires-a-partir-daout-prochain-m-baitas\\\/#primaryimage\"},\"thumbnailUrl\":\"https:\\\/\\\/dpress.ma\\\/fr\\\/wp-content\\\/uploads\\\/sites\\\/2\\\/2022\\\/07\\\/HJ.jpg\",\"datePublished\":\"2022-07-08T10:16:13+00:00\",\"dateModified\":\"2022-07-08T10:16:15+00:00\",\"author\":{\"@id\":\"https:\\\/\\\/dpress.ma\\\/fr\\\/#\\\/schema\\\/person\\\/4898febf3ccd59e6578d838656a306a0\"},\"breadcrumb\":{\"@id\":\"https:\\\/\\\/dpress.ma\\\/fr\\\/2022\\\/07\\\/08\\\/programme-forsa-les-financements-octroyes-aux-beneficiaires-a-partir-daout-prochain-m-baitas\\\/#breadcrumb\"},\"inLanguage\":\"fr-FR\",\"potentialAction\":[{\"@type\":\"ReadAction\",\"target\":[\"https:\\\/\\\/dpress.ma\\\/fr\\\/2022\\\/07\\\/08\\\/programme-forsa-les-financements-octroyes-aux-beneficiaires-a-partir-daout-prochain-m-baitas\\\/\"]}]},{\"@type\":\"ImageObject\",\"inLanguage\":\"fr-FR\",\"@id\":\"https:\\\/\\\/dpress.ma\\\/fr\\\/2022\\\/07\\\/08\\\/programme-forsa-les-financements-octroyes-aux-beneficiaires-a-partir-daout-prochain-m-baitas\\\/#primaryimage\",\"url\":\"https:\\\/\\\/dpress.ma\\\/fr\\\/wp-content\\\/uploads\\\/sites\\\/2\\\/2022\\\/07\\\/HJ.jpg\",\"contentUrl\":\"https:\\\/\\\/dpress.ma\\\/fr\\\/wp-content\\\/uploads\\\/sites\\\/2\\\/2022\\\/07\\\/HJ.jpg\",\"width\":2539,\"height\":1594},{\"@type\":\"BreadcrumbList\",\"@id\":\"https:\\\/\\\/dpress.ma\\\/fr\\\/2022\\\/07\\\/08\\\/programme-forsa-les-financements-octroyes-aux-beneficiaires-a-partir-daout-prochain-m-baitas\\\/#breadcrumb\",\"itemListElement\":[{\"@type\":\"ListItem\",\"position\":1,\"name\":\"Home\",\"item\":\"https:\\\/\\\/dpress.ma\\\/fr\\\/\"},{\"@type\":\"ListItem\",\"position\":2,\"name\":\"Programme Forsa: Les financements octroy\u00e9s aux b\u00e9n\u00e9ficiaires \u00e0 partir d\u2019ao\u00fbt prochain (M. Baitas)\"}]},{\"@type\":\"WebSite\",\"@id\":\"https:\\\/\\\/dpress.ma\\\/fr\\\/#website\",\"url\":\"https:\\\/\\\/dpress.ma\\\/fr\\\/\",\"name\":\"Dpress.ma\\\/fr\",\"description\":\"\",\"potentialAction\":[{\"@type\":\"SearchAction\",\"target\":{\"@type\":\"EntryPoint\",\"urlTemplate\":\"https:\\\/\\\/dpress.ma\\\/fr\\\/?s={search_term_string}\"},\"query-input\":{\"@type\":\"PropertyValueSpecification\",\"valueRequired\":true,\"valueName\":\"search_term_string\"}}],\"inLanguage\":\"fr-FR\"},{\"@type\":\"Person\",\"@id\":\"https:\\\/\\\/dpress.ma\\\/fr\\\/#\\\/schema\\\/person\\\/4898febf3ccd59e6578d838656a306a0\",\"name\":\"Dpress.ma\",\"image\":{\"@type\":\"ImageObject\",\"inLanguage\":\"fr-FR\",\"@id\":\"https:\\\/\\\/secure.gravatar.com\\\/avatar\\\/72ecc30e9db047a2e0e7176561eb9d564ed77c8108376495b19bd8336405198a?s=96&d=mm&r=g\",\"url\":\"https:\\\/\\\/secure.gravatar.com\\\/avatar\\\/72ecc30e9db047a2e0e7176561eb9d564ed77c8108376495b19bd8336405198a?s=96&d=mm&r=g\",\"contentUrl\":\"https:\\\/\\\/secure.gravatar.com\\\/avatar\\\/72ecc30e9db047a2e0e7176561eb9d564ed77c8108376495b19bd8336405198a?s=96&d=mm&r=g\",\"caption\":\"Dpress.ma\"},\"sameAs\":[\"https:\\\/\\\/www.dpress.ma\"],\"url\":\"https:\\\/\\\/dpress.ma\\\/fr\\\/author\\\/dpress-ma\\\/\"}]}<\/script>\n<!-- \/ Yoast SEO plugin. -->","yoast_head_json":{"title":"Programme Forsa: Les financements octroy\u00e9s aux b\u00e9n\u00e9ficiaires \u00e0 partir d\u2019ao\u00fbt prochain (M. Baitas) - Dpress.ma\/fr","robots":{"index":"index","follow":"follow","max-snippet":"max-snippet:-1","max-image-preview":"max-image-preview:large","max-video-preview":"max-video-preview:-1"},"canonical":"https:\/\/dpress.ma\/fr\/2022\/07\/08\/programme-forsa-les-financements-octroyes-aux-beneficiaires-a-partir-daout-prochain-m-baitas\/","og_locale":"fr_FR","og_type":"article","og_title":"Programme Forsa: Les financements octroy\u00e9s aux b\u00e9n\u00e9ficiaires \u00e0 partir d\u2019ao\u00fbt prochain (M. Baitas) - Dpress.ma\/fr","og_description":"Dpress Le ministre d\u00e9l\u00e9gu\u00e9 charg\u00e9 des Relations avec le parlement, porte-parole du gouvernement, Mustapha Baitas, a indiqu\u00e9, jeudi \u00e0 Rabat, que les financements destin\u00e9s aux b\u00e9n\u00e9ficiaires du programme \u201cForsa\u201d seront octroy\u00e9s \u00e0 partir du mois d\u2019ao\u00fbt prochain. R\u00e9agissant aux questions des journalistes lors d\u2019un point de presse \u00e0 l\u2019issue de la r\u00e9union hebdomadaire du Conseil &hellip;","og_url":"https:\/\/dpress.ma\/fr\/2022\/07\/08\/programme-forsa-les-financements-octroyes-aux-beneficiaires-a-partir-daout-prochain-m-baitas\/","og_site_name":"Dpress.ma\/fr","article_published_time":"2022-07-08T10:16:13+00:00","article_modified_time":"2022-07-08T10:16:15+00:00","og_image":[{"width":2539,"height":1594,"url":"https:\/\/dpress.ma\/fr\/wp-content\/uploads\/sites\/2\/2022\/07\/HJ.jpg","type":"image\/jpeg"}],"author":"Dpress.ma","twitter_card":"summary_large_image","twitter_misc":{"\u00c9crit par":"Dpress.ma","Dur\u00e9e de lecture estim\u00e9e":"3 minutes"},"schema":{"@context":"https:\/\/schema.org","@graph":[{"@type":"Article","@id":"https:\/\/dpress.ma\/fr\/2022\/07\/08\/programme-forsa-les-financements-octroyes-aux-beneficiaires-a-partir-daout-prochain-m-baitas\/#article","isPartOf":{"@id":"https:\/\/dpress.ma\/fr\/2022\/07\/08\/programme-forsa-les-financements-octroyes-aux-beneficiaires-a-partir-daout-prochain-m-baitas\/"},"author":{"name":"Dpress.ma","@id":"https:\/\/dpress.ma\/fr\/#\/schema\/person\/4898febf3ccd59e6578d838656a306a0"},"headline":"Programme Forsa: Les financements octroy\u00e9s aux b\u00e9n\u00e9ficiaires \u00e0 partir d\u2019ao\u00fbt prochain (M. Baitas)","datePublished":"2022-07-08T10:16:13+00:00","dateModified":"2022-07-08T10:16:15+00:00","mainEntityOfPage":{"@id":"https:\/\/dpress.ma\/fr\/2022\/07\/08\/programme-forsa-les-financements-octroyes-aux-beneficiaires-a-partir-daout-prochain-m-baitas\/"},"wordCount":466,"commentCount":0,"image":{"@id":"https:\/\/dpress.ma\/fr\/2022\/07\/08\/programme-forsa-les-financements-octroyes-aux-beneficiaires-a-partir-daout-prochain-m-baitas\/#primaryimage"},"thumbnailUrl":"https:\/\/dpress.ma\/fr\/wp-content\/uploads\/sites\/2\/2022\/07\/HJ.jpg","articleSection":["Diplomatie Parlementaire","Politiques"],"inLanguage":"fr-FR","potentialAction":[{"@type":"CommentAction","name":"Comment","target":["https:\/\/dpress.ma\/fr\/2022\/07\/08\/programme-forsa-les-financements-octroyes-aux-beneficiaires-a-partir-daout-prochain-m-baitas\/#respond"]}]},{"@type":"WebPage","@id":"https:\/\/dpress.ma\/fr\/2022\/07\/08\/programme-forsa-les-financements-octroyes-aux-beneficiaires-a-partir-daout-prochain-m-baitas\/","url":"https:\/\/dpress.ma\/fr\/2022\/07\/08\/programme-forsa-les-financements-octroyes-aux-beneficiaires-a-partir-daout-prochain-m-baitas\/","name":"Programme Forsa: Les financements octroy\u00e9s aux b\u00e9n\u00e9ficiaires \u00e0 partir d\u2019ao\u00fbt prochain (M. Baitas) - Dpress.ma\/fr","isPartOf":{"@id":"https:\/\/dpress.ma\/fr\/#website"},"primaryImageOfPage":{"@id":"https:\/\/dpress.ma\/fr\/2022\/07\/08\/programme-forsa-les-financements-octroyes-aux-beneficiaires-a-partir-daout-prochain-m-baitas\/#primaryimage"},"image":{"@id":"https:\/\/dpress.ma\/fr\/2022\/07\/08\/programme-forsa-les-financements-octroyes-aux-beneficiaires-a-partir-daout-prochain-m-baitas\/#primaryimage"},"thumbnailUrl":"https:\/\/dpress.ma\/fr\/wp-content\/uploads\/sites\/2\/2022\/07\/HJ.jpg","datePublished":"2022-07-08T10:16:13+00:00","dateModified":"2022-07-08T10:16:15+00:00","author":{"@id":"https:\/\/dpress.ma\/fr\/#\/schema\/person\/4898febf3ccd59e6578d838656a306a0"},"breadcrumb":{"@id":"https:\/\/dpress.ma\/fr\/2022\/07\/08\/programme-forsa-les-financements-octroyes-aux-beneficiaires-a-partir-daout-prochain-m-baitas\/#breadcrumb"},"inLanguage":"fr-FR","potentialAction":[{"@type":"ReadAction","target":["https:\/\/dpress.ma\/fr\/2022\/07\/08\/programme-forsa-les-financements-octroyes-aux-beneficiaires-a-partir-daout-prochain-m-baitas\/"]}]},{"@type":"ImageObject","inLanguage":"fr-FR","@id":"https:\/\/dpress.ma\/fr\/2022\/07\/08\/programme-forsa-les-financements-octroyes-aux-beneficiaires-a-partir-daout-prochain-m-baitas\/#primaryimage","url":"https:\/\/dpress.ma\/fr\/wp-content\/uploads\/sites\/2\/2022\/07\/HJ.jpg","contentUrl":"https:\/\/dpress.ma\/fr\/wp-content\/uploads\/sites\/2\/2022\/07\/HJ.jpg","width":2539,"height":1594},{"@type":"BreadcrumbList","@id":"https:\/\/dpress.ma\/fr\/2022\/07\/08\/programme-forsa-les-financements-octroyes-aux-beneficiaires-a-partir-daout-prochain-m-baitas\/#breadcrumb","itemListElement":[{"@type":"ListItem","position":1,"name":"Home","item":"https:\/\/dpress.ma\/fr\/"},{"@type":"ListItem","position":2,"name":"Programme Forsa: Les financements octroy\u00e9s aux b\u00e9n\u00e9ficiaires \u00e0 partir d\u2019ao\u00fbt prochain (M. Baitas)"}]},{"@type":"WebSite","@id":"https:\/\/dpress.ma\/fr\/#website","url":"https:\/\/dpress.ma\/fr\/","name":"Dpress.ma\/fr","description":"","potentialAction":[{"@type":"SearchAction","target":{"@type":"EntryPoint","urlTemplate":"https:\/\/dpress.ma\/fr\/?s={search_term_string}"},"query-input":{"@type":"PropertyValueSpecification","valueRequired":true,"valueName":"search_term_string"}}],"inLanguage":"fr-FR"},{"@type":"Person","@id":"https:\/\/dpress.ma\/fr\/#\/schema\/person\/4898febf3ccd59e6578d838656a306a0","name":"Dpress.ma","image":{"@type":"ImageObject","inLanguage":"fr-FR","@id":"https:\/\/secure.gravatar.com\/avatar\/72ecc30e9db047a2e0e7176561eb9d564ed77c8108376495b19bd8336405198a?s=96&d=mm&r=g","url":"https:\/\/secure.gravatar.com\/avatar\/72ecc30e9db047a2e0e7176561eb9d564ed77c8108376495b19bd8336405198a?s=96&d=mm&r=g","contentUrl":"https:\/\/secure.gravatar.com\/avatar\/72ecc30e9db047a2e0e7176561eb9d564ed77c8108376495b19bd8336405198a?s=96&d=mm&r=g","caption":"Dpress.ma"},"sameAs":["https:\/\/www.dpress.ma"],"url":"https:\/\/dpress.ma\/fr\/author\/dpress-ma\/"}]}},"amp_enabled":true,"_links":{"self":[{"href":"https:\/\/dpress.ma\/fr\/wp-json\/wp\/v2\/posts\/1850","targetHints":{"allow":["GET"]}}],"collection":[{"href":"https:\/\/dpress.ma\/fr\/wp-json\/wp\/v2\/posts"}],"about":[{"href":"https:\/\/dpress.ma\/fr\/wp-json\/wp\/v2\/types\/post"}],"author":[{"embeddable":true,"href":"https:\/\/dpress.ma\/fr\/wp-json\/wp\/v2\/users\/2"}],"replies":[{"embeddable":true,"href":"https:\/\/dpress.ma\/fr\/wp-json\/wp\/v2\/comments?post=1850"}],"version-history":[{"count":1,"href":"https:\/\/dpress.ma\/fr\/wp-json\/wp\/v2\/posts\/1850\/revisions"}],"predecessor-version":[{"id":1851,"href":"https:\/\/dpress.ma\/fr\/wp-json\/wp\/v2\/posts\/1850\/revisions\/1851"}],"wp:featuredmedia":[{"embeddable":true,"href":"https:\/\/dpress.ma\/fr\/wp-json\/wp\/v2\/media\/1845"}],"wp:attachment":[{"href":"https:\/\/dpress.ma\/fr\/wp-json\/wp\/v2\/media?parent=1850"}],"wp:term":[{"taxonomy":"category","embeddable":true,"href":"https:\/\/dpress.ma\/fr\/wp-json\/wp\/v2\/categories?post=1850"},{"taxonomy":"post_tag","embeddable":true,"href":"https:\/\/dpress.ma\/fr\/wp-json\/wp\/v2\/tags?post=1850"}],"curies":[{"name":"wp","href":"https:\/\/api.w.org\/{rel}","templated":true}]}}